{"id":67800,"date":"2024-09-04T08:52:26","date_gmt":"2024-09-04T06:52:26","guid":{"rendered":"https:\/\/vosgesinfo.fr\/saintdieinfo\/?p=67800"},"modified":"2024-09-04T08:52:26","modified_gmt":"2024-09-04T06:52:26","slug":"les-rouges-eaux-conference-le-spitzemberg-un-chateau-fort-oublie-par-lassociation-berian","status":"publish","type":"post","link":"https:\/\/vosgesinfo.fr\/saintdieinfo\/2024\/09\/les-rouges-eaux-conference-le-spitzemberg-un-chateau-fort-oublie-par-lassociation-berian\/","title":{"rendered":"Les Rouges-Eaux \u2013 Conf\u00e9rence \u00ab\u00a0Le Spitzemberg, un ch\u00e2teau fort oubli\u00e9\u00a0\u00bb par l\u2019association BERIAN"},"content":{"rendered":"<p><a href=\"https:\/\/vosgesinfo.fr\/app\/uploads\/sites\/4\/2024\/09\/rouges-eaux-conference-berian-chateau-spitzemberg-2.jpg\"><img decoding=\"async\" class=\"alignnone size-large wp-image-67801\" src=\"https:\/\/vosgesinfo.fr\/app\/uploads\/sites\/4\/2024\/09\/rouges-eaux-conference-berian-chateau-spitzemberg-2-1024x727.jpg\" alt=\"\" width=\"1024\" height=\"727\" srcset=\"https:\/\/vosgesinfo.fr\/app\/uploads\/sites\/4\/2024\/09\/rouges-eaux-conference-berian-chateau-spitzemberg-2-1024x727.jpg 1024w, https:\/\/vosgesinfo.fr\/app\/uploads\/sites\/4\/2024\/09\/rouges-eaux-conference-berian-chateau-spitzemberg-2-300x213.jpg 300w, https:\/\/vosgesinfo.fr\/app\/uploads\/sites\/4\/2024\/09\/rouges-eaux-conference-berian-chateau-spitzemberg-2-768x545.jpg 768w, https:\/\/vosgesinfo.fr\/app\/uploads\/sites\/4\/2024\/09\/rouges-eaux-conference-berian-chateau-spitzemberg-2-1536x1090.jpg 1536w, https:\/\/vosgesinfo.fr\/app\/uploads\/sites\/4\/2024\/09\/rouges-eaux-conference-berian-chateau-spitzemberg-2.jpg 1912w\" sizes=\"(max-width: 1024px) 100vw, 1024px\" \/><\/a><\/p>\n<h2>Ce vendredi 6 septembre \u00e0 partir de 20h45, l\u2019association naturaliste et historienne BERIAN poursuit son cycle de conf\u00e9rences \u00ab Des sites et des peuples \u00bb, avec une conf\u00e9rence sur le Spitzemberg, \u00ab\u00a0un ch\u00e2teau fort oubli\u00e9\u00a0\u00bb.<\/h2>\n<p><!--more--><\/p>\n<p>\u00ab Ancien ch\u00e2teau f\u00e9odal des ducs de Lorraine, le Spitzemberg dressait autrefois ses tours au-dessus de la vall\u00e9e de la Fave. Ses timides ruines ont souffert du temps mais surtout de la Grande Guerre, elles vous raconteront leur histoire lors d\u2019une conf\u00e9rence diaporama \u00bb souligne Jean-Micha\u00ebl Choserot, qui animera la conf\u00e9rence.<\/p>\n<p>Comme les pr\u00e9c\u00e9dentes conf\u00e9rences d l\u2019association BERIAN, cette soir\u00e9e se d\u00e9roulera \u00e0 l\u2019Auberge de la Cholotte, situ\u00e9e \u00e0 La Cense de Saint-Di\u00e9 aux Rouges-Eaux. L\u2019entr\u00e9e est \u00e0 5 \u20ac par personne, sachant qu\u2019il sera possible de d\u00e9guster, \u00e0 partir de 12 \u20ac, les produits locaux de l\u2019auberge \u00ab La bonne cuisine de nos Grand\u2019m\u00e8res \u00bb.<\/p>\n<p>Les r\u00e9servations pour la soir\u00e9e se font aupr\u00e8s de l\u2019auberge de la Cholotte au 03-29-50-56-93 ou 06-76-77-24-13. Pour suivre l\u2019actualit\u00e9 de l\u2019association BERIAN, rendez-vous sur <a href=\"https:\/\/berian.jimdosite.com\/\" target=\"_blank\" rel=\"noopener\">https:\/\/berian.jimdosite.com\/<\/a>.<\/p>\n","protected":false},"excerpt":{"rendered":"<p>Ce vendredi 6 septembre \u00e0 partir de 20h45, l\u2019association naturaliste et historienne BERIAN poursuit son cycle de conf\u00e9rences \u00ab Des [&hellip;]<\/p>\n","protected":false},"author":46,"featured_media":67801,"comment_status":"open","ping_status":"open","sticky":false,"template":"","format":"standard","meta":{"footnotes":""},"categories":[3900,7847,3903,17],"tags":[3009,3010,14204,2872,14689,14688],"class_list":["post-67800","post","type-post","status-publish","format-standard","has-post-thumbnail","hentry","category-breves","category-art-culture","category-deodatie","category-vie-associative","tag-auberge-de-la-cholotte","tag-berian","tag-chateau-du-spitzemberg","tag-conference","tag-les-rouges-eauxx","tag-spitzemberg"],"acf":[],"yoast_head":"<!-- This site is optimized with the Yoast SEO plugin v22.5 - https:\/\/yoast.com\/wordpress\/plugins\/seo\/ -->\n<title>Les Rouges-Eaux \u2013 Conf\u00e9rence \u00ab\u00a0Le Spitzemberg, un ch\u00e2teau fort oubli\u00e9\u00a0\u00bb par l\u2019association BERIAN - Saint Die Info<\/title>\n<meta name=\"robots\" content=\"index, follow, max-snippet:-1, max-image-preview:large, max-video-preview:-1\" \/>\n<link rel=\"canonical\" href=\"https:\/\/vosgesinfo.fr\/saintdieinfo\/?p=67800\" \/>\n<meta name=\"twitter:card\" content=\"summary_large_image\" \/>\n<meta name=\"twitter:title\" content=\"Les Rouges-Eaux \u2013 Conf\u00e9rence \u00ab\u00a0Le Spitzemberg, un ch\u00e2teau fort oubli\u00e9\u00a0\u00bb par l\u2019association BERIAN - Saint Die Info\" \/>\n<meta name=\"twitter:description\" content=\"Ce vendredi 6 septembre \u00e0 partir de 20h45, l\u2019association naturaliste et historienne BERIAN poursuit son cycle de conf\u00e9rences \u00ab Des [&hellip;]\" \/>\n<meta name=\"twitter:image\" content=\"https:\/\/vosgesinfo.fr\/app\/uploads\/sites\/4\/2024\/09\/rouges-eaux-conference-berian-chateau-spitzemberg-2.jpg\" \/>\n<meta name=\"twitter:creator\" content=\"@VosgesInfo88\" \/>\n<meta name=\"twitter:site\" content=\"@VosgesInfo88\" \/>\n<meta name=\"twitter:label1\" content=\"\u00c9crit par\" \/>\n\t<meta name=\"twitter:data1\" content=\"J.J.\" \/>\n\t<meta name=\"twitter:label2\" content=\"Dur\u00e9e de lecture estim\u00e9e\" \/>\n\t<meta name=\"twitter:data2\" content=\"2 minutes\" \/>\n<script type=\"application\/ld+json\" class=\"yoast-schema-graph\">{\"@context\":\"https:\/\/schema.org\",\"@graph\":[{\"@type\":\"Article\",\"@id\":\"https:\/\/vosgesinfo.fr\/saintdieinfo\/?p=67800#article\",\"isPartOf\":{\"@id\":\"https:\/\/vosgesinfo.fr\/saintdieinfo\/?p=67800\"},\"author\":{\"name\":\"J.J.\",\"@id\":\"https:\/\/vosgesinfo.fr\/saintdieinfo\/#\/schema\/person\/fa73e9f726d67bb88f46d5b7943cb572\"},\"headline\":\"Les Rouges-Eaux \u2013 Conf\u00e9rence \u00ab\u00a0Le Spitzemberg, un ch\u00e2teau fort oubli\u00e9\u00a0\u00bb par l\u2019association BERIAN\",\"datePublished\":\"2024-09-04T06:52:26+00:00\",\"dateModified\":\"2024-09-04T06:52:26+00:00\",\"mainEntityOfPage\":{\"@id\":\"https:\/\/vosgesinfo.fr\/saintdieinfo\/?p=67800\"},\"wordCount\":207,\"commentCount\":0,\"publisher\":{\"@id\":\"https:\/\/vosgesinfo.fr\/saintdieinfo\/#organization\"},\"image\":{\"@id\":\"https:\/\/vosgesinfo.fr\/saintdieinfo\/?p=67800#primaryimage\"},\"thumbnailUrl\":\"https:\/\/vosgesinfo.fr\/app\/uploads\/sites\/4\/2024\/09\/rouges-eaux-conference-berian-chateau-spitzemberg-2.jpg\",\"keywords\":[\"Auberge de la Cholotte\",\"BERIAN\",\"Ch\u00e2teau du Spitzemberg\",\"conf\u00e9rence\",\"Les Rouges-Eauxx\",\"Spitzemberg\"],\"articleSection\":[\"Br\u00e8ves\",\"Culture\",\"D\u00e9odatie\",\"Vie Associative\"],\"inLanguage\":\"fr-FR\",\"potentialAction\":[{\"@type\":\"CommentAction\",\"name\":\"Comment\",\"target\":[\"https:\/\/vosgesinfo.fr\/saintdieinfo\/?p=67800#respond\"]}]},{\"@type\":\"WebPage\",\"@id\":\"https:\/\/vosgesinfo.fr\/saintdieinfo\/?p=67800\",\"url\":\"https:\/\/vosgesinfo.fr\/saintdieinfo\/?p=67800\",\"name\":\"Les Rouges-Eaux \u2013 Conf\u00e9rence \u00ab\u00a0Le Spitzemberg, un ch\u00e2teau fort oubli\u00e9\u00a0\u00bb par l\u2019association BERIAN - Saint Die Info\",\"isPartOf\":{\"@id\":\"https:\/\/vosgesinfo.fr\/saintdieinfo\/#website\"},\"primaryImageOfPage\":{\"@id\":\"https:\/\/vosgesinfo.fr\/saintdieinfo\/?p=67800#primaryimage\"},\"image\":{\"@id\":\"https:\/\/vosgesinfo.fr\/saintdieinfo\/?p=67800#primaryimage\"},\"thumbnailUrl\":\"https:\/\/vosgesinfo.fr\/app\/uploads\/sites\/4\/2024\/09\/rouges-eaux-conference-berian-chateau-spitzemberg-2.jpg\",\"datePublished\":\"2024-09-04T06:52:26+00:00\",\"dateModified\":\"2024-09-04T06:52:26+00:00\",\"breadcrumb\":{\"@id\":\"https:\/\/vosgesinfo.fr\/saintdieinfo\/?p=67800#breadcrumb\"},\"inLanguage\":\"fr-FR\",\"potentialAction\":[{\"@type\":\"ReadAction\",\"target\":[\"https:\/\/vosgesinfo.fr\/saintdieinfo\/?p=67800\"]}]},{\"@type\":\"ImageObject\",\"inLanguage\":\"fr-FR\",\"@id\":\"https:\/\/vosgesinfo.fr\/saintdieinfo\/?p=67800#primaryimage\",\"url\":\"https:\/\/vosgesinfo.fr\/app\/uploads\/sites\/4\/2024\/09\/rouges-eaux-conference-berian-chateau-spitzemberg-2.jpg\",\"contentUrl\":\"https:\/\/vosgesinfo.fr\/app\/uploads\/sites\/4\/2024\/09\/rouges-eaux-conference-berian-chateau-spitzemberg-2.jpg\",\"width\":1912,\"height\":1357},{\"@type\":\"BreadcrumbList\",\"@id\":\"https:\/\/vosgesinfo.fr\/saintdieinfo\/?p=67800#breadcrumb\",\"itemListElement\":[{\"@type\":\"ListItem\",\"position\":1,\"name\":\"Home\",\"item\":\"https:\/\/vosgesinfo.fr\/saintdieinfo\/\"},{\"@type\":\"ListItem\",\"position\":2,\"name\":\"Les Rouges-Eaux \u2013 Conf\u00e9rence \u00ab\u00a0Le Spitzemberg, un ch\u00e2teau fort oubli\u00e9\u00a0\u00bb par l\u2019association BERIAN\"}]},{\"@type\":\"WebSite\",\"@id\":\"https:\/\/vosgesinfo.fr\/saintdieinfo\/#website\",\"url\":\"https:\/\/vosgesinfo.fr\/saintdieinfo\/\",\"name\":\"Saint Die Info\",\"description\":\"Toute l&#039;actualit\u00e9 de Saint-Di\u00e9-Des-Vosges\",\"publisher\":{\"@id\":\"https:\/\/vosgesinfo.fr\/saintdieinfo\/#organization\"},\"alternateName\":\"Toute l'actualit\u00e9 de Saint-Di\u00e9-Des-Vosges\",\"potentialAction\":[{\"@type\":\"SearchAction\",\"target\":{\"@type\":\"EntryPoint\",\"urlTemplate\":\"https:\/\/vosgesinfo.fr\/saintdieinfo\/?s={search_term_string}\"},\"query-input\":\"required name=search_term_string\"}],\"inLanguage\":\"fr-FR\"},{\"@type\":\"Organization\",\"@id\":\"https:\/\/vosgesinfo.fr\/saintdieinfo\/#organization\",\"name\":\"Saint Die Info\",\"url\":\"https:\/\/vosgesinfo.fr\/saintdieinfo\/\",\"logo\":{\"@type\":\"ImageObject\",\"inLanguage\":\"fr-FR\",\"@id\":\"https:\/\/vosgesinfo.fr\/saintdieinfo\/#\/schema\/logo\/image\/\",\"url\":\"https:\/\/vosgesinfo.fr\/app\/uploads\/sites\/4\/2024\/02\/logo-sdi.jpg\",\"contentUrl\":\"https:\/\/vosgesinfo.fr\/app\/uploads\/sites\/4\/2024\/02\/logo-sdi.jpg\",\"width\":600,\"height\":600,\"caption\":\"Saint Die Info\"},\"image\":{\"@id\":\"https:\/\/vosgesinfo.fr\/saintdieinfo\/#\/schema\/logo\/image\/\"},\"sameAs\":[\"https:\/\/www.facebook.com\/Saintdieinfofr\",\"https:\/\/x.com\/VosgesInfo88\",\"https:\/\/www.youtube.com\/@vosgesinfo\"]},{\"@type\":\"Person\",\"@id\":\"https:\/\/vosgesinfo.fr\/saintdieinfo\/#\/schema\/person\/fa73e9f726d67bb88f46d5b7943cb572\",\"name\":\"J.J.\",\"image\":{\"@type\":\"ImageObject\",\"inLanguage\":\"fr-FR\",\"@id\":\"https:\/\/vosgesinfo.fr\/saintdieinfo\/#\/schema\/person\/image\/\",\"url\":\"https:\/\/secure.gravatar.com\/avatar\/219e749e47ffbcca018a360ae4add7d4cdf1cdaaf8bc7676b27efade3fe65615?s=96&d=mm&r=g\",\"contentUrl\":\"https:\/\/secure.gravatar.com\/avatar\/219e749e47ffbcca018a360ae4add7d4cdf1cdaaf8bc7676b27efade3fe65615?s=96&d=mm&r=g\",\"caption\":\"J.J.\"},\"url\":\"https:\/\/vosgesinfo.fr\/saintdieinfo\/author\/j-j\/\"}]}<\/script>\n<!-- \/ Yoast SEO plugin. -->","yoast_head_json":{"title":"Les Rouges-Eaux \u2013 Conf\u00e9rence \u00ab\u00a0Le Spitzemberg, un ch\u00e2teau fort oubli\u00e9\u00a0\u00bb par l\u2019association BERIAN - Saint Die Info","robots":{"index":"index","follow":"follow","max-snippet":"max-snippet:-1","max-image-preview":"max-image-preview:large","max-video-preview":"max-video-preview:-1"},"canonical":"https:\/\/vosgesinfo.fr\/saintdieinfo\/?p=67800","twitter_card":"summary_large_image","twitter_title":"Les Rouges-Eaux \u2013 Conf\u00e9rence \u00ab\u00a0Le Spitzemberg, un ch\u00e2teau fort oubli\u00e9\u00a0\u00bb par l\u2019association BERIAN - Saint Die Info","twitter_description":"Ce vendredi 6 septembre \u00e0 partir de 20h45, l\u2019association naturaliste et historienne BERIAN poursuit son cycle de conf\u00e9rences \u00ab Des [&hellip;]","twitter_image":"https:\/\/vosgesinfo.fr\/app\/uploads\/sites\/4\/2024\/09\/rouges-eaux-conference-berian-chateau-spitzemberg-2.jpg","twitter_creator":"@VosgesInfo88","twitter_site":"@VosgesInfo88","twitter_misc":{"\u00c9crit par":"J.J.","Dur\u00e9e de lecture estim\u00e9e":"2 minutes"},"schema":{"@context":"https:\/\/schema.org","@graph":[{"@type":"Article","@id":"https:\/\/vosgesinfo.fr\/saintdieinfo\/?p=67800#article","isPartOf":{"@id":"https:\/\/vosgesinfo.fr\/saintdieinfo\/?p=67800"},"author":{"name":"J.J.","@id":"https:\/\/vosgesinfo.fr\/saintdieinfo\/#\/schema\/person\/fa73e9f726d67bb88f46d5b7943cb572"},"headline":"Les Rouges-Eaux \u2013 Conf\u00e9rence \u00ab\u00a0Le Spitzemberg, un ch\u00e2teau fort oubli\u00e9\u00a0\u00bb par l\u2019association BERIAN","datePublished":"2024-09-04T06:52:26+00:00","dateModified":"2024-09-04T06:52:26+00:00","mainEntityOfPage":{"@id":"https:\/\/vosgesinfo.fr\/saintdieinfo\/?p=67800"},"wordCount":207,"commentCount":0,"publisher":{"@id":"https:\/\/vosgesinfo.fr\/saintdieinfo\/#organization"},"image":{"@id":"https:\/\/vosgesinfo.fr\/saintdieinfo\/?p=67800#primaryimage"},"thumbnailUrl":"https:\/\/vosgesinfo.fr\/app\/uploads\/sites\/4\/2024\/09\/rouges-eaux-conference-berian-chateau-spitzemberg-2.jpg","keywords":["Auberge de la Cholotte","BERIAN","Ch\u00e2teau du Spitzemberg","conf\u00e9rence","Les Rouges-Eauxx","Spitzemberg"],"articleSection":["Br\u00e8ves","Culture","D\u00e9odatie","Vie Associative"],"inLanguage":"fr-FR","potentialAction":[{"@type":"CommentAction","name":"Comment","target":["https:\/\/vosgesinfo.fr\/saintdieinfo\/?p=67800#respond"]}]},{"@type":"WebPage","@id":"https:\/\/vosgesinfo.fr\/saintdieinfo\/?p=67800","url":"https:\/\/vosgesinfo.fr\/saintdieinfo\/?p=67800","name":"Les Rouges-Eaux \u2013 Conf\u00e9rence \u00ab\u00a0Le Spitzemberg, un ch\u00e2teau fort oubli\u00e9\u00a0\u00bb par l\u2019association BERIAN - Saint Die Info","isPartOf":{"@id":"https:\/\/vosgesinfo.fr\/saintdieinfo\/#website"},"primaryImageOfPage":{"@id":"https:\/\/vosgesinfo.fr\/saintdieinfo\/?p=67800#primaryimage"},"image":{"@id":"https:\/\/vosgesinfo.fr\/saintdieinfo\/?p=67800#primaryimage"},"thumbnailUrl":"https:\/\/vosgesinfo.fr\/app\/uploads\/sites\/4\/2024\/09\/rouges-eaux-conference-berian-chateau-spitzemberg-2.jpg","datePublished":"2024-09-04T06:52:26+00:00","dateModified":"2024-09-04T06:52:26+00:00","breadcrumb":{"@id":"https:\/\/vosgesinfo.fr\/saintdieinfo\/?p=67800#breadcrumb"},"inLanguage":"fr-FR","potentialAction":[{"@type":"ReadAction","target":["https:\/\/vosgesinfo.fr\/saintdieinfo\/?p=67800"]}]},{"@type":"ImageObject","inLanguage":"fr-FR","@id":"https:\/\/vosgesinfo.fr\/saintdieinfo\/?p=67800#primaryimage","url":"https:\/\/vosgesinfo.fr\/app\/uploads\/sites\/4\/2024\/09\/rouges-eaux-conference-berian-chateau-spitzemberg-2.jpg","contentUrl":"https:\/\/vosgesinfo.fr\/app\/uploads\/sites\/4\/2024\/09\/rouges-eaux-conference-berian-chateau-spitzemberg-2.jpg","width":1912,"height":1357},{"@type":"BreadcrumbList","@id":"https:\/\/vosgesinfo.fr\/saintdieinfo\/?p=67800#breadcrumb","itemListElement":[{"@type":"ListItem","position":1,"name":"Home","item":"https:\/\/vosgesinfo.fr\/saintdieinfo\/"},{"@type":"ListItem","position":2,"name":"Les Rouges-Eaux \u2013 Conf\u00e9rence \u00ab\u00a0Le Spitzemberg, un ch\u00e2teau fort oubli\u00e9\u00a0\u00bb par l\u2019association BERIAN"}]},{"@type":"WebSite","@id":"https:\/\/vosgesinfo.fr\/saintdieinfo\/#website","url":"https:\/\/vosgesinfo.fr\/saintdieinfo\/","name":"Saint Die Info","description":"Toute l&#039;actualit\u00e9 de Saint-Di\u00e9-Des-Vosges","publisher":{"@id":"https:\/\/vosgesinfo.fr\/saintdieinfo\/#organization"},"alternateName":"Toute l'actualit\u00e9 de Saint-Di\u00e9-Des-Vosges","potentialAction":[{"@type":"SearchAction","target":{"@type":"EntryPoint","urlTemplate":"https:\/\/vosgesinfo.fr\/saintdieinfo\/?s={search_term_string}"},"query-input":"required name=search_term_string"}],"inLanguage":"fr-FR"},{"@type":"Organization","@id":"https:\/\/vosgesinfo.fr\/saintdieinfo\/#organization","name":"Saint Die Info","url":"https:\/\/vosgesinfo.fr\/saintdieinfo\/","logo":{"@type":"ImageObject","inLanguage":"fr-FR","@id":"https:\/\/vosgesinfo.fr\/saintdieinfo\/#\/schema\/logo\/image\/","url":"https:\/\/vosgesinfo.fr\/app\/uploads\/sites\/4\/2024\/02\/logo-sdi.jpg","contentUrl":"https:\/\/vosgesinfo.fr\/app\/uploads\/sites\/4\/2024\/02\/logo-sdi.jpg","width":600,"height":600,"caption":"Saint Die Info"},"image":{"@id":"https:\/\/vosgesinfo.fr\/saintdieinfo\/#\/schema\/logo\/image\/"},"sameAs":["https:\/\/www.facebook.com\/Saintdieinfofr","https:\/\/x.com\/VosgesInfo88","https:\/\/www.youtube.com\/@vosgesinfo"]},{"@type":"Person","@id":"https:\/\/vosgesinfo.fr\/saintdieinfo\/#\/schema\/person\/fa73e9f726d67bb88f46d5b7943cb572","name":"J.J.","image":{"@type":"ImageObject","inLanguage":"fr-FR","@id":"https:\/\/vosgesinfo.fr\/saintdieinfo\/#\/schema\/person\/image\/","url":"https:\/\/secure.gravatar.com\/avatar\/219e749e47ffbcca018a360ae4add7d4cdf1cdaaf8bc7676b27efade3fe65615?s=96&d=mm&r=g","contentUrl":"https:\/\/secure.gravatar.com\/avatar\/219e749e47ffbcca018a360ae4add7d4cdf1cdaaf8bc7676b27efade3fe65615?s=96&d=mm&r=g","caption":"J.J."},"url":"https:\/\/vosgesinfo.fr\/saintdieinfo\/author\/j-j\/"}]}},"_links":{"self":[{"href":"https:\/\/vosgesinfo.fr\/saintdieinfo\/wp-json\/wp\/v2\/posts\/67800","targetHints":{"allow":["GET"]}}],"collection":[{"href":"https:\/\/vosgesinfo.fr\/saintdieinfo\/wp-json\/wp\/v2\/posts"}],"about":[{"href":"https:\/\/vosgesinfo.fr\/saintdieinfo\/wp-json\/wp\/v2\/types\/post"}],"author":[{"embeddable":true,"href":"https:\/\/vosgesinfo.fr\/saintdieinfo\/wp-json\/wp\/v2\/users\/46"}],"replies":[{"embeddable":true,"href":"https:\/\/vosgesinfo.fr\/saintdieinfo\/wp-json\/wp\/v2\/comments?post=67800"}],"version-history":[{"count":1,"href":"https:\/\/vosgesinfo.fr\/saintdieinfo\/wp-json\/wp\/v2\/posts\/67800\/revisions"}],"predecessor-version":[{"id":67802,"href":"https:\/\/vosgesinfo.fr\/saintdieinfo\/wp-json\/wp\/v2\/posts\/67800\/revisions\/67802"}],"wp:featuredmedia":[{"embeddable":true,"href":"https:\/\/vosgesinfo.fr\/saintdieinfo\/wp-json\/wp\/v2\/media\/67801"}],"wp:attachment":[{"href":"https:\/\/vosgesinfo.fr\/saintdieinfo\/wp-json\/wp\/v2\/media?parent=67800"}],"wp:term":[{"taxonomy":"category","embeddable":true,"href":"https:\/\/vosgesinfo.fr\/saintdieinfo\/wp-json\/wp\/v2\/categories?post=67800"},{"taxonomy":"post_tag","embeddable":true,"href":"https:\/\/vosgesinfo.fr\/saintdieinfo\/wp-json\/wp\/v2\/tags?post=67800"}],"curies":[{"name":"wp","href":"https:\/\/api.w.org\/{rel}","templated":true}]}}