{"id":67806,"date":"2024-09-04T10:45:38","date_gmt":"2024-09-04T08:45:38","guid":{"rendered":"https:\/\/vosgesinfo.fr\/saintdieinfo\/?p=67806"},"modified":"2024-09-04T10:45:38","modified_gmt":"2024-09-04T08:45:38","slug":"une-nouvelle-directrice-au-centre-social-lucie-aubrac","status":"publish","type":"post","link":"https:\/\/vosgesinfo.fr\/saintdieinfo\/2024\/09\/une-nouvelle-directrice-au-centre-social-lucie-aubrac\/","title":{"rendered":"Une nouvelle directrice au Centre Social Lucie-Aubrac"},"content":{"rendered":"<p><iframe loading=\"lazy\" title=\"Sandra Cunin est la nouvelle directrice du Centre Social Lucie-Aubrac\" width=\"500\" height=\"281\" src=\"https:\/\/www.youtube.com\/embed\/jCVlUDDiKrM?feature=oembed\" frameborder=\"0\" allow=\"accelerometer; autoplay; clipboard-write; encrypted-media; gyroscope; picture-in-picture; web-share\" referrerpolicy=\"strict-origin-when-cross-origin\" allowfullscreen><\/iframe><\/p>\n<h2>Apr\u00e8s 12 ans de bons et loyaux services, St\u00e9phanie Demange a souhait\u00e9 quitter son poste de directrice du Centre Social Lucie-Aubrac. \u00ab St\u00e9phanie a beaucoup donn\u00e9 et elle \u00e9tait us\u00e9e apr\u00e8s toutes ces ann\u00e9es. Il fallait quelqu&rsquo;un de nouveau \u00bb explique le maire Bruno Toussaint. Cette personne, c&rsquo;est Sandra Cunin, directrice du centre social du quartier Kellermann depuis le 18 mars 2024.<\/h2>\n<p><!--more--><\/p>\n<p>Originaire de Vittel et habitant aujourd&rsquo;hui en D\u00e9odatie, Sandra Cunin \u00e9tait pr\u00e9c\u00e9demment directrice de la MFR de Saint-Di\u00e9-des-Vosges, situ\u00e9e en haut du col de Saales, o\u00f9 elle a travaill\u00e9 16 ans au total. 8 ans dans l&rsquo;enseignement, pour autant dans la direction.<\/p>\n<p>\u00ab\u00a0Nous avons re\u00e7u des CV de tr\u00e8s bonne qualit\u00e9. Outre les imp\u00e9ratifs au niveau des dipl\u00f4mes, la mani\u00e8re de travailler et la volont\u00e9 de s&rsquo;investir ont \u00e9t\u00e9 les crit\u00e8res d\u00e9terminants\u00a0\u00bb pr\u00e9cise Bruno Toussaint, tout en soulignant le dynamisme de Sandra Cunin. \u00ab\u00a0A chaque fois que je me rends au Centre Social Lucie-Aubrac, Sandra a toujours de nouvelles id\u00e9es.\u00a0\u00bb<\/p>\n<p>Un dynamisme \u00e9galement soulign\u00e9 par Cendrine Pintos, directrice du CCAS de Saint-Di\u00e9-des-Vosges, et Andr\u00e9e Lhomme, pr\u00e9sidente du Centre Social Lucie-Aubrac depuis son ouverture en 1966. Avec cette derni\u00e8re, Sandra Cunin est l&rsquo;une des 2 locomotives du centre social du quartier Kellermann. Un quartier que la nouvelle directrice souhaite \u00ab redonner \u00e0 ses habitants, tout en l&rsquo;ouvrant sur l&rsquo;ext\u00e9rieur. Ce que je pr\u00e9f\u00e8re d&rsquo;ailleurs ici, c&rsquo;est la relation avec les habitants. \u00bb<\/p>\n<p>C&rsquo;est dans cette optique que Sandra Cunin a impuls\u00e9 <a href=\"https:\/\/vosgesinfo.fr\/saintdieinfo\/2024\/07\/la-place-allende-de-kellermann-prend-des-couleurs\/\" target=\"_blank\" rel=\"noopener\">la r\u00e9alisation d&rsquo;une grande fresque participative avec l&rsquo;artiste Julien Cuny cet \u00e9t\u00e9<\/a>, et que des adolescents vont donner de la couleur au mobilier urbain de la place Salvador-Allende d&rsquo;ici la fin de l&rsquo;ann\u00e9e, via le Contrat Local d&rsquo;Accompagnement Scolaire \u2013 CLAS. La directrice r\u00e9fl\u00e9chit \u00e9galement \u00e0 la mise en place d&rsquo;animations le soir \u00e0 Kellermann, comme des guinguettes.<\/p>\n<p>R\u00e9\u00e9criture du projet social de Lucie-Aubrac, organisation et supervision des diff\u00e9rentes et nombreuses animations et activit\u00e9s du centre, dont les traditionnels bourse aux jouets et march\u00e9 aux puces, participation aux \u00e9v\u00e9nements de la ville comme Octobre Rose, le 80e anniversaire de la Lib\u00e9ration ou le d\u00e9fil\u00e9 de la Saint-Nicolas&#8230; les semaines, mois et ann\u00e9es \u00e0 venir s&rsquo;annoncent charg\u00e9es pour Sandra Cunin. \u00ab Ce qui a \u00e9t\u00e9 fait cette ann\u00e9e est un excellent d\u00e9but. Il y a une coh\u00e9sion qui est en train de se mettre en place dans le quartier, aid\u00e9e il est vrai depuis l&rsquo;op\u00e9ration place nette contre le trafic de stup\u00e9fiants \u00bb ajoute le maire d\u00e9odatien en guise de conclusion.<\/p>\n<p>J.J.<\/p>\n<div id=\"attachment_67812\" style=\"width: 1034px\" class=\"wp-caption alignnone\"><a href=\"https:\/\/vosgesinfo.fr\/app\/uploads\/sites\/4\/2024\/09\/sandra-cunin-nouvelle-directrice-csla-2-scaled.jpg\"><img decoding=\"async\" aria-describedby=\"caption-attachment-67812\" class=\"wp-image-67812 size-large\" src=\"https:\/\/vosgesinfo.fr\/app\/uploads\/sites\/4\/2024\/09\/sandra-cunin-nouvelle-directrice-csla-2-1024x771.jpg\" alt=\"\" width=\"1024\" height=\"771\" srcset=\"https:\/\/vosgesinfo.fr\/app\/uploads\/sites\/4\/2024\/09\/sandra-cunin-nouvelle-directrice-csla-2-1024x771.jpg 1024w, https:\/\/vosgesinfo.fr\/app\/uploads\/sites\/4\/2024\/09\/sandra-cunin-nouvelle-directrice-csla-2-300x226.jpg 300w, https:\/\/vosgesinfo.fr\/app\/uploads\/sites\/4\/2024\/09\/sandra-cunin-nouvelle-directrice-csla-2-768x578.jpg 768w, https:\/\/vosgesinfo.fr\/app\/uploads\/sites\/4\/2024\/09\/sandra-cunin-nouvelle-directrice-csla-2-1536x1157.jpg 1536w, https:\/\/vosgesinfo.fr\/app\/uploads\/sites\/4\/2024\/09\/sandra-cunin-nouvelle-directrice-csla-2-2048x1542.jpg 2048w\" sizes=\"(max-width: 1024px) 100vw, 1024px\" \/><\/a><p id=\"caption-attachment-67812\" class=\"wp-caption-text\">De gauche \u00e0 droite : Cendrine Pintos, directrice du CCAS, le maire Bruno Toussaint, Andr\u00e9e Lhomme, pr\u00e9sidente du Centre Social Lucie-Aubrac, et Sandra Cunin, la nouvelle directrice de l&rsquo;\u00e9tablissement.<\/p><\/div>\n<p><a href=\"https:\/\/vosgesinfo.fr\/app\/uploads\/sites\/4\/2024\/09\/sandra-cunin-nouvelle-directrice-csla-3-scaled.jpg\"><img decoding=\"async\" class=\"alignnone size-large wp-image-67813\" src=\"https:\/\/vosgesinfo.fr\/app\/uploads\/sites\/4\/2024\/09\/sandra-cunin-nouvelle-directrice-csla-3-1024x771.jpg\" alt=\"\" width=\"1024\" height=\"771\" srcset=\"https:\/\/vosgesinfo.fr\/app\/uploads\/sites\/4\/2024\/09\/sandra-cunin-nouvelle-directrice-csla-3-1024x771.jpg 1024w, https:\/\/vosgesinfo.fr\/app\/uploads\/sites\/4\/2024\/09\/sandra-cunin-nouvelle-directrice-csla-3-300x226.jpg 300w, https:\/\/vosgesinfo.fr\/app\/uploads\/sites\/4\/2024\/09\/sandra-cunin-nouvelle-directrice-csla-3-768x578.jpg 768w, https:\/\/vosgesinfo.fr\/app\/uploads\/sites\/4\/2024\/09\/sandra-cunin-nouvelle-directrice-csla-3-1536x1157.jpg 1536w, https:\/\/vosgesinfo.fr\/app\/uploads\/sites\/4\/2024\/09\/sandra-cunin-nouvelle-directrice-csla-3-2048x1542.jpg 2048w\" sizes=\"(max-width: 1024px) 100vw, 1024px\" \/><\/a><\/p>\n","protected":false},"excerpt":{"rendered":"<p>Apr\u00e8s 12 ans de bons et loyaux services, St\u00e9phanie Demange a souhait\u00e9 quitter son poste de directrice du Centre Social [&hellip;]<\/p>\n","protected":false},"author":46,"featured_media":67813,"comment_status":"open","ping_status":"open","sticky":false,"template":"","format":"standard","meta":{"footnotes":""},"categories":[460,167],"tags":[4177,14692,2971,14691],"class_list":["post-67806","post","type-post","status-publish","format-standard","has-post-thumbnail","hentry","category-a-la-une","category-saint-die-des-vosges","tag-centre-social-lucie-aubrac","tag-nouvelle-directrice-du-centre-social-lucie-aubrac","tag-quartier-kellermann","tag-sandra-cunin"],"acf":[],"yoast_head":"<!-- This site is optimized with the Yoast SEO plugin v22.5 - https:\/\/yoast.com\/wordpress\/plugins\/seo\/ -->\n<title>Une nouvelle directrice au Centre Social Lucie-Aubrac - Saint Die Info<\/title>\n<meta name=\"robots\" content=\"index, follow, max-snippet:-1, max-image-preview:large, max-video-preview:-1\" \/>\n<link rel=\"canonical\" href=\"https:\/\/vosgesinfo.fr\/saintdieinfo\/?p=67806\" \/>\n<meta name=\"twitter:card\" content=\"summary_large_image\" \/>\n<meta name=\"twitter:title\" content=\"Une nouvelle directrice au Centre Social Lucie-Aubrac - Saint Die Info\" \/>\n<meta name=\"twitter:description\" content=\"Apr\u00e8s 12 ans de bons et loyaux services, St\u00e9phanie Demange a souhait\u00e9 quitter son poste de directrice du Centre Social [&hellip;]\" \/>\n<meta name=\"twitter:image\" content=\"https:\/\/vosgesinfo.fr\/app\/uploads\/sites\/4\/2024\/09\/sandra-cunin-nouvelle-directrice-csla-3-scaled.jpg\" \/>\n<meta name=\"twitter:creator\" content=\"@VosgesInfo88\" \/>\n<meta name=\"twitter:site\" content=\"@VosgesInfo88\" \/>\n<meta name=\"twitter:label1\" content=\"\u00c9crit par\" \/>\n\t<meta name=\"twitter:data1\" content=\"J.J.\" \/>\n\t<meta name=\"twitter:label2\" content=\"Dur\u00e9e de lecture estim\u00e9e\" \/>\n\t<meta name=\"twitter:data2\" content=\"3 minutes\" \/>\n<script type=\"application\/ld+json\" class=\"yoast-schema-graph\">{\"@context\":\"https:\/\/schema.org\",\"@graph\":[{\"@type\":\"Article\",\"@id\":\"https:\/\/vosgesinfo.fr\/saintdieinfo\/?p=67806#article\",\"isPartOf\":{\"@id\":\"https:\/\/vosgesinfo.fr\/saintdieinfo\/?p=67806\"},\"author\":{\"name\":\"J.J.\",\"@id\":\"https:\/\/vosgesinfo.fr\/saintdieinfo\/#\/schema\/person\/fa73e9f726d67bb88f46d5b7943cb572\"},\"headline\":\"Une nouvelle directrice au Centre Social Lucie-Aubrac\",\"datePublished\":\"2024-09-04T08:45:38+00:00\",\"dateModified\":\"2024-09-04T08:45:38+00:00\",\"mainEntityOfPage\":{\"@id\":\"https:\/\/vosgesinfo.fr\/saintdieinfo\/?p=67806\"},\"wordCount\":509,\"commentCount\":1,\"publisher\":{\"@id\":\"https:\/\/vosgesinfo.fr\/saintdieinfo\/#organization\"},\"image\":{\"@id\":\"https:\/\/vosgesinfo.fr\/saintdieinfo\/?p=67806#primaryimage\"},\"thumbnailUrl\":\"https:\/\/vosgesinfo.fr\/app\/uploads\/sites\/4\/2024\/09\/sandra-cunin-nouvelle-directrice-csla-3-scaled.jpg\",\"keywords\":[\"Centre-Social Lucie Aubrac\",\"Nouvelle directrice du Centre Social Lucie-Aubrac\",\"Quartier Kellermann\",\"Sandra Cunin\"],\"articleSection\":[\"A la Une\",\"Saint-Di\u00e9-des-Vosges\"],\"inLanguage\":\"fr-FR\",\"potentialAction\":[{\"@type\":\"CommentAction\",\"name\":\"Comment\",\"target\":[\"https:\/\/vosgesinfo.fr\/saintdieinfo\/?p=67806#respond\"]}]},{\"@type\":\"WebPage\",\"@id\":\"https:\/\/vosgesinfo.fr\/saintdieinfo\/?p=67806\",\"url\":\"https:\/\/vosgesinfo.fr\/saintdieinfo\/?p=67806\",\"name\":\"Une nouvelle directrice au Centre Social Lucie-Aubrac - Saint Die Info\",\"isPartOf\":{\"@id\":\"https:\/\/vosgesinfo.fr\/saintdieinfo\/#website\"},\"primaryImageOfPage\":{\"@id\":\"https:\/\/vosgesinfo.fr\/saintdieinfo\/?p=67806#primaryimage\"},\"image\":{\"@id\":\"https:\/\/vosgesinfo.fr\/saintdieinfo\/?p=67806#primaryimage\"},\"thumbnailUrl\":\"https:\/\/vosgesinfo.fr\/app\/uploads\/sites\/4\/2024\/09\/sandra-cunin-nouvelle-directrice-csla-3-scaled.jpg\",\"datePublished\":\"2024-09-04T08:45:38+00:00\",\"dateModified\":\"2024-09-04T08:45:38+00:00\",\"breadcrumb\":{\"@id\":\"https:\/\/vosgesinfo.fr\/saintdieinfo\/?p=67806#breadcrumb\"},\"inLanguage\":\"fr-FR\",\"potentialAction\":[{\"@type\":\"ReadAction\",\"target\":[\"https:\/\/vosgesinfo.fr\/saintdieinfo\/?p=67806\"]}]},{\"@type\":\"ImageObject\",\"inLanguage\":\"fr-FR\",\"@id\":\"https:\/\/vosgesinfo.fr\/saintdieinfo\/?p=67806#primaryimage\",\"url\":\"https:\/\/vosgesinfo.fr\/app\/uploads\/sites\/4\/2024\/09\/sandra-cunin-nouvelle-directrice-csla-3-scaled.jpg\",\"contentUrl\":\"https:\/\/vosgesinfo.fr\/app\/uploads\/sites\/4\/2024\/09\/sandra-cunin-nouvelle-directrice-csla-3-scaled.jpg\",\"width\":2560,\"height\":1928},{\"@type\":\"BreadcrumbList\",\"@id\":\"https:\/\/vosgesinfo.fr\/saintdieinfo\/?p=67806#breadcrumb\",\"itemListElement\":[{\"@type\":\"ListItem\",\"position\":1,\"name\":\"Home\",\"item\":\"https:\/\/vosgesinfo.fr\/saintdieinfo\/\"},{\"@type\":\"ListItem\",\"position\":2,\"name\":\"Une nouvelle directrice au Centre Social Lucie-Aubrac\"}]},{\"@type\":\"WebSite\",\"@id\":\"https:\/\/vosgesinfo.fr\/saintdieinfo\/#website\",\"url\":\"https:\/\/vosgesinfo.fr\/saintdieinfo\/\",\"name\":\"Saint Die Info\",\"description\":\"Toute l&#039;actualit\u00e9 de Saint-Di\u00e9-Des-Vosges\",\"publisher\":{\"@id\":\"https:\/\/vosgesinfo.fr\/saintdieinfo\/#organization\"},\"alternateName\":\"Toute l'actualit\u00e9 de Saint-Di\u00e9-Des-Vosges\",\"potentialAction\":[{\"@type\":\"SearchAction\",\"target\":{\"@type\":\"EntryPoint\",\"urlTemplate\":\"https:\/\/vosgesinfo.fr\/saintdieinfo\/?s={search_term_string}\"},\"query-input\":\"required name=search_term_string\"}],\"inLanguage\":\"fr-FR\"},{\"@type\":\"Organization\",\"@id\":\"https:\/\/vosgesinfo.fr\/saintdieinfo\/#organization\",\"name\":\"Saint Die Info\",\"url\":\"https:\/\/vosgesinfo.fr\/saintdieinfo\/\",\"logo\":{\"@type\":\"ImageObject\",\"inLanguage\":\"fr-FR\",\"@id\":\"https:\/\/vosgesinfo.fr\/saintdieinfo\/#\/schema\/logo\/image\/\",\"url\":\"https:\/\/vosgesinfo.fr\/app\/uploads\/sites\/4\/2024\/02\/logo-sdi.jpg\",\"contentUrl\":\"https:\/\/vosgesinfo.fr\/app\/uploads\/sites\/4\/2024\/02\/logo-sdi.jpg\",\"width\":600,\"height\":600,\"caption\":\"Saint Die Info\"},\"image\":{\"@id\":\"https:\/\/vosgesinfo.fr\/saintdieinfo\/#\/schema\/logo\/image\/\"},\"sameAs\":[\"https:\/\/www.facebook.com\/Saintdieinfofr\",\"https:\/\/x.com\/VosgesInfo88\",\"https:\/\/www.youtube.com\/@vosgesinfo\"]},{\"@type\":\"Person\",\"@id\":\"https:\/\/vosgesinfo.fr\/saintdieinfo\/#\/schema\/person\/fa73e9f726d67bb88f46d5b7943cb572\",\"name\":\"J.J.\",\"image\":{\"@type\":\"ImageObject\",\"inLanguage\":\"fr-FR\",\"@id\":\"https:\/\/vosgesinfo.fr\/saintdieinfo\/#\/schema\/person\/image\/\",\"url\":\"https:\/\/secure.gravatar.com\/avatar\/219e749e47ffbcca018a360ae4add7d4cdf1cdaaf8bc7676b27efade3fe65615?s=96&d=mm&r=g\",\"contentUrl\":\"https:\/\/secure.gravatar.com\/avatar\/219e749e47ffbcca018a360ae4add7d4cdf1cdaaf8bc7676b27efade3fe65615?s=96&d=mm&r=g\",\"caption\":\"J.J.\"},\"url\":\"https:\/\/vosgesinfo.fr\/saintdieinfo\/author\/j-j\/\"}]}<\/script>\n<!-- \/ Yoast SEO plugin. -->","yoast_head_json":{"title":"Une nouvelle directrice au Centre Social Lucie-Aubrac - Saint Die Info","robots":{"index":"index","follow":"follow","max-snippet":"max-snippet:-1","max-image-preview":"max-image-preview:large","max-video-preview":"max-video-preview:-1"},"canonical":"https:\/\/vosgesinfo.fr\/saintdieinfo\/?p=67806","twitter_card":"summary_large_image","twitter_title":"Une nouvelle directrice au Centre Social Lucie-Aubrac - Saint Die Info","twitter_description":"Apr\u00e8s 12 ans de bons et loyaux services, St\u00e9phanie Demange a souhait\u00e9 quitter son poste de directrice du Centre Social [&hellip;]","twitter_image":"https:\/\/vosgesinfo.fr\/app\/uploads\/sites\/4\/2024\/09\/sandra-cunin-nouvelle-directrice-csla-3-scaled.jpg","twitter_creator":"@VosgesInfo88","twitter_site":"@VosgesInfo88","twitter_misc":{"\u00c9crit par":"J.J.","Dur\u00e9e de lecture estim\u00e9e":"3 minutes"},"schema":{"@context":"https:\/\/schema.org","@graph":[{"@type":"Article","@id":"https:\/\/vosgesinfo.fr\/saintdieinfo\/?p=67806#article","isPartOf":{"@id":"https:\/\/vosgesinfo.fr\/saintdieinfo\/?p=67806"},"author":{"name":"J.J.","@id":"https:\/\/vosgesinfo.fr\/saintdieinfo\/#\/schema\/person\/fa73e9f726d67bb88f46d5b7943cb572"},"headline":"Une nouvelle directrice au Centre Social Lucie-Aubrac","datePublished":"2024-09-04T08:45:38+00:00","dateModified":"2024-09-04T08:45:38+00:00","mainEntityOfPage":{"@id":"https:\/\/vosgesinfo.fr\/saintdieinfo\/?p=67806"},"wordCount":509,"commentCount":1,"publisher":{"@id":"https:\/\/vosgesinfo.fr\/saintdieinfo\/#organization"},"image":{"@id":"https:\/\/vosgesinfo.fr\/saintdieinfo\/?p=67806#primaryimage"},"thumbnailUrl":"https:\/\/vosgesinfo.fr\/app\/uploads\/sites\/4\/2024\/09\/sandra-cunin-nouvelle-directrice-csla-3-scaled.jpg","keywords":["Centre-Social Lucie Aubrac","Nouvelle directrice du Centre Social Lucie-Aubrac","Quartier Kellermann","Sandra Cunin"],"articleSection":["A la Une","Saint-Di\u00e9-des-Vosges"],"inLanguage":"fr-FR","potentialAction":[{"@type":"CommentAction","name":"Comment","target":["https:\/\/vosgesinfo.fr\/saintdieinfo\/?p=67806#respond"]}]},{"@type":"WebPage","@id":"https:\/\/vosgesinfo.fr\/saintdieinfo\/?p=67806","url":"https:\/\/vosgesinfo.fr\/saintdieinfo\/?p=67806","name":"Une nouvelle directrice au Centre Social Lucie-Aubrac - Saint Die Info","isPartOf":{"@id":"https:\/\/vosgesinfo.fr\/saintdieinfo\/#website"},"primaryImageOfPage":{"@id":"https:\/\/vosgesinfo.fr\/saintdieinfo\/?p=67806#primaryimage"},"image":{"@id":"https:\/\/vosgesinfo.fr\/saintdieinfo\/?p=67806#primaryimage"},"thumbnailUrl":"https:\/\/vosgesinfo.fr\/app\/uploads\/sites\/4\/2024\/09\/sandra-cunin-nouvelle-directrice-csla-3-scaled.jpg","datePublished":"2024-09-04T08:45:38+00:00","dateModified":"2024-09-04T08:45:38+00:00","breadcrumb":{"@id":"https:\/\/vosgesinfo.fr\/saintdieinfo\/?p=67806#breadcrumb"},"inLanguage":"fr-FR","potentialAction":[{"@type":"ReadAction","target":["https:\/\/vosgesinfo.fr\/saintdieinfo\/?p=67806"]}]},{"@type":"ImageObject","inLanguage":"fr-FR","@id":"https:\/\/vosgesinfo.fr\/saintdieinfo\/?p=67806#primaryimage","url":"https:\/\/vosgesinfo.fr\/app\/uploads\/sites\/4\/2024\/09\/sandra-cunin-nouvelle-directrice-csla-3-scaled.jpg","contentUrl":"https:\/\/vosgesinfo.fr\/app\/uploads\/sites\/4\/2024\/09\/sandra-cunin-nouvelle-directrice-csla-3-scaled.jpg","width":2560,"height":1928},{"@type":"BreadcrumbList","@id":"https:\/\/vosgesinfo.fr\/saintdieinfo\/?p=67806#breadcrumb","itemListElement":[{"@type":"ListItem","position":1,"name":"Home","item":"https:\/\/vosgesinfo.fr\/saintdieinfo\/"},{"@type":"ListItem","position":2,"name":"Une nouvelle directrice au Centre Social Lucie-Aubrac"}]},{"@type":"WebSite","@id":"https:\/\/vosgesinfo.fr\/saintdieinfo\/#website","url":"https:\/\/vosgesinfo.fr\/saintdieinfo\/","name":"Saint Die Info","description":"Toute l&#039;actualit\u00e9 de Saint-Di\u00e9-Des-Vosges","publisher":{"@id":"https:\/\/vosgesinfo.fr\/saintdieinfo\/#organization"},"alternateName":"Toute l'actualit\u00e9 de Saint-Di\u00e9-Des-Vosges","potentialAction":[{"@type":"SearchAction","target":{"@type":"EntryPoint","urlTemplate":"https:\/\/vosgesinfo.fr\/saintdieinfo\/?s={search_term_string}"},"query-input":"required name=search_term_string"}],"inLanguage":"fr-FR"},{"@type":"Organization","@id":"https:\/\/vosgesinfo.fr\/saintdieinfo\/#organization","name":"Saint Die Info","url":"https:\/\/vosgesinfo.fr\/saintdieinfo\/","logo":{"@type":"ImageObject","inLanguage":"fr-FR","@id":"https:\/\/vosgesinfo.fr\/saintdieinfo\/#\/schema\/logo\/image\/","url":"https:\/\/vosgesinfo.fr\/app\/uploads\/sites\/4\/2024\/02\/logo-sdi.jpg","contentUrl":"https:\/\/vosgesinfo.fr\/app\/uploads\/sites\/4\/2024\/02\/logo-sdi.jpg","width":600,"height":600,"caption":"Saint Die Info"},"image":{"@id":"https:\/\/vosgesinfo.fr\/saintdieinfo\/#\/schema\/logo\/image\/"},"sameAs":["https:\/\/www.facebook.com\/Saintdieinfofr","https:\/\/x.com\/VosgesInfo88","https:\/\/www.youtube.com\/@vosgesinfo"]},{"@type":"Person","@id":"https:\/\/vosgesinfo.fr\/saintdieinfo\/#\/schema\/person\/fa73e9f726d67bb88f46d5b7943cb572","name":"J.J.","image":{"@type":"ImageObject","inLanguage":"fr-FR","@id":"https:\/\/vosgesinfo.fr\/saintdieinfo\/#\/schema\/person\/image\/","url":"https:\/\/secure.gravatar.com\/avatar\/219e749e47ffbcca018a360ae4add7d4cdf1cdaaf8bc7676b27efade3fe65615?s=96&d=mm&r=g","contentUrl":"https:\/\/secure.gravatar.com\/avatar\/219e749e47ffbcca018a360ae4add7d4cdf1cdaaf8bc7676b27efade3fe65615?s=96&d=mm&r=g","caption":"J.J."},"url":"https:\/\/vosgesinfo.fr\/saintdieinfo\/author\/j-j\/"}]}},"_links":{"self":[{"href":"https:\/\/vosgesinfo.fr\/saintdieinfo\/wp-json\/wp\/v2\/posts\/67806","targetHints":{"allow":["GET"]}}],"collection":[{"href":"https:\/\/vosgesinfo.fr\/saintdieinfo\/wp-json\/wp\/v2\/posts"}],"about":[{"href":"https:\/\/vosgesinfo.fr\/saintdieinfo\/wp-json\/wp\/v2\/types\/post"}],"author":[{"embeddable":true,"href":"https:\/\/vosgesinfo.fr\/saintdieinfo\/wp-json\/wp\/v2\/users\/46"}],"replies":[{"embeddable":true,"href":"https:\/\/vosgesinfo.fr\/saintdieinfo\/wp-json\/wp\/v2\/comments?post=67806"}],"version-history":[{"count":2,"href":"https:\/\/vosgesinfo.fr\/saintdieinfo\/wp-json\/wp\/v2\/posts\/67806\/revisions"}],"predecessor-version":[{"id":67815,"href":"https:\/\/vosgesinfo.fr\/saintdieinfo\/wp-json\/wp\/v2\/posts\/67806\/revisions\/67815"}],"wp:featuredmedia":[{"embeddable":true,"href":"https:\/\/vosgesinfo.fr\/saintdieinfo\/wp-json\/wp\/v2\/media\/67813"}],"wp:attachment":[{"href":"https:\/\/vosgesinfo.fr\/saintdieinfo\/wp-json\/wp\/v2\/media?parent=67806"}],"wp:term":[{"taxonomy":"category","embeddable":true,"href":"https:\/\/vosgesinfo.fr\/saintdieinfo\/wp-json\/wp\/v2\/categories?post=67806"},{"taxonomy":"post_tag","embeddable":true,"href":"https:\/\/vosgesinfo.fr\/saintdieinfo\/wp-json\/wp\/v2\/tags?post=67806"}],"curies":[{"name":"wp","href":"https:\/\/api.w.org\/{rel}","templated":true}]}}