{"id":67849,"date":"2024-09-05T09:19:25","date_gmt":"2024-09-05T07:19:25","guid":{"rendered":"https:\/\/vosgesinfo.fr\/saintdieinfo\/?p=67849"},"modified":"2024-09-05T09:28:14","modified_gmt":"2024-09-05T07:28:14","slug":"des-deposes-minute-devant-lecole-gaston-colnat","status":"publish","type":"post","link":"https:\/\/vosgesinfo.fr\/saintdieinfo\/2024\/09\/des-deposes-minute-devant-lecole-gaston-colnat\/","title":{"rendered":"Des d\u00e9poses-minute devant l&rsquo;\u00e9cole Gaston-Colnat"},"content":{"rendered":"<p><a href=\"https:\/\/vosgesinfo.fr\/app\/uploads\/sites\/4\/2024\/09\/depose-minute-ecole-gaston-colnat-4-scaled.jpg\"><img decoding=\"async\" class=\"alignnone size-large wp-image-67853\" src=\"https:\/\/vosgesinfo.fr\/app\/uploads\/sites\/4\/2024\/09\/depose-minute-ecole-gaston-colnat-4-1024x771.jpg\" alt=\"\" width=\"1024\" height=\"771\" srcset=\"https:\/\/vosgesinfo.fr\/app\/uploads\/sites\/4\/2024\/09\/depose-minute-ecole-gaston-colnat-4-1024x771.jpg 1024w, https:\/\/vosgesinfo.fr\/app\/uploads\/sites\/4\/2024\/09\/depose-minute-ecole-gaston-colnat-4-300x226.jpg 300w, https:\/\/vosgesinfo.fr\/app\/uploads\/sites\/4\/2024\/09\/depose-minute-ecole-gaston-colnat-4-768x578.jpg 768w, https:\/\/vosgesinfo.fr\/app\/uploads\/sites\/4\/2024\/09\/depose-minute-ecole-gaston-colnat-4-1536x1157.jpg 1536w, https:\/\/vosgesinfo.fr\/app\/uploads\/sites\/4\/2024\/09\/depose-minute-ecole-gaston-colnat-4-2048x1542.jpg 2048w\" sizes=\"(max-width: 1024px) 100vw, 1024px\" \/><\/a><\/p>\n<p>&nbsp;<\/p>\n<h2>9 places d\u00e9poses-minute se sont mat\u00e9rialis\u00e9es en fin de semaine derni\u00e8re devant l&rsquo;entr\u00e9e, c\u00f4t\u00e9 \u00e9l\u00e9mentaire, de l&rsquo;\u00e9cole Gaston-Colnat de Saint-Di\u00e9-des-Vosges, situ\u00e9e rue du Mar\u00e9chal-Foch. Le maire Bruno Toussaint s&rsquo;est rendu sur place ce jeudi matin.<\/h2>\n<p><!--more--><\/p>\n<p>\u00ab Des parents-d&rsquo;\u00e9l\u00e8ves se sont rendus compte qu&rsquo;il y avait souvent des voitures mal gar\u00e9es dans la rue. Certains stationnaient m\u00eame en double file, ce qui bloquait cette rue en sens unique et cr\u00e9ait un goulot d&rsquo;\u00e9tranglement depuis la rue Pierre-Evrat. J&rsquo;ai \u00e9t\u00e9 plusieurs fois interpell\u00e9 \u00e0 ce sujet. Il fallait donc qu&rsquo;on trouve une solution, qui a \u00e9t\u00e9 trouv\u00e9e lors d&rsquo;une r\u00e9union avec les parents-d&rsquo;\u00e9l\u00e8ves \u00bb explique Bruno Toussaint.<\/p>\n<p>Et le maire d&rsquo;ajouter : \u00ab si tout le monde joue le jeu, c&rsquo;est \u00e0 dire d\u00e9poser ses enfants devant l&rsquo;\u00e9cole et repartir dans la foul\u00e9e, le probl\u00e8me de circulation dans cette rue sera r\u00e9gl\u00e9 avec ces d\u00e9poses-minute. Et je rappelle \u00e9galement que pour leur s\u00e9curit\u00e9, les enfants devraient sortir du c\u00f4t\u00e9 droit du v\u00e9hicule, c\u00f4t\u00e9 trottoir, et non du c\u00f4t\u00e9 gauche. \u00bb<\/p>\n<p>Le probl\u00e8me de circulation \u00e9tant sp\u00e9cifique \u00e0 l&rsquo;\u00e9cole \u00e9l\u00e9mentaire Colnat, aucun autre d\u00e9poses-minute n&rsquo;est envisag\u00e9 devant d&rsquo;autres \u00e9tablissements scolaires de la ville. Une seconde visite de Bruno Toussaint est pr\u00e9vue prochainement, \u00e0 un autre horaire, pour constater le respect \u2013 ou non \u2013 de ces nouveaux d\u00e9poses-minute. Les contrevenants qui y restent stationn\u00e9s plus d&rsquo;une ou 2 minutes s&rsquo;exposent \u00e0 une amende de 35\u20ac.<\/p>\n<p>J.J.<\/p>\n<p><a href=\"https:\/\/vosgesinfo.fr\/app\/uploads\/sites\/4\/2024\/09\/depose-minute-ecole-gaston-colnat-1-scaled.jpg\"><img decoding=\"async\" class=\"alignnone size-large wp-image-67850\" src=\"https:\/\/vosgesinfo.fr\/app\/uploads\/sites\/4\/2024\/09\/depose-minute-ecole-gaston-colnat-1-1024x771.jpg\" alt=\"\" width=\"1024\" height=\"771\" srcset=\"https:\/\/vosgesinfo.fr\/app\/uploads\/sites\/4\/2024\/09\/depose-minute-ecole-gaston-colnat-1-1024x771.jpg 1024w, https:\/\/vosgesinfo.fr\/app\/uploads\/sites\/4\/2024\/09\/depose-minute-ecole-gaston-colnat-1-300x226.jpg 300w, https:\/\/vosgesinfo.fr\/app\/uploads\/sites\/4\/2024\/09\/depose-minute-ecole-gaston-colnat-1-768x578.jpg 768w, https:\/\/vosgesinfo.fr\/app\/uploads\/sites\/4\/2024\/09\/depose-minute-ecole-gaston-colnat-1-1536x1157.jpg 1536w, https:\/\/vosgesinfo.fr\/app\/uploads\/sites\/4\/2024\/09\/depose-minute-ecole-gaston-colnat-1-2048x1542.jpg 2048w\" sizes=\"(max-width: 1024px) 100vw, 1024px\" \/><\/a><\/p>\n<p><a href=\"https:\/\/vosgesinfo.fr\/app\/uploads\/sites\/4\/2024\/09\/depose-minute-ecole-gaston-colnat-2-scaled.jpg\"><img decoding=\"async\" class=\"alignnone size-large wp-image-67851\" src=\"https:\/\/vosgesinfo.fr\/app\/uploads\/sites\/4\/2024\/09\/depose-minute-ecole-gaston-colnat-2-1024x771.jpg\" alt=\"\" width=\"1024\" height=\"771\" srcset=\"https:\/\/vosgesinfo.fr\/app\/uploads\/sites\/4\/2024\/09\/depose-minute-ecole-gaston-colnat-2-1024x771.jpg 1024w, https:\/\/vosgesinfo.fr\/app\/uploads\/sites\/4\/2024\/09\/depose-minute-ecole-gaston-colnat-2-300x226.jpg 300w, https:\/\/vosgesinfo.fr\/app\/uploads\/sites\/4\/2024\/09\/depose-minute-ecole-gaston-colnat-2-768x578.jpg 768w, https:\/\/vosgesinfo.fr\/app\/uploads\/sites\/4\/2024\/09\/depose-minute-ecole-gaston-colnat-2-1536x1157.jpg 1536w, https:\/\/vosgesinfo.fr\/app\/uploads\/sites\/4\/2024\/09\/depose-minute-ecole-gaston-colnat-2-2048x1542.jpg 2048w\" sizes=\"(max-width: 1024px) 100vw, 1024px\" \/><\/a><\/p>\n","protected":false},"excerpt":{"rendered":"<p>&nbsp; 9 places d\u00e9poses-minute se sont mat\u00e9rialis\u00e9es en fin de semaine derni\u00e8re devant l&rsquo;entr\u00e9e, c\u00f4t\u00e9 \u00e9l\u00e9mentaire, de l&rsquo;\u00e9cole Gaston-Colnat de [&hellip;]<\/p>\n","protected":false},"author":46,"featured_media":67853,"comment_status":"open","ping_status":"open","sticky":false,"template":"","format":"standard","meta":{"footnotes":""},"categories":[460,6,167],"tags":[3415,14700,4200,14701],"class_list":["post-67849","post","type-post","status-publish","format-standard","has-post-thumbnail","hentry","category-a-la-une","category-education","category-saint-die-des-vosges","tag-bruno-toussaint","tag-depose-minute","tag-ecole-gaston-colnat","tag-realisation-de-depose-minute-devant-lecole-gaston-colnat"],"acf":[],"yoast_head":"<!-- This site is optimized with the Yoast SEO plugin v22.5 - https:\/\/yoast.com\/wordpress\/plugins\/seo\/ -->\n<title>Des d\u00e9poses-minute devant l&#039;\u00e9cole Gaston-Colnat - Saint Die Info<\/title>\n<meta name=\"robots\" content=\"index, follow, max-snippet:-1, max-image-preview:large, max-video-preview:-1\" \/>\n<link rel=\"canonical\" href=\"https:\/\/vosgesinfo.fr\/saintdieinfo\/2024\/09\/des-deposes-minute-devant-lecole-gaston-colnat\/\" \/>\n<meta name=\"twitter:card\" content=\"summary_large_image\" \/>\n<meta name=\"twitter:title\" content=\"Des d\u00e9poses-minute devant l&#039;\u00e9cole Gaston-Colnat - Saint Die Info\" \/>\n<meta name=\"twitter:description\" content=\"&nbsp; 9 places d\u00e9poses-minute se sont mat\u00e9rialis\u00e9es en fin de semaine derni\u00e8re devant l&rsquo;entr\u00e9e, c\u00f4t\u00e9 \u00e9l\u00e9mentaire, de l&rsquo;\u00e9cole Gaston-Colnat de [&hellip;]\" \/>\n<meta name=\"twitter:image\" content=\"https:\/\/vosgesinfo.fr\/app\/uploads\/sites\/4\/2024\/09\/depose-minute-ecole-gaston-colnat-4-scaled.jpg\" \/>\n<meta name=\"twitter:creator\" content=\"@VosgesInfo88\" \/>\n<meta name=\"twitter:site\" content=\"@VosgesInfo88\" \/>\n<meta name=\"twitter:label1\" content=\"\u00c9crit par\" \/>\n\t<meta name=\"twitter:data1\" content=\"J.J.\" \/>\n\t<meta name=\"twitter:label2\" content=\"Dur\u00e9e de lecture estim\u00e9e\" \/>\n\t<meta name=\"twitter:data2\" content=\"2 minutes\" \/>\n<script type=\"application\/ld+json\" class=\"yoast-schema-graph\">{\"@context\":\"https:\/\/schema.org\",\"@graph\":[{\"@type\":\"Article\",\"@id\":\"https:\/\/vosgesinfo.fr\/saintdieinfo\/2024\/09\/des-deposes-minute-devant-lecole-gaston-colnat\/#article\",\"isPartOf\":{\"@id\":\"https:\/\/vosgesinfo.fr\/saintdieinfo\/2024\/09\/des-deposes-minute-devant-lecole-gaston-colnat\/\"},\"author\":{\"name\":\"J.J.\",\"@id\":\"https:\/\/vosgesinfo.fr\/saintdieinfo\/#\/schema\/person\/fa73e9f726d67bb88f46d5b7943cb572\"},\"headline\":\"Des d\u00e9poses-minute devant l&rsquo;\u00e9cole Gaston-Colnat\",\"datePublished\":\"2024-09-05T07:19:25+00:00\",\"dateModified\":\"2024-09-05T07:28:14+00:00\",\"mainEntityOfPage\":{\"@id\":\"https:\/\/vosgesinfo.fr\/saintdieinfo\/2024\/09\/des-deposes-minute-devant-lecole-gaston-colnat\/\"},\"wordCount\":279,\"commentCount\":2,\"publisher\":{\"@id\":\"https:\/\/vosgesinfo.fr\/saintdieinfo\/#organization\"},\"image\":{\"@id\":\"https:\/\/vosgesinfo.fr\/saintdieinfo\/2024\/09\/des-deposes-minute-devant-lecole-gaston-colnat\/#primaryimage\"},\"thumbnailUrl\":\"https:\/\/vosgesinfo.fr\/app\/uploads\/sites\/4\/2024\/09\/depose-minute-ecole-gaston-colnat-4-scaled.jpg\",\"keywords\":[\"Bruno Toussaint\",\"D\u00e9pose-minute\",\"Ecole Gaston-Colnat\",\"R\u00e9alisation de d\u00e9pose-minute devant l'\u00e9cole Gaston-Colnat\"],\"articleSection\":[\"A la Une\",\"\u00c9ducation\",\"Saint-Di\u00e9-des-Vosges\"],\"inLanguage\":\"fr-FR\",\"potentialAction\":[{\"@type\":\"CommentAction\",\"name\":\"Comment\",\"target\":[\"https:\/\/vosgesinfo.fr\/saintdieinfo\/2024\/09\/des-deposes-minute-devant-lecole-gaston-colnat\/#respond\"]}]},{\"@type\":\"WebPage\",\"@id\":\"https:\/\/vosgesinfo.fr\/saintdieinfo\/2024\/09\/des-deposes-minute-devant-lecole-gaston-colnat\/\",\"url\":\"https:\/\/vosgesinfo.fr\/saintdieinfo\/2024\/09\/des-deposes-minute-devant-lecole-gaston-colnat\/\",\"name\":\"Des d\u00e9poses-minute devant l'\u00e9cole Gaston-Colnat - Saint Die Info\",\"isPartOf\":{\"@id\":\"https:\/\/vosgesinfo.fr\/saintdieinfo\/#website\"},\"primaryImageOfPage\":{\"@id\":\"https:\/\/vosgesinfo.fr\/saintdieinfo\/2024\/09\/des-deposes-minute-devant-lecole-gaston-colnat\/#primaryimage\"},\"image\":{\"@id\":\"https:\/\/vosgesinfo.fr\/saintdieinfo\/2024\/09\/des-deposes-minute-devant-lecole-gaston-colnat\/#primaryimage\"},\"thumbnailUrl\":\"https:\/\/vosgesinfo.fr\/app\/uploads\/sites\/4\/2024\/09\/depose-minute-ecole-gaston-colnat-4-scaled.jpg\",\"datePublished\":\"2024-09-05T07:19:25+00:00\",\"dateModified\":\"2024-09-05T07:28:14+00:00\",\"breadcrumb\":{\"@id\":\"https:\/\/vosgesinfo.fr\/saintdieinfo\/2024\/09\/des-deposes-minute-devant-lecole-gaston-colnat\/#breadcrumb\"},\"inLanguage\":\"fr-FR\",\"potentialAction\":[{\"@type\":\"ReadAction\",\"target\":[\"https:\/\/vosgesinfo.fr\/saintdieinfo\/2024\/09\/des-deposes-minute-devant-lecole-gaston-colnat\/\"]}]},{\"@type\":\"ImageObject\",\"inLanguage\":\"fr-FR\",\"@id\":\"https:\/\/vosgesinfo.fr\/saintdieinfo\/2024\/09\/des-deposes-minute-devant-lecole-gaston-colnat\/#primaryimage\",\"url\":\"https:\/\/vosgesinfo.fr\/app\/uploads\/sites\/4\/2024\/09\/depose-minute-ecole-gaston-colnat-4-scaled.jpg\",\"contentUrl\":\"https:\/\/vosgesinfo.fr\/app\/uploads\/sites\/4\/2024\/09\/depose-minute-ecole-gaston-colnat-4-scaled.jpg\",\"width\":2560,\"height\":1928},{\"@type\":\"BreadcrumbList\",\"@id\":\"https:\/\/vosgesinfo.fr\/saintdieinfo\/2024\/09\/des-deposes-minute-devant-lecole-gaston-colnat\/#breadcrumb\",\"itemListElement\":[{\"@type\":\"ListItem\",\"position\":1,\"name\":\"Home\",\"item\":\"https:\/\/vosgesinfo.fr\/saintdieinfo\/\"},{\"@type\":\"ListItem\",\"position\":2,\"name\":\"Des d\u00e9poses-minute devant l&#8217;\u00e9cole Gaston-Colnat\"}]},{\"@type\":\"WebSite\",\"@id\":\"https:\/\/vosgesinfo.fr\/saintdieinfo\/#website\",\"url\":\"https:\/\/vosgesinfo.fr\/saintdieinfo\/\",\"name\":\"Saint Die Info\",\"description\":\"Toute l&#039;actualit\u00e9 de Saint-Di\u00e9-Des-Vosges\",\"publisher\":{\"@id\":\"https:\/\/vosgesinfo.fr\/saintdieinfo\/#organization\"},\"alternateName\":\"Toute l'actualit\u00e9 de Saint-Di\u00e9-Des-Vosges\",\"potentialAction\":[{\"@type\":\"SearchAction\",\"target\":{\"@type\":\"EntryPoint\",\"urlTemplate\":\"https:\/\/vosgesinfo.fr\/saintdieinfo\/?s={search_term_string}\"},\"query-input\":\"required name=search_term_string\"}],\"inLanguage\":\"fr-FR\"},{\"@type\":\"Organization\",\"@id\":\"https:\/\/vosgesinfo.fr\/saintdieinfo\/#organization\",\"name\":\"Saint Die Info\",\"url\":\"https:\/\/vosgesinfo.fr\/saintdieinfo\/\",\"logo\":{\"@type\":\"ImageObject\",\"inLanguage\":\"fr-FR\",\"@id\":\"https:\/\/vosgesinfo.fr\/saintdieinfo\/#\/schema\/logo\/image\/\",\"url\":\"https:\/\/vosgesinfo.fr\/app\/uploads\/sites\/4\/2024\/02\/logo-sdi.jpg\",\"contentUrl\":\"https:\/\/vosgesinfo.fr\/app\/uploads\/sites\/4\/2024\/02\/logo-sdi.jpg\",\"width\":600,\"height\":600,\"caption\":\"Saint Die Info\"},\"image\":{\"@id\":\"https:\/\/vosgesinfo.fr\/saintdieinfo\/#\/schema\/logo\/image\/\"},\"sameAs\":[\"https:\/\/www.facebook.com\/Saintdieinfofr\",\"https:\/\/x.com\/VosgesInfo88\",\"https:\/\/www.youtube.com\/@vosgesinfo\"]},{\"@type\":\"Person\",\"@id\":\"https:\/\/vosgesinfo.fr\/saintdieinfo\/#\/schema\/person\/fa73e9f726d67bb88f46d5b7943cb572\",\"name\":\"J.J.\",\"image\":{\"@type\":\"ImageObject\",\"inLanguage\":\"fr-FR\",\"@id\":\"https:\/\/vosgesinfo.fr\/saintdieinfo\/#\/schema\/person\/image\/\",\"url\":\"https:\/\/secure.gravatar.com\/avatar\/219e749e47ffbcca018a360ae4add7d4cdf1cdaaf8bc7676b27efade3fe65615?s=96&d=mm&r=g\",\"contentUrl\":\"https:\/\/secure.gravatar.com\/avatar\/219e749e47ffbcca018a360ae4add7d4cdf1cdaaf8bc7676b27efade3fe65615?s=96&d=mm&r=g\",\"caption\":\"J.J.\"},\"url\":\"https:\/\/vosgesinfo.fr\/saintdieinfo\/author\/j-j\/\"}]}<\/script>\n<!-- \/ Yoast SEO plugin. -->","yoast_head_json":{"title":"Des d\u00e9poses-minute devant l'\u00e9cole Gaston-Colnat - Saint Die Info","robots":{"index":"index","follow":"follow","max-snippet":"max-snippet:-1","max-image-preview":"max-image-preview:large","max-video-preview":"max-video-preview:-1"},"canonical":"https:\/\/vosgesinfo.fr\/saintdieinfo\/2024\/09\/des-deposes-minute-devant-lecole-gaston-colnat\/","twitter_card":"summary_large_image","twitter_title":"Des d\u00e9poses-minute devant l'\u00e9cole Gaston-Colnat - Saint Die Info","twitter_description":"&nbsp; 9 places d\u00e9poses-minute se sont mat\u00e9rialis\u00e9es en fin de semaine derni\u00e8re devant l&rsquo;entr\u00e9e, c\u00f4t\u00e9 \u00e9l\u00e9mentaire, de l&rsquo;\u00e9cole Gaston-Colnat de [&hellip;]","twitter_image":"https:\/\/vosgesinfo.fr\/app\/uploads\/sites\/4\/2024\/09\/depose-minute-ecole-gaston-colnat-4-scaled.jpg","twitter_creator":"@VosgesInfo88","twitter_site":"@VosgesInfo88","twitter_misc":{"\u00c9crit par":"J.J.","Dur\u00e9e de lecture estim\u00e9e":"2 minutes"},"schema":{"@context":"https:\/\/schema.org","@graph":[{"@type":"Article","@id":"https:\/\/vosgesinfo.fr\/saintdieinfo\/2024\/09\/des-deposes-minute-devant-lecole-gaston-colnat\/#article","isPartOf":{"@id":"https:\/\/vosgesinfo.fr\/saintdieinfo\/2024\/09\/des-deposes-minute-devant-lecole-gaston-colnat\/"},"author":{"name":"J.J.","@id":"https:\/\/vosgesinfo.fr\/saintdieinfo\/#\/schema\/person\/fa73e9f726d67bb88f46d5b7943cb572"},"headline":"Des d\u00e9poses-minute devant l&rsquo;\u00e9cole Gaston-Colnat","datePublished":"2024-09-05T07:19:25+00:00","dateModified":"2024-09-05T07:28:14+00:00","mainEntityOfPage":{"@id":"https:\/\/vosgesinfo.fr\/saintdieinfo\/2024\/09\/des-deposes-minute-devant-lecole-gaston-colnat\/"},"wordCount":279,"commentCount":2,"publisher":{"@id":"https:\/\/vosgesinfo.fr\/saintdieinfo\/#organization"},"image":{"@id":"https:\/\/vosgesinfo.fr\/saintdieinfo\/2024\/09\/des-deposes-minute-devant-lecole-gaston-colnat\/#primaryimage"},"thumbnailUrl":"https:\/\/vosgesinfo.fr\/app\/uploads\/sites\/4\/2024\/09\/depose-minute-ecole-gaston-colnat-4-scaled.jpg","keywords":["Bruno Toussaint","D\u00e9pose-minute","Ecole Gaston-Colnat","R\u00e9alisation de d\u00e9pose-minute devant l'\u00e9cole Gaston-Colnat"],"articleSection":["A la Une","\u00c9ducation","Saint-Di\u00e9-des-Vosges"],"inLanguage":"fr-FR","potentialAction":[{"@type":"CommentAction","name":"Comment","target":["https:\/\/vosgesinfo.fr\/saintdieinfo\/2024\/09\/des-deposes-minute-devant-lecole-gaston-colnat\/#respond"]}]},{"@type":"WebPage","@id":"https:\/\/vosgesinfo.fr\/saintdieinfo\/2024\/09\/des-deposes-minute-devant-lecole-gaston-colnat\/","url":"https:\/\/vosgesinfo.fr\/saintdieinfo\/2024\/09\/des-deposes-minute-devant-lecole-gaston-colnat\/","name":"Des d\u00e9poses-minute devant l'\u00e9cole Gaston-Colnat - Saint Die Info","isPartOf":{"@id":"https:\/\/vosgesinfo.fr\/saintdieinfo\/#website"},"primaryImageOfPage":{"@id":"https:\/\/vosgesinfo.fr\/saintdieinfo\/2024\/09\/des-deposes-minute-devant-lecole-gaston-colnat\/#primaryimage"},"image":{"@id":"https:\/\/vosgesinfo.fr\/saintdieinfo\/2024\/09\/des-deposes-minute-devant-lecole-gaston-colnat\/#primaryimage"},"thumbnailUrl":"https:\/\/vosgesinfo.fr\/app\/uploads\/sites\/4\/2024\/09\/depose-minute-ecole-gaston-colnat-4-scaled.jpg","datePublished":"2024-09-05T07:19:25+00:00","dateModified":"2024-09-05T07:28:14+00:00","breadcrumb":{"@id":"https:\/\/vosgesinfo.fr\/saintdieinfo\/2024\/09\/des-deposes-minute-devant-lecole-gaston-colnat\/#breadcrumb"},"inLanguage":"fr-FR","potentialAction":[{"@type":"ReadAction","target":["https:\/\/vosgesinfo.fr\/saintdieinfo\/2024\/09\/des-deposes-minute-devant-lecole-gaston-colnat\/"]}]},{"@type":"ImageObject","inLanguage":"fr-FR","@id":"https:\/\/vosgesinfo.fr\/saintdieinfo\/2024\/09\/des-deposes-minute-devant-lecole-gaston-colnat\/#primaryimage","url":"https:\/\/vosgesinfo.fr\/app\/uploads\/sites\/4\/2024\/09\/depose-minute-ecole-gaston-colnat-4-scaled.jpg","contentUrl":"https:\/\/vosgesinfo.fr\/app\/uploads\/sites\/4\/2024\/09\/depose-minute-ecole-gaston-colnat-4-scaled.jpg","width":2560,"height":1928},{"@type":"BreadcrumbList","@id":"https:\/\/vosgesinfo.fr\/saintdieinfo\/2024\/09\/des-deposes-minute-devant-lecole-gaston-colnat\/#breadcrumb","itemListElement":[{"@type":"ListItem","position":1,"name":"Home","item":"https:\/\/vosgesinfo.fr\/saintdieinfo\/"},{"@type":"ListItem","position":2,"name":"Des d\u00e9poses-minute devant l&#8217;\u00e9cole Gaston-Colnat"}]},{"@type":"WebSite","@id":"https:\/\/vosgesinfo.fr\/saintdieinfo\/#website","url":"https:\/\/vosgesinfo.fr\/saintdieinfo\/","name":"Saint Die Info","description":"Toute l&#039;actualit\u00e9 de Saint-Di\u00e9-Des-Vosges","publisher":{"@id":"https:\/\/vosgesinfo.fr\/saintdieinfo\/#organization"},"alternateName":"Toute l'actualit\u00e9 de Saint-Di\u00e9-Des-Vosges","potentialAction":[{"@type":"SearchAction","target":{"@type":"EntryPoint","urlTemplate":"https:\/\/vosgesinfo.fr\/saintdieinfo\/?s={search_term_string}"},"query-input":"required name=search_term_string"}],"inLanguage":"fr-FR"},{"@type":"Organization","@id":"https:\/\/vosgesinfo.fr\/saintdieinfo\/#organization","name":"Saint Die Info","url":"https:\/\/vosgesinfo.fr\/saintdieinfo\/","logo":{"@type":"ImageObject","inLanguage":"fr-FR","@id":"https:\/\/vosgesinfo.fr\/saintdieinfo\/#\/schema\/logo\/image\/","url":"https:\/\/vosgesinfo.fr\/app\/uploads\/sites\/4\/2024\/02\/logo-sdi.jpg","contentUrl":"https:\/\/vosgesinfo.fr\/app\/uploads\/sites\/4\/2024\/02\/logo-sdi.jpg","width":600,"height":600,"caption":"Saint Die Info"},"image":{"@id":"https:\/\/vosgesinfo.fr\/saintdieinfo\/#\/schema\/logo\/image\/"},"sameAs":["https:\/\/www.facebook.com\/Saintdieinfofr","https:\/\/x.com\/VosgesInfo88","https:\/\/www.youtube.com\/@vosgesinfo"]},{"@type":"Person","@id":"https:\/\/vosgesinfo.fr\/saintdieinfo\/#\/schema\/person\/fa73e9f726d67bb88f46d5b7943cb572","name":"J.J.","image":{"@type":"ImageObject","inLanguage":"fr-FR","@id":"https:\/\/vosgesinfo.fr\/saintdieinfo\/#\/schema\/person\/image\/","url":"https:\/\/secure.gravatar.com\/avatar\/219e749e47ffbcca018a360ae4add7d4cdf1cdaaf8bc7676b27efade3fe65615?s=96&d=mm&r=g","contentUrl":"https:\/\/secure.gravatar.com\/avatar\/219e749e47ffbcca018a360ae4add7d4cdf1cdaaf8bc7676b27efade3fe65615?s=96&d=mm&r=g","caption":"J.J."},"url":"https:\/\/vosgesinfo.fr\/saintdieinfo\/author\/j-j\/"}]}},"_links":{"self":[{"href":"https:\/\/vosgesinfo.fr\/saintdieinfo\/wp-json\/wp\/v2\/posts\/67849","targetHints":{"allow":["GET"]}}],"collection":[{"href":"https:\/\/vosgesinfo.fr\/saintdieinfo\/wp-json\/wp\/v2\/posts"}],"about":[{"href":"https:\/\/vosgesinfo.fr\/saintdieinfo\/wp-json\/wp\/v2\/types\/post"}],"author":[{"embeddable":true,"href":"https:\/\/vosgesinfo.fr\/saintdieinfo\/wp-json\/wp\/v2\/users\/46"}],"replies":[{"embeddable":true,"href":"https:\/\/vosgesinfo.fr\/saintdieinfo\/wp-json\/wp\/v2\/comments?post=67849"}],"version-history":[{"count":3,"href":"https:\/\/vosgesinfo.fr\/saintdieinfo\/wp-json\/wp\/v2\/posts\/67849\/revisions"}],"predecessor-version":[{"id":67857,"href":"https:\/\/vosgesinfo.fr\/saintdieinfo\/wp-json\/wp\/v2\/posts\/67849\/revisions\/67857"}],"wp:featuredmedia":[{"embeddable":true,"href":"https:\/\/vosgesinfo.fr\/saintdieinfo\/wp-json\/wp\/v2\/media\/67853"}],"wp:attachment":[{"href":"https:\/\/vosgesinfo.fr\/saintdieinfo\/wp-json\/wp\/v2\/media?parent=67849"}],"wp:term":[{"taxonomy":"category","embeddable":true,"href":"https:\/\/vosgesinfo.fr\/saintdieinfo\/wp-json\/wp\/v2\/categories?post=67849"},{"taxonomy":"post_tag","embeddable":true,"href":"https:\/\/vosgesinfo.fr\/saintdieinfo\/wp-json\/wp\/v2\/tags?post=67849"}],"curies":[{"name":"wp","href":"https:\/\/api.w.org\/{rel}","templated":true}]}}