{"id":67855,"date":"2024-09-05T09:50:43","date_gmt":"2024-09-05T07:50:43","guid":{"rendered":"https:\/\/vosgesinfo.fr\/saintdieinfo\/?p=67855"},"modified":"2024-09-06T09:17:34","modified_gmt":"2024-09-06T07:17:34","slug":"point-meteo-un-mois-daout-deodatien-relativement-dans-la-moyenne","status":"publish","type":"post","link":"https:\/\/vosgesinfo.fr\/saintdieinfo\/2024\/09\/point-meteo-un-mois-daout-deodatien-relativement-dans-la-moyenne\/","title":{"rendered":"Point m\u00e9t\u00e9o\u00a0: un mois d&rsquo;ao\u00fbt d\u00e9odatien relativement dans la moyenne"},"content":{"rendered":"<p><a href=\"https:\/\/vosgesinfo.fr\/app\/uploads\/sites\/4\/2024\/09\/point-meteo-aout-2024-scaled.jpg\"><img decoding=\"async\" class=\"alignnone size-large wp-image-67864\" src=\"https:\/\/vosgesinfo.fr\/app\/uploads\/sites\/4\/2024\/09\/point-meteo-aout-2024-1024x771.jpg\" alt=\"\" width=\"1024\" height=\"771\" srcset=\"https:\/\/vosgesinfo.fr\/app\/uploads\/sites\/4\/2024\/09\/point-meteo-aout-2024-1024x771.jpg 1024w, https:\/\/vosgesinfo.fr\/app\/uploads\/sites\/4\/2024\/09\/point-meteo-aout-2024-300x226.jpg 300w, https:\/\/vosgesinfo.fr\/app\/uploads\/sites\/4\/2024\/09\/point-meteo-aout-2024-768x578.jpg 768w, https:\/\/vosgesinfo.fr\/app\/uploads\/sites\/4\/2024\/09\/point-meteo-aout-2024-1536x1157.jpg 1536w, https:\/\/vosgesinfo.fr\/app\/uploads\/sites\/4\/2024\/09\/point-meteo-aout-2024-2048x1542.jpg 2048w\" sizes=\"(max-width: 1024px) 100vw, 1024px\" \/><\/a><\/p>\n<h2>Les donn\u00e9es de l\u2019article proviennent de Daniel Cl\u00e9ment, D\u00e9odatien que nous remercions une fois de plus.<\/h2>\n<p><!--more--><\/p>\n<p>Les vacances d&rsquo;\u00e9t\u00e9 sont termin\u00e9es et l&rsquo;heure de la rentr\u00e9e a sonn\u00e9. L&rsquo;occasion de faire un point m\u00e9t\u00e9o sur le mois d&rsquo;ao\u00fbt d\u00e9odatien, qui s&rsquo;inscrit dans la moyenne.<\/p>\n<p>C\u00f4t\u00e9 temp\u00e9ratures, le thermom\u00e8tre a oscill\u00e9 le mois dernier entre <strong>+8,2\u00b0C<\/strong> et <strong>+32,7\u00b0C<\/strong>, pour une moyenne de <strong>+20,2\u00b0C<\/strong>. Soit <strong>+0,4\u00b0C<\/strong> au-dessus de la moyenne calcul\u00e9e depuis 2015. Pour rappel, les temp\u00e9ratures maximales s&rsquo;\u00e9levaient respectivement \u00e0 <strong>+40\u00b0C<\/strong> et <strong>+38\u00b0C<\/strong> en 2015 et 2022.<\/p>\n<p>Concernant la pluie, <strong>92mm<\/strong> de pr\u00e9cipitations ont \u00e9t\u00e9 relev\u00e9es lors de 8 jours pluvieux, avec <strong>33mm<\/strong> pour la seule journ\u00e9e du 2 ao\u00fbt. C&rsquo;est <strong>7mm<\/strong> de plus que la moyenne de <strong>85mm<\/strong>, calcul\u00e9e depuis 1999. Depuis octobre 2023 \u00e0 Saint-Di\u00e9-des-Vosges, nous sommes au-dessus de la moyenne pluviom\u00e9trique.<\/p>\n<p>Le cumul pluviom\u00e9trique est de <strong>899mm<\/strong> depuis le 1er janvier 2024. C&rsquo;est <strong>221mm<\/strong> de plus que la moyenne, l\u00e0 aussi calcul\u00e9e depuis 1999. Ce qui repr\u00e9sente 2 bons mois d&rsquo;avance&#8230; sachant que <strong>47mm<\/strong> de pluie sont d\u00e9j\u00e0 tomb\u00e9s sur la cit\u00e9 d\u00e9odatienne depuis d\u00e9but septembre.<\/p>\n<p>J.J.<\/p>\n","protected":false},"excerpt":{"rendered":"<p>Les donn\u00e9es de l\u2019article proviennent de Daniel Cl\u00e9ment, D\u00e9odatien que nous remercions une fois de plus.<\/p>\n","protected":false},"author":46,"featured_media":67864,"comment_status":"open","ping_status":"open","sticky":false,"template":"","format":"standard","meta":{"footnotes":""},"categories":[460,167],"tags":[14702,3572,3180],"class_list":["post-67855","post","type-post","status-publish","format-standard","has-post-thumbnail","hentry","category-a-la-une","category-saint-die-des-vosges","tag-aout-2024","tag-daniel-clement","tag-point-meteo"],"acf":[],"yoast_head":"<!-- This site is optimized with the Yoast SEO plugin v22.5 - https:\/\/yoast.com\/wordpress\/plugins\/seo\/ -->\n<title>Point m\u00e9t\u00e9o\u00a0: un mois d&#039;ao\u00fbt d\u00e9odatien relativement dans la moyenne - Saint Die Info<\/title>\n<meta name=\"robots\" content=\"index, follow, max-snippet:-1, max-image-preview:large, max-video-preview:-1\" \/>\n<link rel=\"canonical\" href=\"https:\/\/vosgesinfo.fr\/saintdieinfo\/2024\/09\/point-meteo-un-mois-daout-deodatien-relativement-dans-la-moyenne\/\" \/>\n<meta name=\"twitter:card\" content=\"summary_large_image\" \/>\n<meta name=\"twitter:title\" content=\"Point m\u00e9t\u00e9o\u00a0: un mois d&#039;ao\u00fbt d\u00e9odatien relativement dans la moyenne - Saint Die Info\" \/>\n<meta name=\"twitter:description\" content=\"Les donn\u00e9es de l\u2019article proviennent de Daniel Cl\u00e9ment, D\u00e9odatien que nous remercions une fois de plus.\" \/>\n<meta name=\"twitter:image\" content=\"https:\/\/vosgesinfo.fr\/app\/uploads\/sites\/4\/2024\/09\/point-meteo-aout-2024-scaled.jpg\" \/>\n<meta name=\"twitter:creator\" content=\"@VosgesInfo88\" \/>\n<meta name=\"twitter:site\" content=\"@VosgesInfo88\" \/>\n<meta name=\"twitter:label1\" content=\"\u00c9crit par\" \/>\n\t<meta name=\"twitter:data1\" content=\"J.J.\" \/>\n\t<meta name=\"twitter:label2\" content=\"Dur\u00e9e de lecture estim\u00e9e\" \/>\n\t<meta name=\"twitter:data2\" content=\"2 minutes\" \/>\n<script type=\"application\/ld+json\" class=\"yoast-schema-graph\">{\"@context\":\"https:\/\/schema.org\",\"@graph\":[{\"@type\":\"Article\",\"@id\":\"https:\/\/vosgesinfo.fr\/saintdieinfo\/2024\/09\/point-meteo-un-mois-daout-deodatien-relativement-dans-la-moyenne\/#article\",\"isPartOf\":{\"@id\":\"https:\/\/vosgesinfo.fr\/saintdieinfo\/2024\/09\/point-meteo-un-mois-daout-deodatien-relativement-dans-la-moyenne\/\"},\"author\":{\"name\":\"J.J.\",\"@id\":\"https:\/\/vosgesinfo.fr\/saintdieinfo\/#\/schema\/person\/fa73e9f726d67bb88f46d5b7943cb572\"},\"headline\":\"Point m\u00e9t\u00e9o\u00a0: un mois d&rsquo;ao\u00fbt d\u00e9odatien relativement dans la moyenne\",\"datePublished\":\"2024-09-05T07:50:43+00:00\",\"dateModified\":\"2024-09-06T07:17:34+00:00\",\"mainEntityOfPage\":{\"@id\":\"https:\/\/vosgesinfo.fr\/saintdieinfo\/2024\/09\/point-meteo-un-mois-daout-deodatien-relativement-dans-la-moyenne\/\"},\"wordCount\":221,\"commentCount\":0,\"publisher\":{\"@id\":\"https:\/\/vosgesinfo.fr\/saintdieinfo\/#organization\"},\"image\":{\"@id\":\"https:\/\/vosgesinfo.fr\/saintdieinfo\/2024\/09\/point-meteo-un-mois-daout-deodatien-relativement-dans-la-moyenne\/#primaryimage\"},\"thumbnailUrl\":\"https:\/\/vosgesinfo.fr\/app\/uploads\/sites\/4\/2024\/09\/point-meteo-aout-2024-scaled.jpg\",\"keywords\":[\"Ao\u00fbt 2024\",\"Daniel Cl\u00e9ment\",\"Point m\u00e9t\u00e9o\"],\"articleSection\":[\"A la Une\",\"Saint-Di\u00e9-des-Vosges\"],\"inLanguage\":\"fr-FR\",\"potentialAction\":[{\"@type\":\"CommentAction\",\"name\":\"Comment\",\"target\":[\"https:\/\/vosgesinfo.fr\/saintdieinfo\/2024\/09\/point-meteo-un-mois-daout-deodatien-relativement-dans-la-moyenne\/#respond\"]}]},{\"@type\":\"WebPage\",\"@id\":\"https:\/\/vosgesinfo.fr\/saintdieinfo\/2024\/09\/point-meteo-un-mois-daout-deodatien-relativement-dans-la-moyenne\/\",\"url\":\"https:\/\/vosgesinfo.fr\/saintdieinfo\/2024\/09\/point-meteo-un-mois-daout-deodatien-relativement-dans-la-moyenne\/\",\"name\":\"Point m\u00e9t\u00e9o\u00a0: un mois d'ao\u00fbt d\u00e9odatien relativement dans la moyenne - Saint Die Info\",\"isPartOf\":{\"@id\":\"https:\/\/vosgesinfo.fr\/saintdieinfo\/#website\"},\"primaryImageOfPage\":{\"@id\":\"https:\/\/vosgesinfo.fr\/saintdieinfo\/2024\/09\/point-meteo-un-mois-daout-deodatien-relativement-dans-la-moyenne\/#primaryimage\"},\"image\":{\"@id\":\"https:\/\/vosgesinfo.fr\/saintdieinfo\/2024\/09\/point-meteo-un-mois-daout-deodatien-relativement-dans-la-moyenne\/#primaryimage\"},\"thumbnailUrl\":\"https:\/\/vosgesinfo.fr\/app\/uploads\/sites\/4\/2024\/09\/point-meteo-aout-2024-scaled.jpg\",\"datePublished\":\"2024-09-05T07:50:43+00:00\",\"dateModified\":\"2024-09-06T07:17:34+00:00\",\"breadcrumb\":{\"@id\":\"https:\/\/vosgesinfo.fr\/saintdieinfo\/2024\/09\/point-meteo-un-mois-daout-deodatien-relativement-dans-la-moyenne\/#breadcrumb\"},\"inLanguage\":\"fr-FR\",\"potentialAction\":[{\"@type\":\"ReadAction\",\"target\":[\"https:\/\/vosgesinfo.fr\/saintdieinfo\/2024\/09\/point-meteo-un-mois-daout-deodatien-relativement-dans-la-moyenne\/\"]}]},{\"@type\":\"ImageObject\",\"inLanguage\":\"fr-FR\",\"@id\":\"https:\/\/vosgesinfo.fr\/saintdieinfo\/2024\/09\/point-meteo-un-mois-daout-deodatien-relativement-dans-la-moyenne\/#primaryimage\",\"url\":\"https:\/\/vosgesinfo.fr\/app\/uploads\/sites\/4\/2024\/09\/point-meteo-aout-2024-scaled.jpg\",\"contentUrl\":\"https:\/\/vosgesinfo.fr\/app\/uploads\/sites\/4\/2024\/09\/point-meteo-aout-2024-scaled.jpg\",\"width\":2560,\"height\":1928},{\"@type\":\"BreadcrumbList\",\"@id\":\"https:\/\/vosgesinfo.fr\/saintdieinfo\/2024\/09\/point-meteo-un-mois-daout-deodatien-relativement-dans-la-moyenne\/#breadcrumb\",\"itemListElement\":[{\"@type\":\"ListItem\",\"position\":1,\"name\":\"Home\",\"item\":\"https:\/\/vosgesinfo.fr\/saintdieinfo\/\"},{\"@type\":\"ListItem\",\"position\":2,\"name\":\"Point m\u00e9t\u00e9o\u00a0: un mois d&#8217;ao\u00fbt d\u00e9odatien relativement dans la moyenne\"}]},{\"@type\":\"WebSite\",\"@id\":\"https:\/\/vosgesinfo.fr\/saintdieinfo\/#website\",\"url\":\"https:\/\/vosgesinfo.fr\/saintdieinfo\/\",\"name\":\"Saint Die Info\",\"description\":\"Toute l&#039;actualit\u00e9 de Saint-Di\u00e9-Des-Vosges\",\"publisher\":{\"@id\":\"https:\/\/vosgesinfo.fr\/saintdieinfo\/#organization\"},\"alternateName\":\"Toute l'actualit\u00e9 de Saint-Di\u00e9-Des-Vosges\",\"potentialAction\":[{\"@type\":\"SearchAction\",\"target\":{\"@type\":\"EntryPoint\",\"urlTemplate\":\"https:\/\/vosgesinfo.fr\/saintdieinfo\/?s={search_term_string}\"},\"query-input\":\"required name=search_term_string\"}],\"inLanguage\":\"fr-FR\"},{\"@type\":\"Organization\",\"@id\":\"https:\/\/vosgesinfo.fr\/saintdieinfo\/#organization\",\"name\":\"Saint Die Info\",\"url\":\"https:\/\/vosgesinfo.fr\/saintdieinfo\/\",\"logo\":{\"@type\":\"ImageObject\",\"inLanguage\":\"fr-FR\",\"@id\":\"https:\/\/vosgesinfo.fr\/saintdieinfo\/#\/schema\/logo\/image\/\",\"url\":\"https:\/\/vosgesinfo.fr\/app\/uploads\/sites\/4\/2024\/02\/logo-sdi.jpg\",\"contentUrl\":\"https:\/\/vosgesinfo.fr\/app\/uploads\/sites\/4\/2024\/02\/logo-sdi.jpg\",\"width\":600,\"height\":600,\"caption\":\"Saint Die Info\"},\"image\":{\"@id\":\"https:\/\/vosgesinfo.fr\/saintdieinfo\/#\/schema\/logo\/image\/\"},\"sameAs\":[\"https:\/\/www.facebook.com\/Saintdieinfofr\",\"https:\/\/x.com\/VosgesInfo88\",\"https:\/\/www.youtube.com\/@vosgesinfo\"]},{\"@type\":\"Person\",\"@id\":\"https:\/\/vosgesinfo.fr\/saintdieinfo\/#\/schema\/person\/fa73e9f726d67bb88f46d5b7943cb572\",\"name\":\"J.J.\",\"image\":{\"@type\":\"ImageObject\",\"inLanguage\":\"fr-FR\",\"@id\":\"https:\/\/vosgesinfo.fr\/saintdieinfo\/#\/schema\/person\/image\/\",\"url\":\"https:\/\/secure.gravatar.com\/avatar\/219e749e47ffbcca018a360ae4add7d4cdf1cdaaf8bc7676b27efade3fe65615?s=96&d=mm&r=g\",\"contentUrl\":\"https:\/\/secure.gravatar.com\/avatar\/219e749e47ffbcca018a360ae4add7d4cdf1cdaaf8bc7676b27efade3fe65615?s=96&d=mm&r=g\",\"caption\":\"J.J.\"},\"url\":\"https:\/\/vosgesinfo.fr\/saintdieinfo\/author\/j-j\/\"}]}<\/script>\n<!-- \/ Yoast SEO plugin. -->","yoast_head_json":{"title":"Point m\u00e9t\u00e9o\u00a0: un mois d'ao\u00fbt d\u00e9odatien relativement dans la moyenne - Saint Die Info","robots":{"index":"index","follow":"follow","max-snippet":"max-snippet:-1","max-image-preview":"max-image-preview:large","max-video-preview":"max-video-preview:-1"},"canonical":"https:\/\/vosgesinfo.fr\/saintdieinfo\/2024\/09\/point-meteo-un-mois-daout-deodatien-relativement-dans-la-moyenne\/","twitter_card":"summary_large_image","twitter_title":"Point m\u00e9t\u00e9o\u00a0: un mois d'ao\u00fbt d\u00e9odatien relativement dans la moyenne - Saint Die Info","twitter_description":"Les donn\u00e9es de l\u2019article proviennent de Daniel Cl\u00e9ment, D\u00e9odatien que nous remercions une fois de plus.","twitter_image":"https:\/\/vosgesinfo.fr\/app\/uploads\/sites\/4\/2024\/09\/point-meteo-aout-2024-scaled.jpg","twitter_creator":"@VosgesInfo88","twitter_site":"@VosgesInfo88","twitter_misc":{"\u00c9crit par":"J.J.","Dur\u00e9e de lecture estim\u00e9e":"2 minutes"},"schema":{"@context":"https:\/\/schema.org","@graph":[{"@type":"Article","@id":"https:\/\/vosgesinfo.fr\/saintdieinfo\/2024\/09\/point-meteo-un-mois-daout-deodatien-relativement-dans-la-moyenne\/#article","isPartOf":{"@id":"https:\/\/vosgesinfo.fr\/saintdieinfo\/2024\/09\/point-meteo-un-mois-daout-deodatien-relativement-dans-la-moyenne\/"},"author":{"name":"J.J.","@id":"https:\/\/vosgesinfo.fr\/saintdieinfo\/#\/schema\/person\/fa73e9f726d67bb88f46d5b7943cb572"},"headline":"Point m\u00e9t\u00e9o\u00a0: un mois d&rsquo;ao\u00fbt d\u00e9odatien relativement dans la moyenne","datePublished":"2024-09-05T07:50:43+00:00","dateModified":"2024-09-06T07:17:34+00:00","mainEntityOfPage":{"@id":"https:\/\/vosgesinfo.fr\/saintdieinfo\/2024\/09\/point-meteo-un-mois-daout-deodatien-relativement-dans-la-moyenne\/"},"wordCount":221,"commentCount":0,"publisher":{"@id":"https:\/\/vosgesinfo.fr\/saintdieinfo\/#organization"},"image":{"@id":"https:\/\/vosgesinfo.fr\/saintdieinfo\/2024\/09\/point-meteo-un-mois-daout-deodatien-relativement-dans-la-moyenne\/#primaryimage"},"thumbnailUrl":"https:\/\/vosgesinfo.fr\/app\/uploads\/sites\/4\/2024\/09\/point-meteo-aout-2024-scaled.jpg","keywords":["Ao\u00fbt 2024","Daniel Cl\u00e9ment","Point m\u00e9t\u00e9o"],"articleSection":["A la Une","Saint-Di\u00e9-des-Vosges"],"inLanguage":"fr-FR","potentialAction":[{"@type":"CommentAction","name":"Comment","target":["https:\/\/vosgesinfo.fr\/saintdieinfo\/2024\/09\/point-meteo-un-mois-daout-deodatien-relativement-dans-la-moyenne\/#respond"]}]},{"@type":"WebPage","@id":"https:\/\/vosgesinfo.fr\/saintdieinfo\/2024\/09\/point-meteo-un-mois-daout-deodatien-relativement-dans-la-moyenne\/","url":"https:\/\/vosgesinfo.fr\/saintdieinfo\/2024\/09\/point-meteo-un-mois-daout-deodatien-relativement-dans-la-moyenne\/","name":"Point m\u00e9t\u00e9o\u00a0: un mois d'ao\u00fbt d\u00e9odatien relativement dans la moyenne - Saint Die Info","isPartOf":{"@id":"https:\/\/vosgesinfo.fr\/saintdieinfo\/#website"},"primaryImageOfPage":{"@id":"https:\/\/vosgesinfo.fr\/saintdieinfo\/2024\/09\/point-meteo-un-mois-daout-deodatien-relativement-dans-la-moyenne\/#primaryimage"},"image":{"@id":"https:\/\/vosgesinfo.fr\/saintdieinfo\/2024\/09\/point-meteo-un-mois-daout-deodatien-relativement-dans-la-moyenne\/#primaryimage"},"thumbnailUrl":"https:\/\/vosgesinfo.fr\/app\/uploads\/sites\/4\/2024\/09\/point-meteo-aout-2024-scaled.jpg","datePublished":"2024-09-05T07:50:43+00:00","dateModified":"2024-09-06T07:17:34+00:00","breadcrumb":{"@id":"https:\/\/vosgesinfo.fr\/saintdieinfo\/2024\/09\/point-meteo-un-mois-daout-deodatien-relativement-dans-la-moyenne\/#breadcrumb"},"inLanguage":"fr-FR","potentialAction":[{"@type":"ReadAction","target":["https:\/\/vosgesinfo.fr\/saintdieinfo\/2024\/09\/point-meteo-un-mois-daout-deodatien-relativement-dans-la-moyenne\/"]}]},{"@type":"ImageObject","inLanguage":"fr-FR","@id":"https:\/\/vosgesinfo.fr\/saintdieinfo\/2024\/09\/point-meteo-un-mois-daout-deodatien-relativement-dans-la-moyenne\/#primaryimage","url":"https:\/\/vosgesinfo.fr\/app\/uploads\/sites\/4\/2024\/09\/point-meteo-aout-2024-scaled.jpg","contentUrl":"https:\/\/vosgesinfo.fr\/app\/uploads\/sites\/4\/2024\/09\/point-meteo-aout-2024-scaled.jpg","width":2560,"height":1928},{"@type":"BreadcrumbList","@id":"https:\/\/vosgesinfo.fr\/saintdieinfo\/2024\/09\/point-meteo-un-mois-daout-deodatien-relativement-dans-la-moyenne\/#breadcrumb","itemListElement":[{"@type":"ListItem","position":1,"name":"Home","item":"https:\/\/vosgesinfo.fr\/saintdieinfo\/"},{"@type":"ListItem","position":2,"name":"Point m\u00e9t\u00e9o\u00a0: un mois d&#8217;ao\u00fbt d\u00e9odatien relativement dans la moyenne"}]},{"@type":"WebSite","@id":"https:\/\/vosgesinfo.fr\/saintdieinfo\/#website","url":"https:\/\/vosgesinfo.fr\/saintdieinfo\/","name":"Saint Die Info","description":"Toute l&#039;actualit\u00e9 de Saint-Di\u00e9-Des-Vosges","publisher":{"@id":"https:\/\/vosgesinfo.fr\/saintdieinfo\/#organization"},"alternateName":"Toute l'actualit\u00e9 de Saint-Di\u00e9-Des-Vosges","potentialAction":[{"@type":"SearchAction","target":{"@type":"EntryPoint","urlTemplate":"https:\/\/vosgesinfo.fr\/saintdieinfo\/?s={search_term_string}"},"query-input":"required name=search_term_string"}],"inLanguage":"fr-FR"},{"@type":"Organization","@id":"https:\/\/vosgesinfo.fr\/saintdieinfo\/#organization","name":"Saint Die Info","url":"https:\/\/vosgesinfo.fr\/saintdieinfo\/","logo":{"@type":"ImageObject","inLanguage":"fr-FR","@id":"https:\/\/vosgesinfo.fr\/saintdieinfo\/#\/schema\/logo\/image\/","url":"https:\/\/vosgesinfo.fr\/app\/uploads\/sites\/4\/2024\/02\/logo-sdi.jpg","contentUrl":"https:\/\/vosgesinfo.fr\/app\/uploads\/sites\/4\/2024\/02\/logo-sdi.jpg","width":600,"height":600,"caption":"Saint Die Info"},"image":{"@id":"https:\/\/vosgesinfo.fr\/saintdieinfo\/#\/schema\/logo\/image\/"},"sameAs":["https:\/\/www.facebook.com\/Saintdieinfofr","https:\/\/x.com\/VosgesInfo88","https:\/\/www.youtube.com\/@vosgesinfo"]},{"@type":"Person","@id":"https:\/\/vosgesinfo.fr\/saintdieinfo\/#\/schema\/person\/fa73e9f726d67bb88f46d5b7943cb572","name":"J.J.","image":{"@type":"ImageObject","inLanguage":"fr-FR","@id":"https:\/\/vosgesinfo.fr\/saintdieinfo\/#\/schema\/person\/image\/","url":"https:\/\/secure.gravatar.com\/avatar\/219e749e47ffbcca018a360ae4add7d4cdf1cdaaf8bc7676b27efade3fe65615?s=96&d=mm&r=g","contentUrl":"https:\/\/secure.gravatar.com\/avatar\/219e749e47ffbcca018a360ae4add7d4cdf1cdaaf8bc7676b27efade3fe65615?s=96&d=mm&r=g","caption":"J.J."},"url":"https:\/\/vosgesinfo.fr\/saintdieinfo\/author\/j-j\/"}]}},"_links":{"self":[{"href":"https:\/\/vosgesinfo.fr\/saintdieinfo\/wp-json\/wp\/v2\/posts\/67855","targetHints":{"allow":["GET"]}}],"collection":[{"href":"https:\/\/vosgesinfo.fr\/saintdieinfo\/wp-json\/wp\/v2\/posts"}],"about":[{"href":"https:\/\/vosgesinfo.fr\/saintdieinfo\/wp-json\/wp\/v2\/types\/post"}],"author":[{"embeddable":true,"href":"https:\/\/vosgesinfo.fr\/saintdieinfo\/wp-json\/wp\/v2\/users\/46"}],"replies":[{"embeddable":true,"href":"https:\/\/vosgesinfo.fr\/saintdieinfo\/wp-json\/wp\/v2\/comments?post=67855"}],"version-history":[{"count":3,"href":"https:\/\/vosgesinfo.fr\/saintdieinfo\/wp-json\/wp\/v2\/posts\/67855\/revisions"}],"predecessor-version":[{"id":67922,"href":"https:\/\/vosgesinfo.fr\/saintdieinfo\/wp-json\/wp\/v2\/posts\/67855\/revisions\/67922"}],"wp:featuredmedia":[{"embeddable":true,"href":"https:\/\/vosgesinfo.fr\/saintdieinfo\/wp-json\/wp\/v2\/media\/67864"}],"wp:attachment":[{"href":"https:\/\/vosgesinfo.fr\/saintdieinfo\/wp-json\/wp\/v2\/media?parent=67855"}],"wp:term":[{"taxonomy":"category","embeddable":true,"href":"https:\/\/vosgesinfo.fr\/saintdieinfo\/wp-json\/wp\/v2\/categories?post=67855"},{"taxonomy":"post_tag","embeddable":true,"href":"https:\/\/vosgesinfo.fr\/saintdieinfo\/wp-json\/wp\/v2\/tags?post=67855"}],"curies":[{"name":"wp","href":"https:\/\/api.w.org\/{rel}","templated":true}]}}