{"id":68011,"date":"2024-09-09T10:05:35","date_gmt":"2024-09-09T08:05:35","guid":{"rendered":"https:\/\/vosgesinfo.fr\/saintdieinfo\/?p=68011"},"modified":"2024-09-09T10:05:35","modified_gmt":"2024-09-09T08:05:35","slug":"corcieux-cine-rencontre-avec-jacques-cuny","status":"publish","type":"post","link":"https:\/\/vosgesinfo.fr\/saintdieinfo\/2024\/09\/corcieux-cine-rencontre-avec-jacques-cuny\/","title":{"rendered":"Corcieux \u2013 Cin\u00e9-rencontre avec Jacques Cuny"},"content":{"rendered":"<p><a href=\"https:\/\/vosgesinfo.fr\/app\/uploads\/sites\/4\/2024\/09\/corcieux-cine-rencontre-jacques-cuny.jpg\"><img decoding=\"async\" class=\"alignnone size-large wp-image-68012\" src=\"https:\/\/vosgesinfo.fr\/app\/uploads\/sites\/4\/2024\/09\/corcieux-cine-rencontre-jacques-cuny-579x1024.jpg\" alt=\"\" width=\"579\" height=\"1024\" srcset=\"https:\/\/vosgesinfo.fr\/app\/uploads\/sites\/4\/2024\/09\/corcieux-cine-rencontre-jacques-cuny-579x1024.jpg 579w, https:\/\/vosgesinfo.fr\/app\/uploads\/sites\/4\/2024\/09\/corcieux-cine-rencontre-jacques-cuny-170x300.jpg 170w, https:\/\/vosgesinfo.fr\/app\/uploads\/sites\/4\/2024\/09\/corcieux-cine-rencontre-jacques-cuny.jpg 600w\" sizes=\"(max-width: 579px) 100vw, 579px\" \/><\/a><\/p>\n<h2>En \u00e9cho \u00e0 la Journ\u00e9e europ\u00e9enne du Patrimoine, et \u00e0 l&rsquo;invitation de la mairie de Corcieux, Jacques Cuny pr\u00e9sentera son film \u00ab\u00a0De lumi\u00e8re et de brume\u00a0\u00bb au Cin\u00e9ma de Corcieux le samedi 21 septembre 2024 \u00e0 18 h.<\/h2>\n<p><!--more--><\/p>\n<h3>De lumi\u00e8re et de brume &#8211; r\u00e9alisation Jacques Cuny &#8211; 2012 &#8211; 71 mn<\/h3>\n<p>Il faut de la passion, de la pers\u00e9v\u00e9rance mais aussi l\u2019envie d\u2019aller gratter le verni d\u2019une image trop acad\u00e9mique pour d\u00e9couvrir la montagne vosgienne par l\u2019autre face. L\u00e8ve-t\u00f4t et quasiment imperm\u00e9able aux al\u00e9as climatiques qui fa\u00e7onnent pourtant le quotidien des \u00ab\u00a0Hauts\u00a0\u00bb, Jacques Cuny, \u00e0 travers ce nouveau film, met en lumi\u00e8re une autre image des Vosges. Sans folklore, sans la moindre d\u00e9marche de reconstitution, il livre aussi les t\u00e9moignages authentiques de personnages attachants qui vivent au rythme de la nature, dans la simplicit\u00e9. Les uns et les autres partagent un m\u00eame quotidien dans une convivialit\u00e9 sinc\u00e8re, autour de savoureuses volutes sorties d\u2019un bon bol de caf\u00e9 chaud. Le sens de l\u2019hospitalit\u00e9 est l\u00e0, comme celui de la solidarit\u00e9 entre voisins, mais aussi entre un p\u00e8re et son fils qui se pr\u00e9pare \u00e0 assurer la post\u00e9rit\u00e9. Il n\u2019y a pas de nostalgie lorsque le pr\u00e9sent s\u2019inscrit dans cette trace ind\u00e9l\u00e9bile. Demain encore, la lumi\u00e8re percera les brumes dans la simple relation \u00e0 la nature. Au fil des saisons. Au fil du temps.<\/p>\n<h3>Voir la bande-annonce :<\/h3>\n<p><iframe loading=\"lazy\" title=\"dvd n\u00b015 &quot;DE LUMIERE ET DE BRUME&quot;\" width=\"500\" height=\"281\" src=\"https:\/\/www.youtube.com\/embed\/zxQWeV_KvNU?feature=oembed\" frameborder=\"0\" allow=\"accelerometer; autoplay; clipboard-write; encrypted-media; gyroscope; picture-in-picture; web-share\" referrerpolicy=\"strict-origin-when-cross-origin\" allowfullscreen><\/iframe><\/p>\n","protected":false},"excerpt":{"rendered":"<p>En \u00e9cho \u00e0 la Journ\u00e9e europ\u00e9enne du Patrimoine, et \u00e0 l&rsquo;invitation de la mairie de Corcieux, Jacques Cuny pr\u00e9sentera son [&hellip;]<\/p>\n","protected":false},"author":46,"featured_media":68012,"comment_status":"open","ping_status":"open","sticky":false,"template":"","format":"standard","meta":{"footnotes":""},"categories":[460,7847,3903,5391],"tags":[14733,1824,14734,3190,2163],"class_list":["post-68011","post","type-post","status-publish","format-standard","has-post-thumbnail","hentry","category-a-la-une","category-art-culture","category-deodatie","category-gerardmer","tag-cine-rencontre-avec-jacques-cuny","tag-corcieux","tag-de-lumiere-et-de-brume","tag-jacques-cuny","tag-journees-europeennes-du-patrimoine"],"acf":[],"yoast_head":"<!-- This site is optimized with the Yoast SEO plugin v22.5 - https:\/\/yoast.com\/wordpress\/plugins\/seo\/ -->\n<title>Corcieux \u2013 Cin\u00e9-rencontre avec Jacques Cuny - Saint Die Info<\/title>\n<meta name=\"robots\" content=\"index, follow, max-snippet:-1, max-image-preview:large, max-video-preview:-1\" \/>\n<link rel=\"canonical\" href=\"https:\/\/vosgesinfo.fr\/saintdieinfo\/?p=68011\" \/>\n<meta name=\"twitter:card\" content=\"summary_large_image\" \/>\n<meta name=\"twitter:title\" content=\"Corcieux \u2013 Cin\u00e9-rencontre avec Jacques Cuny - Saint Die Info\" \/>\n<meta name=\"twitter:description\" content=\"En \u00e9cho \u00e0 la Journ\u00e9e europ\u00e9enne du Patrimoine, et \u00e0 l&rsquo;invitation de la mairie de Corcieux, Jacques Cuny pr\u00e9sentera son [&hellip;]\" \/>\n<meta name=\"twitter:image\" content=\"https:\/\/vosgesinfo.fr\/app\/uploads\/sites\/4\/2024\/09\/corcieux-cine-rencontre-jacques-cuny.jpg\" \/>\n<meta name=\"twitter:creator\" content=\"@VosgesInfo88\" \/>\n<meta name=\"twitter:site\" content=\"@VosgesInfo88\" \/>\n<meta name=\"twitter:label1\" content=\"\u00c9crit par\" \/>\n\t<meta name=\"twitter:data1\" content=\"J.J.\" \/>\n\t<meta name=\"twitter:label2\" content=\"Dur\u00e9e de lecture estim\u00e9e\" \/>\n\t<meta name=\"twitter:data2\" content=\"2 minutes\" \/>\n<script type=\"application\/ld+json\" class=\"yoast-schema-graph\">{\"@context\":\"https:\/\/schema.org\",\"@graph\":[{\"@type\":\"Article\",\"@id\":\"https:\/\/vosgesinfo.fr\/saintdieinfo\/?p=68011#article\",\"isPartOf\":{\"@id\":\"https:\/\/vosgesinfo.fr\/saintdieinfo\/?p=68011\"},\"author\":{\"name\":\"J.J.\",\"@id\":\"https:\/\/vosgesinfo.fr\/saintdieinfo\/#\/schema\/person\/fa73e9f726d67bb88f46d5b7943cb572\"},\"headline\":\"Corcieux \u2013 Cin\u00e9-rencontre avec Jacques Cuny\",\"datePublished\":\"2024-09-09T08:05:35+00:00\",\"dateModified\":\"2024-09-09T08:05:35+00:00\",\"mainEntityOfPage\":{\"@id\":\"https:\/\/vosgesinfo.fr\/saintdieinfo\/?p=68011\"},\"wordCount\":266,\"commentCount\":0,\"publisher\":{\"@id\":\"https:\/\/vosgesinfo.fr\/saintdieinfo\/#organization\"},\"image\":{\"@id\":\"https:\/\/vosgesinfo.fr\/saintdieinfo\/?p=68011#primaryimage\"},\"thumbnailUrl\":\"https:\/\/vosgesinfo.fr\/app\/uploads\/sites\/4\/2024\/09\/corcieux-cine-rencontre-jacques-cuny.jpg\",\"keywords\":[\"Cin\u00e9-rencontre avec Jacques Cuny\",\"Corcieux\",\"De lumi\u00e8re et de brume\",\"Jacques Cuny\",\"journ\u00e9es europ\u00e9ennes du patrimoine\"],\"articleSection\":[\"A la Une\",\"Culture\",\"D\u00e9odatie\",\"Gerardmer\"],\"inLanguage\":\"fr-FR\",\"potentialAction\":[{\"@type\":\"CommentAction\",\"name\":\"Comment\",\"target\":[\"https:\/\/vosgesinfo.fr\/saintdieinfo\/?p=68011#respond\"]}]},{\"@type\":\"WebPage\",\"@id\":\"https:\/\/vosgesinfo.fr\/saintdieinfo\/?p=68011\",\"url\":\"https:\/\/vosgesinfo.fr\/saintdieinfo\/?p=68011\",\"name\":\"Corcieux \u2013 Cin\u00e9-rencontre avec Jacques Cuny - Saint Die Info\",\"isPartOf\":{\"@id\":\"https:\/\/vosgesinfo.fr\/saintdieinfo\/#website\"},\"primaryImageOfPage\":{\"@id\":\"https:\/\/vosgesinfo.fr\/saintdieinfo\/?p=68011#primaryimage\"},\"image\":{\"@id\":\"https:\/\/vosgesinfo.fr\/saintdieinfo\/?p=68011#primaryimage\"},\"thumbnailUrl\":\"https:\/\/vosgesinfo.fr\/app\/uploads\/sites\/4\/2024\/09\/corcieux-cine-rencontre-jacques-cuny.jpg\",\"datePublished\":\"2024-09-09T08:05:35+00:00\",\"dateModified\":\"2024-09-09T08:05:35+00:00\",\"breadcrumb\":{\"@id\":\"https:\/\/vosgesinfo.fr\/saintdieinfo\/?p=68011#breadcrumb\"},\"inLanguage\":\"fr-FR\",\"potentialAction\":[{\"@type\":\"ReadAction\",\"target\":[\"https:\/\/vosgesinfo.fr\/saintdieinfo\/?p=68011\"]}]},{\"@type\":\"ImageObject\",\"inLanguage\":\"fr-FR\",\"@id\":\"https:\/\/vosgesinfo.fr\/saintdieinfo\/?p=68011#primaryimage\",\"url\":\"https:\/\/vosgesinfo.fr\/app\/uploads\/sites\/4\/2024\/09\/corcieux-cine-rencontre-jacques-cuny.jpg\",\"contentUrl\":\"https:\/\/vosgesinfo.fr\/app\/uploads\/sites\/4\/2024\/09\/corcieux-cine-rencontre-jacques-cuny.jpg\",\"width\":600,\"height\":1061},{\"@type\":\"BreadcrumbList\",\"@id\":\"https:\/\/vosgesinfo.fr\/saintdieinfo\/?p=68011#breadcrumb\",\"itemListElement\":[{\"@type\":\"ListItem\",\"position\":1,\"name\":\"Home\",\"item\":\"https:\/\/vosgesinfo.fr\/saintdieinfo\/\"},{\"@type\":\"ListItem\",\"position\":2,\"name\":\"Corcieux \u2013 Cin\u00e9-rencontre avec Jacques Cuny\"}]},{\"@type\":\"WebSite\",\"@id\":\"https:\/\/vosgesinfo.fr\/saintdieinfo\/#website\",\"url\":\"https:\/\/vosgesinfo.fr\/saintdieinfo\/\",\"name\":\"Saint Die Info\",\"description\":\"Toute l&#039;actualit\u00e9 de Saint-Di\u00e9-Des-Vosges\",\"publisher\":{\"@id\":\"https:\/\/vosgesinfo.fr\/saintdieinfo\/#organization\"},\"alternateName\":\"Toute l'actualit\u00e9 de Saint-Di\u00e9-Des-Vosges\",\"potentialAction\":[{\"@type\":\"SearchAction\",\"target\":{\"@type\":\"EntryPoint\",\"urlTemplate\":\"https:\/\/vosgesinfo.fr\/saintdieinfo\/?s={search_term_string}\"},\"query-input\":\"required name=search_term_string\"}],\"inLanguage\":\"fr-FR\"},{\"@type\":\"Organization\",\"@id\":\"https:\/\/vosgesinfo.fr\/saintdieinfo\/#organization\",\"name\":\"Saint Die Info\",\"url\":\"https:\/\/vosgesinfo.fr\/saintdieinfo\/\",\"logo\":{\"@type\":\"ImageObject\",\"inLanguage\":\"fr-FR\",\"@id\":\"https:\/\/vosgesinfo.fr\/saintdieinfo\/#\/schema\/logo\/image\/\",\"url\":\"https:\/\/vosgesinfo.fr\/app\/uploads\/sites\/4\/2024\/02\/logo-sdi.jpg\",\"contentUrl\":\"https:\/\/vosgesinfo.fr\/app\/uploads\/sites\/4\/2024\/02\/logo-sdi.jpg\",\"width\":600,\"height\":600,\"caption\":\"Saint Die Info\"},\"image\":{\"@id\":\"https:\/\/vosgesinfo.fr\/saintdieinfo\/#\/schema\/logo\/image\/\"},\"sameAs\":[\"https:\/\/www.facebook.com\/Saintdieinfofr\",\"https:\/\/x.com\/VosgesInfo88\",\"https:\/\/www.youtube.com\/@vosgesinfo\"]},{\"@type\":\"Person\",\"@id\":\"https:\/\/vosgesinfo.fr\/saintdieinfo\/#\/schema\/person\/fa73e9f726d67bb88f46d5b7943cb572\",\"name\":\"J.J.\",\"image\":{\"@type\":\"ImageObject\",\"inLanguage\":\"fr-FR\",\"@id\":\"https:\/\/vosgesinfo.fr\/saintdieinfo\/#\/schema\/person\/image\/\",\"url\":\"https:\/\/secure.gravatar.com\/avatar\/219e749e47ffbcca018a360ae4add7d4cdf1cdaaf8bc7676b27efade3fe65615?s=96&d=mm&r=g\",\"contentUrl\":\"https:\/\/secure.gravatar.com\/avatar\/219e749e47ffbcca018a360ae4add7d4cdf1cdaaf8bc7676b27efade3fe65615?s=96&d=mm&r=g\",\"caption\":\"J.J.\"},\"url\":\"https:\/\/vosgesinfo.fr\/saintdieinfo\/author\/j-j\/\"}]}<\/script>\n<!-- \/ Yoast SEO plugin. -->","yoast_head_json":{"title":"Corcieux \u2013 Cin\u00e9-rencontre avec Jacques Cuny - Saint Die Info","robots":{"index":"index","follow":"follow","max-snippet":"max-snippet:-1","max-image-preview":"max-image-preview:large","max-video-preview":"max-video-preview:-1"},"canonical":"https:\/\/vosgesinfo.fr\/saintdieinfo\/?p=68011","twitter_card":"summary_large_image","twitter_title":"Corcieux \u2013 Cin\u00e9-rencontre avec Jacques Cuny - Saint Die Info","twitter_description":"En \u00e9cho \u00e0 la Journ\u00e9e europ\u00e9enne du Patrimoine, et \u00e0 l&rsquo;invitation de la mairie de Corcieux, Jacques Cuny pr\u00e9sentera son [&hellip;]","twitter_image":"https:\/\/vosgesinfo.fr\/app\/uploads\/sites\/4\/2024\/09\/corcieux-cine-rencontre-jacques-cuny.jpg","twitter_creator":"@VosgesInfo88","twitter_site":"@VosgesInfo88","twitter_misc":{"\u00c9crit par":"J.J.","Dur\u00e9e de lecture estim\u00e9e":"2 minutes"},"schema":{"@context":"https:\/\/schema.org","@graph":[{"@type":"Article","@id":"https:\/\/vosgesinfo.fr\/saintdieinfo\/?p=68011#article","isPartOf":{"@id":"https:\/\/vosgesinfo.fr\/saintdieinfo\/?p=68011"},"author":{"name":"J.J.","@id":"https:\/\/vosgesinfo.fr\/saintdieinfo\/#\/schema\/person\/fa73e9f726d67bb88f46d5b7943cb572"},"headline":"Corcieux \u2013 Cin\u00e9-rencontre avec Jacques Cuny","datePublished":"2024-09-09T08:05:35+00:00","dateModified":"2024-09-09T08:05:35+00:00","mainEntityOfPage":{"@id":"https:\/\/vosgesinfo.fr\/saintdieinfo\/?p=68011"},"wordCount":266,"commentCount":0,"publisher":{"@id":"https:\/\/vosgesinfo.fr\/saintdieinfo\/#organization"},"image":{"@id":"https:\/\/vosgesinfo.fr\/saintdieinfo\/?p=68011#primaryimage"},"thumbnailUrl":"https:\/\/vosgesinfo.fr\/app\/uploads\/sites\/4\/2024\/09\/corcieux-cine-rencontre-jacques-cuny.jpg","keywords":["Cin\u00e9-rencontre avec Jacques Cuny","Corcieux","De lumi\u00e8re et de brume","Jacques Cuny","journ\u00e9es europ\u00e9ennes du patrimoine"],"articleSection":["A la Une","Culture","D\u00e9odatie","Gerardmer"],"inLanguage":"fr-FR","potentialAction":[{"@type":"CommentAction","name":"Comment","target":["https:\/\/vosgesinfo.fr\/saintdieinfo\/?p=68011#respond"]}]},{"@type":"WebPage","@id":"https:\/\/vosgesinfo.fr\/saintdieinfo\/?p=68011","url":"https:\/\/vosgesinfo.fr\/saintdieinfo\/?p=68011","name":"Corcieux \u2013 Cin\u00e9-rencontre avec Jacques Cuny - Saint Die Info","isPartOf":{"@id":"https:\/\/vosgesinfo.fr\/saintdieinfo\/#website"},"primaryImageOfPage":{"@id":"https:\/\/vosgesinfo.fr\/saintdieinfo\/?p=68011#primaryimage"},"image":{"@id":"https:\/\/vosgesinfo.fr\/saintdieinfo\/?p=68011#primaryimage"},"thumbnailUrl":"https:\/\/vosgesinfo.fr\/app\/uploads\/sites\/4\/2024\/09\/corcieux-cine-rencontre-jacques-cuny.jpg","datePublished":"2024-09-09T08:05:35+00:00","dateModified":"2024-09-09T08:05:35+00:00","breadcrumb":{"@id":"https:\/\/vosgesinfo.fr\/saintdieinfo\/?p=68011#breadcrumb"},"inLanguage":"fr-FR","potentialAction":[{"@type":"ReadAction","target":["https:\/\/vosgesinfo.fr\/saintdieinfo\/?p=68011"]}]},{"@type":"ImageObject","inLanguage":"fr-FR","@id":"https:\/\/vosgesinfo.fr\/saintdieinfo\/?p=68011#primaryimage","url":"https:\/\/vosgesinfo.fr\/app\/uploads\/sites\/4\/2024\/09\/corcieux-cine-rencontre-jacques-cuny.jpg","contentUrl":"https:\/\/vosgesinfo.fr\/app\/uploads\/sites\/4\/2024\/09\/corcieux-cine-rencontre-jacques-cuny.jpg","width":600,"height":1061},{"@type":"BreadcrumbList","@id":"https:\/\/vosgesinfo.fr\/saintdieinfo\/?p=68011#breadcrumb","itemListElement":[{"@type":"ListItem","position":1,"name":"Home","item":"https:\/\/vosgesinfo.fr\/saintdieinfo\/"},{"@type":"ListItem","position":2,"name":"Corcieux \u2013 Cin\u00e9-rencontre avec Jacques Cuny"}]},{"@type":"WebSite","@id":"https:\/\/vosgesinfo.fr\/saintdieinfo\/#website","url":"https:\/\/vosgesinfo.fr\/saintdieinfo\/","name":"Saint Die Info","description":"Toute l&#039;actualit\u00e9 de Saint-Di\u00e9-Des-Vosges","publisher":{"@id":"https:\/\/vosgesinfo.fr\/saintdieinfo\/#organization"},"alternateName":"Toute l'actualit\u00e9 de Saint-Di\u00e9-Des-Vosges","potentialAction":[{"@type":"SearchAction","target":{"@type":"EntryPoint","urlTemplate":"https:\/\/vosgesinfo.fr\/saintdieinfo\/?s={search_term_string}"},"query-input":"required name=search_term_string"}],"inLanguage":"fr-FR"},{"@type":"Organization","@id":"https:\/\/vosgesinfo.fr\/saintdieinfo\/#organization","name":"Saint Die Info","url":"https:\/\/vosgesinfo.fr\/saintdieinfo\/","logo":{"@type":"ImageObject","inLanguage":"fr-FR","@id":"https:\/\/vosgesinfo.fr\/saintdieinfo\/#\/schema\/logo\/image\/","url":"https:\/\/vosgesinfo.fr\/app\/uploads\/sites\/4\/2024\/02\/logo-sdi.jpg","contentUrl":"https:\/\/vosgesinfo.fr\/app\/uploads\/sites\/4\/2024\/02\/logo-sdi.jpg","width":600,"height":600,"caption":"Saint Die Info"},"image":{"@id":"https:\/\/vosgesinfo.fr\/saintdieinfo\/#\/schema\/logo\/image\/"},"sameAs":["https:\/\/www.facebook.com\/Saintdieinfofr","https:\/\/x.com\/VosgesInfo88","https:\/\/www.youtube.com\/@vosgesinfo"]},{"@type":"Person","@id":"https:\/\/vosgesinfo.fr\/saintdieinfo\/#\/schema\/person\/fa73e9f726d67bb88f46d5b7943cb572","name":"J.J.","image":{"@type":"ImageObject","inLanguage":"fr-FR","@id":"https:\/\/vosgesinfo.fr\/saintdieinfo\/#\/schema\/person\/image\/","url":"https:\/\/secure.gravatar.com\/avatar\/219e749e47ffbcca018a360ae4add7d4cdf1cdaaf8bc7676b27efade3fe65615?s=96&d=mm&r=g","contentUrl":"https:\/\/secure.gravatar.com\/avatar\/219e749e47ffbcca018a360ae4add7d4cdf1cdaaf8bc7676b27efade3fe65615?s=96&d=mm&r=g","caption":"J.J."},"url":"https:\/\/vosgesinfo.fr\/saintdieinfo\/author\/j-j\/"}]}},"_links":{"self":[{"href":"https:\/\/vosgesinfo.fr\/saintdieinfo\/wp-json\/wp\/v2\/posts\/68011","targetHints":{"allow":["GET"]}}],"collection":[{"href":"https:\/\/vosgesinfo.fr\/saintdieinfo\/wp-json\/wp\/v2\/posts"}],"about":[{"href":"https:\/\/vosgesinfo.fr\/saintdieinfo\/wp-json\/wp\/v2\/types\/post"}],"author":[{"embeddable":true,"href":"https:\/\/vosgesinfo.fr\/saintdieinfo\/wp-json\/wp\/v2\/users\/46"}],"replies":[{"embeddable":true,"href":"https:\/\/vosgesinfo.fr\/saintdieinfo\/wp-json\/wp\/v2\/comments?post=68011"}],"version-history":[{"count":2,"href":"https:\/\/vosgesinfo.fr\/saintdieinfo\/wp-json\/wp\/v2\/posts\/68011\/revisions"}],"predecessor-version":[{"id":68014,"href":"https:\/\/vosgesinfo.fr\/saintdieinfo\/wp-json\/wp\/v2\/posts\/68011\/revisions\/68014"}],"wp:featuredmedia":[{"embeddable":true,"href":"https:\/\/vosgesinfo.fr\/saintdieinfo\/wp-json\/wp\/v2\/media\/68012"}],"wp:attachment":[{"href":"https:\/\/vosgesinfo.fr\/saintdieinfo\/wp-json\/wp\/v2\/media?parent=68011"}],"wp:term":[{"taxonomy":"category","embeddable":true,"href":"https:\/\/vosgesinfo.fr\/saintdieinfo\/wp-json\/wp\/v2\/categories?post=68011"},{"taxonomy":"post_tag","embeddable":true,"href":"https:\/\/vosgesinfo.fr\/saintdieinfo\/wp-json\/wp\/v2\/tags?post=68011"}],"curies":[{"name":"wp","href":"https:\/\/api.w.org\/{rel}","templated":true}]}}