{"id":68471,"date":"2024-09-22T13:11:48","date_gmt":"2024-09-22T11:11:48","guid":{"rendered":"https:\/\/vosgesinfo.fr\/saintdieinfo\/?p=68471"},"modified":"2024-09-22T13:12:46","modified_gmt":"2024-09-22T11:12:46","slug":"remomeix-8-jeunes-de-la-deodatie-decrochent-leur-brevet-dinitiation-aeronautique","status":"publish","type":"post","link":"https:\/\/vosgesinfo.fr\/saintdieinfo\/2024\/09\/remomeix-8-jeunes-de-la-deodatie-decrochent-leur-brevet-dinitiation-aeronautique\/","title":{"rendered":"Remomeix \u2013 8 jeunes de la D\u00e9odatie d\u00e9crochent leur Brevet d&rsquo;Initiation A\u00e9ronautique"},"content":{"rendered":"<div id=\"attachment_68473\" style=\"width: 1034px\" class=\"wp-caption alignnone\"><a href=\"https:\/\/vosgesinfo.fr\/app\/uploads\/sites\/4\/2024\/09\/bia-lycee-georges-baumont-3.jpg\"><img decoding=\"async\" aria-describedby=\"caption-attachment-68473\" class=\"wp-image-68473 size-full\" src=\"https:\/\/vosgesinfo.fr\/app\/uploads\/sites\/4\/2024\/09\/bia-lycee-georges-baumont-3.jpg\" alt=\"\" width=\"1024\" height=\"683\" srcset=\"https:\/\/vosgesinfo.fr\/app\/uploads\/sites\/4\/2024\/09\/bia-lycee-georges-baumont-3.jpg 1024w, https:\/\/vosgesinfo.fr\/app\/uploads\/sites\/4\/2024\/09\/bia-lycee-georges-baumont-3-300x200.jpg 300w, https:\/\/vosgesinfo.fr\/app\/uploads\/sites\/4\/2024\/09\/bia-lycee-georges-baumont-3-768x512.jpg 768w\" sizes=\"(max-width: 1024px) 100vw, 1024px\" \/><\/a><p id=\"caption-attachment-68473\" class=\"wp-caption-text\">(Photographies Marc Fourniquet)<\/p><\/div>\n<h2><span style=\"font-family: Calibri, sans-serif;\"><span style=\"font-size: large;\">Hier samedi 21 septembre, 8 jeunes ont r\u00e9alis\u00e9 un vol d&rsquo;initiation \u00e0 l&rsquo;a\u00e9rodrome Ren\u00e9-Fonck de Remomeix. Un vol qui fait suite \u00e0 leur r\u00e9ussite \u00e0 l&rsquo;examen du Brevet d&rsquo;Initiation A\u00e9ronautique \u2013 BIA.<\/span><\/span><\/h2>\n<p><!--more--><\/p>\n<p><span style=\"font-family: Calibri, sans-serif;\"><span style=\"font-size: large;\">Sur 12 candidats au d\u00e9part, 8 sont donc admis, dont 6 avec mentions \u2013 4 Tr\u00e8s Bien, Bien, 1 Assez Bien. A noter \u00e9galement que 2 des laur\u00e9ats sont \u00e2g\u00e9s de 13 et 14 ans. Ce qui est assez exceptionnel pour le souligner.<br \/>\n<\/span><\/span><\/p>\n<p><span style=\"font-family: Calibri, sans-serif;\"><span style=\"font-size: large;\">Pour la D\u00e9odatie, la formation au BIA est pilot\u00e9e \u2013 c&rsquo;est le cas de le dire \u2013 par le lyc\u00e9e Georges-Baumont. En partenariat avec des b\u00e9n\u00e9voles membres de l&rsquo;a\u00e9roclub de Saint-Di\u00e9-des-Vosges\/Remomeix, Jean-Marc Fantoni, directeur d\u00e9l\u00e9gu\u00e9 aux formations professionnelles et technologiques du lyc\u00e9e polyvalent d\u00e9odatien, propose gratuitement aux \u00e9l\u00e8ves et \u00e9tudiants de diff\u00e9rents \u00e9tablissements scolaires cette formation.<\/span><\/span><\/p>\n<p><span style=\"font-family: Calibri, sans-serif;\"><span style=\"font-size: large;\">La formation, qui s&rsquo;\u00e9tend sur 40h, est organis\u00e9e les samedis matins dans les locaux de l&rsquo;IUT de Saint-Di\u00e9-des-Vosges. Elle s&rsquo;articule autour de 5 th\u00e9matiques. Respectivement la m\u00e9t\u00e9orologie et l&rsquo;a\u00e9rologie\u00a0; l&rsquo;a\u00e9rodynamique, l&rsquo;a\u00e9rostatique et les principes de vols\u00a0; l&rsquo;\u00e9tude des a\u00e9ronefs et des engins spatiaux\u00a0; la navigation, la r\u00e9glementation et la s\u00e9curit\u00e9 des vols\u00a0; l&rsquo;histoire et la culture de l&rsquo;a\u00e9ronautique et du spatial.<\/span><\/span><\/p>\n<p><span style=\"font-family: Calibri, sans-serif;\"><span style=\"font-size: large;\">Au terme de ces 40h, les \u00e9l\u00e8ves et \u00e9tudiants passent un examen national, le BIA, qui constitue le premier examen dans le domaine de l&rsquo;a\u00e9ronautique. \u00ab\u00a0Hormis la d\u00e9couverte d&rsquo;un milieu passionnant et porteur d&#8217;emplois, les laur\u00e9ats pourront obtenir des bourses substantielles vers\u00e9es par le CFAS \u2013 Conseil National des F\u00e9d\u00e9rations A\u00e9ronautiques et Sportives \u2013 pour les aider \u00e0 passer leur brevet de pilote\u00a0\u00bb pr\u00e9cise Jean-Marc Fantoni.<\/span><\/span><\/p>\n\n\t\t<style type=\"text\/css\">\n\t\t\t#gallery-1 {\n\t\t\t\tmargin: auto;\n\t\t\t}\n\t\t\t#gallery-1 .gallery-item {\n\t\t\t\tfloat: left;\n\t\t\t\tmargin-top: 10px;\n\t\t\t\ttext-align: center;\n\t\t\t\twidth: 33%;\n\t\t\t}\n\t\t\t#gallery-1 img {\n\t\t\t\tborder: 2px solid #cfcfcf;\n\t\t\t}\n\t\t\t#gallery-1 .gallery-caption {\n\t\t\t\tmargin-left: 0;\n\t\t\t}\n\t\t\t\/* see gallery_shortcode() in wp-includes\/media.php *\/\n\t\t<\/style>\n\t\t<div id='gallery-1' class='gallery galleryid-68471 gallery-columns-3 gallery-size-thumbnail'><dl class='gallery-item'>\n\t\t\t<dt class='gallery-icon landscape'>\n\t\t\t\t<a href='https:\/\/vosgesinfo.fr\/app\/uploads\/sites\/4\/2024\/09\/bia-lycee-georges-baumont-4.jpg'><img decoding=\"async\" width=\"150\" height=\"150\" src=\"https:\/\/vosgesinfo.fr\/app\/uploads\/sites\/4\/2024\/09\/bia-lycee-georges-baumont-4-150x150.jpg\" class=\"attachment-thumbnail size-thumbnail\" alt=\"\" \/><\/a>\n\t\t\t<\/dt><\/dl><dl class='gallery-item'>\n\t\t\t<dt class='gallery-icon landscape'>\n\t\t\t\t<a href='https:\/\/vosgesinfo.fr\/app\/uploads\/sites\/4\/2024\/09\/bia-lycee-georges-baumont-1.jpg'><img decoding=\"async\" width=\"150\" height=\"150\" src=\"https:\/\/vosgesinfo.fr\/app\/uploads\/sites\/4\/2024\/09\/bia-lycee-georges-baumont-1-150x150.jpg\" class=\"attachment-thumbnail size-thumbnail\" alt=\"\" \/><\/a>\n\t\t\t<\/dt><\/dl><dl class='gallery-item'>\n\t\t\t<dt class='gallery-icon landscape'>\n\t\t\t\t<a href='https:\/\/vosgesinfo.fr\/app\/uploads\/sites\/4\/2024\/09\/bia-lycee-georges-baumont-2.jpg'><img decoding=\"async\" width=\"150\" height=\"150\" src=\"https:\/\/vosgesinfo.fr\/app\/uploads\/sites\/4\/2024\/09\/bia-lycee-georges-baumont-2-150x150.jpg\" class=\"attachment-thumbnail size-thumbnail\" alt=\"\" \/><\/a>\n\t\t\t<\/dt><\/dl><br style=\"clear: both\" \/>\n\t\t<\/div>\n\n","protected":false},"excerpt":{"rendered":"<p>Hier samedi 21 septembre, 8 jeunes ont r\u00e9alis\u00e9 un vol d&rsquo;initiation \u00e0 l&rsquo;a\u00e9rodrome Ren\u00e9-Fonck de Remomeix. Un vol qui fait [&hellip;]<\/p>\n","protected":false},"author":46,"featured_media":68473,"comment_status":"open","ping_status":"open","sticky":false,"template":"","format":"standard","meta":{"footnotes":""},"categories":[460,3903,6],"tags":[11756,14350,14351,3205,14836,3371,3262],"class_list":["post-68471","post","type-post","status-publish","format-standard","has-post-thumbnail","hentry","category-a-la-une","category-deodatie","category-education","tag-aerodrome-rene-fonck","tag-bia","tag-brevet-dinitiation-aeronautique","tag-iut-de-saint-die-des-vosges","tag-jean-marc-fantoni","tag-lycee-georges-baumont","tag-remomeix"],"acf":[],"yoast_head":"<!-- This site is optimized with the Yoast SEO plugin v22.5 - https:\/\/yoast.com\/wordpress\/plugins\/seo\/ -->\n<title>Remomeix \u2013 8 jeunes de la D\u00e9odatie d\u00e9crochent leur Brevet d&#039;Initiation A\u00e9ronautique - Saint Die Info<\/title>\n<meta name=\"robots\" content=\"index, follow, max-snippet:-1, max-image-preview:large, max-video-preview:-1\" \/>\n<link rel=\"canonical\" href=\"https:\/\/vosgesinfo.fr\/saintdieinfo\/2024\/09\/remomeix-8-jeunes-de-la-deodatie-decrochent-leur-brevet-dinitiation-aeronautique\/\" \/>\n<meta name=\"twitter:card\" content=\"summary_large_image\" \/>\n<meta name=\"twitter:title\" content=\"Remomeix \u2013 8 jeunes de la D\u00e9odatie d\u00e9crochent leur Brevet d&#039;Initiation A\u00e9ronautique - Saint Die Info\" \/>\n<meta name=\"twitter:description\" content=\"Hier samedi 21 septembre, 8 jeunes ont r\u00e9alis\u00e9 un vol d&rsquo;initiation \u00e0 l&rsquo;a\u00e9rodrome Ren\u00e9-Fonck de Remomeix. Un vol qui fait [&hellip;]\" \/>\n<meta name=\"twitter:image\" content=\"https:\/\/vosgesinfo.fr\/app\/uploads\/sites\/4\/2024\/09\/bia-lycee-georges-baumont-3.jpg\" \/>\n<meta name=\"twitter:creator\" content=\"@VosgesInfo88\" \/>\n<meta name=\"twitter:site\" content=\"@VosgesInfo88\" \/>\n<meta name=\"twitter:label1\" content=\"\u00c9crit par\" \/>\n\t<meta name=\"twitter:data1\" content=\"J.J.\" \/>\n\t<meta name=\"twitter:label2\" content=\"Dur\u00e9e de lecture estim\u00e9e\" \/>\n\t<meta name=\"twitter:data2\" content=\"2 minutes\" \/>\n<script type=\"application\/ld+json\" class=\"yoast-schema-graph\">{\"@context\":\"https:\/\/schema.org\",\"@graph\":[{\"@type\":\"Article\",\"@id\":\"https:\/\/vosgesinfo.fr\/saintdieinfo\/2024\/09\/remomeix-8-jeunes-de-la-deodatie-decrochent-leur-brevet-dinitiation-aeronautique\/#article\",\"isPartOf\":{\"@id\":\"https:\/\/vosgesinfo.fr\/saintdieinfo\/2024\/09\/remomeix-8-jeunes-de-la-deodatie-decrochent-leur-brevet-dinitiation-aeronautique\/\"},\"author\":{\"name\":\"J.J.\",\"@id\":\"https:\/\/vosgesinfo.fr\/saintdieinfo\/#\/schema\/person\/fa73e9f726d67bb88f46d5b7943cb572\"},\"headline\":\"Remomeix \u2013 8 jeunes de la D\u00e9odatie d\u00e9crochent leur Brevet d&rsquo;Initiation A\u00e9ronautique\",\"datePublished\":\"2024-09-22T11:11:48+00:00\",\"dateModified\":\"2024-09-22T11:12:46+00:00\",\"mainEntityOfPage\":{\"@id\":\"https:\/\/vosgesinfo.fr\/saintdieinfo\/2024\/09\/remomeix-8-jeunes-de-la-deodatie-decrochent-leur-brevet-dinitiation-aeronautique\/\"},\"wordCount\":327,\"commentCount\":0,\"publisher\":{\"@id\":\"https:\/\/vosgesinfo.fr\/saintdieinfo\/#organization\"},\"image\":{\"@id\":\"https:\/\/vosgesinfo.fr\/saintdieinfo\/2024\/09\/remomeix-8-jeunes-de-la-deodatie-decrochent-leur-brevet-dinitiation-aeronautique\/#primaryimage\"},\"thumbnailUrl\":\"https:\/\/vosgesinfo.fr\/app\/uploads\/sites\/4\/2024\/09\/bia-lycee-georges-baumont-3.jpg\",\"keywords\":[\"A\u00e9rodrome Ren\u00e9 Fonck\",\"BIA\",\"Br\u00e9vet d'Initiation A\u00e9ronautique\",\"IUT de Saint-Di\u00e9-des-Vosges\",\"Jean-Marc Fantoni\",\"Lyc\u00e9e Georges-Baumont\",\"Remomeix\"],\"articleSection\":[\"A la Une\",\"D\u00e9odatie\",\"\u00c9ducation\"],\"inLanguage\":\"fr-FR\",\"potentialAction\":[{\"@type\":\"CommentAction\",\"name\":\"Comment\",\"target\":[\"https:\/\/vosgesinfo.fr\/saintdieinfo\/2024\/09\/remomeix-8-jeunes-de-la-deodatie-decrochent-leur-brevet-dinitiation-aeronautique\/#respond\"]}]},{\"@type\":\"WebPage\",\"@id\":\"https:\/\/vosgesinfo.fr\/saintdieinfo\/2024\/09\/remomeix-8-jeunes-de-la-deodatie-decrochent-leur-brevet-dinitiation-aeronautique\/\",\"url\":\"https:\/\/vosgesinfo.fr\/saintdieinfo\/2024\/09\/remomeix-8-jeunes-de-la-deodatie-decrochent-leur-brevet-dinitiation-aeronautique\/\",\"name\":\"Remomeix \u2013 8 jeunes de la D\u00e9odatie d\u00e9crochent leur Brevet d'Initiation A\u00e9ronautique - Saint Die Info\",\"isPartOf\":{\"@id\":\"https:\/\/vosgesinfo.fr\/saintdieinfo\/#website\"},\"primaryImageOfPage\":{\"@id\":\"https:\/\/vosgesinfo.fr\/saintdieinfo\/2024\/09\/remomeix-8-jeunes-de-la-deodatie-decrochent-leur-brevet-dinitiation-aeronautique\/#primaryimage\"},\"image\":{\"@id\":\"https:\/\/vosgesinfo.fr\/saintdieinfo\/2024\/09\/remomeix-8-jeunes-de-la-deodatie-decrochent-leur-brevet-dinitiation-aeronautique\/#primaryimage\"},\"thumbnailUrl\":\"https:\/\/vosgesinfo.fr\/app\/uploads\/sites\/4\/2024\/09\/bia-lycee-georges-baumont-3.jpg\",\"datePublished\":\"2024-09-22T11:11:48+00:00\",\"dateModified\":\"2024-09-22T11:12:46+00:00\",\"breadcrumb\":{\"@id\":\"https:\/\/vosgesinfo.fr\/saintdieinfo\/2024\/09\/remomeix-8-jeunes-de-la-deodatie-decrochent-leur-brevet-dinitiation-aeronautique\/#breadcrumb\"},\"inLanguage\":\"fr-FR\",\"potentialAction\":[{\"@type\":\"ReadAction\",\"target\":[\"https:\/\/vosgesinfo.fr\/saintdieinfo\/2024\/09\/remomeix-8-jeunes-de-la-deodatie-decrochent-leur-brevet-dinitiation-aeronautique\/\"]}]},{\"@type\":\"ImageObject\",\"inLanguage\":\"fr-FR\",\"@id\":\"https:\/\/vosgesinfo.fr\/saintdieinfo\/2024\/09\/remomeix-8-jeunes-de-la-deodatie-decrochent-leur-brevet-dinitiation-aeronautique\/#primaryimage\",\"url\":\"https:\/\/vosgesinfo.fr\/app\/uploads\/sites\/4\/2024\/09\/bia-lycee-georges-baumont-3.jpg\",\"contentUrl\":\"https:\/\/vosgesinfo.fr\/app\/uploads\/sites\/4\/2024\/09\/bia-lycee-georges-baumont-3.jpg\",\"width\":1024,\"height\":683},{\"@type\":\"BreadcrumbList\",\"@id\":\"https:\/\/vosgesinfo.fr\/saintdieinfo\/2024\/09\/remomeix-8-jeunes-de-la-deodatie-decrochent-leur-brevet-dinitiation-aeronautique\/#breadcrumb\",\"itemListElement\":[{\"@type\":\"ListItem\",\"position\":1,\"name\":\"Home\",\"item\":\"https:\/\/vosgesinfo.fr\/saintdieinfo\/\"},{\"@type\":\"ListItem\",\"position\":2,\"name\":\"Remomeix \u2013 8 jeunes de la D\u00e9odatie d\u00e9crochent leur Brevet d&#8217;Initiation A\u00e9ronautique\"}]},{\"@type\":\"WebSite\",\"@id\":\"https:\/\/vosgesinfo.fr\/saintdieinfo\/#website\",\"url\":\"https:\/\/vosgesinfo.fr\/saintdieinfo\/\",\"name\":\"Saint Die Info\",\"description\":\"Toute l&#039;actualit\u00e9 de Saint-Di\u00e9-Des-Vosges\",\"publisher\":{\"@id\":\"https:\/\/vosgesinfo.fr\/saintdieinfo\/#organization\"},\"alternateName\":\"Toute l'actualit\u00e9 de Saint-Di\u00e9-Des-Vosges\",\"potentialAction\":[{\"@type\":\"SearchAction\",\"target\":{\"@type\":\"EntryPoint\",\"urlTemplate\":\"https:\/\/vosgesinfo.fr\/saintdieinfo\/?s={search_term_string}\"},\"query-input\":\"required name=search_term_string\"}],\"inLanguage\":\"fr-FR\"},{\"@type\":\"Organization\",\"@id\":\"https:\/\/vosgesinfo.fr\/saintdieinfo\/#organization\",\"name\":\"Saint Die Info\",\"url\":\"https:\/\/vosgesinfo.fr\/saintdieinfo\/\",\"logo\":{\"@type\":\"ImageObject\",\"inLanguage\":\"fr-FR\",\"@id\":\"https:\/\/vosgesinfo.fr\/saintdieinfo\/#\/schema\/logo\/image\/\",\"url\":\"https:\/\/vosgesinfo.fr\/app\/uploads\/sites\/4\/2024\/02\/logo-sdi.jpg\",\"contentUrl\":\"https:\/\/vosgesinfo.fr\/app\/uploads\/sites\/4\/2024\/02\/logo-sdi.jpg\",\"width\":600,\"height\":600,\"caption\":\"Saint Die Info\"},\"image\":{\"@id\":\"https:\/\/vosgesinfo.fr\/saintdieinfo\/#\/schema\/logo\/image\/\"},\"sameAs\":[\"https:\/\/www.facebook.com\/Saintdieinfofr\",\"https:\/\/x.com\/VosgesInfo88\",\"https:\/\/www.youtube.com\/@vosgesinfo\"]},{\"@type\":\"Person\",\"@id\":\"https:\/\/vosgesinfo.fr\/saintdieinfo\/#\/schema\/person\/fa73e9f726d67bb88f46d5b7943cb572\",\"name\":\"J.J.\",\"image\":{\"@type\":\"ImageObject\",\"inLanguage\":\"fr-FR\",\"@id\":\"https:\/\/vosgesinfo.fr\/saintdieinfo\/#\/schema\/person\/image\/\",\"url\":\"https:\/\/secure.gravatar.com\/avatar\/219e749e47ffbcca018a360ae4add7d4cdf1cdaaf8bc7676b27efade3fe65615?s=96&d=mm&r=g\",\"contentUrl\":\"https:\/\/secure.gravatar.com\/avatar\/219e749e47ffbcca018a360ae4add7d4cdf1cdaaf8bc7676b27efade3fe65615?s=96&d=mm&r=g\",\"caption\":\"J.J.\"},\"url\":\"https:\/\/vosgesinfo.fr\/saintdieinfo\/author\/j-j\/\"}]}<\/script>\n<!-- \/ Yoast SEO plugin. -->","yoast_head_json":{"title":"Remomeix \u2013 8 jeunes de la D\u00e9odatie d\u00e9crochent leur Brevet d'Initiation A\u00e9ronautique - Saint Die Info","robots":{"index":"index","follow":"follow","max-snippet":"max-snippet:-1","max-image-preview":"max-image-preview:large","max-video-preview":"max-video-preview:-1"},"canonical":"https:\/\/vosgesinfo.fr\/saintdieinfo\/2024\/09\/remomeix-8-jeunes-de-la-deodatie-decrochent-leur-brevet-dinitiation-aeronautique\/","twitter_card":"summary_large_image","twitter_title":"Remomeix \u2013 8 jeunes de la D\u00e9odatie d\u00e9crochent leur Brevet d'Initiation A\u00e9ronautique - Saint Die Info","twitter_description":"Hier samedi 21 septembre, 8 jeunes ont r\u00e9alis\u00e9 un vol d&rsquo;initiation \u00e0 l&rsquo;a\u00e9rodrome Ren\u00e9-Fonck de Remomeix. Un vol qui fait [&hellip;]","twitter_image":"https:\/\/vosgesinfo.fr\/app\/uploads\/sites\/4\/2024\/09\/bia-lycee-georges-baumont-3.jpg","twitter_creator":"@VosgesInfo88","twitter_site":"@VosgesInfo88","twitter_misc":{"\u00c9crit par":"J.J.","Dur\u00e9e de lecture estim\u00e9e":"2 minutes"},"schema":{"@context":"https:\/\/schema.org","@graph":[{"@type":"Article","@id":"https:\/\/vosgesinfo.fr\/saintdieinfo\/2024\/09\/remomeix-8-jeunes-de-la-deodatie-decrochent-leur-brevet-dinitiation-aeronautique\/#article","isPartOf":{"@id":"https:\/\/vosgesinfo.fr\/saintdieinfo\/2024\/09\/remomeix-8-jeunes-de-la-deodatie-decrochent-leur-brevet-dinitiation-aeronautique\/"},"author":{"name":"J.J.","@id":"https:\/\/vosgesinfo.fr\/saintdieinfo\/#\/schema\/person\/fa73e9f726d67bb88f46d5b7943cb572"},"headline":"Remomeix \u2013 8 jeunes de la D\u00e9odatie d\u00e9crochent leur Brevet d&rsquo;Initiation A\u00e9ronautique","datePublished":"2024-09-22T11:11:48+00:00","dateModified":"2024-09-22T11:12:46+00:00","mainEntityOfPage":{"@id":"https:\/\/vosgesinfo.fr\/saintdieinfo\/2024\/09\/remomeix-8-jeunes-de-la-deodatie-decrochent-leur-brevet-dinitiation-aeronautique\/"},"wordCount":327,"commentCount":0,"publisher":{"@id":"https:\/\/vosgesinfo.fr\/saintdieinfo\/#organization"},"image":{"@id":"https:\/\/vosgesinfo.fr\/saintdieinfo\/2024\/09\/remomeix-8-jeunes-de-la-deodatie-decrochent-leur-brevet-dinitiation-aeronautique\/#primaryimage"},"thumbnailUrl":"https:\/\/vosgesinfo.fr\/app\/uploads\/sites\/4\/2024\/09\/bia-lycee-georges-baumont-3.jpg","keywords":["A\u00e9rodrome Ren\u00e9 Fonck","BIA","Br\u00e9vet d'Initiation A\u00e9ronautique","IUT de Saint-Di\u00e9-des-Vosges","Jean-Marc Fantoni","Lyc\u00e9e Georges-Baumont","Remomeix"],"articleSection":["A la Une","D\u00e9odatie","\u00c9ducation"],"inLanguage":"fr-FR","potentialAction":[{"@type":"CommentAction","name":"Comment","target":["https:\/\/vosgesinfo.fr\/saintdieinfo\/2024\/09\/remomeix-8-jeunes-de-la-deodatie-decrochent-leur-brevet-dinitiation-aeronautique\/#respond"]}]},{"@type":"WebPage","@id":"https:\/\/vosgesinfo.fr\/saintdieinfo\/2024\/09\/remomeix-8-jeunes-de-la-deodatie-decrochent-leur-brevet-dinitiation-aeronautique\/","url":"https:\/\/vosgesinfo.fr\/saintdieinfo\/2024\/09\/remomeix-8-jeunes-de-la-deodatie-decrochent-leur-brevet-dinitiation-aeronautique\/","name":"Remomeix \u2013 8 jeunes de la D\u00e9odatie d\u00e9crochent leur Brevet d'Initiation A\u00e9ronautique - Saint Die Info","isPartOf":{"@id":"https:\/\/vosgesinfo.fr\/saintdieinfo\/#website"},"primaryImageOfPage":{"@id":"https:\/\/vosgesinfo.fr\/saintdieinfo\/2024\/09\/remomeix-8-jeunes-de-la-deodatie-decrochent-leur-brevet-dinitiation-aeronautique\/#primaryimage"},"image":{"@id":"https:\/\/vosgesinfo.fr\/saintdieinfo\/2024\/09\/remomeix-8-jeunes-de-la-deodatie-decrochent-leur-brevet-dinitiation-aeronautique\/#primaryimage"},"thumbnailUrl":"https:\/\/vosgesinfo.fr\/app\/uploads\/sites\/4\/2024\/09\/bia-lycee-georges-baumont-3.jpg","datePublished":"2024-09-22T11:11:48+00:00","dateModified":"2024-09-22T11:12:46+00:00","breadcrumb":{"@id":"https:\/\/vosgesinfo.fr\/saintdieinfo\/2024\/09\/remomeix-8-jeunes-de-la-deodatie-decrochent-leur-brevet-dinitiation-aeronautique\/#breadcrumb"},"inLanguage":"fr-FR","potentialAction":[{"@type":"ReadAction","target":["https:\/\/vosgesinfo.fr\/saintdieinfo\/2024\/09\/remomeix-8-jeunes-de-la-deodatie-decrochent-leur-brevet-dinitiation-aeronautique\/"]}]},{"@type":"ImageObject","inLanguage":"fr-FR","@id":"https:\/\/vosgesinfo.fr\/saintdieinfo\/2024\/09\/remomeix-8-jeunes-de-la-deodatie-decrochent-leur-brevet-dinitiation-aeronautique\/#primaryimage","url":"https:\/\/vosgesinfo.fr\/app\/uploads\/sites\/4\/2024\/09\/bia-lycee-georges-baumont-3.jpg","contentUrl":"https:\/\/vosgesinfo.fr\/app\/uploads\/sites\/4\/2024\/09\/bia-lycee-georges-baumont-3.jpg","width":1024,"height":683},{"@type":"BreadcrumbList","@id":"https:\/\/vosgesinfo.fr\/saintdieinfo\/2024\/09\/remomeix-8-jeunes-de-la-deodatie-decrochent-leur-brevet-dinitiation-aeronautique\/#breadcrumb","itemListElement":[{"@type":"ListItem","position":1,"name":"Home","item":"https:\/\/vosgesinfo.fr\/saintdieinfo\/"},{"@type":"ListItem","position":2,"name":"Remomeix \u2013 8 jeunes de la D\u00e9odatie d\u00e9crochent leur Brevet d&#8217;Initiation A\u00e9ronautique"}]},{"@type":"WebSite","@id":"https:\/\/vosgesinfo.fr\/saintdieinfo\/#website","url":"https:\/\/vosgesinfo.fr\/saintdieinfo\/","name":"Saint Die Info","description":"Toute l&#039;actualit\u00e9 de Saint-Di\u00e9-Des-Vosges","publisher":{"@id":"https:\/\/vosgesinfo.fr\/saintdieinfo\/#organization"},"alternateName":"Toute l'actualit\u00e9 de Saint-Di\u00e9-Des-Vosges","potentialAction":[{"@type":"SearchAction","target":{"@type":"EntryPoint","urlTemplate":"https:\/\/vosgesinfo.fr\/saintdieinfo\/?s={search_term_string}"},"query-input":"required name=search_term_string"}],"inLanguage":"fr-FR"},{"@type":"Organization","@id":"https:\/\/vosgesinfo.fr\/saintdieinfo\/#organization","name":"Saint Die Info","url":"https:\/\/vosgesinfo.fr\/saintdieinfo\/","logo":{"@type":"ImageObject","inLanguage":"fr-FR","@id":"https:\/\/vosgesinfo.fr\/saintdieinfo\/#\/schema\/logo\/image\/","url":"https:\/\/vosgesinfo.fr\/app\/uploads\/sites\/4\/2024\/02\/logo-sdi.jpg","contentUrl":"https:\/\/vosgesinfo.fr\/app\/uploads\/sites\/4\/2024\/02\/logo-sdi.jpg","width":600,"height":600,"caption":"Saint Die Info"},"image":{"@id":"https:\/\/vosgesinfo.fr\/saintdieinfo\/#\/schema\/logo\/image\/"},"sameAs":["https:\/\/www.facebook.com\/Saintdieinfofr","https:\/\/x.com\/VosgesInfo88","https:\/\/www.youtube.com\/@vosgesinfo"]},{"@type":"Person","@id":"https:\/\/vosgesinfo.fr\/saintdieinfo\/#\/schema\/person\/fa73e9f726d67bb88f46d5b7943cb572","name":"J.J.","image":{"@type":"ImageObject","inLanguage":"fr-FR","@id":"https:\/\/vosgesinfo.fr\/saintdieinfo\/#\/schema\/person\/image\/","url":"https:\/\/secure.gravatar.com\/avatar\/219e749e47ffbcca018a360ae4add7d4cdf1cdaaf8bc7676b27efade3fe65615?s=96&d=mm&r=g","contentUrl":"https:\/\/secure.gravatar.com\/avatar\/219e749e47ffbcca018a360ae4add7d4cdf1cdaaf8bc7676b27efade3fe65615?s=96&d=mm&r=g","caption":"J.J."},"url":"https:\/\/vosgesinfo.fr\/saintdieinfo\/author\/j-j\/"}]}},"_links":{"self":[{"href":"https:\/\/vosgesinfo.fr\/saintdieinfo\/wp-json\/wp\/v2\/posts\/68471","targetHints":{"allow":["GET"]}}],"collection":[{"href":"https:\/\/vosgesinfo.fr\/saintdieinfo\/wp-json\/wp\/v2\/posts"}],"about":[{"href":"https:\/\/vosgesinfo.fr\/saintdieinfo\/wp-json\/wp\/v2\/types\/post"}],"author":[{"embeddable":true,"href":"https:\/\/vosgesinfo.fr\/saintdieinfo\/wp-json\/wp\/v2\/users\/46"}],"replies":[{"embeddable":true,"href":"https:\/\/vosgesinfo.fr\/saintdieinfo\/wp-json\/wp\/v2\/comments?post=68471"}],"version-history":[{"count":3,"href":"https:\/\/vosgesinfo.fr\/saintdieinfo\/wp-json\/wp\/v2\/posts\/68471\/revisions"}],"predecessor-version":[{"id":68478,"href":"https:\/\/vosgesinfo.fr\/saintdieinfo\/wp-json\/wp\/v2\/posts\/68471\/revisions\/68478"}],"wp:featuredmedia":[{"embeddable":true,"href":"https:\/\/vosgesinfo.fr\/saintdieinfo\/wp-json\/wp\/v2\/media\/68473"}],"wp:attachment":[{"href":"https:\/\/vosgesinfo.fr\/saintdieinfo\/wp-json\/wp\/v2\/media?parent=68471"}],"wp:term":[{"taxonomy":"category","embeddable":true,"href":"https:\/\/vosgesinfo.fr\/saintdieinfo\/wp-json\/wp\/v2\/categories?post=68471"},{"taxonomy":"post_tag","embeddable":true,"href":"https:\/\/vosgesinfo.fr\/saintdieinfo\/wp-json\/wp\/v2\/tags?post=68471"}],"curies":[{"name":"wp","href":"https:\/\/api.w.org\/{rel}","templated":true}]}}