{"id":68583,"date":"2024-09-30T08:36:58","date_gmt":"2024-09-30T06:36:58","guid":{"rendered":"https:\/\/vosgesinfo.fr\/saintdieinfo\/?p=68583"},"modified":"2024-09-30T08:36:58","modified_gmt":"2024-09-30T06:36:58","slug":"jeremy-hagenbourger-qui-marche-pour-le-don-du-sang-a-fait-etape-a-saint-die-des-vosges","status":"publish","type":"post","link":"https:\/\/vosgesinfo.fr\/saintdieinfo\/2024\/09\/jeremy-hagenbourger-qui-marche-pour-le-don-du-sang-a-fait-etape-a-saint-die-des-vosges\/","title":{"rendered":"J\u00e9r\u00e9my Hagenbourger, qui marche pour le don du sang, a fait \u00e9tape \u00e0 Saint-Di\u00e9-des-Vosges"},"content":{"rendered":"<div id=\"attachment_68582\" style=\"width: 1034px\" class=\"wp-caption alignnone\"><a href=\"https:\/\/vosgesinfo.fr\/app\/uploads\/sites\/4\/2024\/09\/don-du-sang-jeremy-hagenbourger.jpg\"><img decoding=\"async\" aria-describedby=\"caption-attachment-68582\" class=\"wp-image-68582 size-large\" src=\"https:\/\/vosgesinfo.fr\/app\/uploads\/sites\/4\/2024\/09\/don-du-sang-jeremy-hagenbourger-1024x771.jpg\" alt=\"\" width=\"1024\" height=\"771\" srcset=\"https:\/\/vosgesinfo.fr\/app\/uploads\/sites\/4\/2024\/09\/don-du-sang-jeremy-hagenbourger-1024x771.jpg 1024w, https:\/\/vosgesinfo.fr\/app\/uploads\/sites\/4\/2024\/09\/don-du-sang-jeremy-hagenbourger-300x226.jpg 300w, https:\/\/vosgesinfo.fr\/app\/uploads\/sites\/4\/2024\/09\/don-du-sang-jeremy-hagenbourger-768x578.jpg 768w, https:\/\/vosgesinfo.fr\/app\/uploads\/sites\/4\/2024\/09\/don-du-sang-jeremy-hagenbourger-1536x1156.jpg 1536w, https:\/\/vosgesinfo.fr\/app\/uploads\/sites\/4\/2024\/09\/don-du-sang-jeremy-hagenbourger.jpg 1600w\" sizes=\"(max-width: 1024px) 100vw, 1024px\" \/><\/a><p id=\"caption-attachment-68582\" class=\"wp-caption-text\">(Photographie amicale des donneurs de sang b\u00e9n\u00e9voles de Saint-Di\u00e9-des-Vosges)<\/p><\/div>\n<h2>Membre de l&rsquo;association \u00ab\u00a0Les Globules de Marlenheim\u00a0\u00bb, J\u00e9r\u00e9my Hagenbourger marche et court inlassablement pour promouvoir le don du sang. D\u00e9j\u00e0 de passage en terres d\u00e9odatiennes l&rsquo;ann\u00e9e derni\u00e8re, l&rsquo;Alsacien a fait une nouvelle \u00e9tape \u00e0 Saint-Di\u00e9-des-Vosges le dimanche 22 septembre dernier, <a href=\"https:\/\/vosgesinfo.fr\/saintdieinfo\/2024\/09\/semaine-du-coeur-a-la-decouverte-de-lemplacement-des-defibrillateurs-de-saint-die-des-vosges\/\" target=\"_blank\" rel=\"noopener\">dans le cadre de la Marche du Coeur.<\/a><\/h2>\n<p><!--more--><\/p>\n<p>Cette aventure solitaire et solidaire a permis au marcheur de relier, en 207 km, la Maison du don de Nancy \u00e0 celle de Strasbourg. \u00ab\u00a0Titi, le coureur au grand coeur\u00a0\u00bb de son surnom \u00e9tait accompagn\u00e9 dans son p\u00e9riple de St\u00e9phanie Barth et Sabrina Grunewald. Lors de son escale d\u00e9odatienne, le petit groupe a \u00e9t\u00e9 re\u00e7u \u00e0 la salle Carbonnar, en pr\u00e9sence de l&rsquo;adjoint Mustafa Guglu et des membres de l&rsquo;amicale locale des donneurs de sang b\u00e9n\u00e9voles.<\/p>\n<p>\u00ab\u00a0Chaque pas de cette \u00e9pop\u00e9e incarne un engagement fervent en faveur du don du sang, une cause vitale qui sauve des vies. Nous sommes l\u00e0 pour \u00e9clairer l\u2019importance de ce geste altruiste, inspirant g\u00e9n\u00e9rosit\u00e9 et solidarit\u00e9. Les 207 km ne sont pas simplement un d\u00e9fi physique, mais un voyage passionn\u00e9 soutenant le don du sang\u00a0\u00bb a d\u00e9clar\u00e9 J\u00e9r\u00e9my Hagenbourger \u00e0 cette occasion.<\/p>\n<p>L&rsquo;adjoint Mustafa Guglu a pour sa part soulign\u00e9 cet \u00e9lan de g\u00e9n\u00e9rosit\u00e9, qui permet de sensibiliser au don du sang mais aussi trouver de nouveaux donneurs. \u00ab\u00a0Cette cause m\u00e9rite notre soutien. Chaque kilom\u00e8tre parcouru est une \u00e9tape de solidarit\u00e9, soulignant l\u2019importance cruciale du don du sang dans notre soci\u00e9t\u00e9\u00a0\u00bb.<\/p>\n<p>Sylvain Zanetti, pr\u00e9sident r\u00e9gional des donneurs de sang b\u00e9n\u00e9voles et \u00e9galement de l&rsquo;amicale locale, a quant \u00e0 lui rappel\u00e9 l\u2019implication de l\u2019association qui \u0153uvre sur le terrain pour trouver inlassablement de nouveaux donneurs. Il a rappel\u00e9 \u00e0 tous l\u2019op\u00e9ration <a href=\"https:\/\/vosgesinfo.fr\/saintdieinfo\/2024\/09\/le-defi-du-sang-est-de-retour-avec-une-troisieme-edition\/\" target=\"_blank\" rel=\"noopener\">Le D\u00e9fi du sang qui va permettre aux associations, entreprises, particuliers de donner leur sang en \u00e9quipe jusqu\u2019\u00e0 fin d\u00e9cembre.<\/a><\/p>\n<p>Pour tout renseignement\u00a0: <a href=\"mailto:dondusangsaintdie@gmail.com\" target=\"_blank\" rel=\"noopener\">dondusangsaintdie@gmail.com<\/a>.<\/p>\n","protected":false},"excerpt":{"rendered":"<p>Membre de l&rsquo;association \u00ab\u00a0Les Globules de Marlenheim\u00a0\u00bb, J\u00e9r\u00e9my Hagenbourger marche et court inlassablement pour promouvoir le don du sang. D\u00e9j\u00e0 [&hellip;]<\/p>\n","protected":false},"author":46,"featured_media":68582,"comment_status":"open","ping_status":"open","sticky":false,"template":"","format":"standard","meta":{"footnotes":""},"categories":[460,167,4152,29,18],"tags":[3195,118,14852,1678,14851,14570],"class_list":["post-68583","post","type-post","status-publish","format-standard","has-post-thumbnail","hentry","category-a-la-une","category-saint-die-des-vosges","category-sante","category-solidarite","category-vosges","tag-amicale-des-donneurs-de-sang-benevoles-de-saint-die-des-vosges","tag-don-du-sang","tag-globules-de-marlenheim","tag-jeremy-hagenbourger","tag-marche-du-coeur","tag-titi-le-coureur-au-grand-coeur"],"acf":[],"yoast_head":"<!-- This site is optimized with the Yoast SEO plugin v22.5 - https:\/\/yoast.com\/wordpress\/plugins\/seo\/ -->\n<title>J\u00e9r\u00e9my Hagenbourger, qui marche pour le don du sang, a fait \u00e9tape \u00e0 Saint-Di\u00e9-des-Vosges - Saint Die Info<\/title>\n<meta name=\"robots\" content=\"index, follow, max-snippet:-1, max-image-preview:large, max-video-preview:-1\" \/>\n<link rel=\"canonical\" href=\"https:\/\/vosgesinfo.fr\/saintdieinfo\/?p=68583\" \/>\n<meta name=\"twitter:card\" content=\"summary_large_image\" \/>\n<meta name=\"twitter:title\" content=\"J\u00e9r\u00e9my Hagenbourger, qui marche pour le don du sang, a fait \u00e9tape \u00e0 Saint-Di\u00e9-des-Vosges - Saint Die Info\" \/>\n<meta name=\"twitter:description\" content=\"Membre de l&rsquo;association \u00ab\u00a0Les Globules de Marlenheim\u00a0\u00bb, J\u00e9r\u00e9my Hagenbourger marche et court inlassablement pour promouvoir le don du sang. D\u00e9j\u00e0 [&hellip;]\" \/>\n<meta name=\"twitter:image\" content=\"https:\/\/vosgesinfo.fr\/app\/uploads\/sites\/4\/2024\/09\/don-du-sang-jeremy-hagenbourger.jpg\" \/>\n<meta name=\"twitter:creator\" content=\"@VosgesInfo88\" \/>\n<meta name=\"twitter:site\" content=\"@VosgesInfo88\" \/>\n<meta name=\"twitter:label1\" content=\"\u00c9crit par\" \/>\n\t<meta name=\"twitter:data1\" content=\"J.J.\" \/>\n\t<meta name=\"twitter:label2\" content=\"Dur\u00e9e de lecture estim\u00e9e\" \/>\n\t<meta name=\"twitter:data2\" content=\"2 minutes\" \/>\n<script type=\"application\/ld+json\" class=\"yoast-schema-graph\">{\"@context\":\"https:\/\/schema.org\",\"@graph\":[{\"@type\":\"Article\",\"@id\":\"https:\/\/vosgesinfo.fr\/saintdieinfo\/?p=68583#article\",\"isPartOf\":{\"@id\":\"https:\/\/vosgesinfo.fr\/saintdieinfo\/?p=68583\"},\"author\":{\"name\":\"J.J.\",\"@id\":\"https:\/\/vosgesinfo.fr\/saintdieinfo\/#\/schema\/person\/fa73e9f726d67bb88f46d5b7943cb572\"},\"headline\":\"J\u00e9r\u00e9my Hagenbourger, qui marche pour le don du sang, a fait \u00e9tape \u00e0 Saint-Di\u00e9-des-Vosges\",\"datePublished\":\"2024-09-30T06:36:58+00:00\",\"dateModified\":\"2024-09-30T06:36:58+00:00\",\"mainEntityOfPage\":{\"@id\":\"https:\/\/vosgesinfo.fr\/saintdieinfo\/?p=68583\"},\"wordCount\":371,\"commentCount\":0,\"publisher\":{\"@id\":\"https:\/\/vosgesinfo.fr\/saintdieinfo\/#organization\"},\"image\":{\"@id\":\"https:\/\/vosgesinfo.fr\/saintdieinfo\/?p=68583#primaryimage\"},\"thumbnailUrl\":\"https:\/\/vosgesinfo.fr\/app\/uploads\/sites\/4\/2024\/09\/don-du-sang-jeremy-hagenbourger.jpg\",\"keywords\":[\"Amicale des Donneurs de Sang b\u00e9n\u00e9voles de Saint-Di\u00e9-des-Vosges\",\"Don du sang\",\"Globules de Marlenheim\",\"J\u00e9r\u00e9my Hagenbourger\",\"Marche du Coeur\",\"Titi le coureur au grand coeur\"],\"articleSection\":[\"A la Une\",\"Saint-Di\u00e9-des-Vosges\",\"Sant\u00e9\",\"Solidarit\u00e9\",\"Vosges\"],\"inLanguage\":\"fr-FR\",\"potentialAction\":[{\"@type\":\"CommentAction\",\"name\":\"Comment\",\"target\":[\"https:\/\/vosgesinfo.fr\/saintdieinfo\/?p=68583#respond\"]}]},{\"@type\":\"WebPage\",\"@id\":\"https:\/\/vosgesinfo.fr\/saintdieinfo\/?p=68583\",\"url\":\"https:\/\/vosgesinfo.fr\/saintdieinfo\/?p=68583\",\"name\":\"J\u00e9r\u00e9my Hagenbourger, qui marche pour le don du sang, a fait \u00e9tape \u00e0 Saint-Di\u00e9-des-Vosges - Saint Die Info\",\"isPartOf\":{\"@id\":\"https:\/\/vosgesinfo.fr\/saintdieinfo\/#website\"},\"primaryImageOfPage\":{\"@id\":\"https:\/\/vosgesinfo.fr\/saintdieinfo\/?p=68583#primaryimage\"},\"image\":{\"@id\":\"https:\/\/vosgesinfo.fr\/saintdieinfo\/?p=68583#primaryimage\"},\"thumbnailUrl\":\"https:\/\/vosgesinfo.fr\/app\/uploads\/sites\/4\/2024\/09\/don-du-sang-jeremy-hagenbourger.jpg\",\"datePublished\":\"2024-09-30T06:36:58+00:00\",\"dateModified\":\"2024-09-30T06:36:58+00:00\",\"breadcrumb\":{\"@id\":\"https:\/\/vosgesinfo.fr\/saintdieinfo\/?p=68583#breadcrumb\"},\"inLanguage\":\"fr-FR\",\"potentialAction\":[{\"@type\":\"ReadAction\",\"target\":[\"https:\/\/vosgesinfo.fr\/saintdieinfo\/?p=68583\"]}]},{\"@type\":\"ImageObject\",\"inLanguage\":\"fr-FR\",\"@id\":\"https:\/\/vosgesinfo.fr\/saintdieinfo\/?p=68583#primaryimage\",\"url\":\"https:\/\/vosgesinfo.fr\/app\/uploads\/sites\/4\/2024\/09\/don-du-sang-jeremy-hagenbourger.jpg\",\"contentUrl\":\"https:\/\/vosgesinfo.fr\/app\/uploads\/sites\/4\/2024\/09\/don-du-sang-jeremy-hagenbourger.jpg\",\"width\":1600,\"height\":1204},{\"@type\":\"BreadcrumbList\",\"@id\":\"https:\/\/vosgesinfo.fr\/saintdieinfo\/?p=68583#breadcrumb\",\"itemListElement\":[{\"@type\":\"ListItem\",\"position\":1,\"name\":\"Home\",\"item\":\"https:\/\/vosgesinfo.fr\/saintdieinfo\/\"},{\"@type\":\"ListItem\",\"position\":2,\"name\":\"J\u00e9r\u00e9my Hagenbourger, qui court pour le don du sang, a fait \u00e9tape \u00e0 Saint-Di\u00e9-des-Vosges\"}]},{\"@type\":\"WebSite\",\"@id\":\"https:\/\/vosgesinfo.fr\/saintdieinfo\/#website\",\"url\":\"https:\/\/vosgesinfo.fr\/saintdieinfo\/\",\"name\":\"Saint Die Info\",\"description\":\"Toute l&#039;actualit\u00e9 de Saint-Di\u00e9-Des-Vosges\",\"publisher\":{\"@id\":\"https:\/\/vosgesinfo.fr\/saintdieinfo\/#organization\"},\"alternateName\":\"Toute l'actualit\u00e9 de Saint-Di\u00e9-Des-Vosges\",\"potentialAction\":[{\"@type\":\"SearchAction\",\"target\":{\"@type\":\"EntryPoint\",\"urlTemplate\":\"https:\/\/vosgesinfo.fr\/saintdieinfo\/?s={search_term_string}\"},\"query-input\":\"required name=search_term_string\"}],\"inLanguage\":\"fr-FR\"},{\"@type\":\"Organization\",\"@id\":\"https:\/\/vosgesinfo.fr\/saintdieinfo\/#organization\",\"name\":\"Saint Die Info\",\"url\":\"https:\/\/vosgesinfo.fr\/saintdieinfo\/\",\"logo\":{\"@type\":\"ImageObject\",\"inLanguage\":\"fr-FR\",\"@id\":\"https:\/\/vosgesinfo.fr\/saintdieinfo\/#\/schema\/logo\/image\/\",\"url\":\"https:\/\/vosgesinfo.fr\/app\/uploads\/sites\/4\/2024\/02\/logo-sdi.jpg\",\"contentUrl\":\"https:\/\/vosgesinfo.fr\/app\/uploads\/sites\/4\/2024\/02\/logo-sdi.jpg\",\"width\":600,\"height\":600,\"caption\":\"Saint Die Info\"},\"image\":{\"@id\":\"https:\/\/vosgesinfo.fr\/saintdieinfo\/#\/schema\/logo\/image\/\"},\"sameAs\":[\"https:\/\/www.facebook.com\/Saintdieinfofr\",\"https:\/\/x.com\/VosgesInfo88\",\"https:\/\/www.youtube.com\/@vosgesinfo\"]},{\"@type\":\"Person\",\"@id\":\"https:\/\/vosgesinfo.fr\/saintdieinfo\/#\/schema\/person\/fa73e9f726d67bb88f46d5b7943cb572\",\"name\":\"J.J.\",\"image\":{\"@type\":\"ImageObject\",\"inLanguage\":\"fr-FR\",\"@id\":\"https:\/\/vosgesinfo.fr\/saintdieinfo\/#\/schema\/person\/image\/\",\"url\":\"https:\/\/secure.gravatar.com\/avatar\/219e749e47ffbcca018a360ae4add7d4cdf1cdaaf8bc7676b27efade3fe65615?s=96&d=mm&r=g\",\"contentUrl\":\"https:\/\/secure.gravatar.com\/avatar\/219e749e47ffbcca018a360ae4add7d4cdf1cdaaf8bc7676b27efade3fe65615?s=96&d=mm&r=g\",\"caption\":\"J.J.\"},\"url\":\"https:\/\/vosgesinfo.fr\/saintdieinfo\/author\/j-j\/\"}]}<\/script>\n<!-- \/ Yoast SEO plugin. -->","yoast_head_json":{"title":"J\u00e9r\u00e9my Hagenbourger, qui marche pour le don du sang, a fait \u00e9tape \u00e0 Saint-Di\u00e9-des-Vosges - Saint Die Info","robots":{"index":"index","follow":"follow","max-snippet":"max-snippet:-1","max-image-preview":"max-image-preview:large","max-video-preview":"max-video-preview:-1"},"canonical":"https:\/\/vosgesinfo.fr\/saintdieinfo\/?p=68583","twitter_card":"summary_large_image","twitter_title":"J\u00e9r\u00e9my Hagenbourger, qui marche pour le don du sang, a fait \u00e9tape \u00e0 Saint-Di\u00e9-des-Vosges - Saint Die Info","twitter_description":"Membre de l&rsquo;association \u00ab\u00a0Les Globules de Marlenheim\u00a0\u00bb, J\u00e9r\u00e9my Hagenbourger marche et court inlassablement pour promouvoir le don du sang. D\u00e9j\u00e0 [&hellip;]","twitter_image":"https:\/\/vosgesinfo.fr\/app\/uploads\/sites\/4\/2024\/09\/don-du-sang-jeremy-hagenbourger.jpg","twitter_creator":"@VosgesInfo88","twitter_site":"@VosgesInfo88","twitter_misc":{"\u00c9crit par":"J.J.","Dur\u00e9e de lecture estim\u00e9e":"2 minutes"},"schema":{"@context":"https:\/\/schema.org","@graph":[{"@type":"Article","@id":"https:\/\/vosgesinfo.fr\/saintdieinfo\/?p=68583#article","isPartOf":{"@id":"https:\/\/vosgesinfo.fr\/saintdieinfo\/?p=68583"},"author":{"name":"J.J.","@id":"https:\/\/vosgesinfo.fr\/saintdieinfo\/#\/schema\/person\/fa73e9f726d67bb88f46d5b7943cb572"},"headline":"J\u00e9r\u00e9my Hagenbourger, qui marche pour le don du sang, a fait \u00e9tape \u00e0 Saint-Di\u00e9-des-Vosges","datePublished":"2024-09-30T06:36:58+00:00","dateModified":"2024-09-30T06:36:58+00:00","mainEntityOfPage":{"@id":"https:\/\/vosgesinfo.fr\/saintdieinfo\/?p=68583"},"wordCount":371,"commentCount":0,"publisher":{"@id":"https:\/\/vosgesinfo.fr\/saintdieinfo\/#organization"},"image":{"@id":"https:\/\/vosgesinfo.fr\/saintdieinfo\/?p=68583#primaryimage"},"thumbnailUrl":"https:\/\/vosgesinfo.fr\/app\/uploads\/sites\/4\/2024\/09\/don-du-sang-jeremy-hagenbourger.jpg","keywords":["Amicale des Donneurs de Sang b\u00e9n\u00e9voles de Saint-Di\u00e9-des-Vosges","Don du sang","Globules de Marlenheim","J\u00e9r\u00e9my Hagenbourger","Marche du Coeur","Titi le coureur au grand coeur"],"articleSection":["A la Une","Saint-Di\u00e9-des-Vosges","Sant\u00e9","Solidarit\u00e9","Vosges"],"inLanguage":"fr-FR","potentialAction":[{"@type":"CommentAction","name":"Comment","target":["https:\/\/vosgesinfo.fr\/saintdieinfo\/?p=68583#respond"]}]},{"@type":"WebPage","@id":"https:\/\/vosgesinfo.fr\/saintdieinfo\/?p=68583","url":"https:\/\/vosgesinfo.fr\/saintdieinfo\/?p=68583","name":"J\u00e9r\u00e9my Hagenbourger, qui marche pour le don du sang, a fait \u00e9tape \u00e0 Saint-Di\u00e9-des-Vosges - Saint Die Info","isPartOf":{"@id":"https:\/\/vosgesinfo.fr\/saintdieinfo\/#website"},"primaryImageOfPage":{"@id":"https:\/\/vosgesinfo.fr\/saintdieinfo\/?p=68583#primaryimage"},"image":{"@id":"https:\/\/vosgesinfo.fr\/saintdieinfo\/?p=68583#primaryimage"},"thumbnailUrl":"https:\/\/vosgesinfo.fr\/app\/uploads\/sites\/4\/2024\/09\/don-du-sang-jeremy-hagenbourger.jpg","datePublished":"2024-09-30T06:36:58+00:00","dateModified":"2024-09-30T06:36:58+00:00","breadcrumb":{"@id":"https:\/\/vosgesinfo.fr\/saintdieinfo\/?p=68583#breadcrumb"},"inLanguage":"fr-FR","potentialAction":[{"@type":"ReadAction","target":["https:\/\/vosgesinfo.fr\/saintdieinfo\/?p=68583"]}]},{"@type":"ImageObject","inLanguage":"fr-FR","@id":"https:\/\/vosgesinfo.fr\/saintdieinfo\/?p=68583#primaryimage","url":"https:\/\/vosgesinfo.fr\/app\/uploads\/sites\/4\/2024\/09\/don-du-sang-jeremy-hagenbourger.jpg","contentUrl":"https:\/\/vosgesinfo.fr\/app\/uploads\/sites\/4\/2024\/09\/don-du-sang-jeremy-hagenbourger.jpg","width":1600,"height":1204},{"@type":"BreadcrumbList","@id":"https:\/\/vosgesinfo.fr\/saintdieinfo\/?p=68583#breadcrumb","itemListElement":[{"@type":"ListItem","position":1,"name":"Home","item":"https:\/\/vosgesinfo.fr\/saintdieinfo\/"},{"@type":"ListItem","position":2,"name":"J\u00e9r\u00e9my Hagenbourger, qui court pour le don du sang, a fait \u00e9tape \u00e0 Saint-Di\u00e9-des-Vosges"}]},{"@type":"WebSite","@id":"https:\/\/vosgesinfo.fr\/saintdieinfo\/#website","url":"https:\/\/vosgesinfo.fr\/saintdieinfo\/","name":"Saint Die Info","description":"Toute l&#039;actualit\u00e9 de Saint-Di\u00e9-Des-Vosges","publisher":{"@id":"https:\/\/vosgesinfo.fr\/saintdieinfo\/#organization"},"alternateName":"Toute l'actualit\u00e9 de Saint-Di\u00e9-Des-Vosges","potentialAction":[{"@type":"SearchAction","target":{"@type":"EntryPoint","urlTemplate":"https:\/\/vosgesinfo.fr\/saintdieinfo\/?s={search_term_string}"},"query-input":"required name=search_term_string"}],"inLanguage":"fr-FR"},{"@type":"Organization","@id":"https:\/\/vosgesinfo.fr\/saintdieinfo\/#organization","name":"Saint Die Info","url":"https:\/\/vosgesinfo.fr\/saintdieinfo\/","logo":{"@type":"ImageObject","inLanguage":"fr-FR","@id":"https:\/\/vosgesinfo.fr\/saintdieinfo\/#\/schema\/logo\/image\/","url":"https:\/\/vosgesinfo.fr\/app\/uploads\/sites\/4\/2024\/02\/logo-sdi.jpg","contentUrl":"https:\/\/vosgesinfo.fr\/app\/uploads\/sites\/4\/2024\/02\/logo-sdi.jpg","width":600,"height":600,"caption":"Saint Die Info"},"image":{"@id":"https:\/\/vosgesinfo.fr\/saintdieinfo\/#\/schema\/logo\/image\/"},"sameAs":["https:\/\/www.facebook.com\/Saintdieinfofr","https:\/\/x.com\/VosgesInfo88","https:\/\/www.youtube.com\/@vosgesinfo"]},{"@type":"Person","@id":"https:\/\/vosgesinfo.fr\/saintdieinfo\/#\/schema\/person\/fa73e9f726d67bb88f46d5b7943cb572","name":"J.J.","image":{"@type":"ImageObject","inLanguage":"fr-FR","@id":"https:\/\/vosgesinfo.fr\/saintdieinfo\/#\/schema\/person\/image\/","url":"https:\/\/secure.gravatar.com\/avatar\/219e749e47ffbcca018a360ae4add7d4cdf1cdaaf8bc7676b27efade3fe65615?s=96&d=mm&r=g","contentUrl":"https:\/\/secure.gravatar.com\/avatar\/219e749e47ffbcca018a360ae4add7d4cdf1cdaaf8bc7676b27efade3fe65615?s=96&d=mm&r=g","caption":"J.J."},"url":"https:\/\/vosgesinfo.fr\/saintdieinfo\/author\/j-j\/"}]}},"_links":{"self":[{"href":"https:\/\/vosgesinfo.fr\/saintdieinfo\/wp-json\/wp\/v2\/posts\/68583","targetHints":{"allow":["GET"]}}],"collection":[{"href":"https:\/\/vosgesinfo.fr\/saintdieinfo\/wp-json\/wp\/v2\/posts"}],"about":[{"href":"https:\/\/vosgesinfo.fr\/saintdieinfo\/wp-json\/wp\/v2\/types\/post"}],"author":[{"embeddable":true,"href":"https:\/\/vosgesinfo.fr\/saintdieinfo\/wp-json\/wp\/v2\/users\/46"}],"replies":[{"embeddable":true,"href":"https:\/\/vosgesinfo.fr\/saintdieinfo\/wp-json\/wp\/v2\/comments?post=68583"}],"version-history":[{"count":2,"href":"https:\/\/vosgesinfo.fr\/saintdieinfo\/wp-json\/wp\/v2\/posts\/68583\/revisions"}],"predecessor-version":[{"id":68585,"href":"https:\/\/vosgesinfo.fr\/saintdieinfo\/wp-json\/wp\/v2\/posts\/68583\/revisions\/68585"}],"wp:featuredmedia":[{"embeddable":true,"href":"https:\/\/vosgesinfo.fr\/saintdieinfo\/wp-json\/wp\/v2\/media\/68582"}],"wp:attachment":[{"href":"https:\/\/vosgesinfo.fr\/saintdieinfo\/wp-json\/wp\/v2\/media?parent=68583"}],"wp:term":[{"taxonomy":"category","embeddable":true,"href":"https:\/\/vosgesinfo.fr\/saintdieinfo\/wp-json\/wp\/v2\/categories?post=68583"},{"taxonomy":"post_tag","embeddable":true,"href":"https:\/\/vosgesinfo.fr\/saintdieinfo\/wp-json\/wp\/v2\/tags?post=68583"}],"curies":[{"name":"wp","href":"https:\/\/api.w.org\/{rel}","templated":true}]}}