{"id":68757,"date":"2024-10-04T15:26:05","date_gmt":"2024-10-04T13:26:05","guid":{"rendered":"https:\/\/vosgesinfo.fr\/saintdieinfo\/?p=68757"},"modified":"2024-10-04T15:26:05","modified_gmt":"2024-10-04T13:26:05","slug":"harcelement-scolaire-rencontre-debat-au-college-vautrin-lud","status":"publish","type":"post","link":"https:\/\/vosgesinfo.fr\/saintdieinfo\/2024\/10\/harcelement-scolaire-rencontre-debat-au-college-vautrin-lud\/","title":{"rendered":"Harc\u00e8lement scolaire : rencontre-d\u00e9bat au coll\u00e8ge Vautrin-Lud"},"content":{"rendered":"<h2>Le coll\u00e8ge Vautrin LUD organise une rencontre-d\u00e9bat sur le harc\u00e8lement scolaire, avec l&rsquo;intervention de Jean-Pierre BELLON, membre du comit\u00e9 d&rsquo;experts sur le harc\u00e8lement au minist\u00e8re de l\u2019\u00c9ducation Nationale.<\/h2>\n<p><!--more-->Cette conf\u00e9rence est destin\u00e9e \u00e0 tous les parents d&rsquo;\u00e9l\u00e8ves du coll\u00e8ge et des familles des CM2 des \u00e9coles de secteur, le mardi 15 octobre \u00e0 18h30, au coll\u00e8ge, sur inscription obligatoire.<\/p>\n<p><a href=\"https:\/\/vosgesinfo.fr\/app\/uploads\/sites\/4\/2024\/10\/affiche-harcelement-15-oct-24.jpeg\"><img decoding=\"async\" class=\"alignnone size-full wp-image-68761\" src=\"https:\/\/vosgesinfo.fr\/app\/uploads\/sites\/4\/2024\/10\/affiche-harcelement-15-oct-24.jpeg\" alt=\"\" width=\"750\" height=\"1000\" srcset=\"https:\/\/vosgesinfo.fr\/app\/uploads\/sites\/4\/2024\/10\/affiche-harcelement-15-oct-24.jpeg 750w, https:\/\/vosgesinfo.fr\/app\/uploads\/sites\/4\/2024\/10\/affiche-harcelement-15-oct-24-225x300.jpeg 225w\" sizes=\"(max-width: 750px) 100vw, 750px\" \/><\/a><\/p>\n","protected":false},"excerpt":{"rendered":"<p>Le coll\u00e8ge Vautrin LUD organise une rencontre-d\u00e9bat sur le harc\u00e8lement scolaire, avec l&rsquo;intervention de Jean-Pierre BELLON, membre du comit\u00e9 d&rsquo;experts [&hellip;]<\/p>\n","protected":false},"author":117,"featured_media":68761,"comment_status":"open","ping_status":"open","sticky":false,"template":"","format":"standard","meta":{"footnotes":""},"categories":[3900,6,167],"tags":[3169,14894,14893],"class_list":["post-68757","post","type-post","status-publish","format-standard","has-post-thumbnail","hentry","category-breves","category-education","category-saint-die-des-vosges","tag-college-vautrin-lud","tag-jean-pierre-bellon","tag-rencontre-debat-sur-le-harcelement"],"acf":[],"yoast_head":"<!-- This site is optimized with the Yoast SEO plugin v22.5 - https:\/\/yoast.com\/wordpress\/plugins\/seo\/ -->\n<title>Harc\u00e8lement scolaire : rencontre-d\u00e9bat au coll\u00e8ge Vautrin-Lud - Saint Die Info<\/title>\n<meta name=\"robots\" content=\"index, follow, max-snippet:-1, max-image-preview:large, max-video-preview:-1\" \/>\n<link rel=\"canonical\" href=\"https:\/\/vosgesinfo.fr\/saintdieinfo\/?p=68757\" \/>\n<meta name=\"twitter:card\" content=\"summary_large_image\" \/>\n<meta name=\"twitter:title\" content=\"Harc\u00e8lement scolaire : rencontre-d\u00e9bat au coll\u00e8ge Vautrin-Lud - Saint Die Info\" \/>\n<meta name=\"twitter:description\" content=\"Le coll\u00e8ge Vautrin LUD organise une rencontre-d\u00e9bat sur le harc\u00e8lement scolaire, avec l&rsquo;intervention de Jean-Pierre BELLON, membre du comit\u00e9 d&rsquo;experts [&hellip;]\" \/>\n<meta name=\"twitter:image\" content=\"https:\/\/vosgesinfo.fr\/app\/uploads\/sites\/4\/2024\/10\/affiche-harcelement-15-oct-24-225x300.jpeg\" \/>\n<meta name=\"twitter:creator\" content=\"@VosgesInfo88\" \/>\n<meta name=\"twitter:site\" content=\"@VosgesInfo88\" \/>\n<meta name=\"twitter:label1\" content=\"\u00c9crit par\" \/>\n\t<meta name=\"twitter:data1\" content=\"C.C\" \/>\n\t<meta name=\"twitter:label2\" content=\"Dur\u00e9e de lecture estim\u00e9e\" \/>\n\t<meta name=\"twitter:data2\" content=\"1 minute\" \/>\n<script type=\"application\/ld+json\" class=\"yoast-schema-graph\">{\"@context\":\"https:\/\/schema.org\",\"@graph\":[{\"@type\":\"Article\",\"@id\":\"https:\/\/vosgesinfo.fr\/saintdieinfo\/?p=68757#article\",\"isPartOf\":{\"@id\":\"https:\/\/vosgesinfo.fr\/saintdieinfo\/?p=68757\"},\"author\":{\"name\":\"C.C\",\"@id\":\"https:\/\/vosgesinfo.fr\/saintdieinfo\/#\/schema\/person\/bdbe8efe9c619a1002628ec6f5f39e50\"},\"headline\":\"Harc\u00e8lement scolaire : rencontre-d\u00e9bat au coll\u00e8ge Vautrin-Lud\",\"datePublished\":\"2024-10-04T13:26:05+00:00\",\"dateModified\":\"2024-10-04T13:26:05+00:00\",\"mainEntityOfPage\":{\"@id\":\"https:\/\/vosgesinfo.fr\/saintdieinfo\/?p=68757\"},\"wordCount\":79,\"commentCount\":1,\"publisher\":{\"@id\":\"https:\/\/vosgesinfo.fr\/saintdieinfo\/#organization\"},\"image\":{\"@id\":\"https:\/\/vosgesinfo.fr\/saintdieinfo\/?p=68757#primaryimage\"},\"thumbnailUrl\":\"https:\/\/vosgesinfo.fr\/app\/uploads\/sites\/4\/2024\/10\/affiche-harcelement-15-oct-24.jpeg\",\"keywords\":[\"Coll\u00e8ge Vautrin-Lud\",\"Jean-Pierre Bellon\",\"Rencontre-d\u00e9bat sur le harc\u00e8lement\"],\"articleSection\":[\"Br\u00e8ves\",\"\u00c9ducation\",\"Saint-Di\u00e9-des-Vosges\"],\"inLanguage\":\"fr-FR\",\"potentialAction\":[{\"@type\":\"CommentAction\",\"name\":\"Comment\",\"target\":[\"https:\/\/vosgesinfo.fr\/saintdieinfo\/?p=68757#respond\"]}]},{\"@type\":\"WebPage\",\"@id\":\"https:\/\/vosgesinfo.fr\/saintdieinfo\/?p=68757\",\"url\":\"https:\/\/vosgesinfo.fr\/saintdieinfo\/?p=68757\",\"name\":\"Harc\u00e8lement scolaire : rencontre-d\u00e9bat au coll\u00e8ge Vautrin-Lud - Saint Die Info\",\"isPartOf\":{\"@id\":\"https:\/\/vosgesinfo.fr\/saintdieinfo\/#website\"},\"primaryImageOfPage\":{\"@id\":\"https:\/\/vosgesinfo.fr\/saintdieinfo\/?p=68757#primaryimage\"},\"image\":{\"@id\":\"https:\/\/vosgesinfo.fr\/saintdieinfo\/?p=68757#primaryimage\"},\"thumbnailUrl\":\"https:\/\/vosgesinfo.fr\/app\/uploads\/sites\/4\/2024\/10\/affiche-harcelement-15-oct-24.jpeg\",\"datePublished\":\"2024-10-04T13:26:05+00:00\",\"dateModified\":\"2024-10-04T13:26:05+00:00\",\"breadcrumb\":{\"@id\":\"https:\/\/vosgesinfo.fr\/saintdieinfo\/?p=68757#breadcrumb\"},\"inLanguage\":\"fr-FR\",\"potentialAction\":[{\"@type\":\"ReadAction\",\"target\":[\"https:\/\/vosgesinfo.fr\/saintdieinfo\/?p=68757\"]}]},{\"@type\":\"ImageObject\",\"inLanguage\":\"fr-FR\",\"@id\":\"https:\/\/vosgesinfo.fr\/saintdieinfo\/?p=68757#primaryimage\",\"url\":\"https:\/\/vosgesinfo.fr\/app\/uploads\/sites\/4\/2024\/10\/affiche-harcelement-15-oct-24.jpeg\",\"contentUrl\":\"https:\/\/vosgesinfo.fr\/app\/uploads\/sites\/4\/2024\/10\/affiche-harcelement-15-oct-24.jpeg\",\"width\":750,\"height\":1000},{\"@type\":\"BreadcrumbList\",\"@id\":\"https:\/\/vosgesinfo.fr\/saintdieinfo\/?p=68757#breadcrumb\",\"itemListElement\":[{\"@type\":\"ListItem\",\"position\":1,\"name\":\"Home\",\"item\":\"https:\/\/vosgesinfo.fr\/saintdieinfo\/\"},{\"@type\":\"ListItem\",\"position\":2,\"name\":\"Harc\u00e8lement scolaire : rencontre-d\u00e9bat au coll\u00e8ge Vautrin LUD\"}]},{\"@type\":\"WebSite\",\"@id\":\"https:\/\/vosgesinfo.fr\/saintdieinfo\/#website\",\"url\":\"https:\/\/vosgesinfo.fr\/saintdieinfo\/\",\"name\":\"Saint Die Info\",\"description\":\"Toute l&#039;actualit\u00e9 de Saint-Di\u00e9-Des-Vosges\",\"publisher\":{\"@id\":\"https:\/\/vosgesinfo.fr\/saintdieinfo\/#organization\"},\"alternateName\":\"Toute l'actualit\u00e9 de Saint-Di\u00e9-Des-Vosges\",\"potentialAction\":[{\"@type\":\"SearchAction\",\"target\":{\"@type\":\"EntryPoint\",\"urlTemplate\":\"https:\/\/vosgesinfo.fr\/saintdieinfo\/?s={search_term_string}\"},\"query-input\":\"required name=search_term_string\"}],\"inLanguage\":\"fr-FR\"},{\"@type\":\"Organization\",\"@id\":\"https:\/\/vosgesinfo.fr\/saintdieinfo\/#organization\",\"name\":\"Saint Die Info\",\"url\":\"https:\/\/vosgesinfo.fr\/saintdieinfo\/\",\"logo\":{\"@type\":\"ImageObject\",\"inLanguage\":\"fr-FR\",\"@id\":\"https:\/\/vosgesinfo.fr\/saintdieinfo\/#\/schema\/logo\/image\/\",\"url\":\"https:\/\/vosgesinfo.fr\/app\/uploads\/sites\/4\/2024\/02\/logo-sdi.jpg\",\"contentUrl\":\"https:\/\/vosgesinfo.fr\/app\/uploads\/sites\/4\/2024\/02\/logo-sdi.jpg\",\"width\":600,\"height\":600,\"caption\":\"Saint Die Info\"},\"image\":{\"@id\":\"https:\/\/vosgesinfo.fr\/saintdieinfo\/#\/schema\/logo\/image\/\"},\"sameAs\":[\"https:\/\/www.facebook.com\/Saintdieinfofr\",\"https:\/\/x.com\/VosgesInfo88\",\"https:\/\/www.youtube.com\/@vosgesinfo\"]},{\"@type\":\"Person\",\"@id\":\"https:\/\/vosgesinfo.fr\/saintdieinfo\/#\/schema\/person\/bdbe8efe9c619a1002628ec6f5f39e50\",\"name\":\"C.C\",\"image\":{\"@type\":\"ImageObject\",\"inLanguage\":\"fr-FR\",\"@id\":\"https:\/\/vosgesinfo.fr\/saintdieinfo\/#\/schema\/person\/image\/\",\"url\":\"https:\/\/secure.gravatar.com\/avatar\/5127a66a43c6e20fad41e6d6d5603c2115db2cd9ee5243d33e497f936dad6960?s=96&d=mm&r=g\",\"contentUrl\":\"https:\/\/secure.gravatar.com\/avatar\/5127a66a43c6e20fad41e6d6d5603c2115db2cd9ee5243d33e497f936dad6960?s=96&d=mm&r=g\",\"caption\":\"C.C\"},\"url\":\"https:\/\/vosgesinfo.fr\/saintdieinfo\/author\/cat-cholley88\/\"}]}<\/script>\n<!-- \/ Yoast SEO plugin. -->","yoast_head_json":{"title":"Harc\u00e8lement scolaire : rencontre-d\u00e9bat au coll\u00e8ge Vautrin-Lud - Saint Die Info","robots":{"index":"index","follow":"follow","max-snippet":"max-snippet:-1","max-image-preview":"max-image-preview:large","max-video-preview":"max-video-preview:-1"},"canonical":"https:\/\/vosgesinfo.fr\/saintdieinfo\/?p=68757","twitter_card":"summary_large_image","twitter_title":"Harc\u00e8lement scolaire : rencontre-d\u00e9bat au coll\u00e8ge Vautrin-Lud - Saint Die Info","twitter_description":"Le coll\u00e8ge Vautrin LUD organise une rencontre-d\u00e9bat sur le harc\u00e8lement scolaire, avec l&rsquo;intervention de Jean-Pierre BELLON, membre du comit\u00e9 d&rsquo;experts [&hellip;]","twitter_image":"https:\/\/vosgesinfo.fr\/app\/uploads\/sites\/4\/2024\/10\/affiche-harcelement-15-oct-24-225x300.jpeg","twitter_creator":"@VosgesInfo88","twitter_site":"@VosgesInfo88","twitter_misc":{"\u00c9crit par":"C.C","Dur\u00e9e de lecture estim\u00e9e":"1 minute"},"schema":{"@context":"https:\/\/schema.org","@graph":[{"@type":"Article","@id":"https:\/\/vosgesinfo.fr\/saintdieinfo\/?p=68757#article","isPartOf":{"@id":"https:\/\/vosgesinfo.fr\/saintdieinfo\/?p=68757"},"author":{"name":"C.C","@id":"https:\/\/vosgesinfo.fr\/saintdieinfo\/#\/schema\/person\/bdbe8efe9c619a1002628ec6f5f39e50"},"headline":"Harc\u00e8lement scolaire : rencontre-d\u00e9bat au coll\u00e8ge Vautrin-Lud","datePublished":"2024-10-04T13:26:05+00:00","dateModified":"2024-10-04T13:26:05+00:00","mainEntityOfPage":{"@id":"https:\/\/vosgesinfo.fr\/saintdieinfo\/?p=68757"},"wordCount":79,"commentCount":1,"publisher":{"@id":"https:\/\/vosgesinfo.fr\/saintdieinfo\/#organization"},"image":{"@id":"https:\/\/vosgesinfo.fr\/saintdieinfo\/?p=68757#primaryimage"},"thumbnailUrl":"https:\/\/vosgesinfo.fr\/app\/uploads\/sites\/4\/2024\/10\/affiche-harcelement-15-oct-24.jpeg","keywords":["Coll\u00e8ge Vautrin-Lud","Jean-Pierre Bellon","Rencontre-d\u00e9bat sur le harc\u00e8lement"],"articleSection":["Br\u00e8ves","\u00c9ducation","Saint-Di\u00e9-des-Vosges"],"inLanguage":"fr-FR","potentialAction":[{"@type":"CommentAction","name":"Comment","target":["https:\/\/vosgesinfo.fr\/saintdieinfo\/?p=68757#respond"]}]},{"@type":"WebPage","@id":"https:\/\/vosgesinfo.fr\/saintdieinfo\/?p=68757","url":"https:\/\/vosgesinfo.fr\/saintdieinfo\/?p=68757","name":"Harc\u00e8lement scolaire : rencontre-d\u00e9bat au coll\u00e8ge Vautrin-Lud - Saint Die Info","isPartOf":{"@id":"https:\/\/vosgesinfo.fr\/saintdieinfo\/#website"},"primaryImageOfPage":{"@id":"https:\/\/vosgesinfo.fr\/saintdieinfo\/?p=68757#primaryimage"},"image":{"@id":"https:\/\/vosgesinfo.fr\/saintdieinfo\/?p=68757#primaryimage"},"thumbnailUrl":"https:\/\/vosgesinfo.fr\/app\/uploads\/sites\/4\/2024\/10\/affiche-harcelement-15-oct-24.jpeg","datePublished":"2024-10-04T13:26:05+00:00","dateModified":"2024-10-04T13:26:05+00:00","breadcrumb":{"@id":"https:\/\/vosgesinfo.fr\/saintdieinfo\/?p=68757#breadcrumb"},"inLanguage":"fr-FR","potentialAction":[{"@type":"ReadAction","target":["https:\/\/vosgesinfo.fr\/saintdieinfo\/?p=68757"]}]},{"@type":"ImageObject","inLanguage":"fr-FR","@id":"https:\/\/vosgesinfo.fr\/saintdieinfo\/?p=68757#primaryimage","url":"https:\/\/vosgesinfo.fr\/app\/uploads\/sites\/4\/2024\/10\/affiche-harcelement-15-oct-24.jpeg","contentUrl":"https:\/\/vosgesinfo.fr\/app\/uploads\/sites\/4\/2024\/10\/affiche-harcelement-15-oct-24.jpeg","width":750,"height":1000},{"@type":"BreadcrumbList","@id":"https:\/\/vosgesinfo.fr\/saintdieinfo\/?p=68757#breadcrumb","itemListElement":[{"@type":"ListItem","position":1,"name":"Home","item":"https:\/\/vosgesinfo.fr\/saintdieinfo\/"},{"@type":"ListItem","position":2,"name":"Harc\u00e8lement scolaire : rencontre-d\u00e9bat au coll\u00e8ge Vautrin LUD"}]},{"@type":"WebSite","@id":"https:\/\/vosgesinfo.fr\/saintdieinfo\/#website","url":"https:\/\/vosgesinfo.fr\/saintdieinfo\/","name":"Saint Die Info","description":"Toute l&#039;actualit\u00e9 de Saint-Di\u00e9-Des-Vosges","publisher":{"@id":"https:\/\/vosgesinfo.fr\/saintdieinfo\/#organization"},"alternateName":"Toute l'actualit\u00e9 de Saint-Di\u00e9-Des-Vosges","potentialAction":[{"@type":"SearchAction","target":{"@type":"EntryPoint","urlTemplate":"https:\/\/vosgesinfo.fr\/saintdieinfo\/?s={search_term_string}"},"query-input":"required name=search_term_string"}],"inLanguage":"fr-FR"},{"@type":"Organization","@id":"https:\/\/vosgesinfo.fr\/saintdieinfo\/#organization","name":"Saint Die Info","url":"https:\/\/vosgesinfo.fr\/saintdieinfo\/","logo":{"@type":"ImageObject","inLanguage":"fr-FR","@id":"https:\/\/vosgesinfo.fr\/saintdieinfo\/#\/schema\/logo\/image\/","url":"https:\/\/vosgesinfo.fr\/app\/uploads\/sites\/4\/2024\/02\/logo-sdi.jpg","contentUrl":"https:\/\/vosgesinfo.fr\/app\/uploads\/sites\/4\/2024\/02\/logo-sdi.jpg","width":600,"height":600,"caption":"Saint Die Info"},"image":{"@id":"https:\/\/vosgesinfo.fr\/saintdieinfo\/#\/schema\/logo\/image\/"},"sameAs":["https:\/\/www.facebook.com\/Saintdieinfofr","https:\/\/x.com\/VosgesInfo88","https:\/\/www.youtube.com\/@vosgesinfo"]},{"@type":"Person","@id":"https:\/\/vosgesinfo.fr\/saintdieinfo\/#\/schema\/person\/bdbe8efe9c619a1002628ec6f5f39e50","name":"C.C","image":{"@type":"ImageObject","inLanguage":"fr-FR","@id":"https:\/\/vosgesinfo.fr\/saintdieinfo\/#\/schema\/person\/image\/","url":"https:\/\/secure.gravatar.com\/avatar\/5127a66a43c6e20fad41e6d6d5603c2115db2cd9ee5243d33e497f936dad6960?s=96&d=mm&r=g","contentUrl":"https:\/\/secure.gravatar.com\/avatar\/5127a66a43c6e20fad41e6d6d5603c2115db2cd9ee5243d33e497f936dad6960?s=96&d=mm&r=g","caption":"C.C"},"url":"https:\/\/vosgesinfo.fr\/saintdieinfo\/author\/cat-cholley88\/"}]}},"_links":{"self":[{"href":"https:\/\/vosgesinfo.fr\/saintdieinfo\/wp-json\/wp\/v2\/posts\/68757","targetHints":{"allow":["GET"]}}],"collection":[{"href":"https:\/\/vosgesinfo.fr\/saintdieinfo\/wp-json\/wp\/v2\/posts"}],"about":[{"href":"https:\/\/vosgesinfo.fr\/saintdieinfo\/wp-json\/wp\/v2\/types\/post"}],"author":[{"embeddable":true,"href":"https:\/\/vosgesinfo.fr\/saintdieinfo\/wp-json\/wp\/v2\/users\/117"}],"replies":[{"embeddable":true,"href":"https:\/\/vosgesinfo.fr\/saintdieinfo\/wp-json\/wp\/v2\/comments?post=68757"}],"version-history":[{"count":5,"href":"https:\/\/vosgesinfo.fr\/saintdieinfo\/wp-json\/wp\/v2\/posts\/68757\/revisions"}],"predecessor-version":[{"id":68790,"href":"https:\/\/vosgesinfo.fr\/saintdieinfo\/wp-json\/wp\/v2\/posts\/68757\/revisions\/68790"}],"wp:featuredmedia":[{"embeddable":true,"href":"https:\/\/vosgesinfo.fr\/saintdieinfo\/wp-json\/wp\/v2\/media\/68761"}],"wp:attachment":[{"href":"https:\/\/vosgesinfo.fr\/saintdieinfo\/wp-json\/wp\/v2\/media?parent=68757"}],"wp:term":[{"taxonomy":"category","embeddable":true,"href":"https:\/\/vosgesinfo.fr\/saintdieinfo\/wp-json\/wp\/v2\/categories?post=68757"},{"taxonomy":"post_tag","embeddable":true,"href":"https:\/\/vosgesinfo.fr\/saintdieinfo\/wp-json\/wp\/v2\/tags?post=68757"}],"curies":[{"name":"wp","href":"https:\/\/api.w.org\/{rel}","templated":true}]}}