{"id":68942,"date":"2024-10-07T08:57:13","date_gmt":"2024-10-07T06:57:13","guid":{"rendered":"https:\/\/vosgesinfo.fr\/saintdieinfo\/?p=68942"},"modified":"2024-10-29T10:36:10","modified_gmt":"2024-10-29T09:36:10","slug":"lagence-adtf-fete-ses-10-ans","status":"publish","type":"post","link":"https:\/\/vosgesinfo.fr\/saintdieinfo\/2024\/10\/lagence-adtf-fete-ses-10-ans\/","title":{"rendered":"L\u2019agence ADTF f\u00eate ses 10 ans\u00a0!"},"content":{"rendered":"<p><a href=\"https:\/\/vosgesinfo.fr\/app\/uploads\/sites\/4\/2024\/10\/adtf-2024-photo-premium-scaled.jpg\"><img decoding=\"async\" class=\"alignnone size-large wp-image-68943\" src=\"https:\/\/vosgesinfo.fr\/app\/uploads\/sites\/4\/2024\/10\/adtf-2024-photo-premium-1024x621.jpg\" alt=\"\" width=\"1024\" height=\"621\" srcset=\"https:\/\/vosgesinfo.fr\/app\/uploads\/sites\/4\/2024\/10\/adtf-2024-photo-premium-1024x621.jpg 1024w, https:\/\/vosgesinfo.fr\/app\/uploads\/sites\/4\/2024\/10\/adtf-2024-photo-premium-300x182.jpg 300w, https:\/\/vosgesinfo.fr\/app\/uploads\/sites\/4\/2024\/10\/adtf-2024-photo-premium-768x466.jpg 768w, https:\/\/vosgesinfo.fr\/app\/uploads\/sites\/4\/2024\/10\/adtf-2024-photo-premium-1536x932.jpg 1536w, https:\/\/vosgesinfo.fr\/app\/uploads\/sites\/4\/2024\/10\/adtf-2024-photo-premium-2048x1243.jpg 2048w\" sizes=\"(max-width: 1024px) 100vw, 1024px\" \/><\/a><\/p>\n<h2 style=\"text-align: left;\"><span style=\"font-family: Arial, sans-serif;\"><span style=\"font-size: medium;\"><b>L\u2019agence ADTF \u2013 Alliance Diffusion Toutes Fermetures \u2013 situ\u00e9e \u00e0 Saint-L\u00e9onard, propose tous types de menuiseries sur mesure, en alu, PVC, bois, bois\/alu ; A l\u2019occasion de ses 10 ans, ADTF d\u00e9sire \u00ab marquer le coup \u00bb et vous fait b\u00e9n\u00e9ficier d\u2019une offre de financement exceptionnelle, en 36 fois sans frais*, pour tous vos projets !<\/b><\/span><\/span><\/h2>\n<p><!--more--><\/p>\n<p style=\"text-align: left;\" align=\"JUSTIFY\"><span style=\"font-family: Arial, sans-serif;\"><b>Que vous souhaitiez changer votre porte d\u2019entr\u00e9e par une magnifique porte blind\u00e9e, vos anciennes fen\u00eatres par des ravissantes fen\u00eatres isolantes<\/b><\/span><span style=\"font-family: Arial, sans-serif;\"> en aluminium, pvc ou bois, et pourquoi-pas harmoniser votre portail ou votre porte de garage avec vos ext\u00e9rieurs\u00a0? L\u2019agence ADTF, cr\u00e9\u00e9e et dirig\u00e9e par Marie-Laure ROL, est \u00e0 vos c\u00f4t\u00e9s, pour faire rimer confort, esth\u00e9tique, robustesse et s\u00e9curit\u00e9\u00a0! <\/span><\/p>\n\n\t\t<style type=\"text\/css\">\n\t\t\t#gallery-1 {\n\t\t\t\tmargin: auto;\n\t\t\t}\n\t\t\t#gallery-1 .gallery-item {\n\t\t\t\tfloat: left;\n\t\t\t\tmargin-top: 10px;\n\t\t\t\ttext-align: center;\n\t\t\t\twidth: 33%;\n\t\t\t}\n\t\t\t#gallery-1 img {\n\t\t\t\tborder: 2px solid #cfcfcf;\n\t\t\t}\n\t\t\t#gallery-1 .gallery-caption {\n\t\t\t\tmargin-left: 0;\n\t\t\t}\n\t\t\t\/* see gallery_shortcode() in wp-includes\/media.php *\/\n\t\t<\/style>\n\t\t<div id='gallery-1' class='gallery galleryid-68942 gallery-columns-3 gallery-size-thumbnail'><dl class='gallery-item'>\n\t\t\t<dt class='gallery-icon landscape'>\n\t\t\t\t<a href='https:\/\/vosgesinfo.fr\/app\/uploads\/sites\/4\/2024\/10\/capture-decran-2024-09-20-163410.png'><img decoding=\"async\" width=\"150\" height=\"150\" src=\"https:\/\/vosgesinfo.fr\/app\/uploads\/sites\/4\/2024\/10\/capture-decran-2024-09-20-163410-150x150.png\" class=\"attachment-thumbnail size-thumbnail\" alt=\"\" \/><\/a>\n\t\t\t<\/dt><\/dl><dl class='gallery-item'>\n\t\t\t<dt class='gallery-icon landscape'>\n\t\t\t\t<a href='https:\/\/vosgesinfo.fr\/app\/uploads\/sites\/4\/2024\/10\/capture-decran-2024-10-04-174547.png'><img decoding=\"async\" width=\"150\" height=\"150\" src=\"https:\/\/vosgesinfo.fr\/app\/uploads\/sites\/4\/2024\/10\/capture-decran-2024-10-04-174547-150x150.png\" class=\"attachment-thumbnail size-thumbnail\" alt=\"\" \/><\/a>\n\t\t\t<\/dt><\/dl><dl class='gallery-item'>\n\t\t\t<dt class='gallery-icon landscape'>\n\t\t\t\t<a href='https:\/\/vosgesinfo.fr\/app\/uploads\/sites\/4\/2024\/10\/capture-decran-2024-10-04-174645.png'><img decoding=\"async\" width=\"150\" height=\"150\" src=\"https:\/\/vosgesinfo.fr\/app\/uploads\/sites\/4\/2024\/10\/capture-decran-2024-10-04-174645-150x150.png\" class=\"attachment-thumbnail size-thumbnail\" alt=\"\" \/><\/a>\n\t\t\t<\/dt><\/dl><br style=\"clear: both\" \/>\n\t\t<\/div>\n\n<p style=\"text-align: left;\" align=\"JUSTIFY\"><span style=\"font-family: Arial, sans-serif;\"><b>Leurs techniciens exp\u00e9riment\u00e9s et certifi\u00e9s Qualibat RGE, sauront vous conseiller et r\u00e9pondre \u00e0 vos besoins,<\/b><\/span><span style=\"font-family: Arial, sans-serif;\"> avec le plus grand soin, en mati\u00e8re de fermetures et \u00e9galement pour tous vos projets ext\u00e9rieurs comme les pergolas, robustes, performantes, au design adapt\u00e9 \u00e0 votre habitat.<\/span><\/p>\n<p style=\"text-align: left;\" align=\"JUSTIFY\"><span style=\"font-family: Arial, sans-serif;\"><b>Pour f\u00eater les 10 ans de l\u2019Entreprise ADTF, Marie-Laure et son \u00e9quipe vous font b\u00e9n\u00e9ficier d\u2019une offre de choc\u00a0! En effet vous pourrez \u00e9taler le financement de votre projet en 36 fois et sans frais<\/b><\/span><span style=\"font-family: Arial, sans-serif;\">* -, sur tous les devis \u00e9tablis entre le 1<\/span><sup><span style=\"font-family: Arial, sans-serif;\">er<\/span><\/sup><span style=\"font-family: Arial, sans-serif;\"> Octobre 2024 jusqu\u2019au 15 Janvier 2025 &#8211; voir conditions ci-dessous.<\/span><\/p>\n\n\t\t<style type=\"text\/css\">\n\t\t\t#gallery-2 {\n\t\t\t\tmargin: auto;\n\t\t\t}\n\t\t\t#gallery-2 .gallery-item {\n\t\t\t\tfloat: left;\n\t\t\t\tmargin-top: 10px;\n\t\t\t\ttext-align: center;\n\t\t\t\twidth: 33%;\n\t\t\t}\n\t\t\t#gallery-2 img {\n\t\t\t\tborder: 2px solid #cfcfcf;\n\t\t\t}\n\t\t\t#gallery-2 .gallery-caption {\n\t\t\t\tmargin-left: 0;\n\t\t\t}\n\t\t\t\/* see gallery_shortcode() in wp-includes\/media.php *\/\n\t\t<\/style>\n\t\t<div id='gallery-2' class='gallery galleryid-68942 gallery-columns-3 gallery-size-thumbnail'><dl class='gallery-item'>\n\t\t\t<dt class='gallery-icon landscape'>\n\t\t\t\t<a href='https:\/\/vosgesinfo.fr\/app\/uploads\/sites\/4\/2024\/10\/capture-decran-2024-10-04-174631.png'><img decoding=\"async\" width=\"150\" height=\"150\" src=\"https:\/\/vosgesinfo.fr\/app\/uploads\/sites\/4\/2024\/10\/capture-decran-2024-10-04-174631-150x150.png\" class=\"attachment-thumbnail size-thumbnail\" alt=\"\" \/><\/a>\n\t\t\t<\/dt><\/dl><dl class='gallery-item'>\n\t\t\t<dt class='gallery-icon portrait'>\n\t\t\t\t<a href='https:\/\/vosgesinfo.fr\/app\/uploads\/sites\/4\/2024\/10\/capture-decran-2024-09-20-163430.png'><img decoding=\"async\" width=\"150\" height=\"150\" src=\"https:\/\/vosgesinfo.fr\/app\/uploads\/sites\/4\/2024\/10\/capture-decran-2024-09-20-163430-150x150.png\" class=\"attachment-thumbnail size-thumbnail\" alt=\"\" \/><\/a>\n\t\t\t<\/dt><\/dl><dl class='gallery-item'>\n\t\t\t<dt class='gallery-icon landscape'>\n\t\t\t\t<a href='https:\/\/vosgesinfo.fr\/app\/uploads\/sites\/4\/2024\/10\/capture-decran-2024-10-04-174358.png'><img decoding=\"async\" width=\"150\" height=\"150\" src=\"https:\/\/vosgesinfo.fr\/app\/uploads\/sites\/4\/2024\/10\/capture-decran-2024-10-04-174358-150x150.png\" class=\"attachment-thumbnail size-thumbnail\" alt=\"\" \/><\/a>\n\t\t\t<\/dt><\/dl><br style=\"clear: both\" \/>\n\t\t<\/div>\n\n<p style=\"text-align: left;\" align=\"JUSTIFY\"><a name=\"Bookmark\"><\/a><span style=\"font-family: Arial, sans-serif;\"><b>Vous l\u2018avez compris, rien n\u2019est impossible pour l\u2019agence ADTF <\/b><\/span><span style=\"font-family: Arial, sans-serif;\">qui se positionne en t\u00eate en rapport qualit\u00e9\/prix, dans le march\u00e9 de la menuiserie ! Marie-Laure et sa fine \u00e9quipe compos\u00e9e d\u2019une dizaine de personnes, auront \u00e0 c\u0153ur de vous conseiller et sauront prendre en charge tous vos projets de A \u00e0 Z, de la r\u00e9alisation d\u2019un devis d\u00e9taill\u00e9, en passant par la pose, le service apr\u00e8s-vente et la garantie pendant 10 ans\u00a0!<\/span><\/p>\n<p style=\"text-align: left;\" align=\"JUSTIFY\"><span style=\"font-family: Arial, sans-serif;\"><b>Renseignements compl\u00e9mentaires\u00a0: Agence ADTF, 3 impasse de Claingoutte \u00e0 Saint-L\u00e9onard<\/b><\/span><\/p>\n<p style=\"text-align: left;\" align=\"JUSTIFY\"><span style=\"font-family: Arial, sans-serif;\"><b>T\u00e9l.\u00a0: 03.55.23.01.61 &#8211; e.mail\u00a0: <a href=\"mailto:adtf68@hotmail.fr\" target=\"_blank\" rel=\"noopener\">adtf68@hotmail.fr<\/a><\/b><\/span><\/p>\n<p style=\"text-align: left;\" align=\"JUSTIFY\"><a href=\"https:\/\/www.adtf68-88.com\/\" target=\"_blank\" rel=\"noopener\"><span style=\"font-family: Arial, sans-serif;\"><b>https:\/\/www.adtf68-88.com\/<\/b><\/span><\/a><\/p>\n<p style=\"text-align: left;\" align=\"JUSTIFY\"><a href=\"https:\/\/www.facebook.com\/AdtfGE\/\" target=\"_blank\" rel=\"noopener\"><span style=\"font-family: Arial, sans-serif;\"><b>https:\/\/www.facebook.com\/AdtfGE\/<\/b><\/span><\/a><\/p>\n\n\t\t<style type=\"text\/css\">\n\t\t\t#gallery-3 {\n\t\t\t\tmargin: auto;\n\t\t\t}\n\t\t\t#gallery-3 .gallery-item {\n\t\t\t\tfloat: left;\n\t\t\t\tmargin-top: 10px;\n\t\t\t\ttext-align: center;\n\t\t\t\twidth: 33%;\n\t\t\t}\n\t\t\t#gallery-3 img {\n\t\t\t\tborder: 2px solid #cfcfcf;\n\t\t\t}\n\t\t\t#gallery-3 .gallery-caption {\n\t\t\t\tmargin-left: 0;\n\t\t\t}\n\t\t\t\/* see gallery_shortcode() in wp-includes\/media.php *\/\n\t\t<\/style>\n\t\t<div id='gallery-3' class='gallery galleryid-68942 gallery-columns-3 gallery-size-thumbnail'><dl class='gallery-item'>\n\t\t\t<dt class='gallery-icon landscape'>\n\t\t\t\t<a href='https:\/\/vosgesinfo.fr\/app\/uploads\/sites\/4\/2024\/10\/capture-decran-2024-10-04-175529.png'><img decoding=\"async\" width=\"150\" height=\"150\" src=\"https:\/\/vosgesinfo.fr\/app\/uploads\/sites\/4\/2024\/10\/capture-decran-2024-10-04-175529-150x150.png\" class=\"attachment-thumbnail size-thumbnail\" alt=\"\" \/><\/a>\n\t\t\t<\/dt><\/dl><dl class='gallery-item'>\n\t\t\t<dt class='gallery-icon landscape'>\n\t\t\t\t<a href='https:\/\/vosgesinfo.fr\/app\/uploads\/sites\/4\/2024\/10\/capture-decran-2024-09-20-163251.png'><img decoding=\"async\" width=\"150\" height=\"150\" src=\"https:\/\/vosgesinfo.fr\/app\/uploads\/sites\/4\/2024\/10\/capture-decran-2024-09-20-163251-150x150.png\" class=\"attachment-thumbnail size-thumbnail\" alt=\"\" \/><\/a>\n\t\t\t<\/dt><\/dl>\n\t\t\t<br style='clear: both' \/>\n\t\t<\/div>\n\n<p style=\"text-align: left;\" align=\"JUSTIFY\"><span style=\"font-family: Arial, sans-serif;\">R\u00e9daction\u00a0: Patricia Ferry-Demange \u2013 <a href=\"mailto:patricia.ferrydemange@gmail.com\">patricia.ferrydemange@gmail.com<\/a><\/span><\/p>\n<p style=\"text-align: left;\"><span style=\"color: #000000;\"><span style=\"font-family: Courier New, sans-serif;\"><span style=\"font-size: medium;\"><span style=\"color: #00000a;\"><span style=\"font-size: small;\"><b>*UN CR\u00c9DIT VOUS ENGAGE ET DOIT \u00caTRE REMBOURS\u00c9. V\u00c9RIFIEZ VOS CAPACIT\u00c9S DE REMBOURSEMENT AVANT DE VOUS ENGAGER. <\/b><\/span><\/span><span style=\"color: #00000a;\"><span style=\"font-size: small;\">Exemple, hors assurances facultatives : Pour un achat d\u2019un montant de 5000 \u20ac, soit un montant total du cr\u00e9dit de 5000 \u20ac vous r\u00e9glez 36 <\/span><\/span><span style=\"color: #00000a;\"><span style=\"font-size: small;\"><b>mensualit\u00e9s de 138,89 \u20ac<\/b><\/span><\/span><span style=\"color: #00000a;\"><span style=\"font-size: small;\">. <\/span><\/span><span style=\"color: #00000a;\"><span style=\"font-size: small;\"><b>Taux Annuel Effectif Global (TAEG) fixe : 0%. <\/b><\/span><\/span><span style=\"color: #00000a;\"><span style=\"font-size: small;\">Taux d\u00e9biteur fixe : 0%. Co\u00fbt du cr\u00e9dit \u00e0 la charge du vendeur. <\/span><\/span><span style=\"color: #00000a;\"><span style=\"font-size: small;\"><b>Montant total d\u00fb : 5000 \u20ac<\/b><\/span><\/span><span style=\"color: #00000a;\"><span style=\"font-size: small;\">. Dur\u00e9e maximum du cr\u00e9dit : 36 mois. Co\u00fbt mensuel de l&rsquo;assurance (s&rsquo;ajoute \u00e0 la mensualit\u00e9) : 9,95 \u20ac pour DIM, 11,45 \u20ac pour DIM+CHOM et 12 \u20ac SENIOR. Co\u00fbt total de l&rsquo;assurance : 358,20 \u20ac pour DIM, 412,20 \u20ac pour DIM+CHOM et 432 \u20ac pour SENIOR. Taux Annuel Effectif de l&rsquo;Assurance (TAEA): 4,64 % pour DIM, 5,34 % pour DIM+CHOM et 5,60 % pour SENIOR.* <\/span><\/span><\/span><\/span><\/span><\/p>\n<p style=\"text-align: left;\"><span style=\"font-size: small;\">*Offre valable du 01\/10\/2024 au 15\/01\/2025, sous r\u00e9serve d\u2019acceptation de votre dossier de cr\u00e9dit affect\u00e9 par FRANFINANCE (SA au capital de 202 911 984 \u20ac -719 807 406 RCS Nanterre -53 rue du Port, CS 90201, 92724 Nanterre Cedex -Interm\u00e9diaire en assurances inscrit \u00e0 l\u2019ORIAS N\u00b007 008 346 \u2013www.orias.fr). Assurances souscrites aupr\u00e8s de SOGECAP et SOGESSUR, entreprises r\u00e9gies par le Code des Assurances. FRANFINANCE, SOGECAP et SOGESSUR sont des filiales du Groupe SOCIETE GENERALE.[ADTF est interm\u00e9diaire de cr\u00e9dit non exclusif de FRANFINANCE, immatricul\u00e9 sous le num\u00e9ro siret 8103699300034) &#8211; Vous disposez d\u2019un d\u00e9lai de r\u00e9tractation de 14 jours \u00e0 compter de la date de signature du contrat de cr\u00e9dit.Conditions en vigueur au 01\/10\/2024<\/span><\/p>\n","protected":false},"excerpt":{"rendered":"<p>L\u2019agence ADTF \u2013 Alliance Diffusion Toutes Fermetures \u2013 situ\u00e9e \u00e0 Saint-L\u00e9onard, propose tous types de menuiseries sur mesure, en alu, [&hellip;]<\/p>\n","protected":false},"author":46,"featured_media":68943,"comment_status":"open","ping_status":"open","sticky":false,"template":"","format":"standard","meta":{"footnotes":""},"categories":[460,5392,5391,2915],"tags":[7728,14918,3228],"class_list":["post-68942","post","type-post","status-publish","format-standard","has-post-thumbnail","hentry","category-a-la-une","category-epinal","category-gerardmer","category-saint-die-son-canton","tag-adtf","tag-alliance-diffusion-toutes-fermetures","tag-saint-leonard"],"acf":[],"yoast_head":"<!-- This site is optimized with the Yoast SEO plugin v22.5 - https:\/\/yoast.com\/wordpress\/plugins\/seo\/ -->\n<title>L\u2019agence ADTF f\u00eate ses 10 ans\u00a0! - Saint Die Info<\/title>\n<meta name=\"robots\" content=\"index, follow, max-snippet:-1, max-image-preview:large, max-video-preview:-1\" \/>\n<link rel=\"canonical\" href=\"https:\/\/vosgesinfo.fr\/saintdieinfo\/2024\/10\/lagence-adtf-fete-ses-10-ans\/\" \/>\n<meta name=\"twitter:card\" content=\"summary_large_image\" \/>\n<meta name=\"twitter:title\" content=\"L\u2019agence ADTF f\u00eate ses 10 ans\u00a0! - Saint Die Info\" \/>\n<meta name=\"twitter:description\" content=\"L\u2019agence ADTF \u2013 Alliance Diffusion Toutes Fermetures \u2013 situ\u00e9e \u00e0 Saint-L\u00e9onard, propose tous types de menuiseries sur mesure, en alu, [&hellip;]\" \/>\n<meta name=\"twitter:image\" content=\"https:\/\/vosgesinfo.fr\/app\/uploads\/sites\/4\/2024\/10\/adtf-2024-photo-premium-scaled.jpg\" \/>\n<meta name=\"twitter:creator\" content=\"@VosgesInfo88\" \/>\n<meta name=\"twitter:site\" content=\"@VosgesInfo88\" \/>\n<meta name=\"twitter:label1\" content=\"\u00c9crit par\" \/>\n\t<meta name=\"twitter:data1\" content=\"J.J.\" \/>\n\t<meta name=\"twitter:label2\" content=\"Dur\u00e9e de lecture estim\u00e9e\" \/>\n\t<meta name=\"twitter:data2\" content=\"4 minutes\" \/>\n<script type=\"application\/ld+json\" class=\"yoast-schema-graph\">{\"@context\":\"https:\/\/schema.org\",\"@graph\":[{\"@type\":\"Article\",\"@id\":\"https:\/\/vosgesinfo.fr\/saintdieinfo\/2024\/10\/lagence-adtf-fete-ses-10-ans\/#article\",\"isPartOf\":{\"@id\":\"https:\/\/vosgesinfo.fr\/saintdieinfo\/2024\/10\/lagence-adtf-fete-ses-10-ans\/\"},\"author\":{\"name\":\"J.J.\",\"@id\":\"https:\/\/vosgesinfo.fr\/saintdieinfo\/#\/schema\/person\/fa73e9f726d67bb88f46d5b7943cb572\"},\"headline\":\"L\u2019agence ADTF f\u00eate ses 10 ans\u00a0!\",\"datePublished\":\"2024-10-07T06:57:13+00:00\",\"dateModified\":\"2024-10-29T09:36:10+00:00\",\"mainEntityOfPage\":{\"@id\":\"https:\/\/vosgesinfo.fr\/saintdieinfo\/2024\/10\/lagence-adtf-fete-ses-10-ans\/\"},\"wordCount\":596,\"commentCount\":0,\"publisher\":{\"@id\":\"https:\/\/vosgesinfo.fr\/saintdieinfo\/#organization\"},\"image\":{\"@id\":\"https:\/\/vosgesinfo.fr\/saintdieinfo\/2024\/10\/lagence-adtf-fete-ses-10-ans\/#primaryimage\"},\"thumbnailUrl\":\"https:\/\/vosgesinfo.fr\/app\/uploads\/sites\/4\/2024\/10\/adtf-2024-photo-premium-scaled.jpg\",\"keywords\":[\"ADTF\",\"Alliance Diffusion Toutes Fermetures\",\"Saint-L\u00e9onard\"],\"articleSection\":[\"A la Une\",\"Epinal\",\"Gerardmer\",\"Saint-Di\u00e9-des-Vosges et son Agglom\u00e9ration\"],\"inLanguage\":\"fr-FR\",\"potentialAction\":[{\"@type\":\"CommentAction\",\"name\":\"Comment\",\"target\":[\"https:\/\/vosgesinfo.fr\/saintdieinfo\/2024\/10\/lagence-adtf-fete-ses-10-ans\/#respond\"]}]},{\"@type\":\"WebPage\",\"@id\":\"https:\/\/vosgesinfo.fr\/saintdieinfo\/2024\/10\/lagence-adtf-fete-ses-10-ans\/\",\"url\":\"https:\/\/vosgesinfo.fr\/saintdieinfo\/2024\/10\/lagence-adtf-fete-ses-10-ans\/\",\"name\":\"L\u2019agence ADTF f\u00eate ses 10 ans\u00a0! - Saint Die Info\",\"isPartOf\":{\"@id\":\"https:\/\/vosgesinfo.fr\/saintdieinfo\/#website\"},\"primaryImageOfPage\":{\"@id\":\"https:\/\/vosgesinfo.fr\/saintdieinfo\/2024\/10\/lagence-adtf-fete-ses-10-ans\/#primaryimage\"},\"image\":{\"@id\":\"https:\/\/vosgesinfo.fr\/saintdieinfo\/2024\/10\/lagence-adtf-fete-ses-10-ans\/#primaryimage\"},\"thumbnailUrl\":\"https:\/\/vosgesinfo.fr\/app\/uploads\/sites\/4\/2024\/10\/adtf-2024-photo-premium-scaled.jpg\",\"datePublished\":\"2024-10-07T06:57:13+00:00\",\"dateModified\":\"2024-10-29T09:36:10+00:00\",\"breadcrumb\":{\"@id\":\"https:\/\/vosgesinfo.fr\/saintdieinfo\/2024\/10\/lagence-adtf-fete-ses-10-ans\/#breadcrumb\"},\"inLanguage\":\"fr-FR\",\"potentialAction\":[{\"@type\":\"ReadAction\",\"target\":[\"https:\/\/vosgesinfo.fr\/saintdieinfo\/2024\/10\/lagence-adtf-fete-ses-10-ans\/\"]}]},{\"@type\":\"ImageObject\",\"inLanguage\":\"fr-FR\",\"@id\":\"https:\/\/vosgesinfo.fr\/saintdieinfo\/2024\/10\/lagence-adtf-fete-ses-10-ans\/#primaryimage\",\"url\":\"https:\/\/vosgesinfo.fr\/app\/uploads\/sites\/4\/2024\/10\/adtf-2024-photo-premium-scaled.jpg\",\"contentUrl\":\"https:\/\/vosgesinfo.fr\/app\/uploads\/sites\/4\/2024\/10\/adtf-2024-photo-premium-scaled.jpg\",\"width\":2560,\"height\":1553},{\"@type\":\"BreadcrumbList\",\"@id\":\"https:\/\/vosgesinfo.fr\/saintdieinfo\/2024\/10\/lagence-adtf-fete-ses-10-ans\/#breadcrumb\",\"itemListElement\":[{\"@type\":\"ListItem\",\"position\":1,\"name\":\"Home\",\"item\":\"https:\/\/vosgesinfo.fr\/saintdieinfo\/\"},{\"@type\":\"ListItem\",\"position\":2,\"name\":\"L\u2019agence ADTF f\u00eate ses 10 ans\u00a0!\"}]},{\"@type\":\"WebSite\",\"@id\":\"https:\/\/vosgesinfo.fr\/saintdieinfo\/#website\",\"url\":\"https:\/\/vosgesinfo.fr\/saintdieinfo\/\",\"name\":\"Saint Die Info\",\"description\":\"Toute l&#039;actualit\u00e9 de Saint-Di\u00e9-Des-Vosges\",\"publisher\":{\"@id\":\"https:\/\/vosgesinfo.fr\/saintdieinfo\/#organization\"},\"alternateName\":\"Toute l'actualit\u00e9 de Saint-Di\u00e9-Des-Vosges\",\"potentialAction\":[{\"@type\":\"SearchAction\",\"target\":{\"@type\":\"EntryPoint\",\"urlTemplate\":\"https:\/\/vosgesinfo.fr\/saintdieinfo\/?s={search_term_string}\"},\"query-input\":\"required name=search_term_string\"}],\"inLanguage\":\"fr-FR\"},{\"@type\":\"Organization\",\"@id\":\"https:\/\/vosgesinfo.fr\/saintdieinfo\/#organization\",\"name\":\"Saint Die Info\",\"url\":\"https:\/\/vosgesinfo.fr\/saintdieinfo\/\",\"logo\":{\"@type\":\"ImageObject\",\"inLanguage\":\"fr-FR\",\"@id\":\"https:\/\/vosgesinfo.fr\/saintdieinfo\/#\/schema\/logo\/image\/\",\"url\":\"https:\/\/vosgesinfo.fr\/app\/uploads\/sites\/4\/2024\/02\/logo-sdi.jpg\",\"contentUrl\":\"https:\/\/vosgesinfo.fr\/app\/uploads\/sites\/4\/2024\/02\/logo-sdi.jpg\",\"width\":600,\"height\":600,\"caption\":\"Saint Die Info\"},\"image\":{\"@id\":\"https:\/\/vosgesinfo.fr\/saintdieinfo\/#\/schema\/logo\/image\/\"},\"sameAs\":[\"https:\/\/www.facebook.com\/Saintdieinfofr\",\"https:\/\/x.com\/VosgesInfo88\",\"https:\/\/www.youtube.com\/@vosgesinfo\"]},{\"@type\":\"Person\",\"@id\":\"https:\/\/vosgesinfo.fr\/saintdieinfo\/#\/schema\/person\/fa73e9f726d67bb88f46d5b7943cb572\",\"name\":\"J.J.\",\"image\":{\"@type\":\"ImageObject\",\"inLanguage\":\"fr-FR\",\"@id\":\"https:\/\/vosgesinfo.fr\/saintdieinfo\/#\/schema\/person\/image\/\",\"url\":\"https:\/\/secure.gravatar.com\/avatar\/219e749e47ffbcca018a360ae4add7d4cdf1cdaaf8bc7676b27efade3fe65615?s=96&d=mm&r=g\",\"contentUrl\":\"https:\/\/secure.gravatar.com\/avatar\/219e749e47ffbcca018a360ae4add7d4cdf1cdaaf8bc7676b27efade3fe65615?s=96&d=mm&r=g\",\"caption\":\"J.J.\"},\"url\":\"https:\/\/vosgesinfo.fr\/saintdieinfo\/author\/j-j\/\"}]}<\/script>\n<!-- \/ Yoast SEO plugin. -->","yoast_head_json":{"title":"L\u2019agence ADTF f\u00eate ses 10 ans\u00a0! - Saint Die Info","robots":{"index":"index","follow":"follow","max-snippet":"max-snippet:-1","max-image-preview":"max-image-preview:large","max-video-preview":"max-video-preview:-1"},"canonical":"https:\/\/vosgesinfo.fr\/saintdieinfo\/2024\/10\/lagence-adtf-fete-ses-10-ans\/","twitter_card":"summary_large_image","twitter_title":"L\u2019agence ADTF f\u00eate ses 10 ans\u00a0! - Saint Die Info","twitter_description":"L\u2019agence ADTF \u2013 Alliance Diffusion Toutes Fermetures \u2013 situ\u00e9e \u00e0 Saint-L\u00e9onard, propose tous types de menuiseries sur mesure, en alu, [&hellip;]","twitter_image":"https:\/\/vosgesinfo.fr\/app\/uploads\/sites\/4\/2024\/10\/adtf-2024-photo-premium-scaled.jpg","twitter_creator":"@VosgesInfo88","twitter_site":"@VosgesInfo88","twitter_misc":{"\u00c9crit par":"J.J.","Dur\u00e9e de lecture estim\u00e9e":"4 minutes"},"schema":{"@context":"https:\/\/schema.org","@graph":[{"@type":"Article","@id":"https:\/\/vosgesinfo.fr\/saintdieinfo\/2024\/10\/lagence-adtf-fete-ses-10-ans\/#article","isPartOf":{"@id":"https:\/\/vosgesinfo.fr\/saintdieinfo\/2024\/10\/lagence-adtf-fete-ses-10-ans\/"},"author":{"name":"J.J.","@id":"https:\/\/vosgesinfo.fr\/saintdieinfo\/#\/schema\/person\/fa73e9f726d67bb88f46d5b7943cb572"},"headline":"L\u2019agence ADTF f\u00eate ses 10 ans\u00a0!","datePublished":"2024-10-07T06:57:13+00:00","dateModified":"2024-10-29T09:36:10+00:00","mainEntityOfPage":{"@id":"https:\/\/vosgesinfo.fr\/saintdieinfo\/2024\/10\/lagence-adtf-fete-ses-10-ans\/"},"wordCount":596,"commentCount":0,"publisher":{"@id":"https:\/\/vosgesinfo.fr\/saintdieinfo\/#organization"},"image":{"@id":"https:\/\/vosgesinfo.fr\/saintdieinfo\/2024\/10\/lagence-adtf-fete-ses-10-ans\/#primaryimage"},"thumbnailUrl":"https:\/\/vosgesinfo.fr\/app\/uploads\/sites\/4\/2024\/10\/adtf-2024-photo-premium-scaled.jpg","keywords":["ADTF","Alliance Diffusion Toutes Fermetures","Saint-L\u00e9onard"],"articleSection":["A la Une","Epinal","Gerardmer","Saint-Di\u00e9-des-Vosges et son Agglom\u00e9ration"],"inLanguage":"fr-FR","potentialAction":[{"@type":"CommentAction","name":"Comment","target":["https:\/\/vosgesinfo.fr\/saintdieinfo\/2024\/10\/lagence-adtf-fete-ses-10-ans\/#respond"]}]},{"@type":"WebPage","@id":"https:\/\/vosgesinfo.fr\/saintdieinfo\/2024\/10\/lagence-adtf-fete-ses-10-ans\/","url":"https:\/\/vosgesinfo.fr\/saintdieinfo\/2024\/10\/lagence-adtf-fete-ses-10-ans\/","name":"L\u2019agence ADTF f\u00eate ses 10 ans\u00a0! - Saint Die Info","isPartOf":{"@id":"https:\/\/vosgesinfo.fr\/saintdieinfo\/#website"},"primaryImageOfPage":{"@id":"https:\/\/vosgesinfo.fr\/saintdieinfo\/2024\/10\/lagence-adtf-fete-ses-10-ans\/#primaryimage"},"image":{"@id":"https:\/\/vosgesinfo.fr\/saintdieinfo\/2024\/10\/lagence-adtf-fete-ses-10-ans\/#primaryimage"},"thumbnailUrl":"https:\/\/vosgesinfo.fr\/app\/uploads\/sites\/4\/2024\/10\/adtf-2024-photo-premium-scaled.jpg","datePublished":"2024-10-07T06:57:13+00:00","dateModified":"2024-10-29T09:36:10+00:00","breadcrumb":{"@id":"https:\/\/vosgesinfo.fr\/saintdieinfo\/2024\/10\/lagence-adtf-fete-ses-10-ans\/#breadcrumb"},"inLanguage":"fr-FR","potentialAction":[{"@type":"ReadAction","target":["https:\/\/vosgesinfo.fr\/saintdieinfo\/2024\/10\/lagence-adtf-fete-ses-10-ans\/"]}]},{"@type":"ImageObject","inLanguage":"fr-FR","@id":"https:\/\/vosgesinfo.fr\/saintdieinfo\/2024\/10\/lagence-adtf-fete-ses-10-ans\/#primaryimage","url":"https:\/\/vosgesinfo.fr\/app\/uploads\/sites\/4\/2024\/10\/adtf-2024-photo-premium-scaled.jpg","contentUrl":"https:\/\/vosgesinfo.fr\/app\/uploads\/sites\/4\/2024\/10\/adtf-2024-photo-premium-scaled.jpg","width":2560,"height":1553},{"@type":"BreadcrumbList","@id":"https:\/\/vosgesinfo.fr\/saintdieinfo\/2024\/10\/lagence-adtf-fete-ses-10-ans\/#breadcrumb","itemListElement":[{"@type":"ListItem","position":1,"name":"Home","item":"https:\/\/vosgesinfo.fr\/saintdieinfo\/"},{"@type":"ListItem","position":2,"name":"L\u2019agence ADTF f\u00eate ses 10 ans\u00a0!"}]},{"@type":"WebSite","@id":"https:\/\/vosgesinfo.fr\/saintdieinfo\/#website","url":"https:\/\/vosgesinfo.fr\/saintdieinfo\/","name":"Saint Die Info","description":"Toute l&#039;actualit\u00e9 de Saint-Di\u00e9-Des-Vosges","publisher":{"@id":"https:\/\/vosgesinfo.fr\/saintdieinfo\/#organization"},"alternateName":"Toute l'actualit\u00e9 de Saint-Di\u00e9-Des-Vosges","potentialAction":[{"@type":"SearchAction","target":{"@type":"EntryPoint","urlTemplate":"https:\/\/vosgesinfo.fr\/saintdieinfo\/?s={search_term_string}"},"query-input":"required name=search_term_string"}],"inLanguage":"fr-FR"},{"@type":"Organization","@id":"https:\/\/vosgesinfo.fr\/saintdieinfo\/#organization","name":"Saint Die Info","url":"https:\/\/vosgesinfo.fr\/saintdieinfo\/","logo":{"@type":"ImageObject","inLanguage":"fr-FR","@id":"https:\/\/vosgesinfo.fr\/saintdieinfo\/#\/schema\/logo\/image\/","url":"https:\/\/vosgesinfo.fr\/app\/uploads\/sites\/4\/2024\/02\/logo-sdi.jpg","contentUrl":"https:\/\/vosgesinfo.fr\/app\/uploads\/sites\/4\/2024\/02\/logo-sdi.jpg","width":600,"height":600,"caption":"Saint Die Info"},"image":{"@id":"https:\/\/vosgesinfo.fr\/saintdieinfo\/#\/schema\/logo\/image\/"},"sameAs":["https:\/\/www.facebook.com\/Saintdieinfofr","https:\/\/x.com\/VosgesInfo88","https:\/\/www.youtube.com\/@vosgesinfo"]},{"@type":"Person","@id":"https:\/\/vosgesinfo.fr\/saintdieinfo\/#\/schema\/person\/fa73e9f726d67bb88f46d5b7943cb572","name":"J.J.","image":{"@type":"ImageObject","inLanguage":"fr-FR","@id":"https:\/\/vosgesinfo.fr\/saintdieinfo\/#\/schema\/person\/image\/","url":"https:\/\/secure.gravatar.com\/avatar\/219e749e47ffbcca018a360ae4add7d4cdf1cdaaf8bc7676b27efade3fe65615?s=96&d=mm&r=g","contentUrl":"https:\/\/secure.gravatar.com\/avatar\/219e749e47ffbcca018a360ae4add7d4cdf1cdaaf8bc7676b27efade3fe65615?s=96&d=mm&r=g","caption":"J.J."},"url":"https:\/\/vosgesinfo.fr\/saintdieinfo\/author\/j-j\/"}]}},"_links":{"self":[{"href":"https:\/\/vosgesinfo.fr\/saintdieinfo\/wp-json\/wp\/v2\/posts\/68942","targetHints":{"allow":["GET"]}}],"collection":[{"href":"https:\/\/vosgesinfo.fr\/saintdieinfo\/wp-json\/wp\/v2\/posts"}],"about":[{"href":"https:\/\/vosgesinfo.fr\/saintdieinfo\/wp-json\/wp\/v2\/types\/post"}],"author":[{"embeddable":true,"href":"https:\/\/vosgesinfo.fr\/saintdieinfo\/wp-json\/wp\/v2\/users\/46"}],"replies":[{"embeddable":true,"href":"https:\/\/vosgesinfo.fr\/saintdieinfo\/wp-json\/wp\/v2\/comments?post=68942"}],"version-history":[{"count":1,"href":"https:\/\/vosgesinfo.fr\/saintdieinfo\/wp-json\/wp\/v2\/posts\/68942\/revisions"}],"predecessor-version":[{"id":68952,"href":"https:\/\/vosgesinfo.fr\/saintdieinfo\/wp-json\/wp\/v2\/posts\/68942\/revisions\/68952"}],"wp:featuredmedia":[{"embeddable":true,"href":"https:\/\/vosgesinfo.fr\/saintdieinfo\/wp-json\/wp\/v2\/media\/68943"}],"wp:attachment":[{"href":"https:\/\/vosgesinfo.fr\/saintdieinfo\/wp-json\/wp\/v2\/media?parent=68942"}],"wp:term":[{"taxonomy":"category","embeddable":true,"href":"https:\/\/vosgesinfo.fr\/saintdieinfo\/wp-json\/wp\/v2\/categories?post=68942"},{"taxonomy":"post_tag","embeddable":true,"href":"https:\/\/vosgesinfo.fr\/saintdieinfo\/wp-json\/wp\/v2\/tags?post=68942"}],"curies":[{"name":"wp","href":"https:\/\/api.w.org\/{rel}","templated":true}]}}