{"id":68979,"date":"2024-10-07T18:12:50","date_gmt":"2024-10-07T16:12:50","guid":{"rendered":"https:\/\/vosgesinfo.fr\/saintdieinfo\/2024\/10\/concours-de-nouvelles-fantastiques-dans-le-cadre-du-festival-de-gerardmer-inscrivez-vous-des-maintenant-2\/"},"modified":"2024-10-07T18:12:50","modified_gmt":"2024-10-07T16:12:50","slug":"concours-de-nouvelles-fantastiques-dans-le-cadre-du-festival-de-gerardmer-inscrivez-vous-des-maintenant-2","status":"publish","type":"post","link":"https:\/\/vosgesinfo.fr\/saintdieinfo\/2024\/10\/concours-de-nouvelles-fantastiques-dans-le-cadre-du-festival-de-gerardmer-inscrivez-vous-des-maintenant-2\/","title":{"rendered":"Concours de nouvelles fantastiques dans le cadre du Festival de G\u00e9rardmer &#8211; inscrivez-vous d\u00e8s maintenant !"},"content":{"rendered":"<div dir=\"auto\">\n<div id=\"attachment_64288\" style=\"width: 1034px\" class=\"wp-caption aligncenter\"><a href=\"https:\/\/vosgesinfo.fr\/app\/uploads\/sites\/6\/2024\/07\/202301concours-de-nouvelles-fantastiques-3.jpg\"><img decoding=\"async\" aria-describedby=\"caption-attachment-64288\" class=\"wp-image-64288 size-large\" src=\"https:\/\/vosgesinfo.fr\/app\/uploads\/sites\/6\/2024\/07\/202301concours-de-nouvelles-fantastiques-3-1024x683.jpg\" alt=\"\" width=\"1024\" height=\"683\" \/><\/a><p id=\"caption-attachment-64288\" class=\"wp-caption-text\">Remise des prix du pr\u00e9c\u00e9dent concours (archive)<\/p><\/div>\n<\/div>\n<div dir=\"auto\"><\/div>\n<h3 dir=\"auto\" style=\"text-align: center\"><span style=\"font-size: 12pt\">CONCOURS DE NOUVELLES FANTASTIQUES 2025<\/span><\/h3>\n<div dir=\"auto\"><\/div>\n<div dir=\"auto\">Les inscriptions au concours de nouvelles fantastiques que le festival organise chaque ann\u00e9e \u00e0 destination des scolaires (de la 4e \u00e0 la Terminale) sont officiellement ouvertes pour l\u2019\u00e9dition 2025 ! Vous avez jusqu\u2019au 20 d\u00e9cembre prochain pour candidater. Vous aurez peut-\u00eatre le plaisir d\u2019\u00eatre distingu\u00e9 par notre jury et de gagner l\u2019un des prix r\u00e9serv\u00e9s aux laur\u00e9ats, mais aussi de voir votre r\u00e9cit publi\u00e9 sur notre site officiel. R\u00e8glement et bulletin de participation sur <a role=\"link\" href=\"http:\/\/www.festival-gerardmer.com\/2024\/\" target=\"_blank\" rel=\"nofollow noopener noreferrer\" data-saferedirecturl=\"https:\/\/www.google.com\/url?q=http:\/\/www.festival-gerardmer.com\/2024\/&amp;source=gmail&amp;ust=1728396638977000&amp;usg=AOvVaw1ipoqSD767Fhqq-HAl34TL\">www.festival-gerardmer.com<\/a><\/div>\n<div dir=\"auto\"><\/div>\n","protected":false},"excerpt":{"rendered":"<p>CONCOURS DE NOUVELLES FANTASTIQUES 2025 Les inscriptions au concours de nouvelles fantastiques que le festival organise chaque ann\u00e9e \u00e0 destination [&hellip;]<\/p>\n","protected":false},"author":391,"featured_media":68980,"comment_status":"open","ping_status":"open","sticky":false,"template":"","format":"standard","meta":{"footnotes":""},"categories":[460,5392,5389,8090,4099,4100,18],"tags":[],"class_list":["post-68979","post","type-post","status-publish","format-standard","has-post-thumbnail","hentry","category-a-la-une","category-epinal","category-la-plaine-des-vosges","category-litterature","category-remiremont","category-saint-die","category-vosges"],"acf":[],"yoast_head":"<!-- This site is optimized with the Yoast SEO plugin v22.5 - https:\/\/yoast.com\/wordpress\/plugins\/seo\/ -->\n<title>Concours de nouvelles fantastiques dans le cadre du Festival de G\u00e9rardmer - inscrivez-vous d\u00e8s maintenant ! - Saint Die Info<\/title>\n<meta name=\"robots\" content=\"index, follow, max-snippet:-1, max-image-preview:large, max-video-preview:-1\" \/>\n<link rel=\"canonical\" href=\"https:\/\/vosgesinfo.fr\/saintdieinfo\/2024\/10\/concours-de-nouvelles-fantastiques-dans-le-cadre-du-festival-de-gerardmer-inscrivez-vous-des-maintenant-2\/\" \/>\n<meta name=\"twitter:card\" content=\"summary_large_image\" \/>\n<meta name=\"twitter:title\" content=\"Concours de nouvelles fantastiques dans le cadre du Festival de G\u00e9rardmer - inscrivez-vous d\u00e8s maintenant ! - Saint Die Info\" \/>\n<meta name=\"twitter:description\" content=\"CONCOURS DE NOUVELLES FANTASTIQUES 2025 Les inscriptions au concours de nouvelles fantastiques que le festival organise chaque ann\u00e9e \u00e0 destination [&hellip;]\" \/>\n<meta name=\"twitter:image\" content=\"https:\/\/vosgesinfo.fr\/app\/uploads\/sites\/4\/2024\/10\/202301concours-de-nouvelles-fantastiques-2-1.jpg\" \/>\n<meta name=\"twitter:creator\" content=\"@VosgesInfo88\" \/>\n<meta name=\"twitter:site\" content=\"@VosgesInfo88\" \/>\n<meta name=\"twitter:label1\" content=\"\u00c9crit par\" \/>\n\t<meta name=\"twitter:data1\" content=\"La redaction\" \/>\n\t<meta name=\"twitter:label2\" content=\"Dur\u00e9e de lecture estim\u00e9e\" \/>\n\t<meta name=\"twitter:data2\" content=\"1 minute\" \/>\n<script type=\"application\/ld+json\" class=\"yoast-schema-graph\">{\"@context\":\"https:\/\/schema.org\",\"@graph\":[{\"@type\":\"Article\",\"@id\":\"https:\/\/vosgesinfo.fr\/saintdieinfo\/2024\/10\/concours-de-nouvelles-fantastiques-dans-le-cadre-du-festival-de-gerardmer-inscrivez-vous-des-maintenant-2\/#article\",\"isPartOf\":{\"@id\":\"https:\/\/vosgesinfo.fr\/saintdieinfo\/2024\/10\/concours-de-nouvelles-fantastiques-dans-le-cadre-du-festival-de-gerardmer-inscrivez-vous-des-maintenant-2\/\"},\"author\":{\"name\":\"La redaction\",\"@id\":\"https:\/\/vosgesinfo.fr\/saintdieinfo\/#\/schema\/person\/27a3695b06db98895b354c0765cdfc31\"},\"headline\":\"Concours de nouvelles fantastiques dans le cadre du Festival de G\u00e9rardmer &#8211; inscrivez-vous d\u00e8s maintenant !\",\"datePublished\":\"2024-10-07T16:12:50+00:00\",\"dateModified\":\"2024-10-07T16:12:50+00:00\",\"mainEntityOfPage\":{\"@id\":\"https:\/\/vosgesinfo.fr\/saintdieinfo\/2024\/10\/concours-de-nouvelles-fantastiques-dans-le-cadre-du-festival-de-gerardmer-inscrivez-vous-des-maintenant-2\/\"},\"wordCount\":121,\"commentCount\":0,\"publisher\":{\"@id\":\"https:\/\/vosgesinfo.fr\/saintdieinfo\/#organization\"},\"image\":{\"@id\":\"https:\/\/vosgesinfo.fr\/saintdieinfo\/2024\/10\/concours-de-nouvelles-fantastiques-dans-le-cadre-du-festival-de-gerardmer-inscrivez-vous-des-maintenant-2\/#primaryimage\"},\"thumbnailUrl\":\"https:\/\/vosgesinfo.fr\/app\/uploads\/sites\/4\/2024\/10\/202301concours-de-nouvelles-fantastiques-2-1.jpg\",\"articleSection\":[\"A la Une\",\"Epinal\",\"La plaine des vosges\",\"Litt\u00e9rature\",\"Remiremont\",\"Saint-di\u00e9\",\"Vosges\"],\"inLanguage\":\"fr-FR\",\"potentialAction\":[{\"@type\":\"CommentAction\",\"name\":\"Comment\",\"target\":[\"https:\/\/vosgesinfo.fr\/saintdieinfo\/2024\/10\/concours-de-nouvelles-fantastiques-dans-le-cadre-du-festival-de-gerardmer-inscrivez-vous-des-maintenant-2\/#respond\"]}]},{\"@type\":\"WebPage\",\"@id\":\"https:\/\/vosgesinfo.fr\/saintdieinfo\/2024\/10\/concours-de-nouvelles-fantastiques-dans-le-cadre-du-festival-de-gerardmer-inscrivez-vous-des-maintenant-2\/\",\"url\":\"https:\/\/vosgesinfo.fr\/saintdieinfo\/2024\/10\/concours-de-nouvelles-fantastiques-dans-le-cadre-du-festival-de-gerardmer-inscrivez-vous-des-maintenant-2\/\",\"name\":\"Concours de nouvelles fantastiques dans le cadre du Festival de G\u00e9rardmer - inscrivez-vous d\u00e8s maintenant ! - Saint Die Info\",\"isPartOf\":{\"@id\":\"https:\/\/vosgesinfo.fr\/saintdieinfo\/#website\"},\"primaryImageOfPage\":{\"@id\":\"https:\/\/vosgesinfo.fr\/saintdieinfo\/2024\/10\/concours-de-nouvelles-fantastiques-dans-le-cadre-du-festival-de-gerardmer-inscrivez-vous-des-maintenant-2\/#primaryimage\"},\"image\":{\"@id\":\"https:\/\/vosgesinfo.fr\/saintdieinfo\/2024\/10\/concours-de-nouvelles-fantastiques-dans-le-cadre-du-festival-de-gerardmer-inscrivez-vous-des-maintenant-2\/#primaryimage\"},\"thumbnailUrl\":\"https:\/\/vosgesinfo.fr\/app\/uploads\/sites\/4\/2024\/10\/202301concours-de-nouvelles-fantastiques-2-1.jpg\",\"datePublished\":\"2024-10-07T16:12:50+00:00\",\"dateModified\":\"2024-10-07T16:12:50+00:00\",\"breadcrumb\":{\"@id\":\"https:\/\/vosgesinfo.fr\/saintdieinfo\/2024\/10\/concours-de-nouvelles-fantastiques-dans-le-cadre-du-festival-de-gerardmer-inscrivez-vous-des-maintenant-2\/#breadcrumb\"},\"inLanguage\":\"fr-FR\",\"potentialAction\":[{\"@type\":\"ReadAction\",\"target\":[\"https:\/\/vosgesinfo.fr\/saintdieinfo\/2024\/10\/concours-de-nouvelles-fantastiques-dans-le-cadre-du-festival-de-gerardmer-inscrivez-vous-des-maintenant-2\/\"]}]},{\"@type\":\"ImageObject\",\"inLanguage\":\"fr-FR\",\"@id\":\"https:\/\/vosgesinfo.fr\/saintdieinfo\/2024\/10\/concours-de-nouvelles-fantastiques-dans-le-cadre-du-festival-de-gerardmer-inscrivez-vous-des-maintenant-2\/#primaryimage\",\"url\":\"https:\/\/vosgesinfo.fr\/app\/uploads\/sites\/4\/2024\/10\/202301concours-de-nouvelles-fantastiques-2-1.jpg\",\"contentUrl\":\"https:\/\/vosgesinfo.fr\/app\/uploads\/sites\/4\/2024\/10\/202301concours-de-nouvelles-fantastiques-2-1.jpg\",\"width\":1600,\"height\":1067},{\"@type\":\"BreadcrumbList\",\"@id\":\"https:\/\/vosgesinfo.fr\/saintdieinfo\/2024\/10\/concours-de-nouvelles-fantastiques-dans-le-cadre-du-festival-de-gerardmer-inscrivez-vous-des-maintenant-2\/#breadcrumb\",\"itemListElement\":[{\"@type\":\"ListItem\",\"position\":1,\"name\":\"Home\",\"item\":\"https:\/\/vosgesinfo.fr\/saintdieinfo\/\"},{\"@type\":\"ListItem\",\"position\":2,\"name\":\"Concours de nouvelles fantastiques dans le cadre du Festival de G\u00e9rardmer &#8211; inscrivez-vous d\u00e8s maintenant !\"}]},{\"@type\":\"WebSite\",\"@id\":\"https:\/\/vosgesinfo.fr\/saintdieinfo\/#website\",\"url\":\"https:\/\/vosgesinfo.fr\/saintdieinfo\/\",\"name\":\"Saint Die Info\",\"description\":\"Toute l&#039;actualit\u00e9 de Saint-Di\u00e9-Des-Vosges\",\"publisher\":{\"@id\":\"https:\/\/vosgesinfo.fr\/saintdieinfo\/#organization\"},\"alternateName\":\"Toute l'actualit\u00e9 de Saint-Di\u00e9-Des-Vosges\",\"potentialAction\":[{\"@type\":\"SearchAction\",\"target\":{\"@type\":\"EntryPoint\",\"urlTemplate\":\"https:\/\/vosgesinfo.fr\/saintdieinfo\/?s={search_term_string}\"},\"query-input\":\"required name=search_term_string\"}],\"inLanguage\":\"fr-FR\"},{\"@type\":\"Organization\",\"@id\":\"https:\/\/vosgesinfo.fr\/saintdieinfo\/#organization\",\"name\":\"Saint Die Info\",\"url\":\"https:\/\/vosgesinfo.fr\/saintdieinfo\/\",\"logo\":{\"@type\":\"ImageObject\",\"inLanguage\":\"fr-FR\",\"@id\":\"https:\/\/vosgesinfo.fr\/saintdieinfo\/#\/schema\/logo\/image\/\",\"url\":\"https:\/\/vosgesinfo.fr\/app\/uploads\/sites\/4\/2024\/02\/logo-sdi.jpg\",\"contentUrl\":\"https:\/\/vosgesinfo.fr\/app\/uploads\/sites\/4\/2024\/02\/logo-sdi.jpg\",\"width\":600,\"height\":600,\"caption\":\"Saint Die Info\"},\"image\":{\"@id\":\"https:\/\/vosgesinfo.fr\/saintdieinfo\/#\/schema\/logo\/image\/\"},\"sameAs\":[\"https:\/\/www.facebook.com\/Saintdieinfofr\",\"https:\/\/x.com\/VosgesInfo88\",\"https:\/\/www.youtube.com\/@vosgesinfo\"]},{\"@type\":\"Person\",\"@id\":\"https:\/\/vosgesinfo.fr\/saintdieinfo\/#\/schema\/person\/27a3695b06db98895b354c0765cdfc31\",\"name\":\"La redaction\",\"image\":{\"@type\":\"ImageObject\",\"inLanguage\":\"fr-FR\",\"@id\":\"https:\/\/vosgesinfo.fr\/saintdieinfo\/#\/schema\/person\/image\/\",\"url\":\"https:\/\/secure.gravatar.com\/avatar\/64c76a78e501cedee55736f43f332df901e1896ae9cd8fad269ae2236dd0e8b6?s=96&d=mm&r=g\",\"contentUrl\":\"https:\/\/secure.gravatar.com\/avatar\/64c76a78e501cedee55736f43f332df901e1896ae9cd8fad269ae2236dd0e8b6?s=96&d=mm&r=g\",\"caption\":\"La redaction\"},\"url\":\"https:\/\/vosgesinfo.fr\/saintdieinfo\/author\/la-redaction\/\"}]}<\/script>\n<!-- \/ Yoast SEO plugin. -->","yoast_head_json":{"title":"Concours de nouvelles fantastiques dans le cadre du Festival de G\u00e9rardmer - inscrivez-vous d\u00e8s maintenant ! - Saint Die Info","robots":{"index":"index","follow":"follow","max-snippet":"max-snippet:-1","max-image-preview":"max-image-preview:large","max-video-preview":"max-video-preview:-1"},"canonical":"https:\/\/vosgesinfo.fr\/saintdieinfo\/2024\/10\/concours-de-nouvelles-fantastiques-dans-le-cadre-du-festival-de-gerardmer-inscrivez-vous-des-maintenant-2\/","twitter_card":"summary_large_image","twitter_title":"Concours de nouvelles fantastiques dans le cadre du Festival de G\u00e9rardmer - inscrivez-vous d\u00e8s maintenant ! - Saint Die Info","twitter_description":"CONCOURS DE NOUVELLES FANTASTIQUES 2025 Les inscriptions au concours de nouvelles fantastiques que le festival organise chaque ann\u00e9e \u00e0 destination [&hellip;]","twitter_image":"https:\/\/vosgesinfo.fr\/app\/uploads\/sites\/4\/2024\/10\/202301concours-de-nouvelles-fantastiques-2-1.jpg","twitter_creator":"@VosgesInfo88","twitter_site":"@VosgesInfo88","twitter_misc":{"\u00c9crit par":"La redaction","Dur\u00e9e de lecture estim\u00e9e":"1 minute"},"schema":{"@context":"https:\/\/schema.org","@graph":[{"@type":"Article","@id":"https:\/\/vosgesinfo.fr\/saintdieinfo\/2024\/10\/concours-de-nouvelles-fantastiques-dans-le-cadre-du-festival-de-gerardmer-inscrivez-vous-des-maintenant-2\/#article","isPartOf":{"@id":"https:\/\/vosgesinfo.fr\/saintdieinfo\/2024\/10\/concours-de-nouvelles-fantastiques-dans-le-cadre-du-festival-de-gerardmer-inscrivez-vous-des-maintenant-2\/"},"author":{"name":"La redaction","@id":"https:\/\/vosgesinfo.fr\/saintdieinfo\/#\/schema\/person\/27a3695b06db98895b354c0765cdfc31"},"headline":"Concours de nouvelles fantastiques dans le cadre du Festival de G\u00e9rardmer &#8211; inscrivez-vous d\u00e8s maintenant !","datePublished":"2024-10-07T16:12:50+00:00","dateModified":"2024-10-07T16:12:50+00:00","mainEntityOfPage":{"@id":"https:\/\/vosgesinfo.fr\/saintdieinfo\/2024\/10\/concours-de-nouvelles-fantastiques-dans-le-cadre-du-festival-de-gerardmer-inscrivez-vous-des-maintenant-2\/"},"wordCount":121,"commentCount":0,"publisher":{"@id":"https:\/\/vosgesinfo.fr\/saintdieinfo\/#organization"},"image":{"@id":"https:\/\/vosgesinfo.fr\/saintdieinfo\/2024\/10\/concours-de-nouvelles-fantastiques-dans-le-cadre-du-festival-de-gerardmer-inscrivez-vous-des-maintenant-2\/#primaryimage"},"thumbnailUrl":"https:\/\/vosgesinfo.fr\/app\/uploads\/sites\/4\/2024\/10\/202301concours-de-nouvelles-fantastiques-2-1.jpg","articleSection":["A la Une","Epinal","La plaine des vosges","Litt\u00e9rature","Remiremont","Saint-di\u00e9","Vosges"],"inLanguage":"fr-FR","potentialAction":[{"@type":"CommentAction","name":"Comment","target":["https:\/\/vosgesinfo.fr\/saintdieinfo\/2024\/10\/concours-de-nouvelles-fantastiques-dans-le-cadre-du-festival-de-gerardmer-inscrivez-vous-des-maintenant-2\/#respond"]}]},{"@type":"WebPage","@id":"https:\/\/vosgesinfo.fr\/saintdieinfo\/2024\/10\/concours-de-nouvelles-fantastiques-dans-le-cadre-du-festival-de-gerardmer-inscrivez-vous-des-maintenant-2\/","url":"https:\/\/vosgesinfo.fr\/saintdieinfo\/2024\/10\/concours-de-nouvelles-fantastiques-dans-le-cadre-du-festival-de-gerardmer-inscrivez-vous-des-maintenant-2\/","name":"Concours de nouvelles fantastiques dans le cadre du Festival de G\u00e9rardmer - inscrivez-vous d\u00e8s maintenant ! - Saint Die Info","isPartOf":{"@id":"https:\/\/vosgesinfo.fr\/saintdieinfo\/#website"},"primaryImageOfPage":{"@id":"https:\/\/vosgesinfo.fr\/saintdieinfo\/2024\/10\/concours-de-nouvelles-fantastiques-dans-le-cadre-du-festival-de-gerardmer-inscrivez-vous-des-maintenant-2\/#primaryimage"},"image":{"@id":"https:\/\/vosgesinfo.fr\/saintdieinfo\/2024\/10\/concours-de-nouvelles-fantastiques-dans-le-cadre-du-festival-de-gerardmer-inscrivez-vous-des-maintenant-2\/#primaryimage"},"thumbnailUrl":"https:\/\/vosgesinfo.fr\/app\/uploads\/sites\/4\/2024\/10\/202301concours-de-nouvelles-fantastiques-2-1.jpg","datePublished":"2024-10-07T16:12:50+00:00","dateModified":"2024-10-07T16:12:50+00:00","breadcrumb":{"@id":"https:\/\/vosgesinfo.fr\/saintdieinfo\/2024\/10\/concours-de-nouvelles-fantastiques-dans-le-cadre-du-festival-de-gerardmer-inscrivez-vous-des-maintenant-2\/#breadcrumb"},"inLanguage":"fr-FR","potentialAction":[{"@type":"ReadAction","target":["https:\/\/vosgesinfo.fr\/saintdieinfo\/2024\/10\/concours-de-nouvelles-fantastiques-dans-le-cadre-du-festival-de-gerardmer-inscrivez-vous-des-maintenant-2\/"]}]},{"@type":"ImageObject","inLanguage":"fr-FR","@id":"https:\/\/vosgesinfo.fr\/saintdieinfo\/2024\/10\/concours-de-nouvelles-fantastiques-dans-le-cadre-du-festival-de-gerardmer-inscrivez-vous-des-maintenant-2\/#primaryimage","url":"https:\/\/vosgesinfo.fr\/app\/uploads\/sites\/4\/2024\/10\/202301concours-de-nouvelles-fantastiques-2-1.jpg","contentUrl":"https:\/\/vosgesinfo.fr\/app\/uploads\/sites\/4\/2024\/10\/202301concours-de-nouvelles-fantastiques-2-1.jpg","width":1600,"height":1067},{"@type":"BreadcrumbList","@id":"https:\/\/vosgesinfo.fr\/saintdieinfo\/2024\/10\/concours-de-nouvelles-fantastiques-dans-le-cadre-du-festival-de-gerardmer-inscrivez-vous-des-maintenant-2\/#breadcrumb","itemListElement":[{"@type":"ListItem","position":1,"name":"Home","item":"https:\/\/vosgesinfo.fr\/saintdieinfo\/"},{"@type":"ListItem","position":2,"name":"Concours de nouvelles fantastiques dans le cadre du Festival de G\u00e9rardmer &#8211; inscrivez-vous d\u00e8s maintenant !"}]},{"@type":"WebSite","@id":"https:\/\/vosgesinfo.fr\/saintdieinfo\/#website","url":"https:\/\/vosgesinfo.fr\/saintdieinfo\/","name":"Saint Die Info","description":"Toute l&#039;actualit\u00e9 de Saint-Di\u00e9-Des-Vosges","publisher":{"@id":"https:\/\/vosgesinfo.fr\/saintdieinfo\/#organization"},"alternateName":"Toute l'actualit\u00e9 de Saint-Di\u00e9-Des-Vosges","potentialAction":[{"@type":"SearchAction","target":{"@type":"EntryPoint","urlTemplate":"https:\/\/vosgesinfo.fr\/saintdieinfo\/?s={search_term_string}"},"query-input":"required name=search_term_string"}],"inLanguage":"fr-FR"},{"@type":"Organization","@id":"https:\/\/vosgesinfo.fr\/saintdieinfo\/#organization","name":"Saint Die Info","url":"https:\/\/vosgesinfo.fr\/saintdieinfo\/","logo":{"@type":"ImageObject","inLanguage":"fr-FR","@id":"https:\/\/vosgesinfo.fr\/saintdieinfo\/#\/schema\/logo\/image\/","url":"https:\/\/vosgesinfo.fr\/app\/uploads\/sites\/4\/2024\/02\/logo-sdi.jpg","contentUrl":"https:\/\/vosgesinfo.fr\/app\/uploads\/sites\/4\/2024\/02\/logo-sdi.jpg","width":600,"height":600,"caption":"Saint Die Info"},"image":{"@id":"https:\/\/vosgesinfo.fr\/saintdieinfo\/#\/schema\/logo\/image\/"},"sameAs":["https:\/\/www.facebook.com\/Saintdieinfofr","https:\/\/x.com\/VosgesInfo88","https:\/\/www.youtube.com\/@vosgesinfo"]},{"@type":"Person","@id":"https:\/\/vosgesinfo.fr\/saintdieinfo\/#\/schema\/person\/27a3695b06db98895b354c0765cdfc31","name":"La redaction","image":{"@type":"ImageObject","inLanguage":"fr-FR","@id":"https:\/\/vosgesinfo.fr\/saintdieinfo\/#\/schema\/person\/image\/","url":"https:\/\/secure.gravatar.com\/avatar\/64c76a78e501cedee55736f43f332df901e1896ae9cd8fad269ae2236dd0e8b6?s=96&d=mm&r=g","contentUrl":"https:\/\/secure.gravatar.com\/avatar\/64c76a78e501cedee55736f43f332df901e1896ae9cd8fad269ae2236dd0e8b6?s=96&d=mm&r=g","caption":"La redaction"},"url":"https:\/\/vosgesinfo.fr\/saintdieinfo\/author\/la-redaction\/"}]}},"_links":{"self":[{"href":"https:\/\/vosgesinfo.fr\/saintdieinfo\/wp-json\/wp\/v2\/posts\/68979","targetHints":{"allow":["GET"]}}],"collection":[{"href":"https:\/\/vosgesinfo.fr\/saintdieinfo\/wp-json\/wp\/v2\/posts"}],"about":[{"href":"https:\/\/vosgesinfo.fr\/saintdieinfo\/wp-json\/wp\/v2\/types\/post"}],"author":[{"embeddable":true,"href":"https:\/\/vosgesinfo.fr\/saintdieinfo\/wp-json\/wp\/v2\/users\/391"}],"replies":[{"embeddable":true,"href":"https:\/\/vosgesinfo.fr\/saintdieinfo\/wp-json\/wp\/v2\/comments?post=68979"}],"version-history":[{"count":0,"href":"https:\/\/vosgesinfo.fr\/saintdieinfo\/wp-json\/wp\/v2\/posts\/68979\/revisions"}],"wp:featuredmedia":[{"embeddable":true,"href":"https:\/\/vosgesinfo.fr\/saintdieinfo\/wp-json\/wp\/v2\/media\/68980"}],"wp:attachment":[{"href":"https:\/\/vosgesinfo.fr\/saintdieinfo\/wp-json\/wp\/v2\/media?parent=68979"}],"wp:term":[{"taxonomy":"category","embeddable":true,"href":"https:\/\/vosgesinfo.fr\/saintdieinfo\/wp-json\/wp\/v2\/categories?post=68979"},{"taxonomy":"post_tag","embeddable":true,"href":"https:\/\/vosgesinfo.fr\/saintdieinfo\/wp-json\/wp\/v2\/tags?post=68979"}],"curies":[{"name":"wp","href":"https:\/\/api.w.org\/{rel}","templated":true}]}}