{"id":69023,"date":"2024-10-09T09:28:28","date_gmt":"2024-10-09T07:28:28","guid":{"rendered":"https:\/\/vosgesinfo.fr\/saintdieinfo\/2024\/10\/devenir-animateur-de-loisir-sportif-professionnel\/"},"modified":"2024-10-09T09:28:28","modified_gmt":"2024-10-09T07:28:28","slug":"devenir-animateur-de-loisir-sportif-professionnel","status":"publish","type":"post","link":"https:\/\/vosgesinfo.fr\/saintdieinfo\/2024\/10\/devenir-animateur-de-loisir-sportif-professionnel\/","title":{"rendered":"Devenir Animateur de Loisir Sportif Professionnel"},"content":{"rendered":"<p style=\"text-align: center;\">Communiqu\u00e9<\/p>\n<p>&nbsp;<\/p>\n<p>Le CQP ALS JSJO et Le CQP ALS AGEE, des dipl\u00f4mes qui permettent d\u2019encadrer des activit\u00e9s sportives contre r\u00e9mun\u00e9ration.<\/p>\n<p>D\u00e9couvrez deux formations via les plaquettes suivantes :<\/p>\n<p><a href=\"https:\/\/vosgesinfo.fr\/app\/uploads\/sites\/6\/2024\/10\/plaquette-cqp-rv-agee-2025.pdf\">Plaquette CQP RV AGEE 2025<\/a><\/p>\n<p><a href=\"https:\/\/vosgesinfo.fr\/app\/uploads\/sites\/6\/2024\/10\/plaquette-cqp-rv-jsjo-2025.pdf\">Plaquette CQP RV JSJO 2025<\/a><\/p>\n<p><strong>Contacts :<\/strong><\/p>\n<p>ASSISTANTE ADMINISTRATIVE<br \/>\nCorinne STOECKLIN<br \/>\nformation-contact@fol-88.com &#8211; 03.29.69.60.52<br \/>\nCO-RESPONSABLES DE FORMATION<br \/>\nS\u00e9bastien BARTHELEMY (Vosges &#8211; 88)<br \/>\nufolep@fol-88.com \u2013 03.29.33.71.15<br \/>\nValentin DAUX (Meurthe-et-Moselle &#8211; 54)<br \/>\nvalentin.daux@ligue54.org &#8211; 07.49.69.77.63<\/p>\n<p><strong>ORGANISME DE FORMATION<\/strong><br \/>\nLigue de l&rsquo;Enseignement Grand-Est<br \/>\n1 rue Pr\u00e9 Chaudron &#8211; 57070 METZ<br \/>\nN\u00b0Siret : 400 412 417 00026<br \/>\nN\u00b0 d\u00e9claration activit\u00e9 : 41 57 03488 57<\/p>\n","protected":false},"excerpt":{"rendered":"<p>Communiqu\u00e9 &nbsp; Le CQP ALS JSJO et Le CQP ALS AGEE, des dipl\u00f4mes qui permettent d\u2019encadrer des activit\u00e9s sportives contre [&hellip;]<\/p>\n","protected":false},"author":391,"featured_media":69024,"comment_status":"open","ping_status":"open","sticky":false,"template":"","format":"standard","meta":{"footnotes":""},"categories":[460,6,5392,5389,4099,4100,14],"tags":[14938],"class_list":["post-69023","post","type-post","status-publish","format-standard","has-post-thumbnail","hentry","category-a-la-une","category-education","category-epinal","category-la-plaine-des-vosges","category-remiremont","category-saint-die","category-sport","tag-animateur-de-loisir-sportif-professionnel"],"acf":[],"yoast_head":"<!-- This site is optimized with the Yoast SEO plugin v22.5 - https:\/\/yoast.com\/wordpress\/plugins\/seo\/ -->\n<title>Devenir Animateur de Loisir Sportif Professionnel - Saint Die Info<\/title>\n<meta name=\"robots\" content=\"index, follow, max-snippet:-1, max-image-preview:large, max-video-preview:-1\" \/>\n<link rel=\"canonical\" href=\"https:\/\/vosgesinfo.fr\/saintdieinfo\/2024\/10\/devenir-animateur-de-loisir-sportif-professionnel\/\" \/>\n<meta name=\"twitter:card\" content=\"summary_large_image\" \/>\n<meta name=\"twitter:title\" content=\"Devenir Animateur de Loisir Sportif Professionnel - Saint Die Info\" \/>\n<meta name=\"twitter:description\" content=\"Communiqu\u00e9 &nbsp; Le CQP ALS JSJO et Le CQP ALS AGEE, des dipl\u00f4mes qui permettent d\u2019encadrer des activit\u00e9s sportives contre [&hellip;]\" \/>\n<meta name=\"twitter:image\" content=\"https:\/\/vosgesinfo.fr\/app\/uploads\/sites\/4\/2024\/10\/202202regroupement-volley-asg-halle-sports-2.jpg\" \/>\n<meta name=\"twitter:creator\" content=\"@VosgesInfo88\" \/>\n<meta name=\"twitter:site\" content=\"@VosgesInfo88\" \/>\n<meta name=\"twitter:label1\" content=\"\u00c9crit par\" \/>\n\t<meta name=\"twitter:data1\" content=\"La redaction\" \/>\n<script type=\"application\/ld+json\" class=\"yoast-schema-graph\">{\"@context\":\"https:\/\/schema.org\",\"@graph\":[{\"@type\":\"Article\",\"@id\":\"https:\/\/vosgesinfo.fr\/saintdieinfo\/2024\/10\/devenir-animateur-de-loisir-sportif-professionnel\/#article\",\"isPartOf\":{\"@id\":\"https:\/\/vosgesinfo.fr\/saintdieinfo\/2024\/10\/devenir-animateur-de-loisir-sportif-professionnel\/\"},\"author\":{\"name\":\"La redaction\",\"@id\":\"https:\/\/vosgesinfo.fr\/saintdieinfo\/#\/schema\/person\/27a3695b06db98895b354c0765cdfc31\"},\"headline\":\"Devenir Animateur de Loisir Sportif Professionnel\",\"datePublished\":\"2024-10-09T07:28:28+00:00\",\"dateModified\":\"2024-10-09T07:28:28+00:00\",\"mainEntityOfPage\":{\"@id\":\"https:\/\/vosgesinfo.fr\/saintdieinfo\/2024\/10\/devenir-animateur-de-loisir-sportif-professionnel\/\"},\"wordCount\":96,\"commentCount\":0,\"publisher\":{\"@id\":\"https:\/\/vosgesinfo.fr\/saintdieinfo\/#organization\"},\"image\":{\"@id\":\"https:\/\/vosgesinfo.fr\/saintdieinfo\/2024\/10\/devenir-animateur-de-loisir-sportif-professionnel\/#primaryimage\"},\"thumbnailUrl\":\"https:\/\/vosgesinfo.fr\/app\/uploads\/sites\/4\/2024\/10\/202202regroupement-volley-asg-halle-sports-2.jpg\",\"keywords\":[\"Animateur de Loisir Sportif Professionnel\"],\"articleSection\":[\"A la Une\",\"\u00c9ducation\",\"Epinal\",\"La plaine des vosges\",\"Remiremont\",\"Saint-di\u00e9\",\"Sport\"],\"inLanguage\":\"fr-FR\",\"potentialAction\":[{\"@type\":\"CommentAction\",\"name\":\"Comment\",\"target\":[\"https:\/\/vosgesinfo.fr\/saintdieinfo\/2024\/10\/devenir-animateur-de-loisir-sportif-professionnel\/#respond\"]}]},{\"@type\":\"WebPage\",\"@id\":\"https:\/\/vosgesinfo.fr\/saintdieinfo\/2024\/10\/devenir-animateur-de-loisir-sportif-professionnel\/\",\"url\":\"https:\/\/vosgesinfo.fr\/saintdieinfo\/2024\/10\/devenir-animateur-de-loisir-sportif-professionnel\/\",\"name\":\"Devenir Animateur de Loisir Sportif Professionnel - Saint Die Info\",\"isPartOf\":{\"@id\":\"https:\/\/vosgesinfo.fr\/saintdieinfo\/#website\"},\"primaryImageOfPage\":{\"@id\":\"https:\/\/vosgesinfo.fr\/saintdieinfo\/2024\/10\/devenir-animateur-de-loisir-sportif-professionnel\/#primaryimage\"},\"image\":{\"@id\":\"https:\/\/vosgesinfo.fr\/saintdieinfo\/2024\/10\/devenir-animateur-de-loisir-sportif-professionnel\/#primaryimage\"},\"thumbnailUrl\":\"https:\/\/vosgesinfo.fr\/app\/uploads\/sites\/4\/2024\/10\/202202regroupement-volley-asg-halle-sports-2.jpg\",\"datePublished\":\"2024-10-09T07:28:28+00:00\",\"dateModified\":\"2024-10-09T07:28:28+00:00\",\"breadcrumb\":{\"@id\":\"https:\/\/vosgesinfo.fr\/saintdieinfo\/2024\/10\/devenir-animateur-de-loisir-sportif-professionnel\/#breadcrumb\"},\"inLanguage\":\"fr-FR\",\"potentialAction\":[{\"@type\":\"ReadAction\",\"target\":[\"https:\/\/vosgesinfo.fr\/saintdieinfo\/2024\/10\/devenir-animateur-de-loisir-sportif-professionnel\/\"]}]},{\"@type\":\"ImageObject\",\"inLanguage\":\"fr-FR\",\"@id\":\"https:\/\/vosgesinfo.fr\/saintdieinfo\/2024\/10\/devenir-animateur-de-loisir-sportif-professionnel\/#primaryimage\",\"url\":\"https:\/\/vosgesinfo.fr\/app\/uploads\/sites\/4\/2024\/10\/202202regroupement-volley-asg-halle-sports-2.jpg\",\"contentUrl\":\"https:\/\/vosgesinfo.fr\/app\/uploads\/sites\/4\/2024\/10\/202202regroupement-volley-asg-halle-sports-2.jpg\",\"width\":2016,\"height\":1512},{\"@type\":\"BreadcrumbList\",\"@id\":\"https:\/\/vosgesinfo.fr\/saintdieinfo\/2024\/10\/devenir-animateur-de-loisir-sportif-professionnel\/#breadcrumb\",\"itemListElement\":[{\"@type\":\"ListItem\",\"position\":1,\"name\":\"Home\",\"item\":\"https:\/\/vosgesinfo.fr\/saintdieinfo\/\"},{\"@type\":\"ListItem\",\"position\":2,\"name\":\"Devenir Animateur de Loisir Sportif Professionnel\"}]},{\"@type\":\"WebSite\",\"@id\":\"https:\/\/vosgesinfo.fr\/saintdieinfo\/#website\",\"url\":\"https:\/\/vosgesinfo.fr\/saintdieinfo\/\",\"name\":\"Saint Die Info\",\"description\":\"Toute l&#039;actualit\u00e9 de Saint-Di\u00e9-Des-Vosges\",\"publisher\":{\"@id\":\"https:\/\/vosgesinfo.fr\/saintdieinfo\/#organization\"},\"alternateName\":\"Toute l'actualit\u00e9 de Saint-Di\u00e9-Des-Vosges\",\"potentialAction\":[{\"@type\":\"SearchAction\",\"target\":{\"@type\":\"EntryPoint\",\"urlTemplate\":\"https:\/\/vosgesinfo.fr\/saintdieinfo\/?s={search_term_string}\"},\"query-input\":\"required name=search_term_string\"}],\"inLanguage\":\"fr-FR\"},{\"@type\":\"Organization\",\"@id\":\"https:\/\/vosgesinfo.fr\/saintdieinfo\/#organization\",\"name\":\"Saint Die Info\",\"url\":\"https:\/\/vosgesinfo.fr\/saintdieinfo\/\",\"logo\":{\"@type\":\"ImageObject\",\"inLanguage\":\"fr-FR\",\"@id\":\"https:\/\/vosgesinfo.fr\/saintdieinfo\/#\/schema\/logo\/image\/\",\"url\":\"https:\/\/vosgesinfo.fr\/app\/uploads\/sites\/4\/2024\/02\/logo-sdi.jpg\",\"contentUrl\":\"https:\/\/vosgesinfo.fr\/app\/uploads\/sites\/4\/2024\/02\/logo-sdi.jpg\",\"width\":600,\"height\":600,\"caption\":\"Saint Die Info\"},\"image\":{\"@id\":\"https:\/\/vosgesinfo.fr\/saintdieinfo\/#\/schema\/logo\/image\/\"},\"sameAs\":[\"https:\/\/www.facebook.com\/Saintdieinfofr\",\"https:\/\/x.com\/VosgesInfo88\",\"https:\/\/www.youtube.com\/@vosgesinfo\"]},{\"@type\":\"Person\",\"@id\":\"https:\/\/vosgesinfo.fr\/saintdieinfo\/#\/schema\/person\/27a3695b06db98895b354c0765cdfc31\",\"name\":\"La redaction\",\"image\":{\"@type\":\"ImageObject\",\"inLanguage\":\"fr-FR\",\"@id\":\"https:\/\/vosgesinfo.fr\/saintdieinfo\/#\/schema\/person\/image\/\",\"url\":\"https:\/\/secure.gravatar.com\/avatar\/64c76a78e501cedee55736f43f332df901e1896ae9cd8fad269ae2236dd0e8b6?s=96&d=mm&r=g\",\"contentUrl\":\"https:\/\/secure.gravatar.com\/avatar\/64c76a78e501cedee55736f43f332df901e1896ae9cd8fad269ae2236dd0e8b6?s=96&d=mm&r=g\",\"caption\":\"La redaction\"},\"url\":\"https:\/\/vosgesinfo.fr\/saintdieinfo\/author\/la-redaction\/\"}]}<\/script>\n<!-- \/ Yoast SEO plugin. -->","yoast_head_json":{"title":"Devenir Animateur de Loisir Sportif Professionnel - Saint Die Info","robots":{"index":"index","follow":"follow","max-snippet":"max-snippet:-1","max-image-preview":"max-image-preview:large","max-video-preview":"max-video-preview:-1"},"canonical":"https:\/\/vosgesinfo.fr\/saintdieinfo\/2024\/10\/devenir-animateur-de-loisir-sportif-professionnel\/","twitter_card":"summary_large_image","twitter_title":"Devenir Animateur de Loisir Sportif Professionnel - Saint Die Info","twitter_description":"Communiqu\u00e9 &nbsp; Le CQP ALS JSJO et Le CQP ALS AGEE, des dipl\u00f4mes qui permettent d\u2019encadrer des activit\u00e9s sportives contre [&hellip;]","twitter_image":"https:\/\/vosgesinfo.fr\/app\/uploads\/sites\/4\/2024\/10\/202202regroupement-volley-asg-halle-sports-2.jpg","twitter_creator":"@VosgesInfo88","twitter_site":"@VosgesInfo88","twitter_misc":{"\u00c9crit par":"La redaction"},"schema":{"@context":"https:\/\/schema.org","@graph":[{"@type":"Article","@id":"https:\/\/vosgesinfo.fr\/saintdieinfo\/2024\/10\/devenir-animateur-de-loisir-sportif-professionnel\/#article","isPartOf":{"@id":"https:\/\/vosgesinfo.fr\/saintdieinfo\/2024\/10\/devenir-animateur-de-loisir-sportif-professionnel\/"},"author":{"name":"La redaction","@id":"https:\/\/vosgesinfo.fr\/saintdieinfo\/#\/schema\/person\/27a3695b06db98895b354c0765cdfc31"},"headline":"Devenir Animateur de Loisir Sportif Professionnel","datePublished":"2024-10-09T07:28:28+00:00","dateModified":"2024-10-09T07:28:28+00:00","mainEntityOfPage":{"@id":"https:\/\/vosgesinfo.fr\/saintdieinfo\/2024\/10\/devenir-animateur-de-loisir-sportif-professionnel\/"},"wordCount":96,"commentCount":0,"publisher":{"@id":"https:\/\/vosgesinfo.fr\/saintdieinfo\/#organization"},"image":{"@id":"https:\/\/vosgesinfo.fr\/saintdieinfo\/2024\/10\/devenir-animateur-de-loisir-sportif-professionnel\/#primaryimage"},"thumbnailUrl":"https:\/\/vosgesinfo.fr\/app\/uploads\/sites\/4\/2024\/10\/202202regroupement-volley-asg-halle-sports-2.jpg","keywords":["Animateur de Loisir Sportif Professionnel"],"articleSection":["A la Une","\u00c9ducation","Epinal","La plaine des vosges","Remiremont","Saint-di\u00e9","Sport"],"inLanguage":"fr-FR","potentialAction":[{"@type":"CommentAction","name":"Comment","target":["https:\/\/vosgesinfo.fr\/saintdieinfo\/2024\/10\/devenir-animateur-de-loisir-sportif-professionnel\/#respond"]}]},{"@type":"WebPage","@id":"https:\/\/vosgesinfo.fr\/saintdieinfo\/2024\/10\/devenir-animateur-de-loisir-sportif-professionnel\/","url":"https:\/\/vosgesinfo.fr\/saintdieinfo\/2024\/10\/devenir-animateur-de-loisir-sportif-professionnel\/","name":"Devenir Animateur de Loisir Sportif Professionnel - Saint Die Info","isPartOf":{"@id":"https:\/\/vosgesinfo.fr\/saintdieinfo\/#website"},"primaryImageOfPage":{"@id":"https:\/\/vosgesinfo.fr\/saintdieinfo\/2024\/10\/devenir-animateur-de-loisir-sportif-professionnel\/#primaryimage"},"image":{"@id":"https:\/\/vosgesinfo.fr\/saintdieinfo\/2024\/10\/devenir-animateur-de-loisir-sportif-professionnel\/#primaryimage"},"thumbnailUrl":"https:\/\/vosgesinfo.fr\/app\/uploads\/sites\/4\/2024\/10\/202202regroupement-volley-asg-halle-sports-2.jpg","datePublished":"2024-10-09T07:28:28+00:00","dateModified":"2024-10-09T07:28:28+00:00","breadcrumb":{"@id":"https:\/\/vosgesinfo.fr\/saintdieinfo\/2024\/10\/devenir-animateur-de-loisir-sportif-professionnel\/#breadcrumb"},"inLanguage":"fr-FR","potentialAction":[{"@type":"ReadAction","target":["https:\/\/vosgesinfo.fr\/saintdieinfo\/2024\/10\/devenir-animateur-de-loisir-sportif-professionnel\/"]}]},{"@type":"ImageObject","inLanguage":"fr-FR","@id":"https:\/\/vosgesinfo.fr\/saintdieinfo\/2024\/10\/devenir-animateur-de-loisir-sportif-professionnel\/#primaryimage","url":"https:\/\/vosgesinfo.fr\/app\/uploads\/sites\/4\/2024\/10\/202202regroupement-volley-asg-halle-sports-2.jpg","contentUrl":"https:\/\/vosgesinfo.fr\/app\/uploads\/sites\/4\/2024\/10\/202202regroupement-volley-asg-halle-sports-2.jpg","width":2016,"height":1512},{"@type":"BreadcrumbList","@id":"https:\/\/vosgesinfo.fr\/saintdieinfo\/2024\/10\/devenir-animateur-de-loisir-sportif-professionnel\/#breadcrumb","itemListElement":[{"@type":"ListItem","position":1,"name":"Home","item":"https:\/\/vosgesinfo.fr\/saintdieinfo\/"},{"@type":"ListItem","position":2,"name":"Devenir Animateur de Loisir Sportif Professionnel"}]},{"@type":"WebSite","@id":"https:\/\/vosgesinfo.fr\/saintdieinfo\/#website","url":"https:\/\/vosgesinfo.fr\/saintdieinfo\/","name":"Saint Die Info","description":"Toute l&#039;actualit\u00e9 de Saint-Di\u00e9-Des-Vosges","publisher":{"@id":"https:\/\/vosgesinfo.fr\/saintdieinfo\/#organization"},"alternateName":"Toute l'actualit\u00e9 de Saint-Di\u00e9-Des-Vosges","potentialAction":[{"@type":"SearchAction","target":{"@type":"EntryPoint","urlTemplate":"https:\/\/vosgesinfo.fr\/saintdieinfo\/?s={search_term_string}"},"query-input":"required name=search_term_string"}],"inLanguage":"fr-FR"},{"@type":"Organization","@id":"https:\/\/vosgesinfo.fr\/saintdieinfo\/#organization","name":"Saint Die Info","url":"https:\/\/vosgesinfo.fr\/saintdieinfo\/","logo":{"@type":"ImageObject","inLanguage":"fr-FR","@id":"https:\/\/vosgesinfo.fr\/saintdieinfo\/#\/schema\/logo\/image\/","url":"https:\/\/vosgesinfo.fr\/app\/uploads\/sites\/4\/2024\/02\/logo-sdi.jpg","contentUrl":"https:\/\/vosgesinfo.fr\/app\/uploads\/sites\/4\/2024\/02\/logo-sdi.jpg","width":600,"height":600,"caption":"Saint Die Info"},"image":{"@id":"https:\/\/vosgesinfo.fr\/saintdieinfo\/#\/schema\/logo\/image\/"},"sameAs":["https:\/\/www.facebook.com\/Saintdieinfofr","https:\/\/x.com\/VosgesInfo88","https:\/\/www.youtube.com\/@vosgesinfo"]},{"@type":"Person","@id":"https:\/\/vosgesinfo.fr\/saintdieinfo\/#\/schema\/person\/27a3695b06db98895b354c0765cdfc31","name":"La redaction","image":{"@type":"ImageObject","inLanguage":"fr-FR","@id":"https:\/\/vosgesinfo.fr\/saintdieinfo\/#\/schema\/person\/image\/","url":"https:\/\/secure.gravatar.com\/avatar\/64c76a78e501cedee55736f43f332df901e1896ae9cd8fad269ae2236dd0e8b6?s=96&d=mm&r=g","contentUrl":"https:\/\/secure.gravatar.com\/avatar\/64c76a78e501cedee55736f43f332df901e1896ae9cd8fad269ae2236dd0e8b6?s=96&d=mm&r=g","caption":"La redaction"},"url":"https:\/\/vosgesinfo.fr\/saintdieinfo\/author\/la-redaction\/"}]}},"_links":{"self":[{"href":"https:\/\/vosgesinfo.fr\/saintdieinfo\/wp-json\/wp\/v2\/posts\/69023","targetHints":{"allow":["GET"]}}],"collection":[{"href":"https:\/\/vosgesinfo.fr\/saintdieinfo\/wp-json\/wp\/v2\/posts"}],"about":[{"href":"https:\/\/vosgesinfo.fr\/saintdieinfo\/wp-json\/wp\/v2\/types\/post"}],"author":[{"embeddable":true,"href":"https:\/\/vosgesinfo.fr\/saintdieinfo\/wp-json\/wp\/v2\/users\/391"}],"replies":[{"embeddable":true,"href":"https:\/\/vosgesinfo.fr\/saintdieinfo\/wp-json\/wp\/v2\/comments?post=69023"}],"version-history":[{"count":0,"href":"https:\/\/vosgesinfo.fr\/saintdieinfo\/wp-json\/wp\/v2\/posts\/69023\/revisions"}],"wp:featuredmedia":[{"embeddable":true,"href":"https:\/\/vosgesinfo.fr\/saintdieinfo\/wp-json\/wp\/v2\/media\/69024"}],"wp:attachment":[{"href":"https:\/\/vosgesinfo.fr\/saintdieinfo\/wp-json\/wp\/v2\/media?parent=69023"}],"wp:term":[{"taxonomy":"category","embeddable":true,"href":"https:\/\/vosgesinfo.fr\/saintdieinfo\/wp-json\/wp\/v2\/categories?post=69023"},{"taxonomy":"post_tag","embeddable":true,"href":"https:\/\/vosgesinfo.fr\/saintdieinfo\/wp-json\/wp\/v2\/tags?post=69023"}],"curies":[{"name":"wp","href":"https:\/\/api.w.org\/{rel}","templated":true}]}}