{"id":69112,"date":"2024-10-11T07:27:12","date_gmt":"2024-10-11T05:27:12","guid":{"rendered":"https:\/\/vosgesinfo.fr\/saintdieinfo\/2024\/10\/des-aurores-boreales-apercues-cette-nuit-dans-le-ciel\/"},"modified":"2024-10-11T07:27:12","modified_gmt":"2024-10-11T05:27:12","slug":"des-aurores-boreales-apercues-cette-nuit-dans-le-ciel","status":"publish","type":"post","link":"https:\/\/vosgesinfo.fr\/saintdieinfo\/2024\/10\/des-aurores-boreales-apercues-cette-nuit-dans-le-ciel\/","title":{"rendered":"Des aurores bor\u00e9ales aper\u00e7ues cette nuit dans le ciel\u00a0"},"content":{"rendered":"<div id=\"attachment_74269\" style=\"width: 2570px\" class=\"wp-caption aligncenter\"><a href=\"https:\/\/vosgesinfo.fr\/app\/uploads\/sites\/5\/2024\/10\/aurores-boreales-10-oct-scaled.jpg\"><img decoding=\"async\" aria-describedby=\"caption-attachment-74269\" class=\"size-full wp-image-74269\" src=\"https:\/\/vosgesinfo.fr\/app\/uploads\/sites\/5\/2024\/10\/aurores-boreales-10-oct-scaled.jpg\" alt=\"\" width=\"2560\" height=\"1920\" \/><\/a><p id=\"caption-attachment-74269\" class=\"wp-caption-text\">Ici \u00e0 Chenim\u00e9nil aux alentours de 22h30.<\/p><\/div>\n<p>&nbsp;<\/p>\n<p><strong>Dans la nuit du jeudi 10 octobre au vendredi 11, des aurores bor\u00e9ales ont illumin\u00e9 le ciel de la partie Nord de la France, offrant un spectacle rare. Malgr\u00e9 un ciel partiellement nuageux, le ph\u00e9nom\u00e8ne restait bien visible, comme en t\u00e9moigne la photographie prise ci-dessus \u00e0 Chenim\u00e9nil.<\/strong><\/p>\n<p>Selon l&rsquo;Agence am\u00e9ricaine d&rsquo;observation oc\u00e9anique et atmosph\u00e9rique (NOAA), une temp\u00eate solaire a frapp\u00e9 la Terre, provoquant ces aurores bor\u00e9ales visibles dans des r\u00e9gions plus m\u00e9ridionales que d&rsquo;habitude. Ce ph\u00e9nom\u00e8ne est habituellement observ\u00e9 dans les zones proches du cercle polaire, mais l&rsquo;intensit\u00e9 de la temp\u00eate a permis de les admirer jusque dans le Nord de la France.<\/p>\n<p>L\u2019activit\u00e9 aurorale de cette nuit rappelait celle du 10 mai 2024, o\u00f9 de nombreux observateurs avaient \u00e9galement immortalis\u00e9 l\u2019\u00e9v\u00e9nement. Ce spectacle c\u00e9leste, bien que rare, reste un moment fascinant, rappelant la puissance et la beaut\u00e9 des ph\u00e9nom\u00e8nes naturels.<\/p>\n","protected":false},"excerpt":{"rendered":"<p>&nbsp; Dans la nuit du jeudi 10 octobre au vendredi 11, des aurores bor\u00e9ales ont illumin\u00e9 le ciel de la [&hellip;]<\/p>\n","protected":false},"author":418,"featured_media":69113,"comment_status":"open","ping_status":"open","sticky":false,"template":"","format":"standard","meta":{"footnotes":""},"categories":[460,5392,5391,5389,4099,4100],"tags":[6179,12025,5788],"class_list":["post-69112","post","type-post","status-publish","format-standard","has-post-thumbnail","hentry","category-a-la-une","category-epinal","category-gerardmer","category-la-plaine-des-vosges","category-remiremont","category-saint-die","tag-aurores-boreales","tag-chenimenil","tag-phenomene-meteorologique"],"acf":[],"yoast_head":"<!-- This site is optimized with the Yoast SEO plugin v22.5 - https:\/\/yoast.com\/wordpress\/plugins\/seo\/ -->\n<title>Des aurores bor\u00e9ales aper\u00e7ues cette nuit dans le ciel\u00a0 - Saint Die Info<\/title>\n<meta name=\"robots\" content=\"index, follow, max-snippet:-1, max-image-preview:large, max-video-preview:-1\" \/>\n<link rel=\"canonical\" href=\"https:\/\/vosgesinfo.fr\/saintdieinfo\/2024\/10\/des-aurores-boreales-apercues-cette-nuit-dans-le-ciel\/\" \/>\n<meta name=\"twitter:card\" content=\"summary_large_image\" \/>\n<meta name=\"twitter:title\" content=\"Des aurores bor\u00e9ales aper\u00e7ues cette nuit dans le ciel\u00a0 - Saint Die Info\" \/>\n<meta name=\"twitter:description\" content=\"&nbsp; Dans la nuit du jeudi 10 octobre au vendredi 11, des aurores bor\u00e9ales ont illumin\u00e9 le ciel de la [&hellip;]\" \/>\n<meta name=\"twitter:image\" content=\"https:\/\/vosgesinfo.fr\/app\/uploads\/sites\/4\/2024\/10\/aurores-boreales-10-oct-scaled-1.jpg\" \/>\n<meta name=\"twitter:creator\" content=\"@VosgesInfo88\" \/>\n<meta name=\"twitter:site\" content=\"@VosgesInfo88\" \/>\n<meta name=\"twitter:label1\" content=\"\u00c9crit par\" \/>\n\t<meta name=\"twitter:data1\" content=\"C.M\" \/>\n\t<meta name=\"twitter:label2\" content=\"Dur\u00e9e de lecture estim\u00e9e\" \/>\n\t<meta name=\"twitter:data2\" content=\"1 minute\" \/>\n<script type=\"application\/ld+json\" class=\"yoast-schema-graph\">{\"@context\":\"https:\/\/schema.org\",\"@graph\":[{\"@type\":\"Article\",\"@id\":\"https:\/\/vosgesinfo.fr\/saintdieinfo\/2024\/10\/des-aurores-boreales-apercues-cette-nuit-dans-le-ciel\/#article\",\"isPartOf\":{\"@id\":\"https:\/\/vosgesinfo.fr\/saintdieinfo\/2024\/10\/des-aurores-boreales-apercues-cette-nuit-dans-le-ciel\/\"},\"author\":{\"name\":\"C.M\",\"@id\":\"https:\/\/vosgesinfo.fr\/saintdieinfo\/#\/schema\/person\/4f38cd3068e342935b7304695c797d08\"},\"headline\":\"Des aurores bor\u00e9ales aper\u00e7ues cette nuit dans le ciel\u00a0\",\"datePublished\":\"2024-10-11T05:27:12+00:00\",\"dateModified\":\"2024-10-11T05:27:12+00:00\",\"mainEntityOfPage\":{\"@id\":\"https:\/\/vosgesinfo.fr\/saintdieinfo\/2024\/10\/des-aurores-boreales-apercues-cette-nuit-dans-le-ciel\/\"},\"wordCount\":187,\"commentCount\":0,\"publisher\":{\"@id\":\"https:\/\/vosgesinfo.fr\/saintdieinfo\/#organization\"},\"image\":{\"@id\":\"https:\/\/vosgesinfo.fr\/saintdieinfo\/2024\/10\/des-aurores-boreales-apercues-cette-nuit-dans-le-ciel\/#primaryimage\"},\"thumbnailUrl\":\"https:\/\/vosgesinfo.fr\/app\/uploads\/sites\/4\/2024\/10\/aurores-boreales-10-oct-scaled-1.jpg\",\"keywords\":[\"Aurores bor\u00e9ales\",\"Chenim\u00e9nil\",\"Ph\u00e9nom\u00e8ne m\u00e9t\u00e9orologique\"],\"articleSection\":[\"A la Une\",\"Epinal\",\"Gerardmer\",\"La plaine des vosges\",\"Remiremont\",\"Saint-di\u00e9\"],\"inLanguage\":\"fr-FR\",\"potentialAction\":[{\"@type\":\"CommentAction\",\"name\":\"Comment\",\"target\":[\"https:\/\/vosgesinfo.fr\/saintdieinfo\/2024\/10\/des-aurores-boreales-apercues-cette-nuit-dans-le-ciel\/#respond\"]}]},{\"@type\":\"WebPage\",\"@id\":\"https:\/\/vosgesinfo.fr\/saintdieinfo\/2024\/10\/des-aurores-boreales-apercues-cette-nuit-dans-le-ciel\/\",\"url\":\"https:\/\/vosgesinfo.fr\/saintdieinfo\/2024\/10\/des-aurores-boreales-apercues-cette-nuit-dans-le-ciel\/\",\"name\":\"Des aurores bor\u00e9ales aper\u00e7ues cette nuit dans le ciel\u00a0 - Saint Die Info\",\"isPartOf\":{\"@id\":\"https:\/\/vosgesinfo.fr\/saintdieinfo\/#website\"},\"primaryImageOfPage\":{\"@id\":\"https:\/\/vosgesinfo.fr\/saintdieinfo\/2024\/10\/des-aurores-boreales-apercues-cette-nuit-dans-le-ciel\/#primaryimage\"},\"image\":{\"@id\":\"https:\/\/vosgesinfo.fr\/saintdieinfo\/2024\/10\/des-aurores-boreales-apercues-cette-nuit-dans-le-ciel\/#primaryimage\"},\"thumbnailUrl\":\"https:\/\/vosgesinfo.fr\/app\/uploads\/sites\/4\/2024\/10\/aurores-boreales-10-oct-scaled-1.jpg\",\"datePublished\":\"2024-10-11T05:27:12+00:00\",\"dateModified\":\"2024-10-11T05:27:12+00:00\",\"breadcrumb\":{\"@id\":\"https:\/\/vosgesinfo.fr\/saintdieinfo\/2024\/10\/des-aurores-boreales-apercues-cette-nuit-dans-le-ciel\/#breadcrumb\"},\"inLanguage\":\"fr-FR\",\"potentialAction\":[{\"@type\":\"ReadAction\",\"target\":[\"https:\/\/vosgesinfo.fr\/saintdieinfo\/2024\/10\/des-aurores-boreales-apercues-cette-nuit-dans-le-ciel\/\"]}]},{\"@type\":\"ImageObject\",\"inLanguage\":\"fr-FR\",\"@id\":\"https:\/\/vosgesinfo.fr\/saintdieinfo\/2024\/10\/des-aurores-boreales-apercues-cette-nuit-dans-le-ciel\/#primaryimage\",\"url\":\"https:\/\/vosgesinfo.fr\/app\/uploads\/sites\/4\/2024\/10\/aurores-boreales-10-oct-scaled-1.jpg\",\"contentUrl\":\"https:\/\/vosgesinfo.fr\/app\/uploads\/sites\/4\/2024\/10\/aurores-boreales-10-oct-scaled-1.jpg\",\"width\":2560,\"height\":1920},{\"@type\":\"BreadcrumbList\",\"@id\":\"https:\/\/vosgesinfo.fr\/saintdieinfo\/2024\/10\/des-aurores-boreales-apercues-cette-nuit-dans-le-ciel\/#breadcrumb\",\"itemListElement\":[{\"@type\":\"ListItem\",\"position\":1,\"name\":\"Home\",\"item\":\"https:\/\/vosgesinfo.fr\/saintdieinfo\/\"},{\"@type\":\"ListItem\",\"position\":2,\"name\":\"Des aurores bor\u00e9ales aper\u00e7ues cette nuit dans le ciel\u00a0\"}]},{\"@type\":\"WebSite\",\"@id\":\"https:\/\/vosgesinfo.fr\/saintdieinfo\/#website\",\"url\":\"https:\/\/vosgesinfo.fr\/saintdieinfo\/\",\"name\":\"Saint Die Info\",\"description\":\"Toute l&#039;actualit\u00e9 de Saint-Di\u00e9-Des-Vosges\",\"publisher\":{\"@id\":\"https:\/\/vosgesinfo.fr\/saintdieinfo\/#organization\"},\"alternateName\":\"Toute l'actualit\u00e9 de Saint-Di\u00e9-Des-Vosges\",\"potentialAction\":[{\"@type\":\"SearchAction\",\"target\":{\"@type\":\"EntryPoint\",\"urlTemplate\":\"https:\/\/vosgesinfo.fr\/saintdieinfo\/?s={search_term_string}\"},\"query-input\":\"required name=search_term_string\"}],\"inLanguage\":\"fr-FR\"},{\"@type\":\"Organization\",\"@id\":\"https:\/\/vosgesinfo.fr\/saintdieinfo\/#organization\",\"name\":\"Saint Die Info\",\"url\":\"https:\/\/vosgesinfo.fr\/saintdieinfo\/\",\"logo\":{\"@type\":\"ImageObject\",\"inLanguage\":\"fr-FR\",\"@id\":\"https:\/\/vosgesinfo.fr\/saintdieinfo\/#\/schema\/logo\/image\/\",\"url\":\"https:\/\/vosgesinfo.fr\/app\/uploads\/sites\/4\/2024\/02\/logo-sdi.jpg\",\"contentUrl\":\"https:\/\/vosgesinfo.fr\/app\/uploads\/sites\/4\/2024\/02\/logo-sdi.jpg\",\"width\":600,\"height\":600,\"caption\":\"Saint Die Info\"},\"image\":{\"@id\":\"https:\/\/vosgesinfo.fr\/saintdieinfo\/#\/schema\/logo\/image\/\"},\"sameAs\":[\"https:\/\/www.facebook.com\/Saintdieinfofr\",\"https:\/\/x.com\/VosgesInfo88\",\"https:\/\/www.youtube.com\/@vosgesinfo\"]},{\"@type\":\"Person\",\"@id\":\"https:\/\/vosgesinfo.fr\/saintdieinfo\/#\/schema\/person\/4f38cd3068e342935b7304695c797d08\",\"name\":\"C.M\",\"image\":{\"@type\":\"ImageObject\",\"inLanguage\":\"fr-FR\",\"@id\":\"https:\/\/vosgesinfo.fr\/saintdieinfo\/#\/schema\/person\/image\/\",\"url\":\"https:\/\/secure.gravatar.com\/avatar\/fe9daaef0164d920717484172682f3c5c9bcf7d42aa8c7048c76c34f0eb6c8da?s=96&d=mm&r=g\",\"contentUrl\":\"https:\/\/secure.gravatar.com\/avatar\/fe9daaef0164d920717484172682f3c5c9bcf7d42aa8c7048c76c34f0eb6c8da?s=96&d=mm&r=g\",\"caption\":\"C.M\"},\"url\":\"https:\/\/vosgesinfo.fr\/saintdieinfo\/author\/cm88200\/\"}]}<\/script>\n<!-- \/ Yoast SEO plugin. -->","yoast_head_json":{"title":"Des aurores bor\u00e9ales aper\u00e7ues cette nuit dans le ciel\u00a0 - Saint Die Info","robots":{"index":"index","follow":"follow","max-snippet":"max-snippet:-1","max-image-preview":"max-image-preview:large","max-video-preview":"max-video-preview:-1"},"canonical":"https:\/\/vosgesinfo.fr\/saintdieinfo\/2024\/10\/des-aurores-boreales-apercues-cette-nuit-dans-le-ciel\/","twitter_card":"summary_large_image","twitter_title":"Des aurores bor\u00e9ales aper\u00e7ues cette nuit dans le ciel\u00a0 - Saint Die Info","twitter_description":"&nbsp; Dans la nuit du jeudi 10 octobre au vendredi 11, des aurores bor\u00e9ales ont illumin\u00e9 le ciel de la [&hellip;]","twitter_image":"https:\/\/vosgesinfo.fr\/app\/uploads\/sites\/4\/2024\/10\/aurores-boreales-10-oct-scaled-1.jpg","twitter_creator":"@VosgesInfo88","twitter_site":"@VosgesInfo88","twitter_misc":{"\u00c9crit par":"C.M","Dur\u00e9e de lecture estim\u00e9e":"1 minute"},"schema":{"@context":"https:\/\/schema.org","@graph":[{"@type":"Article","@id":"https:\/\/vosgesinfo.fr\/saintdieinfo\/2024\/10\/des-aurores-boreales-apercues-cette-nuit-dans-le-ciel\/#article","isPartOf":{"@id":"https:\/\/vosgesinfo.fr\/saintdieinfo\/2024\/10\/des-aurores-boreales-apercues-cette-nuit-dans-le-ciel\/"},"author":{"name":"C.M","@id":"https:\/\/vosgesinfo.fr\/saintdieinfo\/#\/schema\/person\/4f38cd3068e342935b7304695c797d08"},"headline":"Des aurores bor\u00e9ales aper\u00e7ues cette nuit dans le ciel\u00a0","datePublished":"2024-10-11T05:27:12+00:00","dateModified":"2024-10-11T05:27:12+00:00","mainEntityOfPage":{"@id":"https:\/\/vosgesinfo.fr\/saintdieinfo\/2024\/10\/des-aurores-boreales-apercues-cette-nuit-dans-le-ciel\/"},"wordCount":187,"commentCount":0,"publisher":{"@id":"https:\/\/vosgesinfo.fr\/saintdieinfo\/#organization"},"image":{"@id":"https:\/\/vosgesinfo.fr\/saintdieinfo\/2024\/10\/des-aurores-boreales-apercues-cette-nuit-dans-le-ciel\/#primaryimage"},"thumbnailUrl":"https:\/\/vosgesinfo.fr\/app\/uploads\/sites\/4\/2024\/10\/aurores-boreales-10-oct-scaled-1.jpg","keywords":["Aurores bor\u00e9ales","Chenim\u00e9nil","Ph\u00e9nom\u00e8ne m\u00e9t\u00e9orologique"],"articleSection":["A la Une","Epinal","Gerardmer","La plaine des vosges","Remiremont","Saint-di\u00e9"],"inLanguage":"fr-FR","potentialAction":[{"@type":"CommentAction","name":"Comment","target":["https:\/\/vosgesinfo.fr\/saintdieinfo\/2024\/10\/des-aurores-boreales-apercues-cette-nuit-dans-le-ciel\/#respond"]}]},{"@type":"WebPage","@id":"https:\/\/vosgesinfo.fr\/saintdieinfo\/2024\/10\/des-aurores-boreales-apercues-cette-nuit-dans-le-ciel\/","url":"https:\/\/vosgesinfo.fr\/saintdieinfo\/2024\/10\/des-aurores-boreales-apercues-cette-nuit-dans-le-ciel\/","name":"Des aurores bor\u00e9ales aper\u00e7ues cette nuit dans le ciel\u00a0 - Saint Die Info","isPartOf":{"@id":"https:\/\/vosgesinfo.fr\/saintdieinfo\/#website"},"primaryImageOfPage":{"@id":"https:\/\/vosgesinfo.fr\/saintdieinfo\/2024\/10\/des-aurores-boreales-apercues-cette-nuit-dans-le-ciel\/#primaryimage"},"image":{"@id":"https:\/\/vosgesinfo.fr\/saintdieinfo\/2024\/10\/des-aurores-boreales-apercues-cette-nuit-dans-le-ciel\/#primaryimage"},"thumbnailUrl":"https:\/\/vosgesinfo.fr\/app\/uploads\/sites\/4\/2024\/10\/aurores-boreales-10-oct-scaled-1.jpg","datePublished":"2024-10-11T05:27:12+00:00","dateModified":"2024-10-11T05:27:12+00:00","breadcrumb":{"@id":"https:\/\/vosgesinfo.fr\/saintdieinfo\/2024\/10\/des-aurores-boreales-apercues-cette-nuit-dans-le-ciel\/#breadcrumb"},"inLanguage":"fr-FR","potentialAction":[{"@type":"ReadAction","target":["https:\/\/vosgesinfo.fr\/saintdieinfo\/2024\/10\/des-aurores-boreales-apercues-cette-nuit-dans-le-ciel\/"]}]},{"@type":"ImageObject","inLanguage":"fr-FR","@id":"https:\/\/vosgesinfo.fr\/saintdieinfo\/2024\/10\/des-aurores-boreales-apercues-cette-nuit-dans-le-ciel\/#primaryimage","url":"https:\/\/vosgesinfo.fr\/app\/uploads\/sites\/4\/2024\/10\/aurores-boreales-10-oct-scaled-1.jpg","contentUrl":"https:\/\/vosgesinfo.fr\/app\/uploads\/sites\/4\/2024\/10\/aurores-boreales-10-oct-scaled-1.jpg","width":2560,"height":1920},{"@type":"BreadcrumbList","@id":"https:\/\/vosgesinfo.fr\/saintdieinfo\/2024\/10\/des-aurores-boreales-apercues-cette-nuit-dans-le-ciel\/#breadcrumb","itemListElement":[{"@type":"ListItem","position":1,"name":"Home","item":"https:\/\/vosgesinfo.fr\/saintdieinfo\/"},{"@type":"ListItem","position":2,"name":"Des aurores bor\u00e9ales aper\u00e7ues cette nuit dans le ciel\u00a0"}]},{"@type":"WebSite","@id":"https:\/\/vosgesinfo.fr\/saintdieinfo\/#website","url":"https:\/\/vosgesinfo.fr\/saintdieinfo\/","name":"Saint Die Info","description":"Toute l&#039;actualit\u00e9 de Saint-Di\u00e9-Des-Vosges","publisher":{"@id":"https:\/\/vosgesinfo.fr\/saintdieinfo\/#organization"},"alternateName":"Toute l'actualit\u00e9 de Saint-Di\u00e9-Des-Vosges","potentialAction":[{"@type":"SearchAction","target":{"@type":"EntryPoint","urlTemplate":"https:\/\/vosgesinfo.fr\/saintdieinfo\/?s={search_term_string}"},"query-input":"required name=search_term_string"}],"inLanguage":"fr-FR"},{"@type":"Organization","@id":"https:\/\/vosgesinfo.fr\/saintdieinfo\/#organization","name":"Saint Die Info","url":"https:\/\/vosgesinfo.fr\/saintdieinfo\/","logo":{"@type":"ImageObject","inLanguage":"fr-FR","@id":"https:\/\/vosgesinfo.fr\/saintdieinfo\/#\/schema\/logo\/image\/","url":"https:\/\/vosgesinfo.fr\/app\/uploads\/sites\/4\/2024\/02\/logo-sdi.jpg","contentUrl":"https:\/\/vosgesinfo.fr\/app\/uploads\/sites\/4\/2024\/02\/logo-sdi.jpg","width":600,"height":600,"caption":"Saint Die Info"},"image":{"@id":"https:\/\/vosgesinfo.fr\/saintdieinfo\/#\/schema\/logo\/image\/"},"sameAs":["https:\/\/www.facebook.com\/Saintdieinfofr","https:\/\/x.com\/VosgesInfo88","https:\/\/www.youtube.com\/@vosgesinfo"]},{"@type":"Person","@id":"https:\/\/vosgesinfo.fr\/saintdieinfo\/#\/schema\/person\/4f38cd3068e342935b7304695c797d08","name":"C.M","image":{"@type":"ImageObject","inLanguage":"fr-FR","@id":"https:\/\/vosgesinfo.fr\/saintdieinfo\/#\/schema\/person\/image\/","url":"https:\/\/secure.gravatar.com\/avatar\/fe9daaef0164d920717484172682f3c5c9bcf7d42aa8c7048c76c34f0eb6c8da?s=96&d=mm&r=g","contentUrl":"https:\/\/secure.gravatar.com\/avatar\/fe9daaef0164d920717484172682f3c5c9bcf7d42aa8c7048c76c34f0eb6c8da?s=96&d=mm&r=g","caption":"C.M"},"url":"https:\/\/vosgesinfo.fr\/saintdieinfo\/author\/cm88200\/"}]}},"_links":{"self":[{"href":"https:\/\/vosgesinfo.fr\/saintdieinfo\/wp-json\/wp\/v2\/posts\/69112","targetHints":{"allow":["GET"]}}],"collection":[{"href":"https:\/\/vosgesinfo.fr\/saintdieinfo\/wp-json\/wp\/v2\/posts"}],"about":[{"href":"https:\/\/vosgesinfo.fr\/saintdieinfo\/wp-json\/wp\/v2\/types\/post"}],"author":[{"embeddable":true,"href":"https:\/\/vosgesinfo.fr\/saintdieinfo\/wp-json\/wp\/v2\/users\/418"}],"replies":[{"embeddable":true,"href":"https:\/\/vosgesinfo.fr\/saintdieinfo\/wp-json\/wp\/v2\/comments?post=69112"}],"version-history":[{"count":0,"href":"https:\/\/vosgesinfo.fr\/saintdieinfo\/wp-json\/wp\/v2\/posts\/69112\/revisions"}],"wp:featuredmedia":[{"embeddable":true,"href":"https:\/\/vosgesinfo.fr\/saintdieinfo\/wp-json\/wp\/v2\/media\/69113"}],"wp:attachment":[{"href":"https:\/\/vosgesinfo.fr\/saintdieinfo\/wp-json\/wp\/v2\/media?parent=69112"}],"wp:term":[{"taxonomy":"category","embeddable":true,"href":"https:\/\/vosgesinfo.fr\/saintdieinfo\/wp-json\/wp\/v2\/categories?post=69112"},{"taxonomy":"post_tag","embeddable":true,"href":"https:\/\/vosgesinfo.fr\/saintdieinfo\/wp-json\/wp\/v2\/tags?post=69112"}],"curies":[{"name":"wp","href":"https:\/\/api.w.org\/{rel}","templated":true}]}}