{"id":69261,"date":"2024-10-17T05:56:47","date_gmt":"2024-10-17T03:56:47","guid":{"rendered":"https:\/\/vosgesinfo.fr\/saintdieinfo\/?p=69261"},"modified":"2024-10-17T08:16:07","modified_gmt":"2024-10-17T06:16:07","slug":"marche-du-livre-et-du-disque-vinyle-le-dimanche-24-novembre-2024","status":"publish","type":"post","link":"https:\/\/vosgesinfo.fr\/saintdieinfo\/2024\/10\/marche-du-livre-et-du-disque-vinyle-le-dimanche-24-novembre-2024\/","title":{"rendered":"Gerb\u00e9pal \u2013 March\u00e9 du livre et du disque vinyle"},"content":{"rendered":"<p style=\"text-align: center;\"><strong>GERBEPAL<\/strong><\/p>\n<p style=\"text-align: center;\"><strong>24 NOVEMBRE 2024<\/strong><\/p>\n<p style=\"text-align: center;\"><strong>De 9h \u00e0 17h<\/strong><\/p>\n<p style=\"text-align: center;\"><strong>Foyer rural &#8211; 6 \u00a0Route du neun\u00e9<\/strong><\/p>\n<p style=\"text-align: center;\"><strong>March\u00e9 du livre et du disque vinyle d\u2019occasion<\/strong><\/p>\n<p style=\"text-align: center;\"><strong>entr\u00e9e libre \u2013 petite restauration <\/strong><\/p>\n<p style=\"text-align: center;\"><strong>\u00a0<\/strong><\/p>\n<p style=\"text-align: center;\"><strong>avec la pr\u00e9sence de Joel LEMAIRE\u00a0 qui d\u00e9dicacera ses derniers ouvrages <\/strong><\/p>\n<p style=\"text-align: center;\"><strong>\u00a0<\/strong><\/p>\n<p style=\"text-align: center;\"><strong>organis\u00e9 par l\u2019association espace culture<\/strong><\/p>\n<p style=\"text-align: center;\"><strong>\u00a0<\/strong><\/p>\n<p style=\"text-align: center;\"><strong>pour renseignement compl\u00e9mentaire t\u00e9l \u00a0au 0685363394<\/strong><\/p>\n<p><a href=\"https:\/\/vosgesinfo.fr\/app\/uploads\/sites\/4\/2024\/10\/marche-aux-livres-2024-1.jpg\"><img decoding=\"async\" class=\"alignnone size-full wp-image-69345\" src=\"https:\/\/vosgesinfo.fr\/app\/uploads\/sites\/4\/2024\/10\/marche-aux-livres-2024-1.jpg\" alt=\"\" width=\"445\" height=\"633\" srcset=\"https:\/\/vosgesinfo.fr\/app\/uploads\/sites\/4\/2024\/10\/marche-aux-livres-2024-1.jpg 445w, https:\/\/vosgesinfo.fr\/app\/uploads\/sites\/4\/2024\/10\/marche-aux-livres-2024-1-211x300.jpg 211w\" sizes=\"(max-width: 445px) 100vw, 445px\" \/><\/a><\/p>\n<p>&nbsp;<\/p>\n<p>&nbsp;<\/p>\n<p>&nbsp;<\/p>\n","protected":false},"excerpt":{"rendered":"<p>GERBEPAL 24 NOVEMBRE 2024 De 9h \u00e0 17h Foyer rural &#8211; 6 \u00a0Route du neun\u00e9 March\u00e9 du livre et du [&hellip;]<\/p>\n","protected":false},"author":119,"featured_media":69262,"comment_status":"open","ping_status":"open","sticky":false,"template":"","format":"standard","meta":{"footnotes":""},"categories":[3900,20,4099,4100],"tags":[15002,14693],"class_list":["post-69261","post","type-post","status-publish","format-standard","has-post-thumbnail","hentry","category-breves","category-loisirs","category-remiremont","category-saint-die","tag-disques-vinyles","tag-foyer-rural-de-gerbepal"],"acf":[],"yoast_head":"<!-- This site is optimized with the Yoast SEO plugin v22.5 - https:\/\/yoast.com\/wordpress\/plugins\/seo\/ -->\n<title>Gerb\u00e9pal \u2013 March\u00e9 du livre et du disque vinyle - Saint Die Info<\/title>\n<meta name=\"robots\" content=\"index, follow, max-snippet:-1, max-image-preview:large, max-video-preview:-1\" \/>\n<link rel=\"canonical\" href=\"https:\/\/vosgesinfo.fr\/saintdieinfo\/2024\/10\/marche-du-livre-et-du-disque-vinyle-le-dimanche-24-novembre-2024\/\" \/>\n<meta name=\"twitter:card\" content=\"summary_large_image\" \/>\n<meta name=\"twitter:title\" content=\"Gerb\u00e9pal \u2013 March\u00e9 du livre et du disque vinyle - Saint Die Info\" \/>\n<meta name=\"twitter:description\" content=\"GERBEPAL 24 NOVEMBRE 2024 De 9h \u00e0 17h Foyer rural &#8211; 6 \u00a0Route du neun\u00e9 March\u00e9 du livre et du [&hellip;]\" \/>\n<meta name=\"twitter:image\" content=\"https:\/\/vosgesinfo.fr\/app\/uploads\/sites\/4\/2024\/10\/marche-aux-livres-2024.jpg\" \/>\n<meta name=\"twitter:creator\" content=\"@VosgesInfo88\" \/>\n<meta name=\"twitter:site\" content=\"@VosgesInfo88\" \/>\n<meta name=\"twitter:label1\" content=\"\u00c9crit par\" \/>\n\t<meta name=\"twitter:data1\" content=\"M.Marchal\" \/>\n\t<meta name=\"twitter:label2\" content=\"Dur\u00e9e de lecture estim\u00e9e\" \/>\n\t<meta name=\"twitter:data2\" content=\"1 minute\" \/>\n<script type=\"application\/ld+json\" class=\"yoast-schema-graph\">{\"@context\":\"https:\/\/schema.org\",\"@graph\":[{\"@type\":\"Article\",\"@id\":\"https:\/\/vosgesinfo.fr\/saintdieinfo\/2024\/10\/marche-du-livre-et-du-disque-vinyle-le-dimanche-24-novembre-2024\/#article\",\"isPartOf\":{\"@id\":\"https:\/\/vosgesinfo.fr\/saintdieinfo\/2024\/10\/marche-du-livre-et-du-disque-vinyle-le-dimanche-24-novembre-2024\/\"},\"author\":{\"name\":\"M.Marchal\",\"@id\":\"https:\/\/vosgesinfo.fr\/saintdieinfo\/#\/schema\/person\/8586b245cbfaa9f842eea7c1fbff7983\"},\"headline\":\"Gerb\u00e9pal \u2013 March\u00e9 du livre et du disque vinyle\",\"datePublished\":\"2024-10-17T03:56:47+00:00\",\"dateModified\":\"2024-10-17T06:16:07+00:00\",\"mainEntityOfPage\":{\"@id\":\"https:\/\/vosgesinfo.fr\/saintdieinfo\/2024\/10\/marche-du-livre-et-du-disque-vinyle-le-dimanche-24-novembre-2024\/\"},\"wordCount\":63,\"commentCount\":0,\"publisher\":{\"@id\":\"https:\/\/vosgesinfo.fr\/saintdieinfo\/#organization\"},\"image\":{\"@id\":\"https:\/\/vosgesinfo.fr\/saintdieinfo\/2024\/10\/marche-du-livre-et-du-disque-vinyle-le-dimanche-24-novembre-2024\/#primaryimage\"},\"thumbnailUrl\":\"https:\/\/vosgesinfo.fr\/app\/uploads\/sites\/4\/2024\/10\/marche-aux-livres-2024.jpg\",\"keywords\":[\"disques vinyles\",\"Foyer rural de Gerb\u00e9pal\"],\"articleSection\":[\"Br\u00e8ves\",\"Loisirs\",\"Remiremont\",\"Saint-di\u00e9\"],\"inLanguage\":\"fr-FR\",\"potentialAction\":[{\"@type\":\"CommentAction\",\"name\":\"Comment\",\"target\":[\"https:\/\/vosgesinfo.fr\/saintdieinfo\/2024\/10\/marche-du-livre-et-du-disque-vinyle-le-dimanche-24-novembre-2024\/#respond\"]}]},{\"@type\":\"WebPage\",\"@id\":\"https:\/\/vosgesinfo.fr\/saintdieinfo\/2024\/10\/marche-du-livre-et-du-disque-vinyle-le-dimanche-24-novembre-2024\/\",\"url\":\"https:\/\/vosgesinfo.fr\/saintdieinfo\/2024\/10\/marche-du-livre-et-du-disque-vinyle-le-dimanche-24-novembre-2024\/\",\"name\":\"Gerb\u00e9pal \u2013 March\u00e9 du livre et du disque vinyle - Saint Die Info\",\"isPartOf\":{\"@id\":\"https:\/\/vosgesinfo.fr\/saintdieinfo\/#website\"},\"primaryImageOfPage\":{\"@id\":\"https:\/\/vosgesinfo.fr\/saintdieinfo\/2024\/10\/marche-du-livre-et-du-disque-vinyle-le-dimanche-24-novembre-2024\/#primaryimage\"},\"image\":{\"@id\":\"https:\/\/vosgesinfo.fr\/saintdieinfo\/2024\/10\/marche-du-livre-et-du-disque-vinyle-le-dimanche-24-novembre-2024\/#primaryimage\"},\"thumbnailUrl\":\"https:\/\/vosgesinfo.fr\/app\/uploads\/sites\/4\/2024\/10\/marche-aux-livres-2024.jpg\",\"datePublished\":\"2024-10-17T03:56:47+00:00\",\"dateModified\":\"2024-10-17T06:16:07+00:00\",\"breadcrumb\":{\"@id\":\"https:\/\/vosgesinfo.fr\/saintdieinfo\/2024\/10\/marche-du-livre-et-du-disque-vinyle-le-dimanche-24-novembre-2024\/#breadcrumb\"},\"inLanguage\":\"fr-FR\",\"potentialAction\":[{\"@type\":\"ReadAction\",\"target\":[\"https:\/\/vosgesinfo.fr\/saintdieinfo\/2024\/10\/marche-du-livre-et-du-disque-vinyle-le-dimanche-24-novembre-2024\/\"]}]},{\"@type\":\"ImageObject\",\"inLanguage\":\"fr-FR\",\"@id\":\"https:\/\/vosgesinfo.fr\/saintdieinfo\/2024\/10\/marche-du-livre-et-du-disque-vinyle-le-dimanche-24-novembre-2024\/#primaryimage\",\"url\":\"https:\/\/vosgesinfo.fr\/app\/uploads\/sites\/4\/2024\/10\/marche-aux-livres-2024.jpg\",\"contentUrl\":\"https:\/\/vosgesinfo.fr\/app\/uploads\/sites\/4\/2024\/10\/marche-aux-livres-2024.jpg\",\"width\":445,\"height\":633},{\"@type\":\"BreadcrumbList\",\"@id\":\"https:\/\/vosgesinfo.fr\/saintdieinfo\/2024\/10\/marche-du-livre-et-du-disque-vinyle-le-dimanche-24-novembre-2024\/#breadcrumb\",\"itemListElement\":[{\"@type\":\"ListItem\",\"position\":1,\"name\":\"Home\",\"item\":\"https:\/\/vosgesinfo.fr\/saintdieinfo\/\"},{\"@type\":\"ListItem\",\"position\":2,\"name\":\"Gerb\u00e9pal \u2013 March\u00e9 du livre et du disque vinyle\"}]},{\"@type\":\"WebSite\",\"@id\":\"https:\/\/vosgesinfo.fr\/saintdieinfo\/#website\",\"url\":\"https:\/\/vosgesinfo.fr\/saintdieinfo\/\",\"name\":\"Saint Die Info\",\"description\":\"Toute l&#039;actualit\u00e9 de Saint-Di\u00e9-Des-Vosges\",\"publisher\":{\"@id\":\"https:\/\/vosgesinfo.fr\/saintdieinfo\/#organization\"},\"alternateName\":\"Toute l'actualit\u00e9 de Saint-Di\u00e9-Des-Vosges\",\"potentialAction\":[{\"@type\":\"SearchAction\",\"target\":{\"@type\":\"EntryPoint\",\"urlTemplate\":\"https:\/\/vosgesinfo.fr\/saintdieinfo\/?s={search_term_string}\"},\"query-input\":\"required name=search_term_string\"}],\"inLanguage\":\"fr-FR\"},{\"@type\":\"Organization\",\"@id\":\"https:\/\/vosgesinfo.fr\/saintdieinfo\/#organization\",\"name\":\"Saint Die Info\",\"url\":\"https:\/\/vosgesinfo.fr\/saintdieinfo\/\",\"logo\":{\"@type\":\"ImageObject\",\"inLanguage\":\"fr-FR\",\"@id\":\"https:\/\/vosgesinfo.fr\/saintdieinfo\/#\/schema\/logo\/image\/\",\"url\":\"https:\/\/vosgesinfo.fr\/app\/uploads\/sites\/4\/2024\/02\/logo-sdi.jpg\",\"contentUrl\":\"https:\/\/vosgesinfo.fr\/app\/uploads\/sites\/4\/2024\/02\/logo-sdi.jpg\",\"width\":600,\"height\":600,\"caption\":\"Saint Die Info\"},\"image\":{\"@id\":\"https:\/\/vosgesinfo.fr\/saintdieinfo\/#\/schema\/logo\/image\/\"},\"sameAs\":[\"https:\/\/www.facebook.com\/Saintdieinfofr\",\"https:\/\/x.com\/VosgesInfo88\",\"https:\/\/www.youtube.com\/@vosgesinfo\"]},{\"@type\":\"Person\",\"@id\":\"https:\/\/vosgesinfo.fr\/saintdieinfo\/#\/schema\/person\/8586b245cbfaa9f842eea7c1fbff7983\",\"name\":\"M.Marchal\",\"image\":{\"@type\":\"ImageObject\",\"inLanguage\":\"fr-FR\",\"@id\":\"https:\/\/vosgesinfo.fr\/saintdieinfo\/#\/schema\/person\/image\/\",\"url\":\"https:\/\/secure.gravatar.com\/avatar\/0caf4269517e0787e410159c67081b0fa69298fa1145f93bf66cf59cc766221e?s=96&d=mm&r=g\",\"contentUrl\":\"https:\/\/secure.gravatar.com\/avatar\/0caf4269517e0787e410159c67081b0fa69298fa1145f93bf66cf59cc766221e?s=96&d=mm&r=g\",\"caption\":\"M.Marchal\"},\"url\":\"https:\/\/vosgesinfo.fr\/saintdieinfo\/author\/m-marchal88\/\"}]}<\/script>\n<!-- \/ Yoast SEO plugin. -->","yoast_head_json":{"title":"Gerb\u00e9pal \u2013 March\u00e9 du livre et du disque vinyle - Saint Die Info","robots":{"index":"index","follow":"follow","max-snippet":"max-snippet:-1","max-image-preview":"max-image-preview:large","max-video-preview":"max-video-preview:-1"},"canonical":"https:\/\/vosgesinfo.fr\/saintdieinfo\/2024\/10\/marche-du-livre-et-du-disque-vinyle-le-dimanche-24-novembre-2024\/","twitter_card":"summary_large_image","twitter_title":"Gerb\u00e9pal \u2013 March\u00e9 du livre et du disque vinyle - Saint Die Info","twitter_description":"GERBEPAL 24 NOVEMBRE 2024 De 9h \u00e0 17h Foyer rural &#8211; 6 \u00a0Route du neun\u00e9 March\u00e9 du livre et du [&hellip;]","twitter_image":"https:\/\/vosgesinfo.fr\/app\/uploads\/sites\/4\/2024\/10\/marche-aux-livres-2024.jpg","twitter_creator":"@VosgesInfo88","twitter_site":"@VosgesInfo88","twitter_misc":{"\u00c9crit par":"M.Marchal","Dur\u00e9e de lecture estim\u00e9e":"1 minute"},"schema":{"@context":"https:\/\/schema.org","@graph":[{"@type":"Article","@id":"https:\/\/vosgesinfo.fr\/saintdieinfo\/2024\/10\/marche-du-livre-et-du-disque-vinyle-le-dimanche-24-novembre-2024\/#article","isPartOf":{"@id":"https:\/\/vosgesinfo.fr\/saintdieinfo\/2024\/10\/marche-du-livre-et-du-disque-vinyle-le-dimanche-24-novembre-2024\/"},"author":{"name":"M.Marchal","@id":"https:\/\/vosgesinfo.fr\/saintdieinfo\/#\/schema\/person\/8586b245cbfaa9f842eea7c1fbff7983"},"headline":"Gerb\u00e9pal \u2013 March\u00e9 du livre et du disque vinyle","datePublished":"2024-10-17T03:56:47+00:00","dateModified":"2024-10-17T06:16:07+00:00","mainEntityOfPage":{"@id":"https:\/\/vosgesinfo.fr\/saintdieinfo\/2024\/10\/marche-du-livre-et-du-disque-vinyle-le-dimanche-24-novembre-2024\/"},"wordCount":63,"commentCount":0,"publisher":{"@id":"https:\/\/vosgesinfo.fr\/saintdieinfo\/#organization"},"image":{"@id":"https:\/\/vosgesinfo.fr\/saintdieinfo\/2024\/10\/marche-du-livre-et-du-disque-vinyle-le-dimanche-24-novembre-2024\/#primaryimage"},"thumbnailUrl":"https:\/\/vosgesinfo.fr\/app\/uploads\/sites\/4\/2024\/10\/marche-aux-livres-2024.jpg","keywords":["disques vinyles","Foyer rural de Gerb\u00e9pal"],"articleSection":["Br\u00e8ves","Loisirs","Remiremont","Saint-di\u00e9"],"inLanguage":"fr-FR","potentialAction":[{"@type":"CommentAction","name":"Comment","target":["https:\/\/vosgesinfo.fr\/saintdieinfo\/2024\/10\/marche-du-livre-et-du-disque-vinyle-le-dimanche-24-novembre-2024\/#respond"]}]},{"@type":"WebPage","@id":"https:\/\/vosgesinfo.fr\/saintdieinfo\/2024\/10\/marche-du-livre-et-du-disque-vinyle-le-dimanche-24-novembre-2024\/","url":"https:\/\/vosgesinfo.fr\/saintdieinfo\/2024\/10\/marche-du-livre-et-du-disque-vinyle-le-dimanche-24-novembre-2024\/","name":"Gerb\u00e9pal \u2013 March\u00e9 du livre et du disque vinyle - Saint Die Info","isPartOf":{"@id":"https:\/\/vosgesinfo.fr\/saintdieinfo\/#website"},"primaryImageOfPage":{"@id":"https:\/\/vosgesinfo.fr\/saintdieinfo\/2024\/10\/marche-du-livre-et-du-disque-vinyle-le-dimanche-24-novembre-2024\/#primaryimage"},"image":{"@id":"https:\/\/vosgesinfo.fr\/saintdieinfo\/2024\/10\/marche-du-livre-et-du-disque-vinyle-le-dimanche-24-novembre-2024\/#primaryimage"},"thumbnailUrl":"https:\/\/vosgesinfo.fr\/app\/uploads\/sites\/4\/2024\/10\/marche-aux-livres-2024.jpg","datePublished":"2024-10-17T03:56:47+00:00","dateModified":"2024-10-17T06:16:07+00:00","breadcrumb":{"@id":"https:\/\/vosgesinfo.fr\/saintdieinfo\/2024\/10\/marche-du-livre-et-du-disque-vinyle-le-dimanche-24-novembre-2024\/#breadcrumb"},"inLanguage":"fr-FR","potentialAction":[{"@type":"ReadAction","target":["https:\/\/vosgesinfo.fr\/saintdieinfo\/2024\/10\/marche-du-livre-et-du-disque-vinyle-le-dimanche-24-novembre-2024\/"]}]},{"@type":"ImageObject","inLanguage":"fr-FR","@id":"https:\/\/vosgesinfo.fr\/saintdieinfo\/2024\/10\/marche-du-livre-et-du-disque-vinyle-le-dimanche-24-novembre-2024\/#primaryimage","url":"https:\/\/vosgesinfo.fr\/app\/uploads\/sites\/4\/2024\/10\/marche-aux-livres-2024.jpg","contentUrl":"https:\/\/vosgesinfo.fr\/app\/uploads\/sites\/4\/2024\/10\/marche-aux-livres-2024.jpg","width":445,"height":633},{"@type":"BreadcrumbList","@id":"https:\/\/vosgesinfo.fr\/saintdieinfo\/2024\/10\/marche-du-livre-et-du-disque-vinyle-le-dimanche-24-novembre-2024\/#breadcrumb","itemListElement":[{"@type":"ListItem","position":1,"name":"Home","item":"https:\/\/vosgesinfo.fr\/saintdieinfo\/"},{"@type":"ListItem","position":2,"name":"Gerb\u00e9pal \u2013 March\u00e9 du livre et du disque vinyle"}]},{"@type":"WebSite","@id":"https:\/\/vosgesinfo.fr\/saintdieinfo\/#website","url":"https:\/\/vosgesinfo.fr\/saintdieinfo\/","name":"Saint Die Info","description":"Toute l&#039;actualit\u00e9 de Saint-Di\u00e9-Des-Vosges","publisher":{"@id":"https:\/\/vosgesinfo.fr\/saintdieinfo\/#organization"},"alternateName":"Toute l'actualit\u00e9 de Saint-Di\u00e9-Des-Vosges","potentialAction":[{"@type":"SearchAction","target":{"@type":"EntryPoint","urlTemplate":"https:\/\/vosgesinfo.fr\/saintdieinfo\/?s={search_term_string}"},"query-input":"required name=search_term_string"}],"inLanguage":"fr-FR"},{"@type":"Organization","@id":"https:\/\/vosgesinfo.fr\/saintdieinfo\/#organization","name":"Saint Die Info","url":"https:\/\/vosgesinfo.fr\/saintdieinfo\/","logo":{"@type":"ImageObject","inLanguage":"fr-FR","@id":"https:\/\/vosgesinfo.fr\/saintdieinfo\/#\/schema\/logo\/image\/","url":"https:\/\/vosgesinfo.fr\/app\/uploads\/sites\/4\/2024\/02\/logo-sdi.jpg","contentUrl":"https:\/\/vosgesinfo.fr\/app\/uploads\/sites\/4\/2024\/02\/logo-sdi.jpg","width":600,"height":600,"caption":"Saint Die Info"},"image":{"@id":"https:\/\/vosgesinfo.fr\/saintdieinfo\/#\/schema\/logo\/image\/"},"sameAs":["https:\/\/www.facebook.com\/Saintdieinfofr","https:\/\/x.com\/VosgesInfo88","https:\/\/www.youtube.com\/@vosgesinfo"]},{"@type":"Person","@id":"https:\/\/vosgesinfo.fr\/saintdieinfo\/#\/schema\/person\/8586b245cbfaa9f842eea7c1fbff7983","name":"M.Marchal","image":{"@type":"ImageObject","inLanguage":"fr-FR","@id":"https:\/\/vosgesinfo.fr\/saintdieinfo\/#\/schema\/person\/image\/","url":"https:\/\/secure.gravatar.com\/avatar\/0caf4269517e0787e410159c67081b0fa69298fa1145f93bf66cf59cc766221e?s=96&d=mm&r=g","contentUrl":"https:\/\/secure.gravatar.com\/avatar\/0caf4269517e0787e410159c67081b0fa69298fa1145f93bf66cf59cc766221e?s=96&d=mm&r=g","caption":"M.Marchal"},"url":"https:\/\/vosgesinfo.fr\/saintdieinfo\/author\/m-marchal88\/"}]}},"_links":{"self":[{"href":"https:\/\/vosgesinfo.fr\/saintdieinfo\/wp-json\/wp\/v2\/posts\/69261","targetHints":{"allow":["GET"]}}],"collection":[{"href":"https:\/\/vosgesinfo.fr\/saintdieinfo\/wp-json\/wp\/v2\/posts"}],"about":[{"href":"https:\/\/vosgesinfo.fr\/saintdieinfo\/wp-json\/wp\/v2\/types\/post"}],"author":[{"embeddable":true,"href":"https:\/\/vosgesinfo.fr\/saintdieinfo\/wp-json\/wp\/v2\/users\/119"}],"replies":[{"embeddable":true,"href":"https:\/\/vosgesinfo.fr\/saintdieinfo\/wp-json\/wp\/v2\/comments?post=69261"}],"version-history":[{"count":2,"href":"https:\/\/vosgesinfo.fr\/saintdieinfo\/wp-json\/wp\/v2\/posts\/69261\/revisions"}],"predecessor-version":[{"id":69347,"href":"https:\/\/vosgesinfo.fr\/saintdieinfo\/wp-json\/wp\/v2\/posts\/69261\/revisions\/69347"}],"wp:featuredmedia":[{"embeddable":true,"href":"https:\/\/vosgesinfo.fr\/saintdieinfo\/wp-json\/wp\/v2\/media\/69262"}],"wp:attachment":[{"href":"https:\/\/vosgesinfo.fr\/saintdieinfo\/wp-json\/wp\/v2\/media?parent=69261"}],"wp:term":[{"taxonomy":"category","embeddable":true,"href":"https:\/\/vosgesinfo.fr\/saintdieinfo\/wp-json\/wp\/v2\/categories?post=69261"},{"taxonomy":"post_tag","embeddable":true,"href":"https:\/\/vosgesinfo.fr\/saintdieinfo\/wp-json\/wp\/v2\/tags?post=69261"}],"curies":[{"name":"wp","href":"https:\/\/api.w.org\/{rel}","templated":true}]}}