{"id":69333,"date":"2024-10-16T10:59:44","date_gmt":"2024-10-16T08:59:44","guid":{"rendered":"https:\/\/vosgesinfo.fr\/saintdieinfo\/2024\/10\/les-prochaines-dates-des-concerts-da-cote\/"},"modified":"2024-10-16T10:59:44","modified_gmt":"2024-10-16T08:59:44","slug":"les-prochaines-dates-des-concerts-da-cote","status":"publish","type":"post","link":"https:\/\/vosgesinfo.fr\/saintdieinfo\/2024\/10\/les-prochaines-dates-des-concerts-da-cote\/","title":{"rendered":"Les prochaines dates des Concerts d&rsquo;\u00e0 C\u00f4t\u00e9"},"content":{"rendered":"<div><a href=\"https:\/\/vosgesinfo.fr\/app\/uploads\/sites\/5\/2024\/10\/nuage-n9-scaled.jpg\"><img decoding=\"async\" class=\"aligncenter size-full wp-image-74448\" src=\"https:\/\/vosgesinfo.fr\/app\/uploads\/sites\/5\/2024\/10\/nuage-n9-scaled.jpg\" alt=\"\" width=\"2560\" height=\"1707\" \/><\/a><\/div>\n<div><i>Jean-Nicolas (guitare \u00e9lectrique) et Florent (voix parl\u00e9e) forment depuis longtemps un duo sonore exp\u00e9rimental et po\u00e9tique.\u00a0<\/i><\/div>\n<div><i>Sons r\u00e9verb\u00e9r\u00e9s, nappes larges et chaudes, riffs d\u00e9licats, mots doux, mots crus, lyrisme d\u00e9senchant\u00e9.\u00a0<\/i><\/div>\n<div><i>Avec Anca (voix chant\u00e9e), ils ont cousu \u00e0 chaque texte une petite composition sur mesure, dont elle est \u00e0 la fois le trait d\u2019union,\u00a0<\/i><\/div>\n<div><i>le sel, l\u2019ancre, le point de suspension, l\u2019\u00e9chelle de corde entre la terre et le ciel.\u00a0<\/i><\/div>\n<div><i>Nuage num\u00e9ro 9 est le titre de ce nouveau projet atypique.\u00a0<\/i><\/div>\n<div><i>C\u2019est la traduction litt\u00e9rale de l\u2019expression anglaise qui veut dire \u00ab\u00a0septi\u00e8me ciel.\u00a0\u00bb<\/i><\/div>\n<div><span style=\"font-size: 12pt;\">Entr\u00e9e 10\u20ac<\/span><\/div>\n<div><span style=\"font-size: 12pt;\">Gratuit -16ans<\/span><\/div>\n<div><\/div>\n<div><b><span style=\"font-size: large;\">Samedi 9 novembre \u00e0 20h30 <\/span><\/b><\/div>\n<div>La Maison des Source<\/div>\n<div>1 route d&rsquo;Eloyes 88550 JARMENIL<\/div>\n<div>r\u00e9servation :<\/div>\n<div><a href=\"https:\/\/www.helloasso.com\/associations\/resonuances\/evenements\/concerts-d-a-cote-9-11\" target=\"_blank\" rel=\"noopener\">https:\/\/www.helloasso.com\/associations\/resonuances\/evenements\/concerts-d-a-cote-9-11<\/a><\/div>\n<div><\/div>\n<div><b><span style=\"font-size: large;\">Dimanche 10 novembre \u00e0 18h00<\/span><\/b><\/div>\n<div>Chez Claude et Nicolas<\/div>\n<div>6 chemin de froidefontaine 88530 LE THOLY<\/div>\n<div>r\u00e9servation :<\/div>\n<div><a href=\"https:\/\/www.helloasso.com\/associations\/resonuances\/evenements\/concerts-d-a-cote-1\" target=\"_blank\" rel=\"noopener\">https:\/\/www.helloasso.com\/associations\/resonuances\/evenements\/concerts-d-a-cote-1<\/a><\/div>\n<div><\/div>\n<div><b><span style=\"font-size: large;\">Lundi 11 novembre \u00e0 18h00<\/span><\/b><\/div>\n<div>Au Dojo de Martimpr\u00e9<\/div>\n<div>3 Martimpr\u00e9 88430 Gerb\u00e9pal<\/div>\n<div>r\u00e9servation :<\/div>\n<div><a href=\"https:\/\/www.helloasso.com\/associations\/resonuances\/evenements\/concerts-d-a-cote-11-11\" target=\"_blank\" rel=\"noopener\">https:\/\/www.helloasso.com\/associations\/resonuances\/evenements\/concerts-d-a-cote-11-11<\/a><\/div>\n<div><\/div>\n<div><u>INFOS IMPORTANTES :<\/u><\/div>\n<div>Pour venir \u00e0 ces concerts, il vous faudra \u00eatre adh\u00e9rents \u00e0 l&rsquo;association (6\u20ac).<\/div>\n<div><a href=\"https:\/\/www.helloasso.com\/associations\/resonuances\/adhesions\/adhesion-resonuances-2024\" target=\"_blank\" rel=\"noopener\">https:\/\/www.helloasso.com\/associations\/resonuances\/adhesions\/adhesion-resonuances-2024<\/a><\/div>\n<div>Vous pouvez nous contacter par retour de mail pour savoir si vous l&rsquo;\u00eates encore ou pas.<\/div>\n<div>Il est pr\u00e9f\u00e9rable de r\u00e9server \u00e0 l&rsquo;avance et si jamais l&rsquo;un ou l&rsquo;autre concert est complet,<\/div>\n<div>je ne manquerai pas de pr\u00e9venir par mail ou sur facebook.<\/div>\n<div><\/div>\n<div><u>CONVIVIALIT\u00c9 :<\/u><\/div>\n<div>Nous proposons un moment convivial apr\u00e8s chaque concert,<\/div>\n<div>si vous d\u00e9sirez rester pour \u00e9changer avec le public et les artistes,<\/div>\n<div>pr\u00e9voyez de ramener un petit quelque chose \u00e0 boire ou \u00e0 manger !<\/div>\n<div><\/div>\n<div>Au plaisir de vous y retrouver \ud83d\ude0a<\/div>\n","protected":false},"excerpt":{"rendered":"<p>Jean-Nicolas (guitare \u00e9lectrique) et Florent (voix parl\u00e9e) forment depuis longtemps un duo sonore exp\u00e9rimental et po\u00e9tique.\u00a0 Sons r\u00e9verb\u00e9r\u00e9s, nappes larges [&hellip;]<\/p>\n","protected":false},"author":391,"featured_media":69334,"comment_status":"open","ping_status":"open","sticky":false,"template":"","format":"standard","meta":{"footnotes":""},"categories":[5391,4099,4100],"tags":[15019],"class_list":["post-69333","post","type-post","status-publish","format-standard","has-post-thumbnail","hentry","category-gerardmer","category-remiremont","category-saint-die","tag-les-concerts-da-cote"],"acf":[],"yoast_head":"<!-- This site is optimized with the Yoast SEO plugin v22.5 - https:\/\/yoast.com\/wordpress\/plugins\/seo\/ -->\n<title>Les prochaines dates des Concerts d&#039;\u00e0 C\u00f4t\u00e9 - Saint Die Info<\/title>\n<meta name=\"robots\" content=\"index, follow, max-snippet:-1, max-image-preview:large, max-video-preview:-1\" \/>\n<link rel=\"canonical\" href=\"https:\/\/vosgesinfo.fr\/saintdieinfo\/2024\/10\/les-prochaines-dates-des-concerts-da-cote\/\" \/>\n<meta name=\"twitter:card\" content=\"summary_large_image\" \/>\n<meta name=\"twitter:title\" content=\"Les prochaines dates des Concerts d&#039;\u00e0 C\u00f4t\u00e9 - Saint Die Info\" \/>\n<meta name=\"twitter:description\" content=\"Jean-Nicolas (guitare \u00e9lectrique) et Florent (voix parl\u00e9e) forment depuis longtemps un duo sonore exp\u00e9rimental et po\u00e9tique.\u00a0 Sons r\u00e9verb\u00e9r\u00e9s, nappes larges [&hellip;]\" \/>\n<meta name=\"twitter:image\" content=\"https:\/\/vosgesinfo.fr\/app\/uploads\/sites\/4\/2024\/10\/nuage-n9-scaled-1.jpg\" \/>\n<meta name=\"twitter:creator\" content=\"@VosgesInfo88\" \/>\n<meta name=\"twitter:site\" content=\"@VosgesInfo88\" \/>\n<meta name=\"twitter:label1\" content=\"\u00c9crit par\" \/>\n\t<meta name=\"twitter:data1\" content=\"La redaction\" \/>\n\t<meta name=\"twitter:label2\" content=\"Dur\u00e9e de lecture estim\u00e9e\" \/>\n\t<meta name=\"twitter:data2\" content=\"1 minute\" \/>\n<script type=\"application\/ld+json\" class=\"yoast-schema-graph\">{\"@context\":\"https:\/\/schema.org\",\"@graph\":[{\"@type\":\"Article\",\"@id\":\"https:\/\/vosgesinfo.fr\/saintdieinfo\/2024\/10\/les-prochaines-dates-des-concerts-da-cote\/#article\",\"isPartOf\":{\"@id\":\"https:\/\/vosgesinfo.fr\/saintdieinfo\/2024\/10\/les-prochaines-dates-des-concerts-da-cote\/\"},\"author\":{\"name\":\"La redaction\",\"@id\":\"https:\/\/vosgesinfo.fr\/saintdieinfo\/#\/schema\/person\/27a3695b06db98895b354c0765cdfc31\"},\"headline\":\"Les prochaines dates des Concerts d&rsquo;\u00e0 C\u00f4t\u00e9\",\"datePublished\":\"2024-10-16T08:59:44+00:00\",\"dateModified\":\"2024-10-16T08:59:44+00:00\",\"mainEntityOfPage\":{\"@id\":\"https:\/\/vosgesinfo.fr\/saintdieinfo\/2024\/10\/les-prochaines-dates-des-concerts-da-cote\/\"},\"wordCount\":297,\"commentCount\":0,\"publisher\":{\"@id\":\"https:\/\/vosgesinfo.fr\/saintdieinfo\/#organization\"},\"image\":{\"@id\":\"https:\/\/vosgesinfo.fr\/saintdieinfo\/2024\/10\/les-prochaines-dates-des-concerts-da-cote\/#primaryimage\"},\"thumbnailUrl\":\"https:\/\/vosgesinfo.fr\/app\/uploads\/sites\/4\/2024\/10\/nuage-n9-scaled-1.jpg\",\"keywords\":[\"Les concerts d'\u00e0 c\u00f4t\u00e9\"],\"articleSection\":[\"Gerardmer\",\"Remiremont\",\"Saint-di\u00e9\"],\"inLanguage\":\"fr-FR\",\"potentialAction\":[{\"@type\":\"CommentAction\",\"name\":\"Comment\",\"target\":[\"https:\/\/vosgesinfo.fr\/saintdieinfo\/2024\/10\/les-prochaines-dates-des-concerts-da-cote\/#respond\"]}]},{\"@type\":\"WebPage\",\"@id\":\"https:\/\/vosgesinfo.fr\/saintdieinfo\/2024\/10\/les-prochaines-dates-des-concerts-da-cote\/\",\"url\":\"https:\/\/vosgesinfo.fr\/saintdieinfo\/2024\/10\/les-prochaines-dates-des-concerts-da-cote\/\",\"name\":\"Les prochaines dates des Concerts d'\u00e0 C\u00f4t\u00e9 - Saint Die Info\",\"isPartOf\":{\"@id\":\"https:\/\/vosgesinfo.fr\/saintdieinfo\/#website\"},\"primaryImageOfPage\":{\"@id\":\"https:\/\/vosgesinfo.fr\/saintdieinfo\/2024\/10\/les-prochaines-dates-des-concerts-da-cote\/#primaryimage\"},\"image\":{\"@id\":\"https:\/\/vosgesinfo.fr\/saintdieinfo\/2024\/10\/les-prochaines-dates-des-concerts-da-cote\/#primaryimage\"},\"thumbnailUrl\":\"https:\/\/vosgesinfo.fr\/app\/uploads\/sites\/4\/2024\/10\/nuage-n9-scaled-1.jpg\",\"datePublished\":\"2024-10-16T08:59:44+00:00\",\"dateModified\":\"2024-10-16T08:59:44+00:00\",\"breadcrumb\":{\"@id\":\"https:\/\/vosgesinfo.fr\/saintdieinfo\/2024\/10\/les-prochaines-dates-des-concerts-da-cote\/#breadcrumb\"},\"inLanguage\":\"fr-FR\",\"potentialAction\":[{\"@type\":\"ReadAction\",\"target\":[\"https:\/\/vosgesinfo.fr\/saintdieinfo\/2024\/10\/les-prochaines-dates-des-concerts-da-cote\/\"]}]},{\"@type\":\"ImageObject\",\"inLanguage\":\"fr-FR\",\"@id\":\"https:\/\/vosgesinfo.fr\/saintdieinfo\/2024\/10\/les-prochaines-dates-des-concerts-da-cote\/#primaryimage\",\"url\":\"https:\/\/vosgesinfo.fr\/app\/uploads\/sites\/4\/2024\/10\/nuage-n9-scaled-1.jpg\",\"contentUrl\":\"https:\/\/vosgesinfo.fr\/app\/uploads\/sites\/4\/2024\/10\/nuage-n9-scaled-1.jpg\",\"width\":2560,\"height\":1707},{\"@type\":\"BreadcrumbList\",\"@id\":\"https:\/\/vosgesinfo.fr\/saintdieinfo\/2024\/10\/les-prochaines-dates-des-concerts-da-cote\/#breadcrumb\",\"itemListElement\":[{\"@type\":\"ListItem\",\"position\":1,\"name\":\"Home\",\"item\":\"https:\/\/vosgesinfo.fr\/saintdieinfo\/\"},{\"@type\":\"ListItem\",\"position\":2,\"name\":\"Les prochaines dates des Concerts d&rsquo;\u00e0 C\u00f4t\u00e9\"}]},{\"@type\":\"WebSite\",\"@id\":\"https:\/\/vosgesinfo.fr\/saintdieinfo\/#website\",\"url\":\"https:\/\/vosgesinfo.fr\/saintdieinfo\/\",\"name\":\"Saint Die Info\",\"description\":\"Toute l&#039;actualit\u00e9 de Saint-Di\u00e9-Des-Vosges\",\"publisher\":{\"@id\":\"https:\/\/vosgesinfo.fr\/saintdieinfo\/#organization\"},\"alternateName\":\"Toute l'actualit\u00e9 de Saint-Di\u00e9-Des-Vosges\",\"potentialAction\":[{\"@type\":\"SearchAction\",\"target\":{\"@type\":\"EntryPoint\",\"urlTemplate\":\"https:\/\/vosgesinfo.fr\/saintdieinfo\/?s={search_term_string}\"},\"query-input\":\"required name=search_term_string\"}],\"inLanguage\":\"fr-FR\"},{\"@type\":\"Organization\",\"@id\":\"https:\/\/vosgesinfo.fr\/saintdieinfo\/#organization\",\"name\":\"Saint Die Info\",\"url\":\"https:\/\/vosgesinfo.fr\/saintdieinfo\/\",\"logo\":{\"@type\":\"ImageObject\",\"inLanguage\":\"fr-FR\",\"@id\":\"https:\/\/vosgesinfo.fr\/saintdieinfo\/#\/schema\/logo\/image\/\",\"url\":\"https:\/\/vosgesinfo.fr\/app\/uploads\/sites\/4\/2024\/02\/logo-sdi.jpg\",\"contentUrl\":\"https:\/\/vosgesinfo.fr\/app\/uploads\/sites\/4\/2024\/02\/logo-sdi.jpg\",\"width\":600,\"height\":600,\"caption\":\"Saint Die Info\"},\"image\":{\"@id\":\"https:\/\/vosgesinfo.fr\/saintdieinfo\/#\/schema\/logo\/image\/\"},\"sameAs\":[\"https:\/\/www.facebook.com\/Saintdieinfofr\",\"https:\/\/x.com\/VosgesInfo88\",\"https:\/\/www.youtube.com\/@vosgesinfo\"]},{\"@type\":\"Person\",\"@id\":\"https:\/\/vosgesinfo.fr\/saintdieinfo\/#\/schema\/person\/27a3695b06db98895b354c0765cdfc31\",\"name\":\"La redaction\",\"image\":{\"@type\":\"ImageObject\",\"inLanguage\":\"fr-FR\",\"@id\":\"https:\/\/vosgesinfo.fr\/saintdieinfo\/#\/schema\/person\/image\/\",\"url\":\"https:\/\/secure.gravatar.com\/avatar\/64c76a78e501cedee55736f43f332df901e1896ae9cd8fad269ae2236dd0e8b6?s=96&d=mm&r=g\",\"contentUrl\":\"https:\/\/secure.gravatar.com\/avatar\/64c76a78e501cedee55736f43f332df901e1896ae9cd8fad269ae2236dd0e8b6?s=96&d=mm&r=g\",\"caption\":\"La redaction\"},\"url\":\"https:\/\/vosgesinfo.fr\/saintdieinfo\/author\/la-redaction\/\"}]}<\/script>\n<!-- \/ Yoast SEO plugin. -->","yoast_head_json":{"title":"Les prochaines dates des Concerts d'\u00e0 C\u00f4t\u00e9 - Saint Die Info","robots":{"index":"index","follow":"follow","max-snippet":"max-snippet:-1","max-image-preview":"max-image-preview:large","max-video-preview":"max-video-preview:-1"},"canonical":"https:\/\/vosgesinfo.fr\/saintdieinfo\/2024\/10\/les-prochaines-dates-des-concerts-da-cote\/","twitter_card":"summary_large_image","twitter_title":"Les prochaines dates des Concerts d'\u00e0 C\u00f4t\u00e9 - Saint Die Info","twitter_description":"Jean-Nicolas (guitare \u00e9lectrique) et Florent (voix parl\u00e9e) forment depuis longtemps un duo sonore exp\u00e9rimental et po\u00e9tique.\u00a0 Sons r\u00e9verb\u00e9r\u00e9s, nappes larges [&hellip;]","twitter_image":"https:\/\/vosgesinfo.fr\/app\/uploads\/sites\/4\/2024\/10\/nuage-n9-scaled-1.jpg","twitter_creator":"@VosgesInfo88","twitter_site":"@VosgesInfo88","twitter_misc":{"\u00c9crit par":"La redaction","Dur\u00e9e de lecture estim\u00e9e":"1 minute"},"schema":{"@context":"https:\/\/schema.org","@graph":[{"@type":"Article","@id":"https:\/\/vosgesinfo.fr\/saintdieinfo\/2024\/10\/les-prochaines-dates-des-concerts-da-cote\/#article","isPartOf":{"@id":"https:\/\/vosgesinfo.fr\/saintdieinfo\/2024\/10\/les-prochaines-dates-des-concerts-da-cote\/"},"author":{"name":"La redaction","@id":"https:\/\/vosgesinfo.fr\/saintdieinfo\/#\/schema\/person\/27a3695b06db98895b354c0765cdfc31"},"headline":"Les prochaines dates des Concerts d&rsquo;\u00e0 C\u00f4t\u00e9","datePublished":"2024-10-16T08:59:44+00:00","dateModified":"2024-10-16T08:59:44+00:00","mainEntityOfPage":{"@id":"https:\/\/vosgesinfo.fr\/saintdieinfo\/2024\/10\/les-prochaines-dates-des-concerts-da-cote\/"},"wordCount":297,"commentCount":0,"publisher":{"@id":"https:\/\/vosgesinfo.fr\/saintdieinfo\/#organization"},"image":{"@id":"https:\/\/vosgesinfo.fr\/saintdieinfo\/2024\/10\/les-prochaines-dates-des-concerts-da-cote\/#primaryimage"},"thumbnailUrl":"https:\/\/vosgesinfo.fr\/app\/uploads\/sites\/4\/2024\/10\/nuage-n9-scaled-1.jpg","keywords":["Les concerts d'\u00e0 c\u00f4t\u00e9"],"articleSection":["Gerardmer","Remiremont","Saint-di\u00e9"],"inLanguage":"fr-FR","potentialAction":[{"@type":"CommentAction","name":"Comment","target":["https:\/\/vosgesinfo.fr\/saintdieinfo\/2024\/10\/les-prochaines-dates-des-concerts-da-cote\/#respond"]}]},{"@type":"WebPage","@id":"https:\/\/vosgesinfo.fr\/saintdieinfo\/2024\/10\/les-prochaines-dates-des-concerts-da-cote\/","url":"https:\/\/vosgesinfo.fr\/saintdieinfo\/2024\/10\/les-prochaines-dates-des-concerts-da-cote\/","name":"Les prochaines dates des Concerts d'\u00e0 C\u00f4t\u00e9 - Saint Die Info","isPartOf":{"@id":"https:\/\/vosgesinfo.fr\/saintdieinfo\/#website"},"primaryImageOfPage":{"@id":"https:\/\/vosgesinfo.fr\/saintdieinfo\/2024\/10\/les-prochaines-dates-des-concerts-da-cote\/#primaryimage"},"image":{"@id":"https:\/\/vosgesinfo.fr\/saintdieinfo\/2024\/10\/les-prochaines-dates-des-concerts-da-cote\/#primaryimage"},"thumbnailUrl":"https:\/\/vosgesinfo.fr\/app\/uploads\/sites\/4\/2024\/10\/nuage-n9-scaled-1.jpg","datePublished":"2024-10-16T08:59:44+00:00","dateModified":"2024-10-16T08:59:44+00:00","breadcrumb":{"@id":"https:\/\/vosgesinfo.fr\/saintdieinfo\/2024\/10\/les-prochaines-dates-des-concerts-da-cote\/#breadcrumb"},"inLanguage":"fr-FR","potentialAction":[{"@type":"ReadAction","target":["https:\/\/vosgesinfo.fr\/saintdieinfo\/2024\/10\/les-prochaines-dates-des-concerts-da-cote\/"]}]},{"@type":"ImageObject","inLanguage":"fr-FR","@id":"https:\/\/vosgesinfo.fr\/saintdieinfo\/2024\/10\/les-prochaines-dates-des-concerts-da-cote\/#primaryimage","url":"https:\/\/vosgesinfo.fr\/app\/uploads\/sites\/4\/2024\/10\/nuage-n9-scaled-1.jpg","contentUrl":"https:\/\/vosgesinfo.fr\/app\/uploads\/sites\/4\/2024\/10\/nuage-n9-scaled-1.jpg","width":2560,"height":1707},{"@type":"BreadcrumbList","@id":"https:\/\/vosgesinfo.fr\/saintdieinfo\/2024\/10\/les-prochaines-dates-des-concerts-da-cote\/#breadcrumb","itemListElement":[{"@type":"ListItem","position":1,"name":"Home","item":"https:\/\/vosgesinfo.fr\/saintdieinfo\/"},{"@type":"ListItem","position":2,"name":"Les prochaines dates des Concerts d&rsquo;\u00e0 C\u00f4t\u00e9"}]},{"@type":"WebSite","@id":"https:\/\/vosgesinfo.fr\/saintdieinfo\/#website","url":"https:\/\/vosgesinfo.fr\/saintdieinfo\/","name":"Saint Die Info","description":"Toute l&#039;actualit\u00e9 de Saint-Di\u00e9-Des-Vosges","publisher":{"@id":"https:\/\/vosgesinfo.fr\/saintdieinfo\/#organization"},"alternateName":"Toute l'actualit\u00e9 de Saint-Di\u00e9-Des-Vosges","potentialAction":[{"@type":"SearchAction","target":{"@type":"EntryPoint","urlTemplate":"https:\/\/vosgesinfo.fr\/saintdieinfo\/?s={search_term_string}"},"query-input":"required name=search_term_string"}],"inLanguage":"fr-FR"},{"@type":"Organization","@id":"https:\/\/vosgesinfo.fr\/saintdieinfo\/#organization","name":"Saint Die Info","url":"https:\/\/vosgesinfo.fr\/saintdieinfo\/","logo":{"@type":"ImageObject","inLanguage":"fr-FR","@id":"https:\/\/vosgesinfo.fr\/saintdieinfo\/#\/schema\/logo\/image\/","url":"https:\/\/vosgesinfo.fr\/app\/uploads\/sites\/4\/2024\/02\/logo-sdi.jpg","contentUrl":"https:\/\/vosgesinfo.fr\/app\/uploads\/sites\/4\/2024\/02\/logo-sdi.jpg","width":600,"height":600,"caption":"Saint Die Info"},"image":{"@id":"https:\/\/vosgesinfo.fr\/saintdieinfo\/#\/schema\/logo\/image\/"},"sameAs":["https:\/\/www.facebook.com\/Saintdieinfofr","https:\/\/x.com\/VosgesInfo88","https:\/\/www.youtube.com\/@vosgesinfo"]},{"@type":"Person","@id":"https:\/\/vosgesinfo.fr\/saintdieinfo\/#\/schema\/person\/27a3695b06db98895b354c0765cdfc31","name":"La redaction","image":{"@type":"ImageObject","inLanguage":"fr-FR","@id":"https:\/\/vosgesinfo.fr\/saintdieinfo\/#\/schema\/person\/image\/","url":"https:\/\/secure.gravatar.com\/avatar\/64c76a78e501cedee55736f43f332df901e1896ae9cd8fad269ae2236dd0e8b6?s=96&d=mm&r=g","contentUrl":"https:\/\/secure.gravatar.com\/avatar\/64c76a78e501cedee55736f43f332df901e1896ae9cd8fad269ae2236dd0e8b6?s=96&d=mm&r=g","caption":"La redaction"},"url":"https:\/\/vosgesinfo.fr\/saintdieinfo\/author\/la-redaction\/"}]}},"_links":{"self":[{"href":"https:\/\/vosgesinfo.fr\/saintdieinfo\/wp-json\/wp\/v2\/posts\/69333","targetHints":{"allow":["GET"]}}],"collection":[{"href":"https:\/\/vosgesinfo.fr\/saintdieinfo\/wp-json\/wp\/v2\/posts"}],"about":[{"href":"https:\/\/vosgesinfo.fr\/saintdieinfo\/wp-json\/wp\/v2\/types\/post"}],"author":[{"embeddable":true,"href":"https:\/\/vosgesinfo.fr\/saintdieinfo\/wp-json\/wp\/v2\/users\/391"}],"replies":[{"embeddable":true,"href":"https:\/\/vosgesinfo.fr\/saintdieinfo\/wp-json\/wp\/v2\/comments?post=69333"}],"version-history":[{"count":0,"href":"https:\/\/vosgesinfo.fr\/saintdieinfo\/wp-json\/wp\/v2\/posts\/69333\/revisions"}],"wp:featuredmedia":[{"embeddable":true,"href":"https:\/\/vosgesinfo.fr\/saintdieinfo\/wp-json\/wp\/v2\/media\/69334"}],"wp:attachment":[{"href":"https:\/\/vosgesinfo.fr\/saintdieinfo\/wp-json\/wp\/v2\/media?parent=69333"}],"wp:term":[{"taxonomy":"category","embeddable":true,"href":"https:\/\/vosgesinfo.fr\/saintdieinfo\/wp-json\/wp\/v2\/categories?post=69333"},{"taxonomy":"post_tag","embeddable":true,"href":"https:\/\/vosgesinfo.fr\/saintdieinfo\/wp-json\/wp\/v2\/tags?post=69333"}],"curies":[{"name":"wp","href":"https:\/\/api.w.org\/{rel}","templated":true}]}}