{"id":69810,"date":"2024-10-30T08:52:54","date_gmt":"2024-10-30T07:52:54","guid":{"rendered":"https:\/\/vosgesinfo.fr\/saintdieinfo\/?p=69810"},"modified":"2024-10-30T08:46:16","modified_gmt":"2024-10-30T07:46:16","slug":"vosges-a-compter-de-ce-vendredi-les-pneus-hiver-seront-obligatoires-dans-de-nombreuses-communes","status":"publish","type":"post","link":"https:\/\/vosgesinfo.fr\/saintdieinfo\/2024\/10\/vosges-a-compter-de-ce-vendredi-les-pneus-hiver-seront-obligatoires-dans-de-nombreuses-communes\/","title":{"rendered":"Vosges \u2013 A compter de ce vendredi, les pneus hiver seront obligatoires dans de nombreuses communes"},"content":{"rendered":"<div id=\"attachment_43714\" style=\"width: 622px\" class=\"wp-caption alignnone\"><a href=\"https:\/\/vosgesinfo.fr\/app\/uploads\/sites\/4\/2024\/08\/202110pneus-neige1.jpg\"><img decoding=\"async\" aria-describedby=\"caption-attachment-43714\" class=\"wp-image-43714 size-full\" src=\"https:\/\/vosgesinfo.fr\/app\/uploads\/sites\/4\/2024\/08\/202110pneus-neige1.jpg\" alt=\"\" width=\"612\" height=\"396\" srcset=\"https:\/\/vosgesinfo.fr\/app\/uploads\/sites\/4\/2024\/08\/202110pneus-neige1.jpg 612w, https:\/\/vosgesinfo.fr\/app\/uploads\/sites\/4\/2024\/08\/202110pneus-neige1-300x194.jpg 300w\" sizes=\"(max-width: 612px) 100vw, 612px\" \/><\/a><p id=\"caption-attachment-43714\" class=\"wp-caption-text\">(Illustration)<\/p><\/div>\n<h2>A compter de ce vendredi 1er novembre 2024, et jusqu&rsquo;au lundi 31 mars 2025, les \u00e9quipements hivernaux sont obligatoires sur les v\u00e9hicules circulant dans un certain nombre de communes du massif des Vosges. Tous les v\u00e9hicules \u00e0 4 roues sont concern\u00e9s, et devront d\u00e8s demain \u00eatre \u00e9quip\u00e9s de pneus hiver ou de dispositifs antid\u00e9rapants amovibles (cha\u00eenes et chaussettes).<\/h2>\n<p><!--more--><\/p>\n<h3>Les communes o\u00f9 les \u00e9quipements hivernaux sont obligatoires :<\/h3>\n<p>Allarmont, Anould, Arrent\u00e8s-de-Corcieux, Ban-de-Laveline, Ban-de-Sapt, Barbey-Seroux, Basse-sur-le-Rupt, Beaum\u00e9nil, Bellefontaine, Belmont-sur-Buttant, Belval, Bertrimoutier, Le Beulay, Biffontaine, Bois-de-Champ, La Bourgonce, La Bresse, Brouvelieures, Bruy\u00e8res, Bussang, Celles-sur-Plaine, Champdray, Champ-le-Duc, La Chapelle-devant-Bruy\u00e8res, Ch\u00e2tas, Chenim\u00e9nil, Ban-sur-Meurthe-Clefcy, Cleurie, Coinches, Combrimont, Corcieux, Cornimont, La Croix-aux-Mines, Denipaire, Deycimont, Docelles, Domfaing, Dommartin-l\u00e8s-Remiremont, \u00c9loyes, Entre-deux-Eaux, \u00c9tival-Clairefontaine, Faucompierre, Fays, Ferdrupt, Fim\u00e9nil, La Forge, Fraize, Frapelle, Fremifontaine, Fresse-sur-Moselle, Gemaingoutte, G\u00e9rardmer, Gerbamont, Gerb\u00e9pal, Girmont-Val-d&rsquo;Ajol, La Grande-Fosse, Grandrupt, Granges-Aumontzey, Herpelmont, La Houssi\u00e8re, Hurbache, Jarm\u00e9nil, Jussarupt, Laval-sur-Vologne, Laveline-devant-Bruy\u00e8res, Laveline-du-Houx, L\u00e9panges-sur-Vologne, Lesseux, Li\u00e9zey, Lubine, Lusse, Luvigny, Mandray, M\u00e9nil-de-Senones, Le M\u00e9nil, Le Mont, Mortagne, Moussey, Moyenmoutier, Nayemont-les-Fosses, La Neuveville-devant-L\u00e9panges, Neuvillers-sur-Fave, Nompatelize, Pair-et-Grandrupt, La Petite-Fosse, La Petite-Raon, Plainfaing, Plombi\u00e8res-les-Bains, Les Pouli\u00e8res, Pouxeux, Prey, Provench\u00e8res-et-Colroy, Le Puid, Ramonchamp, Raon-aux-Bois, Raon-L&rsquo;\u00c9tape, Raon-sur-Plaine, Raves, Rehaupal, Remiremont, Remomeix, Rochesson, Les Rouges-Eaux, Le Roulier, Rupt-sur-Moselle, Saint-Am\u00e9, Saint-Beno\u00eet-la-Chipotte, Saint-Di\u00e9-des-Vosges, Saint-\u00c9tienne-l\u00e8s-Remiremont, Saint-Jean-d&rsquo;Ormont, Saint-L\u00e9onard, Sainte-Marguerite, Saint-Maurice-sur-Moselle, Saint-Michel-sur-Meurthe, Saint-Nabord, Saint-Remy, Saint-Stail, La Salle, Sapois, Le Saulcy, Saulcy-sur-Meurthe, Saulxures-sur-Moselotte, Senones, Le Syndicat, Taintrux, Tendon, Thi\u00e9fosse, Le Thillot, Le Tholy, Vagney, Le Val-d&rsquo;Ajol, Le Valtin, Vecoux, Ventron, Le Vermont, Vervezelle, Vexaincourt, Vienville, Vieux-Moulin, La Voivre, Wisembach, Xamontarupt, Xonrupt-Longemer.<\/p>\n","protected":false},"excerpt":{"rendered":"<p>A compter de ce vendredi 1er novembre 2024, et jusqu&rsquo;au lundi 31 mars 2025, les \u00e9quipements hivernaux sont obligatoires sur [&hellip;]<\/p>\n","protected":false},"author":46,"featured_media":43714,"comment_status":"open","ping_status":"open","sticky":false,"template":"","format":"standard","meta":{"footnotes":""},"categories":[460,5392,5391,5389,4099,167,18],"tags":[15128,15127,8762],"class_list":["post-69810","post","type-post","status-publish","format-standard","has-post-thumbnail","hentry","category-a-la-une","category-epinal","category-gerardmer","category-la-plaine-des-vosges","category-remiremont","category-saint-die-des-vosges","category-vosges","tag-dispositifs-antiderapants-amovibles","tag-obligation-des-equipements-hivernaux","tag-pneus-hiver"],"acf":[],"yoast_head":"<!-- This site is optimized with the Yoast SEO plugin v22.5 - https:\/\/yoast.com\/wordpress\/plugins\/seo\/ -->\n<title>Vosges \u2013 A compter de ce vendredi, les pneus hiver seront obligatoires dans de nombreuses communes - Saint Die Info<\/title>\n<meta name=\"robots\" content=\"index, follow, max-snippet:-1, max-image-preview:large, max-video-preview:-1\" \/>\n<link rel=\"canonical\" href=\"https:\/\/vosgesinfo.fr\/saintdieinfo\/?p=69810\" \/>\n<meta name=\"twitter:card\" content=\"summary_large_image\" \/>\n<meta name=\"twitter:title\" content=\"Vosges \u2013 A compter de ce vendredi, les pneus hiver seront obligatoires dans de nombreuses communes - Saint Die Info\" \/>\n<meta name=\"twitter:description\" content=\"A compter de ce vendredi 1er novembre 2024, et jusqu&rsquo;au lundi 31 mars 2025, les \u00e9quipements hivernaux sont obligatoires sur [&hellip;]\" \/>\n<meta name=\"twitter:image\" content=\"https:\/\/vosgesinfo.fr\/app\/uploads\/sites\/4\/2024\/08\/202110pneus-neige1.jpg\" \/>\n<meta name=\"twitter:creator\" content=\"@VosgesInfo88\" \/>\n<meta name=\"twitter:site\" content=\"@VosgesInfo88\" \/>\n<meta name=\"twitter:label1\" content=\"\u00c9crit par\" \/>\n\t<meta name=\"twitter:data1\" content=\"J.J.\" \/>\n\t<meta name=\"twitter:label2\" content=\"Dur\u00e9e de lecture estim\u00e9e\" \/>\n\t<meta name=\"twitter:data2\" content=\"2 minutes\" \/>\n<script type=\"application\/ld+json\" class=\"yoast-schema-graph\">{\"@context\":\"https:\/\/schema.org\",\"@graph\":[{\"@type\":\"Article\",\"@id\":\"https:\/\/vosgesinfo.fr\/saintdieinfo\/?p=69810#article\",\"isPartOf\":{\"@id\":\"https:\/\/vosgesinfo.fr\/saintdieinfo\/?p=69810\"},\"author\":{\"name\":\"J.J.\",\"@id\":\"https:\/\/vosgesinfo.fr\/saintdieinfo\/#\/schema\/person\/fa73e9f726d67bb88f46d5b7943cb572\"},\"headline\":\"Vosges \u2013 A compter de ce vendredi, les pneus hiver seront obligatoires dans de nombreuses communes\",\"datePublished\":\"2024-10-30T07:52:54+00:00\",\"dateModified\":\"2024-10-30T07:46:16+00:00\",\"mainEntityOfPage\":{\"@id\":\"https:\/\/vosgesinfo.fr\/saintdieinfo\/?p=69810\"},\"wordCount\":292,\"commentCount\":0,\"publisher\":{\"@id\":\"https:\/\/vosgesinfo.fr\/saintdieinfo\/#organization\"},\"image\":{\"@id\":\"https:\/\/vosgesinfo.fr\/saintdieinfo\/?p=69810#primaryimage\"},\"thumbnailUrl\":\"https:\/\/vosgesinfo.fr\/app\/uploads\/sites\/4\/2024\/08\/202110pneus-neige1.jpg\",\"keywords\":[\"Dispositifs antid\u00e9rapants amovibles\",\"Obligation des \u00e9quipements hivernaux\",\"Pneus hiver\"],\"articleSection\":[\"A la Une\",\"Epinal\",\"Gerardmer\",\"La plaine des vosges\",\"Remiremont\",\"Saint-Di\u00e9-des-Vosges\",\"Vosges\"],\"inLanguage\":\"fr-FR\",\"potentialAction\":[{\"@type\":\"CommentAction\",\"name\":\"Comment\",\"target\":[\"https:\/\/vosgesinfo.fr\/saintdieinfo\/?p=69810#respond\"]}]},{\"@type\":\"WebPage\",\"@id\":\"https:\/\/vosgesinfo.fr\/saintdieinfo\/?p=69810\",\"url\":\"https:\/\/vosgesinfo.fr\/saintdieinfo\/?p=69810\",\"name\":\"Vosges \u2013 A compter de ce vendredi, les pneus hiver seront obligatoires dans de nombreuses communes - Saint Die Info\",\"isPartOf\":{\"@id\":\"https:\/\/vosgesinfo.fr\/saintdieinfo\/#website\"},\"primaryImageOfPage\":{\"@id\":\"https:\/\/vosgesinfo.fr\/saintdieinfo\/?p=69810#primaryimage\"},\"image\":{\"@id\":\"https:\/\/vosgesinfo.fr\/saintdieinfo\/?p=69810#primaryimage\"},\"thumbnailUrl\":\"https:\/\/vosgesinfo.fr\/app\/uploads\/sites\/4\/2024\/08\/202110pneus-neige1.jpg\",\"datePublished\":\"2024-10-30T07:52:54+00:00\",\"dateModified\":\"2024-10-30T07:46:16+00:00\",\"breadcrumb\":{\"@id\":\"https:\/\/vosgesinfo.fr\/saintdieinfo\/?p=69810#breadcrumb\"},\"inLanguage\":\"fr-FR\",\"potentialAction\":[{\"@type\":\"ReadAction\",\"target\":[\"https:\/\/vosgesinfo.fr\/saintdieinfo\/?p=69810\"]}]},{\"@type\":\"ImageObject\",\"inLanguage\":\"fr-FR\",\"@id\":\"https:\/\/vosgesinfo.fr\/saintdieinfo\/?p=69810#primaryimage\",\"url\":\"https:\/\/vosgesinfo.fr\/app\/uploads\/sites\/4\/2024\/08\/202110pneus-neige1.jpg\",\"contentUrl\":\"https:\/\/vosgesinfo.fr\/app\/uploads\/sites\/4\/2024\/08\/202110pneus-neige1.jpg\",\"width\":612,\"height\":396,\"caption\":\"(Illustration)\"},{\"@type\":\"BreadcrumbList\",\"@id\":\"https:\/\/vosgesinfo.fr\/saintdieinfo\/?p=69810#breadcrumb\",\"itemListElement\":[{\"@type\":\"ListItem\",\"position\":1,\"name\":\"Home\",\"item\":\"https:\/\/vosgesinfo.fr\/saintdieinfo\/\"},{\"@type\":\"ListItem\",\"position\":2,\"name\":\"Vosges \u2013 A compter de ce vendredi, les pneus hiver seront obligatoires dans de nombreuses communes\"}]},{\"@type\":\"WebSite\",\"@id\":\"https:\/\/vosgesinfo.fr\/saintdieinfo\/#website\",\"url\":\"https:\/\/vosgesinfo.fr\/saintdieinfo\/\",\"name\":\"Saint Die Info\",\"description\":\"Toute l&#039;actualit\u00e9 de Saint-Di\u00e9-Des-Vosges\",\"publisher\":{\"@id\":\"https:\/\/vosgesinfo.fr\/saintdieinfo\/#organization\"},\"alternateName\":\"Toute l'actualit\u00e9 de Saint-Di\u00e9-Des-Vosges\",\"potentialAction\":[{\"@type\":\"SearchAction\",\"target\":{\"@type\":\"EntryPoint\",\"urlTemplate\":\"https:\/\/vosgesinfo.fr\/saintdieinfo\/?s={search_term_string}\"},\"query-input\":\"required name=search_term_string\"}],\"inLanguage\":\"fr-FR\"},{\"@type\":\"Organization\",\"@id\":\"https:\/\/vosgesinfo.fr\/saintdieinfo\/#organization\",\"name\":\"Saint Die Info\",\"url\":\"https:\/\/vosgesinfo.fr\/saintdieinfo\/\",\"logo\":{\"@type\":\"ImageObject\",\"inLanguage\":\"fr-FR\",\"@id\":\"https:\/\/vosgesinfo.fr\/saintdieinfo\/#\/schema\/logo\/image\/\",\"url\":\"https:\/\/vosgesinfo.fr\/app\/uploads\/sites\/4\/2024\/02\/logo-sdi.jpg\",\"contentUrl\":\"https:\/\/vosgesinfo.fr\/app\/uploads\/sites\/4\/2024\/02\/logo-sdi.jpg\",\"width\":600,\"height\":600,\"caption\":\"Saint Die Info\"},\"image\":{\"@id\":\"https:\/\/vosgesinfo.fr\/saintdieinfo\/#\/schema\/logo\/image\/\"},\"sameAs\":[\"https:\/\/www.facebook.com\/Saintdieinfofr\",\"https:\/\/x.com\/VosgesInfo88\",\"https:\/\/www.youtube.com\/@vosgesinfo\"]},{\"@type\":\"Person\",\"@id\":\"https:\/\/vosgesinfo.fr\/saintdieinfo\/#\/schema\/person\/fa73e9f726d67bb88f46d5b7943cb572\",\"name\":\"J.J.\",\"image\":{\"@type\":\"ImageObject\",\"inLanguage\":\"fr-FR\",\"@id\":\"https:\/\/vosgesinfo.fr\/saintdieinfo\/#\/schema\/person\/image\/\",\"url\":\"https:\/\/secure.gravatar.com\/avatar\/219e749e47ffbcca018a360ae4add7d4cdf1cdaaf8bc7676b27efade3fe65615?s=96&d=mm&r=g\",\"contentUrl\":\"https:\/\/secure.gravatar.com\/avatar\/219e749e47ffbcca018a360ae4add7d4cdf1cdaaf8bc7676b27efade3fe65615?s=96&d=mm&r=g\",\"caption\":\"J.J.\"},\"url\":\"https:\/\/vosgesinfo.fr\/saintdieinfo\/author\/j-j\/\"}]}<\/script>\n<!-- \/ Yoast SEO plugin. -->","yoast_head_json":{"title":"Vosges \u2013 A compter de ce vendredi, les pneus hiver seront obligatoires dans de nombreuses communes - Saint Die Info","robots":{"index":"index","follow":"follow","max-snippet":"max-snippet:-1","max-image-preview":"max-image-preview:large","max-video-preview":"max-video-preview:-1"},"canonical":"https:\/\/vosgesinfo.fr\/saintdieinfo\/?p=69810","twitter_card":"summary_large_image","twitter_title":"Vosges \u2013 A compter de ce vendredi, les pneus hiver seront obligatoires dans de nombreuses communes - Saint Die Info","twitter_description":"A compter de ce vendredi 1er novembre 2024, et jusqu&rsquo;au lundi 31 mars 2025, les \u00e9quipements hivernaux sont obligatoires sur [&hellip;]","twitter_image":"https:\/\/vosgesinfo.fr\/app\/uploads\/sites\/4\/2024\/08\/202110pneus-neige1.jpg","twitter_creator":"@VosgesInfo88","twitter_site":"@VosgesInfo88","twitter_misc":{"\u00c9crit par":"J.J.","Dur\u00e9e de lecture estim\u00e9e":"2 minutes"},"schema":{"@context":"https:\/\/schema.org","@graph":[{"@type":"Article","@id":"https:\/\/vosgesinfo.fr\/saintdieinfo\/?p=69810#article","isPartOf":{"@id":"https:\/\/vosgesinfo.fr\/saintdieinfo\/?p=69810"},"author":{"name":"J.J.","@id":"https:\/\/vosgesinfo.fr\/saintdieinfo\/#\/schema\/person\/fa73e9f726d67bb88f46d5b7943cb572"},"headline":"Vosges \u2013 A compter de ce vendredi, les pneus hiver seront obligatoires dans de nombreuses communes","datePublished":"2024-10-30T07:52:54+00:00","dateModified":"2024-10-30T07:46:16+00:00","mainEntityOfPage":{"@id":"https:\/\/vosgesinfo.fr\/saintdieinfo\/?p=69810"},"wordCount":292,"commentCount":0,"publisher":{"@id":"https:\/\/vosgesinfo.fr\/saintdieinfo\/#organization"},"image":{"@id":"https:\/\/vosgesinfo.fr\/saintdieinfo\/?p=69810#primaryimage"},"thumbnailUrl":"https:\/\/vosgesinfo.fr\/app\/uploads\/sites\/4\/2024\/08\/202110pneus-neige1.jpg","keywords":["Dispositifs antid\u00e9rapants amovibles","Obligation des \u00e9quipements hivernaux","Pneus hiver"],"articleSection":["A la Une","Epinal","Gerardmer","La plaine des vosges","Remiremont","Saint-Di\u00e9-des-Vosges","Vosges"],"inLanguage":"fr-FR","potentialAction":[{"@type":"CommentAction","name":"Comment","target":["https:\/\/vosgesinfo.fr\/saintdieinfo\/?p=69810#respond"]}]},{"@type":"WebPage","@id":"https:\/\/vosgesinfo.fr\/saintdieinfo\/?p=69810","url":"https:\/\/vosgesinfo.fr\/saintdieinfo\/?p=69810","name":"Vosges \u2013 A compter de ce vendredi, les pneus hiver seront obligatoires dans de nombreuses communes - Saint Die Info","isPartOf":{"@id":"https:\/\/vosgesinfo.fr\/saintdieinfo\/#website"},"primaryImageOfPage":{"@id":"https:\/\/vosgesinfo.fr\/saintdieinfo\/?p=69810#primaryimage"},"image":{"@id":"https:\/\/vosgesinfo.fr\/saintdieinfo\/?p=69810#primaryimage"},"thumbnailUrl":"https:\/\/vosgesinfo.fr\/app\/uploads\/sites\/4\/2024\/08\/202110pneus-neige1.jpg","datePublished":"2024-10-30T07:52:54+00:00","dateModified":"2024-10-30T07:46:16+00:00","breadcrumb":{"@id":"https:\/\/vosgesinfo.fr\/saintdieinfo\/?p=69810#breadcrumb"},"inLanguage":"fr-FR","potentialAction":[{"@type":"ReadAction","target":["https:\/\/vosgesinfo.fr\/saintdieinfo\/?p=69810"]}]},{"@type":"ImageObject","inLanguage":"fr-FR","@id":"https:\/\/vosgesinfo.fr\/saintdieinfo\/?p=69810#primaryimage","url":"https:\/\/vosgesinfo.fr\/app\/uploads\/sites\/4\/2024\/08\/202110pneus-neige1.jpg","contentUrl":"https:\/\/vosgesinfo.fr\/app\/uploads\/sites\/4\/2024\/08\/202110pneus-neige1.jpg","width":612,"height":396,"caption":"(Illustration)"},{"@type":"BreadcrumbList","@id":"https:\/\/vosgesinfo.fr\/saintdieinfo\/?p=69810#breadcrumb","itemListElement":[{"@type":"ListItem","position":1,"name":"Home","item":"https:\/\/vosgesinfo.fr\/saintdieinfo\/"},{"@type":"ListItem","position":2,"name":"Vosges \u2013 A compter de ce vendredi, les pneus hiver seront obligatoires dans de nombreuses communes"}]},{"@type":"WebSite","@id":"https:\/\/vosgesinfo.fr\/saintdieinfo\/#website","url":"https:\/\/vosgesinfo.fr\/saintdieinfo\/","name":"Saint Die Info","description":"Toute l&#039;actualit\u00e9 de Saint-Di\u00e9-Des-Vosges","publisher":{"@id":"https:\/\/vosgesinfo.fr\/saintdieinfo\/#organization"},"alternateName":"Toute l'actualit\u00e9 de Saint-Di\u00e9-Des-Vosges","potentialAction":[{"@type":"SearchAction","target":{"@type":"EntryPoint","urlTemplate":"https:\/\/vosgesinfo.fr\/saintdieinfo\/?s={search_term_string}"},"query-input":"required name=search_term_string"}],"inLanguage":"fr-FR"},{"@type":"Organization","@id":"https:\/\/vosgesinfo.fr\/saintdieinfo\/#organization","name":"Saint Die Info","url":"https:\/\/vosgesinfo.fr\/saintdieinfo\/","logo":{"@type":"ImageObject","inLanguage":"fr-FR","@id":"https:\/\/vosgesinfo.fr\/saintdieinfo\/#\/schema\/logo\/image\/","url":"https:\/\/vosgesinfo.fr\/app\/uploads\/sites\/4\/2024\/02\/logo-sdi.jpg","contentUrl":"https:\/\/vosgesinfo.fr\/app\/uploads\/sites\/4\/2024\/02\/logo-sdi.jpg","width":600,"height":600,"caption":"Saint Die Info"},"image":{"@id":"https:\/\/vosgesinfo.fr\/saintdieinfo\/#\/schema\/logo\/image\/"},"sameAs":["https:\/\/www.facebook.com\/Saintdieinfofr","https:\/\/x.com\/VosgesInfo88","https:\/\/www.youtube.com\/@vosgesinfo"]},{"@type":"Person","@id":"https:\/\/vosgesinfo.fr\/saintdieinfo\/#\/schema\/person\/fa73e9f726d67bb88f46d5b7943cb572","name":"J.J.","image":{"@type":"ImageObject","inLanguage":"fr-FR","@id":"https:\/\/vosgesinfo.fr\/saintdieinfo\/#\/schema\/person\/image\/","url":"https:\/\/secure.gravatar.com\/avatar\/219e749e47ffbcca018a360ae4add7d4cdf1cdaaf8bc7676b27efade3fe65615?s=96&d=mm&r=g","contentUrl":"https:\/\/secure.gravatar.com\/avatar\/219e749e47ffbcca018a360ae4add7d4cdf1cdaaf8bc7676b27efade3fe65615?s=96&d=mm&r=g","caption":"J.J."},"url":"https:\/\/vosgesinfo.fr\/saintdieinfo\/author\/j-j\/"}]}},"_links":{"self":[{"href":"https:\/\/vosgesinfo.fr\/saintdieinfo\/wp-json\/wp\/v2\/posts\/69810","targetHints":{"allow":["GET"]}}],"collection":[{"href":"https:\/\/vosgesinfo.fr\/saintdieinfo\/wp-json\/wp\/v2\/posts"}],"about":[{"href":"https:\/\/vosgesinfo.fr\/saintdieinfo\/wp-json\/wp\/v2\/types\/post"}],"author":[{"embeddable":true,"href":"https:\/\/vosgesinfo.fr\/saintdieinfo\/wp-json\/wp\/v2\/users\/46"}],"replies":[{"embeddable":true,"href":"https:\/\/vosgesinfo.fr\/saintdieinfo\/wp-json\/wp\/v2\/comments?post=69810"}],"version-history":[{"count":1,"href":"https:\/\/vosgesinfo.fr\/saintdieinfo\/wp-json\/wp\/v2\/posts\/69810\/revisions"}],"predecessor-version":[{"id":69811,"href":"https:\/\/vosgesinfo.fr\/saintdieinfo\/wp-json\/wp\/v2\/posts\/69810\/revisions\/69811"}],"wp:featuredmedia":[{"embeddable":true,"href":"https:\/\/vosgesinfo.fr\/saintdieinfo\/wp-json\/wp\/v2\/media\/43714"}],"wp:attachment":[{"href":"https:\/\/vosgesinfo.fr\/saintdieinfo\/wp-json\/wp\/v2\/media?parent=69810"}],"wp:term":[{"taxonomy":"category","embeddable":true,"href":"https:\/\/vosgesinfo.fr\/saintdieinfo\/wp-json\/wp\/v2\/categories?post=69810"},{"taxonomy":"post_tag","embeddable":true,"href":"https:\/\/vosgesinfo.fr\/saintdieinfo\/wp-json\/wp\/v2\/tags?post=69810"}],"curies":[{"name":"wp","href":"https:\/\/api.w.org\/{rel}","templated":true}]}}