{"id":70056,"date":"2024-11-05T19:40:22","date_gmt":"2024-11-05T18:40:22","guid":{"rendered":"https:\/\/vosgesinfo.fr\/saintdieinfo\/?p=70056"},"modified":"2024-11-05T19:31:29","modified_gmt":"2024-11-05T18:31:29","slug":"108e-bourse-aux-vetements-de-saint-die-des-vosges-ces-mercredi-et-jeudi","status":"publish","type":"post","link":"https:\/\/vosgesinfo.fr\/saintdieinfo\/2024\/11\/108e-bourse-aux-vetements-de-saint-die-des-vosges-ces-mercredi-et-jeudi\/","title":{"rendered":"108e bourse aux v\u00eatements de Saint-Di\u00e9-des-Vosges ces mercredi et jeudi"},"content":{"rendered":"<div id=\"attachment_70059\" style=\"width: 1034px\" class=\"wp-caption alignnone\"><a href=\"https:\/\/vosgesinfo.fr\/app\/uploads\/sites\/4\/2024\/11\/preparation-bourses-vetements-automne-2024-1-scaled.jpg\"><img decoding=\"async\" aria-describedby=\"caption-attachment-70059\" class=\"wp-image-70059 size-large\" src=\"https:\/\/vosgesinfo.fr\/app\/uploads\/sites\/4\/2024\/11\/preparation-bourses-vetements-automne-2024-1-1024x771.jpg\" alt=\"\" width=\"1024\" height=\"771\" srcset=\"https:\/\/vosgesinfo.fr\/app\/uploads\/sites\/4\/2024\/11\/preparation-bourses-vetements-automne-2024-1-1024x771.jpg 1024w, https:\/\/vosgesinfo.fr\/app\/uploads\/sites\/4\/2024\/11\/preparation-bourses-vetements-automne-2024-1-300x226.jpg 300w, https:\/\/vosgesinfo.fr\/app\/uploads\/sites\/4\/2024\/11\/preparation-bourses-vetements-automne-2024-1-768x578.jpg 768w, https:\/\/vosgesinfo.fr\/app\/uploads\/sites\/4\/2024\/11\/preparation-bourses-vetements-automne-2024-1-1536x1157.jpg 1536w, https:\/\/vosgesinfo.fr\/app\/uploads\/sites\/4\/2024\/11\/preparation-bourses-vetements-automne-2024-1-2048x1542.jpg 2048w\" sizes=\"(max-width: 1024px) 100vw, 1024px\" \/><\/a><p id=\"caption-attachment-70059\" class=\"wp-caption-text\">La 108e bourse aux v\u00eatements de Saint-Di\u00e9-des-Vosges s&rsquo;est pr\u00e9par\u00e9e dans la bonne humeur.<\/p><\/div>\n<h2>La bourse aux v\u00eatements de l&rsquo;Association Cantonale Familiale \u2013 AMF \u2013 de Saint-Di\u00e9-des-Vosges fera sa 108e \u00e9dition ces mercredi et jeudi \u00e0 l&rsquo;Espace Fran\u00e7ois-Mitterrand.<\/h2>\n<p><!--more--><\/p>\n<p>Sur place, de 9h \u00e0 19h en continu demain, puis de 9h \u00e0 18h jeudi, l\u00e0 aussi sans interruption, ce sont plusieurs milliers d&rsquo;articles qui seront propos\u00e9s \u00e0 des prix modestes, de 1\u20ac \u00e0 25\u20ac euros environ. Toutes sortes de v\u00eatements, adultes comme enfants, des chaussures et autres sacs&#8230; 5000 articles au total ont \u00e9t\u00e9 r\u00e9ceptionn\u00e9s, tri\u00e9s et inventori\u00e9s au pr\u00e9alable par les b\u00e9n\u00e9voles de l&rsquo;AMF, qui sont pas moins de 70 \u00e0 \u00eatre mobilis\u00e9s pour cette bourse aux v\u00eatements automnale. De quoi se rhabiller pour la saison froide \u00e0 faible co\u00fbt. Et par la m\u00eame occasion donner une seconde vie \u00e0 des articles qui, pour beaucoup, auraient fini remis\u00e9s ind\u00e9finiment dans une armoire.<\/p>\n<p>Pour rappel, pour vendre comme pour acheter, il est demand\u00e9 d&rsquo;adh\u00e9rer \u00e0 l&rsquo;AMF. L&rsquo;adh\u00e9sion annuelle \u00e9tant de seulement 5\u20ac, cela permet de vendre ou d&rsquo;acheter lors de 2 bourses aux v\u00eatements. La prochaine, et donc la 109e en date, se d\u00e9roulera par ailleurs du 24 au 28 mars 2025.<\/p>\n<p>J.J.<\/p>\n\n\t\t<style type=\"text\/css\">\n\t\t\t#gallery-1 {\n\t\t\t\tmargin: auto;\n\t\t\t}\n\t\t\t#gallery-1 .gallery-item {\n\t\t\t\tfloat: left;\n\t\t\t\tmargin-top: 10px;\n\t\t\t\ttext-align: center;\n\t\t\t\twidth: 33%;\n\t\t\t}\n\t\t\t#gallery-1 img {\n\t\t\t\tborder: 2px solid #cfcfcf;\n\t\t\t}\n\t\t\t#gallery-1 .gallery-caption {\n\t\t\t\tmargin-left: 0;\n\t\t\t}\n\t\t\t\/* see gallery_shortcode() in wp-includes\/media.php *\/\n\t\t<\/style>\n\t\t<div id='gallery-1' class='gallery galleryid-70056 gallery-columns-3 gallery-size-thumbnail'><dl class='gallery-item'>\n\t\t\t<dt class='gallery-icon landscape'>\n\t\t\t\t<a href='https:\/\/vosgesinfo.fr\/app\/uploads\/sites\/4\/2024\/11\/preparation-bourses-vetements-automne-2024-4-scaled.jpg'><img decoding=\"async\" width=\"150\" height=\"150\" src=\"https:\/\/vosgesinfo.fr\/app\/uploads\/sites\/4\/2024\/11\/preparation-bourses-vetements-automne-2024-4-150x150.jpg\" class=\"attachment-thumbnail size-thumbnail\" alt=\"\" \/><\/a>\n\t\t\t<\/dt><\/dl><dl class='gallery-item'>\n\t\t\t<dt class='gallery-icon landscape'>\n\t\t\t\t<a href='https:\/\/vosgesinfo.fr\/app\/uploads\/sites\/4\/2024\/11\/preparation-bourses-vetements-automne-2024-6-scaled.jpg'><img decoding=\"async\" width=\"150\" height=\"150\" src=\"https:\/\/vosgesinfo.fr\/app\/uploads\/sites\/4\/2024\/11\/preparation-bourses-vetements-automne-2024-6-150x150.jpg\" class=\"attachment-thumbnail size-thumbnail\" alt=\"\" \/><\/a>\n\t\t\t<\/dt><\/dl><dl class='gallery-item'>\n\t\t\t<dt class='gallery-icon landscape'>\n\t\t\t\t<a href='https:\/\/vosgesinfo.fr\/app\/uploads\/sites\/4\/2024\/11\/preparation-bourses-vetements-automne-2024-3-scaled.jpg'><img decoding=\"async\" width=\"150\" height=\"150\" src=\"https:\/\/vosgesinfo.fr\/app\/uploads\/sites\/4\/2024\/11\/preparation-bourses-vetements-automne-2024-3-150x150.jpg\" class=\"attachment-thumbnail size-thumbnail\" alt=\"\" \/><\/a>\n\t\t\t<\/dt><\/dl><br style=\"clear: both\" \/><dl class='gallery-item'>\n\t\t\t<dt class='gallery-icon landscape'>\n\t\t\t\t<a href='https:\/\/vosgesinfo.fr\/app\/uploads\/sites\/4\/2024\/11\/preparation-bourses-vetements-automne-2024-5-scaled.jpg'><img decoding=\"async\" width=\"150\" height=\"150\" src=\"https:\/\/vosgesinfo.fr\/app\/uploads\/sites\/4\/2024\/11\/preparation-bourses-vetements-automne-2024-5-150x150.jpg\" class=\"attachment-thumbnail size-thumbnail\" alt=\"\" \/><\/a>\n\t\t\t<\/dt><\/dl><dl class='gallery-item'>\n\t\t\t<dt class='gallery-icon landscape'>\n\t\t\t\t<a href='https:\/\/vosgesinfo.fr\/app\/uploads\/sites\/4\/2024\/11\/preparation-bourses-vetements-automne-2024-2-scaled.jpg'><img decoding=\"async\" width=\"150\" height=\"150\" src=\"https:\/\/vosgesinfo.fr\/app\/uploads\/sites\/4\/2024\/11\/preparation-bourses-vetements-automne-2024-2-150x150.jpg\" class=\"attachment-thumbnail size-thumbnail\" alt=\"\" \/><\/a>\n\t\t\t<\/dt><\/dl><dl class='gallery-item'>\n\t\t\t<dt class='gallery-icon landscape'>\n\t\t\t\t<a href='https:\/\/vosgesinfo.fr\/app\/uploads\/sites\/4\/2024\/11\/preparation-bourses-vetements-automne-2024-7-scaled.jpg'><img decoding=\"async\" width=\"150\" height=\"150\" src=\"https:\/\/vosgesinfo.fr\/app\/uploads\/sites\/4\/2024\/11\/preparation-bourses-vetements-automne-2024-7-150x150.jpg\" class=\"attachment-thumbnail size-thumbnail\" alt=\"\" \/><\/a>\n\t\t\t<\/dt><\/dl><br style=\"clear: both\" \/><dl class='gallery-item'>\n\t\t\t<dt class='gallery-icon landscape'>\n\t\t\t\t<a href='https:\/\/vosgesinfo.fr\/app\/uploads\/sites\/4\/2024\/11\/preparation-bourses-vetements-automne-2024-8-scaled.jpg'><img decoding=\"async\" width=\"150\" height=\"150\" src=\"https:\/\/vosgesinfo.fr\/app\/uploads\/sites\/4\/2024\/11\/preparation-bourses-vetements-automne-2024-8-150x150.jpg\" class=\"attachment-thumbnail size-thumbnail\" alt=\"\" \/><\/a>\n\t\t\t<\/dt><\/dl><dl class='gallery-item'>\n\t\t\t<dt class='gallery-icon portrait'>\n\t\t\t\t<a href='https:\/\/vosgesinfo.fr\/app\/uploads\/sites\/4\/2024\/11\/preparation-bourses-vetements-automne-2024-9-scaled.jpg'><img decoding=\"async\" width=\"150\" height=\"150\" src=\"https:\/\/vosgesinfo.fr\/app\/uploads\/sites\/4\/2024\/11\/preparation-bourses-vetements-automne-2024-9-150x150.jpg\" class=\"attachment-thumbnail size-thumbnail\" alt=\"\" \/><\/a>\n\t\t\t<\/dt><\/dl><dl class='gallery-item'>\n\t\t\t<dt class='gallery-icon portrait'>\n\t\t\t\t<a href='https:\/\/vosgesinfo.fr\/app\/uploads\/sites\/4\/2024\/11\/preparation-bourses-vetements-automne-2024-10-scaled.jpg'><img decoding=\"async\" width=\"150\" height=\"150\" src=\"https:\/\/vosgesinfo.fr\/app\/uploads\/sites\/4\/2024\/11\/preparation-bourses-vetements-automne-2024-10-150x150.jpg\" class=\"attachment-thumbnail size-thumbnail\" alt=\"\" \/><\/a>\n\t\t\t<\/dt><\/dl><br style=\"clear: both\" \/><dl class='gallery-item'>\n\t\t\t<dt class='gallery-icon landscape'>\n\t\t\t\t<a href='https:\/\/vosgesinfo.fr\/app\/uploads\/sites\/4\/2024\/11\/preparation-bourses-vetements-automne-2024-11-scaled.jpg'><img decoding=\"async\" width=\"150\" height=\"150\" src=\"https:\/\/vosgesinfo.fr\/app\/uploads\/sites\/4\/2024\/11\/preparation-bourses-vetements-automne-2024-11-150x150.jpg\" class=\"attachment-thumbnail size-thumbnail\" alt=\"\" \/><\/a>\n\t\t\t<\/dt><\/dl>\n\t\t\t<br style='clear: both' \/>\n\t\t<\/div>\n\n","protected":false},"excerpt":{"rendered":"<p>La bourse aux v\u00eatements de l&rsquo;Association Cantonale Familiale \u2013 AMF \u2013 de Saint-Di\u00e9-des-Vosges fera sa 108e \u00e9dition ces mercredi et [&hellip;]<\/p>\n","protected":false},"author":46,"featured_media":70059,"comment_status":"open","ping_status":"open","sticky":false,"template":"","format":"standard","meta":{"footnotes":""},"categories":[460,167,17],"tags":[15184,5591,4629,3089],"class_list":["post-70056","post","type-post","status-publish","format-standard","has-post-thumbnail","hentry","category-a-la-une","category-saint-die-des-vosges","category-vie-associative","tag-108e-bourse-aux-vetements-de-saint-die-des-vosges","tag-association-cantonale-familiale-de-saint-die-des-vosges","tag-bourse-aux-vetements-de-lassociation-familiale-de-saint-die-des-vosges","tag-espace-francois-mitterrand"],"acf":[],"yoast_head":"<!-- This site is optimized with the Yoast SEO plugin v22.5 - https:\/\/yoast.com\/wordpress\/plugins\/seo\/ -->\n<title>108e bourse aux v\u00eatements de Saint-Di\u00e9-des-Vosges ces mercredi et jeudi - Saint Die Info<\/title>\n<meta name=\"robots\" content=\"index, follow, max-snippet:-1, max-image-preview:large, max-video-preview:-1\" \/>\n<link rel=\"canonical\" href=\"https:\/\/vosgesinfo.fr\/saintdieinfo\/?p=70056\" \/>\n<meta name=\"twitter:card\" content=\"summary_large_image\" \/>\n<meta name=\"twitter:title\" content=\"108e bourse aux v\u00eatements de Saint-Di\u00e9-des-Vosges ces mercredi et jeudi - Saint Die Info\" \/>\n<meta name=\"twitter:description\" content=\"La bourse aux v\u00eatements de l&rsquo;Association Cantonale Familiale \u2013 AMF \u2013 de Saint-Di\u00e9-des-Vosges fera sa 108e \u00e9dition ces mercredi et [&hellip;]\" \/>\n<meta name=\"twitter:image\" content=\"https:\/\/vosgesinfo.fr\/app\/uploads\/sites\/4\/2024\/11\/preparation-bourses-vetements-automne-2024-1-scaled.jpg\" \/>\n<meta name=\"twitter:creator\" content=\"@VosgesInfo88\" \/>\n<meta name=\"twitter:site\" content=\"@VosgesInfo88\" \/>\n<meta name=\"twitter:label1\" content=\"\u00c9crit par\" \/>\n\t<meta name=\"twitter:data1\" content=\"J.J.\" \/>\n\t<meta name=\"twitter:label2\" content=\"Dur\u00e9e de lecture estim\u00e9e\" \/>\n\t<meta name=\"twitter:data2\" content=\"2 minutes\" \/>\n<script type=\"application\/ld+json\" class=\"yoast-schema-graph\">{\"@context\":\"https:\/\/schema.org\",\"@graph\":[{\"@type\":\"Article\",\"@id\":\"https:\/\/vosgesinfo.fr\/saintdieinfo\/?p=70056#article\",\"isPartOf\":{\"@id\":\"https:\/\/vosgesinfo.fr\/saintdieinfo\/?p=70056\"},\"author\":{\"name\":\"J.J.\",\"@id\":\"https:\/\/vosgesinfo.fr\/saintdieinfo\/#\/schema\/person\/fa73e9f726d67bb88f46d5b7943cb572\"},\"headline\":\"108e bourse aux v\u00eatements de Saint-Di\u00e9-des-Vosges ces mercredi et jeudi\",\"datePublished\":\"2024-11-05T18:40:22+00:00\",\"dateModified\":\"2024-11-05T18:31:29+00:00\",\"mainEntityOfPage\":{\"@id\":\"https:\/\/vosgesinfo.fr\/saintdieinfo\/?p=70056\"},\"wordCount\":240,\"commentCount\":0,\"publisher\":{\"@id\":\"https:\/\/vosgesinfo.fr\/saintdieinfo\/#organization\"},\"image\":{\"@id\":\"https:\/\/vosgesinfo.fr\/saintdieinfo\/?p=70056#primaryimage\"},\"thumbnailUrl\":\"https:\/\/vosgesinfo.fr\/app\/uploads\/sites\/4\/2024\/11\/preparation-bourses-vetements-automne-2024-1-scaled.jpg\",\"keywords\":[\"108e bourse aux v\u00eatements de Saint-Di\u00e9-des-Vosges\",\"Association Cantonale Familiale de Saint-Di\u00e9-des-Vosges\",\"Bourse aux v\u00eatements de l'Association Familiale de Saint-Di\u00e9-des-Vosges\",\"Espace Fran\u00e7ois-Mitterrand\"],\"articleSection\":[\"A la Une\",\"Saint-Di\u00e9-des-Vosges\",\"Vie Associative\"],\"inLanguage\":\"fr-FR\",\"potentialAction\":[{\"@type\":\"CommentAction\",\"name\":\"Comment\",\"target\":[\"https:\/\/vosgesinfo.fr\/saintdieinfo\/?p=70056#respond\"]}]},{\"@type\":\"WebPage\",\"@id\":\"https:\/\/vosgesinfo.fr\/saintdieinfo\/?p=70056\",\"url\":\"https:\/\/vosgesinfo.fr\/saintdieinfo\/?p=70056\",\"name\":\"108e bourse aux v\u00eatements de Saint-Di\u00e9-des-Vosges ces mercredi et jeudi - Saint Die Info\",\"isPartOf\":{\"@id\":\"https:\/\/vosgesinfo.fr\/saintdieinfo\/#website\"},\"primaryImageOfPage\":{\"@id\":\"https:\/\/vosgesinfo.fr\/saintdieinfo\/?p=70056#primaryimage\"},\"image\":{\"@id\":\"https:\/\/vosgesinfo.fr\/saintdieinfo\/?p=70056#primaryimage\"},\"thumbnailUrl\":\"https:\/\/vosgesinfo.fr\/app\/uploads\/sites\/4\/2024\/11\/preparation-bourses-vetements-automne-2024-1-scaled.jpg\",\"datePublished\":\"2024-11-05T18:40:22+00:00\",\"dateModified\":\"2024-11-05T18:31:29+00:00\",\"breadcrumb\":{\"@id\":\"https:\/\/vosgesinfo.fr\/saintdieinfo\/?p=70056#breadcrumb\"},\"inLanguage\":\"fr-FR\",\"potentialAction\":[{\"@type\":\"ReadAction\",\"target\":[\"https:\/\/vosgesinfo.fr\/saintdieinfo\/?p=70056\"]}]},{\"@type\":\"ImageObject\",\"inLanguage\":\"fr-FR\",\"@id\":\"https:\/\/vosgesinfo.fr\/saintdieinfo\/?p=70056#primaryimage\",\"url\":\"https:\/\/vosgesinfo.fr\/app\/uploads\/sites\/4\/2024\/11\/preparation-bourses-vetements-automne-2024-1-scaled.jpg\",\"contentUrl\":\"https:\/\/vosgesinfo.fr\/app\/uploads\/sites\/4\/2024\/11\/preparation-bourses-vetements-automne-2024-1-scaled.jpg\",\"width\":2560,\"height\":1928},{\"@type\":\"BreadcrumbList\",\"@id\":\"https:\/\/vosgesinfo.fr\/saintdieinfo\/?p=70056#breadcrumb\",\"itemListElement\":[{\"@type\":\"ListItem\",\"position\":1,\"name\":\"Home\",\"item\":\"https:\/\/vosgesinfo.fr\/saintdieinfo\/\"},{\"@type\":\"ListItem\",\"position\":2,\"name\":\"108e bourse aux v\u00eatements de Saint-Di\u00e9-des-Vosges ces mercredi et jeudi\"}]},{\"@type\":\"WebSite\",\"@id\":\"https:\/\/vosgesinfo.fr\/saintdieinfo\/#website\",\"url\":\"https:\/\/vosgesinfo.fr\/saintdieinfo\/\",\"name\":\"Saint Die Info\",\"description\":\"Toute l&#039;actualit\u00e9 de Saint-Di\u00e9-Des-Vosges\",\"publisher\":{\"@id\":\"https:\/\/vosgesinfo.fr\/saintdieinfo\/#organization\"},\"alternateName\":\"Toute l'actualit\u00e9 de Saint-Di\u00e9-Des-Vosges\",\"potentialAction\":[{\"@type\":\"SearchAction\",\"target\":{\"@type\":\"EntryPoint\",\"urlTemplate\":\"https:\/\/vosgesinfo.fr\/saintdieinfo\/?s={search_term_string}\"},\"query-input\":\"required name=search_term_string\"}],\"inLanguage\":\"fr-FR\"},{\"@type\":\"Organization\",\"@id\":\"https:\/\/vosgesinfo.fr\/saintdieinfo\/#organization\",\"name\":\"Saint Die Info\",\"url\":\"https:\/\/vosgesinfo.fr\/saintdieinfo\/\",\"logo\":{\"@type\":\"ImageObject\",\"inLanguage\":\"fr-FR\",\"@id\":\"https:\/\/vosgesinfo.fr\/saintdieinfo\/#\/schema\/logo\/image\/\",\"url\":\"https:\/\/vosgesinfo.fr\/app\/uploads\/sites\/4\/2024\/02\/logo-sdi.jpg\",\"contentUrl\":\"https:\/\/vosgesinfo.fr\/app\/uploads\/sites\/4\/2024\/02\/logo-sdi.jpg\",\"width\":600,\"height\":600,\"caption\":\"Saint Die Info\"},\"image\":{\"@id\":\"https:\/\/vosgesinfo.fr\/saintdieinfo\/#\/schema\/logo\/image\/\"},\"sameAs\":[\"https:\/\/www.facebook.com\/Saintdieinfofr\",\"https:\/\/x.com\/VosgesInfo88\",\"https:\/\/www.youtube.com\/@vosgesinfo\"]},{\"@type\":\"Person\",\"@id\":\"https:\/\/vosgesinfo.fr\/saintdieinfo\/#\/schema\/person\/fa73e9f726d67bb88f46d5b7943cb572\",\"name\":\"J.J.\",\"image\":{\"@type\":\"ImageObject\",\"inLanguage\":\"fr-FR\",\"@id\":\"https:\/\/vosgesinfo.fr\/saintdieinfo\/#\/schema\/person\/image\/\",\"url\":\"https:\/\/secure.gravatar.com\/avatar\/219e749e47ffbcca018a360ae4add7d4cdf1cdaaf8bc7676b27efade3fe65615?s=96&d=mm&r=g\",\"contentUrl\":\"https:\/\/secure.gravatar.com\/avatar\/219e749e47ffbcca018a360ae4add7d4cdf1cdaaf8bc7676b27efade3fe65615?s=96&d=mm&r=g\",\"caption\":\"J.J.\"},\"url\":\"https:\/\/vosgesinfo.fr\/saintdieinfo\/author\/j-j\/\"}]}<\/script>\n<!-- \/ Yoast SEO plugin. -->","yoast_head_json":{"title":"108e bourse aux v\u00eatements de Saint-Di\u00e9-des-Vosges ces mercredi et jeudi - Saint Die Info","robots":{"index":"index","follow":"follow","max-snippet":"max-snippet:-1","max-image-preview":"max-image-preview:large","max-video-preview":"max-video-preview:-1"},"canonical":"https:\/\/vosgesinfo.fr\/saintdieinfo\/?p=70056","twitter_card":"summary_large_image","twitter_title":"108e bourse aux v\u00eatements de Saint-Di\u00e9-des-Vosges ces mercredi et jeudi - Saint Die Info","twitter_description":"La bourse aux v\u00eatements de l&rsquo;Association Cantonale Familiale \u2013 AMF \u2013 de Saint-Di\u00e9-des-Vosges fera sa 108e \u00e9dition ces mercredi et [&hellip;]","twitter_image":"https:\/\/vosgesinfo.fr\/app\/uploads\/sites\/4\/2024\/11\/preparation-bourses-vetements-automne-2024-1-scaled.jpg","twitter_creator":"@VosgesInfo88","twitter_site":"@VosgesInfo88","twitter_misc":{"\u00c9crit par":"J.J.","Dur\u00e9e de lecture estim\u00e9e":"2 minutes"},"schema":{"@context":"https:\/\/schema.org","@graph":[{"@type":"Article","@id":"https:\/\/vosgesinfo.fr\/saintdieinfo\/?p=70056#article","isPartOf":{"@id":"https:\/\/vosgesinfo.fr\/saintdieinfo\/?p=70056"},"author":{"name":"J.J.","@id":"https:\/\/vosgesinfo.fr\/saintdieinfo\/#\/schema\/person\/fa73e9f726d67bb88f46d5b7943cb572"},"headline":"108e bourse aux v\u00eatements de Saint-Di\u00e9-des-Vosges ces mercredi et jeudi","datePublished":"2024-11-05T18:40:22+00:00","dateModified":"2024-11-05T18:31:29+00:00","mainEntityOfPage":{"@id":"https:\/\/vosgesinfo.fr\/saintdieinfo\/?p=70056"},"wordCount":240,"commentCount":0,"publisher":{"@id":"https:\/\/vosgesinfo.fr\/saintdieinfo\/#organization"},"image":{"@id":"https:\/\/vosgesinfo.fr\/saintdieinfo\/?p=70056#primaryimage"},"thumbnailUrl":"https:\/\/vosgesinfo.fr\/app\/uploads\/sites\/4\/2024\/11\/preparation-bourses-vetements-automne-2024-1-scaled.jpg","keywords":["108e bourse aux v\u00eatements de Saint-Di\u00e9-des-Vosges","Association Cantonale Familiale de Saint-Di\u00e9-des-Vosges","Bourse aux v\u00eatements de l'Association Familiale de Saint-Di\u00e9-des-Vosges","Espace Fran\u00e7ois-Mitterrand"],"articleSection":["A la Une","Saint-Di\u00e9-des-Vosges","Vie Associative"],"inLanguage":"fr-FR","potentialAction":[{"@type":"CommentAction","name":"Comment","target":["https:\/\/vosgesinfo.fr\/saintdieinfo\/?p=70056#respond"]}]},{"@type":"WebPage","@id":"https:\/\/vosgesinfo.fr\/saintdieinfo\/?p=70056","url":"https:\/\/vosgesinfo.fr\/saintdieinfo\/?p=70056","name":"108e bourse aux v\u00eatements de Saint-Di\u00e9-des-Vosges ces mercredi et jeudi - Saint Die Info","isPartOf":{"@id":"https:\/\/vosgesinfo.fr\/saintdieinfo\/#website"},"primaryImageOfPage":{"@id":"https:\/\/vosgesinfo.fr\/saintdieinfo\/?p=70056#primaryimage"},"image":{"@id":"https:\/\/vosgesinfo.fr\/saintdieinfo\/?p=70056#primaryimage"},"thumbnailUrl":"https:\/\/vosgesinfo.fr\/app\/uploads\/sites\/4\/2024\/11\/preparation-bourses-vetements-automne-2024-1-scaled.jpg","datePublished":"2024-11-05T18:40:22+00:00","dateModified":"2024-11-05T18:31:29+00:00","breadcrumb":{"@id":"https:\/\/vosgesinfo.fr\/saintdieinfo\/?p=70056#breadcrumb"},"inLanguage":"fr-FR","potentialAction":[{"@type":"ReadAction","target":["https:\/\/vosgesinfo.fr\/saintdieinfo\/?p=70056"]}]},{"@type":"ImageObject","inLanguage":"fr-FR","@id":"https:\/\/vosgesinfo.fr\/saintdieinfo\/?p=70056#primaryimage","url":"https:\/\/vosgesinfo.fr\/app\/uploads\/sites\/4\/2024\/11\/preparation-bourses-vetements-automne-2024-1-scaled.jpg","contentUrl":"https:\/\/vosgesinfo.fr\/app\/uploads\/sites\/4\/2024\/11\/preparation-bourses-vetements-automne-2024-1-scaled.jpg","width":2560,"height":1928},{"@type":"BreadcrumbList","@id":"https:\/\/vosgesinfo.fr\/saintdieinfo\/?p=70056#breadcrumb","itemListElement":[{"@type":"ListItem","position":1,"name":"Home","item":"https:\/\/vosgesinfo.fr\/saintdieinfo\/"},{"@type":"ListItem","position":2,"name":"108e bourse aux v\u00eatements de Saint-Di\u00e9-des-Vosges ces mercredi et jeudi"}]},{"@type":"WebSite","@id":"https:\/\/vosgesinfo.fr\/saintdieinfo\/#website","url":"https:\/\/vosgesinfo.fr\/saintdieinfo\/","name":"Saint Die Info","description":"Toute l&#039;actualit\u00e9 de Saint-Di\u00e9-Des-Vosges","publisher":{"@id":"https:\/\/vosgesinfo.fr\/saintdieinfo\/#organization"},"alternateName":"Toute l'actualit\u00e9 de Saint-Di\u00e9-Des-Vosges","potentialAction":[{"@type":"SearchAction","target":{"@type":"EntryPoint","urlTemplate":"https:\/\/vosgesinfo.fr\/saintdieinfo\/?s={search_term_string}"},"query-input":"required name=search_term_string"}],"inLanguage":"fr-FR"},{"@type":"Organization","@id":"https:\/\/vosgesinfo.fr\/saintdieinfo\/#organization","name":"Saint Die Info","url":"https:\/\/vosgesinfo.fr\/saintdieinfo\/","logo":{"@type":"ImageObject","inLanguage":"fr-FR","@id":"https:\/\/vosgesinfo.fr\/saintdieinfo\/#\/schema\/logo\/image\/","url":"https:\/\/vosgesinfo.fr\/app\/uploads\/sites\/4\/2024\/02\/logo-sdi.jpg","contentUrl":"https:\/\/vosgesinfo.fr\/app\/uploads\/sites\/4\/2024\/02\/logo-sdi.jpg","width":600,"height":600,"caption":"Saint Die Info"},"image":{"@id":"https:\/\/vosgesinfo.fr\/saintdieinfo\/#\/schema\/logo\/image\/"},"sameAs":["https:\/\/www.facebook.com\/Saintdieinfofr","https:\/\/x.com\/VosgesInfo88","https:\/\/www.youtube.com\/@vosgesinfo"]},{"@type":"Person","@id":"https:\/\/vosgesinfo.fr\/saintdieinfo\/#\/schema\/person\/fa73e9f726d67bb88f46d5b7943cb572","name":"J.J.","image":{"@type":"ImageObject","inLanguage":"fr-FR","@id":"https:\/\/vosgesinfo.fr\/saintdieinfo\/#\/schema\/person\/image\/","url":"https:\/\/secure.gravatar.com\/avatar\/219e749e47ffbcca018a360ae4add7d4cdf1cdaaf8bc7676b27efade3fe65615?s=96&d=mm&r=g","contentUrl":"https:\/\/secure.gravatar.com\/avatar\/219e749e47ffbcca018a360ae4add7d4cdf1cdaaf8bc7676b27efade3fe65615?s=96&d=mm&r=g","caption":"J.J."},"url":"https:\/\/vosgesinfo.fr\/saintdieinfo\/author\/j-j\/"}]}},"_links":{"self":[{"href":"https:\/\/vosgesinfo.fr\/saintdieinfo\/wp-json\/wp\/v2\/posts\/70056","targetHints":{"allow":["GET"]}}],"collection":[{"href":"https:\/\/vosgesinfo.fr\/saintdieinfo\/wp-json\/wp\/v2\/posts"}],"about":[{"href":"https:\/\/vosgesinfo.fr\/saintdieinfo\/wp-json\/wp\/v2\/types\/post"}],"author":[{"embeddable":true,"href":"https:\/\/vosgesinfo.fr\/saintdieinfo\/wp-json\/wp\/v2\/users\/46"}],"replies":[{"embeddable":true,"href":"https:\/\/vosgesinfo.fr\/saintdieinfo\/wp-json\/wp\/v2\/comments?post=70056"}],"version-history":[{"count":2,"href":"https:\/\/vosgesinfo.fr\/saintdieinfo\/wp-json\/wp\/v2\/posts\/70056\/revisions"}],"predecessor-version":[{"id":70071,"href":"https:\/\/vosgesinfo.fr\/saintdieinfo\/wp-json\/wp\/v2\/posts\/70056\/revisions\/70071"}],"wp:featuredmedia":[{"embeddable":true,"href":"https:\/\/vosgesinfo.fr\/saintdieinfo\/wp-json\/wp\/v2\/media\/70059"}],"wp:attachment":[{"href":"https:\/\/vosgesinfo.fr\/saintdieinfo\/wp-json\/wp\/v2\/media?parent=70056"}],"wp:term":[{"taxonomy":"category","embeddable":true,"href":"https:\/\/vosgesinfo.fr\/saintdieinfo\/wp-json\/wp\/v2\/categories?post=70056"},{"taxonomy":"post_tag","embeddable":true,"href":"https:\/\/vosgesinfo.fr\/saintdieinfo\/wp-json\/wp\/v2\/tags?post=70056"}],"curies":[{"name":"wp","href":"https:\/\/api.w.org\/{rel}","templated":true}]}}