{"id":70094,"date":"2024-11-06T15:18:38","date_gmt":"2024-11-06T14:18:38","guid":{"rendered":"https:\/\/vosgesinfo.fr\/saintdieinfo\/2024\/11\/le-departement-organise-le-colloque-des-solutions-ecologiques\/"},"modified":"2024-11-06T15:18:38","modified_gmt":"2024-11-06T14:18:38","slug":"le-departement-organise-le-colloque-des-solutions-ecologiques","status":"publish","type":"post","link":"https:\/\/vosgesinfo.fr\/saintdieinfo\/2024\/11\/le-departement-organise-le-colloque-des-solutions-ecologiques\/","title":{"rendered":"Le D\u00e9partement organise le Colloque des Solutions \u00c9cologiques"},"content":{"rendered":"<h2><a href=\"https:\/\/vosgesinfo.fr\/app\/uploads\/sites\/3\/2024\/11\/p1090355-scaled.jpg\"><img decoding=\"async\" class=\"aligncenter size-full wp-image-123789\" src=\"https:\/\/vosgesinfo.fr\/app\/uploads\/sites\/3\/2024\/11\/p1090355-scaled.jpg\" alt=\"\" width=\"2560\" height=\"1920\" \/><\/a><a href=\"https:\/\/vosgesinfo.fr\/app\/uploads\/sites\/3\/2024\/11\/p1090355-scaled.jpg\"><img decoding=\"async\" class=\"aligncenter size-full wp-image-123789\" src=\"https:\/\/vosgesinfo.fr\/app\/uploads\/sites\/3\/2024\/11\/p1090355-scaled.jpg\" alt=\"\" width=\"2560\" height=\"1920\" \/><\/a>Pour accompagner les changements, le D\u00e9partement des Vosges propose un colloque professionnel destin\u00e9 aux collectivit\u00e9s, entreprises, associations\u2026 Il aura lieu le <strong>le 13 novembre 2024<\/strong> au centre des congr\u00e8s d&rsquo;Epinal.<\/h2>\n<p>Le Conseil d\u00e9partemental des Vosges organise son deuxi\u00e8me colloque des solutions \u00e9cologiques. Il aura lieu le 13 novembre, au centre des congr\u00e8s d&rsquo;\u00c9pinal. le colloque des solutions \u00e9cologiques est destin\u00e9 aux professionnels (collectivit\u00e9s locales, associations, entreprises\u2026) des Vosges et d&rsquo;autres d\u00e9partements.<\/p>\n<p>Le colloque est anim\u00e9 par Jean Charles CATTEAU, sp\u00e9cialiste des enjeux environnementaux et facilitateur de l\u2019intelligence collective.<\/p>\n<p>La journ\u00e9e sera rythm\u00e9e par 4 tables rondes sur diff\u00e9rents th\u00e8mes : la biodiversit\u00e9, la gestion foresti\u00e8re, la gestion des d\u00e9chets, la gestion de l&rsquo;eau et la sobri\u00e9t\u00e9.<\/p>\n<p>Cette ann\u00e9e, le colloque a pour objectif d&rsquo;accompagner au changement de comportement, avec la participation de Delphine LABBOUZ (Consultante et docteure en psychologie sociale et environnementale), ainsi que de Jean VOGEL, ancien maire de Saales et \u00e9lu engag\u00e9 sur les th\u00e9matiques de la transition \u00e9cologique.<\/p>\n<p>L&rsquo;ann\u00e9e derni\u00e8re, le colloque a rassembl\u00e9 pr\u00e8s de 150 personnes avec une cinquantaine de maires.<\/p>\n\n","protected":false},"excerpt":{"rendered":"<p>Pour accompagner les changements, le D\u00e9partement des Vosges propose un colloque professionnel destin\u00e9 aux collectivit\u00e9s, entreprises, associations\u2026 Il aura lieu [&hellip;]<\/p>\n","protected":false},"author":52,"featured_media":70095,"comment_status":"open","ping_status":"open","sticky":false,"template":"","format":"standard","meta":{"footnotes":""},"categories":[460,5,5392,5391,5389,4099,4100,18],"tags":[3334],"class_list":["post-70094","post","type-post","status-publish","format-standard","has-post-thumbnail","hentry","category-a-la-une","category-economie","category-epinal","category-gerardmer","category-la-plaine-des-vosges","category-remiremont","category-saint-die","category-vosges","tag-rencontres-des-solutions-ecologiques"],"acf":[],"yoast_head":"<!-- This site is optimized with the Yoast SEO plugin v22.5 - https:\/\/yoast.com\/wordpress\/plugins\/seo\/ -->\n<title>Le D\u00e9partement organise le Colloque des Solutions \u00c9cologiques - Saint Die Info<\/title>\n<meta name=\"robots\" content=\"index, follow, max-snippet:-1, max-image-preview:large, max-video-preview:-1\" \/>\n<link rel=\"canonical\" href=\"https:\/\/vosgesinfo.fr\/saintdieinfo\/2024\/11\/le-departement-organise-le-colloque-des-solutions-ecologiques\/\" \/>\n<meta name=\"twitter:card\" content=\"summary_large_image\" \/>\n<meta name=\"twitter:title\" content=\"Le D\u00e9partement organise le Colloque des Solutions \u00c9cologiques - Saint Die Info\" \/>\n<meta name=\"twitter:description\" content=\"Pour accompagner les changements, le D\u00e9partement des Vosges propose un colloque professionnel destin\u00e9 aux collectivit\u00e9s, entreprises, associations\u2026 Il aura lieu [&hellip;]\" \/>\n<meta name=\"twitter:image\" content=\"https:\/\/vosgesinfo.fr\/app\/uploads\/sites\/4\/2024\/11\/p1090355-scaled-1.jpg\" \/>\n<meta name=\"twitter:creator\" content=\"@VosgesInfo88\" \/>\n<meta name=\"twitter:site\" content=\"@VosgesInfo88\" \/>\n<meta name=\"twitter:label1\" content=\"\u00c9crit par\" \/>\n\t<meta name=\"twitter:data1\" content=\"C.K.\" \/>\n\t<meta name=\"twitter:label2\" content=\"Dur\u00e9e de lecture estim\u00e9e\" \/>\n\t<meta name=\"twitter:data2\" content=\"1 minute\" \/>\n<script type=\"application\/ld+json\" class=\"yoast-schema-graph\">{\"@context\":\"https:\/\/schema.org\",\"@graph\":[{\"@type\":\"Article\",\"@id\":\"https:\/\/vosgesinfo.fr\/saintdieinfo\/2024\/11\/le-departement-organise-le-colloque-des-solutions-ecologiques\/#article\",\"isPartOf\":{\"@id\":\"https:\/\/vosgesinfo.fr\/saintdieinfo\/2024\/11\/le-departement-organise-le-colloque-des-solutions-ecologiques\/\"},\"author\":{\"name\":\"C.K.\",\"@id\":\"https:\/\/vosgesinfo.fr\/saintdieinfo\/#\/schema\/person\/6f9a650eeea99d969b6c4ab78fccbe81\"},\"headline\":\"Le D\u00e9partement organise le Colloque des Solutions \u00c9cologiques\",\"datePublished\":\"2024-11-06T14:18:38+00:00\",\"dateModified\":\"2024-11-06T14:18:38+00:00\",\"mainEntityOfPage\":{\"@id\":\"https:\/\/vosgesinfo.fr\/saintdieinfo\/2024\/11\/le-departement-organise-le-colloque-des-solutions-ecologiques\/\"},\"wordCount\":213,\"commentCount\":0,\"publisher\":{\"@id\":\"https:\/\/vosgesinfo.fr\/saintdieinfo\/#organization\"},\"image\":{\"@id\":\"https:\/\/vosgesinfo.fr\/saintdieinfo\/2024\/11\/le-departement-organise-le-colloque-des-solutions-ecologiques\/#primaryimage\"},\"thumbnailUrl\":\"https:\/\/vosgesinfo.fr\/app\/uploads\/sites\/4\/2024\/11\/p1090355-scaled-1.jpg\",\"keywords\":[\"Rencontres des Solutions \u00c9cologiques\"],\"articleSection\":[\"A la Une\",\"\u00c9conomie\",\"Epinal\",\"Gerardmer\",\"La plaine des vosges\",\"Remiremont\",\"Saint-di\u00e9\",\"Vosges\"],\"inLanguage\":\"fr-FR\",\"potentialAction\":[{\"@type\":\"CommentAction\",\"name\":\"Comment\",\"target\":[\"https:\/\/vosgesinfo.fr\/saintdieinfo\/2024\/11\/le-departement-organise-le-colloque-des-solutions-ecologiques\/#respond\"]}]},{\"@type\":\"WebPage\",\"@id\":\"https:\/\/vosgesinfo.fr\/saintdieinfo\/2024\/11\/le-departement-organise-le-colloque-des-solutions-ecologiques\/\",\"url\":\"https:\/\/vosgesinfo.fr\/saintdieinfo\/2024\/11\/le-departement-organise-le-colloque-des-solutions-ecologiques\/\",\"name\":\"Le D\u00e9partement organise le Colloque des Solutions \u00c9cologiques - Saint Die Info\",\"isPartOf\":{\"@id\":\"https:\/\/vosgesinfo.fr\/saintdieinfo\/#website\"},\"primaryImageOfPage\":{\"@id\":\"https:\/\/vosgesinfo.fr\/saintdieinfo\/2024\/11\/le-departement-organise-le-colloque-des-solutions-ecologiques\/#primaryimage\"},\"image\":{\"@id\":\"https:\/\/vosgesinfo.fr\/saintdieinfo\/2024\/11\/le-departement-organise-le-colloque-des-solutions-ecologiques\/#primaryimage\"},\"thumbnailUrl\":\"https:\/\/vosgesinfo.fr\/app\/uploads\/sites\/4\/2024\/11\/p1090355-scaled-1.jpg\",\"datePublished\":\"2024-11-06T14:18:38+00:00\",\"dateModified\":\"2024-11-06T14:18:38+00:00\",\"breadcrumb\":{\"@id\":\"https:\/\/vosgesinfo.fr\/saintdieinfo\/2024\/11\/le-departement-organise-le-colloque-des-solutions-ecologiques\/#breadcrumb\"},\"inLanguage\":\"fr-FR\",\"potentialAction\":[{\"@type\":\"ReadAction\",\"target\":[\"https:\/\/vosgesinfo.fr\/saintdieinfo\/2024\/11\/le-departement-organise-le-colloque-des-solutions-ecologiques\/\"]}]},{\"@type\":\"ImageObject\",\"inLanguage\":\"fr-FR\",\"@id\":\"https:\/\/vosgesinfo.fr\/saintdieinfo\/2024\/11\/le-departement-organise-le-colloque-des-solutions-ecologiques\/#primaryimage\",\"url\":\"https:\/\/vosgesinfo.fr\/app\/uploads\/sites\/4\/2024\/11\/p1090355-scaled-1.jpg\",\"contentUrl\":\"https:\/\/vosgesinfo.fr\/app\/uploads\/sites\/4\/2024\/11\/p1090355-scaled-1.jpg\",\"width\":2560,\"height\":1920},{\"@type\":\"BreadcrumbList\",\"@id\":\"https:\/\/vosgesinfo.fr\/saintdieinfo\/2024\/11\/le-departement-organise-le-colloque-des-solutions-ecologiques\/#breadcrumb\",\"itemListElement\":[{\"@type\":\"ListItem\",\"position\":1,\"name\":\"Home\",\"item\":\"https:\/\/vosgesinfo.fr\/saintdieinfo\/\"},{\"@type\":\"ListItem\",\"position\":2,\"name\":\"Le D\u00e9partement organise le Colloque des Solutions \u00c9cologiques\"}]},{\"@type\":\"WebSite\",\"@id\":\"https:\/\/vosgesinfo.fr\/saintdieinfo\/#website\",\"url\":\"https:\/\/vosgesinfo.fr\/saintdieinfo\/\",\"name\":\"Saint Die Info\",\"description\":\"Toute l&#039;actualit\u00e9 de Saint-Di\u00e9-Des-Vosges\",\"publisher\":{\"@id\":\"https:\/\/vosgesinfo.fr\/saintdieinfo\/#organization\"},\"alternateName\":\"Toute l'actualit\u00e9 de Saint-Di\u00e9-Des-Vosges\",\"potentialAction\":[{\"@type\":\"SearchAction\",\"target\":{\"@type\":\"EntryPoint\",\"urlTemplate\":\"https:\/\/vosgesinfo.fr\/saintdieinfo\/?s={search_term_string}\"},\"query-input\":\"required name=search_term_string\"}],\"inLanguage\":\"fr-FR\"},{\"@type\":\"Organization\",\"@id\":\"https:\/\/vosgesinfo.fr\/saintdieinfo\/#organization\",\"name\":\"Saint Die Info\",\"url\":\"https:\/\/vosgesinfo.fr\/saintdieinfo\/\",\"logo\":{\"@type\":\"ImageObject\",\"inLanguage\":\"fr-FR\",\"@id\":\"https:\/\/vosgesinfo.fr\/saintdieinfo\/#\/schema\/logo\/image\/\",\"url\":\"https:\/\/vosgesinfo.fr\/app\/uploads\/sites\/4\/2024\/02\/logo-sdi.jpg\",\"contentUrl\":\"https:\/\/vosgesinfo.fr\/app\/uploads\/sites\/4\/2024\/02\/logo-sdi.jpg\",\"width\":600,\"height\":600,\"caption\":\"Saint Die Info\"},\"image\":{\"@id\":\"https:\/\/vosgesinfo.fr\/saintdieinfo\/#\/schema\/logo\/image\/\"},\"sameAs\":[\"https:\/\/www.facebook.com\/Saintdieinfofr\",\"https:\/\/x.com\/VosgesInfo88\",\"https:\/\/www.youtube.com\/@vosgesinfo\"]},{\"@type\":\"Person\",\"@id\":\"https:\/\/vosgesinfo.fr\/saintdieinfo\/#\/schema\/person\/6f9a650eeea99d969b6c4ab78fccbe81\",\"name\":\"C.K.\",\"image\":{\"@type\":\"ImageObject\",\"inLanguage\":\"fr-FR\",\"@id\":\"https:\/\/vosgesinfo.fr\/saintdieinfo\/#\/schema\/person\/image\/\",\"url\":\"https:\/\/secure.gravatar.com\/avatar\/48e3fc7f8421ba8942be6b74a2b7f014ca39bc00dece156b7a8e098ae7dc87bf?s=96&d=mm&r=g\",\"contentUrl\":\"https:\/\/secure.gravatar.com\/avatar\/48e3fc7f8421ba8942be6b74a2b7f014ca39bc00dece156b7a8e098ae7dc87bf?s=96&d=mm&r=g\",\"caption\":\"C.K.\"},\"url\":\"https:\/\/vosgesinfo.fr\/saintdieinfo\/author\/celia-k-n\/\"}]}<\/script>\n<!-- \/ Yoast SEO plugin. -->","yoast_head_json":{"title":"Le D\u00e9partement organise le Colloque des Solutions \u00c9cologiques - Saint Die Info","robots":{"index":"index","follow":"follow","max-snippet":"max-snippet:-1","max-image-preview":"max-image-preview:large","max-video-preview":"max-video-preview:-1"},"canonical":"https:\/\/vosgesinfo.fr\/saintdieinfo\/2024\/11\/le-departement-organise-le-colloque-des-solutions-ecologiques\/","twitter_card":"summary_large_image","twitter_title":"Le D\u00e9partement organise le Colloque des Solutions \u00c9cologiques - Saint Die Info","twitter_description":"Pour accompagner les changements, le D\u00e9partement des Vosges propose un colloque professionnel destin\u00e9 aux collectivit\u00e9s, entreprises, associations\u2026 Il aura lieu [&hellip;]","twitter_image":"https:\/\/vosgesinfo.fr\/app\/uploads\/sites\/4\/2024\/11\/p1090355-scaled-1.jpg","twitter_creator":"@VosgesInfo88","twitter_site":"@VosgesInfo88","twitter_misc":{"\u00c9crit par":"C.K.","Dur\u00e9e de lecture estim\u00e9e":"1 minute"},"schema":{"@context":"https:\/\/schema.org","@graph":[{"@type":"Article","@id":"https:\/\/vosgesinfo.fr\/saintdieinfo\/2024\/11\/le-departement-organise-le-colloque-des-solutions-ecologiques\/#article","isPartOf":{"@id":"https:\/\/vosgesinfo.fr\/saintdieinfo\/2024\/11\/le-departement-organise-le-colloque-des-solutions-ecologiques\/"},"author":{"name":"C.K.","@id":"https:\/\/vosgesinfo.fr\/saintdieinfo\/#\/schema\/person\/6f9a650eeea99d969b6c4ab78fccbe81"},"headline":"Le D\u00e9partement organise le Colloque des Solutions \u00c9cologiques","datePublished":"2024-11-06T14:18:38+00:00","dateModified":"2024-11-06T14:18:38+00:00","mainEntityOfPage":{"@id":"https:\/\/vosgesinfo.fr\/saintdieinfo\/2024\/11\/le-departement-organise-le-colloque-des-solutions-ecologiques\/"},"wordCount":213,"commentCount":0,"publisher":{"@id":"https:\/\/vosgesinfo.fr\/saintdieinfo\/#organization"},"image":{"@id":"https:\/\/vosgesinfo.fr\/saintdieinfo\/2024\/11\/le-departement-organise-le-colloque-des-solutions-ecologiques\/#primaryimage"},"thumbnailUrl":"https:\/\/vosgesinfo.fr\/app\/uploads\/sites\/4\/2024\/11\/p1090355-scaled-1.jpg","keywords":["Rencontres des Solutions \u00c9cologiques"],"articleSection":["A la Une","\u00c9conomie","Epinal","Gerardmer","La plaine des vosges","Remiremont","Saint-di\u00e9","Vosges"],"inLanguage":"fr-FR","potentialAction":[{"@type":"CommentAction","name":"Comment","target":["https:\/\/vosgesinfo.fr\/saintdieinfo\/2024\/11\/le-departement-organise-le-colloque-des-solutions-ecologiques\/#respond"]}]},{"@type":"WebPage","@id":"https:\/\/vosgesinfo.fr\/saintdieinfo\/2024\/11\/le-departement-organise-le-colloque-des-solutions-ecologiques\/","url":"https:\/\/vosgesinfo.fr\/saintdieinfo\/2024\/11\/le-departement-organise-le-colloque-des-solutions-ecologiques\/","name":"Le D\u00e9partement organise le Colloque des Solutions \u00c9cologiques - Saint Die Info","isPartOf":{"@id":"https:\/\/vosgesinfo.fr\/saintdieinfo\/#website"},"primaryImageOfPage":{"@id":"https:\/\/vosgesinfo.fr\/saintdieinfo\/2024\/11\/le-departement-organise-le-colloque-des-solutions-ecologiques\/#primaryimage"},"image":{"@id":"https:\/\/vosgesinfo.fr\/saintdieinfo\/2024\/11\/le-departement-organise-le-colloque-des-solutions-ecologiques\/#primaryimage"},"thumbnailUrl":"https:\/\/vosgesinfo.fr\/app\/uploads\/sites\/4\/2024\/11\/p1090355-scaled-1.jpg","datePublished":"2024-11-06T14:18:38+00:00","dateModified":"2024-11-06T14:18:38+00:00","breadcrumb":{"@id":"https:\/\/vosgesinfo.fr\/saintdieinfo\/2024\/11\/le-departement-organise-le-colloque-des-solutions-ecologiques\/#breadcrumb"},"inLanguage":"fr-FR","potentialAction":[{"@type":"ReadAction","target":["https:\/\/vosgesinfo.fr\/saintdieinfo\/2024\/11\/le-departement-organise-le-colloque-des-solutions-ecologiques\/"]}]},{"@type":"ImageObject","inLanguage":"fr-FR","@id":"https:\/\/vosgesinfo.fr\/saintdieinfo\/2024\/11\/le-departement-organise-le-colloque-des-solutions-ecologiques\/#primaryimage","url":"https:\/\/vosgesinfo.fr\/app\/uploads\/sites\/4\/2024\/11\/p1090355-scaled-1.jpg","contentUrl":"https:\/\/vosgesinfo.fr\/app\/uploads\/sites\/4\/2024\/11\/p1090355-scaled-1.jpg","width":2560,"height":1920},{"@type":"BreadcrumbList","@id":"https:\/\/vosgesinfo.fr\/saintdieinfo\/2024\/11\/le-departement-organise-le-colloque-des-solutions-ecologiques\/#breadcrumb","itemListElement":[{"@type":"ListItem","position":1,"name":"Home","item":"https:\/\/vosgesinfo.fr\/saintdieinfo\/"},{"@type":"ListItem","position":2,"name":"Le D\u00e9partement organise le Colloque des Solutions \u00c9cologiques"}]},{"@type":"WebSite","@id":"https:\/\/vosgesinfo.fr\/saintdieinfo\/#website","url":"https:\/\/vosgesinfo.fr\/saintdieinfo\/","name":"Saint Die Info","description":"Toute l&#039;actualit\u00e9 de Saint-Di\u00e9-Des-Vosges","publisher":{"@id":"https:\/\/vosgesinfo.fr\/saintdieinfo\/#organization"},"alternateName":"Toute l'actualit\u00e9 de Saint-Di\u00e9-Des-Vosges","potentialAction":[{"@type":"SearchAction","target":{"@type":"EntryPoint","urlTemplate":"https:\/\/vosgesinfo.fr\/saintdieinfo\/?s={search_term_string}"},"query-input":"required name=search_term_string"}],"inLanguage":"fr-FR"},{"@type":"Organization","@id":"https:\/\/vosgesinfo.fr\/saintdieinfo\/#organization","name":"Saint Die Info","url":"https:\/\/vosgesinfo.fr\/saintdieinfo\/","logo":{"@type":"ImageObject","inLanguage":"fr-FR","@id":"https:\/\/vosgesinfo.fr\/saintdieinfo\/#\/schema\/logo\/image\/","url":"https:\/\/vosgesinfo.fr\/app\/uploads\/sites\/4\/2024\/02\/logo-sdi.jpg","contentUrl":"https:\/\/vosgesinfo.fr\/app\/uploads\/sites\/4\/2024\/02\/logo-sdi.jpg","width":600,"height":600,"caption":"Saint Die Info"},"image":{"@id":"https:\/\/vosgesinfo.fr\/saintdieinfo\/#\/schema\/logo\/image\/"},"sameAs":["https:\/\/www.facebook.com\/Saintdieinfofr","https:\/\/x.com\/VosgesInfo88","https:\/\/www.youtube.com\/@vosgesinfo"]},{"@type":"Person","@id":"https:\/\/vosgesinfo.fr\/saintdieinfo\/#\/schema\/person\/6f9a650eeea99d969b6c4ab78fccbe81","name":"C.K.","image":{"@type":"ImageObject","inLanguage":"fr-FR","@id":"https:\/\/vosgesinfo.fr\/saintdieinfo\/#\/schema\/person\/image\/","url":"https:\/\/secure.gravatar.com\/avatar\/48e3fc7f8421ba8942be6b74a2b7f014ca39bc00dece156b7a8e098ae7dc87bf?s=96&d=mm&r=g","contentUrl":"https:\/\/secure.gravatar.com\/avatar\/48e3fc7f8421ba8942be6b74a2b7f014ca39bc00dece156b7a8e098ae7dc87bf?s=96&d=mm&r=g","caption":"C.K."},"url":"https:\/\/vosgesinfo.fr\/saintdieinfo\/author\/celia-k-n\/"}]}},"_links":{"self":[{"href":"https:\/\/vosgesinfo.fr\/saintdieinfo\/wp-json\/wp\/v2\/posts\/70094","targetHints":{"allow":["GET"]}}],"collection":[{"href":"https:\/\/vosgesinfo.fr\/saintdieinfo\/wp-json\/wp\/v2\/posts"}],"about":[{"href":"https:\/\/vosgesinfo.fr\/saintdieinfo\/wp-json\/wp\/v2\/types\/post"}],"author":[{"embeddable":true,"href":"https:\/\/vosgesinfo.fr\/saintdieinfo\/wp-json\/wp\/v2\/users\/52"}],"replies":[{"embeddable":true,"href":"https:\/\/vosgesinfo.fr\/saintdieinfo\/wp-json\/wp\/v2\/comments?post=70094"}],"version-history":[{"count":0,"href":"https:\/\/vosgesinfo.fr\/saintdieinfo\/wp-json\/wp\/v2\/posts\/70094\/revisions"}],"wp:featuredmedia":[{"embeddable":true,"href":"https:\/\/vosgesinfo.fr\/saintdieinfo\/wp-json\/wp\/v2\/media\/70095"}],"wp:attachment":[{"href":"https:\/\/vosgesinfo.fr\/saintdieinfo\/wp-json\/wp\/v2\/media?parent=70094"}],"wp:term":[{"taxonomy":"category","embeddable":true,"href":"https:\/\/vosgesinfo.fr\/saintdieinfo\/wp-json\/wp\/v2\/categories?post=70094"},{"taxonomy":"post_tag","embeddable":true,"href":"https:\/\/vosgesinfo.fr\/saintdieinfo\/wp-json\/wp\/v2\/tags?post=70094"}],"curies":[{"name":"wp","href":"https:\/\/api.w.org\/{rel}","templated":true}]}}