{"id":70266,"date":"2024-11-12T10:50:05","date_gmt":"2024-11-12T09:50:05","guid":{"rendered":"https:\/\/vosgesinfo.fr\/saintdieinfo\/?p=70266"},"modified":"2024-11-12T10:50:05","modified_gmt":"2024-11-12T09:50:05","slug":"fermeture-de-la-route-des-cretes-vendredi-15-novembre","status":"publish","type":"post","link":"https:\/\/vosgesinfo.fr\/saintdieinfo\/2024\/11\/fermeture-de-la-route-des-cretes-vendredi-15-novembre\/","title":{"rendered":"Fermeture de la route des Cr\u00eates vendredi 15 novembre"},"content":{"rendered":"<p><a href=\"https:\/\/vosgesinfo.fr\/app\/uploads\/sites\/5\/2023\/08\/route-des-cretes-800x450-1.jpg\"><img decoding=\"async\" class=\"aligncenter size-full wp-image-216\" src=\"https:\/\/vosgesinfo.fr\/app\/uploads\/sites\/5\/2023\/08\/route-des-cretes-800x450-1.jpg\" alt=\"\" width=\"800\" height=\"450\" \/><\/a><\/p>\n<p style=\"text-align: center;\"><strong>Fermeture de la route des Cr\u00eates vendredi 15 novembre<\/strong><\/p>\n<p>La Collectivit\u00e9 europ\u00e9enne d&rsquo;Alsace et le D\u00e9partement des Vosges proc\u00e9deront conjointement \u00e0 la fermeture de la route des Cretes et de ses acc\u00e8s vendredi 15 novembre \u00e0 16 h, depuis Uffholtz (RD431) jusqu&rsquo;au col des Bagenelles (RD148).<\/p>\n<p>Afin de pr\u00e9server la s\u00e9curit\u00e9 de tous et de permettre le ski ou la randonn\u00e9e sur la route des Cr\u00eates, les collectivit\u00e9s gestionnaires, Collectivit\u00e9 europ\u00e9enne d&rsquo;Alsace et D\u00e9partement des Vosges, appellent ensemble les usagers \u00e0 respecter cette mesure.<\/p>\n<p><strong>Le d\u00e9tail des routes ferm\u00e9es du nord au sud<\/strong><\/p>\n<ul>\n<li>RD148 entre les cols des Bagenelles et du Bonhomme, via le col du Pr\u00e9 de Raves,<\/li>\n<li>RD148 et RD61 entre les cols du Calvaire et de la Schlucht,<\/li>\n<li>RD430 entre le parking du Chitelet et le Markstein,<\/li>\n<li>RD5bisIll et RD34A (route des Am\u00e9ricains) de son intersection avec la route des Cr\u00eates jusqu&rsquo;\u00e0 l&rsquo;intersection avec la RD34 route du Bramont,<\/li>\n<\/ul>\n<ul>\n<li>RD27 du col du Platzerwasel au Breittirst (carrefour avec la route des cretes),<\/li>\n<li>RD431 entre le Markstein et le Grand Ballon,<\/li>\n<li>RD431 entre la ferme du Freundstein et Uffholtz.<\/li>\n<\/ul>\n<p>\u2022 RD5III entre Wattwiller et l&rsquo;intersection avec la RD431.<\/p>\n<p><strong>Certaines sections de route resteront n\u00e9anmoins ouvertes.<\/strong><\/p>\n<p><strong>Le d\u00e9tail des sections ouvertes du nord au sud :<\/strong><\/p>\n<ul>\n<li>RD48, de Sainte-Marie-aux-Mines au col des Bagenelles,<\/li>\n<li>RD148 entre les cols du Bonhomme et du Calvaire.<\/li>\n<\/ul>\n<ul>\n<li>RD430, du col de la Schlucht jusqu&rsquo;au parking du Chitelet,<\/li>\n<li>RD430, station du Markstein,<\/li>\n<li>RD431 entre le Grand Ballon et la ferme du Freundstein.<\/li>\n<\/ul>\n<p>&nbsp;<\/p>\n<p>Pour rappel, les \u00e9quipements hivernaux sont obligatoires du 1er novembre au 31 mars pour circuler sur les routes des communes de montagne.<\/p>\n<p>La route des Cr\u00eates sera rouverte au d\u00e9but du mois d&rsquo;avril en fonction des conditions de circulation et de la m\u00e9t\u00e9o en sortie d&rsquo;hiver.<\/p>\n<p><a href=\"https:\/\/vosgesinfo.fr\/app\/uploads\/sites\/5\/2024\/11\/plan-fermeture-rdc-2024.jpg\"><img decoding=\"async\" class=\"aligncenter size-full wp-image-75281\" src=\"https:\/\/vosgesinfo.fr\/app\/uploads\/sites\/5\/2024\/11\/plan-fermeture-rdc-2024.jpg\" alt=\"\" width=\"511\" height=\"813\" \/><\/a><\/p>\n","protected":false},"excerpt":{"rendered":"<p>Fermeture de la route des Cr\u00eates vendredi 15 novembre La Collectivit\u00e9 europ\u00e9enne d&rsquo;Alsace et le D\u00e9partement des Vosges proc\u00e9deront conjointement [&hellip;]<\/p>\n","protected":false},"author":418,"featured_media":70267,"comment_status":"open","ping_status":"open","sticky":false,"template":"","format":"standard","meta":{"footnotes":""},"categories":[460,5392,5391,5389,4099,4100],"tags":[15231],"class_list":["post-70266","post","type-post","status-publish","format-standard","has-post-thumbnail","hentry","category-a-la-une","category-epinal","category-gerardmer","category-la-plaine-des-vosges","category-remiremont","category-saint-die","tag-fermeture-route-des-cretes"],"acf":[],"yoast_head":"<!-- This site is optimized with the Yoast SEO plugin v22.5 - https:\/\/yoast.com\/wordpress\/plugins\/seo\/ -->\n<title>Fermeture de la route des Cr\u00eates vendredi 15 novembre - Saint Die Info<\/title>\n<meta name=\"robots\" content=\"index, follow, max-snippet:-1, max-image-preview:large, max-video-preview:-1\" \/>\n<link rel=\"canonical\" href=\"https:\/\/vosgesinfo.fr\/saintdieinfo\/2024\/11\/fermeture-de-la-route-des-cretes-vendredi-15-novembre\/\" \/>\n<meta name=\"twitter:card\" content=\"summary_large_image\" \/>\n<meta name=\"twitter:title\" content=\"Fermeture de la route des Cr\u00eates vendredi 15 novembre - Saint Die Info\" \/>\n<meta name=\"twitter:description\" content=\"Fermeture de la route des Cr\u00eates vendredi 15 novembre La Collectivit\u00e9 europ\u00e9enne d&rsquo;Alsace et le D\u00e9partement des Vosges proc\u00e9deront conjointement [&hellip;]\" \/>\n<meta name=\"twitter:image\" content=\"https:\/\/vosgesinfo.fr\/app\/uploads\/sites\/4\/2024\/11\/route-des-cretes-800x450-1.jpg\" \/>\n<meta name=\"twitter:creator\" content=\"@VosgesInfo88\" \/>\n<meta name=\"twitter:site\" content=\"@VosgesInfo88\" \/>\n<meta name=\"twitter:label1\" content=\"\u00c9crit par\" \/>\n\t<meta name=\"twitter:data1\" content=\"C.M\" \/>\n\t<meta name=\"twitter:label2\" content=\"Dur\u00e9e de lecture estim\u00e9e\" \/>\n\t<meta name=\"twitter:data2\" content=\"2 minutes\" \/>\n<script type=\"application\/ld+json\" class=\"yoast-schema-graph\">{\"@context\":\"https:\/\/schema.org\",\"@graph\":[{\"@type\":\"Article\",\"@id\":\"https:\/\/vosgesinfo.fr\/saintdieinfo\/2024\/11\/fermeture-de-la-route-des-cretes-vendredi-15-novembre\/#article\",\"isPartOf\":{\"@id\":\"https:\/\/vosgesinfo.fr\/saintdieinfo\/2024\/11\/fermeture-de-la-route-des-cretes-vendredi-15-novembre\/\"},\"author\":{\"name\":\"C.M\",\"@id\":\"https:\/\/vosgesinfo.fr\/saintdieinfo\/#\/schema\/person\/4f38cd3068e342935b7304695c797d08\"},\"headline\":\"Fermeture de la route des Cr\u00eates vendredi 15 novembre\",\"datePublished\":\"2024-11-12T09:50:05+00:00\",\"dateModified\":\"2024-11-12T09:50:05+00:00\",\"mainEntityOfPage\":{\"@id\":\"https:\/\/vosgesinfo.fr\/saintdieinfo\/2024\/11\/fermeture-de-la-route-des-cretes-vendredi-15-novembre\/\"},\"wordCount\":327,\"commentCount\":0,\"publisher\":{\"@id\":\"https:\/\/vosgesinfo.fr\/saintdieinfo\/#organization\"},\"image\":{\"@id\":\"https:\/\/vosgesinfo.fr\/saintdieinfo\/2024\/11\/fermeture-de-la-route-des-cretes-vendredi-15-novembre\/#primaryimage\"},\"thumbnailUrl\":\"https:\/\/vosgesinfo.fr\/app\/uploads\/sites\/4\/2024\/11\/route-des-cretes-800x450-1.jpg\",\"keywords\":[\"Fermeture Route des Cr\u00eates\"],\"articleSection\":[\"A la Une\",\"Epinal\",\"Gerardmer\",\"La plaine des vosges\",\"Remiremont\",\"Saint-di\u00e9\"],\"inLanguage\":\"fr-FR\",\"potentialAction\":[{\"@type\":\"CommentAction\",\"name\":\"Comment\",\"target\":[\"https:\/\/vosgesinfo.fr\/saintdieinfo\/2024\/11\/fermeture-de-la-route-des-cretes-vendredi-15-novembre\/#respond\"]}]},{\"@type\":\"WebPage\",\"@id\":\"https:\/\/vosgesinfo.fr\/saintdieinfo\/2024\/11\/fermeture-de-la-route-des-cretes-vendredi-15-novembre\/\",\"url\":\"https:\/\/vosgesinfo.fr\/saintdieinfo\/2024\/11\/fermeture-de-la-route-des-cretes-vendredi-15-novembre\/\",\"name\":\"Fermeture de la route des Cr\u00eates vendredi 15 novembre - Saint Die Info\",\"isPartOf\":{\"@id\":\"https:\/\/vosgesinfo.fr\/saintdieinfo\/#website\"},\"primaryImageOfPage\":{\"@id\":\"https:\/\/vosgesinfo.fr\/saintdieinfo\/2024\/11\/fermeture-de-la-route-des-cretes-vendredi-15-novembre\/#primaryimage\"},\"image\":{\"@id\":\"https:\/\/vosgesinfo.fr\/saintdieinfo\/2024\/11\/fermeture-de-la-route-des-cretes-vendredi-15-novembre\/#primaryimage\"},\"thumbnailUrl\":\"https:\/\/vosgesinfo.fr\/app\/uploads\/sites\/4\/2024\/11\/route-des-cretes-800x450-1.jpg\",\"datePublished\":\"2024-11-12T09:50:05+00:00\",\"dateModified\":\"2024-11-12T09:50:05+00:00\",\"breadcrumb\":{\"@id\":\"https:\/\/vosgesinfo.fr\/saintdieinfo\/2024\/11\/fermeture-de-la-route-des-cretes-vendredi-15-novembre\/#breadcrumb\"},\"inLanguage\":\"fr-FR\",\"potentialAction\":[{\"@type\":\"ReadAction\",\"target\":[\"https:\/\/vosgesinfo.fr\/saintdieinfo\/2024\/11\/fermeture-de-la-route-des-cretes-vendredi-15-novembre\/\"]}]},{\"@type\":\"ImageObject\",\"inLanguage\":\"fr-FR\",\"@id\":\"https:\/\/vosgesinfo.fr\/saintdieinfo\/2024\/11\/fermeture-de-la-route-des-cretes-vendredi-15-novembre\/#primaryimage\",\"url\":\"https:\/\/vosgesinfo.fr\/app\/uploads\/sites\/4\/2024\/11\/route-des-cretes-800x450-1.jpg\",\"contentUrl\":\"https:\/\/vosgesinfo.fr\/app\/uploads\/sites\/4\/2024\/11\/route-des-cretes-800x450-1.jpg\",\"width\":800,\"height\":450},{\"@type\":\"BreadcrumbList\",\"@id\":\"https:\/\/vosgesinfo.fr\/saintdieinfo\/2024\/11\/fermeture-de-la-route-des-cretes-vendredi-15-novembre\/#breadcrumb\",\"itemListElement\":[{\"@type\":\"ListItem\",\"position\":1,\"name\":\"Home\",\"item\":\"https:\/\/vosgesinfo.fr\/saintdieinfo\/\"},{\"@type\":\"ListItem\",\"position\":2,\"name\":\"Fermeture de la route des Cr\u00eates vendredi 15 novembre\"}]},{\"@type\":\"WebSite\",\"@id\":\"https:\/\/vosgesinfo.fr\/saintdieinfo\/#website\",\"url\":\"https:\/\/vosgesinfo.fr\/saintdieinfo\/\",\"name\":\"Saint Die Info\",\"description\":\"Toute l&#039;actualit\u00e9 de Saint-Di\u00e9-Des-Vosges\",\"publisher\":{\"@id\":\"https:\/\/vosgesinfo.fr\/saintdieinfo\/#organization\"},\"alternateName\":\"Toute l'actualit\u00e9 de Saint-Di\u00e9-Des-Vosges\",\"potentialAction\":[{\"@type\":\"SearchAction\",\"target\":{\"@type\":\"EntryPoint\",\"urlTemplate\":\"https:\/\/vosgesinfo.fr\/saintdieinfo\/?s={search_term_string}\"},\"query-input\":\"required name=search_term_string\"}],\"inLanguage\":\"fr-FR\"},{\"@type\":\"Organization\",\"@id\":\"https:\/\/vosgesinfo.fr\/saintdieinfo\/#organization\",\"name\":\"Saint Die Info\",\"url\":\"https:\/\/vosgesinfo.fr\/saintdieinfo\/\",\"logo\":{\"@type\":\"ImageObject\",\"inLanguage\":\"fr-FR\",\"@id\":\"https:\/\/vosgesinfo.fr\/saintdieinfo\/#\/schema\/logo\/image\/\",\"url\":\"https:\/\/vosgesinfo.fr\/app\/uploads\/sites\/4\/2024\/02\/logo-sdi.jpg\",\"contentUrl\":\"https:\/\/vosgesinfo.fr\/app\/uploads\/sites\/4\/2024\/02\/logo-sdi.jpg\",\"width\":600,\"height\":600,\"caption\":\"Saint Die Info\"},\"image\":{\"@id\":\"https:\/\/vosgesinfo.fr\/saintdieinfo\/#\/schema\/logo\/image\/\"},\"sameAs\":[\"https:\/\/www.facebook.com\/Saintdieinfofr\",\"https:\/\/x.com\/VosgesInfo88\",\"https:\/\/www.youtube.com\/@vosgesinfo\"]},{\"@type\":\"Person\",\"@id\":\"https:\/\/vosgesinfo.fr\/saintdieinfo\/#\/schema\/person\/4f38cd3068e342935b7304695c797d08\",\"name\":\"C.M\",\"image\":{\"@type\":\"ImageObject\",\"inLanguage\":\"fr-FR\",\"@id\":\"https:\/\/vosgesinfo.fr\/saintdieinfo\/#\/schema\/person\/image\/\",\"url\":\"https:\/\/secure.gravatar.com\/avatar\/fe9daaef0164d920717484172682f3c5c9bcf7d42aa8c7048c76c34f0eb6c8da?s=96&d=mm&r=g\",\"contentUrl\":\"https:\/\/secure.gravatar.com\/avatar\/fe9daaef0164d920717484172682f3c5c9bcf7d42aa8c7048c76c34f0eb6c8da?s=96&d=mm&r=g\",\"caption\":\"C.M\"},\"url\":\"https:\/\/vosgesinfo.fr\/saintdieinfo\/author\/cm88200\/\"}]}<\/script>\n<!-- \/ Yoast SEO plugin. -->","yoast_head_json":{"title":"Fermeture de la route des Cr\u00eates vendredi 15 novembre - Saint Die Info","robots":{"index":"index","follow":"follow","max-snippet":"max-snippet:-1","max-image-preview":"max-image-preview:large","max-video-preview":"max-video-preview:-1"},"canonical":"https:\/\/vosgesinfo.fr\/saintdieinfo\/2024\/11\/fermeture-de-la-route-des-cretes-vendredi-15-novembre\/","twitter_card":"summary_large_image","twitter_title":"Fermeture de la route des Cr\u00eates vendredi 15 novembre - Saint Die Info","twitter_description":"Fermeture de la route des Cr\u00eates vendredi 15 novembre La Collectivit\u00e9 europ\u00e9enne d&rsquo;Alsace et le D\u00e9partement des Vosges proc\u00e9deront conjointement [&hellip;]","twitter_image":"https:\/\/vosgesinfo.fr\/app\/uploads\/sites\/4\/2024\/11\/route-des-cretes-800x450-1.jpg","twitter_creator":"@VosgesInfo88","twitter_site":"@VosgesInfo88","twitter_misc":{"\u00c9crit par":"C.M","Dur\u00e9e de lecture estim\u00e9e":"2 minutes"},"schema":{"@context":"https:\/\/schema.org","@graph":[{"@type":"Article","@id":"https:\/\/vosgesinfo.fr\/saintdieinfo\/2024\/11\/fermeture-de-la-route-des-cretes-vendredi-15-novembre\/#article","isPartOf":{"@id":"https:\/\/vosgesinfo.fr\/saintdieinfo\/2024\/11\/fermeture-de-la-route-des-cretes-vendredi-15-novembre\/"},"author":{"name":"C.M","@id":"https:\/\/vosgesinfo.fr\/saintdieinfo\/#\/schema\/person\/4f38cd3068e342935b7304695c797d08"},"headline":"Fermeture de la route des Cr\u00eates vendredi 15 novembre","datePublished":"2024-11-12T09:50:05+00:00","dateModified":"2024-11-12T09:50:05+00:00","mainEntityOfPage":{"@id":"https:\/\/vosgesinfo.fr\/saintdieinfo\/2024\/11\/fermeture-de-la-route-des-cretes-vendredi-15-novembre\/"},"wordCount":327,"commentCount":0,"publisher":{"@id":"https:\/\/vosgesinfo.fr\/saintdieinfo\/#organization"},"image":{"@id":"https:\/\/vosgesinfo.fr\/saintdieinfo\/2024\/11\/fermeture-de-la-route-des-cretes-vendredi-15-novembre\/#primaryimage"},"thumbnailUrl":"https:\/\/vosgesinfo.fr\/app\/uploads\/sites\/4\/2024\/11\/route-des-cretes-800x450-1.jpg","keywords":["Fermeture Route des Cr\u00eates"],"articleSection":["A la Une","Epinal","Gerardmer","La plaine des vosges","Remiremont","Saint-di\u00e9"],"inLanguage":"fr-FR","potentialAction":[{"@type":"CommentAction","name":"Comment","target":["https:\/\/vosgesinfo.fr\/saintdieinfo\/2024\/11\/fermeture-de-la-route-des-cretes-vendredi-15-novembre\/#respond"]}]},{"@type":"WebPage","@id":"https:\/\/vosgesinfo.fr\/saintdieinfo\/2024\/11\/fermeture-de-la-route-des-cretes-vendredi-15-novembre\/","url":"https:\/\/vosgesinfo.fr\/saintdieinfo\/2024\/11\/fermeture-de-la-route-des-cretes-vendredi-15-novembre\/","name":"Fermeture de la route des Cr\u00eates vendredi 15 novembre - Saint Die Info","isPartOf":{"@id":"https:\/\/vosgesinfo.fr\/saintdieinfo\/#website"},"primaryImageOfPage":{"@id":"https:\/\/vosgesinfo.fr\/saintdieinfo\/2024\/11\/fermeture-de-la-route-des-cretes-vendredi-15-novembre\/#primaryimage"},"image":{"@id":"https:\/\/vosgesinfo.fr\/saintdieinfo\/2024\/11\/fermeture-de-la-route-des-cretes-vendredi-15-novembre\/#primaryimage"},"thumbnailUrl":"https:\/\/vosgesinfo.fr\/app\/uploads\/sites\/4\/2024\/11\/route-des-cretes-800x450-1.jpg","datePublished":"2024-11-12T09:50:05+00:00","dateModified":"2024-11-12T09:50:05+00:00","breadcrumb":{"@id":"https:\/\/vosgesinfo.fr\/saintdieinfo\/2024\/11\/fermeture-de-la-route-des-cretes-vendredi-15-novembre\/#breadcrumb"},"inLanguage":"fr-FR","potentialAction":[{"@type":"ReadAction","target":["https:\/\/vosgesinfo.fr\/saintdieinfo\/2024\/11\/fermeture-de-la-route-des-cretes-vendredi-15-novembre\/"]}]},{"@type":"ImageObject","inLanguage":"fr-FR","@id":"https:\/\/vosgesinfo.fr\/saintdieinfo\/2024\/11\/fermeture-de-la-route-des-cretes-vendredi-15-novembre\/#primaryimage","url":"https:\/\/vosgesinfo.fr\/app\/uploads\/sites\/4\/2024\/11\/route-des-cretes-800x450-1.jpg","contentUrl":"https:\/\/vosgesinfo.fr\/app\/uploads\/sites\/4\/2024\/11\/route-des-cretes-800x450-1.jpg","width":800,"height":450},{"@type":"BreadcrumbList","@id":"https:\/\/vosgesinfo.fr\/saintdieinfo\/2024\/11\/fermeture-de-la-route-des-cretes-vendredi-15-novembre\/#breadcrumb","itemListElement":[{"@type":"ListItem","position":1,"name":"Home","item":"https:\/\/vosgesinfo.fr\/saintdieinfo\/"},{"@type":"ListItem","position":2,"name":"Fermeture de la route des Cr\u00eates vendredi 15 novembre"}]},{"@type":"WebSite","@id":"https:\/\/vosgesinfo.fr\/saintdieinfo\/#website","url":"https:\/\/vosgesinfo.fr\/saintdieinfo\/","name":"Saint Die Info","description":"Toute l&#039;actualit\u00e9 de Saint-Di\u00e9-Des-Vosges","publisher":{"@id":"https:\/\/vosgesinfo.fr\/saintdieinfo\/#organization"},"alternateName":"Toute l'actualit\u00e9 de Saint-Di\u00e9-Des-Vosges","potentialAction":[{"@type":"SearchAction","target":{"@type":"EntryPoint","urlTemplate":"https:\/\/vosgesinfo.fr\/saintdieinfo\/?s={search_term_string}"},"query-input":"required name=search_term_string"}],"inLanguage":"fr-FR"},{"@type":"Organization","@id":"https:\/\/vosgesinfo.fr\/saintdieinfo\/#organization","name":"Saint Die Info","url":"https:\/\/vosgesinfo.fr\/saintdieinfo\/","logo":{"@type":"ImageObject","inLanguage":"fr-FR","@id":"https:\/\/vosgesinfo.fr\/saintdieinfo\/#\/schema\/logo\/image\/","url":"https:\/\/vosgesinfo.fr\/app\/uploads\/sites\/4\/2024\/02\/logo-sdi.jpg","contentUrl":"https:\/\/vosgesinfo.fr\/app\/uploads\/sites\/4\/2024\/02\/logo-sdi.jpg","width":600,"height":600,"caption":"Saint Die Info"},"image":{"@id":"https:\/\/vosgesinfo.fr\/saintdieinfo\/#\/schema\/logo\/image\/"},"sameAs":["https:\/\/www.facebook.com\/Saintdieinfofr","https:\/\/x.com\/VosgesInfo88","https:\/\/www.youtube.com\/@vosgesinfo"]},{"@type":"Person","@id":"https:\/\/vosgesinfo.fr\/saintdieinfo\/#\/schema\/person\/4f38cd3068e342935b7304695c797d08","name":"C.M","image":{"@type":"ImageObject","inLanguage":"fr-FR","@id":"https:\/\/vosgesinfo.fr\/saintdieinfo\/#\/schema\/person\/image\/","url":"https:\/\/secure.gravatar.com\/avatar\/fe9daaef0164d920717484172682f3c5c9bcf7d42aa8c7048c76c34f0eb6c8da?s=96&d=mm&r=g","contentUrl":"https:\/\/secure.gravatar.com\/avatar\/fe9daaef0164d920717484172682f3c5c9bcf7d42aa8c7048c76c34f0eb6c8da?s=96&d=mm&r=g","caption":"C.M"},"url":"https:\/\/vosgesinfo.fr\/saintdieinfo\/author\/cm88200\/"}]}},"_links":{"self":[{"href":"https:\/\/vosgesinfo.fr\/saintdieinfo\/wp-json\/wp\/v2\/posts\/70266","targetHints":{"allow":["GET"]}}],"collection":[{"href":"https:\/\/vosgesinfo.fr\/saintdieinfo\/wp-json\/wp\/v2\/posts"}],"about":[{"href":"https:\/\/vosgesinfo.fr\/saintdieinfo\/wp-json\/wp\/v2\/types\/post"}],"author":[{"embeddable":true,"href":"https:\/\/vosgesinfo.fr\/saintdieinfo\/wp-json\/wp\/v2\/users\/418"}],"replies":[{"embeddable":true,"href":"https:\/\/vosgesinfo.fr\/saintdieinfo\/wp-json\/wp\/v2\/comments?post=70266"}],"version-history":[{"count":0,"href":"https:\/\/vosgesinfo.fr\/saintdieinfo\/wp-json\/wp\/v2\/posts\/70266\/revisions"}],"wp:featuredmedia":[{"embeddable":true,"href":"https:\/\/vosgesinfo.fr\/saintdieinfo\/wp-json\/wp\/v2\/media\/70267"}],"wp:attachment":[{"href":"https:\/\/vosgesinfo.fr\/saintdieinfo\/wp-json\/wp\/v2\/media?parent=70266"}],"wp:term":[{"taxonomy":"category","embeddable":true,"href":"https:\/\/vosgesinfo.fr\/saintdieinfo\/wp-json\/wp\/v2\/categories?post=70266"},{"taxonomy":"post_tag","embeddable":true,"href":"https:\/\/vosgesinfo.fr\/saintdieinfo\/wp-json\/wp\/v2\/tags?post=70266"}],"curies":[{"name":"wp","href":"https:\/\/api.w.org\/{rel}","templated":true}]}}