{"id":70621,"date":"2024-11-20T11:01:46","date_gmt":"2024-11-20T10:01:46","guid":{"rendered":"https:\/\/vosgesinfo.fr\/saintdieinfo\/?p=70621"},"modified":"2024-11-20T10:48:08","modified_gmt":"2024-11-20T09:48:08","slug":"fete-de-lavent-de-leglise-protestante-unie-vosges-meurthe","status":"publish","type":"post","link":"https:\/\/vosgesinfo.fr\/saintdieinfo\/2024\/11\/fete-de-lavent-de-leglise-protestante-unie-vosges-meurthe\/","title":{"rendered":"F\u00eate de l&rsquo;Avent de l&rsquo;Eglise Protestante Unie Vosges-Meurthe"},"content":{"rendered":"<div id=\"attachment_44653\" style=\"width: 810px\" class=\"wp-caption alignnone\"><a href=\"https:\/\/vosgesinfo.fr\/app\/uploads\/sites\/4\/2024\/08\/202011avent.jpg\"><img decoding=\"async\" aria-describedby=\"caption-attachment-44653\" class=\"wp-image-44653 size-full\" src=\"https:\/\/vosgesinfo.fr\/app\/uploads\/sites\/4\/2024\/08\/202011avent.jpg\" alt=\"\" width=\"800\" height=\"534\" srcset=\"https:\/\/vosgesinfo.fr\/app\/uploads\/sites\/4\/2024\/08\/202011avent.jpg 800w, https:\/\/vosgesinfo.fr\/app\/uploads\/sites\/4\/2024\/08\/202011avent-300x200.jpg 300w, https:\/\/vosgesinfo.fr\/app\/uploads\/sites\/4\/2024\/08\/202011avent-768x513.jpg 768w\" sizes=\"(max-width: 800px) 100vw, 800px\" \/><\/a><p id=\"caption-attachment-44653\" class=\"wp-caption-text\">(Illustration)<\/p><\/div>\n<h2>Cette ann\u00e9e, la traditionnelle F\u00eate de l&rsquo;Avent de l&rsquo;Eglise Protestante Unie Vosges-Meurthe se d\u00e9roulera le dimanche 1er d\u00e9cembre prochain, \u00e0 partir de 10h \u00e0 l&rsquo;Espace Fran\u00e7ois-Mitterrand de Saint-Di\u00e9-des-Vosges.<\/h2>\n<p><!--more--><\/p>\n<p>Sur place, vous pourrez vous procurer les incontournables couronnes fabriqu\u00e9es par les b\u00e9n\u00e9voles de la Paroisse, chacune d\u00e9cor\u00e9e de 2 n\u0153uds et de 4 bougies rouges. Sur le stand de travaux manuels, vous pourrez choisir des d\u00e9corations de No\u00ebl, des couronnes d\u00e9cor\u00e9es, des centres de tables, des petits sujets, etc&#8230; VVous trouverez \u00e9galement des confitures de toutes sortes, du miel, des p\u00e2tisseries, des bredeles, des caramels, des savons naturels, et vous pourrez participer aux diverses tombolas.<\/p>\n<p>Apr\u00e8s une halte aux stands o\u00f9 vous pourrez boire un caf\u00e9, ou un th\u00e9, ou une infusion, vous pourrez, si vous le souhaitez, partager le grand d\u00e9je\u00fbner \u00e0 partir de 12h30, en r\u00e9servant vos places imp\u00e9rativement avant le 25 novembre aupr\u00e8s de Nicole VOGT, par t\u00e9l\u00e9phone au 03.29.56.10.67, par mail via <a href=\"mailto:epudf.stdie.raon@free.fr\">epudf.stdie.raon@free.fr<\/a>,\u00a0ou d\u00e9posez ou envoyez votre courrier au 13 rue Carbonnar (Eglise Protestante Unie Vosges Meurthe) 88100 Saint-Di\u00e9-des-Vosges. Le tarif adulte est de 25\u20ac, ap\u00e9ritif et caf\u00e9 compris mais boisson en sus. Pour les moins de 18 ans et \u00e9tudiants, le repas est gratuit.<\/p>\n<p>Pour les personnes qui n&rsquo;auraient pas la possibilit\u00e9 de venir le 1er d\u00e9cembre, vous pouvez t\u00e9l\u00e9phoner \u00e0 ce m\u00eame num\u00e9ro pour r\u00e9server, soit des couronnes, soit de la confiture, ou autre chose. La Paroisse vous en remercie.<\/p>\n","protected":false},"excerpt":{"rendered":"<p>Cette ann\u00e9e, la traditionnelle F\u00eate de l&rsquo;Avent de l&rsquo;Eglise Protestante Unie Vosges-Meurthe se d\u00e9roulera le dimanche 1er d\u00e9cembre prochain, \u00e0 [&hellip;]<\/p>\n","protected":false},"author":46,"featured_media":44653,"comment_status":"open","ping_status":"open","sticky":false,"template":"","format":"standard","meta":{"footnotes":""},"categories":[460,2979,167],"tags":[3444,3089,15335,15336],"class_list":["post-70621","post","type-post","status-publish","format-standard","has-post-thumbnail","hentry","category-a-la-une","category-religion","category-saint-die-des-vosges","tag-eglise-protestante-unie-vosges-meurthe","tag-espace-francois-mitterrand","tag-fete-de-lavent","tag-fete-de-lavent-de-leglise-protestante-unie-vosges-meurthe"],"acf":[],"yoast_head":"<!-- This site is optimized with the Yoast SEO plugin v22.5 - https:\/\/yoast.com\/wordpress\/plugins\/seo\/ -->\n<title>F\u00eate de l&#039;Avent de l&#039;Eglise Protestante Unie Vosges-Meurthe - Saint Die Info<\/title>\n<meta name=\"robots\" content=\"index, follow, max-snippet:-1, max-image-preview:large, max-video-preview:-1\" \/>\n<link rel=\"canonical\" href=\"https:\/\/vosgesinfo.fr\/saintdieinfo\/?p=70621\" \/>\n<meta name=\"twitter:card\" content=\"summary_large_image\" \/>\n<meta name=\"twitter:title\" content=\"F\u00eate de l&#039;Avent de l&#039;Eglise Protestante Unie Vosges-Meurthe - Saint Die Info\" \/>\n<meta name=\"twitter:description\" content=\"Cette ann\u00e9e, la traditionnelle F\u00eate de l&rsquo;Avent de l&rsquo;Eglise Protestante Unie Vosges-Meurthe se d\u00e9roulera le dimanche 1er d\u00e9cembre prochain, \u00e0 [&hellip;]\" \/>\n<meta name=\"twitter:image\" content=\"https:\/\/vosgesinfo.fr\/app\/uploads\/sites\/4\/2024\/08\/202011avent.jpg\" \/>\n<meta name=\"twitter:creator\" content=\"@VosgesInfo88\" \/>\n<meta name=\"twitter:site\" content=\"@VosgesInfo88\" \/>\n<meta name=\"twitter:label1\" content=\"\u00c9crit par\" \/>\n\t<meta name=\"twitter:data1\" content=\"J.J.\" \/>\n\t<meta name=\"twitter:label2\" content=\"Dur\u00e9e de lecture estim\u00e9e\" \/>\n\t<meta name=\"twitter:data2\" content=\"1 minute\" \/>\n<script type=\"application\/ld+json\" class=\"yoast-schema-graph\">{\"@context\":\"https:\/\/schema.org\",\"@graph\":[{\"@type\":\"Article\",\"@id\":\"https:\/\/vosgesinfo.fr\/saintdieinfo\/?p=70621#article\",\"isPartOf\":{\"@id\":\"https:\/\/vosgesinfo.fr\/saintdieinfo\/?p=70621\"},\"author\":{\"name\":\"J.J.\",\"@id\":\"https:\/\/vosgesinfo.fr\/saintdieinfo\/#\/schema\/person\/fa73e9f726d67bb88f46d5b7943cb572\"},\"headline\":\"F\u00eate de l&rsquo;Avent de l&rsquo;Eglise Protestante Unie Vosges-Meurthe\",\"datePublished\":\"2024-11-20T10:01:46+00:00\",\"dateModified\":\"2024-11-20T09:48:08+00:00\",\"mainEntityOfPage\":{\"@id\":\"https:\/\/vosgesinfo.fr\/saintdieinfo\/?p=70621\"},\"wordCount\":285,\"commentCount\":0,\"publisher\":{\"@id\":\"https:\/\/vosgesinfo.fr\/saintdieinfo\/#organization\"},\"image\":{\"@id\":\"https:\/\/vosgesinfo.fr\/saintdieinfo\/?p=70621#primaryimage\"},\"thumbnailUrl\":\"https:\/\/vosgesinfo.fr\/app\/uploads\/sites\/4\/2024\/08\/202011avent.jpg\",\"keywords\":[\"Eglise Protestante Unie Vosges-Meurthe\",\"Espace Fran\u00e7ois-Mitterrand\",\"F\u00eate de l'Avent\",\"F\u00eate de l'Avent de l'Eglise Protestante Unie Vosges-Meurthe\"],\"articleSection\":[\"A la Une\",\"Religion\",\"Saint-Di\u00e9-des-Vosges\"],\"inLanguage\":\"fr-FR\",\"potentialAction\":[{\"@type\":\"CommentAction\",\"name\":\"Comment\",\"target\":[\"https:\/\/vosgesinfo.fr\/saintdieinfo\/?p=70621#respond\"]}]},{\"@type\":\"WebPage\",\"@id\":\"https:\/\/vosgesinfo.fr\/saintdieinfo\/?p=70621\",\"url\":\"https:\/\/vosgesinfo.fr\/saintdieinfo\/?p=70621\",\"name\":\"F\u00eate de l'Avent de l'Eglise Protestante Unie Vosges-Meurthe - Saint Die Info\",\"isPartOf\":{\"@id\":\"https:\/\/vosgesinfo.fr\/saintdieinfo\/#website\"},\"primaryImageOfPage\":{\"@id\":\"https:\/\/vosgesinfo.fr\/saintdieinfo\/?p=70621#primaryimage\"},\"image\":{\"@id\":\"https:\/\/vosgesinfo.fr\/saintdieinfo\/?p=70621#primaryimage\"},\"thumbnailUrl\":\"https:\/\/vosgesinfo.fr\/app\/uploads\/sites\/4\/2024\/08\/202011avent.jpg\",\"datePublished\":\"2024-11-20T10:01:46+00:00\",\"dateModified\":\"2024-11-20T09:48:08+00:00\",\"breadcrumb\":{\"@id\":\"https:\/\/vosgesinfo.fr\/saintdieinfo\/?p=70621#breadcrumb\"},\"inLanguage\":\"fr-FR\",\"potentialAction\":[{\"@type\":\"ReadAction\",\"target\":[\"https:\/\/vosgesinfo.fr\/saintdieinfo\/?p=70621\"]}]},{\"@type\":\"ImageObject\",\"inLanguage\":\"fr-FR\",\"@id\":\"https:\/\/vosgesinfo.fr\/saintdieinfo\/?p=70621#primaryimage\",\"url\":\"https:\/\/vosgesinfo.fr\/app\/uploads\/sites\/4\/2024\/08\/202011avent.jpg\",\"contentUrl\":\"https:\/\/vosgesinfo.fr\/app\/uploads\/sites\/4\/2024\/08\/202011avent.jpg\",\"width\":800,\"height\":534},{\"@type\":\"BreadcrumbList\",\"@id\":\"https:\/\/vosgesinfo.fr\/saintdieinfo\/?p=70621#breadcrumb\",\"itemListElement\":[{\"@type\":\"ListItem\",\"position\":1,\"name\":\"Home\",\"item\":\"https:\/\/vosgesinfo.fr\/saintdieinfo\/\"},{\"@type\":\"ListItem\",\"position\":2,\"name\":\"F\u00eate de l&#8217;Avent de l&#8217;Eglise Protestante Unie Vosges-Meurthe\"}]},{\"@type\":\"WebSite\",\"@id\":\"https:\/\/vosgesinfo.fr\/saintdieinfo\/#website\",\"url\":\"https:\/\/vosgesinfo.fr\/saintdieinfo\/\",\"name\":\"Saint Die Info\",\"description\":\"Toute l&#039;actualit\u00e9 de Saint-Di\u00e9-Des-Vosges\",\"publisher\":{\"@id\":\"https:\/\/vosgesinfo.fr\/saintdieinfo\/#organization\"},\"alternateName\":\"Toute l'actualit\u00e9 de Saint-Di\u00e9-Des-Vosges\",\"potentialAction\":[{\"@type\":\"SearchAction\",\"target\":{\"@type\":\"EntryPoint\",\"urlTemplate\":\"https:\/\/vosgesinfo.fr\/saintdieinfo\/?s={search_term_string}\"},\"query-input\":\"required name=search_term_string\"}],\"inLanguage\":\"fr-FR\"},{\"@type\":\"Organization\",\"@id\":\"https:\/\/vosgesinfo.fr\/saintdieinfo\/#organization\",\"name\":\"Saint Die Info\",\"url\":\"https:\/\/vosgesinfo.fr\/saintdieinfo\/\",\"logo\":{\"@type\":\"ImageObject\",\"inLanguage\":\"fr-FR\",\"@id\":\"https:\/\/vosgesinfo.fr\/saintdieinfo\/#\/schema\/logo\/image\/\",\"url\":\"https:\/\/vosgesinfo.fr\/app\/uploads\/sites\/4\/2024\/02\/logo-sdi.jpg\",\"contentUrl\":\"https:\/\/vosgesinfo.fr\/app\/uploads\/sites\/4\/2024\/02\/logo-sdi.jpg\",\"width\":600,\"height\":600,\"caption\":\"Saint Die Info\"},\"image\":{\"@id\":\"https:\/\/vosgesinfo.fr\/saintdieinfo\/#\/schema\/logo\/image\/\"},\"sameAs\":[\"https:\/\/www.facebook.com\/Saintdieinfofr\",\"https:\/\/x.com\/VosgesInfo88\",\"https:\/\/www.youtube.com\/@vosgesinfo\"]},{\"@type\":\"Person\",\"@id\":\"https:\/\/vosgesinfo.fr\/saintdieinfo\/#\/schema\/person\/fa73e9f726d67bb88f46d5b7943cb572\",\"name\":\"J.J.\",\"image\":{\"@type\":\"ImageObject\",\"inLanguage\":\"fr-FR\",\"@id\":\"https:\/\/vosgesinfo.fr\/saintdieinfo\/#\/schema\/person\/image\/\",\"url\":\"https:\/\/secure.gravatar.com\/avatar\/219e749e47ffbcca018a360ae4add7d4cdf1cdaaf8bc7676b27efade3fe65615?s=96&d=mm&r=g\",\"contentUrl\":\"https:\/\/secure.gravatar.com\/avatar\/219e749e47ffbcca018a360ae4add7d4cdf1cdaaf8bc7676b27efade3fe65615?s=96&d=mm&r=g\",\"caption\":\"J.J.\"},\"url\":\"https:\/\/vosgesinfo.fr\/saintdieinfo\/author\/j-j\/\"}]}<\/script>\n<!-- \/ Yoast SEO plugin. -->","yoast_head_json":{"title":"F\u00eate de l'Avent de l'Eglise Protestante Unie Vosges-Meurthe - Saint Die Info","robots":{"index":"index","follow":"follow","max-snippet":"max-snippet:-1","max-image-preview":"max-image-preview:large","max-video-preview":"max-video-preview:-1"},"canonical":"https:\/\/vosgesinfo.fr\/saintdieinfo\/?p=70621","twitter_card":"summary_large_image","twitter_title":"F\u00eate de l'Avent de l'Eglise Protestante Unie Vosges-Meurthe - Saint Die Info","twitter_description":"Cette ann\u00e9e, la traditionnelle F\u00eate de l&rsquo;Avent de l&rsquo;Eglise Protestante Unie Vosges-Meurthe se d\u00e9roulera le dimanche 1er d\u00e9cembre prochain, \u00e0 [&hellip;]","twitter_image":"https:\/\/vosgesinfo.fr\/app\/uploads\/sites\/4\/2024\/08\/202011avent.jpg","twitter_creator":"@VosgesInfo88","twitter_site":"@VosgesInfo88","twitter_misc":{"\u00c9crit par":"J.J.","Dur\u00e9e de lecture estim\u00e9e":"1 minute"},"schema":{"@context":"https:\/\/schema.org","@graph":[{"@type":"Article","@id":"https:\/\/vosgesinfo.fr\/saintdieinfo\/?p=70621#article","isPartOf":{"@id":"https:\/\/vosgesinfo.fr\/saintdieinfo\/?p=70621"},"author":{"name":"J.J.","@id":"https:\/\/vosgesinfo.fr\/saintdieinfo\/#\/schema\/person\/fa73e9f726d67bb88f46d5b7943cb572"},"headline":"F\u00eate de l&rsquo;Avent de l&rsquo;Eglise Protestante Unie Vosges-Meurthe","datePublished":"2024-11-20T10:01:46+00:00","dateModified":"2024-11-20T09:48:08+00:00","mainEntityOfPage":{"@id":"https:\/\/vosgesinfo.fr\/saintdieinfo\/?p=70621"},"wordCount":285,"commentCount":0,"publisher":{"@id":"https:\/\/vosgesinfo.fr\/saintdieinfo\/#organization"},"image":{"@id":"https:\/\/vosgesinfo.fr\/saintdieinfo\/?p=70621#primaryimage"},"thumbnailUrl":"https:\/\/vosgesinfo.fr\/app\/uploads\/sites\/4\/2024\/08\/202011avent.jpg","keywords":["Eglise Protestante Unie Vosges-Meurthe","Espace Fran\u00e7ois-Mitterrand","F\u00eate de l'Avent","F\u00eate de l'Avent de l'Eglise Protestante Unie Vosges-Meurthe"],"articleSection":["A la Une","Religion","Saint-Di\u00e9-des-Vosges"],"inLanguage":"fr-FR","potentialAction":[{"@type":"CommentAction","name":"Comment","target":["https:\/\/vosgesinfo.fr\/saintdieinfo\/?p=70621#respond"]}]},{"@type":"WebPage","@id":"https:\/\/vosgesinfo.fr\/saintdieinfo\/?p=70621","url":"https:\/\/vosgesinfo.fr\/saintdieinfo\/?p=70621","name":"F\u00eate de l'Avent de l'Eglise Protestante Unie Vosges-Meurthe - Saint Die Info","isPartOf":{"@id":"https:\/\/vosgesinfo.fr\/saintdieinfo\/#website"},"primaryImageOfPage":{"@id":"https:\/\/vosgesinfo.fr\/saintdieinfo\/?p=70621#primaryimage"},"image":{"@id":"https:\/\/vosgesinfo.fr\/saintdieinfo\/?p=70621#primaryimage"},"thumbnailUrl":"https:\/\/vosgesinfo.fr\/app\/uploads\/sites\/4\/2024\/08\/202011avent.jpg","datePublished":"2024-11-20T10:01:46+00:00","dateModified":"2024-11-20T09:48:08+00:00","breadcrumb":{"@id":"https:\/\/vosgesinfo.fr\/saintdieinfo\/?p=70621#breadcrumb"},"inLanguage":"fr-FR","potentialAction":[{"@type":"ReadAction","target":["https:\/\/vosgesinfo.fr\/saintdieinfo\/?p=70621"]}]},{"@type":"ImageObject","inLanguage":"fr-FR","@id":"https:\/\/vosgesinfo.fr\/saintdieinfo\/?p=70621#primaryimage","url":"https:\/\/vosgesinfo.fr\/app\/uploads\/sites\/4\/2024\/08\/202011avent.jpg","contentUrl":"https:\/\/vosgesinfo.fr\/app\/uploads\/sites\/4\/2024\/08\/202011avent.jpg","width":800,"height":534},{"@type":"BreadcrumbList","@id":"https:\/\/vosgesinfo.fr\/saintdieinfo\/?p=70621#breadcrumb","itemListElement":[{"@type":"ListItem","position":1,"name":"Home","item":"https:\/\/vosgesinfo.fr\/saintdieinfo\/"},{"@type":"ListItem","position":2,"name":"F\u00eate de l&#8217;Avent de l&#8217;Eglise Protestante Unie Vosges-Meurthe"}]},{"@type":"WebSite","@id":"https:\/\/vosgesinfo.fr\/saintdieinfo\/#website","url":"https:\/\/vosgesinfo.fr\/saintdieinfo\/","name":"Saint Die Info","description":"Toute l&#039;actualit\u00e9 de Saint-Di\u00e9-Des-Vosges","publisher":{"@id":"https:\/\/vosgesinfo.fr\/saintdieinfo\/#organization"},"alternateName":"Toute l'actualit\u00e9 de Saint-Di\u00e9-Des-Vosges","potentialAction":[{"@type":"SearchAction","target":{"@type":"EntryPoint","urlTemplate":"https:\/\/vosgesinfo.fr\/saintdieinfo\/?s={search_term_string}"},"query-input":"required name=search_term_string"}],"inLanguage":"fr-FR"},{"@type":"Organization","@id":"https:\/\/vosgesinfo.fr\/saintdieinfo\/#organization","name":"Saint Die Info","url":"https:\/\/vosgesinfo.fr\/saintdieinfo\/","logo":{"@type":"ImageObject","inLanguage":"fr-FR","@id":"https:\/\/vosgesinfo.fr\/saintdieinfo\/#\/schema\/logo\/image\/","url":"https:\/\/vosgesinfo.fr\/app\/uploads\/sites\/4\/2024\/02\/logo-sdi.jpg","contentUrl":"https:\/\/vosgesinfo.fr\/app\/uploads\/sites\/4\/2024\/02\/logo-sdi.jpg","width":600,"height":600,"caption":"Saint Die Info"},"image":{"@id":"https:\/\/vosgesinfo.fr\/saintdieinfo\/#\/schema\/logo\/image\/"},"sameAs":["https:\/\/www.facebook.com\/Saintdieinfofr","https:\/\/x.com\/VosgesInfo88","https:\/\/www.youtube.com\/@vosgesinfo"]},{"@type":"Person","@id":"https:\/\/vosgesinfo.fr\/saintdieinfo\/#\/schema\/person\/fa73e9f726d67bb88f46d5b7943cb572","name":"J.J.","image":{"@type":"ImageObject","inLanguage":"fr-FR","@id":"https:\/\/vosgesinfo.fr\/saintdieinfo\/#\/schema\/person\/image\/","url":"https:\/\/secure.gravatar.com\/avatar\/219e749e47ffbcca018a360ae4add7d4cdf1cdaaf8bc7676b27efade3fe65615?s=96&d=mm&r=g","contentUrl":"https:\/\/secure.gravatar.com\/avatar\/219e749e47ffbcca018a360ae4add7d4cdf1cdaaf8bc7676b27efade3fe65615?s=96&d=mm&r=g","caption":"J.J."},"url":"https:\/\/vosgesinfo.fr\/saintdieinfo\/author\/j-j\/"}]}},"_links":{"self":[{"href":"https:\/\/vosgesinfo.fr\/saintdieinfo\/wp-json\/wp\/v2\/posts\/70621","targetHints":{"allow":["GET"]}}],"collection":[{"href":"https:\/\/vosgesinfo.fr\/saintdieinfo\/wp-json\/wp\/v2\/posts"}],"about":[{"href":"https:\/\/vosgesinfo.fr\/saintdieinfo\/wp-json\/wp\/v2\/types\/post"}],"author":[{"embeddable":true,"href":"https:\/\/vosgesinfo.fr\/saintdieinfo\/wp-json\/wp\/v2\/users\/46"}],"replies":[{"embeddable":true,"href":"https:\/\/vosgesinfo.fr\/saintdieinfo\/wp-json\/wp\/v2\/comments?post=70621"}],"version-history":[{"count":1,"href":"https:\/\/vosgesinfo.fr\/saintdieinfo\/wp-json\/wp\/v2\/posts\/70621\/revisions"}],"predecessor-version":[{"id":70622,"href":"https:\/\/vosgesinfo.fr\/saintdieinfo\/wp-json\/wp\/v2\/posts\/70621\/revisions\/70622"}],"wp:featuredmedia":[{"embeddable":true,"href":"https:\/\/vosgesinfo.fr\/saintdieinfo\/wp-json\/wp\/v2\/media\/44653"}],"wp:attachment":[{"href":"https:\/\/vosgesinfo.fr\/saintdieinfo\/wp-json\/wp\/v2\/media?parent=70621"}],"wp:term":[{"taxonomy":"category","embeddable":true,"href":"https:\/\/vosgesinfo.fr\/saintdieinfo\/wp-json\/wp\/v2\/categories?post=70621"},{"taxonomy":"post_tag","embeddable":true,"href":"https:\/\/vosgesinfo.fr\/saintdieinfo\/wp-json\/wp\/v2\/tags?post=70621"}],"curies":[{"name":"wp","href":"https:\/\/api.w.org\/{rel}","templated":true}]}}