{"id":70682,"date":"2024-11-21T08:27:22","date_gmt":"2024-11-21T07:27:22","guid":{"rendered":"https:\/\/vosgesinfo.fr\/saintdieinfo\/?p=70682"},"modified":"2024-11-21T08:16:53","modified_gmt":"2024-11-21T07:16:53","slug":"le-club-vosgien-de-saint-die-des-vosges-organise-une-randonnee-au-profit-du-telethon","status":"publish","type":"post","link":"https:\/\/vosgesinfo.fr\/saintdieinfo\/2024\/11\/le-club-vosgien-de-saint-die-des-vosges-organise-une-randonnee-au-profit-du-telethon\/","title":{"rendered":"Le Club Vosgien de Saint-Di\u00e9-des-Vosges organise une randonn\u00e9e au profit du T\u00e9l\u00e9thon"},"content":{"rendered":"<h2>Le Club Vosgien de Saint-Di\u00e9-des-Vosges se mobilise en faveur du T\u00e9l\u00e9thon, en organisant une randonn\u00e9e ouverte \u00e0 tous le samedi 30 novembre. Une randonn\u00e9e caritative dont le d\u00e9part sera donn\u00e9 \u00e0 13h30 au pied de la Tour de la Libert\u00e9. Une participation de 2,50\u20ac est demand\u00e9e \u00e0 chaque marcheuse et marcheur, sachant que la randonn\u00e9e est gratuite jusqu&rsquo;\u00e0 16 ans. La totalit\u00e9 de la somme des inscriptions sera ensuite revers\u00e9e int\u00e9gralement \u00e0 l&rsquo;AFM-T\u00e9l\u00e9thon.<\/h2>\n<p><!--more--><\/p>\n<p><a href=\"https:\/\/vosgesinfo.fr\/app\/uploads\/sites\/4\/2024\/11\/club-vosgien-sddv-randonnee-telethon.jpeg\"><img decoding=\"async\" class=\"alignnone size-large wp-image-70683\" src=\"https:\/\/vosgesinfo.fr\/app\/uploads\/sites\/4\/2024\/11\/club-vosgien-sddv-randonnee-telethon-724x1024.jpeg\" alt=\"\" width=\"724\" height=\"1024\" srcset=\"https:\/\/vosgesinfo.fr\/app\/uploads\/sites\/4\/2024\/11\/club-vosgien-sddv-randonnee-telethon-724x1024.jpeg 724w, https:\/\/vosgesinfo.fr\/app\/uploads\/sites\/4\/2024\/11\/club-vosgien-sddv-randonnee-telethon-212x300.jpeg 212w, https:\/\/vosgesinfo.fr\/app\/uploads\/sites\/4\/2024\/11\/club-vosgien-sddv-randonnee-telethon-768x1086.jpeg 768w, https:\/\/vosgesinfo.fr\/app\/uploads\/sites\/4\/2024\/11\/club-vosgien-sddv-randonnee-telethon-1086x1536.jpeg 1086w, https:\/\/vosgesinfo.fr\/app\/uploads\/sites\/4\/2024\/11\/club-vosgien-sddv-randonnee-telethon-1448x2048.jpeg 1448w, https:\/\/vosgesinfo.fr\/app\/uploads\/sites\/4\/2024\/11\/club-vosgien-sddv-randonnee-telethon.jpeg 1653w\" sizes=\"(max-width: 724px) 100vw, 724px\" \/><\/a><\/p>\n","protected":false},"excerpt":{"rendered":"<p>Le Club Vosgien de Saint-Di\u00e9-des-Vosges se mobilise en faveur du T\u00e9l\u00e9thon, en organisant une randonn\u00e9e ouverte \u00e0 tous le samedi [&hellip;]<\/p>\n","protected":false},"author":46,"featured_media":43891,"comment_status":"open","ping_status":"open","sticky":false,"template":"","format":"standard","meta":{"footnotes":""},"categories":[3900,167,29,17],"tags":[5186,3923,15355],"class_list":["post-70682","post","type-post","status-publish","format-standard","has-post-thumbnail","hentry","category-breves","category-saint-die-des-vosges","category-solidarite","category-vie-associative","tag-afm-telethon","tag-club-vosgien-de-saint-die-des-vosges","tag-telethon-2024"],"acf":[],"yoast_head":"<!-- This site is optimized with the Yoast SEO plugin v22.5 - https:\/\/yoast.com\/wordpress\/plugins\/seo\/ -->\n<title>Le Club Vosgien de Saint-Di\u00e9-des-Vosges organise une randonn\u00e9e au profit du T\u00e9l\u00e9thon - Saint Die Info<\/title>\n<meta name=\"robots\" content=\"index, follow, max-snippet:-1, max-image-preview:large, max-video-preview:-1\" \/>\n<link rel=\"canonical\" href=\"https:\/\/vosgesinfo.fr\/saintdieinfo\/?p=70682\" \/>\n<meta name=\"twitter:card\" content=\"summary_large_image\" \/>\n<meta name=\"twitter:title\" content=\"Le Club Vosgien de Saint-Di\u00e9-des-Vosges organise une randonn\u00e9e au profit du T\u00e9l\u00e9thon - Saint Die Info\" \/>\n<meta name=\"twitter:description\" content=\"Le Club Vosgien de Saint-Di\u00e9-des-Vosges se mobilise en faveur du T\u00e9l\u00e9thon, en organisant une randonn\u00e9e ouverte \u00e0 tous le samedi [&hellip;]\" \/>\n<meta name=\"twitter:image\" content=\"https:\/\/vosgesinfo.fr\/app\/uploads\/sites\/4\/2024\/11\/club-vosgien-sddv-randonnee-telethon-724x1024.jpeg\" \/>\n<meta name=\"twitter:creator\" content=\"@VosgesInfo88\" \/>\n<meta name=\"twitter:site\" content=\"@VosgesInfo88\" \/>\n<meta name=\"twitter:label1\" content=\"\u00c9crit par\" \/>\n\t<meta name=\"twitter:data1\" content=\"J.J.\" \/>\n<script type=\"application\/ld+json\" class=\"yoast-schema-graph\">{\"@context\":\"https:\/\/schema.org\",\"@graph\":[{\"@type\":\"Article\",\"@id\":\"https:\/\/vosgesinfo.fr\/saintdieinfo\/?p=70682#article\",\"isPartOf\":{\"@id\":\"https:\/\/vosgesinfo.fr\/saintdieinfo\/?p=70682\"},\"author\":{\"name\":\"J.J.\",\"@id\":\"https:\/\/vosgesinfo.fr\/saintdieinfo\/#\/schema\/person\/fa73e9f726d67bb88f46d5b7943cb572\"},\"headline\":\"Le Club Vosgien de Saint-Di\u00e9-des-Vosges organise une randonn\u00e9e au profit du T\u00e9l\u00e9thon\",\"datePublished\":\"2024-11-21T07:27:22+00:00\",\"dateModified\":\"2024-11-21T07:16:53+00:00\",\"mainEntityOfPage\":{\"@id\":\"https:\/\/vosgesinfo.fr\/saintdieinfo\/?p=70682\"},\"wordCount\":95,\"commentCount\":0,\"publisher\":{\"@id\":\"https:\/\/vosgesinfo.fr\/saintdieinfo\/#organization\"},\"image\":{\"@id\":\"https:\/\/vosgesinfo.fr\/saintdieinfo\/?p=70682#primaryimage\"},\"thumbnailUrl\":\"https:\/\/vosgesinfo.fr\/app\/uploads\/sites\/4\/2024\/08\/201604club-vosgien-logo-01.jpe\",\"keywords\":[\"AFM T\u00e9l\u00e9thon\",\"Club Vosgien de Saint-Di\u00e9-des-Vosges\",\"T\u00e9l\u00e9thon 2024\"],\"articleSection\":[\"Br\u00e8ves\",\"Saint-Di\u00e9-des-Vosges\",\"Solidarit\u00e9\",\"Vie Associative\"],\"inLanguage\":\"fr-FR\",\"potentialAction\":[{\"@type\":\"CommentAction\",\"name\":\"Comment\",\"target\":[\"https:\/\/vosgesinfo.fr\/saintdieinfo\/?p=70682#respond\"]}]},{\"@type\":\"WebPage\",\"@id\":\"https:\/\/vosgesinfo.fr\/saintdieinfo\/?p=70682\",\"url\":\"https:\/\/vosgesinfo.fr\/saintdieinfo\/?p=70682\",\"name\":\"Le Club Vosgien de Saint-Di\u00e9-des-Vosges organise une randonn\u00e9e au profit du T\u00e9l\u00e9thon - Saint Die Info\",\"isPartOf\":{\"@id\":\"https:\/\/vosgesinfo.fr\/saintdieinfo\/#website\"},\"primaryImageOfPage\":{\"@id\":\"https:\/\/vosgesinfo.fr\/saintdieinfo\/?p=70682#primaryimage\"},\"image\":{\"@id\":\"https:\/\/vosgesinfo.fr\/saintdieinfo\/?p=70682#primaryimage\"},\"thumbnailUrl\":\"https:\/\/vosgesinfo.fr\/app\/uploads\/sites\/4\/2024\/08\/201604club-vosgien-logo-01.jpe\",\"datePublished\":\"2024-11-21T07:27:22+00:00\",\"dateModified\":\"2024-11-21T07:16:53+00:00\",\"breadcrumb\":{\"@id\":\"https:\/\/vosgesinfo.fr\/saintdieinfo\/?p=70682#breadcrumb\"},\"inLanguage\":\"fr-FR\",\"potentialAction\":[{\"@type\":\"ReadAction\",\"target\":[\"https:\/\/vosgesinfo.fr\/saintdieinfo\/?p=70682\"]}]},{\"@type\":\"ImageObject\",\"inLanguage\":\"fr-FR\",\"@id\":\"https:\/\/vosgesinfo.fr\/saintdieinfo\/?p=70682#primaryimage\",\"url\":\"https:\/\/vosgesinfo.fr\/app\/uploads\/sites\/4\/2024\/08\/201604club-vosgien-logo-01.jpe\",\"contentUrl\":\"https:\/\/vosgesinfo.fr\/app\/uploads\/sites\/4\/2024\/08\/201604club-vosgien-logo-01.jpe\",\"width\":369,\"height\":474},{\"@type\":\"BreadcrumbList\",\"@id\":\"https:\/\/vosgesinfo.fr\/saintdieinfo\/?p=70682#breadcrumb\",\"itemListElement\":[{\"@type\":\"ListItem\",\"position\":1,\"name\":\"Home\",\"item\":\"https:\/\/vosgesinfo.fr\/saintdieinfo\/\"},{\"@type\":\"ListItem\",\"position\":2,\"name\":\"Le Club Vosgien de Saint-Di\u00e9-des-Vosges organise une randon\u00e9e au profit du T\u00e9l\u00e9thon\"}]},{\"@type\":\"WebSite\",\"@id\":\"https:\/\/vosgesinfo.fr\/saintdieinfo\/#website\",\"url\":\"https:\/\/vosgesinfo.fr\/saintdieinfo\/\",\"name\":\"Saint Die Info\",\"description\":\"Toute l&#039;actualit\u00e9 de Saint-Di\u00e9-Des-Vosges\",\"publisher\":{\"@id\":\"https:\/\/vosgesinfo.fr\/saintdieinfo\/#organization\"},\"alternateName\":\"Toute l'actualit\u00e9 de Saint-Di\u00e9-Des-Vosges\",\"potentialAction\":[{\"@type\":\"SearchAction\",\"target\":{\"@type\":\"EntryPoint\",\"urlTemplate\":\"https:\/\/vosgesinfo.fr\/saintdieinfo\/?s={search_term_string}\"},\"query-input\":\"required name=search_term_string\"}],\"inLanguage\":\"fr-FR\"},{\"@type\":\"Organization\",\"@id\":\"https:\/\/vosgesinfo.fr\/saintdieinfo\/#organization\",\"name\":\"Saint Die Info\",\"url\":\"https:\/\/vosgesinfo.fr\/saintdieinfo\/\",\"logo\":{\"@type\":\"ImageObject\",\"inLanguage\":\"fr-FR\",\"@id\":\"https:\/\/vosgesinfo.fr\/saintdieinfo\/#\/schema\/logo\/image\/\",\"url\":\"https:\/\/vosgesinfo.fr\/app\/uploads\/sites\/4\/2024\/02\/logo-sdi.jpg\",\"contentUrl\":\"https:\/\/vosgesinfo.fr\/app\/uploads\/sites\/4\/2024\/02\/logo-sdi.jpg\",\"width\":600,\"height\":600,\"caption\":\"Saint Die Info\"},\"image\":{\"@id\":\"https:\/\/vosgesinfo.fr\/saintdieinfo\/#\/schema\/logo\/image\/\"},\"sameAs\":[\"https:\/\/www.facebook.com\/Saintdieinfofr\",\"https:\/\/x.com\/VosgesInfo88\",\"https:\/\/www.youtube.com\/@vosgesinfo\"]},{\"@type\":\"Person\",\"@id\":\"https:\/\/vosgesinfo.fr\/saintdieinfo\/#\/schema\/person\/fa73e9f726d67bb88f46d5b7943cb572\",\"name\":\"J.J.\",\"image\":{\"@type\":\"ImageObject\",\"inLanguage\":\"fr-FR\",\"@id\":\"https:\/\/vosgesinfo.fr\/saintdieinfo\/#\/schema\/person\/image\/\",\"url\":\"https:\/\/secure.gravatar.com\/avatar\/219e749e47ffbcca018a360ae4add7d4cdf1cdaaf8bc7676b27efade3fe65615?s=96&d=mm&r=g\",\"contentUrl\":\"https:\/\/secure.gravatar.com\/avatar\/219e749e47ffbcca018a360ae4add7d4cdf1cdaaf8bc7676b27efade3fe65615?s=96&d=mm&r=g\",\"caption\":\"J.J.\"},\"url\":\"https:\/\/vosgesinfo.fr\/saintdieinfo\/author\/j-j\/\"}]}<\/script>\n<!-- \/ Yoast SEO plugin. -->","yoast_head_json":{"title":"Le Club Vosgien de Saint-Di\u00e9-des-Vosges organise une randonn\u00e9e au profit du T\u00e9l\u00e9thon - Saint Die Info","robots":{"index":"index","follow":"follow","max-snippet":"max-snippet:-1","max-image-preview":"max-image-preview:large","max-video-preview":"max-video-preview:-1"},"canonical":"https:\/\/vosgesinfo.fr\/saintdieinfo\/?p=70682","twitter_card":"summary_large_image","twitter_title":"Le Club Vosgien de Saint-Di\u00e9-des-Vosges organise une randonn\u00e9e au profit du T\u00e9l\u00e9thon - Saint Die Info","twitter_description":"Le Club Vosgien de Saint-Di\u00e9-des-Vosges se mobilise en faveur du T\u00e9l\u00e9thon, en organisant une randonn\u00e9e ouverte \u00e0 tous le samedi [&hellip;]","twitter_image":"https:\/\/vosgesinfo.fr\/app\/uploads\/sites\/4\/2024\/11\/club-vosgien-sddv-randonnee-telethon-724x1024.jpeg","twitter_creator":"@VosgesInfo88","twitter_site":"@VosgesInfo88","twitter_misc":{"\u00c9crit par":"J.J."},"schema":{"@context":"https:\/\/schema.org","@graph":[{"@type":"Article","@id":"https:\/\/vosgesinfo.fr\/saintdieinfo\/?p=70682#article","isPartOf":{"@id":"https:\/\/vosgesinfo.fr\/saintdieinfo\/?p=70682"},"author":{"name":"J.J.","@id":"https:\/\/vosgesinfo.fr\/saintdieinfo\/#\/schema\/person\/fa73e9f726d67bb88f46d5b7943cb572"},"headline":"Le Club Vosgien de Saint-Di\u00e9-des-Vosges organise une randonn\u00e9e au profit du T\u00e9l\u00e9thon","datePublished":"2024-11-21T07:27:22+00:00","dateModified":"2024-11-21T07:16:53+00:00","mainEntityOfPage":{"@id":"https:\/\/vosgesinfo.fr\/saintdieinfo\/?p=70682"},"wordCount":95,"commentCount":0,"publisher":{"@id":"https:\/\/vosgesinfo.fr\/saintdieinfo\/#organization"},"image":{"@id":"https:\/\/vosgesinfo.fr\/saintdieinfo\/?p=70682#primaryimage"},"thumbnailUrl":"https:\/\/vosgesinfo.fr\/app\/uploads\/sites\/4\/2024\/08\/201604club-vosgien-logo-01.jpe","keywords":["AFM T\u00e9l\u00e9thon","Club Vosgien de Saint-Di\u00e9-des-Vosges","T\u00e9l\u00e9thon 2024"],"articleSection":["Br\u00e8ves","Saint-Di\u00e9-des-Vosges","Solidarit\u00e9","Vie Associative"],"inLanguage":"fr-FR","potentialAction":[{"@type":"CommentAction","name":"Comment","target":["https:\/\/vosgesinfo.fr\/saintdieinfo\/?p=70682#respond"]}]},{"@type":"WebPage","@id":"https:\/\/vosgesinfo.fr\/saintdieinfo\/?p=70682","url":"https:\/\/vosgesinfo.fr\/saintdieinfo\/?p=70682","name":"Le Club Vosgien de Saint-Di\u00e9-des-Vosges organise une randonn\u00e9e au profit du T\u00e9l\u00e9thon - Saint Die Info","isPartOf":{"@id":"https:\/\/vosgesinfo.fr\/saintdieinfo\/#website"},"primaryImageOfPage":{"@id":"https:\/\/vosgesinfo.fr\/saintdieinfo\/?p=70682#primaryimage"},"image":{"@id":"https:\/\/vosgesinfo.fr\/saintdieinfo\/?p=70682#primaryimage"},"thumbnailUrl":"https:\/\/vosgesinfo.fr\/app\/uploads\/sites\/4\/2024\/08\/201604club-vosgien-logo-01.jpe","datePublished":"2024-11-21T07:27:22+00:00","dateModified":"2024-11-21T07:16:53+00:00","breadcrumb":{"@id":"https:\/\/vosgesinfo.fr\/saintdieinfo\/?p=70682#breadcrumb"},"inLanguage":"fr-FR","potentialAction":[{"@type":"ReadAction","target":["https:\/\/vosgesinfo.fr\/saintdieinfo\/?p=70682"]}]},{"@type":"ImageObject","inLanguage":"fr-FR","@id":"https:\/\/vosgesinfo.fr\/saintdieinfo\/?p=70682#primaryimage","url":"https:\/\/vosgesinfo.fr\/app\/uploads\/sites\/4\/2024\/08\/201604club-vosgien-logo-01.jpe","contentUrl":"https:\/\/vosgesinfo.fr\/app\/uploads\/sites\/4\/2024\/08\/201604club-vosgien-logo-01.jpe","width":369,"height":474},{"@type":"BreadcrumbList","@id":"https:\/\/vosgesinfo.fr\/saintdieinfo\/?p=70682#breadcrumb","itemListElement":[{"@type":"ListItem","position":1,"name":"Home","item":"https:\/\/vosgesinfo.fr\/saintdieinfo\/"},{"@type":"ListItem","position":2,"name":"Le Club Vosgien de Saint-Di\u00e9-des-Vosges organise une randon\u00e9e au profit du T\u00e9l\u00e9thon"}]},{"@type":"WebSite","@id":"https:\/\/vosgesinfo.fr\/saintdieinfo\/#website","url":"https:\/\/vosgesinfo.fr\/saintdieinfo\/","name":"Saint Die Info","description":"Toute l&#039;actualit\u00e9 de Saint-Di\u00e9-Des-Vosges","publisher":{"@id":"https:\/\/vosgesinfo.fr\/saintdieinfo\/#organization"},"alternateName":"Toute l'actualit\u00e9 de Saint-Di\u00e9-Des-Vosges","potentialAction":[{"@type":"SearchAction","target":{"@type":"EntryPoint","urlTemplate":"https:\/\/vosgesinfo.fr\/saintdieinfo\/?s={search_term_string}"},"query-input":"required name=search_term_string"}],"inLanguage":"fr-FR"},{"@type":"Organization","@id":"https:\/\/vosgesinfo.fr\/saintdieinfo\/#organization","name":"Saint Die Info","url":"https:\/\/vosgesinfo.fr\/saintdieinfo\/","logo":{"@type":"ImageObject","inLanguage":"fr-FR","@id":"https:\/\/vosgesinfo.fr\/saintdieinfo\/#\/schema\/logo\/image\/","url":"https:\/\/vosgesinfo.fr\/app\/uploads\/sites\/4\/2024\/02\/logo-sdi.jpg","contentUrl":"https:\/\/vosgesinfo.fr\/app\/uploads\/sites\/4\/2024\/02\/logo-sdi.jpg","width":600,"height":600,"caption":"Saint Die Info"},"image":{"@id":"https:\/\/vosgesinfo.fr\/saintdieinfo\/#\/schema\/logo\/image\/"},"sameAs":["https:\/\/www.facebook.com\/Saintdieinfofr","https:\/\/x.com\/VosgesInfo88","https:\/\/www.youtube.com\/@vosgesinfo"]},{"@type":"Person","@id":"https:\/\/vosgesinfo.fr\/saintdieinfo\/#\/schema\/person\/fa73e9f726d67bb88f46d5b7943cb572","name":"J.J.","image":{"@type":"ImageObject","inLanguage":"fr-FR","@id":"https:\/\/vosgesinfo.fr\/saintdieinfo\/#\/schema\/person\/image\/","url":"https:\/\/secure.gravatar.com\/avatar\/219e749e47ffbcca018a360ae4add7d4cdf1cdaaf8bc7676b27efade3fe65615?s=96&d=mm&r=g","contentUrl":"https:\/\/secure.gravatar.com\/avatar\/219e749e47ffbcca018a360ae4add7d4cdf1cdaaf8bc7676b27efade3fe65615?s=96&d=mm&r=g","caption":"J.J."},"url":"https:\/\/vosgesinfo.fr\/saintdieinfo\/author\/j-j\/"}]}},"_links":{"self":[{"href":"https:\/\/vosgesinfo.fr\/saintdieinfo\/wp-json\/wp\/v2\/posts\/70682","targetHints":{"allow":["GET"]}}],"collection":[{"href":"https:\/\/vosgesinfo.fr\/saintdieinfo\/wp-json\/wp\/v2\/posts"}],"about":[{"href":"https:\/\/vosgesinfo.fr\/saintdieinfo\/wp-json\/wp\/v2\/types\/post"}],"author":[{"embeddable":true,"href":"https:\/\/vosgesinfo.fr\/saintdieinfo\/wp-json\/wp\/v2\/users\/46"}],"replies":[{"embeddable":true,"href":"https:\/\/vosgesinfo.fr\/saintdieinfo\/wp-json\/wp\/v2\/comments?post=70682"}],"version-history":[{"count":1,"href":"https:\/\/vosgesinfo.fr\/saintdieinfo\/wp-json\/wp\/v2\/posts\/70682\/revisions"}],"predecessor-version":[{"id":70684,"href":"https:\/\/vosgesinfo.fr\/saintdieinfo\/wp-json\/wp\/v2\/posts\/70682\/revisions\/70684"}],"wp:featuredmedia":[{"embeddable":true,"href":"https:\/\/vosgesinfo.fr\/saintdieinfo\/wp-json\/wp\/v2\/media\/43891"}],"wp:attachment":[{"href":"https:\/\/vosgesinfo.fr\/saintdieinfo\/wp-json\/wp\/v2\/media?parent=70682"}],"wp:term":[{"taxonomy":"category","embeddable":true,"href":"https:\/\/vosgesinfo.fr\/saintdieinfo\/wp-json\/wp\/v2\/categories?post=70682"},{"taxonomy":"post_tag","embeddable":true,"href":"https:\/\/vosgesinfo.fr\/saintdieinfo\/wp-json\/wp\/v2\/tags?post=70682"}],"curies":[{"name":"wp","href":"https:\/\/api.w.org\/{rel}","templated":true}]}}