{"id":71055,"date":"2024-11-28T09:40:24","date_gmt":"2024-11-28T08:40:24","guid":{"rendered":"https:\/\/vosgesinfo.fr\/saintdieinfo\/?p=71055"},"modified":"2024-11-28T09:30:40","modified_gmt":"2024-11-28T08:30:40","slug":"rencontre-intergenerationnelle-autour-des-jop-de-paris-2024-a-la-residence-de-lage-dor","status":"publish","type":"post","link":"https:\/\/vosgesinfo.fr\/saintdieinfo\/2024\/11\/rencontre-intergenerationnelle-autour-des-jop-de-paris-2024-a-la-residence-de-lage-dor\/","title":{"rendered":"Rencontre interg\u00e9n\u00e9rationnelle autour des JOP de Paris 2024 \u00e0 la R\u00e9sidence de l&rsquo;\u00c2ge d&rsquo;Or"},"content":{"rendered":"<p><a href=\"https:\/\/vosgesinfo.fr\/app\/uploads\/sites\/4\/2024\/11\/rencontre-intergenerationnelle-residence-age-dor-1.jpg\"><img decoding=\"async\" class=\"alignnone wp-image-71050 size-large\" src=\"https:\/\/vosgesinfo.fr\/app\/uploads\/sites\/4\/2024\/11\/rencontre-intergenerationnelle-residence-age-dor-1-1024x768.jpg\" alt=\"\" width=\"1024\" height=\"768\" srcset=\"https:\/\/vosgesinfo.fr\/app\/uploads\/sites\/4\/2024\/11\/rencontre-intergenerationnelle-residence-age-dor-1-1024x768.jpg 1024w, https:\/\/vosgesinfo.fr\/app\/uploads\/sites\/4\/2024\/11\/rencontre-intergenerationnelle-residence-age-dor-1-300x225.jpg 300w, https:\/\/vosgesinfo.fr\/app\/uploads\/sites\/4\/2024\/11\/rencontre-intergenerationnelle-residence-age-dor-1-768x576.jpg 768w, https:\/\/vosgesinfo.fr\/app\/uploads\/sites\/4\/2024\/11\/rencontre-intergenerationnelle-residence-age-dor-1-1536x1152.jpg 1536w, https:\/\/vosgesinfo.fr\/app\/uploads\/sites\/4\/2024\/11\/rencontre-intergenerationnelle-residence-age-dor-1.jpg 1600w\" sizes=\"(max-width: 1024px) 100vw, 1024px\" \/><\/a><\/p>\n<h2>Les dessins des enfants de l&rsquo;accueil p\u00e9riscolaire des \u00e9coles d\u00e9odatiennes, sur le th\u00e8me \u00ab\u00a0Entre dans le monde des JOP de Paris 2024\u00a0\u00bb, se sont r\u00e9cemment expos\u00e9s \u00e0 la R\u00e9sidence l&rsquo;Alsace. Ces m\u00eames dessins viennent de s&rsquo;installer sur les murs de la R\u00e9sidence de l&rsquo;\u00c2ge d&rsquo;Or.<\/h2>\n<p><!--more--><\/p>\n<p>C&rsquo;est autour de cette exposition qu&rsquo;une nouvelle rencontre interg\u00e9n\u00e9rationnelle y \u00e9tait organis\u00e9e hier mercredi apr\u00e8s-midi, toujours chapeaut\u00e9 par la conseill\u00e8re municipale d\u00e9l\u00e9gu\u00e9e Roselyne Froment. Quatre \u00e9l\u00e8ves volontaires, Syana, L\u00e9ana, Hana\u00eb et Manu ont particip\u00e9 \u00e0 cette rencontre interg\u00e9n\u00e9rationnelle \u00e0 la R\u00e9sidence de l&rsquo;\u00c2ge d&rsquo;Or.<\/p>\n<p>Sous forme de quiz, les r\u00e9sidents et les jeunes D\u00e9odatiens ont tent\u00e9 de r\u00e9pondre \u00e0 une vingtaine de questions, telles que\u00a0: \u00ab\u00a0Quand eurent lieu les premiers Jeux Olympiques\u00a0?\u00a0\u00bb\u00a0; \u00ab\u00a0Quelles sont les valeurs de la flamme olympique ?\u00a0\u00bb\u00a0; \u00ab\u00a0Qui est le champion olympique de natation\u00a0?\u00a0\u00bb\u00a0; \u00ab\u00a0Qui a allum\u00e9 la vasque olympique\u00a0?\u00a0\u00bb&#8230; et bien d&rsquo;autres questions. Ces \u00e9changes interg\u00e9n\u00e9rationnels se sont conclus autour d&rsquo;un go\u00fbter partag\u00e9.<\/p>\n<p>\u00ab\u00a0Ce quizz a bien plu aux r\u00e9sidents qui ont chercher entre eux les bonnes r\u00e9ponses.<\/p>\n<p>La prochaine exposition aura lieu \u00e0 la maison de retraite de Foucharupt le 11 d\u00e9cembre\u00a0\u00bb pr\u00e9cise Roselyne Froment, qui tient \u00e0 remercier \u00ab\u00a0le personnel de la R\u00e9sidence de l&rsquo;\u00c2ge d&rsquo;Or pour son accueil chaleureux\u00a0\u00bb.<\/p>\n<p>J.J.<\/p>\n<p><a href=\"https:\/\/vosgesinfo.fr\/app\/uploads\/sites\/4\/2024\/11\/rencontre-intergenerationnelle-residence-age-dor-2.jpg\"><img decoding=\"async\" class=\"alignnone size-large wp-image-71051\" src=\"https:\/\/vosgesinfo.fr\/app\/uploads\/sites\/4\/2024\/11\/rencontre-intergenerationnelle-residence-age-dor-2-1024x768.jpg\" alt=\"\" width=\"1024\" height=\"768\" srcset=\"https:\/\/vosgesinfo.fr\/app\/uploads\/sites\/4\/2024\/11\/rencontre-intergenerationnelle-residence-age-dor-2-1024x768.jpg 1024w, https:\/\/vosgesinfo.fr\/app\/uploads\/sites\/4\/2024\/11\/rencontre-intergenerationnelle-residence-age-dor-2-300x225.jpg 300w, https:\/\/vosgesinfo.fr\/app\/uploads\/sites\/4\/2024\/11\/rencontre-intergenerationnelle-residence-age-dor-2-768x576.jpg 768w, https:\/\/vosgesinfo.fr\/app\/uploads\/sites\/4\/2024\/11\/rencontre-intergenerationnelle-residence-age-dor-2-1536x1152.jpg 1536w, https:\/\/vosgesinfo.fr\/app\/uploads\/sites\/4\/2024\/11\/rencontre-intergenerationnelle-residence-age-dor-2.jpg 1600w\" sizes=\"(max-width: 1024px) 100vw, 1024px\" \/><\/a><\/p>\n","protected":false},"excerpt":{"rendered":"<p>Les dessins des enfants de l&rsquo;accueil p\u00e9riscolaire des \u00e9coles d\u00e9odatiennes, sur le th\u00e8me \u00ab\u00a0Entre dans le monde des JOP de [&hellip;]<\/p>\n","protected":false},"author":46,"featured_media":71050,"comment_status":"open","ping_status":"open","sticky":false,"template":"","format":"standard","meta":{"footnotes":""},"categories":[460,3532,167],"tags":[5928,4034,4033,5559],"class_list":["post-71055","post","type-post","status-publish","format-standard","has-post-thumbnail","hentry","category-a-la-une","category-enfants","category-saint-die-des-vosges","tag-jop-de-paris-2024","tag-rencontre-intergenerationnelle","tag-residence-de-lage-dor","tag-roselyne-froment"],"acf":[],"yoast_head":"<!-- This site is optimized with the Yoast SEO plugin v22.5 - https:\/\/yoast.com\/wordpress\/plugins\/seo\/ -->\n<title>Rencontre interg\u00e9n\u00e9rationnelle autour des JOP de Paris 2024 \u00e0 la R\u00e9sidence de l&#039;\u00c2ge d&#039;Or - Saint Die Info<\/title>\n<meta name=\"robots\" content=\"index, follow, max-snippet:-1, max-image-preview:large, max-video-preview:-1\" \/>\n<link rel=\"canonical\" href=\"https:\/\/vosgesinfo.fr\/saintdieinfo\/?p=71055\" \/>\n<meta name=\"twitter:card\" content=\"summary_large_image\" \/>\n<meta name=\"twitter:title\" content=\"Rencontre interg\u00e9n\u00e9rationnelle autour des JOP de Paris 2024 \u00e0 la R\u00e9sidence de l&#039;\u00c2ge d&#039;Or - Saint Die Info\" \/>\n<meta name=\"twitter:description\" content=\"Les dessins des enfants de l&rsquo;accueil p\u00e9riscolaire des \u00e9coles d\u00e9odatiennes, sur le th\u00e8me \u00ab\u00a0Entre dans le monde des JOP de [&hellip;]\" \/>\n<meta name=\"twitter:image\" content=\"https:\/\/vosgesinfo.fr\/app\/uploads\/sites\/4\/2024\/11\/rencontre-intergenerationnelle-residence-age-dor-1-1024x768.jpg\" \/>\n<meta name=\"twitter:creator\" content=\"@VosgesInfo88\" \/>\n<meta name=\"twitter:site\" content=\"@VosgesInfo88\" \/>\n<meta name=\"twitter:label1\" content=\"\u00c9crit par\" \/>\n\t<meta name=\"twitter:data1\" content=\"J.J.\" \/>\n\t<meta name=\"twitter:label2\" content=\"Dur\u00e9e de lecture estim\u00e9e\" \/>\n\t<meta name=\"twitter:data2\" content=\"1 minute\" \/>\n<script type=\"application\/ld+json\" class=\"yoast-schema-graph\">{\"@context\":\"https:\/\/schema.org\",\"@graph\":[{\"@type\":\"Article\",\"@id\":\"https:\/\/vosgesinfo.fr\/saintdieinfo\/?p=71055#article\",\"isPartOf\":{\"@id\":\"https:\/\/vosgesinfo.fr\/saintdieinfo\/?p=71055\"},\"author\":{\"name\":\"J.J.\",\"@id\":\"https:\/\/vosgesinfo.fr\/saintdieinfo\/#\/schema\/person\/fa73e9f726d67bb88f46d5b7943cb572\"},\"headline\":\"Rencontre interg\u00e9n\u00e9rationnelle autour des JOP de Paris 2024 \u00e0 la R\u00e9sidence de l&rsquo;\u00c2ge d&rsquo;Or\",\"datePublished\":\"2024-11-28T08:40:24+00:00\",\"dateModified\":\"2024-11-28T08:30:40+00:00\",\"mainEntityOfPage\":{\"@id\":\"https:\/\/vosgesinfo.fr\/saintdieinfo\/?p=71055\"},\"wordCount\":257,\"commentCount\":0,\"publisher\":{\"@id\":\"https:\/\/vosgesinfo.fr\/saintdieinfo\/#organization\"},\"image\":{\"@id\":\"https:\/\/vosgesinfo.fr\/saintdieinfo\/?p=71055#primaryimage\"},\"thumbnailUrl\":\"https:\/\/vosgesinfo.fr\/app\/uploads\/sites\/4\/2024\/11\/rencontre-intergenerationnelle-residence-age-dor-1.jpg\",\"keywords\":[\"JOP de Paris 2024\",\"Rencontre interg\u00e9n\u00e9rationnelle\",\"R\u00e9sidence de l'\u00c2ge d'Or\",\"Roselyne Froment\"],\"articleSection\":[\"A la Une\",\"Enfants\",\"Saint-Di\u00e9-des-Vosges\"],\"inLanguage\":\"fr-FR\",\"potentialAction\":[{\"@type\":\"CommentAction\",\"name\":\"Comment\",\"target\":[\"https:\/\/vosgesinfo.fr\/saintdieinfo\/?p=71055#respond\"]}]},{\"@type\":\"WebPage\",\"@id\":\"https:\/\/vosgesinfo.fr\/saintdieinfo\/?p=71055\",\"url\":\"https:\/\/vosgesinfo.fr\/saintdieinfo\/?p=71055\",\"name\":\"Rencontre interg\u00e9n\u00e9rationnelle autour des JOP de Paris 2024 \u00e0 la R\u00e9sidence de l'\u00c2ge d'Or - Saint Die Info\",\"isPartOf\":{\"@id\":\"https:\/\/vosgesinfo.fr\/saintdieinfo\/#website\"},\"primaryImageOfPage\":{\"@id\":\"https:\/\/vosgesinfo.fr\/saintdieinfo\/?p=71055#primaryimage\"},\"image\":{\"@id\":\"https:\/\/vosgesinfo.fr\/saintdieinfo\/?p=71055#primaryimage\"},\"thumbnailUrl\":\"https:\/\/vosgesinfo.fr\/app\/uploads\/sites\/4\/2024\/11\/rencontre-intergenerationnelle-residence-age-dor-1.jpg\",\"datePublished\":\"2024-11-28T08:40:24+00:00\",\"dateModified\":\"2024-11-28T08:30:40+00:00\",\"breadcrumb\":{\"@id\":\"https:\/\/vosgesinfo.fr\/saintdieinfo\/?p=71055#breadcrumb\"},\"inLanguage\":\"fr-FR\",\"potentialAction\":[{\"@type\":\"ReadAction\",\"target\":[\"https:\/\/vosgesinfo.fr\/saintdieinfo\/?p=71055\"]}]},{\"@type\":\"ImageObject\",\"inLanguage\":\"fr-FR\",\"@id\":\"https:\/\/vosgesinfo.fr\/saintdieinfo\/?p=71055#primaryimage\",\"url\":\"https:\/\/vosgesinfo.fr\/app\/uploads\/sites\/4\/2024\/11\/rencontre-intergenerationnelle-residence-age-dor-1.jpg\",\"contentUrl\":\"https:\/\/vosgesinfo.fr\/app\/uploads\/sites\/4\/2024\/11\/rencontre-intergenerationnelle-residence-age-dor-1.jpg\",\"width\":1600,\"height\":1200},{\"@type\":\"BreadcrumbList\",\"@id\":\"https:\/\/vosgesinfo.fr\/saintdieinfo\/?p=71055#breadcrumb\",\"itemListElement\":[{\"@type\":\"ListItem\",\"position\":1,\"name\":\"Home\",\"item\":\"https:\/\/vosgesinfo.fr\/saintdieinfo\/\"},{\"@type\":\"ListItem\",\"position\":2,\"name\":\"Rencontre interg\u00e9n\u00e9rationnelle autour des JOP de Paris 2024 \u00e0 la R\u00e9sidence de l&#8217;\u00c2ge d&#8217;Or\"}]},{\"@type\":\"WebSite\",\"@id\":\"https:\/\/vosgesinfo.fr\/saintdieinfo\/#website\",\"url\":\"https:\/\/vosgesinfo.fr\/saintdieinfo\/\",\"name\":\"Saint Die Info\",\"description\":\"Toute l&#039;actualit\u00e9 de Saint-Di\u00e9-Des-Vosges\",\"publisher\":{\"@id\":\"https:\/\/vosgesinfo.fr\/saintdieinfo\/#organization\"},\"alternateName\":\"Toute l'actualit\u00e9 de Saint-Di\u00e9-Des-Vosges\",\"potentialAction\":[{\"@type\":\"SearchAction\",\"target\":{\"@type\":\"EntryPoint\",\"urlTemplate\":\"https:\/\/vosgesinfo.fr\/saintdieinfo\/?s={search_term_string}\"},\"query-input\":\"required name=search_term_string\"}],\"inLanguage\":\"fr-FR\"},{\"@type\":\"Organization\",\"@id\":\"https:\/\/vosgesinfo.fr\/saintdieinfo\/#organization\",\"name\":\"Saint Die Info\",\"url\":\"https:\/\/vosgesinfo.fr\/saintdieinfo\/\",\"logo\":{\"@type\":\"ImageObject\",\"inLanguage\":\"fr-FR\",\"@id\":\"https:\/\/vosgesinfo.fr\/saintdieinfo\/#\/schema\/logo\/image\/\",\"url\":\"https:\/\/vosgesinfo.fr\/app\/uploads\/sites\/4\/2024\/02\/logo-sdi.jpg\",\"contentUrl\":\"https:\/\/vosgesinfo.fr\/app\/uploads\/sites\/4\/2024\/02\/logo-sdi.jpg\",\"width\":600,\"height\":600,\"caption\":\"Saint Die Info\"},\"image\":{\"@id\":\"https:\/\/vosgesinfo.fr\/saintdieinfo\/#\/schema\/logo\/image\/\"},\"sameAs\":[\"https:\/\/www.facebook.com\/Saintdieinfofr\",\"https:\/\/x.com\/VosgesInfo88\",\"https:\/\/www.youtube.com\/@vosgesinfo\"]},{\"@type\":\"Person\",\"@id\":\"https:\/\/vosgesinfo.fr\/saintdieinfo\/#\/schema\/person\/fa73e9f726d67bb88f46d5b7943cb572\",\"name\":\"J.J.\",\"image\":{\"@type\":\"ImageObject\",\"inLanguage\":\"fr-FR\",\"@id\":\"https:\/\/vosgesinfo.fr\/saintdieinfo\/#\/schema\/person\/image\/\",\"url\":\"https:\/\/secure.gravatar.com\/avatar\/219e749e47ffbcca018a360ae4add7d4cdf1cdaaf8bc7676b27efade3fe65615?s=96&d=mm&r=g\",\"contentUrl\":\"https:\/\/secure.gravatar.com\/avatar\/219e749e47ffbcca018a360ae4add7d4cdf1cdaaf8bc7676b27efade3fe65615?s=96&d=mm&r=g\",\"caption\":\"J.J.\"},\"url\":\"https:\/\/vosgesinfo.fr\/saintdieinfo\/author\/j-j\/\"}]}<\/script>\n<!-- \/ Yoast SEO plugin. -->","yoast_head_json":{"title":"Rencontre interg\u00e9n\u00e9rationnelle autour des JOP de Paris 2024 \u00e0 la R\u00e9sidence de l'\u00c2ge d'Or - Saint Die Info","robots":{"index":"index","follow":"follow","max-snippet":"max-snippet:-1","max-image-preview":"max-image-preview:large","max-video-preview":"max-video-preview:-1"},"canonical":"https:\/\/vosgesinfo.fr\/saintdieinfo\/?p=71055","twitter_card":"summary_large_image","twitter_title":"Rencontre interg\u00e9n\u00e9rationnelle autour des JOP de Paris 2024 \u00e0 la R\u00e9sidence de l'\u00c2ge d'Or - Saint Die Info","twitter_description":"Les dessins des enfants de l&rsquo;accueil p\u00e9riscolaire des \u00e9coles d\u00e9odatiennes, sur le th\u00e8me \u00ab\u00a0Entre dans le monde des JOP de [&hellip;]","twitter_image":"https:\/\/vosgesinfo.fr\/app\/uploads\/sites\/4\/2024\/11\/rencontre-intergenerationnelle-residence-age-dor-1-1024x768.jpg","twitter_creator":"@VosgesInfo88","twitter_site":"@VosgesInfo88","twitter_misc":{"\u00c9crit par":"J.J.","Dur\u00e9e de lecture estim\u00e9e":"1 minute"},"schema":{"@context":"https:\/\/schema.org","@graph":[{"@type":"Article","@id":"https:\/\/vosgesinfo.fr\/saintdieinfo\/?p=71055#article","isPartOf":{"@id":"https:\/\/vosgesinfo.fr\/saintdieinfo\/?p=71055"},"author":{"name":"J.J.","@id":"https:\/\/vosgesinfo.fr\/saintdieinfo\/#\/schema\/person\/fa73e9f726d67bb88f46d5b7943cb572"},"headline":"Rencontre interg\u00e9n\u00e9rationnelle autour des JOP de Paris 2024 \u00e0 la R\u00e9sidence de l&rsquo;\u00c2ge d&rsquo;Or","datePublished":"2024-11-28T08:40:24+00:00","dateModified":"2024-11-28T08:30:40+00:00","mainEntityOfPage":{"@id":"https:\/\/vosgesinfo.fr\/saintdieinfo\/?p=71055"},"wordCount":257,"commentCount":0,"publisher":{"@id":"https:\/\/vosgesinfo.fr\/saintdieinfo\/#organization"},"image":{"@id":"https:\/\/vosgesinfo.fr\/saintdieinfo\/?p=71055#primaryimage"},"thumbnailUrl":"https:\/\/vosgesinfo.fr\/app\/uploads\/sites\/4\/2024\/11\/rencontre-intergenerationnelle-residence-age-dor-1.jpg","keywords":["JOP de Paris 2024","Rencontre interg\u00e9n\u00e9rationnelle","R\u00e9sidence de l'\u00c2ge d'Or","Roselyne Froment"],"articleSection":["A la Une","Enfants","Saint-Di\u00e9-des-Vosges"],"inLanguage":"fr-FR","potentialAction":[{"@type":"CommentAction","name":"Comment","target":["https:\/\/vosgesinfo.fr\/saintdieinfo\/?p=71055#respond"]}]},{"@type":"WebPage","@id":"https:\/\/vosgesinfo.fr\/saintdieinfo\/?p=71055","url":"https:\/\/vosgesinfo.fr\/saintdieinfo\/?p=71055","name":"Rencontre interg\u00e9n\u00e9rationnelle autour des JOP de Paris 2024 \u00e0 la R\u00e9sidence de l'\u00c2ge d'Or - Saint Die Info","isPartOf":{"@id":"https:\/\/vosgesinfo.fr\/saintdieinfo\/#website"},"primaryImageOfPage":{"@id":"https:\/\/vosgesinfo.fr\/saintdieinfo\/?p=71055#primaryimage"},"image":{"@id":"https:\/\/vosgesinfo.fr\/saintdieinfo\/?p=71055#primaryimage"},"thumbnailUrl":"https:\/\/vosgesinfo.fr\/app\/uploads\/sites\/4\/2024\/11\/rencontre-intergenerationnelle-residence-age-dor-1.jpg","datePublished":"2024-11-28T08:40:24+00:00","dateModified":"2024-11-28T08:30:40+00:00","breadcrumb":{"@id":"https:\/\/vosgesinfo.fr\/saintdieinfo\/?p=71055#breadcrumb"},"inLanguage":"fr-FR","potentialAction":[{"@type":"ReadAction","target":["https:\/\/vosgesinfo.fr\/saintdieinfo\/?p=71055"]}]},{"@type":"ImageObject","inLanguage":"fr-FR","@id":"https:\/\/vosgesinfo.fr\/saintdieinfo\/?p=71055#primaryimage","url":"https:\/\/vosgesinfo.fr\/app\/uploads\/sites\/4\/2024\/11\/rencontre-intergenerationnelle-residence-age-dor-1.jpg","contentUrl":"https:\/\/vosgesinfo.fr\/app\/uploads\/sites\/4\/2024\/11\/rencontre-intergenerationnelle-residence-age-dor-1.jpg","width":1600,"height":1200},{"@type":"BreadcrumbList","@id":"https:\/\/vosgesinfo.fr\/saintdieinfo\/?p=71055#breadcrumb","itemListElement":[{"@type":"ListItem","position":1,"name":"Home","item":"https:\/\/vosgesinfo.fr\/saintdieinfo\/"},{"@type":"ListItem","position":2,"name":"Rencontre interg\u00e9n\u00e9rationnelle autour des JOP de Paris 2024 \u00e0 la R\u00e9sidence de l&#8217;\u00c2ge d&#8217;Or"}]},{"@type":"WebSite","@id":"https:\/\/vosgesinfo.fr\/saintdieinfo\/#website","url":"https:\/\/vosgesinfo.fr\/saintdieinfo\/","name":"Saint Die Info","description":"Toute l&#039;actualit\u00e9 de Saint-Di\u00e9-Des-Vosges","publisher":{"@id":"https:\/\/vosgesinfo.fr\/saintdieinfo\/#organization"},"alternateName":"Toute l'actualit\u00e9 de Saint-Di\u00e9-Des-Vosges","potentialAction":[{"@type":"SearchAction","target":{"@type":"EntryPoint","urlTemplate":"https:\/\/vosgesinfo.fr\/saintdieinfo\/?s={search_term_string}"},"query-input":"required name=search_term_string"}],"inLanguage":"fr-FR"},{"@type":"Organization","@id":"https:\/\/vosgesinfo.fr\/saintdieinfo\/#organization","name":"Saint Die Info","url":"https:\/\/vosgesinfo.fr\/saintdieinfo\/","logo":{"@type":"ImageObject","inLanguage":"fr-FR","@id":"https:\/\/vosgesinfo.fr\/saintdieinfo\/#\/schema\/logo\/image\/","url":"https:\/\/vosgesinfo.fr\/app\/uploads\/sites\/4\/2024\/02\/logo-sdi.jpg","contentUrl":"https:\/\/vosgesinfo.fr\/app\/uploads\/sites\/4\/2024\/02\/logo-sdi.jpg","width":600,"height":600,"caption":"Saint Die Info"},"image":{"@id":"https:\/\/vosgesinfo.fr\/saintdieinfo\/#\/schema\/logo\/image\/"},"sameAs":["https:\/\/www.facebook.com\/Saintdieinfofr","https:\/\/x.com\/VosgesInfo88","https:\/\/www.youtube.com\/@vosgesinfo"]},{"@type":"Person","@id":"https:\/\/vosgesinfo.fr\/saintdieinfo\/#\/schema\/person\/fa73e9f726d67bb88f46d5b7943cb572","name":"J.J.","image":{"@type":"ImageObject","inLanguage":"fr-FR","@id":"https:\/\/vosgesinfo.fr\/saintdieinfo\/#\/schema\/person\/image\/","url":"https:\/\/secure.gravatar.com\/avatar\/219e749e47ffbcca018a360ae4add7d4cdf1cdaaf8bc7676b27efade3fe65615?s=96&d=mm&r=g","contentUrl":"https:\/\/secure.gravatar.com\/avatar\/219e749e47ffbcca018a360ae4add7d4cdf1cdaaf8bc7676b27efade3fe65615?s=96&d=mm&r=g","caption":"J.J."},"url":"https:\/\/vosgesinfo.fr\/saintdieinfo\/author\/j-j\/"}]}},"_links":{"self":[{"href":"https:\/\/vosgesinfo.fr\/saintdieinfo\/wp-json\/wp\/v2\/posts\/71055","targetHints":{"allow":["GET"]}}],"collection":[{"href":"https:\/\/vosgesinfo.fr\/saintdieinfo\/wp-json\/wp\/v2\/posts"}],"about":[{"href":"https:\/\/vosgesinfo.fr\/saintdieinfo\/wp-json\/wp\/v2\/types\/post"}],"author":[{"embeddable":true,"href":"https:\/\/vosgesinfo.fr\/saintdieinfo\/wp-json\/wp\/v2\/users\/46"}],"replies":[{"embeddable":true,"href":"https:\/\/vosgesinfo.fr\/saintdieinfo\/wp-json\/wp\/v2\/comments?post=71055"}],"version-history":[{"count":1,"href":"https:\/\/vosgesinfo.fr\/saintdieinfo\/wp-json\/wp\/v2\/posts\/71055\/revisions"}],"predecessor-version":[{"id":71056,"href":"https:\/\/vosgesinfo.fr\/saintdieinfo\/wp-json\/wp\/v2\/posts\/71055\/revisions\/71056"}],"wp:featuredmedia":[{"embeddable":true,"href":"https:\/\/vosgesinfo.fr\/saintdieinfo\/wp-json\/wp\/v2\/media\/71050"}],"wp:attachment":[{"href":"https:\/\/vosgesinfo.fr\/saintdieinfo\/wp-json\/wp\/v2\/media?parent=71055"}],"wp:term":[{"taxonomy":"category","embeddable":true,"href":"https:\/\/vosgesinfo.fr\/saintdieinfo\/wp-json\/wp\/v2\/categories?post=71055"},{"taxonomy":"post_tag","embeddable":true,"href":"https:\/\/vosgesinfo.fr\/saintdieinfo\/wp-json\/wp\/v2\/tags?post=71055"}],"curies":[{"name":"wp","href":"https:\/\/api.w.org\/{rel}","templated":true}]}}