{"id":71140,"date":"2024-11-29T17:27:52","date_gmt":"2024-11-29T16:27:52","guid":{"rendered":"https:\/\/vosgesinfo.fr\/saintdieinfo\/?p=71140"},"modified":"2024-11-29T17:17:53","modified_gmt":"2024-11-29T16:17:53","slug":"les-travaux-de-la-rue-de-la-menantille-sont-termines","status":"publish","type":"post","link":"https:\/\/vosgesinfo.fr\/saintdieinfo\/2024\/11\/les-travaux-de-la-rue-de-la-menantille-sont-termines\/","title":{"rendered":"Les travaux de la rue de la M\u00e9nantille sont termin\u00e9s"},"content":{"rendered":"<p><a href=\"https:\/\/vosgesinfo.fr\/app\/uploads\/sites\/4\/2024\/11\/fin-travaux-rue-menantille-scaled.jpg\"><img decoding=\"async\" class=\"alignnone size-large wp-image-71141\" src=\"https:\/\/vosgesinfo.fr\/app\/uploads\/sites\/4\/2024\/11\/fin-travaux-rue-menantille-1024x768.jpg\" alt=\"\" width=\"1024\" height=\"768\" srcset=\"https:\/\/vosgesinfo.fr\/app\/uploads\/sites\/4\/2024\/11\/fin-travaux-rue-menantille-1024x768.jpg 1024w, https:\/\/vosgesinfo.fr\/app\/uploads\/sites\/4\/2024\/11\/fin-travaux-rue-menantille-300x225.jpg 300w, https:\/\/vosgesinfo.fr\/app\/uploads\/sites\/4\/2024\/11\/fin-travaux-rue-menantille-768x576.jpg 768w, https:\/\/vosgesinfo.fr\/app\/uploads\/sites\/4\/2024\/11\/fin-travaux-rue-menantille-1536x1152.jpg 1536w, https:\/\/vosgesinfo.fr\/app\/uploads\/sites\/4\/2024\/11\/fin-travaux-rue-menantille-2048x1536.jpg 2048w\" sizes=\"(max-width: 1024px) 100vw, 1024px\" \/><\/a><\/p>\n<h2>D\u00e9but\u00e9s il y a pratiquement un an jour pour jour, tr\u00e8s pr\u00e9cis\u00e9ment le 20 novembre 2023, les travaux de r\u00e9fection de la rue de la M\u00e9nantille sont d\u00e9sormais termin\u00e9s. Et ce depuis quelques jours.<\/h2>\n<p><!--more--><\/p>\n<p>Comme l&rsquo;ont rappel\u00e9 le maire Bruno Toussaint et l&rsquo;adjoint aux Travaux Patrick Zanchetta ce vendredi matin, ces travaux \u00e9taient l&rsquo;un des principaux chantiers de l&rsquo;ann\u00e9e. La rue de la M\u00e9nantille, qui \u00e9tait en tr\u00e8s mauvais \u00e9tat, a fait peau neuve. La r\u00e9fection de voirie s&rsquo;\u00e9tend sur 350 m\u00e8tres, auxquels s&rsquo;ajoutent les 140 m\u00e8tres de la rue du Parc et l&rsquo;impasse d&rsquo;Hellieule.<\/p>\n<p>D\u00e9samiantage de la chauss\u00e9e, r\u00e9fection des r\u00e9seaux humides, eaux pluviales, us\u00e9es et potable, enfouissement des r\u00e9seaux secs \u2013 \u00e9lectricit\u00e9, t\u00e9l\u00e9phonie et fibre \u2013 remplacement du r\u00e9seau de gaz, am\u00e9nagements divers \u2013 voirie et trottoirs conformes \u00e0 la r\u00e9glementation Personnes \u00e0 Mobilit\u00e9 R\u00e9duite, d\u00e9simperm\u00e9abilisation d&rsquo;une partie de la voirie, cr\u00e9ation d&rsquo;espaces verts avec 420 m2 de v\u00e9g\u00e9tation plant\u00e9e, 480 m2 de places de stationnement en pav\u00e9s drainants, bordures en granit des Vosges, remplacement de l&rsquo;\u00e9clairage public, de la signalisation, installation de mobilier urbain (bancs, arceaux \u00e0 v\u00e9lo, corbeilles de tri, corbeilles canines)&#8230; cet axe tr\u00e8s emprunt\u00e9 a \u00e9t\u00e9 enti\u00e8rement refait.<\/p>\n<p>A noter que les stationnements ont \u00e9t\u00e9 r\u00e9alis\u00e9s en \u00ab encoche \u00bb, r\u00e9partis en 2 blocs alternativement de part et d&rsquo;autre de la rue. Ceci afin de donner une impression de chauss\u00e9e r\u00e9tr\u00e9cie&#8230; et ainsi contribuer \u00e0 diminuer la vitesse. A ce propos, le maire insiste que \u00ab les contr\u00f4les radars seront fr\u00e9quents et il n&rsquo;y aura pas de pr\u00e9vention. Nous verbaliserons imm\u00e9diatement. \u00bb<\/p>\n<p>Le montant total des travaux est de 1 601 865\u20ac, dont 30,35% ont pu \u00eatre subventionn\u00e9s, notamment dans le cadre de la dotation de soutien \u00e0 l&rsquo;investissement local, par l&rsquo;agence de l&rsquo;eau Rhin-Meuse e tle syndicat d\u00e9partemental d&rsquo;\u00e9lectricit\u00e9 des Vosges.<\/p>\n<p>La r\u00e9fection de la rue de la M\u00e9nantille d\u00e9sormais termin\u00e9e, l&rsquo;an prochain ce sera au tour de la rue du Nouvel H\u00f4pital d&rsquo;\u00eatre r\u00e9nov\u00e9e. Viendra ensuite l&rsquo;avenue du Cimeti\u00e8re Militaire, dont la chauss\u00e9e est l\u00e0 aussi tr\u00e8s d\u00e9grad\u00e9e.<\/p>\n<p>J.J.<\/p>\n","protected":false},"excerpt":{"rendered":"<p>D\u00e9but\u00e9s il y a pratiquement un an jour pour jour, tr\u00e8s pr\u00e9cis\u00e9ment le 20 novembre 2023, les travaux de r\u00e9fection [&hellip;]<\/p>\n","protected":false},"author":46,"featured_media":71141,"comment_status":"open","ping_status":"open","sticky":false,"template":"","format":"standard","meta":{"footnotes":""},"categories":[460,167],"tags":[4787,5085,3240],"class_list":["post-71140","post","type-post","status-publish","format-standard","has-post-thumbnail","hentry","category-a-la-une","category-saint-die-des-vosges","tag-rue-de-la-menantille","tag-travaux-de-refection-de-la-rue-de-la-menantille","tag-ville-de-saint-die-des-vosges"],"acf":[],"yoast_head":"<!-- This site is optimized with the Yoast SEO plugin v22.5 - https:\/\/yoast.com\/wordpress\/plugins\/seo\/ -->\n<title>Les travaux de la rue de la M\u00e9nantille sont termin\u00e9s - Saint Die Info<\/title>\n<meta name=\"robots\" content=\"index, follow, max-snippet:-1, max-image-preview:large, max-video-preview:-1\" \/>\n<link rel=\"canonical\" href=\"https:\/\/vosgesinfo.fr\/saintdieinfo\/?p=71140\" \/>\n<meta name=\"twitter:card\" content=\"summary_large_image\" \/>\n<meta name=\"twitter:title\" content=\"Les travaux de la rue de la M\u00e9nantille sont termin\u00e9s - Saint Die Info\" \/>\n<meta name=\"twitter:description\" content=\"D\u00e9but\u00e9s il y a pratiquement un an jour pour jour, tr\u00e8s pr\u00e9cis\u00e9ment le 20 novembre 2023, les travaux de r\u00e9fection [&hellip;]\" \/>\n<meta name=\"twitter:image\" content=\"https:\/\/vosgesinfo.fr\/app\/uploads\/sites\/4\/2024\/11\/fin-travaux-rue-menantille-scaled.jpg\" \/>\n<meta name=\"twitter:creator\" content=\"@VosgesInfo88\" \/>\n<meta name=\"twitter:site\" content=\"@VosgesInfo88\" \/>\n<meta name=\"twitter:label1\" content=\"\u00c9crit par\" \/>\n\t<meta name=\"twitter:data1\" content=\"J.J.\" \/>\n\t<meta name=\"twitter:label2\" content=\"Dur\u00e9e de lecture estim\u00e9e\" \/>\n\t<meta name=\"twitter:data2\" content=\"1 minute\" \/>\n<script type=\"application\/ld+json\" class=\"yoast-schema-graph\">{\"@context\":\"https:\/\/schema.org\",\"@graph\":[{\"@type\":\"Article\",\"@id\":\"https:\/\/vosgesinfo.fr\/saintdieinfo\/?p=71140#article\",\"isPartOf\":{\"@id\":\"https:\/\/vosgesinfo.fr\/saintdieinfo\/?p=71140\"},\"author\":{\"name\":\"J.J.\",\"@id\":\"https:\/\/vosgesinfo.fr\/saintdieinfo\/#\/schema\/person\/fa73e9f726d67bb88f46d5b7943cb572\"},\"headline\":\"Les travaux de la rue de la M\u00e9nantille sont termin\u00e9s\",\"datePublished\":\"2024-11-29T16:27:52+00:00\",\"dateModified\":\"2024-11-29T16:17:53+00:00\",\"mainEntityOfPage\":{\"@id\":\"https:\/\/vosgesinfo.fr\/saintdieinfo\/?p=71140\"},\"wordCount\":408,\"commentCount\":6,\"publisher\":{\"@id\":\"https:\/\/vosgesinfo.fr\/saintdieinfo\/#organization\"},\"image\":{\"@id\":\"https:\/\/vosgesinfo.fr\/saintdieinfo\/?p=71140#primaryimage\"},\"thumbnailUrl\":\"https:\/\/vosgesinfo.fr\/app\/uploads\/sites\/4\/2024\/11\/fin-travaux-rue-menantille-scaled.jpg\",\"keywords\":[\"Rue de la M\u00e9nantille\",\"Travaux de r\u00e9fection de la rue de la M\u00e9nantille\",\"Ville de Saint-Di\u00e9-des-Vosges\"],\"articleSection\":[\"A la Une\",\"Saint-Di\u00e9-des-Vosges\"],\"inLanguage\":\"fr-FR\",\"potentialAction\":[{\"@type\":\"CommentAction\",\"name\":\"Comment\",\"target\":[\"https:\/\/vosgesinfo.fr\/saintdieinfo\/?p=71140#respond\"]}]},{\"@type\":\"WebPage\",\"@id\":\"https:\/\/vosgesinfo.fr\/saintdieinfo\/?p=71140\",\"url\":\"https:\/\/vosgesinfo.fr\/saintdieinfo\/?p=71140\",\"name\":\"Les travaux de la rue de la M\u00e9nantille sont termin\u00e9s - Saint Die Info\",\"isPartOf\":{\"@id\":\"https:\/\/vosgesinfo.fr\/saintdieinfo\/#website\"},\"primaryImageOfPage\":{\"@id\":\"https:\/\/vosgesinfo.fr\/saintdieinfo\/?p=71140#primaryimage\"},\"image\":{\"@id\":\"https:\/\/vosgesinfo.fr\/saintdieinfo\/?p=71140#primaryimage\"},\"thumbnailUrl\":\"https:\/\/vosgesinfo.fr\/app\/uploads\/sites\/4\/2024\/11\/fin-travaux-rue-menantille-scaled.jpg\",\"datePublished\":\"2024-11-29T16:27:52+00:00\",\"dateModified\":\"2024-11-29T16:17:53+00:00\",\"breadcrumb\":{\"@id\":\"https:\/\/vosgesinfo.fr\/saintdieinfo\/?p=71140#breadcrumb\"},\"inLanguage\":\"fr-FR\",\"potentialAction\":[{\"@type\":\"ReadAction\",\"target\":[\"https:\/\/vosgesinfo.fr\/saintdieinfo\/?p=71140\"]}]},{\"@type\":\"ImageObject\",\"inLanguage\":\"fr-FR\",\"@id\":\"https:\/\/vosgesinfo.fr\/saintdieinfo\/?p=71140#primaryimage\",\"url\":\"https:\/\/vosgesinfo.fr\/app\/uploads\/sites\/4\/2024\/11\/fin-travaux-rue-menantille-scaled.jpg\",\"contentUrl\":\"https:\/\/vosgesinfo.fr\/app\/uploads\/sites\/4\/2024\/11\/fin-travaux-rue-menantille-scaled.jpg\",\"width\":2560,\"height\":1920},{\"@type\":\"BreadcrumbList\",\"@id\":\"https:\/\/vosgesinfo.fr\/saintdieinfo\/?p=71140#breadcrumb\",\"itemListElement\":[{\"@type\":\"ListItem\",\"position\":1,\"name\":\"Home\",\"item\":\"https:\/\/vosgesinfo.fr\/saintdieinfo\/\"},{\"@type\":\"ListItem\",\"position\":2,\"name\":\"Les travaux de la rue de la M\u00e9nantille sont termin\u00e9s\"}]},{\"@type\":\"WebSite\",\"@id\":\"https:\/\/vosgesinfo.fr\/saintdieinfo\/#website\",\"url\":\"https:\/\/vosgesinfo.fr\/saintdieinfo\/\",\"name\":\"Saint Die Info\",\"description\":\"Toute l&#039;actualit\u00e9 de Saint-Di\u00e9-Des-Vosges\",\"publisher\":{\"@id\":\"https:\/\/vosgesinfo.fr\/saintdieinfo\/#organization\"},\"alternateName\":\"Toute l'actualit\u00e9 de Saint-Di\u00e9-Des-Vosges\",\"potentialAction\":[{\"@type\":\"SearchAction\",\"target\":{\"@type\":\"EntryPoint\",\"urlTemplate\":\"https:\/\/vosgesinfo.fr\/saintdieinfo\/?s={search_term_string}\"},\"query-input\":\"required name=search_term_string\"}],\"inLanguage\":\"fr-FR\"},{\"@type\":\"Organization\",\"@id\":\"https:\/\/vosgesinfo.fr\/saintdieinfo\/#organization\",\"name\":\"Saint Die Info\",\"url\":\"https:\/\/vosgesinfo.fr\/saintdieinfo\/\",\"logo\":{\"@type\":\"ImageObject\",\"inLanguage\":\"fr-FR\",\"@id\":\"https:\/\/vosgesinfo.fr\/saintdieinfo\/#\/schema\/logo\/image\/\",\"url\":\"https:\/\/vosgesinfo.fr\/app\/uploads\/sites\/4\/2024\/02\/logo-sdi.jpg\",\"contentUrl\":\"https:\/\/vosgesinfo.fr\/app\/uploads\/sites\/4\/2024\/02\/logo-sdi.jpg\",\"width\":600,\"height\":600,\"caption\":\"Saint Die Info\"},\"image\":{\"@id\":\"https:\/\/vosgesinfo.fr\/saintdieinfo\/#\/schema\/logo\/image\/\"},\"sameAs\":[\"https:\/\/www.facebook.com\/Saintdieinfofr\",\"https:\/\/x.com\/VosgesInfo88\",\"https:\/\/www.youtube.com\/@vosgesinfo\"]},{\"@type\":\"Person\",\"@id\":\"https:\/\/vosgesinfo.fr\/saintdieinfo\/#\/schema\/person\/fa73e9f726d67bb88f46d5b7943cb572\",\"name\":\"J.J.\",\"image\":{\"@type\":\"ImageObject\",\"inLanguage\":\"fr-FR\",\"@id\":\"https:\/\/vosgesinfo.fr\/saintdieinfo\/#\/schema\/person\/image\/\",\"url\":\"https:\/\/secure.gravatar.com\/avatar\/219e749e47ffbcca018a360ae4add7d4cdf1cdaaf8bc7676b27efade3fe65615?s=96&d=mm&r=g\",\"contentUrl\":\"https:\/\/secure.gravatar.com\/avatar\/219e749e47ffbcca018a360ae4add7d4cdf1cdaaf8bc7676b27efade3fe65615?s=96&d=mm&r=g\",\"caption\":\"J.J.\"},\"url\":\"https:\/\/vosgesinfo.fr\/saintdieinfo\/author\/j-j\/\"}]}<\/script>\n<!-- \/ Yoast SEO plugin. -->","yoast_head_json":{"title":"Les travaux de la rue de la M\u00e9nantille sont termin\u00e9s - Saint Die Info","robots":{"index":"index","follow":"follow","max-snippet":"max-snippet:-1","max-image-preview":"max-image-preview:large","max-video-preview":"max-video-preview:-1"},"canonical":"https:\/\/vosgesinfo.fr\/saintdieinfo\/?p=71140","twitter_card":"summary_large_image","twitter_title":"Les travaux de la rue de la M\u00e9nantille sont termin\u00e9s - Saint Die Info","twitter_description":"D\u00e9but\u00e9s il y a pratiquement un an jour pour jour, tr\u00e8s pr\u00e9cis\u00e9ment le 20 novembre 2023, les travaux de r\u00e9fection [&hellip;]","twitter_image":"https:\/\/vosgesinfo.fr\/app\/uploads\/sites\/4\/2024\/11\/fin-travaux-rue-menantille-scaled.jpg","twitter_creator":"@VosgesInfo88","twitter_site":"@VosgesInfo88","twitter_misc":{"\u00c9crit par":"J.J.","Dur\u00e9e de lecture estim\u00e9e":"1 minute"},"schema":{"@context":"https:\/\/schema.org","@graph":[{"@type":"Article","@id":"https:\/\/vosgesinfo.fr\/saintdieinfo\/?p=71140#article","isPartOf":{"@id":"https:\/\/vosgesinfo.fr\/saintdieinfo\/?p=71140"},"author":{"name":"J.J.","@id":"https:\/\/vosgesinfo.fr\/saintdieinfo\/#\/schema\/person\/fa73e9f726d67bb88f46d5b7943cb572"},"headline":"Les travaux de la rue de la M\u00e9nantille sont termin\u00e9s","datePublished":"2024-11-29T16:27:52+00:00","dateModified":"2024-11-29T16:17:53+00:00","mainEntityOfPage":{"@id":"https:\/\/vosgesinfo.fr\/saintdieinfo\/?p=71140"},"wordCount":408,"commentCount":6,"publisher":{"@id":"https:\/\/vosgesinfo.fr\/saintdieinfo\/#organization"},"image":{"@id":"https:\/\/vosgesinfo.fr\/saintdieinfo\/?p=71140#primaryimage"},"thumbnailUrl":"https:\/\/vosgesinfo.fr\/app\/uploads\/sites\/4\/2024\/11\/fin-travaux-rue-menantille-scaled.jpg","keywords":["Rue de la M\u00e9nantille","Travaux de r\u00e9fection de la rue de la M\u00e9nantille","Ville de Saint-Di\u00e9-des-Vosges"],"articleSection":["A la Une","Saint-Di\u00e9-des-Vosges"],"inLanguage":"fr-FR","potentialAction":[{"@type":"CommentAction","name":"Comment","target":["https:\/\/vosgesinfo.fr\/saintdieinfo\/?p=71140#respond"]}]},{"@type":"WebPage","@id":"https:\/\/vosgesinfo.fr\/saintdieinfo\/?p=71140","url":"https:\/\/vosgesinfo.fr\/saintdieinfo\/?p=71140","name":"Les travaux de la rue de la M\u00e9nantille sont termin\u00e9s - Saint Die Info","isPartOf":{"@id":"https:\/\/vosgesinfo.fr\/saintdieinfo\/#website"},"primaryImageOfPage":{"@id":"https:\/\/vosgesinfo.fr\/saintdieinfo\/?p=71140#primaryimage"},"image":{"@id":"https:\/\/vosgesinfo.fr\/saintdieinfo\/?p=71140#primaryimage"},"thumbnailUrl":"https:\/\/vosgesinfo.fr\/app\/uploads\/sites\/4\/2024\/11\/fin-travaux-rue-menantille-scaled.jpg","datePublished":"2024-11-29T16:27:52+00:00","dateModified":"2024-11-29T16:17:53+00:00","breadcrumb":{"@id":"https:\/\/vosgesinfo.fr\/saintdieinfo\/?p=71140#breadcrumb"},"inLanguage":"fr-FR","potentialAction":[{"@type":"ReadAction","target":["https:\/\/vosgesinfo.fr\/saintdieinfo\/?p=71140"]}]},{"@type":"ImageObject","inLanguage":"fr-FR","@id":"https:\/\/vosgesinfo.fr\/saintdieinfo\/?p=71140#primaryimage","url":"https:\/\/vosgesinfo.fr\/app\/uploads\/sites\/4\/2024\/11\/fin-travaux-rue-menantille-scaled.jpg","contentUrl":"https:\/\/vosgesinfo.fr\/app\/uploads\/sites\/4\/2024\/11\/fin-travaux-rue-menantille-scaled.jpg","width":2560,"height":1920},{"@type":"BreadcrumbList","@id":"https:\/\/vosgesinfo.fr\/saintdieinfo\/?p=71140#breadcrumb","itemListElement":[{"@type":"ListItem","position":1,"name":"Home","item":"https:\/\/vosgesinfo.fr\/saintdieinfo\/"},{"@type":"ListItem","position":2,"name":"Les travaux de la rue de la M\u00e9nantille sont termin\u00e9s"}]},{"@type":"WebSite","@id":"https:\/\/vosgesinfo.fr\/saintdieinfo\/#website","url":"https:\/\/vosgesinfo.fr\/saintdieinfo\/","name":"Saint Die Info","description":"Toute l&#039;actualit\u00e9 de Saint-Di\u00e9-Des-Vosges","publisher":{"@id":"https:\/\/vosgesinfo.fr\/saintdieinfo\/#organization"},"alternateName":"Toute l'actualit\u00e9 de Saint-Di\u00e9-Des-Vosges","potentialAction":[{"@type":"SearchAction","target":{"@type":"EntryPoint","urlTemplate":"https:\/\/vosgesinfo.fr\/saintdieinfo\/?s={search_term_string}"},"query-input":"required name=search_term_string"}],"inLanguage":"fr-FR"},{"@type":"Organization","@id":"https:\/\/vosgesinfo.fr\/saintdieinfo\/#organization","name":"Saint Die Info","url":"https:\/\/vosgesinfo.fr\/saintdieinfo\/","logo":{"@type":"ImageObject","inLanguage":"fr-FR","@id":"https:\/\/vosgesinfo.fr\/saintdieinfo\/#\/schema\/logo\/image\/","url":"https:\/\/vosgesinfo.fr\/app\/uploads\/sites\/4\/2024\/02\/logo-sdi.jpg","contentUrl":"https:\/\/vosgesinfo.fr\/app\/uploads\/sites\/4\/2024\/02\/logo-sdi.jpg","width":600,"height":600,"caption":"Saint Die Info"},"image":{"@id":"https:\/\/vosgesinfo.fr\/saintdieinfo\/#\/schema\/logo\/image\/"},"sameAs":["https:\/\/www.facebook.com\/Saintdieinfofr","https:\/\/x.com\/VosgesInfo88","https:\/\/www.youtube.com\/@vosgesinfo"]},{"@type":"Person","@id":"https:\/\/vosgesinfo.fr\/saintdieinfo\/#\/schema\/person\/fa73e9f726d67bb88f46d5b7943cb572","name":"J.J.","image":{"@type":"ImageObject","inLanguage":"fr-FR","@id":"https:\/\/vosgesinfo.fr\/saintdieinfo\/#\/schema\/person\/image\/","url":"https:\/\/secure.gravatar.com\/avatar\/219e749e47ffbcca018a360ae4add7d4cdf1cdaaf8bc7676b27efade3fe65615?s=96&d=mm&r=g","contentUrl":"https:\/\/secure.gravatar.com\/avatar\/219e749e47ffbcca018a360ae4add7d4cdf1cdaaf8bc7676b27efade3fe65615?s=96&d=mm&r=g","caption":"J.J."},"url":"https:\/\/vosgesinfo.fr\/saintdieinfo\/author\/j-j\/"}]}},"_links":{"self":[{"href":"https:\/\/vosgesinfo.fr\/saintdieinfo\/wp-json\/wp\/v2\/posts\/71140","targetHints":{"allow":["GET"]}}],"collection":[{"href":"https:\/\/vosgesinfo.fr\/saintdieinfo\/wp-json\/wp\/v2\/posts"}],"about":[{"href":"https:\/\/vosgesinfo.fr\/saintdieinfo\/wp-json\/wp\/v2\/types\/post"}],"author":[{"embeddable":true,"href":"https:\/\/vosgesinfo.fr\/saintdieinfo\/wp-json\/wp\/v2\/users\/46"}],"replies":[{"embeddable":true,"href":"https:\/\/vosgesinfo.fr\/saintdieinfo\/wp-json\/wp\/v2\/comments?post=71140"}],"version-history":[{"count":2,"href":"https:\/\/vosgesinfo.fr\/saintdieinfo\/wp-json\/wp\/v2\/posts\/71140\/revisions"}],"predecessor-version":[{"id":71143,"href":"https:\/\/vosgesinfo.fr\/saintdieinfo\/wp-json\/wp\/v2\/posts\/71140\/revisions\/71143"}],"wp:featuredmedia":[{"embeddable":true,"href":"https:\/\/vosgesinfo.fr\/saintdieinfo\/wp-json\/wp\/v2\/media\/71141"}],"wp:attachment":[{"href":"https:\/\/vosgesinfo.fr\/saintdieinfo\/wp-json\/wp\/v2\/media?parent=71140"}],"wp:term":[{"taxonomy":"category","embeddable":true,"href":"https:\/\/vosgesinfo.fr\/saintdieinfo\/wp-json\/wp\/v2\/categories?post=71140"},{"taxonomy":"post_tag","embeddable":true,"href":"https:\/\/vosgesinfo.fr\/saintdieinfo\/wp-json\/wp\/v2\/tags?post=71140"}],"curies":[{"name":"wp","href":"https:\/\/api.w.org\/{rel}","templated":true}]}}