{"id":71322,"date":"2024-12-05T09:00:27","date_gmt":"2024-12-05T08:00:27","guid":{"rendered":"https:\/\/vosgesinfo.fr\/saintdieinfo\/?p=71322"},"modified":"2024-12-05T09:00:27","modified_gmt":"2024-12-05T08:00:27","slug":"le-festival-international-du-film-fantastique-rend-hommage-a-ti-west","status":"publish","type":"post","link":"https:\/\/vosgesinfo.fr\/saintdieinfo\/2024\/12\/le-festival-international-du-film-fantastique-rend-hommage-a-ti-west\/","title":{"rendered":"Le festival International du Film Fantastique rend hommage \u00e0 Ti West"},"content":{"rendered":"<div id=\"attachment_71717\" style=\"width: 1034px\" class=\"wp-caption aligncenter\"><a href=\"https:\/\/vosgesinfo.fr\/app\/uploads\/sites\/6\/2024\/12\/img18.jpg\"><img decoding=\"async\" aria-describedby=\"caption-attachment-71717\" class=\"size-large wp-image-71717\" src=\"https:\/\/vosgesinfo.fr\/app\/uploads\/sites\/6\/2024\/12\/img18-1024x673.jpg\" alt=\"\" width=\"1024\" height=\"673\" \/><\/a><p id=\"caption-attachment-71717\" class=\"wp-caption-text\">\u00a9 D.R.<\/p><\/div>\n<p class=\"western\" lang=\"fr-FR\" align=\"center\"><span style=\"font-size: small;\"><span style=\"color: #202020;\"><span style=\"font-family: Arial, sans-serif;\"><span style=\"font-size: x-large;\"><b>Ti<\/b><\/span><\/span><\/span><b> <\/b><span style=\"color: #202020;\"><span style=\"font-family: Arial, sans-serif;\"><span style=\"font-size: x-large;\"><b>West<\/b><\/span><\/span><\/span><b> <\/b><span style=\"color: #202020;\"><span style=\"font-family: Arial, sans-serif;\"><span style=\"font-size: x-large;\"><b>dans<\/b><\/span><\/span><\/span><b> <\/b><span style=\"color: #202020;\"><span style=\"font-family: Arial, sans-serif;\"><span style=\"font-size: x-large;\"><b>le<\/b><\/span><\/span><\/span><b> <\/b><span style=\"color: #202020;\"><span style=\"font-family: Arial, sans-serif;\"><span style=\"font-size: x-large;\"><b>Grand<\/b><\/span><\/span><\/span><b> <\/b><span style=\"color: #202020;\"><span style=\"font-family: Arial, sans-serif;\"><span style=\"font-size: x-large;\"><b>Est<\/b><\/span><\/span><\/span><\/span><\/p>\n<p class=\"western\" lang=\"fr-FR\" align=\"justify\"><span style=\"color: #202020;\">Rendre<\/span> <span style=\"color: #202020;\">hommage<\/span> <span style=\"color: #202020;\">\u00e0<\/span> <span style=\"color: #202020;\">Ti<\/span> <span style=\"color: #202020;\">West,<\/span> <span style=\"color: #202020;\">c\u2019est<\/span> <span style=\"color: #202020;\">d\u2019abord<\/span> <span style=\"color: #202020;\">et<\/span> <span style=\"color: #202020;\">avant<\/span> <span style=\"color: #202020;\">tout<\/span> <span style=\"color: #202020;\">c\u00e9l\u00e9brer<\/span> <span style=\"color: #202020;\">le<\/span> <span style=\"color: #202020;\">pur<\/span> <span style=\"color: #202020;\">plaisir<\/span> <span style=\"color: #202020;\">du cin\u00e9ma.<\/span><\/p>\n<p class=\"western\" lang=\"fr-FR\" align=\"justify\"><span style=\"color: #202020;\">Ce sera la joie de se faire peur et de transgresser les codes d\u2019un genre aim\u00e9 et<\/span> <span style=\"color: #202020;\">d\u00e9vor\u00e9 avec passion, de faire du cin\u00e9ma d\u2019horreur le jeu et l\u2019enjeu d\u2019un art \u00e0<\/span> <span style=\"color: #202020;\">jamais impur et cr\u00e9atif, et de c\u00e9l\u00e9brer tous les d\u00e9lices cin\u00e9philiques dont le<\/span> <span style=\"color: #202020;\">festival de G\u00e9rardmer se r\u00e9gale depuis 31 ans.<\/span><\/p>\n<p class=\"western\" lang=\"fr-FR\" align=\"justify\"><span style=\"color: #202020;\">Sc\u00e9nariste, monteur, r\u00e9alisateur, producteur, Ti West est l\u2019artisan d\u2019une \u0153uvre<\/span> <span style=\"color: #202020;\">prolifique qui officie depuis quelque vingt ans \u00e0 la t\u00e9l\u00e9vision et au cin\u00e9ma. Deux<\/span> <span style=\"color: #202020;\">de ses films, <\/span><span style=\"color: #202020;\"><span style=\"font-family: Arial, sans-serif;\"><i>The House of the Devil <\/i><\/span><\/span><span style=\"color: #202020;\">(2009) et <\/span><span style=\"color: #202020;\"><span style=\"font-family: Arial, sans-serif;\"><i>The Sacrament <\/i><\/span><\/span><span style=\"color: #202020;\">(2013), ont \u00e9t\u00e9<\/span> <span style=\"color: #202020;\">montr\u00e9s<\/span> <span style=\"color: #202020;\">\u00e0<\/span> <span style=\"color: #202020;\">G\u00e9rardmer,<\/span> <span style=\"color: #202020;\">mais<\/span> <span style=\"color: #202020;\">c\u2019est<\/span> <span style=\"color: #202020;\">sans<\/span> <span style=\"color: #202020;\">nul<\/span> <span style=\"color: #202020;\">doute<\/span> <span style=\"color: #202020;\">sa<\/span> <span style=\"color: #202020;\">trilogie<\/span> <span style=\"color: #202020;\">(<\/span><span style=\"color: #202020;\"><span style=\"font-family: Arial, sans-serif;\"><i>X,<\/i><\/span><\/span><i> <\/i><span style=\"color: #202020;\"><span style=\"font-family: Arial, sans-serif;\"><i>Pearl<\/i><\/span><\/span><i> <\/i><span style=\"color: #202020;\">et<\/span> <span style=\"color: #202020;\"><span style=\"font-family: Arial, sans-serif;\"><i>MaXXXine<\/i><\/span><\/span><span style=\"color: #202020;\">),<\/span> <span style=\"color: #202020;\">co-imagin\u00e9e avec la com\u00e9dienne Mia Goth en pleine pand\u00e9mie de Covid en<\/span> <span style=\"color: #202020;\">Nouvelle Z\u00e9lande, qui le r\u00e9v\u00e8le au public fran\u00e7ais et international. N\u00e9e au sein<\/span> <span style=\"color: #202020;\">de<\/span> <span style=\"color: #202020;\">l\u2019\u00e9curie<\/span> <span style=\"color: #202020;\">de<\/span> <span style=\"color: #202020;\">talents<\/span> <span style=\"color: #202020;\">am\u00e9ricaine<\/span> <span style=\"color: #202020;\">A24,<\/span> <span style=\"color: #202020;\">cette<\/span> <span style=\"color: #202020;\">cr\u00e9ation<\/span> <span style=\"color: #202020;\">affiche<\/span> <span style=\"color: #202020;\">une<\/span> <span style=\"color: #202020;\">ind\u00e9pendance<\/span> <span style=\"color: #202020;\">et<\/span> <span style=\"color: #202020;\">une libert\u00e9 exceptionnelle dans le paysage du cin\u00e9ma am\u00e9ricain contemporain,<\/span> <span style=\"color: #202020;\">une<\/span> <span style=\"color: #202020;\">jubilation<\/span> <span style=\"color: #202020;\">\u00e0<\/span> <span style=\"color: #202020;\">subvertir<\/span> <span style=\"color: #202020;\">et<\/span> <span style=\"color: #202020;\">moderniser<\/span> <span style=\"color: #202020;\">le<\/span> <span style=\"color: #202020;\">genre<\/span> <span style=\"color: #202020;\">et<\/span> <span style=\"color: #202020;\">\u00e0 renverser ses codes.<\/span><\/p>\n<p class=\"western\" lang=\"fr-FR\" align=\"justify\"><span style=\"color: #202020;\">Dans un v\u00e9ritable d\u00e9dale narratif, Ti West y renverse la logique horrifique du<\/span> <span style=\"color: #202020;\">genre<\/span> <span style=\"color: #202020;\">tout<\/span> <span style=\"color: #202020;\">en<\/span> <span style=\"color: #202020;\">respectant<\/span> <span style=\"color: #202020;\">sa<\/span> <span style=\"color: #202020;\">grammaire,<\/span> <span style=\"color: #202020;\">en<\/span> <span style=\"color: #202020;\">l\u2019amenant<\/span> <span style=\"color: #202020;\">sur<\/span> <span style=\"color: #202020;\">un<\/span> <span style=\"color: #202020;\">versant<\/span> <span style=\"color: #202020;\">plus<\/span> <span style=\"color: #202020;\">parodique et esth\u00e9tique. Il surprend par sa capacit\u00e9 \u00e0 manier l\u2019horreur et le<\/span> <span style=\"color: #202020;\">porno<\/span> <span style=\"color: #202020;\">sans<\/span> <span style=\"color: #202020;\">obsc\u00e9nit\u00e9,<\/span> <span style=\"color: #202020;\">avec<\/span> <span style=\"color: #202020;\">un<\/span> <span style=\"color: #202020;\">sens<\/span> <span style=\"color: #202020;\">exceptionnel<\/span> <span style=\"color: #202020;\">de<\/span> <span style=\"color: #202020;\">la<\/span> <span style=\"color: #202020;\">narration<\/span> <span style=\"color: #202020;\">et<\/span> <span style=\"color: #202020;\">de<\/span> <span style=\"color: #202020;\">la<\/span> <span style=\"color: #202020;\">mise<\/span> <span style=\"color: #202020;\">en sc\u00e8ne, une exigence<\/span> <span style=\"color: #202020;\">m\u00e9ticuleuse<\/span> <span style=\"color: #202020;\">du d\u00e9tail et du lyrisme qui s\u2019incarne<\/span> <span style=\"color: #202020;\">dans<\/span> <span style=\"color: #202020;\">la qu\u00eate d\u2019un r\u00eave am\u00e9ricain aussi labile qu\u2019immuable.<\/span><\/p>\n<p class=\"western\" lang=\"fr-FR\" align=\"justify\"><span style=\"color: #202020;\">L\u2019amour du cin\u00e9ma saute aux yeux dans son \u0153uvre\u2009: dans la rigueur d\u2019un cadre \u00e0<\/span> <span style=\"color: #202020;\">la<\/span> <span style=\"color: #202020;\">John<\/span> <span style=\"color: #202020;\">Ford,<\/span> <span style=\"color: #202020;\">l\u2019\u00e9nergie<\/span> <span style=\"color: #202020;\">pop<\/span> <span style=\"color: #202020;\">d\u2019un<\/span> <span style=\"color: #202020;\">Tarantino<\/span> <span style=\"color: #202020;\">et<\/span> <span style=\"color: #202020;\">l\u2019humour<\/span> <span style=\"color: #202020;\">d\u00e9capant<\/span> <span style=\"color: #202020;\">d\u2019un<\/span> <span style=\"color: #202020;\">Sam<\/span> <span style=\"color: #202020;\">Raimi,<\/span> <span style=\"color: #202020;\">ou encore dans la r\u00e9f\u00e9rence \u00e0 Hitchcock qui hante chaque motif du vertige et du<\/span> <span style=\"color: #202020;\">double sans jamais s\u2019\u00e9puiser. Nourri \u00e0 la Nouvelle Vague et aux films fran\u00e7ais,<\/span> <span style=\"color: #202020;\">au cin\u00e9ma d\u2019exploitation et aux le\u00e7ons exp\u00e9rimentales de Kelly Reichardt qui fut<\/span> <span style=\"color: #202020;\">son enseignante, Ti West poursuit les voies d\u2019un imaginaire ouvertes par <\/span><span style=\"color: #202020;\"><span style=\"font-family: Arial, sans-serif;\"><i>Le<\/i><\/span><\/span><i> <\/i><span style=\"color: #202020;\"><span style=\"font-family: Arial, sans-serif;\"><i>Magicien d\u2019Oz<\/i><\/span><\/span><span style=\"color: #202020;\">, plonge dans les faux-semblants et les miroirs d\u2019Hollywood, et fait<\/span> <span style=\"color: #202020;\">du<\/span> <span style=\"color: #202020;\">genre<\/span> <span style=\"color: #202020;\">le<\/span> <span style=\"color: #202020;\">terrain<\/span> <span style=\"color: #202020;\">de<\/span> <span style=\"color: #202020;\">jeu<\/span> <span style=\"color: #202020;\">privil\u00e9gi\u00e9<\/span> <span style=\"color: #202020;\">de<\/span> <span style=\"color: #202020;\">l\u2019exp\u00e9rimentation<\/span> <span style=\"color: #202020;\">artistique.<\/span><\/p>\n<p class=\"western\" lang=\"fr-FR\" align=\"justify\"><span style=\"color: #202020;\">Nul<\/span> <span style=\"color: #202020;\">hasard<\/span> <span style=\"color: #202020;\">enfin<\/span> <span style=\"color: #202020;\">si<\/span> <span style=\"color: #202020;\">Lena<\/span> <span style=\"color: #202020;\">Dunham<\/span> <span style=\"color: #202020;\">(<\/span><span style=\"color: #202020;\"><span style=\"font-family: Arial, sans-serif;\"><i>The<\/i><\/span><\/span><i> <\/i><span style=\"color: #202020;\"><span style=\"font-family: Arial, sans-serif;\"><i>Innkeepers<\/i><\/span><\/span><span style=\"color: #202020;\">)<\/span> <span style=\"color: #202020;\">ou<\/span> <span style=\"color: #202020;\">Greta<\/span> <span style=\"color: #202020;\">Gerwig<\/span> <span style=\"color: #202020;\">(<\/span><span style=\"color: #202020;\"><span style=\"font-family: Arial, sans-serif;\"><i>The<\/i><\/span><\/span><i> <\/i><span style=\"color: #202020;\"><span style=\"font-family: Arial, sans-serif;\"><i>House<\/i><\/span><\/span><i> <\/i><span style=\"color: #202020;\"><span style=\"font-family: Arial, sans-serif;\"><i>of<\/i><\/span><\/span><i> <\/i><span style=\"color: #202020;\"><span style=\"font-family: Arial, sans-serif;\"><i>the<\/i><\/span><\/span><i> <\/i><span style=\"color: #202020;\"><span style=\"font-family: Arial, sans-serif;\"><i>Devil<\/i><\/span><\/span><span style=\"color: #202020;\">),<\/span> <span style=\"color: #202020;\">figures<\/span> <span style=\"color: #202020;\">\u00e9tendard<\/span> <span style=\"color: #202020;\">d\u2019un<\/span> <span style=\"color: #202020;\">nouveau<\/span> <span style=\"color: #202020;\">f\u00e9minisme<\/span> <span style=\"color: #202020;\">am\u00e9ricain,<\/span> <span style=\"color: #202020;\">apparaissent au d\u00e9tour d\u2019une sc\u00e8ne. Avec <\/span><span style=\"color: #202020;\"><span style=\"font-family: Arial, sans-serif;\"><i>MaXXXine<\/i><\/span><\/span><span style=\"color: #202020;\">, personnage qui porte<\/span> <span style=\"color: #202020;\">l\u2019insolence et l\u2019ambition comme l\u2019arme la\u2009plus l\u00e9tale des temps modernes, il<\/span> <span style=\"color: #202020;\">mod\u00e8le, non sans humour, une h\u00e9ro\u00efne qui \u00e9chappe \u00e0 ses poursuivants autant<\/span> <span style=\"color: #202020;\">qu\u2019\u00e0 son cr\u00e9ateur-r\u00e9alisateur. Mia Goth, actrice au double r\u00f4le dans <\/span><span style=\"color: #202020;\"><span style=\"font-family: Arial, sans-serif;\"><i>X<\/i><\/span><\/span><span style=\"color: #202020;\">, devient<\/span> <span style=\"color: #202020;\">\u00e9galement sc\u00e9nariste dans <\/span><span style=\"color: #202020;\"><span style=\"font-family: Arial, sans-serif;\"><i>Pearl <\/i><\/span><\/span><span style=\"color: #202020;\">avant de prendre le pouvoir absolu, celui de<\/span> <span style=\"color: #202020;\">productrice dans <\/span><span style=\"color: #202020;\"><span style=\"font-family: Arial, sans-serif;\"><i>Maxxxine<\/i><\/span><\/span><span style=\"color: #202020;\">. La trajectoire de Mia Goth, sorte de Golem mutant<\/span> <span style=\"color: #202020;\">qui acc\u00e8de ainsi au statut de serial killeuse et de co-autrice, est l\u2019histoire d\u2019une<\/span> <span style=\"color: #202020;\">prise de pouvoir qui redouble l\u2019innovation du geste artistique.<\/span><\/p>\n<p class=\"western\" lang=\"fr-FR\"><span style=\"color: #202020;\">Une mani\u00e8re jubilatoire de r\u00e9volutionner le genre tout en \u00e9crivant sa mythologie<\/span> <span style=\"color: #202020;\">et de bouleverser la th\u00e9orie des auteurs tout en lui tirant sa r\u00e9v\u00e9rence\u2026<\/span><\/p>\n<p class=\"western\" lang=\"fr-FR\"><span style=\"color: #202020;\">Aude Hesbert<\/span><\/p>\n<p class=\"western\" lang=\"fr-FR\" align=\"left\"><span style=\"font-size: small;\"><span style=\"color: #202020;\">Directrice du festival<\/span><\/span><\/p>\n<p class=\"western\" lang=\"fr-FR\" align=\"center\"><span style=\"font-size: small;\"><span style=\"color: #202020;\"><span style=\"font-family: Arial, sans-serif;\"><span style=\"font-size: large;\"><b>Les trois films de sa trilogie X seront propos\u00e9s au public lors<\/b><\/span><\/span><\/span><b> <\/b><span style=\"color: #202020;\"><span style=\"font-family: Arial, sans-serif;\"><span style=\"font-size: large;\"><b>d\u2019une nuit sp\u00e9ciale, ainsi qu\u2019une masterclass avec le cin\u00e9aste,<\/b><\/span><\/span><\/span><b> <\/b><span style=\"color: #202020;\"><span style=\"font-family: Arial, sans-serif;\"><span style=\"font-size: large;\"><b>anim\u00e9e par Jean-Fran\u00e7ois Rauger (directeur de<\/b><\/span><\/span><\/span><\/span><\/p>\n<p class=\"western\" lang=\"fr-FR\" align=\"center\"><span style=\"font-size: small;\"><span style=\"color: #202020;\"><span style=\"font-family: Arial, sans-serif;\"><span style=\"font-size: large;\"><b>la programmation de la Cin\u00e9math\u00e8que fran\u00e7aise).<\/b><\/span><\/span><\/span><\/span><\/p>\n<p lang=\"fr-FR\" align=\"center\"><a href=\"https:\/\/vosgesinfo.fr\/app\/uploads\/sites\/6\/2024\/12\/img36-scaled.jpg\"><img decoding=\"async\" class=\"aligncenter wp-image-71718 size-large\" src=\"https:\/\/vosgesinfo.fr\/app\/uploads\/sites\/6\/2024\/12\/img36-1024x576.jpg\" alt=\"\" width=\"1024\" height=\"576\" \/><\/a><\/p>\n<p lang=\"fr-FR\" align=\"center\"><strong><span style=\"font-size: 14pt; color: #ff0000;\"><a style=\"color: #ff0000;\" href=\"https:\/\/festival-gerardmer.com\/2025\/\" target=\"_blank\" rel=\"noopener\"><span style=\"text-decoration: underline;\">En savoir plus<\/span><\/a><\/span><\/strong><\/p>\n<p lang=\"fr-FR\" align=\"center\">\n<p lang=\"fr-FR\" align=\"center\">SAVE THE DATE : la billetterie ouvre le vendredi 13 d\u00e9cembre \u00e0 13h00.<\/p>\n","protected":false},"excerpt":{"rendered":"<p>Ti West dans le Grand Est Rendre hommage \u00e0 Ti West, c\u2019est d\u2019abord et avant tout c\u00e9l\u00e9brer le pur plaisir [&hellip;]<\/p>\n","protected":false},"author":391,"featured_media":71323,"comment_status":"open","ping_status":"open","sticky":false,"template":"","format":"standard","meta":{"footnotes":""},"categories":[460,7847,5392,5389,4099,4100],"tags":[14995,15478],"class_list":["post-71322","post","type-post","status-publish","format-standard","has-post-thumbnail","hentry","category-a-la-une","category-art-culture","category-epinal","category-la-plaine-des-vosges","category-remiremont","category-saint-die","tag-festival-du-film-fantastique-gerardmer","tag-ti-west"],"acf":[],"yoast_head":"<!-- This site is optimized with the Yoast SEO plugin v22.5 - https:\/\/yoast.com\/wordpress\/plugins\/seo\/ -->\n<title>Le festival International du Film Fantastique rend hommage \u00e0 Ti West - Saint Die Info<\/title>\n<meta name=\"robots\" content=\"index, follow, max-snippet:-1, max-image-preview:large, max-video-preview:-1\" \/>\n<link rel=\"canonical\" href=\"https:\/\/vosgesinfo.fr\/saintdieinfo\/2024\/12\/le-festival-international-du-film-fantastique-rend-hommage-a-ti-west\/\" \/>\n<meta name=\"twitter:card\" content=\"summary_large_image\" \/>\n<meta name=\"twitter:title\" content=\"Le festival International du Film Fantastique rend hommage \u00e0 Ti West - Saint Die Info\" \/>\n<meta name=\"twitter:description\" content=\"Ti West dans le Grand Est Rendre hommage \u00e0 Ti West, c\u2019est d\u2019abord et avant tout c\u00e9l\u00e9brer le pur plaisir [&hellip;]\" \/>\n<meta name=\"twitter:image\" content=\"https:\/\/vosgesinfo.fr\/app\/uploads\/sites\/4\/2024\/12\/img18.jpg\" \/>\n<meta name=\"twitter:creator\" content=\"@VosgesInfo88\" \/>\n<meta name=\"twitter:site\" content=\"@VosgesInfo88\" \/>\n<meta name=\"twitter:label1\" content=\"\u00c9crit par\" \/>\n\t<meta name=\"twitter:data1\" content=\"La redaction\" \/>\n\t<meta name=\"twitter:label2\" content=\"Dur\u00e9e de lecture estim\u00e9e\" \/>\n\t<meta name=\"twitter:data2\" content=\"3 minutes\" \/>\n<script type=\"application\/ld+json\" class=\"yoast-schema-graph\">{\"@context\":\"https:\/\/schema.org\",\"@graph\":[{\"@type\":\"Article\",\"@id\":\"https:\/\/vosgesinfo.fr\/saintdieinfo\/2024\/12\/le-festival-international-du-film-fantastique-rend-hommage-a-ti-west\/#article\",\"isPartOf\":{\"@id\":\"https:\/\/vosgesinfo.fr\/saintdieinfo\/2024\/12\/le-festival-international-du-film-fantastique-rend-hommage-a-ti-west\/\"},\"author\":{\"name\":\"La redaction\",\"@id\":\"https:\/\/vosgesinfo.fr\/saintdieinfo\/#\/schema\/person\/27a3695b06db98895b354c0765cdfc31\"},\"headline\":\"Le festival International du Film Fantastique rend hommage \u00e0 Ti West\",\"datePublished\":\"2024-12-05T08:00:27+00:00\",\"dateModified\":\"2024-12-05T08:00:27+00:00\",\"mainEntityOfPage\":{\"@id\":\"https:\/\/vosgesinfo.fr\/saintdieinfo\/2024\/12\/le-festival-international-du-film-fantastique-rend-hommage-a-ti-west\/\"},\"wordCount\":675,\"commentCount\":0,\"publisher\":{\"@id\":\"https:\/\/vosgesinfo.fr\/saintdieinfo\/#organization\"},\"image\":{\"@id\":\"https:\/\/vosgesinfo.fr\/saintdieinfo\/2024\/12\/le-festival-international-du-film-fantastique-rend-hommage-a-ti-west\/#primaryimage\"},\"thumbnailUrl\":\"https:\/\/vosgesinfo.fr\/app\/uploads\/sites\/4\/2024\/12\/img18.jpg\",\"keywords\":[\"festival du film fantastique G\u00e9rardmer\",\"Ti West\"],\"articleSection\":[\"A la Une\",\"Culture\",\"Epinal\",\"La plaine des vosges\",\"Remiremont\",\"Saint-di\u00e9\"],\"inLanguage\":\"fr-FR\",\"potentialAction\":[{\"@type\":\"CommentAction\",\"name\":\"Comment\",\"target\":[\"https:\/\/vosgesinfo.fr\/saintdieinfo\/2024\/12\/le-festival-international-du-film-fantastique-rend-hommage-a-ti-west\/#respond\"]}]},{\"@type\":\"WebPage\",\"@id\":\"https:\/\/vosgesinfo.fr\/saintdieinfo\/2024\/12\/le-festival-international-du-film-fantastique-rend-hommage-a-ti-west\/\",\"url\":\"https:\/\/vosgesinfo.fr\/saintdieinfo\/2024\/12\/le-festival-international-du-film-fantastique-rend-hommage-a-ti-west\/\",\"name\":\"Le festival International du Film Fantastique rend hommage \u00e0 Ti West - Saint Die Info\",\"isPartOf\":{\"@id\":\"https:\/\/vosgesinfo.fr\/saintdieinfo\/#website\"},\"primaryImageOfPage\":{\"@id\":\"https:\/\/vosgesinfo.fr\/saintdieinfo\/2024\/12\/le-festival-international-du-film-fantastique-rend-hommage-a-ti-west\/#primaryimage\"},\"image\":{\"@id\":\"https:\/\/vosgesinfo.fr\/saintdieinfo\/2024\/12\/le-festival-international-du-film-fantastique-rend-hommage-a-ti-west\/#primaryimage\"},\"thumbnailUrl\":\"https:\/\/vosgesinfo.fr\/app\/uploads\/sites\/4\/2024\/12\/img18.jpg\",\"datePublished\":\"2024-12-05T08:00:27+00:00\",\"dateModified\":\"2024-12-05T08:00:27+00:00\",\"breadcrumb\":{\"@id\":\"https:\/\/vosgesinfo.fr\/saintdieinfo\/2024\/12\/le-festival-international-du-film-fantastique-rend-hommage-a-ti-west\/#breadcrumb\"},\"inLanguage\":\"fr-FR\",\"potentialAction\":[{\"@type\":\"ReadAction\",\"target\":[\"https:\/\/vosgesinfo.fr\/saintdieinfo\/2024\/12\/le-festival-international-du-film-fantastique-rend-hommage-a-ti-west\/\"]}]},{\"@type\":\"ImageObject\",\"inLanguage\":\"fr-FR\",\"@id\":\"https:\/\/vosgesinfo.fr\/saintdieinfo\/2024\/12\/le-festival-international-du-film-fantastique-rend-hommage-a-ti-west\/#primaryimage\",\"url\":\"https:\/\/vosgesinfo.fr\/app\/uploads\/sites\/4\/2024\/12\/img18.jpg\",\"contentUrl\":\"https:\/\/vosgesinfo.fr\/app\/uploads\/sites\/4\/2024\/12\/img18.jpg\",\"width\":1080,\"height\":710},{\"@type\":\"BreadcrumbList\",\"@id\":\"https:\/\/vosgesinfo.fr\/saintdieinfo\/2024\/12\/le-festival-international-du-film-fantastique-rend-hommage-a-ti-west\/#breadcrumb\",\"itemListElement\":[{\"@type\":\"ListItem\",\"position\":1,\"name\":\"Home\",\"item\":\"https:\/\/vosgesinfo.fr\/saintdieinfo\/\"},{\"@type\":\"ListItem\",\"position\":2,\"name\":\"Le festival International du Film Fantastique rend hommage \u00e0 Ti West\"}]},{\"@type\":\"WebSite\",\"@id\":\"https:\/\/vosgesinfo.fr\/saintdieinfo\/#website\",\"url\":\"https:\/\/vosgesinfo.fr\/saintdieinfo\/\",\"name\":\"Saint Die Info\",\"description\":\"Toute l&#039;actualit\u00e9 de Saint-Di\u00e9-Des-Vosges\",\"publisher\":{\"@id\":\"https:\/\/vosgesinfo.fr\/saintdieinfo\/#organization\"},\"alternateName\":\"Toute l'actualit\u00e9 de Saint-Di\u00e9-Des-Vosges\",\"potentialAction\":[{\"@type\":\"SearchAction\",\"target\":{\"@type\":\"EntryPoint\",\"urlTemplate\":\"https:\/\/vosgesinfo.fr\/saintdieinfo\/?s={search_term_string}\"},\"query-input\":\"required name=search_term_string\"}],\"inLanguage\":\"fr-FR\"},{\"@type\":\"Organization\",\"@id\":\"https:\/\/vosgesinfo.fr\/saintdieinfo\/#organization\",\"name\":\"Saint Die Info\",\"url\":\"https:\/\/vosgesinfo.fr\/saintdieinfo\/\",\"logo\":{\"@type\":\"ImageObject\",\"inLanguage\":\"fr-FR\",\"@id\":\"https:\/\/vosgesinfo.fr\/saintdieinfo\/#\/schema\/logo\/image\/\",\"url\":\"https:\/\/vosgesinfo.fr\/app\/uploads\/sites\/4\/2024\/02\/logo-sdi.jpg\",\"contentUrl\":\"https:\/\/vosgesinfo.fr\/app\/uploads\/sites\/4\/2024\/02\/logo-sdi.jpg\",\"width\":600,\"height\":600,\"caption\":\"Saint Die Info\"},\"image\":{\"@id\":\"https:\/\/vosgesinfo.fr\/saintdieinfo\/#\/schema\/logo\/image\/\"},\"sameAs\":[\"https:\/\/www.facebook.com\/Saintdieinfofr\",\"https:\/\/x.com\/VosgesInfo88\",\"https:\/\/www.youtube.com\/@vosgesinfo\"]},{\"@type\":\"Person\",\"@id\":\"https:\/\/vosgesinfo.fr\/saintdieinfo\/#\/schema\/person\/27a3695b06db98895b354c0765cdfc31\",\"name\":\"La redaction\",\"image\":{\"@type\":\"ImageObject\",\"inLanguage\":\"fr-FR\",\"@id\":\"https:\/\/vosgesinfo.fr\/saintdieinfo\/#\/schema\/person\/image\/\",\"url\":\"https:\/\/secure.gravatar.com\/avatar\/64c76a78e501cedee55736f43f332df901e1896ae9cd8fad269ae2236dd0e8b6?s=96&d=mm&r=g\",\"contentUrl\":\"https:\/\/secure.gravatar.com\/avatar\/64c76a78e501cedee55736f43f332df901e1896ae9cd8fad269ae2236dd0e8b6?s=96&d=mm&r=g\",\"caption\":\"La redaction\"},\"url\":\"https:\/\/vosgesinfo.fr\/saintdieinfo\/author\/la-redaction\/\"}]}<\/script>\n<!-- \/ Yoast SEO plugin. -->","yoast_head_json":{"title":"Le festival International du Film Fantastique rend hommage \u00e0 Ti West - Saint Die Info","robots":{"index":"index","follow":"follow","max-snippet":"max-snippet:-1","max-image-preview":"max-image-preview:large","max-video-preview":"max-video-preview:-1"},"canonical":"https:\/\/vosgesinfo.fr\/saintdieinfo\/2024\/12\/le-festival-international-du-film-fantastique-rend-hommage-a-ti-west\/","twitter_card":"summary_large_image","twitter_title":"Le festival International du Film Fantastique rend hommage \u00e0 Ti West - Saint Die Info","twitter_description":"Ti West dans le Grand Est Rendre hommage \u00e0 Ti West, c\u2019est d\u2019abord et avant tout c\u00e9l\u00e9brer le pur plaisir [&hellip;]","twitter_image":"https:\/\/vosgesinfo.fr\/app\/uploads\/sites\/4\/2024\/12\/img18.jpg","twitter_creator":"@VosgesInfo88","twitter_site":"@VosgesInfo88","twitter_misc":{"\u00c9crit par":"La redaction","Dur\u00e9e de lecture estim\u00e9e":"3 minutes"},"schema":{"@context":"https:\/\/schema.org","@graph":[{"@type":"Article","@id":"https:\/\/vosgesinfo.fr\/saintdieinfo\/2024\/12\/le-festival-international-du-film-fantastique-rend-hommage-a-ti-west\/#article","isPartOf":{"@id":"https:\/\/vosgesinfo.fr\/saintdieinfo\/2024\/12\/le-festival-international-du-film-fantastique-rend-hommage-a-ti-west\/"},"author":{"name":"La redaction","@id":"https:\/\/vosgesinfo.fr\/saintdieinfo\/#\/schema\/person\/27a3695b06db98895b354c0765cdfc31"},"headline":"Le festival International du Film Fantastique rend hommage \u00e0 Ti West","datePublished":"2024-12-05T08:00:27+00:00","dateModified":"2024-12-05T08:00:27+00:00","mainEntityOfPage":{"@id":"https:\/\/vosgesinfo.fr\/saintdieinfo\/2024\/12\/le-festival-international-du-film-fantastique-rend-hommage-a-ti-west\/"},"wordCount":675,"commentCount":0,"publisher":{"@id":"https:\/\/vosgesinfo.fr\/saintdieinfo\/#organization"},"image":{"@id":"https:\/\/vosgesinfo.fr\/saintdieinfo\/2024\/12\/le-festival-international-du-film-fantastique-rend-hommage-a-ti-west\/#primaryimage"},"thumbnailUrl":"https:\/\/vosgesinfo.fr\/app\/uploads\/sites\/4\/2024\/12\/img18.jpg","keywords":["festival du film fantastique G\u00e9rardmer","Ti West"],"articleSection":["A la Une","Culture","Epinal","La plaine des vosges","Remiremont","Saint-di\u00e9"],"inLanguage":"fr-FR","potentialAction":[{"@type":"CommentAction","name":"Comment","target":["https:\/\/vosgesinfo.fr\/saintdieinfo\/2024\/12\/le-festival-international-du-film-fantastique-rend-hommage-a-ti-west\/#respond"]}]},{"@type":"WebPage","@id":"https:\/\/vosgesinfo.fr\/saintdieinfo\/2024\/12\/le-festival-international-du-film-fantastique-rend-hommage-a-ti-west\/","url":"https:\/\/vosgesinfo.fr\/saintdieinfo\/2024\/12\/le-festival-international-du-film-fantastique-rend-hommage-a-ti-west\/","name":"Le festival International du Film Fantastique rend hommage \u00e0 Ti West - Saint Die Info","isPartOf":{"@id":"https:\/\/vosgesinfo.fr\/saintdieinfo\/#website"},"primaryImageOfPage":{"@id":"https:\/\/vosgesinfo.fr\/saintdieinfo\/2024\/12\/le-festival-international-du-film-fantastique-rend-hommage-a-ti-west\/#primaryimage"},"image":{"@id":"https:\/\/vosgesinfo.fr\/saintdieinfo\/2024\/12\/le-festival-international-du-film-fantastique-rend-hommage-a-ti-west\/#primaryimage"},"thumbnailUrl":"https:\/\/vosgesinfo.fr\/app\/uploads\/sites\/4\/2024\/12\/img18.jpg","datePublished":"2024-12-05T08:00:27+00:00","dateModified":"2024-12-05T08:00:27+00:00","breadcrumb":{"@id":"https:\/\/vosgesinfo.fr\/saintdieinfo\/2024\/12\/le-festival-international-du-film-fantastique-rend-hommage-a-ti-west\/#breadcrumb"},"inLanguage":"fr-FR","potentialAction":[{"@type":"ReadAction","target":["https:\/\/vosgesinfo.fr\/saintdieinfo\/2024\/12\/le-festival-international-du-film-fantastique-rend-hommage-a-ti-west\/"]}]},{"@type":"ImageObject","inLanguage":"fr-FR","@id":"https:\/\/vosgesinfo.fr\/saintdieinfo\/2024\/12\/le-festival-international-du-film-fantastique-rend-hommage-a-ti-west\/#primaryimage","url":"https:\/\/vosgesinfo.fr\/app\/uploads\/sites\/4\/2024\/12\/img18.jpg","contentUrl":"https:\/\/vosgesinfo.fr\/app\/uploads\/sites\/4\/2024\/12\/img18.jpg","width":1080,"height":710},{"@type":"BreadcrumbList","@id":"https:\/\/vosgesinfo.fr\/saintdieinfo\/2024\/12\/le-festival-international-du-film-fantastique-rend-hommage-a-ti-west\/#breadcrumb","itemListElement":[{"@type":"ListItem","position":1,"name":"Home","item":"https:\/\/vosgesinfo.fr\/saintdieinfo\/"},{"@type":"ListItem","position":2,"name":"Le festival International du Film Fantastique rend hommage \u00e0 Ti West"}]},{"@type":"WebSite","@id":"https:\/\/vosgesinfo.fr\/saintdieinfo\/#website","url":"https:\/\/vosgesinfo.fr\/saintdieinfo\/","name":"Saint Die Info","description":"Toute l&#039;actualit\u00e9 de Saint-Di\u00e9-Des-Vosges","publisher":{"@id":"https:\/\/vosgesinfo.fr\/saintdieinfo\/#organization"},"alternateName":"Toute l'actualit\u00e9 de Saint-Di\u00e9-Des-Vosges","potentialAction":[{"@type":"SearchAction","target":{"@type":"EntryPoint","urlTemplate":"https:\/\/vosgesinfo.fr\/saintdieinfo\/?s={search_term_string}"},"query-input":"required name=search_term_string"}],"inLanguage":"fr-FR"},{"@type":"Organization","@id":"https:\/\/vosgesinfo.fr\/saintdieinfo\/#organization","name":"Saint Die Info","url":"https:\/\/vosgesinfo.fr\/saintdieinfo\/","logo":{"@type":"ImageObject","inLanguage":"fr-FR","@id":"https:\/\/vosgesinfo.fr\/saintdieinfo\/#\/schema\/logo\/image\/","url":"https:\/\/vosgesinfo.fr\/app\/uploads\/sites\/4\/2024\/02\/logo-sdi.jpg","contentUrl":"https:\/\/vosgesinfo.fr\/app\/uploads\/sites\/4\/2024\/02\/logo-sdi.jpg","width":600,"height":600,"caption":"Saint Die Info"},"image":{"@id":"https:\/\/vosgesinfo.fr\/saintdieinfo\/#\/schema\/logo\/image\/"},"sameAs":["https:\/\/www.facebook.com\/Saintdieinfofr","https:\/\/x.com\/VosgesInfo88","https:\/\/www.youtube.com\/@vosgesinfo"]},{"@type":"Person","@id":"https:\/\/vosgesinfo.fr\/saintdieinfo\/#\/schema\/person\/27a3695b06db98895b354c0765cdfc31","name":"La redaction","image":{"@type":"ImageObject","inLanguage":"fr-FR","@id":"https:\/\/vosgesinfo.fr\/saintdieinfo\/#\/schema\/person\/image\/","url":"https:\/\/secure.gravatar.com\/avatar\/64c76a78e501cedee55736f43f332df901e1896ae9cd8fad269ae2236dd0e8b6?s=96&d=mm&r=g","contentUrl":"https:\/\/secure.gravatar.com\/avatar\/64c76a78e501cedee55736f43f332df901e1896ae9cd8fad269ae2236dd0e8b6?s=96&d=mm&r=g","caption":"La redaction"},"url":"https:\/\/vosgesinfo.fr\/saintdieinfo\/author\/la-redaction\/"}]}},"_links":{"self":[{"href":"https:\/\/vosgesinfo.fr\/saintdieinfo\/wp-json\/wp\/v2\/posts\/71322","targetHints":{"allow":["GET"]}}],"collection":[{"href":"https:\/\/vosgesinfo.fr\/saintdieinfo\/wp-json\/wp\/v2\/posts"}],"about":[{"href":"https:\/\/vosgesinfo.fr\/saintdieinfo\/wp-json\/wp\/v2\/types\/post"}],"author":[{"embeddable":true,"href":"https:\/\/vosgesinfo.fr\/saintdieinfo\/wp-json\/wp\/v2\/users\/391"}],"replies":[{"embeddable":true,"href":"https:\/\/vosgesinfo.fr\/saintdieinfo\/wp-json\/wp\/v2\/comments?post=71322"}],"version-history":[{"count":0,"href":"https:\/\/vosgesinfo.fr\/saintdieinfo\/wp-json\/wp\/v2\/posts\/71322\/revisions"}],"wp:featuredmedia":[{"embeddable":true,"href":"https:\/\/vosgesinfo.fr\/saintdieinfo\/wp-json\/wp\/v2\/media\/71323"}],"wp:attachment":[{"href":"https:\/\/vosgesinfo.fr\/saintdieinfo\/wp-json\/wp\/v2\/media?parent=71322"}],"wp:term":[{"taxonomy":"category","embeddable":true,"href":"https:\/\/vosgesinfo.fr\/saintdieinfo\/wp-json\/wp\/v2\/categories?post=71322"},{"taxonomy":"post_tag","embeddable":true,"href":"https:\/\/vosgesinfo.fr\/saintdieinfo\/wp-json\/wp\/v2\/tags?post=71322"}],"curies":[{"name":"wp","href":"https:\/\/api.w.org\/{rel}","templated":true}]}}