{"id":71691,"date":"2024-12-10T15:36:34","date_gmt":"2024-12-10T14:36:34","guid":{"rendered":"https:\/\/vosgesinfo.fr\/saintdieinfo\/?p=71691"},"modified":"2024-12-10T15:26:31","modified_gmt":"2024-12-10T14:26:31","slug":"la-sexualite-evoquee-autour-dun-chocolat-chaud-a-la-cite-scolaire-jules-ferry","status":"publish","type":"post","link":"https:\/\/vosgesinfo.fr\/saintdieinfo\/2024\/12\/la-sexualite-evoquee-autour-dun-chocolat-chaud-a-la-cite-scolaire-jules-ferry\/","title":{"rendered":"La sexualit\u00e9 \u00e9voqu\u00e9e autour d&rsquo;un chocolat chaud \u00e0 la Cit\u00e9 Scolaire Jules-Ferry"},"content":{"rendered":"<p><a href=\"https:\/\/vosgesinfo.fr\/app\/uploads\/sites\/4\/2024\/12\/sensibilisation-ist-cite-scolaire-jules-ferry-3-scaled.jpg\"><img decoding=\"async\" class=\"alignnone size-large wp-image-71694\" src=\"https:\/\/vosgesinfo.fr\/app\/uploads\/sites\/4\/2024\/12\/sensibilisation-ist-cite-scolaire-jules-ferry-3-1024x771.jpg\" alt=\"\" width=\"1024\" height=\"771\" srcset=\"https:\/\/vosgesinfo.fr\/app\/uploads\/sites\/4\/2024\/12\/sensibilisation-ist-cite-scolaire-jules-ferry-3-1024x771.jpg 1024w, https:\/\/vosgesinfo.fr\/app\/uploads\/sites\/4\/2024\/12\/sensibilisation-ist-cite-scolaire-jules-ferry-3-300x226.jpg 300w, https:\/\/vosgesinfo.fr\/app\/uploads\/sites\/4\/2024\/12\/sensibilisation-ist-cite-scolaire-jules-ferry-3-768x578.jpg 768w, https:\/\/vosgesinfo.fr\/app\/uploads\/sites\/4\/2024\/12\/sensibilisation-ist-cite-scolaire-jules-ferry-3-1536x1157.jpg 1536w, https:\/\/vosgesinfo.fr\/app\/uploads\/sites\/4\/2024\/12\/sensibilisation-ist-cite-scolaire-jules-ferry-3-2048x1542.jpg 2048w\" sizes=\"(max-width: 1024px) 100vw, 1024px\" \/><\/a><\/p>\n<h2><span style=\"font-family: Calibri, sans-serif;\">L&rsquo;association Selia, via la Rue Ensemble, m\u00e8ne en cette fin d&rsquo;ann\u00e9e 2024 son op\u00e9ration annuelle \u00ab chocolat chaud \u00bb dans 3 lyc\u00e9es de Saint-Di\u00e9-des-Vosges. Hier lundi, apr\u00e8s le lyc\u00e9e professionnel Jean-Baptiste Jacques-Augustin ces derniers jours, c&rsquo;est \u00e0 la Cit\u00e9 Scolaire Jules-Ferry que Patricia Wolfram et Ga\u00eblle Merlin se sont rendues foyer de l&rsquo;\u00e9tablissement, pour discuter de sexualit\u00e9 autour d&rsquo;un chocolat chaud avec les lyc\u00e9ens qui le souhaitaient.<\/span><\/h2>\n<p><!--more--><\/p>\n<p><span style=\"font-family: Calibri, sans-serif;\">Au cours de la matin\u00e9e et de l&rsquo;apr\u00e8s-midi, plusieurs partenaires de l&rsquo;association Selia sont \u00e9galement intervenus. Nomm\u00e9ment Adali Habitat, l&rsquo;AVSEA et la FMS. L&rsquo;objectif de la journ\u00e9e \u00e9tant d&rsquo;\u00e9voquer diff\u00e9rents aspects de la sexualit\u00e9 avec les \u00e9l\u00e8ves, dans un cadre convivial et sans aucun jugement. Sant\u00e9 sexuelle, contraception, consentement&#8230; l&rsquo;op\u00e9ration \u00ab chocolat chaud \u00bb permet entre autres d&rsquo;aborder ces th\u00e9matiques.<\/span><\/p>\n<p><span style=\"font-family: Calibri, sans-serif;\">L&rsquo;occasion \u00e9galement d&rsquo;informer les lyc\u00e9ens sur le Centre de Sant\u00e9 Sexuelle de Saint-Di\u00e9-des-Vosges, situ\u00e9 au 7 rue Pierre-B\u00e9r\u00e9govoy et dont le secr\u00e9tariat peut \u00eatre contact\u00e9 03-29-53-50-90, mais aussi de les renseigner sur des num\u00e9ros et sites internet utiles, comme le Fil sant\u00e9 jeunes (0 800 235 236), Sida info service (0 800 840 800) ou <a href=\"https:\/\/consentement.info\/\" target=\"_blank\" rel=\"noopener\">consentement.info<\/a>.<\/span><\/p>\n<p><span style=\"font-family: Calibri, sans-serif;\">A l&rsquo;heure o\u00f9 les adolescents sont, pour beaucoup d&rsquo;entre eux, mal renseign\u00e9s sur des maladies comme le Sida ou l&rsquo;h\u00e9patite B, et \u00e0 l&rsquo;heure o\u00f9 les cas de syphilis augmentent en France, cette op\u00e9ration annuelle permet de sensibiliser les adolescents de mani\u00e8re d\u00e9dramatis\u00e9e. Lundi prochain, c&rsquo;est au foyer du lyc\u00e9e polyvalent Georges-Baumont que Patricia Wolfram et Ga\u00eblle Merlin se rendront, pour la troisi\u00e8me et derni\u00e8re journ\u00e9e \u00ab\u00a0chocolat chaud\u00a0\u00bb de l&rsquo;ann\u00e9e.<\/span><\/p>\n<p>J.J.<\/p>\n\n\t\t<style type=\"text\/css\">\n\t\t\t#gallery-1 {\n\t\t\t\tmargin: auto;\n\t\t\t}\n\t\t\t#gallery-1 .gallery-item {\n\t\t\t\tfloat: left;\n\t\t\t\tmargin-top: 10px;\n\t\t\t\ttext-align: center;\n\t\t\t\twidth: 50%;\n\t\t\t}\n\t\t\t#gallery-1 img {\n\t\t\t\tborder: 2px solid #cfcfcf;\n\t\t\t}\n\t\t\t#gallery-1 .gallery-caption {\n\t\t\t\tmargin-left: 0;\n\t\t\t}\n\t\t\t\/* see gallery_shortcode() in wp-includes\/media.php *\/\n\t\t<\/style>\n\t\t<div id='gallery-1' class='gallery galleryid-71691 gallery-columns-2 gallery-size-thumbnail'><dl class='gallery-item'>\n\t\t\t<dt class='gallery-icon landscape'>\n\t\t\t\t<a href='https:\/\/vosgesinfo.fr\/saintdieinfo\/2024\/12\/la-sexualite-evoquee-autour-dun-chocolat-chaud-a-la-cite-scolaire-jules-ferry\/sensibilisation_ist_cite_scolaire_jules-ferry-1\/'><img decoding=\"async\" width=\"150\" height=\"150\" src=\"https:\/\/vosgesinfo.fr\/app\/uploads\/sites\/4\/2024\/12\/sensibilisation-ist-cite-scolaire-jules-ferry-1-150x150.jpg\" class=\"attachment-thumbnail size-thumbnail\" alt=\"\" \/><\/a>\n\t\t\t<\/dt><\/dl><dl class='gallery-item'>\n\t\t\t<dt class='gallery-icon landscape'>\n\t\t\t\t<a href='https:\/\/vosgesinfo.fr\/saintdieinfo\/2024\/12\/la-sexualite-evoquee-autour-dun-chocolat-chaud-a-la-cite-scolaire-jules-ferry\/sensibilisation_ist_cite_scolaire_jules-ferry-2\/'><img decoding=\"async\" width=\"150\" height=\"150\" src=\"https:\/\/vosgesinfo.fr\/app\/uploads\/sites\/4\/2024\/12\/sensibilisation-ist-cite-scolaire-jules-ferry-2-150x150.jpg\" class=\"attachment-thumbnail size-thumbnail\" alt=\"\" \/><\/a>\n\t\t\t<\/dt><\/dl><br style=\"clear: both\" \/>\n\t\t<\/div>\n\n","protected":false},"excerpt":{"rendered":"<p>L&rsquo;association Selia, via la Rue Ensemble, m\u00e8ne en cette fin d&rsquo;ann\u00e9e 2024 son op\u00e9ration annuelle \u00ab chocolat chaud \u00bb dans [&hellip;]<\/p>\n","protected":false},"author":46,"featured_media":71694,"comment_status":"open","ping_status":"open","sticky":false,"template":"","format":"standard","meta":{"footnotes":""},"categories":[460,6,167],"tags":[3352,15526,15524,3791,15525],"class_list":["post-71691","post","type-post","status-publish","format-standard","has-post-thumbnail","hentry","category-a-la-une","category-education","category-saint-die-des-vosges","tag-cite-scolaire-jules-ferry","tag-la-rue-ensemble","tag-operation-chocolat-chaud","tag-selia","tag-sexualite"],"acf":[],"yoast_head":"<!-- This site is optimized with the Yoast SEO plugin v22.5 - https:\/\/yoast.com\/wordpress\/plugins\/seo\/ -->\n<title>La sexualit\u00e9 \u00e9voqu\u00e9e autour d&#039;un chocolat chaud \u00e0 la Cit\u00e9 Scolaire Jules-Ferry - Saint Die Info<\/title>\n<meta name=\"robots\" content=\"index, follow, max-snippet:-1, max-image-preview:large, max-video-preview:-1\" \/>\n<link rel=\"canonical\" href=\"https:\/\/vosgesinfo.fr\/saintdieinfo\/2024\/12\/la-sexualite-evoquee-autour-dun-chocolat-chaud-a-la-cite-scolaire-jules-ferry\/\" \/>\n<meta name=\"twitter:card\" content=\"summary_large_image\" \/>\n<meta name=\"twitter:title\" content=\"La sexualit\u00e9 \u00e9voqu\u00e9e autour d&#039;un chocolat chaud \u00e0 la Cit\u00e9 Scolaire Jules-Ferry - Saint Die Info\" \/>\n<meta name=\"twitter:description\" content=\"L&rsquo;association Selia, via la Rue Ensemble, m\u00e8ne en cette fin d&rsquo;ann\u00e9e 2024 son op\u00e9ration annuelle \u00ab chocolat chaud \u00bb dans [&hellip;]\" \/>\n<meta name=\"twitter:image\" content=\"https:\/\/vosgesinfo.fr\/app\/uploads\/sites\/4\/2024\/12\/sensibilisation-ist-cite-scolaire-jules-ferry-3-scaled.jpg\" \/>\n<meta name=\"twitter:creator\" content=\"@VosgesInfo88\" \/>\n<meta name=\"twitter:site\" content=\"@VosgesInfo88\" \/>\n<meta name=\"twitter:label1\" content=\"\u00c9crit par\" \/>\n\t<meta name=\"twitter:data1\" content=\"J.J.\" \/>\n\t<meta name=\"twitter:label2\" content=\"Dur\u00e9e de lecture estim\u00e9e\" \/>\n\t<meta name=\"twitter:data2\" content=\"1 minute\" \/>\n<script type=\"application\/ld+json\" class=\"yoast-schema-graph\">{\"@context\":\"https:\/\/schema.org\",\"@graph\":[{\"@type\":\"Article\",\"@id\":\"https:\/\/vosgesinfo.fr\/saintdieinfo\/2024\/12\/la-sexualite-evoquee-autour-dun-chocolat-chaud-a-la-cite-scolaire-jules-ferry\/#article\",\"isPartOf\":{\"@id\":\"https:\/\/vosgesinfo.fr\/saintdieinfo\/2024\/12\/la-sexualite-evoquee-autour-dun-chocolat-chaud-a-la-cite-scolaire-jules-ferry\/\"},\"author\":{\"name\":\"J.J.\",\"@id\":\"https:\/\/vosgesinfo.fr\/saintdieinfo\/#\/schema\/person\/fa73e9f726d67bb88f46d5b7943cb572\"},\"headline\":\"La sexualit\u00e9 \u00e9voqu\u00e9e autour d&rsquo;un chocolat chaud \u00e0 la Cit\u00e9 Scolaire Jules-Ferry\",\"datePublished\":\"2024-12-10T14:36:34+00:00\",\"dateModified\":\"2024-12-10T14:26:31+00:00\",\"mainEntityOfPage\":{\"@id\":\"https:\/\/vosgesinfo.fr\/saintdieinfo\/2024\/12\/la-sexualite-evoquee-autour-dun-chocolat-chaud-a-la-cite-scolaire-jules-ferry\/\"},\"wordCount\":313,\"commentCount\":0,\"publisher\":{\"@id\":\"https:\/\/vosgesinfo.fr\/saintdieinfo\/#organization\"},\"image\":{\"@id\":\"https:\/\/vosgesinfo.fr\/saintdieinfo\/2024\/12\/la-sexualite-evoquee-autour-dun-chocolat-chaud-a-la-cite-scolaire-jules-ferry\/#primaryimage\"},\"thumbnailUrl\":\"https:\/\/vosgesinfo.fr\/app\/uploads\/sites\/4\/2024\/12\/sensibilisation-ist-cite-scolaire-jules-ferry-3-scaled.jpg\",\"keywords\":[\"Cit\u00e9 scolaire Jules-Ferry\",\"La Rue Ensemble\",\"Op\u00e9ration chocolat chaud\",\"SELIA\",\"Sexualit\u00e9\"],\"articleSection\":[\"A la Une\",\"\u00c9ducation\",\"Saint-Di\u00e9-des-Vosges\"],\"inLanguage\":\"fr-FR\",\"potentialAction\":[{\"@type\":\"CommentAction\",\"name\":\"Comment\",\"target\":[\"https:\/\/vosgesinfo.fr\/saintdieinfo\/2024\/12\/la-sexualite-evoquee-autour-dun-chocolat-chaud-a-la-cite-scolaire-jules-ferry\/#respond\"]}]},{\"@type\":\"WebPage\",\"@id\":\"https:\/\/vosgesinfo.fr\/saintdieinfo\/2024\/12\/la-sexualite-evoquee-autour-dun-chocolat-chaud-a-la-cite-scolaire-jules-ferry\/\",\"url\":\"https:\/\/vosgesinfo.fr\/saintdieinfo\/2024\/12\/la-sexualite-evoquee-autour-dun-chocolat-chaud-a-la-cite-scolaire-jules-ferry\/\",\"name\":\"La sexualit\u00e9 \u00e9voqu\u00e9e autour d'un chocolat chaud \u00e0 la Cit\u00e9 Scolaire Jules-Ferry - Saint Die Info\",\"isPartOf\":{\"@id\":\"https:\/\/vosgesinfo.fr\/saintdieinfo\/#website\"},\"primaryImageOfPage\":{\"@id\":\"https:\/\/vosgesinfo.fr\/saintdieinfo\/2024\/12\/la-sexualite-evoquee-autour-dun-chocolat-chaud-a-la-cite-scolaire-jules-ferry\/#primaryimage\"},\"image\":{\"@id\":\"https:\/\/vosgesinfo.fr\/saintdieinfo\/2024\/12\/la-sexualite-evoquee-autour-dun-chocolat-chaud-a-la-cite-scolaire-jules-ferry\/#primaryimage\"},\"thumbnailUrl\":\"https:\/\/vosgesinfo.fr\/app\/uploads\/sites\/4\/2024\/12\/sensibilisation-ist-cite-scolaire-jules-ferry-3-scaled.jpg\",\"datePublished\":\"2024-12-10T14:36:34+00:00\",\"dateModified\":\"2024-12-10T14:26:31+00:00\",\"breadcrumb\":{\"@id\":\"https:\/\/vosgesinfo.fr\/saintdieinfo\/2024\/12\/la-sexualite-evoquee-autour-dun-chocolat-chaud-a-la-cite-scolaire-jules-ferry\/#breadcrumb\"},\"inLanguage\":\"fr-FR\",\"potentialAction\":[{\"@type\":\"ReadAction\",\"target\":[\"https:\/\/vosgesinfo.fr\/saintdieinfo\/2024\/12\/la-sexualite-evoquee-autour-dun-chocolat-chaud-a-la-cite-scolaire-jules-ferry\/\"]}]},{\"@type\":\"ImageObject\",\"inLanguage\":\"fr-FR\",\"@id\":\"https:\/\/vosgesinfo.fr\/saintdieinfo\/2024\/12\/la-sexualite-evoquee-autour-dun-chocolat-chaud-a-la-cite-scolaire-jules-ferry\/#primaryimage\",\"url\":\"https:\/\/vosgesinfo.fr\/app\/uploads\/sites\/4\/2024\/12\/sensibilisation-ist-cite-scolaire-jules-ferry-3-scaled.jpg\",\"contentUrl\":\"https:\/\/vosgesinfo.fr\/app\/uploads\/sites\/4\/2024\/12\/sensibilisation-ist-cite-scolaire-jules-ferry-3-scaled.jpg\",\"width\":2560,\"height\":1928},{\"@type\":\"BreadcrumbList\",\"@id\":\"https:\/\/vosgesinfo.fr\/saintdieinfo\/2024\/12\/la-sexualite-evoquee-autour-dun-chocolat-chaud-a-la-cite-scolaire-jules-ferry\/#breadcrumb\",\"itemListElement\":[{\"@type\":\"ListItem\",\"position\":1,\"name\":\"Home\",\"item\":\"https:\/\/vosgesinfo.fr\/saintdieinfo\/\"},{\"@type\":\"ListItem\",\"position\":2,\"name\":\"La sexualit\u00e9 \u00e9voqu\u00e9e autour d&rsquo;un chocolat chaud \u00e0 la Cit\u00e9 Scolaire Jules-Ferry\"}]},{\"@type\":\"WebSite\",\"@id\":\"https:\/\/vosgesinfo.fr\/saintdieinfo\/#website\",\"url\":\"https:\/\/vosgesinfo.fr\/saintdieinfo\/\",\"name\":\"Saint Die Info\",\"description\":\"Toute l&#039;actualit\u00e9 de Saint-Di\u00e9-Des-Vosges\",\"publisher\":{\"@id\":\"https:\/\/vosgesinfo.fr\/saintdieinfo\/#organization\"},\"alternateName\":\"Toute l'actualit\u00e9 de Saint-Di\u00e9-Des-Vosges\",\"potentialAction\":[{\"@type\":\"SearchAction\",\"target\":{\"@type\":\"EntryPoint\",\"urlTemplate\":\"https:\/\/vosgesinfo.fr\/saintdieinfo\/?s={search_term_string}\"},\"query-input\":\"required name=search_term_string\"}],\"inLanguage\":\"fr-FR\"},{\"@type\":\"Organization\",\"@id\":\"https:\/\/vosgesinfo.fr\/saintdieinfo\/#organization\",\"name\":\"Saint Die Info\",\"url\":\"https:\/\/vosgesinfo.fr\/saintdieinfo\/\",\"logo\":{\"@type\":\"ImageObject\",\"inLanguage\":\"fr-FR\",\"@id\":\"https:\/\/vosgesinfo.fr\/saintdieinfo\/#\/schema\/logo\/image\/\",\"url\":\"https:\/\/vosgesinfo.fr\/app\/uploads\/sites\/4\/2024\/02\/logo-sdi.jpg\",\"contentUrl\":\"https:\/\/vosgesinfo.fr\/app\/uploads\/sites\/4\/2024\/02\/logo-sdi.jpg\",\"width\":600,\"height\":600,\"caption\":\"Saint Die Info\"},\"image\":{\"@id\":\"https:\/\/vosgesinfo.fr\/saintdieinfo\/#\/schema\/logo\/image\/\"},\"sameAs\":[\"https:\/\/www.facebook.com\/Saintdieinfofr\",\"https:\/\/x.com\/VosgesInfo88\",\"https:\/\/www.youtube.com\/@vosgesinfo\"]},{\"@type\":\"Person\",\"@id\":\"https:\/\/vosgesinfo.fr\/saintdieinfo\/#\/schema\/person\/fa73e9f726d67bb88f46d5b7943cb572\",\"name\":\"J.J.\",\"image\":{\"@type\":\"ImageObject\",\"inLanguage\":\"fr-FR\",\"@id\":\"https:\/\/vosgesinfo.fr\/saintdieinfo\/#\/schema\/person\/image\/\",\"url\":\"https:\/\/secure.gravatar.com\/avatar\/219e749e47ffbcca018a360ae4add7d4cdf1cdaaf8bc7676b27efade3fe65615?s=96&d=mm&r=g\",\"contentUrl\":\"https:\/\/secure.gravatar.com\/avatar\/219e749e47ffbcca018a360ae4add7d4cdf1cdaaf8bc7676b27efade3fe65615?s=96&d=mm&r=g\",\"caption\":\"J.J.\"},\"url\":\"https:\/\/vosgesinfo.fr\/saintdieinfo\/author\/j-j\/\"}]}<\/script>\n<!-- \/ Yoast SEO plugin. -->","yoast_head_json":{"title":"La sexualit\u00e9 \u00e9voqu\u00e9e autour d'un chocolat chaud \u00e0 la Cit\u00e9 Scolaire Jules-Ferry - Saint Die Info","robots":{"index":"index","follow":"follow","max-snippet":"max-snippet:-1","max-image-preview":"max-image-preview:large","max-video-preview":"max-video-preview:-1"},"canonical":"https:\/\/vosgesinfo.fr\/saintdieinfo\/2024\/12\/la-sexualite-evoquee-autour-dun-chocolat-chaud-a-la-cite-scolaire-jules-ferry\/","twitter_card":"summary_large_image","twitter_title":"La sexualit\u00e9 \u00e9voqu\u00e9e autour d'un chocolat chaud \u00e0 la Cit\u00e9 Scolaire Jules-Ferry - Saint Die Info","twitter_description":"L&rsquo;association Selia, via la Rue Ensemble, m\u00e8ne en cette fin d&rsquo;ann\u00e9e 2024 son op\u00e9ration annuelle \u00ab chocolat chaud \u00bb dans [&hellip;]","twitter_image":"https:\/\/vosgesinfo.fr\/app\/uploads\/sites\/4\/2024\/12\/sensibilisation-ist-cite-scolaire-jules-ferry-3-scaled.jpg","twitter_creator":"@VosgesInfo88","twitter_site":"@VosgesInfo88","twitter_misc":{"\u00c9crit par":"J.J.","Dur\u00e9e de lecture estim\u00e9e":"1 minute"},"schema":{"@context":"https:\/\/schema.org","@graph":[{"@type":"Article","@id":"https:\/\/vosgesinfo.fr\/saintdieinfo\/2024\/12\/la-sexualite-evoquee-autour-dun-chocolat-chaud-a-la-cite-scolaire-jules-ferry\/#article","isPartOf":{"@id":"https:\/\/vosgesinfo.fr\/saintdieinfo\/2024\/12\/la-sexualite-evoquee-autour-dun-chocolat-chaud-a-la-cite-scolaire-jules-ferry\/"},"author":{"name":"J.J.","@id":"https:\/\/vosgesinfo.fr\/saintdieinfo\/#\/schema\/person\/fa73e9f726d67bb88f46d5b7943cb572"},"headline":"La sexualit\u00e9 \u00e9voqu\u00e9e autour d&rsquo;un chocolat chaud \u00e0 la Cit\u00e9 Scolaire Jules-Ferry","datePublished":"2024-12-10T14:36:34+00:00","dateModified":"2024-12-10T14:26:31+00:00","mainEntityOfPage":{"@id":"https:\/\/vosgesinfo.fr\/saintdieinfo\/2024\/12\/la-sexualite-evoquee-autour-dun-chocolat-chaud-a-la-cite-scolaire-jules-ferry\/"},"wordCount":313,"commentCount":0,"publisher":{"@id":"https:\/\/vosgesinfo.fr\/saintdieinfo\/#organization"},"image":{"@id":"https:\/\/vosgesinfo.fr\/saintdieinfo\/2024\/12\/la-sexualite-evoquee-autour-dun-chocolat-chaud-a-la-cite-scolaire-jules-ferry\/#primaryimage"},"thumbnailUrl":"https:\/\/vosgesinfo.fr\/app\/uploads\/sites\/4\/2024\/12\/sensibilisation-ist-cite-scolaire-jules-ferry-3-scaled.jpg","keywords":["Cit\u00e9 scolaire Jules-Ferry","La Rue Ensemble","Op\u00e9ration chocolat chaud","SELIA","Sexualit\u00e9"],"articleSection":["A la Une","\u00c9ducation","Saint-Di\u00e9-des-Vosges"],"inLanguage":"fr-FR","potentialAction":[{"@type":"CommentAction","name":"Comment","target":["https:\/\/vosgesinfo.fr\/saintdieinfo\/2024\/12\/la-sexualite-evoquee-autour-dun-chocolat-chaud-a-la-cite-scolaire-jules-ferry\/#respond"]}]},{"@type":"WebPage","@id":"https:\/\/vosgesinfo.fr\/saintdieinfo\/2024\/12\/la-sexualite-evoquee-autour-dun-chocolat-chaud-a-la-cite-scolaire-jules-ferry\/","url":"https:\/\/vosgesinfo.fr\/saintdieinfo\/2024\/12\/la-sexualite-evoquee-autour-dun-chocolat-chaud-a-la-cite-scolaire-jules-ferry\/","name":"La sexualit\u00e9 \u00e9voqu\u00e9e autour d'un chocolat chaud \u00e0 la Cit\u00e9 Scolaire Jules-Ferry - Saint Die Info","isPartOf":{"@id":"https:\/\/vosgesinfo.fr\/saintdieinfo\/#website"},"primaryImageOfPage":{"@id":"https:\/\/vosgesinfo.fr\/saintdieinfo\/2024\/12\/la-sexualite-evoquee-autour-dun-chocolat-chaud-a-la-cite-scolaire-jules-ferry\/#primaryimage"},"image":{"@id":"https:\/\/vosgesinfo.fr\/saintdieinfo\/2024\/12\/la-sexualite-evoquee-autour-dun-chocolat-chaud-a-la-cite-scolaire-jules-ferry\/#primaryimage"},"thumbnailUrl":"https:\/\/vosgesinfo.fr\/app\/uploads\/sites\/4\/2024\/12\/sensibilisation-ist-cite-scolaire-jules-ferry-3-scaled.jpg","datePublished":"2024-12-10T14:36:34+00:00","dateModified":"2024-12-10T14:26:31+00:00","breadcrumb":{"@id":"https:\/\/vosgesinfo.fr\/saintdieinfo\/2024\/12\/la-sexualite-evoquee-autour-dun-chocolat-chaud-a-la-cite-scolaire-jules-ferry\/#breadcrumb"},"inLanguage":"fr-FR","potentialAction":[{"@type":"ReadAction","target":["https:\/\/vosgesinfo.fr\/saintdieinfo\/2024\/12\/la-sexualite-evoquee-autour-dun-chocolat-chaud-a-la-cite-scolaire-jules-ferry\/"]}]},{"@type":"ImageObject","inLanguage":"fr-FR","@id":"https:\/\/vosgesinfo.fr\/saintdieinfo\/2024\/12\/la-sexualite-evoquee-autour-dun-chocolat-chaud-a-la-cite-scolaire-jules-ferry\/#primaryimage","url":"https:\/\/vosgesinfo.fr\/app\/uploads\/sites\/4\/2024\/12\/sensibilisation-ist-cite-scolaire-jules-ferry-3-scaled.jpg","contentUrl":"https:\/\/vosgesinfo.fr\/app\/uploads\/sites\/4\/2024\/12\/sensibilisation-ist-cite-scolaire-jules-ferry-3-scaled.jpg","width":2560,"height":1928},{"@type":"BreadcrumbList","@id":"https:\/\/vosgesinfo.fr\/saintdieinfo\/2024\/12\/la-sexualite-evoquee-autour-dun-chocolat-chaud-a-la-cite-scolaire-jules-ferry\/#breadcrumb","itemListElement":[{"@type":"ListItem","position":1,"name":"Home","item":"https:\/\/vosgesinfo.fr\/saintdieinfo\/"},{"@type":"ListItem","position":2,"name":"La sexualit\u00e9 \u00e9voqu\u00e9e autour d&rsquo;un chocolat chaud \u00e0 la Cit\u00e9 Scolaire Jules-Ferry"}]},{"@type":"WebSite","@id":"https:\/\/vosgesinfo.fr\/saintdieinfo\/#website","url":"https:\/\/vosgesinfo.fr\/saintdieinfo\/","name":"Saint Die Info","description":"Toute l&#039;actualit\u00e9 de Saint-Di\u00e9-Des-Vosges","publisher":{"@id":"https:\/\/vosgesinfo.fr\/saintdieinfo\/#organization"},"alternateName":"Toute l'actualit\u00e9 de Saint-Di\u00e9-Des-Vosges","potentialAction":[{"@type":"SearchAction","target":{"@type":"EntryPoint","urlTemplate":"https:\/\/vosgesinfo.fr\/saintdieinfo\/?s={search_term_string}"},"query-input":"required name=search_term_string"}],"inLanguage":"fr-FR"},{"@type":"Organization","@id":"https:\/\/vosgesinfo.fr\/saintdieinfo\/#organization","name":"Saint Die Info","url":"https:\/\/vosgesinfo.fr\/saintdieinfo\/","logo":{"@type":"ImageObject","inLanguage":"fr-FR","@id":"https:\/\/vosgesinfo.fr\/saintdieinfo\/#\/schema\/logo\/image\/","url":"https:\/\/vosgesinfo.fr\/app\/uploads\/sites\/4\/2024\/02\/logo-sdi.jpg","contentUrl":"https:\/\/vosgesinfo.fr\/app\/uploads\/sites\/4\/2024\/02\/logo-sdi.jpg","width":600,"height":600,"caption":"Saint Die Info"},"image":{"@id":"https:\/\/vosgesinfo.fr\/saintdieinfo\/#\/schema\/logo\/image\/"},"sameAs":["https:\/\/www.facebook.com\/Saintdieinfofr","https:\/\/x.com\/VosgesInfo88","https:\/\/www.youtube.com\/@vosgesinfo"]},{"@type":"Person","@id":"https:\/\/vosgesinfo.fr\/saintdieinfo\/#\/schema\/person\/fa73e9f726d67bb88f46d5b7943cb572","name":"J.J.","image":{"@type":"ImageObject","inLanguage":"fr-FR","@id":"https:\/\/vosgesinfo.fr\/saintdieinfo\/#\/schema\/person\/image\/","url":"https:\/\/secure.gravatar.com\/avatar\/219e749e47ffbcca018a360ae4add7d4cdf1cdaaf8bc7676b27efade3fe65615?s=96&d=mm&r=g","contentUrl":"https:\/\/secure.gravatar.com\/avatar\/219e749e47ffbcca018a360ae4add7d4cdf1cdaaf8bc7676b27efade3fe65615?s=96&d=mm&r=g","caption":"J.J."},"url":"https:\/\/vosgesinfo.fr\/saintdieinfo\/author\/j-j\/"}]}},"_links":{"self":[{"href":"https:\/\/vosgesinfo.fr\/saintdieinfo\/wp-json\/wp\/v2\/posts\/71691","targetHints":{"allow":["GET"]}}],"collection":[{"href":"https:\/\/vosgesinfo.fr\/saintdieinfo\/wp-json\/wp\/v2\/posts"}],"about":[{"href":"https:\/\/vosgesinfo.fr\/saintdieinfo\/wp-json\/wp\/v2\/types\/post"}],"author":[{"embeddable":true,"href":"https:\/\/vosgesinfo.fr\/saintdieinfo\/wp-json\/wp\/v2\/users\/46"}],"replies":[{"embeddable":true,"href":"https:\/\/vosgesinfo.fr\/saintdieinfo\/wp-json\/wp\/v2\/comments?post=71691"}],"version-history":[{"count":1,"href":"https:\/\/vosgesinfo.fr\/saintdieinfo\/wp-json\/wp\/v2\/posts\/71691\/revisions"}],"predecessor-version":[{"id":71699,"href":"https:\/\/vosgesinfo.fr\/saintdieinfo\/wp-json\/wp\/v2\/posts\/71691\/revisions\/71699"}],"wp:featuredmedia":[{"embeddable":true,"href":"https:\/\/vosgesinfo.fr\/saintdieinfo\/wp-json\/wp\/v2\/media\/71694"}],"wp:attachment":[{"href":"https:\/\/vosgesinfo.fr\/saintdieinfo\/wp-json\/wp\/v2\/media?parent=71691"}],"wp:term":[{"taxonomy":"category","embeddable":true,"href":"https:\/\/vosgesinfo.fr\/saintdieinfo\/wp-json\/wp\/v2\/categories?post=71691"},{"taxonomy":"post_tag","embeddable":true,"href":"https:\/\/vosgesinfo.fr\/saintdieinfo\/wp-json\/wp\/v2\/tags?post=71691"}],"curies":[{"name":"wp","href":"https:\/\/api.w.org\/{rel}","templated":true}]}}