{"id":71853,"date":"2024-12-14T11:55:49","date_gmt":"2024-12-14T10:55:49","guid":{"rendered":"https:\/\/vosgesinfo.fr\/saintdieinfo\/?p=71853"},"modified":"2024-12-14T11:44:53","modified_gmt":"2024-12-14T10:44:53","slug":"une-nouvelle-formation-gratuite-aux-gestes-qui-sauvent-a-saint-die-des-vosges","status":"publish","type":"post","link":"https:\/\/vosgesinfo.fr\/saintdieinfo\/2024\/12\/une-nouvelle-formation-gratuite-aux-gestes-qui-sauvent-a-saint-die-des-vosges\/","title":{"rendered":"Une nouvelle formation gratuite aux gestes qui sauvent \u00e0 Saint-Di\u00e9-des-Vosges"},"content":{"rendered":"<div id=\"attachment_34332\" style=\"width: 1034px\" class=\"wp-caption alignnone\"><a href=\"https:\/\/vosgesinfo.fr\/app\/uploads\/sites\/4\/2024\/06\/lancement-deodefib-4-scaled.jpg\"><img decoding=\"async\" aria-describedby=\"caption-attachment-34332\" class=\"wp-image-34332 size-large\" src=\"https:\/\/vosgesinfo.fr\/app\/uploads\/sites\/4\/2024\/06\/lancement-deodefib-4-1024x771.jpg\" alt=\"\" width=\"1024\" height=\"771\" srcset=\"https:\/\/vosgesinfo.fr\/app\/uploads\/sites\/4\/2024\/06\/lancement-deodefib-4-1024x771.jpg 1024w, https:\/\/vosgesinfo.fr\/app\/uploads\/sites\/4\/2024\/06\/lancement-deodefib-4-300x226.jpg 300w, https:\/\/vosgesinfo.fr\/app\/uploads\/sites\/4\/2024\/06\/lancement-deodefib-4-768x578.jpg 768w, https:\/\/vosgesinfo.fr\/app\/uploads\/sites\/4\/2024\/06\/lancement-deodefib-4-1536x1157.jpg 1536w, https:\/\/vosgesinfo.fr\/app\/uploads\/sites\/4\/2024\/06\/lancement-deodefib-4-2048x1542.jpg 2048w\" sizes=\"(max-width: 1024px) 100vw, 1024px\" \/><\/a><p id=\"caption-attachment-34332\" class=\"wp-caption-text\">(Archive)<\/p><\/div>\n<h2>Apprendre les gestes qui sauvent, c&rsquo;est pouvoir sauver une vie lors d&rsquo;un malaise cardiaque. Ce qui a \u00e9t\u00e9 rappel\u00e9 pas plus tard que hier soir, <a href=\"https:\/\/vosgesinfo.fr\/saintdieinfo\/2024\/12\/remerciements-a-celles-et-ceux-ayant-sauve-la-vie-de-la-jeune-deodatienne-ambre\/\" target=\"_blank\" rel=\"noopener\">lors de la c\u00e9r\u00e9monie de remercies aux personnes ayant sauv\u00e9 la vie de la jeune D\u00e9odatienne Ambre<\/a>, victime d&rsquo;un malaise cardiaque le 19 f\u00e9vrier dernier.<\/h2>\n<p><!--more--><\/p>\n<p>C&rsquo;est notamment suite \u00e0 cet \u00e9v\u00e9nement finalement heureux, que la Ville et le Club Coeur et Sant\u00e9 de Saint-Di\u00e9-des-Vosges ont mis en place l&rsquo;action D\u00e9o&rsquo;D\u00e9fib en juin dernier. Ce jeudi 19 d\u00e9cembre, \u00e0 partir de 18h15 \u00e0 l&rsquo;Espace Fran\u00e7ois-Mitterrand, une nouvelle journ\u00e9e de formation aux gestes qui sauvent est propos\u00e9e par le Club Coeur et Sant\u00e9. L&rsquo;inscription \u00e0 la formation, d&rsquo;une dur\u00e9e de 2 heures, est gratuite. Rendez-vous sur <a href=\"https:\/\/deodefib.fr\" target=\"_blank\" rel=\"noopener\">deodefib.fr<\/a> pour s&rsquo;inscrire. Et pour aller plus loin : <a href=\"https:\/\/coeuretsante.deodatie.fr\/2024\/11\/24\/deo-defib-le-club-coeur-et-sante-a-repris-ses-seances-dapprentissage-a-la-prise-en-charge-de-larret-cardiaque\/\" target=\"_blank\" rel=\"noopener\">https:\/\/coeuretsante.deodatie.fr\/2024\/11\/24\/deo-defib-le-club-coeur-et-sante-a-repris-ses-seances-dapprentissage-a-la-prise-en-charge-de-larret-cardiaque\/<\/a><\/p>\n<p><a href=\"https:\/\/vosgesinfo.fr\/app\/uploads\/sites\/4\/2024\/12\/gestes-qui-sauvent.jpg\"><img decoding=\"async\" class=\"alignnone size-large wp-image-71854\" src=\"https:\/\/vosgesinfo.fr\/app\/uploads\/sites\/4\/2024\/12\/gestes-qui-sauvent-1024x724.jpg\" alt=\"\" width=\"1024\" height=\"724\" srcset=\"https:\/\/vosgesinfo.fr\/app\/uploads\/sites\/4\/2024\/12\/gestes-qui-sauvent-1024x724.jpg 1024w, https:\/\/vosgesinfo.fr\/app\/uploads\/sites\/4\/2024\/12\/gestes-qui-sauvent-300x212.jpg 300w, https:\/\/vosgesinfo.fr\/app\/uploads\/sites\/4\/2024\/12\/gestes-qui-sauvent-768x543.jpg 768w, https:\/\/vosgesinfo.fr\/app\/uploads\/sites\/4\/2024\/12\/gestes-qui-sauvent-1536x1085.jpg 1536w, https:\/\/vosgesinfo.fr\/app\/uploads\/sites\/4\/2024\/12\/gestes-qui-sauvent.jpg 2048w\" sizes=\"(max-width: 1024px) 100vw, 1024px\" \/><\/a><\/p>\n<p>J.J.<\/p>\n","protected":false},"excerpt":{"rendered":"<p>Apprendre les gestes qui sauvent, c&rsquo;est pouvoir sauver une vie lors d&rsquo;un malaise cardiaque. Ce qui a \u00e9t\u00e9 rappel\u00e9 pas [&hellip;]<\/p>\n","protected":false},"author":46,"featured_media":34332,"comment_status":"open","ping_status":"open","sticky":false,"template":"","format":"standard","meta":{"footnotes":""},"categories":[460,167,4152,17],"tags":[3314,6215,3089,3857,3240],"class_list":["post-71853","post","type-post","status-publish","format-standard","has-post-thumbnail","hentry","category-a-la-une","category-saint-die-des-vosges","category-sante","category-vie-associative","tag-club-coeur-et-sante-de-saint-die-des-vosges","tag-deodefib","tag-espace-francois-mitterrand","tag-formation-aux-gestes-qui-sauvent","tag-ville-de-saint-die-des-vosges"],"acf":[],"yoast_head":"<!-- This site is optimized with the Yoast SEO plugin v22.5 - https:\/\/yoast.com\/wordpress\/plugins\/seo\/ -->\n<title>Une nouvelle formation gratuite aux gestes qui sauvent \u00e0 Saint-Di\u00e9-des-Vosges - Saint Die Info<\/title>\n<meta name=\"robots\" content=\"index, follow, max-snippet:-1, max-image-preview:large, max-video-preview:-1\" \/>\n<link rel=\"canonical\" href=\"https:\/\/vosgesinfo.fr\/saintdieinfo\/2024\/12\/une-nouvelle-formation-gratuite-aux-gestes-qui-sauvent-a-saint-die-des-vosges\/\" \/>\n<meta name=\"twitter:card\" content=\"summary_large_image\" \/>\n<meta name=\"twitter:title\" content=\"Une nouvelle formation gratuite aux gestes qui sauvent \u00e0 Saint-Di\u00e9-des-Vosges - Saint Die Info\" \/>\n<meta name=\"twitter:description\" content=\"Apprendre les gestes qui sauvent, c&rsquo;est pouvoir sauver une vie lors d&rsquo;un malaise cardiaque. Ce qui a \u00e9t\u00e9 rappel\u00e9 pas [&hellip;]\" \/>\n<meta name=\"twitter:image\" content=\"https:\/\/vosgesinfo.fr\/app\/uploads\/sites\/4\/2024\/06\/lancement-deodefib-4-scaled.jpg\" \/>\n<meta name=\"twitter:creator\" content=\"@VosgesInfo88\" \/>\n<meta name=\"twitter:site\" content=\"@VosgesInfo88\" \/>\n<meta name=\"twitter:label1\" content=\"\u00c9crit par\" \/>\n\t<meta name=\"twitter:data1\" content=\"J.J.\" \/>\n\t<meta name=\"twitter:label2\" content=\"Dur\u00e9e de lecture estim\u00e9e\" \/>\n\t<meta name=\"twitter:data2\" content=\"1 minute\" \/>\n<script type=\"application\/ld+json\" class=\"yoast-schema-graph\">{\"@context\":\"https:\/\/schema.org\",\"@graph\":[{\"@type\":\"Article\",\"@id\":\"https:\/\/vosgesinfo.fr\/saintdieinfo\/2024\/12\/une-nouvelle-formation-gratuite-aux-gestes-qui-sauvent-a-saint-die-des-vosges\/#article\",\"isPartOf\":{\"@id\":\"https:\/\/vosgesinfo.fr\/saintdieinfo\/2024\/12\/une-nouvelle-formation-gratuite-aux-gestes-qui-sauvent-a-saint-die-des-vosges\/\"},\"author\":{\"name\":\"J.J.\",\"@id\":\"https:\/\/vosgesinfo.fr\/saintdieinfo\/#\/schema\/person\/fa73e9f726d67bb88f46d5b7943cb572\"},\"headline\":\"Une nouvelle formation gratuite aux gestes qui sauvent \u00e0 Saint-Di\u00e9-des-Vosges\",\"datePublished\":\"2024-12-14T10:55:49+00:00\",\"dateModified\":\"2024-12-14T10:44:53+00:00\",\"mainEntityOfPage\":{\"@id\":\"https:\/\/vosgesinfo.fr\/saintdieinfo\/2024\/12\/une-nouvelle-formation-gratuite-aux-gestes-qui-sauvent-a-saint-die-des-vosges\/\"},\"wordCount\":169,\"commentCount\":0,\"publisher\":{\"@id\":\"https:\/\/vosgesinfo.fr\/saintdieinfo\/#organization\"},\"image\":{\"@id\":\"https:\/\/vosgesinfo.fr\/saintdieinfo\/2024\/12\/une-nouvelle-formation-gratuite-aux-gestes-qui-sauvent-a-saint-die-des-vosges\/#primaryimage\"},\"thumbnailUrl\":\"https:\/\/vosgesinfo.fr\/app\/uploads\/sites\/4\/2024\/06\/lancement-deodefib-4-scaled.jpg\",\"keywords\":[\"Club Coeur et Sant\u00e9 de Saint-Di\u00e9-des-Vosges\",\"D\u00e9o'D\u00e9fib'\",\"Espace Fran\u00e7ois-Mitterrand\",\"Formation aux gestes qui sauvent\",\"Ville de Saint-Di\u00e9-des-Vosges\"],\"articleSection\":[\"A la Une\",\"Saint-Di\u00e9-des-Vosges\",\"Sant\u00e9\",\"Vie Associative\"],\"inLanguage\":\"fr-FR\",\"potentialAction\":[{\"@type\":\"CommentAction\",\"name\":\"Comment\",\"target\":[\"https:\/\/vosgesinfo.fr\/saintdieinfo\/2024\/12\/une-nouvelle-formation-gratuite-aux-gestes-qui-sauvent-a-saint-die-des-vosges\/#respond\"]}]},{\"@type\":\"WebPage\",\"@id\":\"https:\/\/vosgesinfo.fr\/saintdieinfo\/2024\/12\/une-nouvelle-formation-gratuite-aux-gestes-qui-sauvent-a-saint-die-des-vosges\/\",\"url\":\"https:\/\/vosgesinfo.fr\/saintdieinfo\/2024\/12\/une-nouvelle-formation-gratuite-aux-gestes-qui-sauvent-a-saint-die-des-vosges\/\",\"name\":\"Une nouvelle formation gratuite aux gestes qui sauvent \u00e0 Saint-Di\u00e9-des-Vosges - Saint Die Info\",\"isPartOf\":{\"@id\":\"https:\/\/vosgesinfo.fr\/saintdieinfo\/#website\"},\"primaryImageOfPage\":{\"@id\":\"https:\/\/vosgesinfo.fr\/saintdieinfo\/2024\/12\/une-nouvelle-formation-gratuite-aux-gestes-qui-sauvent-a-saint-die-des-vosges\/#primaryimage\"},\"image\":{\"@id\":\"https:\/\/vosgesinfo.fr\/saintdieinfo\/2024\/12\/une-nouvelle-formation-gratuite-aux-gestes-qui-sauvent-a-saint-die-des-vosges\/#primaryimage\"},\"thumbnailUrl\":\"https:\/\/vosgesinfo.fr\/app\/uploads\/sites\/4\/2024\/06\/lancement-deodefib-4-scaled.jpg\",\"datePublished\":\"2024-12-14T10:55:49+00:00\",\"dateModified\":\"2024-12-14T10:44:53+00:00\",\"breadcrumb\":{\"@id\":\"https:\/\/vosgesinfo.fr\/saintdieinfo\/2024\/12\/une-nouvelle-formation-gratuite-aux-gestes-qui-sauvent-a-saint-die-des-vosges\/#breadcrumb\"},\"inLanguage\":\"fr-FR\",\"potentialAction\":[{\"@type\":\"ReadAction\",\"target\":[\"https:\/\/vosgesinfo.fr\/saintdieinfo\/2024\/12\/une-nouvelle-formation-gratuite-aux-gestes-qui-sauvent-a-saint-die-des-vosges\/\"]}]},{\"@type\":\"ImageObject\",\"inLanguage\":\"fr-FR\",\"@id\":\"https:\/\/vosgesinfo.fr\/saintdieinfo\/2024\/12\/une-nouvelle-formation-gratuite-aux-gestes-qui-sauvent-a-saint-die-des-vosges\/#primaryimage\",\"url\":\"https:\/\/vosgesinfo.fr\/app\/uploads\/sites\/4\/2024\/06\/lancement-deodefib-4-scaled.jpg\",\"contentUrl\":\"https:\/\/vosgesinfo.fr\/app\/uploads\/sites\/4\/2024\/06\/lancement-deodefib-4-scaled.jpg\",\"width\":2560,\"height\":1928},{\"@type\":\"BreadcrumbList\",\"@id\":\"https:\/\/vosgesinfo.fr\/saintdieinfo\/2024\/12\/une-nouvelle-formation-gratuite-aux-gestes-qui-sauvent-a-saint-die-des-vosges\/#breadcrumb\",\"itemListElement\":[{\"@type\":\"ListItem\",\"position\":1,\"name\":\"Home\",\"item\":\"https:\/\/vosgesinfo.fr\/saintdieinfo\/\"},{\"@type\":\"ListItem\",\"position\":2,\"name\":\"Une nouvelle formation gratuite aux gestes qui sauvent \u00e0 Saint-Di\u00e9-des-Vosges\"}]},{\"@type\":\"WebSite\",\"@id\":\"https:\/\/vosgesinfo.fr\/saintdieinfo\/#website\",\"url\":\"https:\/\/vosgesinfo.fr\/saintdieinfo\/\",\"name\":\"Saint Die Info\",\"description\":\"Toute l&#039;actualit\u00e9 de Saint-Di\u00e9-Des-Vosges\",\"publisher\":{\"@id\":\"https:\/\/vosgesinfo.fr\/saintdieinfo\/#organization\"},\"alternateName\":\"Toute l'actualit\u00e9 de Saint-Di\u00e9-Des-Vosges\",\"potentialAction\":[{\"@type\":\"SearchAction\",\"target\":{\"@type\":\"EntryPoint\",\"urlTemplate\":\"https:\/\/vosgesinfo.fr\/saintdieinfo\/?s={search_term_string}\"},\"query-input\":\"required name=search_term_string\"}],\"inLanguage\":\"fr-FR\"},{\"@type\":\"Organization\",\"@id\":\"https:\/\/vosgesinfo.fr\/saintdieinfo\/#organization\",\"name\":\"Saint Die Info\",\"url\":\"https:\/\/vosgesinfo.fr\/saintdieinfo\/\",\"logo\":{\"@type\":\"ImageObject\",\"inLanguage\":\"fr-FR\",\"@id\":\"https:\/\/vosgesinfo.fr\/saintdieinfo\/#\/schema\/logo\/image\/\",\"url\":\"https:\/\/vosgesinfo.fr\/app\/uploads\/sites\/4\/2024\/02\/logo-sdi.jpg\",\"contentUrl\":\"https:\/\/vosgesinfo.fr\/app\/uploads\/sites\/4\/2024\/02\/logo-sdi.jpg\",\"width\":600,\"height\":600,\"caption\":\"Saint Die Info\"},\"image\":{\"@id\":\"https:\/\/vosgesinfo.fr\/saintdieinfo\/#\/schema\/logo\/image\/\"},\"sameAs\":[\"https:\/\/www.facebook.com\/Saintdieinfofr\",\"https:\/\/x.com\/VosgesInfo88\",\"https:\/\/www.youtube.com\/@vosgesinfo\"]},{\"@type\":\"Person\",\"@id\":\"https:\/\/vosgesinfo.fr\/saintdieinfo\/#\/schema\/person\/fa73e9f726d67bb88f46d5b7943cb572\",\"name\":\"J.J.\",\"image\":{\"@type\":\"ImageObject\",\"inLanguage\":\"fr-FR\",\"@id\":\"https:\/\/vosgesinfo.fr\/saintdieinfo\/#\/schema\/person\/image\/\",\"url\":\"https:\/\/secure.gravatar.com\/avatar\/219e749e47ffbcca018a360ae4add7d4cdf1cdaaf8bc7676b27efade3fe65615?s=96&d=mm&r=g\",\"contentUrl\":\"https:\/\/secure.gravatar.com\/avatar\/219e749e47ffbcca018a360ae4add7d4cdf1cdaaf8bc7676b27efade3fe65615?s=96&d=mm&r=g\",\"caption\":\"J.J.\"},\"url\":\"https:\/\/vosgesinfo.fr\/saintdieinfo\/author\/j-j\/\"}]}<\/script>\n<!-- \/ Yoast SEO plugin. -->","yoast_head_json":{"title":"Une nouvelle formation gratuite aux gestes qui sauvent \u00e0 Saint-Di\u00e9-des-Vosges - Saint Die Info","robots":{"index":"index","follow":"follow","max-snippet":"max-snippet:-1","max-image-preview":"max-image-preview:large","max-video-preview":"max-video-preview:-1"},"canonical":"https:\/\/vosgesinfo.fr\/saintdieinfo\/2024\/12\/une-nouvelle-formation-gratuite-aux-gestes-qui-sauvent-a-saint-die-des-vosges\/","twitter_card":"summary_large_image","twitter_title":"Une nouvelle formation gratuite aux gestes qui sauvent \u00e0 Saint-Di\u00e9-des-Vosges - Saint Die Info","twitter_description":"Apprendre les gestes qui sauvent, c&rsquo;est pouvoir sauver une vie lors d&rsquo;un malaise cardiaque. Ce qui a \u00e9t\u00e9 rappel\u00e9 pas [&hellip;]","twitter_image":"https:\/\/vosgesinfo.fr\/app\/uploads\/sites\/4\/2024\/06\/lancement-deodefib-4-scaled.jpg","twitter_creator":"@VosgesInfo88","twitter_site":"@VosgesInfo88","twitter_misc":{"\u00c9crit par":"J.J.","Dur\u00e9e de lecture estim\u00e9e":"1 minute"},"schema":{"@context":"https:\/\/schema.org","@graph":[{"@type":"Article","@id":"https:\/\/vosgesinfo.fr\/saintdieinfo\/2024\/12\/une-nouvelle-formation-gratuite-aux-gestes-qui-sauvent-a-saint-die-des-vosges\/#article","isPartOf":{"@id":"https:\/\/vosgesinfo.fr\/saintdieinfo\/2024\/12\/une-nouvelle-formation-gratuite-aux-gestes-qui-sauvent-a-saint-die-des-vosges\/"},"author":{"name":"J.J.","@id":"https:\/\/vosgesinfo.fr\/saintdieinfo\/#\/schema\/person\/fa73e9f726d67bb88f46d5b7943cb572"},"headline":"Une nouvelle formation gratuite aux gestes qui sauvent \u00e0 Saint-Di\u00e9-des-Vosges","datePublished":"2024-12-14T10:55:49+00:00","dateModified":"2024-12-14T10:44:53+00:00","mainEntityOfPage":{"@id":"https:\/\/vosgesinfo.fr\/saintdieinfo\/2024\/12\/une-nouvelle-formation-gratuite-aux-gestes-qui-sauvent-a-saint-die-des-vosges\/"},"wordCount":169,"commentCount":0,"publisher":{"@id":"https:\/\/vosgesinfo.fr\/saintdieinfo\/#organization"},"image":{"@id":"https:\/\/vosgesinfo.fr\/saintdieinfo\/2024\/12\/une-nouvelle-formation-gratuite-aux-gestes-qui-sauvent-a-saint-die-des-vosges\/#primaryimage"},"thumbnailUrl":"https:\/\/vosgesinfo.fr\/app\/uploads\/sites\/4\/2024\/06\/lancement-deodefib-4-scaled.jpg","keywords":["Club Coeur et Sant\u00e9 de Saint-Di\u00e9-des-Vosges","D\u00e9o'D\u00e9fib'","Espace Fran\u00e7ois-Mitterrand","Formation aux gestes qui sauvent","Ville de Saint-Di\u00e9-des-Vosges"],"articleSection":["A la Une","Saint-Di\u00e9-des-Vosges","Sant\u00e9","Vie Associative"],"inLanguage":"fr-FR","potentialAction":[{"@type":"CommentAction","name":"Comment","target":["https:\/\/vosgesinfo.fr\/saintdieinfo\/2024\/12\/une-nouvelle-formation-gratuite-aux-gestes-qui-sauvent-a-saint-die-des-vosges\/#respond"]}]},{"@type":"WebPage","@id":"https:\/\/vosgesinfo.fr\/saintdieinfo\/2024\/12\/une-nouvelle-formation-gratuite-aux-gestes-qui-sauvent-a-saint-die-des-vosges\/","url":"https:\/\/vosgesinfo.fr\/saintdieinfo\/2024\/12\/une-nouvelle-formation-gratuite-aux-gestes-qui-sauvent-a-saint-die-des-vosges\/","name":"Une nouvelle formation gratuite aux gestes qui sauvent \u00e0 Saint-Di\u00e9-des-Vosges - Saint Die Info","isPartOf":{"@id":"https:\/\/vosgesinfo.fr\/saintdieinfo\/#website"},"primaryImageOfPage":{"@id":"https:\/\/vosgesinfo.fr\/saintdieinfo\/2024\/12\/une-nouvelle-formation-gratuite-aux-gestes-qui-sauvent-a-saint-die-des-vosges\/#primaryimage"},"image":{"@id":"https:\/\/vosgesinfo.fr\/saintdieinfo\/2024\/12\/une-nouvelle-formation-gratuite-aux-gestes-qui-sauvent-a-saint-die-des-vosges\/#primaryimage"},"thumbnailUrl":"https:\/\/vosgesinfo.fr\/app\/uploads\/sites\/4\/2024\/06\/lancement-deodefib-4-scaled.jpg","datePublished":"2024-12-14T10:55:49+00:00","dateModified":"2024-12-14T10:44:53+00:00","breadcrumb":{"@id":"https:\/\/vosgesinfo.fr\/saintdieinfo\/2024\/12\/une-nouvelle-formation-gratuite-aux-gestes-qui-sauvent-a-saint-die-des-vosges\/#breadcrumb"},"inLanguage":"fr-FR","potentialAction":[{"@type":"ReadAction","target":["https:\/\/vosgesinfo.fr\/saintdieinfo\/2024\/12\/une-nouvelle-formation-gratuite-aux-gestes-qui-sauvent-a-saint-die-des-vosges\/"]}]},{"@type":"ImageObject","inLanguage":"fr-FR","@id":"https:\/\/vosgesinfo.fr\/saintdieinfo\/2024\/12\/une-nouvelle-formation-gratuite-aux-gestes-qui-sauvent-a-saint-die-des-vosges\/#primaryimage","url":"https:\/\/vosgesinfo.fr\/app\/uploads\/sites\/4\/2024\/06\/lancement-deodefib-4-scaled.jpg","contentUrl":"https:\/\/vosgesinfo.fr\/app\/uploads\/sites\/4\/2024\/06\/lancement-deodefib-4-scaled.jpg","width":2560,"height":1928},{"@type":"BreadcrumbList","@id":"https:\/\/vosgesinfo.fr\/saintdieinfo\/2024\/12\/une-nouvelle-formation-gratuite-aux-gestes-qui-sauvent-a-saint-die-des-vosges\/#breadcrumb","itemListElement":[{"@type":"ListItem","position":1,"name":"Home","item":"https:\/\/vosgesinfo.fr\/saintdieinfo\/"},{"@type":"ListItem","position":2,"name":"Une nouvelle formation gratuite aux gestes qui sauvent \u00e0 Saint-Di\u00e9-des-Vosges"}]},{"@type":"WebSite","@id":"https:\/\/vosgesinfo.fr\/saintdieinfo\/#website","url":"https:\/\/vosgesinfo.fr\/saintdieinfo\/","name":"Saint Die Info","description":"Toute l&#039;actualit\u00e9 de Saint-Di\u00e9-Des-Vosges","publisher":{"@id":"https:\/\/vosgesinfo.fr\/saintdieinfo\/#organization"},"alternateName":"Toute l'actualit\u00e9 de Saint-Di\u00e9-Des-Vosges","potentialAction":[{"@type":"SearchAction","target":{"@type":"EntryPoint","urlTemplate":"https:\/\/vosgesinfo.fr\/saintdieinfo\/?s={search_term_string}"},"query-input":"required name=search_term_string"}],"inLanguage":"fr-FR"},{"@type":"Organization","@id":"https:\/\/vosgesinfo.fr\/saintdieinfo\/#organization","name":"Saint Die Info","url":"https:\/\/vosgesinfo.fr\/saintdieinfo\/","logo":{"@type":"ImageObject","inLanguage":"fr-FR","@id":"https:\/\/vosgesinfo.fr\/saintdieinfo\/#\/schema\/logo\/image\/","url":"https:\/\/vosgesinfo.fr\/app\/uploads\/sites\/4\/2024\/02\/logo-sdi.jpg","contentUrl":"https:\/\/vosgesinfo.fr\/app\/uploads\/sites\/4\/2024\/02\/logo-sdi.jpg","width":600,"height":600,"caption":"Saint Die Info"},"image":{"@id":"https:\/\/vosgesinfo.fr\/saintdieinfo\/#\/schema\/logo\/image\/"},"sameAs":["https:\/\/www.facebook.com\/Saintdieinfofr","https:\/\/x.com\/VosgesInfo88","https:\/\/www.youtube.com\/@vosgesinfo"]},{"@type":"Person","@id":"https:\/\/vosgesinfo.fr\/saintdieinfo\/#\/schema\/person\/fa73e9f726d67bb88f46d5b7943cb572","name":"J.J.","image":{"@type":"ImageObject","inLanguage":"fr-FR","@id":"https:\/\/vosgesinfo.fr\/saintdieinfo\/#\/schema\/person\/image\/","url":"https:\/\/secure.gravatar.com\/avatar\/219e749e47ffbcca018a360ae4add7d4cdf1cdaaf8bc7676b27efade3fe65615?s=96&d=mm&r=g","contentUrl":"https:\/\/secure.gravatar.com\/avatar\/219e749e47ffbcca018a360ae4add7d4cdf1cdaaf8bc7676b27efade3fe65615?s=96&d=mm&r=g","caption":"J.J."},"url":"https:\/\/vosgesinfo.fr\/saintdieinfo\/author\/j-j\/"}]}},"_links":{"self":[{"href":"https:\/\/vosgesinfo.fr\/saintdieinfo\/wp-json\/wp\/v2\/posts\/71853","targetHints":{"allow":["GET"]}}],"collection":[{"href":"https:\/\/vosgesinfo.fr\/saintdieinfo\/wp-json\/wp\/v2\/posts"}],"about":[{"href":"https:\/\/vosgesinfo.fr\/saintdieinfo\/wp-json\/wp\/v2\/types\/post"}],"author":[{"embeddable":true,"href":"https:\/\/vosgesinfo.fr\/saintdieinfo\/wp-json\/wp\/v2\/users\/46"}],"replies":[{"embeddable":true,"href":"https:\/\/vosgesinfo.fr\/saintdieinfo\/wp-json\/wp\/v2\/comments?post=71853"}],"version-history":[{"count":1,"href":"https:\/\/vosgesinfo.fr\/saintdieinfo\/wp-json\/wp\/v2\/posts\/71853\/revisions"}],"predecessor-version":[{"id":71855,"href":"https:\/\/vosgesinfo.fr\/saintdieinfo\/wp-json\/wp\/v2\/posts\/71853\/revisions\/71855"}],"wp:featuredmedia":[{"embeddable":true,"href":"https:\/\/vosgesinfo.fr\/saintdieinfo\/wp-json\/wp\/v2\/media\/34332"}],"wp:attachment":[{"href":"https:\/\/vosgesinfo.fr\/saintdieinfo\/wp-json\/wp\/v2\/media?parent=71853"}],"wp:term":[{"taxonomy":"category","embeddable":true,"href":"https:\/\/vosgesinfo.fr\/saintdieinfo\/wp-json\/wp\/v2\/categories?post=71853"},{"taxonomy":"post_tag","embeddable":true,"href":"https:\/\/vosgesinfo.fr\/saintdieinfo\/wp-json\/wp\/v2\/tags?post=71853"}],"curies":[{"name":"wp","href":"https:\/\/api.w.org\/{rel}","templated":true}]}}