{"id":72000,"date":"2024-12-18T10:22:03","date_gmt":"2024-12-18T09:22:03","guid":{"rendered":"https:\/\/vosgesinfo.fr\/saintdieinfo\/?p=72000"},"modified":"2024-12-18T10:12:32","modified_gmt":"2024-12-18T09:12:32","slug":"le-don-de-sang-sinscrit-dans-le-marbre-en-deodatie","status":"publish","type":"post","link":"https:\/\/vosgesinfo.fr\/saintdieinfo\/2024\/12\/le-don-de-sang-sinscrit-dans-le-marbre-en-deodatie\/","title":{"rendered":"Le don de sang s&rsquo;inscrit dans le marbre en D\u00e9odatie"},"content":{"rendered":"<p><a href=\"https:\/\/vosgesinfo.fr\/app\/uploads\/sites\/4\/2024\/12\/signature-convention-quadripartite-don-du-sang-1-scaled.jpg\"><img decoding=\"async\" class=\"alignnone size-large wp-image-72002\" src=\"https:\/\/vosgesinfo.fr\/app\/uploads\/sites\/4\/2024\/12\/signature-convention-quadripartite-don-du-sang-1-1024x771.jpg\" alt=\"\" width=\"1024\" height=\"771\" srcset=\"https:\/\/vosgesinfo.fr\/app\/uploads\/sites\/4\/2024\/12\/signature-convention-quadripartite-don-du-sang-1-1024x771.jpg 1024w, https:\/\/vosgesinfo.fr\/app\/uploads\/sites\/4\/2024\/12\/signature-convention-quadripartite-don-du-sang-1-300x226.jpg 300w, https:\/\/vosgesinfo.fr\/app\/uploads\/sites\/4\/2024\/12\/signature-convention-quadripartite-don-du-sang-1-768x578.jpg 768w, https:\/\/vosgesinfo.fr\/app\/uploads\/sites\/4\/2024\/12\/signature-convention-quadripartite-don-du-sang-1-1536x1157.jpg 1536w, https:\/\/vosgesinfo.fr\/app\/uploads\/sites\/4\/2024\/12\/signature-convention-quadripartite-don-du-sang-1-2048x1542.jpg 2048w\" sizes=\"(max-width: 1024px) 100vw, 1024px\" \/><\/a><\/p>\n<h2>Le don de sang est bien ancr\u00e9 \u00e0 Saint-Di\u00e9-des-Vosges et en D\u00e9odatie, notamment gr\u00e2ce \u00e0 la mobilisation des b\u00e9n\u00e9voles des amicales locales. Ce mardi soir, une convention quadripartite a \u00e9t\u00e9 sign\u00e9e \u00e0 la Tour de la Libert\u00e9 afin de graver dans le marbre le partenariat fructueux entre l&rsquo;Etablissement Fran\u00e7ais du Sang \u2013 EFS \u2013 Grand Est, l&rsquo;amicale des Donneurs de Sang b\u00e9n\u00e9voles de Saint-Di\u00e9-des-Vosges, la Ville et la Communaut\u00e9 d&rsquo;Agglom\u00e9ration de Saint-Di\u00e9-des-Vosges. Une convention qui formalise un lien existant depuis de nombreuses ann\u00e9es entre les 4 entit\u00e9s signataires.<\/h2>\n<p><!--more--><\/p>\n<p>\u00ab Je suis fier et heureux de vivre ce moment. Je l&rsquo;ai imagin\u00e9, esp\u00e9r\u00e9 et m\u00eame r\u00eav\u00e9 depuis maintenant de nombreuses ann\u00e9es \u00bb a d\u00e9clar\u00e9 Sylvain Zanetti, pr\u00e9sident de l&rsquo;amicale d\u00e9odatienne des Donneurs de Sang b\u00e9n\u00e9voles, \u00e9galement pr\u00e9sident r\u00e9gional, vice-pr\u00e9sident d\u00e9partemental et administrateur f\u00e9d\u00e9ral titulaire au niveau national.<\/p>\n<p>A travers la convention sign\u00e9e hier soir, Saint-Di\u00e9-des-Vosges, Sainte-Marguerite et Saint-Michel-sur-Meurthe sont d\u00e9sormais labellis\u00e9es \u00ab Communes partenaires du don de sang \u00bb. Et ce pour une dur\u00e9e initiale de 3 ans, reconductible chaque ann\u00e9e. \u00ab Ce label est d\u00e9cern\u00e9 aux collectivit\u00e9s qui s&rsquo;engagent \u00e0 mener des actions en faveur du don de sang \u00bb pr\u00e9cise le Dr Maryse Morel, responsable des pr\u00e9l\u00e8vements de l&rsquo;EFS Grand Est. Dans les Vosges, la premi\u00e8re convention de ce type remonte \u00e0 2012, avec l&rsquo;amicale de G\u00e9rardmer, Xonrupt-Longemer et Li\u00e9zey.<\/p>\n<p>Pour donner 2 exemples d&rsquo;engagements locaux en faveur du don de sang : peu apr\u00e8s l&rsquo;\u00e9lection du maire Bruno Toussaint, la Ville de Saint-Di\u00e9-des-Vosges a mis un local municipal \u00e0 disposition de l&rsquo;amicale des Donneurs de Sang b\u00e9n\u00e9voles ; les agents de la Communaut\u00e9 d&rsquo;Agglom\u00e9ration peuvent aller donneur leur sang sur leur temps de travail, lors des collectes mobiles organis\u00e9es r\u00e9guli\u00e8rement sur le territoire.<\/p>\n<p>A ce propos, les 2 prochaines collectes \u00e0 Saint-Di\u00e9-des-Vosges auront lieu \u00e0 la salle Carbonnar, respectivement le lundi 23 d\u00e9cembre prochain, de 15h30 \u00e0 19h30, puis le mardi 7 janvier, de 9h \u00e0 13h et de 15h30 \u00e0 19h30. Pour prendre rendez-vous, facultatif mais conseill\u00e9, rendez-vous sur <a href=\"https:\/\/dondesang.efs.sante.fr\" target=\"_blank\" rel=\"noopener\">https:\/\/dondesang.efs.sante.fr<\/a>.<\/p>\n<p>J.J.<\/p>\n<p><a href=\"https:\/\/vosgesinfo.fr\/app\/uploads\/sites\/4\/2024\/12\/signature-convention-quadripartite-don-du-sang-2-scaled.jpg\"><img decoding=\"async\" class=\"alignnone size-large wp-image-72001\" src=\"https:\/\/vosgesinfo.fr\/app\/uploads\/sites\/4\/2024\/12\/signature-convention-quadripartite-don-du-sang-2-1024x771.jpg\" alt=\"\" width=\"1024\" height=\"771\" srcset=\"https:\/\/vosgesinfo.fr\/app\/uploads\/sites\/4\/2024\/12\/signature-convention-quadripartite-don-du-sang-2-1024x771.jpg 1024w, https:\/\/vosgesinfo.fr\/app\/uploads\/sites\/4\/2024\/12\/signature-convention-quadripartite-don-du-sang-2-300x226.jpg 300w, https:\/\/vosgesinfo.fr\/app\/uploads\/sites\/4\/2024\/12\/signature-convention-quadripartite-don-du-sang-2-768x578.jpg 768w, https:\/\/vosgesinfo.fr\/app\/uploads\/sites\/4\/2024\/12\/signature-convention-quadripartite-don-du-sang-2-1536x1157.jpg 1536w, https:\/\/vosgesinfo.fr\/app\/uploads\/sites\/4\/2024\/12\/signature-convention-quadripartite-don-du-sang-2-2048x1542.jpg 2048w\" sizes=\"(max-width: 1024px) 100vw, 1024px\" \/><\/a><\/p>\n","protected":false},"excerpt":{"rendered":"<p>Le don de sang est bien ancr\u00e9 \u00e0 Saint-Di\u00e9-des-Vosges et en D\u00e9odatie, notamment gr\u00e2ce \u00e0 la mobilisation des b\u00e9n\u00e9voles des [&hellip;]<\/p>\n","protected":false},"author":46,"featured_media":72002,"comment_status":"open","ping_status":"open","sticky":false,"template":"","format":"standard","meta":{"footnotes":""},"categories":[460,4152,29,17],"tags":[3195,3282,1243,15602,3196,15603,2953,3240],"class_list":["post-72000","post","type-post","status-publish","format-standard","has-post-thumbnail","hentry","category-a-la-une","category-sante","category-solidarite","category-vie-associative","tag-amicale-des-donneurs-de-sang-benevoles-de-saint-die-des-vosges","tag-communaute-dagglomeration-de-saint-die-des-vosges","tag-don-de-sang","tag-don-de-sang-en-deodatie","tag-efs-grand-est","tag-signature-dune-convention-quadripartite-en-faveur-du-don-de-sang","tag-tour-de-la-liberte","tag-ville-de-saint-die-des-vosges"],"acf":[],"yoast_head":"<!-- This site is optimized with the Yoast SEO plugin v22.5 - https:\/\/yoast.com\/wordpress\/plugins\/seo\/ -->\n<title>Le don de sang s&#039;inscrit dans le marbre en D\u00e9odatie - Saint Die Info<\/title>\n<meta name=\"robots\" content=\"index, follow, max-snippet:-1, max-image-preview:large, max-video-preview:-1\" \/>\n<link rel=\"canonical\" href=\"https:\/\/vosgesinfo.fr\/saintdieinfo\/2024\/12\/le-don-de-sang-sinscrit-dans-le-marbre-en-deodatie\/\" \/>\n<meta name=\"twitter:card\" content=\"summary_large_image\" \/>\n<meta name=\"twitter:title\" content=\"Le don de sang s&#039;inscrit dans le marbre en D\u00e9odatie - Saint Die Info\" \/>\n<meta name=\"twitter:description\" content=\"Le don de sang est bien ancr\u00e9 \u00e0 Saint-Di\u00e9-des-Vosges et en D\u00e9odatie, notamment gr\u00e2ce \u00e0 la mobilisation des b\u00e9n\u00e9voles des [&hellip;]\" \/>\n<meta name=\"twitter:image\" content=\"https:\/\/vosgesinfo.fr\/app\/uploads\/sites\/4\/2024\/12\/signature-convention-quadripartite-don-du-sang-1-scaled.jpg\" \/>\n<meta name=\"twitter:creator\" content=\"@VosgesInfo88\" \/>\n<meta name=\"twitter:site\" content=\"@VosgesInfo88\" \/>\n<meta name=\"twitter:label1\" content=\"\u00c9crit par\" \/>\n\t<meta name=\"twitter:data1\" content=\"J.J.\" \/>\n\t<meta name=\"twitter:label2\" content=\"Dur\u00e9e de lecture estim\u00e9e\" \/>\n\t<meta name=\"twitter:data2\" content=\"2 minutes\" \/>\n<script type=\"application\/ld+json\" class=\"yoast-schema-graph\">{\"@context\":\"https:\/\/schema.org\",\"@graph\":[{\"@type\":\"Article\",\"@id\":\"https:\/\/vosgesinfo.fr\/saintdieinfo\/2024\/12\/le-don-de-sang-sinscrit-dans-le-marbre-en-deodatie\/#article\",\"isPartOf\":{\"@id\":\"https:\/\/vosgesinfo.fr\/saintdieinfo\/2024\/12\/le-don-de-sang-sinscrit-dans-le-marbre-en-deodatie\/\"},\"author\":{\"name\":\"J.J.\",\"@id\":\"https:\/\/vosgesinfo.fr\/saintdieinfo\/#\/schema\/person\/fa73e9f726d67bb88f46d5b7943cb572\"},\"headline\":\"Le don de sang s&rsquo;inscrit dans le marbre en D\u00e9odatie\",\"datePublished\":\"2024-12-18T09:22:03+00:00\",\"dateModified\":\"2024-12-18T09:12:32+00:00\",\"mainEntityOfPage\":{\"@id\":\"https:\/\/vosgesinfo.fr\/saintdieinfo\/2024\/12\/le-don-de-sang-sinscrit-dans-le-marbre-en-deodatie\/\"},\"wordCount\":388,\"commentCount\":0,\"publisher\":{\"@id\":\"https:\/\/vosgesinfo.fr\/saintdieinfo\/#organization\"},\"image\":{\"@id\":\"https:\/\/vosgesinfo.fr\/saintdieinfo\/2024\/12\/le-don-de-sang-sinscrit-dans-le-marbre-en-deodatie\/#primaryimage\"},\"thumbnailUrl\":\"https:\/\/vosgesinfo.fr\/app\/uploads\/sites\/4\/2024\/12\/signature-convention-quadripartite-don-du-sang-1-scaled.jpg\",\"keywords\":[\"Amicale des Donneurs de Sang b\u00e9n\u00e9voles de Saint-Di\u00e9-des-Vosges\",\"Communaut\u00e9 d'Agglom\u00e9ration de Saint-Di\u00e9-des-Vosges\",\"don de sang\",\"Don de sang en D\u00e9odatie\",\"EFS Grand Est\",\"Signature d'une convention quadripartite en faveur du don de sang\",\"Tour de la Libert\u00e9\",\"Ville de Saint-Di\u00e9-des-Vosges\"],\"articleSection\":[\"A la Une\",\"Sant\u00e9\",\"Solidarit\u00e9\",\"Vie Associative\"],\"inLanguage\":\"fr-FR\",\"potentialAction\":[{\"@type\":\"CommentAction\",\"name\":\"Comment\",\"target\":[\"https:\/\/vosgesinfo.fr\/saintdieinfo\/2024\/12\/le-don-de-sang-sinscrit-dans-le-marbre-en-deodatie\/#respond\"]}]},{\"@type\":\"WebPage\",\"@id\":\"https:\/\/vosgesinfo.fr\/saintdieinfo\/2024\/12\/le-don-de-sang-sinscrit-dans-le-marbre-en-deodatie\/\",\"url\":\"https:\/\/vosgesinfo.fr\/saintdieinfo\/2024\/12\/le-don-de-sang-sinscrit-dans-le-marbre-en-deodatie\/\",\"name\":\"Le don de sang s'inscrit dans le marbre en D\u00e9odatie - Saint Die Info\",\"isPartOf\":{\"@id\":\"https:\/\/vosgesinfo.fr\/saintdieinfo\/#website\"},\"primaryImageOfPage\":{\"@id\":\"https:\/\/vosgesinfo.fr\/saintdieinfo\/2024\/12\/le-don-de-sang-sinscrit-dans-le-marbre-en-deodatie\/#primaryimage\"},\"image\":{\"@id\":\"https:\/\/vosgesinfo.fr\/saintdieinfo\/2024\/12\/le-don-de-sang-sinscrit-dans-le-marbre-en-deodatie\/#primaryimage\"},\"thumbnailUrl\":\"https:\/\/vosgesinfo.fr\/app\/uploads\/sites\/4\/2024\/12\/signature-convention-quadripartite-don-du-sang-1-scaled.jpg\",\"datePublished\":\"2024-12-18T09:22:03+00:00\",\"dateModified\":\"2024-12-18T09:12:32+00:00\",\"breadcrumb\":{\"@id\":\"https:\/\/vosgesinfo.fr\/saintdieinfo\/2024\/12\/le-don-de-sang-sinscrit-dans-le-marbre-en-deodatie\/#breadcrumb\"},\"inLanguage\":\"fr-FR\",\"potentialAction\":[{\"@type\":\"ReadAction\",\"target\":[\"https:\/\/vosgesinfo.fr\/saintdieinfo\/2024\/12\/le-don-de-sang-sinscrit-dans-le-marbre-en-deodatie\/\"]}]},{\"@type\":\"ImageObject\",\"inLanguage\":\"fr-FR\",\"@id\":\"https:\/\/vosgesinfo.fr\/saintdieinfo\/2024\/12\/le-don-de-sang-sinscrit-dans-le-marbre-en-deodatie\/#primaryimage\",\"url\":\"https:\/\/vosgesinfo.fr\/app\/uploads\/sites\/4\/2024\/12\/signature-convention-quadripartite-don-du-sang-1-scaled.jpg\",\"contentUrl\":\"https:\/\/vosgesinfo.fr\/app\/uploads\/sites\/4\/2024\/12\/signature-convention-quadripartite-don-du-sang-1-scaled.jpg\",\"width\":2560,\"height\":1928},{\"@type\":\"BreadcrumbList\",\"@id\":\"https:\/\/vosgesinfo.fr\/saintdieinfo\/2024\/12\/le-don-de-sang-sinscrit-dans-le-marbre-en-deodatie\/#breadcrumb\",\"itemListElement\":[{\"@type\":\"ListItem\",\"position\":1,\"name\":\"Home\",\"item\":\"https:\/\/vosgesinfo.fr\/saintdieinfo\/\"},{\"@type\":\"ListItem\",\"position\":2,\"name\":\"Le don de sang s&rsquo;inscrit dans le marbre en D\u00e9odatie\"}]},{\"@type\":\"WebSite\",\"@id\":\"https:\/\/vosgesinfo.fr\/saintdieinfo\/#website\",\"url\":\"https:\/\/vosgesinfo.fr\/saintdieinfo\/\",\"name\":\"Saint Die Info\",\"description\":\"Toute l&#039;actualit\u00e9 de Saint-Di\u00e9-Des-Vosges\",\"publisher\":{\"@id\":\"https:\/\/vosgesinfo.fr\/saintdieinfo\/#organization\"},\"alternateName\":\"Toute l'actualit\u00e9 de Saint-Di\u00e9-Des-Vosges\",\"potentialAction\":[{\"@type\":\"SearchAction\",\"target\":{\"@type\":\"EntryPoint\",\"urlTemplate\":\"https:\/\/vosgesinfo.fr\/saintdieinfo\/?s={search_term_string}\"},\"query-input\":\"required name=search_term_string\"}],\"inLanguage\":\"fr-FR\"},{\"@type\":\"Organization\",\"@id\":\"https:\/\/vosgesinfo.fr\/saintdieinfo\/#organization\",\"name\":\"Saint Die Info\",\"url\":\"https:\/\/vosgesinfo.fr\/saintdieinfo\/\",\"logo\":{\"@type\":\"ImageObject\",\"inLanguage\":\"fr-FR\",\"@id\":\"https:\/\/vosgesinfo.fr\/saintdieinfo\/#\/schema\/logo\/image\/\",\"url\":\"https:\/\/vosgesinfo.fr\/app\/uploads\/sites\/4\/2024\/02\/logo-sdi.jpg\",\"contentUrl\":\"https:\/\/vosgesinfo.fr\/app\/uploads\/sites\/4\/2024\/02\/logo-sdi.jpg\",\"width\":600,\"height\":600,\"caption\":\"Saint Die Info\"},\"image\":{\"@id\":\"https:\/\/vosgesinfo.fr\/saintdieinfo\/#\/schema\/logo\/image\/\"},\"sameAs\":[\"https:\/\/www.facebook.com\/Saintdieinfofr\",\"https:\/\/x.com\/VosgesInfo88\",\"https:\/\/www.youtube.com\/@vosgesinfo\"]},{\"@type\":\"Person\",\"@id\":\"https:\/\/vosgesinfo.fr\/saintdieinfo\/#\/schema\/person\/fa73e9f726d67bb88f46d5b7943cb572\",\"name\":\"J.J.\",\"image\":{\"@type\":\"ImageObject\",\"inLanguage\":\"fr-FR\",\"@id\":\"https:\/\/vosgesinfo.fr\/saintdieinfo\/#\/schema\/person\/image\/\",\"url\":\"https:\/\/secure.gravatar.com\/avatar\/219e749e47ffbcca018a360ae4add7d4cdf1cdaaf8bc7676b27efade3fe65615?s=96&d=mm&r=g\",\"contentUrl\":\"https:\/\/secure.gravatar.com\/avatar\/219e749e47ffbcca018a360ae4add7d4cdf1cdaaf8bc7676b27efade3fe65615?s=96&d=mm&r=g\",\"caption\":\"J.J.\"},\"url\":\"https:\/\/vosgesinfo.fr\/saintdieinfo\/author\/j-j\/\"}]}<\/script>\n<!-- \/ Yoast SEO plugin. -->","yoast_head_json":{"title":"Le don de sang s'inscrit dans le marbre en D\u00e9odatie - Saint Die Info","robots":{"index":"index","follow":"follow","max-snippet":"max-snippet:-1","max-image-preview":"max-image-preview:large","max-video-preview":"max-video-preview:-1"},"canonical":"https:\/\/vosgesinfo.fr\/saintdieinfo\/2024\/12\/le-don-de-sang-sinscrit-dans-le-marbre-en-deodatie\/","twitter_card":"summary_large_image","twitter_title":"Le don de sang s'inscrit dans le marbre en D\u00e9odatie - Saint Die Info","twitter_description":"Le don de sang est bien ancr\u00e9 \u00e0 Saint-Di\u00e9-des-Vosges et en D\u00e9odatie, notamment gr\u00e2ce \u00e0 la mobilisation des b\u00e9n\u00e9voles des [&hellip;]","twitter_image":"https:\/\/vosgesinfo.fr\/app\/uploads\/sites\/4\/2024\/12\/signature-convention-quadripartite-don-du-sang-1-scaled.jpg","twitter_creator":"@VosgesInfo88","twitter_site":"@VosgesInfo88","twitter_misc":{"\u00c9crit par":"J.J.","Dur\u00e9e de lecture estim\u00e9e":"2 minutes"},"schema":{"@context":"https:\/\/schema.org","@graph":[{"@type":"Article","@id":"https:\/\/vosgesinfo.fr\/saintdieinfo\/2024\/12\/le-don-de-sang-sinscrit-dans-le-marbre-en-deodatie\/#article","isPartOf":{"@id":"https:\/\/vosgesinfo.fr\/saintdieinfo\/2024\/12\/le-don-de-sang-sinscrit-dans-le-marbre-en-deodatie\/"},"author":{"name":"J.J.","@id":"https:\/\/vosgesinfo.fr\/saintdieinfo\/#\/schema\/person\/fa73e9f726d67bb88f46d5b7943cb572"},"headline":"Le don de sang s&rsquo;inscrit dans le marbre en D\u00e9odatie","datePublished":"2024-12-18T09:22:03+00:00","dateModified":"2024-12-18T09:12:32+00:00","mainEntityOfPage":{"@id":"https:\/\/vosgesinfo.fr\/saintdieinfo\/2024\/12\/le-don-de-sang-sinscrit-dans-le-marbre-en-deodatie\/"},"wordCount":388,"commentCount":0,"publisher":{"@id":"https:\/\/vosgesinfo.fr\/saintdieinfo\/#organization"},"image":{"@id":"https:\/\/vosgesinfo.fr\/saintdieinfo\/2024\/12\/le-don-de-sang-sinscrit-dans-le-marbre-en-deodatie\/#primaryimage"},"thumbnailUrl":"https:\/\/vosgesinfo.fr\/app\/uploads\/sites\/4\/2024\/12\/signature-convention-quadripartite-don-du-sang-1-scaled.jpg","keywords":["Amicale des Donneurs de Sang b\u00e9n\u00e9voles de Saint-Di\u00e9-des-Vosges","Communaut\u00e9 d'Agglom\u00e9ration de Saint-Di\u00e9-des-Vosges","don de sang","Don de sang en D\u00e9odatie","EFS Grand Est","Signature d'une convention quadripartite en faveur du don de sang","Tour de la Libert\u00e9","Ville de Saint-Di\u00e9-des-Vosges"],"articleSection":["A la Une","Sant\u00e9","Solidarit\u00e9","Vie Associative"],"inLanguage":"fr-FR","potentialAction":[{"@type":"CommentAction","name":"Comment","target":["https:\/\/vosgesinfo.fr\/saintdieinfo\/2024\/12\/le-don-de-sang-sinscrit-dans-le-marbre-en-deodatie\/#respond"]}]},{"@type":"WebPage","@id":"https:\/\/vosgesinfo.fr\/saintdieinfo\/2024\/12\/le-don-de-sang-sinscrit-dans-le-marbre-en-deodatie\/","url":"https:\/\/vosgesinfo.fr\/saintdieinfo\/2024\/12\/le-don-de-sang-sinscrit-dans-le-marbre-en-deodatie\/","name":"Le don de sang s'inscrit dans le marbre en D\u00e9odatie - Saint Die Info","isPartOf":{"@id":"https:\/\/vosgesinfo.fr\/saintdieinfo\/#website"},"primaryImageOfPage":{"@id":"https:\/\/vosgesinfo.fr\/saintdieinfo\/2024\/12\/le-don-de-sang-sinscrit-dans-le-marbre-en-deodatie\/#primaryimage"},"image":{"@id":"https:\/\/vosgesinfo.fr\/saintdieinfo\/2024\/12\/le-don-de-sang-sinscrit-dans-le-marbre-en-deodatie\/#primaryimage"},"thumbnailUrl":"https:\/\/vosgesinfo.fr\/app\/uploads\/sites\/4\/2024\/12\/signature-convention-quadripartite-don-du-sang-1-scaled.jpg","datePublished":"2024-12-18T09:22:03+00:00","dateModified":"2024-12-18T09:12:32+00:00","breadcrumb":{"@id":"https:\/\/vosgesinfo.fr\/saintdieinfo\/2024\/12\/le-don-de-sang-sinscrit-dans-le-marbre-en-deodatie\/#breadcrumb"},"inLanguage":"fr-FR","potentialAction":[{"@type":"ReadAction","target":["https:\/\/vosgesinfo.fr\/saintdieinfo\/2024\/12\/le-don-de-sang-sinscrit-dans-le-marbre-en-deodatie\/"]}]},{"@type":"ImageObject","inLanguage":"fr-FR","@id":"https:\/\/vosgesinfo.fr\/saintdieinfo\/2024\/12\/le-don-de-sang-sinscrit-dans-le-marbre-en-deodatie\/#primaryimage","url":"https:\/\/vosgesinfo.fr\/app\/uploads\/sites\/4\/2024\/12\/signature-convention-quadripartite-don-du-sang-1-scaled.jpg","contentUrl":"https:\/\/vosgesinfo.fr\/app\/uploads\/sites\/4\/2024\/12\/signature-convention-quadripartite-don-du-sang-1-scaled.jpg","width":2560,"height":1928},{"@type":"BreadcrumbList","@id":"https:\/\/vosgesinfo.fr\/saintdieinfo\/2024\/12\/le-don-de-sang-sinscrit-dans-le-marbre-en-deodatie\/#breadcrumb","itemListElement":[{"@type":"ListItem","position":1,"name":"Home","item":"https:\/\/vosgesinfo.fr\/saintdieinfo\/"},{"@type":"ListItem","position":2,"name":"Le don de sang s&rsquo;inscrit dans le marbre en D\u00e9odatie"}]},{"@type":"WebSite","@id":"https:\/\/vosgesinfo.fr\/saintdieinfo\/#website","url":"https:\/\/vosgesinfo.fr\/saintdieinfo\/","name":"Saint Die Info","description":"Toute l&#039;actualit\u00e9 de Saint-Di\u00e9-Des-Vosges","publisher":{"@id":"https:\/\/vosgesinfo.fr\/saintdieinfo\/#organization"},"alternateName":"Toute l'actualit\u00e9 de Saint-Di\u00e9-Des-Vosges","potentialAction":[{"@type":"SearchAction","target":{"@type":"EntryPoint","urlTemplate":"https:\/\/vosgesinfo.fr\/saintdieinfo\/?s={search_term_string}"},"query-input":"required name=search_term_string"}],"inLanguage":"fr-FR"},{"@type":"Organization","@id":"https:\/\/vosgesinfo.fr\/saintdieinfo\/#organization","name":"Saint Die Info","url":"https:\/\/vosgesinfo.fr\/saintdieinfo\/","logo":{"@type":"ImageObject","inLanguage":"fr-FR","@id":"https:\/\/vosgesinfo.fr\/saintdieinfo\/#\/schema\/logo\/image\/","url":"https:\/\/vosgesinfo.fr\/app\/uploads\/sites\/4\/2024\/02\/logo-sdi.jpg","contentUrl":"https:\/\/vosgesinfo.fr\/app\/uploads\/sites\/4\/2024\/02\/logo-sdi.jpg","width":600,"height":600,"caption":"Saint Die Info"},"image":{"@id":"https:\/\/vosgesinfo.fr\/saintdieinfo\/#\/schema\/logo\/image\/"},"sameAs":["https:\/\/www.facebook.com\/Saintdieinfofr","https:\/\/x.com\/VosgesInfo88","https:\/\/www.youtube.com\/@vosgesinfo"]},{"@type":"Person","@id":"https:\/\/vosgesinfo.fr\/saintdieinfo\/#\/schema\/person\/fa73e9f726d67bb88f46d5b7943cb572","name":"J.J.","image":{"@type":"ImageObject","inLanguage":"fr-FR","@id":"https:\/\/vosgesinfo.fr\/saintdieinfo\/#\/schema\/person\/image\/","url":"https:\/\/secure.gravatar.com\/avatar\/219e749e47ffbcca018a360ae4add7d4cdf1cdaaf8bc7676b27efade3fe65615?s=96&d=mm&r=g","contentUrl":"https:\/\/secure.gravatar.com\/avatar\/219e749e47ffbcca018a360ae4add7d4cdf1cdaaf8bc7676b27efade3fe65615?s=96&d=mm&r=g","caption":"J.J."},"url":"https:\/\/vosgesinfo.fr\/saintdieinfo\/author\/j-j\/"}]}},"_links":{"self":[{"href":"https:\/\/vosgesinfo.fr\/saintdieinfo\/wp-json\/wp\/v2\/posts\/72000","targetHints":{"allow":["GET"]}}],"collection":[{"href":"https:\/\/vosgesinfo.fr\/saintdieinfo\/wp-json\/wp\/v2\/posts"}],"about":[{"href":"https:\/\/vosgesinfo.fr\/saintdieinfo\/wp-json\/wp\/v2\/types\/post"}],"author":[{"embeddable":true,"href":"https:\/\/vosgesinfo.fr\/saintdieinfo\/wp-json\/wp\/v2\/users\/46"}],"replies":[{"embeddable":true,"href":"https:\/\/vosgesinfo.fr\/saintdieinfo\/wp-json\/wp\/v2\/comments?post=72000"}],"version-history":[{"count":1,"href":"https:\/\/vosgesinfo.fr\/saintdieinfo\/wp-json\/wp\/v2\/posts\/72000\/revisions"}],"predecessor-version":[{"id":72017,"href":"https:\/\/vosgesinfo.fr\/saintdieinfo\/wp-json\/wp\/v2\/posts\/72000\/revisions\/72017"}],"wp:featuredmedia":[{"embeddable":true,"href":"https:\/\/vosgesinfo.fr\/saintdieinfo\/wp-json\/wp\/v2\/media\/72002"}],"wp:attachment":[{"href":"https:\/\/vosgesinfo.fr\/saintdieinfo\/wp-json\/wp\/v2\/media?parent=72000"}],"wp:term":[{"taxonomy":"category","embeddable":true,"href":"https:\/\/vosgesinfo.fr\/saintdieinfo\/wp-json\/wp\/v2\/categories?post=72000"},{"taxonomy":"post_tag","embeddable":true,"href":"https:\/\/vosgesinfo.fr\/saintdieinfo\/wp-json\/wp\/v2\/tags?post=72000"}],"curies":[{"name":"wp","href":"https:\/\/api.w.org\/{rel}","templated":true}]}}