{"id":72245,"date":"2024-12-27T18:33:18","date_gmt":"2024-12-27T17:33:18","guid":{"rendered":"https:\/\/vosgesinfo.fr\/saintdieinfo\/2024\/12\/cinq-randonneurs-luxembourgeois-secourus-par-le-pghm\/"},"modified":"2024-12-27T18:33:18","modified_gmt":"2024-12-27T17:33:18","slug":"cinq-randonneurs-luxembourgeois-secourus-par-le-pghm","status":"publish","type":"post","link":"https:\/\/vosgesinfo.fr\/saintdieinfo\/2024\/12\/cinq-randonneurs-luxembourgeois-secourus-par-le-pghm\/","title":{"rendered":"Cinq randonneurs luxembourgeois secourus par le PGHM"},"content":{"rendered":"<p>Ce vendredi 27 d\u00e9cembre vers 15 heures 30, le Peloton de Gendarmerie de Haute Montagne (PGHM) de Xonrupt-Longemer est intervenu pour secourir 5 randonneurs luxembourgeois perdus sur un sentier tr\u00e8s enneig\u00e9 dans le massif de Noire Goutte entre La Bresse et Rochesson.<\/p>\n<p>Partis \u00e0 pied depuis les hauteurs de La Bresse, ils ont randonn\u00e9 sur un sentier balis\u00e9, avant d&rsquo;en perdre la trace \u00e0 cause de la neige.<\/p>\n<p>Un secouriste s&rsquo;est transport\u00e9 sur les lieux avec l&rsquo;h\u00e9licopt\u00e8re de la Section A\u00e9rienne de la Gendarmerie (SAG) de Colmar et apr\u00e8s avoir localis\u00e9 les int\u00e9ress\u00e9s ils ont pu se poser dans un d\u00e9couvert en pleine for\u00eat \u00e0 proximit\u00e9.<br \/>\nLes trois randonneurs les plus affaiblis ont pu \u00eatre h\u00e9liport\u00e9s et d\u00e9pos\u00e9s sur la commune de Rochesson, pendant que le secouriste du PGHM est redescendu \u00e0 pied avec les 2 derniers randonneurs qui avaient des capacit\u00e9s physique suffisantes.<\/p>\n<p>Tous sains et saufs ils ont pu ensuite regagner leur v\u00e9hicule.<\/p>\n","protected":false},"excerpt":{"rendered":"<p>Ce vendredi 27 d\u00e9cembre vers 15 heures 30, le Peloton de Gendarmerie de Haute Montagne (PGHM) de Xonrupt-Longemer est intervenu [&hellip;]<\/p>\n","protected":false},"author":391,"featured_media":72246,"comment_status":"open","ping_status":"open","sticky":false,"template":"","format":"standard","meta":{"footnotes":""},"categories":[460,5392,5391,5389,4099,4100,18],"tags":[15659,1878],"class_list":["post-72245","post","type-post","status-publish","format-standard","has-post-thumbnail","hentry","category-a-la-une","category-epinal","category-gerardmer","category-la-plaine-des-vosges","category-remiremont","category-saint-die","category-vosges","tag-pghm-xonrupt-longemer","tag-rochesson"],"acf":[],"yoast_head":"<!-- This site is optimized with the Yoast SEO plugin v22.5 - https:\/\/yoast.com\/wordpress\/plugins\/seo\/ -->\n<title>Cinq randonneurs luxembourgeois secourus par le PGHM - Saint Die Info<\/title>\n<meta name=\"robots\" content=\"index, follow, max-snippet:-1, max-image-preview:large, max-video-preview:-1\" \/>\n<link rel=\"canonical\" href=\"https:\/\/vosgesinfo.fr\/saintdieinfo\/2024\/12\/cinq-randonneurs-luxembourgeois-secourus-par-le-pghm\/\" \/>\n<meta name=\"twitter:card\" content=\"summary_large_image\" \/>\n<meta name=\"twitter:title\" content=\"Cinq randonneurs luxembourgeois secourus par le PGHM - Saint Die Info\" \/>\n<meta name=\"twitter:description\" content=\"Ce vendredi 27 d\u00e9cembre vers 15 heures 30, le Peloton de Gendarmerie de Haute Montagne (PGHM) de Xonrupt-Longemer est intervenu [&hellip;]\" \/>\n<meta name=\"twitter:image\" content=\"https:\/\/vosgesinfo.fr\/app\/uploads\/sites\/4\/2024\/12\/sag-dz-hiver.jpg\" \/>\n<meta name=\"twitter:creator\" content=\"@VosgesInfo88\" \/>\n<meta name=\"twitter:site\" content=\"@VosgesInfo88\" \/>\n<meta name=\"twitter:label1\" content=\"\u00c9crit par\" \/>\n\t<meta name=\"twitter:data1\" content=\"La redaction\" \/>\n\t<meta name=\"twitter:label2\" content=\"Dur\u00e9e de lecture estim\u00e9e\" \/>\n\t<meta name=\"twitter:data2\" content=\"1 minute\" \/>\n<script type=\"application\/ld+json\" class=\"yoast-schema-graph\">{\"@context\":\"https:\/\/schema.org\",\"@graph\":[{\"@type\":\"Article\",\"@id\":\"https:\/\/vosgesinfo.fr\/saintdieinfo\/2024\/12\/cinq-randonneurs-luxembourgeois-secourus-par-le-pghm\/#article\",\"isPartOf\":{\"@id\":\"https:\/\/vosgesinfo.fr\/saintdieinfo\/2024\/12\/cinq-randonneurs-luxembourgeois-secourus-par-le-pghm\/\"},\"author\":{\"name\":\"La redaction\",\"@id\":\"https:\/\/vosgesinfo.fr\/saintdieinfo\/#\/schema\/person\/27a3695b06db98895b354c0765cdfc31\"},\"headline\":\"Cinq randonneurs luxembourgeois secourus par le PGHM\",\"datePublished\":\"2024-12-27T17:33:18+00:00\",\"dateModified\":\"2024-12-27T17:33:18+00:00\",\"mainEntityOfPage\":{\"@id\":\"https:\/\/vosgesinfo.fr\/saintdieinfo\/2024\/12\/cinq-randonneurs-luxembourgeois-secourus-par-le-pghm\/\"},\"wordCount\":172,\"commentCount\":0,\"publisher\":{\"@id\":\"https:\/\/vosgesinfo.fr\/saintdieinfo\/#organization\"},\"image\":{\"@id\":\"https:\/\/vosgesinfo.fr\/saintdieinfo\/2024\/12\/cinq-randonneurs-luxembourgeois-secourus-par-le-pghm\/#primaryimage\"},\"thumbnailUrl\":\"https:\/\/vosgesinfo.fr\/app\/uploads\/sites\/4\/2024\/12\/sag-dz-hiver.jpg\",\"keywords\":[\"PGHM Xonrupt-Longemer\",\"Rochesson\"],\"articleSection\":[\"A la Une\",\"Epinal\",\"Gerardmer\",\"La plaine des vosges\",\"Remiremont\",\"Saint-di\u00e9\",\"Vosges\"],\"inLanguage\":\"fr-FR\",\"potentialAction\":[{\"@type\":\"CommentAction\",\"name\":\"Comment\",\"target\":[\"https:\/\/vosgesinfo.fr\/saintdieinfo\/2024\/12\/cinq-randonneurs-luxembourgeois-secourus-par-le-pghm\/#respond\"]}]},{\"@type\":\"WebPage\",\"@id\":\"https:\/\/vosgesinfo.fr\/saintdieinfo\/2024\/12\/cinq-randonneurs-luxembourgeois-secourus-par-le-pghm\/\",\"url\":\"https:\/\/vosgesinfo.fr\/saintdieinfo\/2024\/12\/cinq-randonneurs-luxembourgeois-secourus-par-le-pghm\/\",\"name\":\"Cinq randonneurs luxembourgeois secourus par le PGHM - Saint Die Info\",\"isPartOf\":{\"@id\":\"https:\/\/vosgesinfo.fr\/saintdieinfo\/#website\"},\"primaryImageOfPage\":{\"@id\":\"https:\/\/vosgesinfo.fr\/saintdieinfo\/2024\/12\/cinq-randonneurs-luxembourgeois-secourus-par-le-pghm\/#primaryimage\"},\"image\":{\"@id\":\"https:\/\/vosgesinfo.fr\/saintdieinfo\/2024\/12\/cinq-randonneurs-luxembourgeois-secourus-par-le-pghm\/#primaryimage\"},\"thumbnailUrl\":\"https:\/\/vosgesinfo.fr\/app\/uploads\/sites\/4\/2024\/12\/sag-dz-hiver.jpg\",\"datePublished\":\"2024-12-27T17:33:18+00:00\",\"dateModified\":\"2024-12-27T17:33:18+00:00\",\"breadcrumb\":{\"@id\":\"https:\/\/vosgesinfo.fr\/saintdieinfo\/2024\/12\/cinq-randonneurs-luxembourgeois-secourus-par-le-pghm\/#breadcrumb\"},\"inLanguage\":\"fr-FR\",\"potentialAction\":[{\"@type\":\"ReadAction\",\"target\":[\"https:\/\/vosgesinfo.fr\/saintdieinfo\/2024\/12\/cinq-randonneurs-luxembourgeois-secourus-par-le-pghm\/\"]}]},{\"@type\":\"ImageObject\",\"inLanguage\":\"fr-FR\",\"@id\":\"https:\/\/vosgesinfo.fr\/saintdieinfo\/2024\/12\/cinq-randonneurs-luxembourgeois-secourus-par-le-pghm\/#primaryimage\",\"url\":\"https:\/\/vosgesinfo.fr\/app\/uploads\/sites\/4\/2024\/12\/sag-dz-hiver.jpg\",\"contentUrl\":\"https:\/\/vosgesinfo.fr\/app\/uploads\/sites\/4\/2024\/12\/sag-dz-hiver.jpg\",\"width\":2021,\"height\":1348},{\"@type\":\"BreadcrumbList\",\"@id\":\"https:\/\/vosgesinfo.fr\/saintdieinfo\/2024\/12\/cinq-randonneurs-luxembourgeois-secourus-par-le-pghm\/#breadcrumb\",\"itemListElement\":[{\"@type\":\"ListItem\",\"position\":1,\"name\":\"Home\",\"item\":\"https:\/\/vosgesinfo.fr\/saintdieinfo\/\"},{\"@type\":\"ListItem\",\"position\":2,\"name\":\"Cinq randonneurs luxembourgeois secourus par le PGHM\"}]},{\"@type\":\"WebSite\",\"@id\":\"https:\/\/vosgesinfo.fr\/saintdieinfo\/#website\",\"url\":\"https:\/\/vosgesinfo.fr\/saintdieinfo\/\",\"name\":\"Saint Die Info\",\"description\":\"Toute l&#039;actualit\u00e9 de Saint-Di\u00e9-Des-Vosges\",\"publisher\":{\"@id\":\"https:\/\/vosgesinfo.fr\/saintdieinfo\/#organization\"},\"alternateName\":\"Toute l'actualit\u00e9 de Saint-Di\u00e9-Des-Vosges\",\"potentialAction\":[{\"@type\":\"SearchAction\",\"target\":{\"@type\":\"EntryPoint\",\"urlTemplate\":\"https:\/\/vosgesinfo.fr\/saintdieinfo\/?s={search_term_string}\"},\"query-input\":\"required name=search_term_string\"}],\"inLanguage\":\"fr-FR\"},{\"@type\":\"Organization\",\"@id\":\"https:\/\/vosgesinfo.fr\/saintdieinfo\/#organization\",\"name\":\"Saint Die Info\",\"url\":\"https:\/\/vosgesinfo.fr\/saintdieinfo\/\",\"logo\":{\"@type\":\"ImageObject\",\"inLanguage\":\"fr-FR\",\"@id\":\"https:\/\/vosgesinfo.fr\/saintdieinfo\/#\/schema\/logo\/image\/\",\"url\":\"https:\/\/vosgesinfo.fr\/app\/uploads\/sites\/4\/2024\/02\/logo-sdi.jpg\",\"contentUrl\":\"https:\/\/vosgesinfo.fr\/app\/uploads\/sites\/4\/2024\/02\/logo-sdi.jpg\",\"width\":600,\"height\":600,\"caption\":\"Saint Die Info\"},\"image\":{\"@id\":\"https:\/\/vosgesinfo.fr\/saintdieinfo\/#\/schema\/logo\/image\/\"},\"sameAs\":[\"https:\/\/www.facebook.com\/Saintdieinfofr\",\"https:\/\/x.com\/VosgesInfo88\",\"https:\/\/www.youtube.com\/@vosgesinfo\"]},{\"@type\":\"Person\",\"@id\":\"https:\/\/vosgesinfo.fr\/saintdieinfo\/#\/schema\/person\/27a3695b06db98895b354c0765cdfc31\",\"name\":\"La redaction\",\"image\":{\"@type\":\"ImageObject\",\"inLanguage\":\"fr-FR\",\"@id\":\"https:\/\/vosgesinfo.fr\/saintdieinfo\/#\/schema\/person\/image\/\",\"url\":\"https:\/\/secure.gravatar.com\/avatar\/64c76a78e501cedee55736f43f332df901e1896ae9cd8fad269ae2236dd0e8b6?s=96&d=mm&r=g\",\"contentUrl\":\"https:\/\/secure.gravatar.com\/avatar\/64c76a78e501cedee55736f43f332df901e1896ae9cd8fad269ae2236dd0e8b6?s=96&d=mm&r=g\",\"caption\":\"La redaction\"},\"url\":\"https:\/\/vosgesinfo.fr\/saintdieinfo\/author\/la-redaction\/\"}]}<\/script>\n<!-- \/ Yoast SEO plugin. -->","yoast_head_json":{"title":"Cinq randonneurs luxembourgeois secourus par le PGHM - Saint Die Info","robots":{"index":"index","follow":"follow","max-snippet":"max-snippet:-1","max-image-preview":"max-image-preview:large","max-video-preview":"max-video-preview:-1"},"canonical":"https:\/\/vosgesinfo.fr\/saintdieinfo\/2024\/12\/cinq-randonneurs-luxembourgeois-secourus-par-le-pghm\/","twitter_card":"summary_large_image","twitter_title":"Cinq randonneurs luxembourgeois secourus par le PGHM - Saint Die Info","twitter_description":"Ce vendredi 27 d\u00e9cembre vers 15 heures 30, le Peloton de Gendarmerie de Haute Montagne (PGHM) de Xonrupt-Longemer est intervenu [&hellip;]","twitter_image":"https:\/\/vosgesinfo.fr\/app\/uploads\/sites\/4\/2024\/12\/sag-dz-hiver.jpg","twitter_creator":"@VosgesInfo88","twitter_site":"@VosgesInfo88","twitter_misc":{"\u00c9crit par":"La redaction","Dur\u00e9e de lecture estim\u00e9e":"1 minute"},"schema":{"@context":"https:\/\/schema.org","@graph":[{"@type":"Article","@id":"https:\/\/vosgesinfo.fr\/saintdieinfo\/2024\/12\/cinq-randonneurs-luxembourgeois-secourus-par-le-pghm\/#article","isPartOf":{"@id":"https:\/\/vosgesinfo.fr\/saintdieinfo\/2024\/12\/cinq-randonneurs-luxembourgeois-secourus-par-le-pghm\/"},"author":{"name":"La redaction","@id":"https:\/\/vosgesinfo.fr\/saintdieinfo\/#\/schema\/person\/27a3695b06db98895b354c0765cdfc31"},"headline":"Cinq randonneurs luxembourgeois secourus par le PGHM","datePublished":"2024-12-27T17:33:18+00:00","dateModified":"2024-12-27T17:33:18+00:00","mainEntityOfPage":{"@id":"https:\/\/vosgesinfo.fr\/saintdieinfo\/2024\/12\/cinq-randonneurs-luxembourgeois-secourus-par-le-pghm\/"},"wordCount":172,"commentCount":0,"publisher":{"@id":"https:\/\/vosgesinfo.fr\/saintdieinfo\/#organization"},"image":{"@id":"https:\/\/vosgesinfo.fr\/saintdieinfo\/2024\/12\/cinq-randonneurs-luxembourgeois-secourus-par-le-pghm\/#primaryimage"},"thumbnailUrl":"https:\/\/vosgesinfo.fr\/app\/uploads\/sites\/4\/2024\/12\/sag-dz-hiver.jpg","keywords":["PGHM Xonrupt-Longemer","Rochesson"],"articleSection":["A la Une","Epinal","Gerardmer","La plaine des vosges","Remiremont","Saint-di\u00e9","Vosges"],"inLanguage":"fr-FR","potentialAction":[{"@type":"CommentAction","name":"Comment","target":["https:\/\/vosgesinfo.fr\/saintdieinfo\/2024\/12\/cinq-randonneurs-luxembourgeois-secourus-par-le-pghm\/#respond"]}]},{"@type":"WebPage","@id":"https:\/\/vosgesinfo.fr\/saintdieinfo\/2024\/12\/cinq-randonneurs-luxembourgeois-secourus-par-le-pghm\/","url":"https:\/\/vosgesinfo.fr\/saintdieinfo\/2024\/12\/cinq-randonneurs-luxembourgeois-secourus-par-le-pghm\/","name":"Cinq randonneurs luxembourgeois secourus par le PGHM - Saint Die Info","isPartOf":{"@id":"https:\/\/vosgesinfo.fr\/saintdieinfo\/#website"},"primaryImageOfPage":{"@id":"https:\/\/vosgesinfo.fr\/saintdieinfo\/2024\/12\/cinq-randonneurs-luxembourgeois-secourus-par-le-pghm\/#primaryimage"},"image":{"@id":"https:\/\/vosgesinfo.fr\/saintdieinfo\/2024\/12\/cinq-randonneurs-luxembourgeois-secourus-par-le-pghm\/#primaryimage"},"thumbnailUrl":"https:\/\/vosgesinfo.fr\/app\/uploads\/sites\/4\/2024\/12\/sag-dz-hiver.jpg","datePublished":"2024-12-27T17:33:18+00:00","dateModified":"2024-12-27T17:33:18+00:00","breadcrumb":{"@id":"https:\/\/vosgesinfo.fr\/saintdieinfo\/2024\/12\/cinq-randonneurs-luxembourgeois-secourus-par-le-pghm\/#breadcrumb"},"inLanguage":"fr-FR","potentialAction":[{"@type":"ReadAction","target":["https:\/\/vosgesinfo.fr\/saintdieinfo\/2024\/12\/cinq-randonneurs-luxembourgeois-secourus-par-le-pghm\/"]}]},{"@type":"ImageObject","inLanguage":"fr-FR","@id":"https:\/\/vosgesinfo.fr\/saintdieinfo\/2024\/12\/cinq-randonneurs-luxembourgeois-secourus-par-le-pghm\/#primaryimage","url":"https:\/\/vosgesinfo.fr\/app\/uploads\/sites\/4\/2024\/12\/sag-dz-hiver.jpg","contentUrl":"https:\/\/vosgesinfo.fr\/app\/uploads\/sites\/4\/2024\/12\/sag-dz-hiver.jpg","width":2021,"height":1348},{"@type":"BreadcrumbList","@id":"https:\/\/vosgesinfo.fr\/saintdieinfo\/2024\/12\/cinq-randonneurs-luxembourgeois-secourus-par-le-pghm\/#breadcrumb","itemListElement":[{"@type":"ListItem","position":1,"name":"Home","item":"https:\/\/vosgesinfo.fr\/saintdieinfo\/"},{"@type":"ListItem","position":2,"name":"Cinq randonneurs luxembourgeois secourus par le PGHM"}]},{"@type":"WebSite","@id":"https:\/\/vosgesinfo.fr\/saintdieinfo\/#website","url":"https:\/\/vosgesinfo.fr\/saintdieinfo\/","name":"Saint Die Info","description":"Toute l&#039;actualit\u00e9 de Saint-Di\u00e9-Des-Vosges","publisher":{"@id":"https:\/\/vosgesinfo.fr\/saintdieinfo\/#organization"},"alternateName":"Toute l'actualit\u00e9 de Saint-Di\u00e9-Des-Vosges","potentialAction":[{"@type":"SearchAction","target":{"@type":"EntryPoint","urlTemplate":"https:\/\/vosgesinfo.fr\/saintdieinfo\/?s={search_term_string}"},"query-input":"required name=search_term_string"}],"inLanguage":"fr-FR"},{"@type":"Organization","@id":"https:\/\/vosgesinfo.fr\/saintdieinfo\/#organization","name":"Saint Die Info","url":"https:\/\/vosgesinfo.fr\/saintdieinfo\/","logo":{"@type":"ImageObject","inLanguage":"fr-FR","@id":"https:\/\/vosgesinfo.fr\/saintdieinfo\/#\/schema\/logo\/image\/","url":"https:\/\/vosgesinfo.fr\/app\/uploads\/sites\/4\/2024\/02\/logo-sdi.jpg","contentUrl":"https:\/\/vosgesinfo.fr\/app\/uploads\/sites\/4\/2024\/02\/logo-sdi.jpg","width":600,"height":600,"caption":"Saint Die Info"},"image":{"@id":"https:\/\/vosgesinfo.fr\/saintdieinfo\/#\/schema\/logo\/image\/"},"sameAs":["https:\/\/www.facebook.com\/Saintdieinfofr","https:\/\/x.com\/VosgesInfo88","https:\/\/www.youtube.com\/@vosgesinfo"]},{"@type":"Person","@id":"https:\/\/vosgesinfo.fr\/saintdieinfo\/#\/schema\/person\/27a3695b06db98895b354c0765cdfc31","name":"La redaction","image":{"@type":"ImageObject","inLanguage":"fr-FR","@id":"https:\/\/vosgesinfo.fr\/saintdieinfo\/#\/schema\/person\/image\/","url":"https:\/\/secure.gravatar.com\/avatar\/64c76a78e501cedee55736f43f332df901e1896ae9cd8fad269ae2236dd0e8b6?s=96&d=mm&r=g","contentUrl":"https:\/\/secure.gravatar.com\/avatar\/64c76a78e501cedee55736f43f332df901e1896ae9cd8fad269ae2236dd0e8b6?s=96&d=mm&r=g","caption":"La redaction"},"url":"https:\/\/vosgesinfo.fr\/saintdieinfo\/author\/la-redaction\/"}]}},"_links":{"self":[{"href":"https:\/\/vosgesinfo.fr\/saintdieinfo\/wp-json\/wp\/v2\/posts\/72245","targetHints":{"allow":["GET"]}}],"collection":[{"href":"https:\/\/vosgesinfo.fr\/saintdieinfo\/wp-json\/wp\/v2\/posts"}],"about":[{"href":"https:\/\/vosgesinfo.fr\/saintdieinfo\/wp-json\/wp\/v2\/types\/post"}],"author":[{"embeddable":true,"href":"https:\/\/vosgesinfo.fr\/saintdieinfo\/wp-json\/wp\/v2\/users\/391"}],"replies":[{"embeddable":true,"href":"https:\/\/vosgesinfo.fr\/saintdieinfo\/wp-json\/wp\/v2\/comments?post=72245"}],"version-history":[{"count":0,"href":"https:\/\/vosgesinfo.fr\/saintdieinfo\/wp-json\/wp\/v2\/posts\/72245\/revisions"}],"wp:featuredmedia":[{"embeddable":true,"href":"https:\/\/vosgesinfo.fr\/saintdieinfo\/wp-json\/wp\/v2\/media\/72246"}],"wp:attachment":[{"href":"https:\/\/vosgesinfo.fr\/saintdieinfo\/wp-json\/wp\/v2\/media?parent=72245"}],"wp:term":[{"taxonomy":"category","embeddable":true,"href":"https:\/\/vosgesinfo.fr\/saintdieinfo\/wp-json\/wp\/v2\/categories?post=72245"},{"taxonomy":"post_tag","embeddable":true,"href":"https:\/\/vosgesinfo.fr\/saintdieinfo\/wp-json\/wp\/v2\/tags?post=72245"}],"curies":[{"name":"wp","href":"https:\/\/api.w.org\/{rel}","templated":true}]}}