{"id":72320,"date":"2025-01-02T12:00:13","date_gmt":"2025-01-02T11:00:13","guid":{"rendered":"https:\/\/vosgesinfo.fr\/saintdieinfo\/?p=72320"},"modified":"2025-01-02T11:49:04","modified_gmt":"2025-01-02T10:49:04","slug":"pour-sa-premiere-exposition-de-lannee-le-cepagrap-presente-mise-en-chaises-de-jean-paul-henry","status":"publish","type":"post","link":"https:\/\/vosgesinfo.fr\/saintdieinfo\/2025\/01\/pour-sa-premiere-exposition-de-lannee-le-cepagrap-presente-mise-en-chaises-de-jean-paul-henry\/","title":{"rendered":"Pour sa premi\u00e8re exposition de l&rsquo;ann\u00e9e, le CEPAGRAP pr\u00e9sente \u00ab\u00a0Mise en chaises\u00a0\u00bb de Jean-Paul Henry"},"content":{"rendered":"<h2>Pour sa premi\u00e8re exposition de l&rsquo;ann\u00e9e, le CEPAGRAP met la Photographie \u00e0 l&rsquo;honneur, avec l&rsquo;exposition \u00ab\u00a0Mises en chaises\u00a0\u00bb de Jean-Paul Henry. L&rsquo;exposition sera visible du 11 janvier au 15 f\u00e9vrier, de 15h \u00e0 19h du mrdi au samedi. Entr\u00e9e libre. Vernissage le samedi 11 janvier \u00e0 18h\u00a0; Entretien avec l&rsquo;artiste le mardi 4 f\u00e9vrier \u00e0 18h.<\/h2>\n<p><!--more--><\/p>\n<p>\u00ab\u00a0Je m\u00e9lange souvent mon imaginaire aux lieux. Mon appareil photo est le prolongement de cette magie. Le voyage est partout. Je ne le d\u00e9cris pas. Je le raconte\u00a0\u00bb explique Jean-Paul Henry \u00e0 propos de ses photographie.<\/p>\n<p><a href=\"https:\/\/vosgesinfo.fr\/app\/uploads\/sites\/4\/2025\/01\/exposition-cepagrap-jean-paul-henry-2.jpeg\"><img decoding=\"async\" class=\"alignnone size-large wp-image-72322\" src=\"https:\/\/vosgesinfo.fr\/app\/uploads\/sites\/4\/2025\/01\/exposition-cepagrap-jean-paul-henry-2-951x1024.jpeg\" alt=\"\" width=\"951\" height=\"1024\" srcset=\"https:\/\/vosgesinfo.fr\/app\/uploads\/sites\/4\/2025\/01\/exposition-cepagrap-jean-paul-henry-2-951x1024.jpeg 951w, https:\/\/vosgesinfo.fr\/app\/uploads\/sites\/4\/2025\/01\/exposition-cepagrap-jean-paul-henry-2-279x300.jpeg 279w, https:\/\/vosgesinfo.fr\/app\/uploads\/sites\/4\/2025\/01\/exposition-cepagrap-jean-paul-henry-2-768x827.jpeg 768w, https:\/\/vosgesinfo.fr\/app\/uploads\/sites\/4\/2025\/01\/exposition-cepagrap-jean-paul-henry-2.jpeg 961w\" sizes=\"(max-width: 951px) 100vw, 951px\" \/><\/a><\/p>\n","protected":false},"excerpt":{"rendered":"<p>Pour sa premi\u00e8re exposition de l&rsquo;ann\u00e9e, le CEPAGRAP met la Photographie \u00e0 l&rsquo;honneur, avec l&rsquo;exposition \u00ab\u00a0Mises en chaises\u00a0\u00bb de Jean-Paul [&hellip;]<\/p>\n","protected":false},"author":46,"featured_media":72322,"comment_status":"open","ping_status":"open","sticky":false,"template":"","format":"standard","meta":{"footnotes":""},"categories":[460,8019,167],"tags":[3084,11138,15673,556],"class_list":["post-72320","post","type-post","status-publish","format-standard","has-post-thumbnail","hentry","category-a-la-une","category-vie-artistique-art-culture","category-saint-die-des-vosges","tag-cepagrap","tag-exposition-de-photographies","tag-jean-paul-henry","tag-photographie"],"acf":[],"yoast_head":"<!-- This site is optimized with the Yoast SEO plugin v22.5 - https:\/\/yoast.com\/wordpress\/plugins\/seo\/ -->\n<title>Pour sa premi\u00e8re exposition de l&#039;ann\u00e9e, le CEPAGRAP pr\u00e9sente \u00ab\u00a0Mise en chaises\u00a0\u00bb de Jean-Paul Henry - Saint Die Info<\/title>\n<meta name=\"robots\" content=\"index, follow, max-snippet:-1, max-image-preview:large, max-video-preview:-1\" \/>\n<link rel=\"canonical\" href=\"https:\/\/vosgesinfo.fr\/saintdieinfo\/2025\/01\/pour-sa-premiere-exposition-de-lannee-le-cepagrap-presente-mise-en-chaises-de-jean-paul-henry\/\" \/>\n<meta name=\"twitter:card\" content=\"summary_large_image\" \/>\n<meta name=\"twitter:title\" content=\"Pour sa premi\u00e8re exposition de l&#039;ann\u00e9e, le CEPAGRAP pr\u00e9sente \u00ab\u00a0Mise en chaises\u00a0\u00bb de Jean-Paul Henry - Saint Die Info\" \/>\n<meta name=\"twitter:description\" content=\"Pour sa premi\u00e8re exposition de l&rsquo;ann\u00e9e, le CEPAGRAP met la Photographie \u00e0 l&rsquo;honneur, avec l&rsquo;exposition \u00ab\u00a0Mises en chaises\u00a0\u00bb de Jean-Paul [&hellip;]\" \/>\n<meta name=\"twitter:image\" content=\"https:\/\/vosgesinfo.fr\/app\/uploads\/sites\/4\/2025\/01\/exposition-cepagrap-jean-paul-henry-2.jpeg\" \/>\n<meta name=\"twitter:creator\" content=\"@VosgesInfo88\" \/>\n<meta name=\"twitter:site\" content=\"@VosgesInfo88\" \/>\n<meta name=\"twitter:label1\" content=\"\u00c9crit par\" \/>\n\t<meta name=\"twitter:data1\" content=\"J.J.\" \/>\n<script type=\"application\/ld+json\" class=\"yoast-schema-graph\">{\"@context\":\"https:\/\/schema.org\",\"@graph\":[{\"@type\":\"Article\",\"@id\":\"https:\/\/vosgesinfo.fr\/saintdieinfo\/2025\/01\/pour-sa-premiere-exposition-de-lannee-le-cepagrap-presente-mise-en-chaises-de-jean-paul-henry\/#article\",\"isPartOf\":{\"@id\":\"https:\/\/vosgesinfo.fr\/saintdieinfo\/2025\/01\/pour-sa-premiere-exposition-de-lannee-le-cepagrap-presente-mise-en-chaises-de-jean-paul-henry\/\"},\"author\":{\"name\":\"J.J.\",\"@id\":\"https:\/\/vosgesinfo.fr\/saintdieinfo\/#\/schema\/person\/fa73e9f726d67bb88f46d5b7943cb572\"},\"headline\":\"Pour sa premi\u00e8re exposition de l&rsquo;ann\u00e9e, le CEPAGRAP pr\u00e9sente \u00ab\u00a0Mise en chaises\u00a0\u00bb de Jean-Paul Henry\",\"datePublished\":\"2025-01-02T11:00:13+00:00\",\"dateModified\":\"2025-01-02T10:49:04+00:00\",\"mainEntityOfPage\":{\"@id\":\"https:\/\/vosgesinfo.fr\/saintdieinfo\/2025\/01\/pour-sa-premiere-exposition-de-lannee-le-cepagrap-presente-mise-en-chaises-de-jean-paul-henry\/\"},\"wordCount\":114,\"commentCount\":0,\"publisher\":{\"@id\":\"https:\/\/vosgesinfo.fr\/saintdieinfo\/#organization\"},\"image\":{\"@id\":\"https:\/\/vosgesinfo.fr\/saintdieinfo\/2025\/01\/pour-sa-premiere-exposition-de-lannee-le-cepagrap-presente-mise-en-chaises-de-jean-paul-henry\/#primaryimage\"},\"thumbnailUrl\":\"https:\/\/vosgesinfo.fr\/app\/uploads\/sites\/4\/2025\/01\/exposition-cepagrap-jean-paul-henry-2.jpeg\",\"keywords\":[\"CEPAGRAP\",\"Exposition de photographies\",\"Jean-Paul Henry\",\"photographie\"],\"articleSection\":[\"A la Une\",\"Art\",\"Saint-Di\u00e9-des-Vosges\"],\"inLanguage\":\"fr-FR\",\"potentialAction\":[{\"@type\":\"CommentAction\",\"name\":\"Comment\",\"target\":[\"https:\/\/vosgesinfo.fr\/saintdieinfo\/2025\/01\/pour-sa-premiere-exposition-de-lannee-le-cepagrap-presente-mise-en-chaises-de-jean-paul-henry\/#respond\"]}]},{\"@type\":\"WebPage\",\"@id\":\"https:\/\/vosgesinfo.fr\/saintdieinfo\/2025\/01\/pour-sa-premiere-exposition-de-lannee-le-cepagrap-presente-mise-en-chaises-de-jean-paul-henry\/\",\"url\":\"https:\/\/vosgesinfo.fr\/saintdieinfo\/2025\/01\/pour-sa-premiere-exposition-de-lannee-le-cepagrap-presente-mise-en-chaises-de-jean-paul-henry\/\",\"name\":\"Pour sa premi\u00e8re exposition de l'ann\u00e9e, le CEPAGRAP pr\u00e9sente \u00ab\u00a0Mise en chaises\u00a0\u00bb de Jean-Paul Henry - Saint Die Info\",\"isPartOf\":{\"@id\":\"https:\/\/vosgesinfo.fr\/saintdieinfo\/#website\"},\"primaryImageOfPage\":{\"@id\":\"https:\/\/vosgesinfo.fr\/saintdieinfo\/2025\/01\/pour-sa-premiere-exposition-de-lannee-le-cepagrap-presente-mise-en-chaises-de-jean-paul-henry\/#primaryimage\"},\"image\":{\"@id\":\"https:\/\/vosgesinfo.fr\/saintdieinfo\/2025\/01\/pour-sa-premiere-exposition-de-lannee-le-cepagrap-presente-mise-en-chaises-de-jean-paul-henry\/#primaryimage\"},\"thumbnailUrl\":\"https:\/\/vosgesinfo.fr\/app\/uploads\/sites\/4\/2025\/01\/exposition-cepagrap-jean-paul-henry-2.jpeg\",\"datePublished\":\"2025-01-02T11:00:13+00:00\",\"dateModified\":\"2025-01-02T10:49:04+00:00\",\"breadcrumb\":{\"@id\":\"https:\/\/vosgesinfo.fr\/saintdieinfo\/2025\/01\/pour-sa-premiere-exposition-de-lannee-le-cepagrap-presente-mise-en-chaises-de-jean-paul-henry\/#breadcrumb\"},\"inLanguage\":\"fr-FR\",\"potentialAction\":[{\"@type\":\"ReadAction\",\"target\":[\"https:\/\/vosgesinfo.fr\/saintdieinfo\/2025\/01\/pour-sa-premiere-exposition-de-lannee-le-cepagrap-presente-mise-en-chaises-de-jean-paul-henry\/\"]}]},{\"@type\":\"ImageObject\",\"inLanguage\":\"fr-FR\",\"@id\":\"https:\/\/vosgesinfo.fr\/saintdieinfo\/2025\/01\/pour-sa-premiere-exposition-de-lannee-le-cepagrap-presente-mise-en-chaises-de-jean-paul-henry\/#primaryimage\",\"url\":\"https:\/\/vosgesinfo.fr\/app\/uploads\/sites\/4\/2025\/01\/exposition-cepagrap-jean-paul-henry-2.jpeg\",\"contentUrl\":\"https:\/\/vosgesinfo.fr\/app\/uploads\/sites\/4\/2025\/01\/exposition-cepagrap-jean-paul-henry-2.jpeg\",\"width\":961,\"height\":1035},{\"@type\":\"BreadcrumbList\",\"@id\":\"https:\/\/vosgesinfo.fr\/saintdieinfo\/2025\/01\/pour-sa-premiere-exposition-de-lannee-le-cepagrap-presente-mise-en-chaises-de-jean-paul-henry\/#breadcrumb\",\"itemListElement\":[{\"@type\":\"ListItem\",\"position\":1,\"name\":\"Home\",\"item\":\"https:\/\/vosgesinfo.fr\/saintdieinfo\/\"},{\"@type\":\"ListItem\",\"position\":2,\"name\":\"Pour sa premi\u00e8re exposition de l&rsquo;ann\u00e9e, le CEPAGRAP pr\u00e9sente \u00ab\u00a0Mise en chaises\u00a0\u00bb de Jean-Paul Henry\"}]},{\"@type\":\"WebSite\",\"@id\":\"https:\/\/vosgesinfo.fr\/saintdieinfo\/#website\",\"url\":\"https:\/\/vosgesinfo.fr\/saintdieinfo\/\",\"name\":\"Saint Die Info\",\"description\":\"Toute l&#039;actualit\u00e9 de Saint-Di\u00e9-Des-Vosges\",\"publisher\":{\"@id\":\"https:\/\/vosgesinfo.fr\/saintdieinfo\/#organization\"},\"alternateName\":\"Toute l'actualit\u00e9 de Saint-Di\u00e9-Des-Vosges\",\"potentialAction\":[{\"@type\":\"SearchAction\",\"target\":{\"@type\":\"EntryPoint\",\"urlTemplate\":\"https:\/\/vosgesinfo.fr\/saintdieinfo\/?s={search_term_string}\"},\"query-input\":\"required name=search_term_string\"}],\"inLanguage\":\"fr-FR\"},{\"@type\":\"Organization\",\"@id\":\"https:\/\/vosgesinfo.fr\/saintdieinfo\/#organization\",\"name\":\"Saint Die Info\",\"url\":\"https:\/\/vosgesinfo.fr\/saintdieinfo\/\",\"logo\":{\"@type\":\"ImageObject\",\"inLanguage\":\"fr-FR\",\"@id\":\"https:\/\/vosgesinfo.fr\/saintdieinfo\/#\/schema\/logo\/image\/\",\"url\":\"https:\/\/vosgesinfo.fr\/app\/uploads\/sites\/4\/2024\/02\/logo-sdi.jpg\",\"contentUrl\":\"https:\/\/vosgesinfo.fr\/app\/uploads\/sites\/4\/2024\/02\/logo-sdi.jpg\",\"width\":600,\"height\":600,\"caption\":\"Saint Die Info\"},\"image\":{\"@id\":\"https:\/\/vosgesinfo.fr\/saintdieinfo\/#\/schema\/logo\/image\/\"},\"sameAs\":[\"https:\/\/www.facebook.com\/Saintdieinfofr\",\"https:\/\/x.com\/VosgesInfo88\",\"https:\/\/www.youtube.com\/@vosgesinfo\"]},{\"@type\":\"Person\",\"@id\":\"https:\/\/vosgesinfo.fr\/saintdieinfo\/#\/schema\/person\/fa73e9f726d67bb88f46d5b7943cb572\",\"name\":\"J.J.\",\"image\":{\"@type\":\"ImageObject\",\"inLanguage\":\"fr-FR\",\"@id\":\"https:\/\/vosgesinfo.fr\/saintdieinfo\/#\/schema\/person\/image\/\",\"url\":\"https:\/\/secure.gravatar.com\/avatar\/219e749e47ffbcca018a360ae4add7d4cdf1cdaaf8bc7676b27efade3fe65615?s=96&d=mm&r=g\",\"contentUrl\":\"https:\/\/secure.gravatar.com\/avatar\/219e749e47ffbcca018a360ae4add7d4cdf1cdaaf8bc7676b27efade3fe65615?s=96&d=mm&r=g\",\"caption\":\"J.J.\"},\"url\":\"https:\/\/vosgesinfo.fr\/saintdieinfo\/author\/j-j\/\"}]}<\/script>\n<!-- \/ Yoast SEO plugin. -->","yoast_head_json":{"title":"Pour sa premi\u00e8re exposition de l'ann\u00e9e, le CEPAGRAP pr\u00e9sente \u00ab\u00a0Mise en chaises\u00a0\u00bb de Jean-Paul Henry - Saint Die Info","robots":{"index":"index","follow":"follow","max-snippet":"max-snippet:-1","max-image-preview":"max-image-preview:large","max-video-preview":"max-video-preview:-1"},"canonical":"https:\/\/vosgesinfo.fr\/saintdieinfo\/2025\/01\/pour-sa-premiere-exposition-de-lannee-le-cepagrap-presente-mise-en-chaises-de-jean-paul-henry\/","twitter_card":"summary_large_image","twitter_title":"Pour sa premi\u00e8re exposition de l'ann\u00e9e, le CEPAGRAP pr\u00e9sente \u00ab\u00a0Mise en chaises\u00a0\u00bb de Jean-Paul Henry - Saint Die Info","twitter_description":"Pour sa premi\u00e8re exposition de l&rsquo;ann\u00e9e, le CEPAGRAP met la Photographie \u00e0 l&rsquo;honneur, avec l&rsquo;exposition \u00ab\u00a0Mises en chaises\u00a0\u00bb de Jean-Paul [&hellip;]","twitter_image":"https:\/\/vosgesinfo.fr\/app\/uploads\/sites\/4\/2025\/01\/exposition-cepagrap-jean-paul-henry-2.jpeg","twitter_creator":"@VosgesInfo88","twitter_site":"@VosgesInfo88","twitter_misc":{"\u00c9crit par":"J.J."},"schema":{"@context":"https:\/\/schema.org","@graph":[{"@type":"Article","@id":"https:\/\/vosgesinfo.fr\/saintdieinfo\/2025\/01\/pour-sa-premiere-exposition-de-lannee-le-cepagrap-presente-mise-en-chaises-de-jean-paul-henry\/#article","isPartOf":{"@id":"https:\/\/vosgesinfo.fr\/saintdieinfo\/2025\/01\/pour-sa-premiere-exposition-de-lannee-le-cepagrap-presente-mise-en-chaises-de-jean-paul-henry\/"},"author":{"name":"J.J.","@id":"https:\/\/vosgesinfo.fr\/saintdieinfo\/#\/schema\/person\/fa73e9f726d67bb88f46d5b7943cb572"},"headline":"Pour sa premi\u00e8re exposition de l&rsquo;ann\u00e9e, le CEPAGRAP pr\u00e9sente \u00ab\u00a0Mise en chaises\u00a0\u00bb de Jean-Paul Henry","datePublished":"2025-01-02T11:00:13+00:00","dateModified":"2025-01-02T10:49:04+00:00","mainEntityOfPage":{"@id":"https:\/\/vosgesinfo.fr\/saintdieinfo\/2025\/01\/pour-sa-premiere-exposition-de-lannee-le-cepagrap-presente-mise-en-chaises-de-jean-paul-henry\/"},"wordCount":114,"commentCount":0,"publisher":{"@id":"https:\/\/vosgesinfo.fr\/saintdieinfo\/#organization"},"image":{"@id":"https:\/\/vosgesinfo.fr\/saintdieinfo\/2025\/01\/pour-sa-premiere-exposition-de-lannee-le-cepagrap-presente-mise-en-chaises-de-jean-paul-henry\/#primaryimage"},"thumbnailUrl":"https:\/\/vosgesinfo.fr\/app\/uploads\/sites\/4\/2025\/01\/exposition-cepagrap-jean-paul-henry-2.jpeg","keywords":["CEPAGRAP","Exposition de photographies","Jean-Paul Henry","photographie"],"articleSection":["A la Une","Art","Saint-Di\u00e9-des-Vosges"],"inLanguage":"fr-FR","potentialAction":[{"@type":"CommentAction","name":"Comment","target":["https:\/\/vosgesinfo.fr\/saintdieinfo\/2025\/01\/pour-sa-premiere-exposition-de-lannee-le-cepagrap-presente-mise-en-chaises-de-jean-paul-henry\/#respond"]}]},{"@type":"WebPage","@id":"https:\/\/vosgesinfo.fr\/saintdieinfo\/2025\/01\/pour-sa-premiere-exposition-de-lannee-le-cepagrap-presente-mise-en-chaises-de-jean-paul-henry\/","url":"https:\/\/vosgesinfo.fr\/saintdieinfo\/2025\/01\/pour-sa-premiere-exposition-de-lannee-le-cepagrap-presente-mise-en-chaises-de-jean-paul-henry\/","name":"Pour sa premi\u00e8re exposition de l'ann\u00e9e, le CEPAGRAP pr\u00e9sente \u00ab\u00a0Mise en chaises\u00a0\u00bb de Jean-Paul Henry - Saint Die Info","isPartOf":{"@id":"https:\/\/vosgesinfo.fr\/saintdieinfo\/#website"},"primaryImageOfPage":{"@id":"https:\/\/vosgesinfo.fr\/saintdieinfo\/2025\/01\/pour-sa-premiere-exposition-de-lannee-le-cepagrap-presente-mise-en-chaises-de-jean-paul-henry\/#primaryimage"},"image":{"@id":"https:\/\/vosgesinfo.fr\/saintdieinfo\/2025\/01\/pour-sa-premiere-exposition-de-lannee-le-cepagrap-presente-mise-en-chaises-de-jean-paul-henry\/#primaryimage"},"thumbnailUrl":"https:\/\/vosgesinfo.fr\/app\/uploads\/sites\/4\/2025\/01\/exposition-cepagrap-jean-paul-henry-2.jpeg","datePublished":"2025-01-02T11:00:13+00:00","dateModified":"2025-01-02T10:49:04+00:00","breadcrumb":{"@id":"https:\/\/vosgesinfo.fr\/saintdieinfo\/2025\/01\/pour-sa-premiere-exposition-de-lannee-le-cepagrap-presente-mise-en-chaises-de-jean-paul-henry\/#breadcrumb"},"inLanguage":"fr-FR","potentialAction":[{"@type":"ReadAction","target":["https:\/\/vosgesinfo.fr\/saintdieinfo\/2025\/01\/pour-sa-premiere-exposition-de-lannee-le-cepagrap-presente-mise-en-chaises-de-jean-paul-henry\/"]}]},{"@type":"ImageObject","inLanguage":"fr-FR","@id":"https:\/\/vosgesinfo.fr\/saintdieinfo\/2025\/01\/pour-sa-premiere-exposition-de-lannee-le-cepagrap-presente-mise-en-chaises-de-jean-paul-henry\/#primaryimage","url":"https:\/\/vosgesinfo.fr\/app\/uploads\/sites\/4\/2025\/01\/exposition-cepagrap-jean-paul-henry-2.jpeg","contentUrl":"https:\/\/vosgesinfo.fr\/app\/uploads\/sites\/4\/2025\/01\/exposition-cepagrap-jean-paul-henry-2.jpeg","width":961,"height":1035},{"@type":"BreadcrumbList","@id":"https:\/\/vosgesinfo.fr\/saintdieinfo\/2025\/01\/pour-sa-premiere-exposition-de-lannee-le-cepagrap-presente-mise-en-chaises-de-jean-paul-henry\/#breadcrumb","itemListElement":[{"@type":"ListItem","position":1,"name":"Home","item":"https:\/\/vosgesinfo.fr\/saintdieinfo\/"},{"@type":"ListItem","position":2,"name":"Pour sa premi\u00e8re exposition de l&rsquo;ann\u00e9e, le CEPAGRAP pr\u00e9sente \u00ab\u00a0Mise en chaises\u00a0\u00bb de Jean-Paul Henry"}]},{"@type":"WebSite","@id":"https:\/\/vosgesinfo.fr\/saintdieinfo\/#website","url":"https:\/\/vosgesinfo.fr\/saintdieinfo\/","name":"Saint Die Info","description":"Toute l&#039;actualit\u00e9 de Saint-Di\u00e9-Des-Vosges","publisher":{"@id":"https:\/\/vosgesinfo.fr\/saintdieinfo\/#organization"},"alternateName":"Toute l'actualit\u00e9 de Saint-Di\u00e9-Des-Vosges","potentialAction":[{"@type":"SearchAction","target":{"@type":"EntryPoint","urlTemplate":"https:\/\/vosgesinfo.fr\/saintdieinfo\/?s={search_term_string}"},"query-input":"required name=search_term_string"}],"inLanguage":"fr-FR"},{"@type":"Organization","@id":"https:\/\/vosgesinfo.fr\/saintdieinfo\/#organization","name":"Saint Die Info","url":"https:\/\/vosgesinfo.fr\/saintdieinfo\/","logo":{"@type":"ImageObject","inLanguage":"fr-FR","@id":"https:\/\/vosgesinfo.fr\/saintdieinfo\/#\/schema\/logo\/image\/","url":"https:\/\/vosgesinfo.fr\/app\/uploads\/sites\/4\/2024\/02\/logo-sdi.jpg","contentUrl":"https:\/\/vosgesinfo.fr\/app\/uploads\/sites\/4\/2024\/02\/logo-sdi.jpg","width":600,"height":600,"caption":"Saint Die Info"},"image":{"@id":"https:\/\/vosgesinfo.fr\/saintdieinfo\/#\/schema\/logo\/image\/"},"sameAs":["https:\/\/www.facebook.com\/Saintdieinfofr","https:\/\/x.com\/VosgesInfo88","https:\/\/www.youtube.com\/@vosgesinfo"]},{"@type":"Person","@id":"https:\/\/vosgesinfo.fr\/saintdieinfo\/#\/schema\/person\/fa73e9f726d67bb88f46d5b7943cb572","name":"J.J.","image":{"@type":"ImageObject","inLanguage":"fr-FR","@id":"https:\/\/vosgesinfo.fr\/saintdieinfo\/#\/schema\/person\/image\/","url":"https:\/\/secure.gravatar.com\/avatar\/219e749e47ffbcca018a360ae4add7d4cdf1cdaaf8bc7676b27efade3fe65615?s=96&d=mm&r=g","contentUrl":"https:\/\/secure.gravatar.com\/avatar\/219e749e47ffbcca018a360ae4add7d4cdf1cdaaf8bc7676b27efade3fe65615?s=96&d=mm&r=g","caption":"J.J."},"url":"https:\/\/vosgesinfo.fr\/saintdieinfo\/author\/j-j\/"}]}},"_links":{"self":[{"href":"https:\/\/vosgesinfo.fr\/saintdieinfo\/wp-json\/wp\/v2\/posts\/72320","targetHints":{"allow":["GET"]}}],"collection":[{"href":"https:\/\/vosgesinfo.fr\/saintdieinfo\/wp-json\/wp\/v2\/posts"}],"about":[{"href":"https:\/\/vosgesinfo.fr\/saintdieinfo\/wp-json\/wp\/v2\/types\/post"}],"author":[{"embeddable":true,"href":"https:\/\/vosgesinfo.fr\/saintdieinfo\/wp-json\/wp\/v2\/users\/46"}],"replies":[{"embeddable":true,"href":"https:\/\/vosgesinfo.fr\/saintdieinfo\/wp-json\/wp\/v2\/comments?post=72320"}],"version-history":[{"count":1,"href":"https:\/\/vosgesinfo.fr\/saintdieinfo\/wp-json\/wp\/v2\/posts\/72320\/revisions"}],"predecessor-version":[{"id":72323,"href":"https:\/\/vosgesinfo.fr\/saintdieinfo\/wp-json\/wp\/v2\/posts\/72320\/revisions\/72323"}],"wp:featuredmedia":[{"embeddable":true,"href":"https:\/\/vosgesinfo.fr\/saintdieinfo\/wp-json\/wp\/v2\/media\/72322"}],"wp:attachment":[{"href":"https:\/\/vosgesinfo.fr\/saintdieinfo\/wp-json\/wp\/v2\/media?parent=72320"}],"wp:term":[{"taxonomy":"category","embeddable":true,"href":"https:\/\/vosgesinfo.fr\/saintdieinfo\/wp-json\/wp\/v2\/categories?post=72320"},{"taxonomy":"post_tag","embeddable":true,"href":"https:\/\/vosgesinfo.fr\/saintdieinfo\/wp-json\/wp\/v2\/tags?post=72320"}],"curies":[{"name":"wp","href":"https:\/\/api.w.org\/{rel}","templated":true}]}}