{"id":72438,"date":"2025-01-06T10:31:42","date_gmt":"2025-01-06T09:31:42","guid":{"rendered":"https:\/\/vosgesinfo.fr\/saintdieinfo\/?p=72438"},"modified":"2025-01-06T10:21:36","modified_gmt":"2025-01-06T09:21:36","slug":"le-recensement-2025-demarre-la-semaine-prochaine-a-saint-die-des-vosges","status":"publish","type":"post","link":"https:\/\/vosgesinfo.fr\/saintdieinfo\/2025\/01\/le-recensement-2025-demarre-la-semaine-prochaine-a-saint-die-des-vosges\/","title":{"rendered":"Le recensement 2025 d\u00e9marre la semaine prochaine \u00e0 Saint-Di\u00e9-des-Vosges"},"content":{"rendered":"<p><iframe loading=\"lazy\" style=\"border: none; overflow: hidden;\" src=\"https:\/\/www.facebook.com\/plugins\/video.php?height=476&amp;href=https%3A%2F%2Fwww.facebook.com%2Freel%2F2264798457268044%2F&amp;show_text=false&amp;width=267&amp;t=0\" width=\"267\" height=\"476\" frameborder=\"0\" scrolling=\"no\" allowfullscreen=\"allowfullscreen\"><\/iframe><\/p>\n<h2>La campagne de recensement 2025 d\u00e9marrera la semaine prochaine \u00e0 Saint-Di\u00e9-des-Vosges, puisqu&rsquo;elle se d\u00e9roulera du jeudi 16 janvier au samedi 22 f\u00e9vrier. La particularit\u00e9 cette ann\u00e9e est que le recensement est associ\u00e9 \u00e0 l&rsquo;enqu\u00eate familles INSEE.<\/h2>\n<p><!--more--><\/p>\n<p>Durant ces 5 semaines, les 7 agents recenseurs Gunay Cakmak, Anne Clein, Harmony Didierjean, Eve Ferry, Fr\u00e9d\u00e9ric Hoen, Justine Michel et Eric Petitdidier visiteront 424 adresses, pour au total 957 logements \u00e0 recenser. Le tout sous la coordination de Caroline Christophe et Christelle Michel du service Etat-Civil, et sous la supervision de Emilie Jean de l&rsquo;INSEE.<\/p>\n<p>Le recensement se d\u00e9roule toujours en 2 \u00e9tapes pour les agents recenseurs, avec dans un premier temps une tourn\u00e9e de reconnaissance des adresses, qui a lieu du 6 au 13 janvier, puis le recensement \u00e0 proprement parler.<\/p>\n<p>Lors de leur deuxi\u00e8me passage, ils d\u00e9poseront une notice d&rsquo;information dans les bo\u00eetes aux lettres des adresses individuelles, o\u00f9 le logement correspondant \u00e0 la bo\u00eete aux lettres est clairement identifi\u00e9. Dans chacun des foyers vivant dans un logement immeuble collectif, d&rsquo;au moins 2 logements, l&rsquo;agent recenseur remettra une feuille de logement et un bulletin individuel par personne composant le foyer.<\/p>\n<p>Et \u00e0 l&rsquo;heure o\u00f9 les d\u00e9marchages intempestifs voire frauduleux sont fr\u00e9quents, chaque agent recenseur b\u00e9n\u00e9ficiera d&rsquo;une carte tricolore officielle avec photo d&rsquo;identit\u00e9, et portera une veste au logo de la Ville pour \u00eatre facilement reconnaissable.<\/p>\n<p><a href=\"https:\/\/vosgesinfo.fr\/app\/uploads\/sites\/4\/2025\/01\/campagne-recensement-sddv-2025-3-scaled.jpg\"><img decoding=\"async\" class=\"alignnone size-large wp-image-72441\" src=\"https:\/\/vosgesinfo.fr\/app\/uploads\/sites\/4\/2025\/01\/campagne-recensement-sddv-2025-3-1024x771.jpg\" alt=\"\" width=\"1024\" height=\"771\" srcset=\"https:\/\/vosgesinfo.fr\/app\/uploads\/sites\/4\/2025\/01\/campagne-recensement-sddv-2025-3-1024x771.jpg 1024w, https:\/\/vosgesinfo.fr\/app\/uploads\/sites\/4\/2025\/01\/campagne-recensement-sddv-2025-3-300x226.jpg 300w, https:\/\/vosgesinfo.fr\/app\/uploads\/sites\/4\/2025\/01\/campagne-recensement-sddv-2025-3-768x578.jpg 768w, https:\/\/vosgesinfo.fr\/app\/uploads\/sites\/4\/2025\/01\/campagne-recensement-sddv-2025-3-1536x1157.jpg 1536w, https:\/\/vosgesinfo.fr\/app\/uploads\/sites\/4\/2025\/01\/campagne-recensement-sddv-2025-3-2048x1542.jpg 2048w\" sizes=\"(max-width: 1024px) 100vw, 1024px\" \/><\/a><\/p>\n<p>Si le recensement par internet est conseill\u00e9, permettant notamment un gain de temps, il est bien entendu toujours possible de remplir un questionnaire papier. Dans ce cas, un rendez-vous sera pris pour la restitution des documents \u00e0 l&rsquo;agent recenseur. Ces m\u00eames documents pourront \u00e9galement \u00eatre retourn\u00e9s directement \u00e0 l&rsquo;H\u00f4tel de Ville de Saint-Di\u00e9-des-Vosges, aupr\u00e8s du service \u00ab Citoyennet\u00e9 \u00bb. Pour tous renseignements compl\u00e9mentaires, le service peut \u00eatre contact\u00e9 par t\u00e9l\u00e9phone, au 03-29-52-66-66.<\/p>\n<p>Evoqu\u00e9e en d\u00e9but d&rsquo;article, l&rsquo;enqu\u00eate familles INSEE sera men\u00e9e en parall\u00e8le du recensement. Obligatoire, cette enqu\u00eate est r\u00e9alis\u00e9e environ tous les 10 ans et vise, selon l&rsquo;INSEE, \u00ab \u00e0 mieux comprendre la diversit\u00e9 des situations familiales et les modes de vie des familles. Pour la ville de Saint-Di\u00e9-des-Vosges, seules seront concern\u00e9es des personnes majeures de sexe masculin. La notice internet sera \u00e0 conserver pour r\u00e9pondre \u00e0 cette enqu\u00eate. Les foyers concern\u00e9s recevront un courriel le lendemain de leur r\u00e9ponse au recensement de la population par internet, et devront r\u00e9pondre \u00e0 l&rsquo;enqu\u00eate familiale. \u00bb<\/p>\n<p>Et comme l&rsquo;a rappel\u00e9 ce lundi matin Emilie Jean, avant la formation d&rsquo;une demi-journ\u00e9e des 7 agents recenseurs, \u00ab toutes les informations re\u00e7ues, lors du recensement comme lors de l&rsquo;enqu\u00eate familiale, sont strictement confidentielles et retourn\u00e9es \u00e0 l&rsquo;INSEE par les coordonnateurs communaux. Seul l&rsquo;INSEE est habilit\u00e9 \u00e0 exploiter les donn\u00e9es. Aucune information ne peut \u00eatre transmise \u00e0 une quelconque administration ou autre. \u00bb<\/p>\n<p><a href=\"https:\/\/vosgesinfo.fr\/saintdieinfo\/2025\/01\/le-nombre-dhabitants-est-quasi-stable-a-saint-die-des-vosges\/\" target=\"_blank\" rel=\"noopener\">Selon les derni\u00e8res donn\u00e9es de l&rsquo;INSEE, Saint-Di\u00e9-des-Vosges comptait 19 324 habitants en 2022, contre 19 748 en 2016.<\/a><\/p>\n<p>J.J.<\/p>\n\n\t\t<style type=\"text\/css\">\n\t\t\t#gallery-1 {\n\t\t\t\tmargin: auto;\n\t\t\t}\n\t\t\t#gallery-1 .gallery-item {\n\t\t\t\tfloat: left;\n\t\t\t\tmargin-top: 10px;\n\t\t\t\ttext-align: center;\n\t\t\t\twidth: 33%;\n\t\t\t}\n\t\t\t#gallery-1 img {\n\t\t\t\tborder: 2px solid #cfcfcf;\n\t\t\t}\n\t\t\t#gallery-1 .gallery-caption {\n\t\t\t\tmargin-left: 0;\n\t\t\t}\n\t\t\t\/* see gallery_shortcode() in wp-includes\/media.php *\/\n\t\t<\/style>\n\t\t<div id='gallery-1' class='gallery galleryid-72438 gallery-columns-3 gallery-size-thumbnail'><dl class='gallery-item'>\n\t\t\t<dt class='gallery-icon landscape'>\n\t\t\t\t<a href='https:\/\/vosgesinfo.fr\/app\/uploads\/sites\/4\/2025\/01\/campagne-recensement-sddv-2025-1-scaled.jpg'><img decoding=\"async\" width=\"150\" height=\"150\" src=\"https:\/\/vosgesinfo.fr\/app\/uploads\/sites\/4\/2025\/01\/campagne-recensement-sddv-2025-1-150x150.jpg\" class=\"attachment-thumbnail size-thumbnail\" alt=\"\" \/><\/a>\n\t\t\t<\/dt><\/dl><dl class='gallery-item'>\n\t\t\t<dt class='gallery-icon landscape'>\n\t\t\t\t<a href='https:\/\/vosgesinfo.fr\/app\/uploads\/sites\/4\/2025\/01\/campagne-recensement-sddv-2025-2-scaled.jpg'><img decoding=\"async\" width=\"150\" height=\"150\" src=\"https:\/\/vosgesinfo.fr\/app\/uploads\/sites\/4\/2025\/01\/campagne-recensement-sddv-2025-2-150x150.jpg\" class=\"attachment-thumbnail size-thumbnail\" alt=\"\" \/><\/a>\n\t\t\t<\/dt><\/dl><dl class='gallery-item'>\n\t\t\t<dt class='gallery-icon landscape'>\n\t\t\t\t<a href='https:\/\/vosgesinfo.fr\/app\/uploads\/sites\/4\/2025\/01\/campagne-recensement-sddv-2025-4-scaled.jpg'><img decoding=\"async\" width=\"150\" height=\"150\" src=\"https:\/\/vosgesinfo.fr\/app\/uploads\/sites\/4\/2025\/01\/campagne-recensement-sddv-2025-4-150x150.jpg\" class=\"attachment-thumbnail size-thumbnail\" alt=\"\" \/><\/a>\n\t\t\t<\/dt><\/dl><br style=\"clear: both\" \/>\n\t\t<\/div>\n\n","protected":false},"excerpt":{"rendered":"<p>La campagne de recensement 2025 d\u00e9marrera la semaine prochaine \u00e0 Saint-Di\u00e9-des-Vosges, puisqu&rsquo;elle se d\u00e9roulera du jeudi 16 janvier au samedi [&hellip;]<\/p>\n","protected":false},"author":46,"featured_media":72441,"comment_status":"open","ping_status":"open","sticky":false,"template":"","format":"standard","meta":{"footnotes":""},"categories":[460,5424,167],"tags":[3318,2033,15699],"class_list":["post-72438","post","type-post","status-publish","format-standard","has-post-thumbnail","hentry","category-a-la-une","category-etat-civil","category-saint-die-des-vosges","tag-grand-salon-de-lhotel-de-ville","tag-insee","tag-recensement-2025-a-saint-die-des-vosges"],"acf":[],"yoast_head":"<!-- This site is optimized with the Yoast SEO plugin v22.5 - https:\/\/yoast.com\/wordpress\/plugins\/seo\/ -->\n<title>Le recensement 2025 d\u00e9marre la semaine prochaine \u00e0 Saint-Di\u00e9-des-Vosges - Saint Die Info<\/title>\n<meta name=\"robots\" content=\"index, follow, max-snippet:-1, max-image-preview:large, max-video-preview:-1\" \/>\n<link rel=\"canonical\" href=\"https:\/\/vosgesinfo.fr\/saintdieinfo\/2025\/01\/le-recensement-2025-demarre-la-semaine-prochaine-a-saint-die-des-vosges\/\" \/>\n<meta name=\"twitter:card\" content=\"summary_large_image\" \/>\n<meta name=\"twitter:title\" content=\"Le recensement 2025 d\u00e9marre la semaine prochaine \u00e0 Saint-Di\u00e9-des-Vosges - Saint Die Info\" \/>\n<meta name=\"twitter:description\" content=\"La campagne de recensement 2025 d\u00e9marrera la semaine prochaine \u00e0 Saint-Di\u00e9-des-Vosges, puisqu&rsquo;elle se d\u00e9roulera du jeudi 16 janvier au samedi [&hellip;]\" \/>\n<meta name=\"twitter:image\" content=\"https:\/\/vosgesinfo.fr\/app\/uploads\/sites\/4\/2025\/01\/campagne-recensement-sddv-2025-3-scaled.jpg\" \/>\n<meta name=\"twitter:creator\" content=\"@VosgesInfo88\" \/>\n<meta name=\"twitter:site\" content=\"@VosgesInfo88\" \/>\n<meta name=\"twitter:label1\" content=\"\u00c9crit par\" \/>\n\t<meta name=\"twitter:data1\" content=\"J.J.\" \/>\n\t<meta name=\"twitter:label2\" content=\"Dur\u00e9e de lecture estim\u00e9e\" \/>\n\t<meta name=\"twitter:data2\" content=\"3 minutes\" \/>\n<script type=\"application\/ld+json\" class=\"yoast-schema-graph\">{\"@context\":\"https:\/\/schema.org\",\"@graph\":[{\"@type\":\"Article\",\"@id\":\"https:\/\/vosgesinfo.fr\/saintdieinfo\/2025\/01\/le-recensement-2025-demarre-la-semaine-prochaine-a-saint-die-des-vosges\/#article\",\"isPartOf\":{\"@id\":\"https:\/\/vosgesinfo.fr\/saintdieinfo\/2025\/01\/le-recensement-2025-demarre-la-semaine-prochaine-a-saint-die-des-vosges\/\"},\"author\":{\"name\":\"J.J.\",\"@id\":\"https:\/\/vosgesinfo.fr\/saintdieinfo\/#\/schema\/person\/fa73e9f726d67bb88f46d5b7943cb572\"},\"headline\":\"Le recensement 2025 d\u00e9marre la semaine prochaine \u00e0 Saint-Di\u00e9-des-Vosges\",\"datePublished\":\"2025-01-06T09:31:42+00:00\",\"dateModified\":\"2025-01-06T09:21:36+00:00\",\"mainEntityOfPage\":{\"@id\":\"https:\/\/vosgesinfo.fr\/saintdieinfo\/2025\/01\/le-recensement-2025-demarre-la-semaine-prochaine-a-saint-die-des-vosges\/\"},\"wordCount\":519,\"commentCount\":0,\"publisher\":{\"@id\":\"https:\/\/vosgesinfo.fr\/saintdieinfo\/#organization\"},\"image\":{\"@id\":\"https:\/\/vosgesinfo.fr\/saintdieinfo\/2025\/01\/le-recensement-2025-demarre-la-semaine-prochaine-a-saint-die-des-vosges\/#primaryimage\"},\"thumbnailUrl\":\"https:\/\/vosgesinfo.fr\/app\/uploads\/sites\/4\/2025\/01\/campagne-recensement-sddv-2025-3-scaled.jpg\",\"keywords\":[\"Grand Salon de l'H\u00f4tel de Ville\",\"INSEE\",\"Recensement 2025 \u00e0 Saint-Di\u00e9-des-Vosges\"],\"articleSection\":[\"A la Une\",\"Etat-Civil\",\"Saint-Di\u00e9-des-Vosges\"],\"inLanguage\":\"fr-FR\",\"potentialAction\":[{\"@type\":\"CommentAction\",\"name\":\"Comment\",\"target\":[\"https:\/\/vosgesinfo.fr\/saintdieinfo\/2025\/01\/le-recensement-2025-demarre-la-semaine-prochaine-a-saint-die-des-vosges\/#respond\"]}]},{\"@type\":\"WebPage\",\"@id\":\"https:\/\/vosgesinfo.fr\/saintdieinfo\/2025\/01\/le-recensement-2025-demarre-la-semaine-prochaine-a-saint-die-des-vosges\/\",\"url\":\"https:\/\/vosgesinfo.fr\/saintdieinfo\/2025\/01\/le-recensement-2025-demarre-la-semaine-prochaine-a-saint-die-des-vosges\/\",\"name\":\"Le recensement 2025 d\u00e9marre la semaine prochaine \u00e0 Saint-Di\u00e9-des-Vosges - Saint Die Info\",\"isPartOf\":{\"@id\":\"https:\/\/vosgesinfo.fr\/saintdieinfo\/#website\"},\"primaryImageOfPage\":{\"@id\":\"https:\/\/vosgesinfo.fr\/saintdieinfo\/2025\/01\/le-recensement-2025-demarre-la-semaine-prochaine-a-saint-die-des-vosges\/#primaryimage\"},\"image\":{\"@id\":\"https:\/\/vosgesinfo.fr\/saintdieinfo\/2025\/01\/le-recensement-2025-demarre-la-semaine-prochaine-a-saint-die-des-vosges\/#primaryimage\"},\"thumbnailUrl\":\"https:\/\/vosgesinfo.fr\/app\/uploads\/sites\/4\/2025\/01\/campagne-recensement-sddv-2025-3-scaled.jpg\",\"datePublished\":\"2025-01-06T09:31:42+00:00\",\"dateModified\":\"2025-01-06T09:21:36+00:00\",\"breadcrumb\":{\"@id\":\"https:\/\/vosgesinfo.fr\/saintdieinfo\/2025\/01\/le-recensement-2025-demarre-la-semaine-prochaine-a-saint-die-des-vosges\/#breadcrumb\"},\"inLanguage\":\"fr-FR\",\"potentialAction\":[{\"@type\":\"ReadAction\",\"target\":[\"https:\/\/vosgesinfo.fr\/saintdieinfo\/2025\/01\/le-recensement-2025-demarre-la-semaine-prochaine-a-saint-die-des-vosges\/\"]}]},{\"@type\":\"ImageObject\",\"inLanguage\":\"fr-FR\",\"@id\":\"https:\/\/vosgesinfo.fr\/saintdieinfo\/2025\/01\/le-recensement-2025-demarre-la-semaine-prochaine-a-saint-die-des-vosges\/#primaryimage\",\"url\":\"https:\/\/vosgesinfo.fr\/app\/uploads\/sites\/4\/2025\/01\/campagne-recensement-sddv-2025-3-scaled.jpg\",\"contentUrl\":\"https:\/\/vosgesinfo.fr\/app\/uploads\/sites\/4\/2025\/01\/campagne-recensement-sddv-2025-3-scaled.jpg\",\"width\":2560,\"height\":1928},{\"@type\":\"BreadcrumbList\",\"@id\":\"https:\/\/vosgesinfo.fr\/saintdieinfo\/2025\/01\/le-recensement-2025-demarre-la-semaine-prochaine-a-saint-die-des-vosges\/#breadcrumb\",\"itemListElement\":[{\"@type\":\"ListItem\",\"position\":1,\"name\":\"Home\",\"item\":\"https:\/\/vosgesinfo.fr\/saintdieinfo\/\"},{\"@type\":\"ListItem\",\"position\":2,\"name\":\"Le recensement 2025 d\u00e9marre la semaine prochaine \u00e0 Saint-Di\u00e9-des-Vosges\"}]},{\"@type\":\"WebSite\",\"@id\":\"https:\/\/vosgesinfo.fr\/saintdieinfo\/#website\",\"url\":\"https:\/\/vosgesinfo.fr\/saintdieinfo\/\",\"name\":\"Saint Die Info\",\"description\":\"Toute l&#039;actualit\u00e9 de Saint-Di\u00e9-Des-Vosges\",\"publisher\":{\"@id\":\"https:\/\/vosgesinfo.fr\/saintdieinfo\/#organization\"},\"alternateName\":\"Toute l'actualit\u00e9 de Saint-Di\u00e9-Des-Vosges\",\"potentialAction\":[{\"@type\":\"SearchAction\",\"target\":{\"@type\":\"EntryPoint\",\"urlTemplate\":\"https:\/\/vosgesinfo.fr\/saintdieinfo\/?s={search_term_string}\"},\"query-input\":\"required name=search_term_string\"}],\"inLanguage\":\"fr-FR\"},{\"@type\":\"Organization\",\"@id\":\"https:\/\/vosgesinfo.fr\/saintdieinfo\/#organization\",\"name\":\"Saint Die Info\",\"url\":\"https:\/\/vosgesinfo.fr\/saintdieinfo\/\",\"logo\":{\"@type\":\"ImageObject\",\"inLanguage\":\"fr-FR\",\"@id\":\"https:\/\/vosgesinfo.fr\/saintdieinfo\/#\/schema\/logo\/image\/\",\"url\":\"https:\/\/vosgesinfo.fr\/app\/uploads\/sites\/4\/2024\/02\/logo-sdi.jpg\",\"contentUrl\":\"https:\/\/vosgesinfo.fr\/app\/uploads\/sites\/4\/2024\/02\/logo-sdi.jpg\",\"width\":600,\"height\":600,\"caption\":\"Saint Die Info\"},\"image\":{\"@id\":\"https:\/\/vosgesinfo.fr\/saintdieinfo\/#\/schema\/logo\/image\/\"},\"sameAs\":[\"https:\/\/www.facebook.com\/Saintdieinfofr\",\"https:\/\/x.com\/VosgesInfo88\",\"https:\/\/www.youtube.com\/@vosgesinfo\"]},{\"@type\":\"Person\",\"@id\":\"https:\/\/vosgesinfo.fr\/saintdieinfo\/#\/schema\/person\/fa73e9f726d67bb88f46d5b7943cb572\",\"name\":\"J.J.\",\"image\":{\"@type\":\"ImageObject\",\"inLanguage\":\"fr-FR\",\"@id\":\"https:\/\/vosgesinfo.fr\/saintdieinfo\/#\/schema\/person\/image\/\",\"url\":\"https:\/\/secure.gravatar.com\/avatar\/219e749e47ffbcca018a360ae4add7d4cdf1cdaaf8bc7676b27efade3fe65615?s=96&d=mm&r=g\",\"contentUrl\":\"https:\/\/secure.gravatar.com\/avatar\/219e749e47ffbcca018a360ae4add7d4cdf1cdaaf8bc7676b27efade3fe65615?s=96&d=mm&r=g\",\"caption\":\"J.J.\"},\"url\":\"https:\/\/vosgesinfo.fr\/saintdieinfo\/author\/j-j\/\"}]}<\/script>\n<!-- \/ Yoast SEO plugin. -->","yoast_head_json":{"title":"Le recensement 2025 d\u00e9marre la semaine prochaine \u00e0 Saint-Di\u00e9-des-Vosges - Saint Die Info","robots":{"index":"index","follow":"follow","max-snippet":"max-snippet:-1","max-image-preview":"max-image-preview:large","max-video-preview":"max-video-preview:-1"},"canonical":"https:\/\/vosgesinfo.fr\/saintdieinfo\/2025\/01\/le-recensement-2025-demarre-la-semaine-prochaine-a-saint-die-des-vosges\/","twitter_card":"summary_large_image","twitter_title":"Le recensement 2025 d\u00e9marre la semaine prochaine \u00e0 Saint-Di\u00e9-des-Vosges - Saint Die Info","twitter_description":"La campagne de recensement 2025 d\u00e9marrera la semaine prochaine \u00e0 Saint-Di\u00e9-des-Vosges, puisqu&rsquo;elle se d\u00e9roulera du jeudi 16 janvier au samedi [&hellip;]","twitter_image":"https:\/\/vosgesinfo.fr\/app\/uploads\/sites\/4\/2025\/01\/campagne-recensement-sddv-2025-3-scaled.jpg","twitter_creator":"@VosgesInfo88","twitter_site":"@VosgesInfo88","twitter_misc":{"\u00c9crit par":"J.J.","Dur\u00e9e de lecture estim\u00e9e":"3 minutes"},"schema":{"@context":"https:\/\/schema.org","@graph":[{"@type":"Article","@id":"https:\/\/vosgesinfo.fr\/saintdieinfo\/2025\/01\/le-recensement-2025-demarre-la-semaine-prochaine-a-saint-die-des-vosges\/#article","isPartOf":{"@id":"https:\/\/vosgesinfo.fr\/saintdieinfo\/2025\/01\/le-recensement-2025-demarre-la-semaine-prochaine-a-saint-die-des-vosges\/"},"author":{"name":"J.J.","@id":"https:\/\/vosgesinfo.fr\/saintdieinfo\/#\/schema\/person\/fa73e9f726d67bb88f46d5b7943cb572"},"headline":"Le recensement 2025 d\u00e9marre la semaine prochaine \u00e0 Saint-Di\u00e9-des-Vosges","datePublished":"2025-01-06T09:31:42+00:00","dateModified":"2025-01-06T09:21:36+00:00","mainEntityOfPage":{"@id":"https:\/\/vosgesinfo.fr\/saintdieinfo\/2025\/01\/le-recensement-2025-demarre-la-semaine-prochaine-a-saint-die-des-vosges\/"},"wordCount":519,"commentCount":0,"publisher":{"@id":"https:\/\/vosgesinfo.fr\/saintdieinfo\/#organization"},"image":{"@id":"https:\/\/vosgesinfo.fr\/saintdieinfo\/2025\/01\/le-recensement-2025-demarre-la-semaine-prochaine-a-saint-die-des-vosges\/#primaryimage"},"thumbnailUrl":"https:\/\/vosgesinfo.fr\/app\/uploads\/sites\/4\/2025\/01\/campagne-recensement-sddv-2025-3-scaled.jpg","keywords":["Grand Salon de l'H\u00f4tel de Ville","INSEE","Recensement 2025 \u00e0 Saint-Di\u00e9-des-Vosges"],"articleSection":["A la Une","Etat-Civil","Saint-Di\u00e9-des-Vosges"],"inLanguage":"fr-FR","potentialAction":[{"@type":"CommentAction","name":"Comment","target":["https:\/\/vosgesinfo.fr\/saintdieinfo\/2025\/01\/le-recensement-2025-demarre-la-semaine-prochaine-a-saint-die-des-vosges\/#respond"]}]},{"@type":"WebPage","@id":"https:\/\/vosgesinfo.fr\/saintdieinfo\/2025\/01\/le-recensement-2025-demarre-la-semaine-prochaine-a-saint-die-des-vosges\/","url":"https:\/\/vosgesinfo.fr\/saintdieinfo\/2025\/01\/le-recensement-2025-demarre-la-semaine-prochaine-a-saint-die-des-vosges\/","name":"Le recensement 2025 d\u00e9marre la semaine prochaine \u00e0 Saint-Di\u00e9-des-Vosges - Saint Die Info","isPartOf":{"@id":"https:\/\/vosgesinfo.fr\/saintdieinfo\/#website"},"primaryImageOfPage":{"@id":"https:\/\/vosgesinfo.fr\/saintdieinfo\/2025\/01\/le-recensement-2025-demarre-la-semaine-prochaine-a-saint-die-des-vosges\/#primaryimage"},"image":{"@id":"https:\/\/vosgesinfo.fr\/saintdieinfo\/2025\/01\/le-recensement-2025-demarre-la-semaine-prochaine-a-saint-die-des-vosges\/#primaryimage"},"thumbnailUrl":"https:\/\/vosgesinfo.fr\/app\/uploads\/sites\/4\/2025\/01\/campagne-recensement-sddv-2025-3-scaled.jpg","datePublished":"2025-01-06T09:31:42+00:00","dateModified":"2025-01-06T09:21:36+00:00","breadcrumb":{"@id":"https:\/\/vosgesinfo.fr\/saintdieinfo\/2025\/01\/le-recensement-2025-demarre-la-semaine-prochaine-a-saint-die-des-vosges\/#breadcrumb"},"inLanguage":"fr-FR","potentialAction":[{"@type":"ReadAction","target":["https:\/\/vosgesinfo.fr\/saintdieinfo\/2025\/01\/le-recensement-2025-demarre-la-semaine-prochaine-a-saint-die-des-vosges\/"]}]},{"@type":"ImageObject","inLanguage":"fr-FR","@id":"https:\/\/vosgesinfo.fr\/saintdieinfo\/2025\/01\/le-recensement-2025-demarre-la-semaine-prochaine-a-saint-die-des-vosges\/#primaryimage","url":"https:\/\/vosgesinfo.fr\/app\/uploads\/sites\/4\/2025\/01\/campagne-recensement-sddv-2025-3-scaled.jpg","contentUrl":"https:\/\/vosgesinfo.fr\/app\/uploads\/sites\/4\/2025\/01\/campagne-recensement-sddv-2025-3-scaled.jpg","width":2560,"height":1928},{"@type":"BreadcrumbList","@id":"https:\/\/vosgesinfo.fr\/saintdieinfo\/2025\/01\/le-recensement-2025-demarre-la-semaine-prochaine-a-saint-die-des-vosges\/#breadcrumb","itemListElement":[{"@type":"ListItem","position":1,"name":"Home","item":"https:\/\/vosgesinfo.fr\/saintdieinfo\/"},{"@type":"ListItem","position":2,"name":"Le recensement 2025 d\u00e9marre la semaine prochaine \u00e0 Saint-Di\u00e9-des-Vosges"}]},{"@type":"WebSite","@id":"https:\/\/vosgesinfo.fr\/saintdieinfo\/#website","url":"https:\/\/vosgesinfo.fr\/saintdieinfo\/","name":"Saint Die Info","description":"Toute l&#039;actualit\u00e9 de Saint-Di\u00e9-Des-Vosges","publisher":{"@id":"https:\/\/vosgesinfo.fr\/saintdieinfo\/#organization"},"alternateName":"Toute l'actualit\u00e9 de Saint-Di\u00e9-Des-Vosges","potentialAction":[{"@type":"SearchAction","target":{"@type":"EntryPoint","urlTemplate":"https:\/\/vosgesinfo.fr\/saintdieinfo\/?s={search_term_string}"},"query-input":"required name=search_term_string"}],"inLanguage":"fr-FR"},{"@type":"Organization","@id":"https:\/\/vosgesinfo.fr\/saintdieinfo\/#organization","name":"Saint Die Info","url":"https:\/\/vosgesinfo.fr\/saintdieinfo\/","logo":{"@type":"ImageObject","inLanguage":"fr-FR","@id":"https:\/\/vosgesinfo.fr\/saintdieinfo\/#\/schema\/logo\/image\/","url":"https:\/\/vosgesinfo.fr\/app\/uploads\/sites\/4\/2024\/02\/logo-sdi.jpg","contentUrl":"https:\/\/vosgesinfo.fr\/app\/uploads\/sites\/4\/2024\/02\/logo-sdi.jpg","width":600,"height":600,"caption":"Saint Die Info"},"image":{"@id":"https:\/\/vosgesinfo.fr\/saintdieinfo\/#\/schema\/logo\/image\/"},"sameAs":["https:\/\/www.facebook.com\/Saintdieinfofr","https:\/\/x.com\/VosgesInfo88","https:\/\/www.youtube.com\/@vosgesinfo"]},{"@type":"Person","@id":"https:\/\/vosgesinfo.fr\/saintdieinfo\/#\/schema\/person\/fa73e9f726d67bb88f46d5b7943cb572","name":"J.J.","image":{"@type":"ImageObject","inLanguage":"fr-FR","@id":"https:\/\/vosgesinfo.fr\/saintdieinfo\/#\/schema\/person\/image\/","url":"https:\/\/secure.gravatar.com\/avatar\/219e749e47ffbcca018a360ae4add7d4cdf1cdaaf8bc7676b27efade3fe65615?s=96&d=mm&r=g","contentUrl":"https:\/\/secure.gravatar.com\/avatar\/219e749e47ffbcca018a360ae4add7d4cdf1cdaaf8bc7676b27efade3fe65615?s=96&d=mm&r=g","caption":"J.J."},"url":"https:\/\/vosgesinfo.fr\/saintdieinfo\/author\/j-j\/"}]}},"_links":{"self":[{"href":"https:\/\/vosgesinfo.fr\/saintdieinfo\/wp-json\/wp\/v2\/posts\/72438","targetHints":{"allow":["GET"]}}],"collection":[{"href":"https:\/\/vosgesinfo.fr\/saintdieinfo\/wp-json\/wp\/v2\/posts"}],"about":[{"href":"https:\/\/vosgesinfo.fr\/saintdieinfo\/wp-json\/wp\/v2\/types\/post"}],"author":[{"embeddable":true,"href":"https:\/\/vosgesinfo.fr\/saintdieinfo\/wp-json\/wp\/v2\/users\/46"}],"replies":[{"embeddable":true,"href":"https:\/\/vosgesinfo.fr\/saintdieinfo\/wp-json\/wp\/v2\/comments?post=72438"}],"version-history":[{"count":3,"href":"https:\/\/vosgesinfo.fr\/saintdieinfo\/wp-json\/wp\/v2\/posts\/72438\/revisions"}],"predecessor-version":[{"id":72445,"href":"https:\/\/vosgesinfo.fr\/saintdieinfo\/wp-json\/wp\/v2\/posts\/72438\/revisions\/72445"}],"wp:featuredmedia":[{"embeddable":true,"href":"https:\/\/vosgesinfo.fr\/saintdieinfo\/wp-json\/wp\/v2\/media\/72441"}],"wp:attachment":[{"href":"https:\/\/vosgesinfo.fr\/saintdieinfo\/wp-json\/wp\/v2\/media?parent=72438"}],"wp:term":[{"taxonomy":"category","embeddable":true,"href":"https:\/\/vosgesinfo.fr\/saintdieinfo\/wp-json\/wp\/v2\/categories?post=72438"},{"taxonomy":"post_tag","embeddable":true,"href":"https:\/\/vosgesinfo.fr\/saintdieinfo\/wp-json\/wp\/v2\/tags?post=72438"}],"curies":[{"name":"wp","href":"https:\/\/api.w.org\/{rel}","templated":true}]}}