{"id":72497,"date":"2025-01-08T09:40:26","date_gmt":"2025-01-08T08:40:26","guid":{"rendered":"https:\/\/vosgesinfo.fr\/saintdieinfo\/?p=72497"},"modified":"2025-01-08T10:18:20","modified_gmt":"2025-01-08T09:18:20","slug":"les-participants-au-defile-de-la-saint-nicolas-de-saint-die-des-vosges-remercies","status":"publish","type":"post","link":"https:\/\/vosgesinfo.fr\/saintdieinfo\/2025\/01\/les-participants-au-defile-de-la-saint-nicolas-de-saint-die-des-vosges-remercies\/","title":{"rendered":"Les participants au d\u00e9fil\u00e9 de la Saint-Nicolas de Saint-Di\u00e9-des-Vosges remerci\u00e9s"},"content":{"rendered":"<div id=\"attachment_72501\" style=\"width: 1034px\" class=\"wp-caption alignnone\"><a href=\"https:\/\/vosgesinfo.fr\/app\/uploads\/sites\/4\/2025\/01\/remerciements-participants-defile-saint-nicolas-2-scaled.jpg\"><img decoding=\"async\" aria-describedby=\"caption-attachment-72501\" class=\"wp-image-72501 size-large\" src=\"https:\/\/vosgesinfo.fr\/app\/uploads\/sites\/4\/2025\/01\/remerciements-participants-defile-saint-nicolas-2-1024x771.jpg\" alt=\"\" width=\"1024\" height=\"771\" srcset=\"https:\/\/vosgesinfo.fr\/app\/uploads\/sites\/4\/2025\/01\/remerciements-participants-defile-saint-nicolas-2-1024x771.jpg 1024w, https:\/\/vosgesinfo.fr\/app\/uploads\/sites\/4\/2025\/01\/remerciements-participants-defile-saint-nicolas-2-300x226.jpg 300w, https:\/\/vosgesinfo.fr\/app\/uploads\/sites\/4\/2025\/01\/remerciements-participants-defile-saint-nicolas-2-768x578.jpg 768w, https:\/\/vosgesinfo.fr\/app\/uploads\/sites\/4\/2025\/01\/remerciements-participants-defile-saint-nicolas-2-1536x1157.jpg 1536w, https:\/\/vosgesinfo.fr\/app\/uploads\/sites\/4\/2025\/01\/remerciements-participants-defile-saint-nicolas-2-2048x1542.jpg 2048w\" sizes=\"(max-width: 1024px) 100vw, 1024px\" \/><\/a><p id=\"caption-attachment-72501\" class=\"wp-caption-text\">Le maire Bruno Toussaint entour\u00e9, de gauche \u00e0 droite, de la conseill\u00e8re municipale Catherine Viry, de l&rsquo;adjointe Dominique Chobaut, de la conseill\u00e8re municipale Fran\u00e7ois Legrand et de l&rsquo;adjoint Mustafa Guglu.<\/p><\/div>\n<h2><a href=\"https:\/\/vosgesinfo.fr\/saintdieinfo\/2024\/12\/revivez-en-images-et-video-le-defile-de-la-saint-nicolas-de-saint-die-des-vosges\/\" target=\"_blank\" rel=\"noopener\">Le samedi 7 d\u00e9cembre dernier, Saint Nicolas a d\u00e9fil\u00e9 dans les rues d\u00e9odatiennes, acclam\u00e9 sur son passage par des milliers de personnes tout au long de son parcours.<\/a> Le Saint Patron des Lorrains \u00e9tait accompagn\u00e9 de son grand cort\u00e8ge de 21 chars, fanfares, groupes et danse et autres majorettes.<\/h2>\n<p><!--more--><\/p>\n<p>Au total, ce sont pas moins de 1500 personnes et 36 associations qui ont pris part au dernier d\u00e9fil\u00e9 de la Saint-Nicolas \u00e0 Saint-Di\u00e9-des-Vosges, qui a beaucoup plu aux spectateurs, petits et grands. C&rsquo;est pour remercier celles et ceux qui se sont impliqu\u00e9s dans la r\u00e9ussite de ce temps fort de la fin d&rsquo;ann\u00e9e d\u00e9odatienne que la Municipalit\u00e9 a organis\u00e9 un pot de remerciements, hier mardi soir au Grand Salon de l&rsquo;H\u00f4tel de Ville.<\/p>\n<p>\u00ab\u00a0Vous avez \u00e9t\u00e9 tous vraiment formidables.Maintenant il s&rsquo;agira de faire encore mieux cette ann\u00e9e, mais ce sera difficile vu la qualit\u00e9 du d\u00e9fil\u00e9 2024. Il y a encore quelques petits points \u00e0 am\u00e9liorer, avec notamment la mise en place de fiches de t\u00e2ches\u00a0\u00bb a d\u00e9clar\u00e9 le maire Bruno Toussaint, avant d&rsquo;inviter l&rsquo;assembl\u00e9e \u00e0 partager le verre de l&rsquo;amiti\u00e9.<\/p>\n<p>J.J.<\/p>\n\n\t\t<style type=\"text\/css\">\n\t\t\t#gallery-1 {\n\t\t\t\tmargin: auto;\n\t\t\t}\n\t\t\t#gallery-1 .gallery-item {\n\t\t\t\tfloat: left;\n\t\t\t\tmargin-top: 10px;\n\t\t\t\ttext-align: center;\n\t\t\t\twidth: 33%;\n\t\t\t}\n\t\t\t#gallery-1 img {\n\t\t\t\tborder: 2px solid #cfcfcf;\n\t\t\t}\n\t\t\t#gallery-1 .gallery-caption {\n\t\t\t\tmargin-left: 0;\n\t\t\t}\n\t\t\t\/* see gallery_shortcode() in wp-includes\/media.php *\/\n\t\t<\/style>\n\t\t<div id='gallery-1' class='gallery galleryid-72497 gallery-columns-3 gallery-size-thumbnail'><dl class='gallery-item'>\n\t\t\t<dt class='gallery-icon landscape'>\n\t\t\t\t<a href='https:\/\/vosgesinfo.fr\/app\/uploads\/sites\/4\/2025\/01\/remerciements-participants-defile-saint-nicolas-3-scaled.jpg'><img decoding=\"async\" width=\"150\" height=\"150\" src=\"https:\/\/vosgesinfo.fr\/app\/uploads\/sites\/4\/2025\/01\/remerciements-participants-defile-saint-nicolas-3-150x150.jpg\" class=\"attachment-thumbnail size-thumbnail\" alt=\"\" \/><\/a>\n\t\t\t<\/dt><\/dl><dl class='gallery-item'>\n\t\t\t<dt class='gallery-icon landscape'>\n\t\t\t\t<a href='https:\/\/vosgesinfo.fr\/app\/uploads\/sites\/4\/2025\/01\/remerciements-participants-defile-saint-nicolas-1-scaled.jpg'><img decoding=\"async\" width=\"150\" height=\"150\" src=\"https:\/\/vosgesinfo.fr\/app\/uploads\/sites\/4\/2025\/01\/remerciements-participants-defile-saint-nicolas-1-150x150.jpg\" class=\"attachment-thumbnail size-thumbnail\" alt=\"\" \/><\/a>\n\t\t\t<\/dt><\/dl><dl class='gallery-item'>\n\t\t\t<dt class='gallery-icon landscape'>\n\t\t\t\t<a href='https:\/\/vosgesinfo.fr\/app\/uploads\/sites\/4\/2025\/01\/remerciements-participants-defile-saint-nicolas-4-scaled.jpg'><img decoding=\"async\" width=\"150\" height=\"150\" src=\"https:\/\/vosgesinfo.fr\/app\/uploads\/sites\/4\/2025\/01\/remerciements-participants-defile-saint-nicolas-4-150x150.jpg\" class=\"attachment-thumbnail size-thumbnail\" alt=\"\" \/><\/a>\n\t\t\t<\/dt><\/dl><br style=\"clear: both\" \/>\n\t\t<\/div>\n\n","protected":false},"excerpt":{"rendered":"<p>Le samedi 7 d\u00e9cembre dernier, Saint Nicolas a d\u00e9fil\u00e9 dans les rues d\u00e9odatiennes, acclam\u00e9 sur son passage par des milliers [&hellip;]<\/p>\n","protected":false},"author":46,"featured_media":72501,"comment_status":"open","ping_status":"open","sticky":false,"template":"","format":"standard","meta":{"footnotes":""},"categories":[460,20,167,17],"tags":[3724,3318,5953,2711],"class_list":["post-72497","post","type-post","status-publish","format-standard","has-post-thumbnail","hentry","category-a-la-une","category-loisirs","category-saint-die-des-vosges","category-vie-associative","tag-defile-de-la-saint-nicolas-a-saint-die-des-vosges","tag-grand-salon-de-lhotel-de-ville","tag-municipalite-de-saint-die-des-vosges","tag-saint-nicolas"],"acf":[],"yoast_head":"<!-- This site is optimized with the Yoast SEO plugin v22.5 - https:\/\/yoast.com\/wordpress\/plugins\/seo\/ -->\n<title>Les participants au d\u00e9fil\u00e9 de la Saint-Nicolas de Saint-Di\u00e9-des-Vosges remerci\u00e9s - Saint Die Info<\/title>\n<meta name=\"robots\" content=\"index, follow, max-snippet:-1, max-image-preview:large, max-video-preview:-1\" \/>\n<link rel=\"canonical\" href=\"https:\/\/vosgesinfo.fr\/saintdieinfo\/2025\/01\/les-participants-au-defile-de-la-saint-nicolas-de-saint-die-des-vosges-remercies\/\" \/>\n<meta name=\"twitter:card\" content=\"summary_large_image\" \/>\n<meta name=\"twitter:title\" content=\"Les participants au d\u00e9fil\u00e9 de la Saint-Nicolas de Saint-Di\u00e9-des-Vosges remerci\u00e9s - Saint Die Info\" \/>\n<meta name=\"twitter:description\" content=\"Le samedi 7 d\u00e9cembre dernier, Saint Nicolas a d\u00e9fil\u00e9 dans les rues d\u00e9odatiennes, acclam\u00e9 sur son passage par des milliers [&hellip;]\" \/>\n<meta name=\"twitter:image\" content=\"https:\/\/vosgesinfo.fr\/app\/uploads\/sites\/4\/2025\/01\/remerciements-participants-defile-saint-nicolas-2-scaled.jpg\" \/>\n<meta name=\"twitter:creator\" content=\"@VosgesInfo88\" \/>\n<meta name=\"twitter:site\" content=\"@VosgesInfo88\" \/>\n<meta name=\"twitter:label1\" content=\"\u00c9crit par\" \/>\n\t<meta name=\"twitter:data1\" content=\"J.J.\" \/>\n\t<meta name=\"twitter:label2\" content=\"Dur\u00e9e de lecture estim\u00e9e\" \/>\n\t<meta name=\"twitter:data2\" content=\"2 minutes\" \/>\n<script type=\"application\/ld+json\" class=\"yoast-schema-graph\">{\"@context\":\"https:\/\/schema.org\",\"@graph\":[{\"@type\":\"Article\",\"@id\":\"https:\/\/vosgesinfo.fr\/saintdieinfo\/2025\/01\/les-participants-au-defile-de-la-saint-nicolas-de-saint-die-des-vosges-remercies\/#article\",\"isPartOf\":{\"@id\":\"https:\/\/vosgesinfo.fr\/saintdieinfo\/2025\/01\/les-participants-au-defile-de-la-saint-nicolas-de-saint-die-des-vosges-remercies\/\"},\"author\":{\"name\":\"J.J.\",\"@id\":\"https:\/\/vosgesinfo.fr\/saintdieinfo\/#\/schema\/person\/fa73e9f726d67bb88f46d5b7943cb572\"},\"headline\":\"Les participants au d\u00e9fil\u00e9 de la Saint-Nicolas de Saint-Di\u00e9-des-Vosges remerci\u00e9s\",\"datePublished\":\"2025-01-08T08:40:26+00:00\",\"dateModified\":\"2025-01-08T09:18:20+00:00\",\"mainEntityOfPage\":{\"@id\":\"https:\/\/vosgesinfo.fr\/saintdieinfo\/2025\/01\/les-participants-au-defile-de-la-saint-nicolas-de-saint-die-des-vosges-remercies\/\"},\"wordCount\":258,\"commentCount\":0,\"publisher\":{\"@id\":\"https:\/\/vosgesinfo.fr\/saintdieinfo\/#organization\"},\"image\":{\"@id\":\"https:\/\/vosgesinfo.fr\/saintdieinfo\/2025\/01\/les-participants-au-defile-de-la-saint-nicolas-de-saint-die-des-vosges-remercies\/#primaryimage\"},\"thumbnailUrl\":\"https:\/\/vosgesinfo.fr\/app\/uploads\/sites\/4\/2025\/01\/remerciements-participants-defile-saint-nicolas-2-scaled.jpg\",\"keywords\":[\"D\u00e9fil\u00e9 de la Saint-Nicolas \u00e0 Saint-Di\u00e9-des-Vosges\",\"Grand Salon de l'H\u00f4tel de Ville\",\"Municipalit\u00e9 de Saint-Di\u00e9-des-Vosges\",\"Saint-Nicolas\"],\"articleSection\":[\"A la Une\",\"Loisirs\",\"Saint-Di\u00e9-des-Vosges\",\"Vie Associative\"],\"inLanguage\":\"fr-FR\",\"potentialAction\":[{\"@type\":\"CommentAction\",\"name\":\"Comment\",\"target\":[\"https:\/\/vosgesinfo.fr\/saintdieinfo\/2025\/01\/les-participants-au-defile-de-la-saint-nicolas-de-saint-die-des-vosges-remercies\/#respond\"]}]},{\"@type\":\"WebPage\",\"@id\":\"https:\/\/vosgesinfo.fr\/saintdieinfo\/2025\/01\/les-participants-au-defile-de-la-saint-nicolas-de-saint-die-des-vosges-remercies\/\",\"url\":\"https:\/\/vosgesinfo.fr\/saintdieinfo\/2025\/01\/les-participants-au-defile-de-la-saint-nicolas-de-saint-die-des-vosges-remercies\/\",\"name\":\"Les participants au d\u00e9fil\u00e9 de la Saint-Nicolas de Saint-Di\u00e9-des-Vosges remerci\u00e9s - Saint Die Info\",\"isPartOf\":{\"@id\":\"https:\/\/vosgesinfo.fr\/saintdieinfo\/#website\"},\"primaryImageOfPage\":{\"@id\":\"https:\/\/vosgesinfo.fr\/saintdieinfo\/2025\/01\/les-participants-au-defile-de-la-saint-nicolas-de-saint-die-des-vosges-remercies\/#primaryimage\"},\"image\":{\"@id\":\"https:\/\/vosgesinfo.fr\/saintdieinfo\/2025\/01\/les-participants-au-defile-de-la-saint-nicolas-de-saint-die-des-vosges-remercies\/#primaryimage\"},\"thumbnailUrl\":\"https:\/\/vosgesinfo.fr\/app\/uploads\/sites\/4\/2025\/01\/remerciements-participants-defile-saint-nicolas-2-scaled.jpg\",\"datePublished\":\"2025-01-08T08:40:26+00:00\",\"dateModified\":\"2025-01-08T09:18:20+00:00\",\"breadcrumb\":{\"@id\":\"https:\/\/vosgesinfo.fr\/saintdieinfo\/2025\/01\/les-participants-au-defile-de-la-saint-nicolas-de-saint-die-des-vosges-remercies\/#breadcrumb\"},\"inLanguage\":\"fr-FR\",\"potentialAction\":[{\"@type\":\"ReadAction\",\"target\":[\"https:\/\/vosgesinfo.fr\/saintdieinfo\/2025\/01\/les-participants-au-defile-de-la-saint-nicolas-de-saint-die-des-vosges-remercies\/\"]}]},{\"@type\":\"ImageObject\",\"inLanguage\":\"fr-FR\",\"@id\":\"https:\/\/vosgesinfo.fr\/saintdieinfo\/2025\/01\/les-participants-au-defile-de-la-saint-nicolas-de-saint-die-des-vosges-remercies\/#primaryimage\",\"url\":\"https:\/\/vosgesinfo.fr\/app\/uploads\/sites\/4\/2025\/01\/remerciements-participants-defile-saint-nicolas-2-scaled.jpg\",\"contentUrl\":\"https:\/\/vosgesinfo.fr\/app\/uploads\/sites\/4\/2025\/01\/remerciements-participants-defile-saint-nicolas-2-scaled.jpg\",\"width\":2560,\"height\":1928},{\"@type\":\"BreadcrumbList\",\"@id\":\"https:\/\/vosgesinfo.fr\/saintdieinfo\/2025\/01\/les-participants-au-defile-de-la-saint-nicolas-de-saint-die-des-vosges-remercies\/#breadcrumb\",\"itemListElement\":[{\"@type\":\"ListItem\",\"position\":1,\"name\":\"Home\",\"item\":\"https:\/\/vosgesinfo.fr\/saintdieinfo\/\"},{\"@type\":\"ListItem\",\"position\":2,\"name\":\"Les participants au d\u00e9fil\u00e9 de la Saint-Nicolas de Saint-Di\u00e9-des-Vosges remerci\u00e9s\"}]},{\"@type\":\"WebSite\",\"@id\":\"https:\/\/vosgesinfo.fr\/saintdieinfo\/#website\",\"url\":\"https:\/\/vosgesinfo.fr\/saintdieinfo\/\",\"name\":\"Saint Die Info\",\"description\":\"Toute l&#039;actualit\u00e9 de Saint-Di\u00e9-Des-Vosges\",\"publisher\":{\"@id\":\"https:\/\/vosgesinfo.fr\/saintdieinfo\/#organization\"},\"alternateName\":\"Toute l'actualit\u00e9 de Saint-Di\u00e9-Des-Vosges\",\"potentialAction\":[{\"@type\":\"SearchAction\",\"target\":{\"@type\":\"EntryPoint\",\"urlTemplate\":\"https:\/\/vosgesinfo.fr\/saintdieinfo\/?s={search_term_string}\"},\"query-input\":\"required name=search_term_string\"}],\"inLanguage\":\"fr-FR\"},{\"@type\":\"Organization\",\"@id\":\"https:\/\/vosgesinfo.fr\/saintdieinfo\/#organization\",\"name\":\"Saint Die Info\",\"url\":\"https:\/\/vosgesinfo.fr\/saintdieinfo\/\",\"logo\":{\"@type\":\"ImageObject\",\"inLanguage\":\"fr-FR\",\"@id\":\"https:\/\/vosgesinfo.fr\/saintdieinfo\/#\/schema\/logo\/image\/\",\"url\":\"https:\/\/vosgesinfo.fr\/app\/uploads\/sites\/4\/2024\/02\/logo-sdi.jpg\",\"contentUrl\":\"https:\/\/vosgesinfo.fr\/app\/uploads\/sites\/4\/2024\/02\/logo-sdi.jpg\",\"width\":600,\"height\":600,\"caption\":\"Saint Die Info\"},\"image\":{\"@id\":\"https:\/\/vosgesinfo.fr\/saintdieinfo\/#\/schema\/logo\/image\/\"},\"sameAs\":[\"https:\/\/www.facebook.com\/Saintdieinfofr\",\"https:\/\/x.com\/VosgesInfo88\",\"https:\/\/www.youtube.com\/@vosgesinfo\"]},{\"@type\":\"Person\",\"@id\":\"https:\/\/vosgesinfo.fr\/saintdieinfo\/#\/schema\/person\/fa73e9f726d67bb88f46d5b7943cb572\",\"name\":\"J.J.\",\"image\":{\"@type\":\"ImageObject\",\"inLanguage\":\"fr-FR\",\"@id\":\"https:\/\/vosgesinfo.fr\/saintdieinfo\/#\/schema\/person\/image\/\",\"url\":\"https:\/\/secure.gravatar.com\/avatar\/219e749e47ffbcca018a360ae4add7d4cdf1cdaaf8bc7676b27efade3fe65615?s=96&d=mm&r=g\",\"contentUrl\":\"https:\/\/secure.gravatar.com\/avatar\/219e749e47ffbcca018a360ae4add7d4cdf1cdaaf8bc7676b27efade3fe65615?s=96&d=mm&r=g\",\"caption\":\"J.J.\"},\"url\":\"https:\/\/vosgesinfo.fr\/saintdieinfo\/author\/j-j\/\"}]}<\/script>\n<!-- \/ Yoast SEO plugin. -->","yoast_head_json":{"title":"Les participants au d\u00e9fil\u00e9 de la Saint-Nicolas de Saint-Di\u00e9-des-Vosges remerci\u00e9s - Saint Die Info","robots":{"index":"index","follow":"follow","max-snippet":"max-snippet:-1","max-image-preview":"max-image-preview:large","max-video-preview":"max-video-preview:-1"},"canonical":"https:\/\/vosgesinfo.fr\/saintdieinfo\/2025\/01\/les-participants-au-defile-de-la-saint-nicolas-de-saint-die-des-vosges-remercies\/","twitter_card":"summary_large_image","twitter_title":"Les participants au d\u00e9fil\u00e9 de la Saint-Nicolas de Saint-Di\u00e9-des-Vosges remerci\u00e9s - Saint Die Info","twitter_description":"Le samedi 7 d\u00e9cembre dernier, Saint Nicolas a d\u00e9fil\u00e9 dans les rues d\u00e9odatiennes, acclam\u00e9 sur son passage par des milliers [&hellip;]","twitter_image":"https:\/\/vosgesinfo.fr\/app\/uploads\/sites\/4\/2025\/01\/remerciements-participants-defile-saint-nicolas-2-scaled.jpg","twitter_creator":"@VosgesInfo88","twitter_site":"@VosgesInfo88","twitter_misc":{"\u00c9crit par":"J.J.","Dur\u00e9e de lecture estim\u00e9e":"2 minutes"},"schema":{"@context":"https:\/\/schema.org","@graph":[{"@type":"Article","@id":"https:\/\/vosgesinfo.fr\/saintdieinfo\/2025\/01\/les-participants-au-defile-de-la-saint-nicolas-de-saint-die-des-vosges-remercies\/#article","isPartOf":{"@id":"https:\/\/vosgesinfo.fr\/saintdieinfo\/2025\/01\/les-participants-au-defile-de-la-saint-nicolas-de-saint-die-des-vosges-remercies\/"},"author":{"name":"J.J.","@id":"https:\/\/vosgesinfo.fr\/saintdieinfo\/#\/schema\/person\/fa73e9f726d67bb88f46d5b7943cb572"},"headline":"Les participants au d\u00e9fil\u00e9 de la Saint-Nicolas de Saint-Di\u00e9-des-Vosges remerci\u00e9s","datePublished":"2025-01-08T08:40:26+00:00","dateModified":"2025-01-08T09:18:20+00:00","mainEntityOfPage":{"@id":"https:\/\/vosgesinfo.fr\/saintdieinfo\/2025\/01\/les-participants-au-defile-de-la-saint-nicolas-de-saint-die-des-vosges-remercies\/"},"wordCount":258,"commentCount":0,"publisher":{"@id":"https:\/\/vosgesinfo.fr\/saintdieinfo\/#organization"},"image":{"@id":"https:\/\/vosgesinfo.fr\/saintdieinfo\/2025\/01\/les-participants-au-defile-de-la-saint-nicolas-de-saint-die-des-vosges-remercies\/#primaryimage"},"thumbnailUrl":"https:\/\/vosgesinfo.fr\/app\/uploads\/sites\/4\/2025\/01\/remerciements-participants-defile-saint-nicolas-2-scaled.jpg","keywords":["D\u00e9fil\u00e9 de la Saint-Nicolas \u00e0 Saint-Di\u00e9-des-Vosges","Grand Salon de l'H\u00f4tel de Ville","Municipalit\u00e9 de Saint-Di\u00e9-des-Vosges","Saint-Nicolas"],"articleSection":["A la Une","Loisirs","Saint-Di\u00e9-des-Vosges","Vie Associative"],"inLanguage":"fr-FR","potentialAction":[{"@type":"CommentAction","name":"Comment","target":["https:\/\/vosgesinfo.fr\/saintdieinfo\/2025\/01\/les-participants-au-defile-de-la-saint-nicolas-de-saint-die-des-vosges-remercies\/#respond"]}]},{"@type":"WebPage","@id":"https:\/\/vosgesinfo.fr\/saintdieinfo\/2025\/01\/les-participants-au-defile-de-la-saint-nicolas-de-saint-die-des-vosges-remercies\/","url":"https:\/\/vosgesinfo.fr\/saintdieinfo\/2025\/01\/les-participants-au-defile-de-la-saint-nicolas-de-saint-die-des-vosges-remercies\/","name":"Les participants au d\u00e9fil\u00e9 de la Saint-Nicolas de Saint-Di\u00e9-des-Vosges remerci\u00e9s - Saint Die Info","isPartOf":{"@id":"https:\/\/vosgesinfo.fr\/saintdieinfo\/#website"},"primaryImageOfPage":{"@id":"https:\/\/vosgesinfo.fr\/saintdieinfo\/2025\/01\/les-participants-au-defile-de-la-saint-nicolas-de-saint-die-des-vosges-remercies\/#primaryimage"},"image":{"@id":"https:\/\/vosgesinfo.fr\/saintdieinfo\/2025\/01\/les-participants-au-defile-de-la-saint-nicolas-de-saint-die-des-vosges-remercies\/#primaryimage"},"thumbnailUrl":"https:\/\/vosgesinfo.fr\/app\/uploads\/sites\/4\/2025\/01\/remerciements-participants-defile-saint-nicolas-2-scaled.jpg","datePublished":"2025-01-08T08:40:26+00:00","dateModified":"2025-01-08T09:18:20+00:00","breadcrumb":{"@id":"https:\/\/vosgesinfo.fr\/saintdieinfo\/2025\/01\/les-participants-au-defile-de-la-saint-nicolas-de-saint-die-des-vosges-remercies\/#breadcrumb"},"inLanguage":"fr-FR","potentialAction":[{"@type":"ReadAction","target":["https:\/\/vosgesinfo.fr\/saintdieinfo\/2025\/01\/les-participants-au-defile-de-la-saint-nicolas-de-saint-die-des-vosges-remercies\/"]}]},{"@type":"ImageObject","inLanguage":"fr-FR","@id":"https:\/\/vosgesinfo.fr\/saintdieinfo\/2025\/01\/les-participants-au-defile-de-la-saint-nicolas-de-saint-die-des-vosges-remercies\/#primaryimage","url":"https:\/\/vosgesinfo.fr\/app\/uploads\/sites\/4\/2025\/01\/remerciements-participants-defile-saint-nicolas-2-scaled.jpg","contentUrl":"https:\/\/vosgesinfo.fr\/app\/uploads\/sites\/4\/2025\/01\/remerciements-participants-defile-saint-nicolas-2-scaled.jpg","width":2560,"height":1928},{"@type":"BreadcrumbList","@id":"https:\/\/vosgesinfo.fr\/saintdieinfo\/2025\/01\/les-participants-au-defile-de-la-saint-nicolas-de-saint-die-des-vosges-remercies\/#breadcrumb","itemListElement":[{"@type":"ListItem","position":1,"name":"Home","item":"https:\/\/vosgesinfo.fr\/saintdieinfo\/"},{"@type":"ListItem","position":2,"name":"Les participants au d\u00e9fil\u00e9 de la Saint-Nicolas de Saint-Di\u00e9-des-Vosges remerci\u00e9s"}]},{"@type":"WebSite","@id":"https:\/\/vosgesinfo.fr\/saintdieinfo\/#website","url":"https:\/\/vosgesinfo.fr\/saintdieinfo\/","name":"Saint Die Info","description":"Toute l&#039;actualit\u00e9 de Saint-Di\u00e9-Des-Vosges","publisher":{"@id":"https:\/\/vosgesinfo.fr\/saintdieinfo\/#organization"},"alternateName":"Toute l'actualit\u00e9 de Saint-Di\u00e9-Des-Vosges","potentialAction":[{"@type":"SearchAction","target":{"@type":"EntryPoint","urlTemplate":"https:\/\/vosgesinfo.fr\/saintdieinfo\/?s={search_term_string}"},"query-input":"required name=search_term_string"}],"inLanguage":"fr-FR"},{"@type":"Organization","@id":"https:\/\/vosgesinfo.fr\/saintdieinfo\/#organization","name":"Saint Die Info","url":"https:\/\/vosgesinfo.fr\/saintdieinfo\/","logo":{"@type":"ImageObject","inLanguage":"fr-FR","@id":"https:\/\/vosgesinfo.fr\/saintdieinfo\/#\/schema\/logo\/image\/","url":"https:\/\/vosgesinfo.fr\/app\/uploads\/sites\/4\/2024\/02\/logo-sdi.jpg","contentUrl":"https:\/\/vosgesinfo.fr\/app\/uploads\/sites\/4\/2024\/02\/logo-sdi.jpg","width":600,"height":600,"caption":"Saint Die Info"},"image":{"@id":"https:\/\/vosgesinfo.fr\/saintdieinfo\/#\/schema\/logo\/image\/"},"sameAs":["https:\/\/www.facebook.com\/Saintdieinfofr","https:\/\/x.com\/VosgesInfo88","https:\/\/www.youtube.com\/@vosgesinfo"]},{"@type":"Person","@id":"https:\/\/vosgesinfo.fr\/saintdieinfo\/#\/schema\/person\/fa73e9f726d67bb88f46d5b7943cb572","name":"J.J.","image":{"@type":"ImageObject","inLanguage":"fr-FR","@id":"https:\/\/vosgesinfo.fr\/saintdieinfo\/#\/schema\/person\/image\/","url":"https:\/\/secure.gravatar.com\/avatar\/219e749e47ffbcca018a360ae4add7d4cdf1cdaaf8bc7676b27efade3fe65615?s=96&d=mm&r=g","contentUrl":"https:\/\/secure.gravatar.com\/avatar\/219e749e47ffbcca018a360ae4add7d4cdf1cdaaf8bc7676b27efade3fe65615?s=96&d=mm&r=g","caption":"J.J."},"url":"https:\/\/vosgesinfo.fr\/saintdieinfo\/author\/j-j\/"}]}},"_links":{"self":[{"href":"https:\/\/vosgesinfo.fr\/saintdieinfo\/wp-json\/wp\/v2\/posts\/72497","targetHints":{"allow":["GET"]}}],"collection":[{"href":"https:\/\/vosgesinfo.fr\/saintdieinfo\/wp-json\/wp\/v2\/posts"}],"about":[{"href":"https:\/\/vosgesinfo.fr\/saintdieinfo\/wp-json\/wp\/v2\/types\/post"}],"author":[{"embeddable":true,"href":"https:\/\/vosgesinfo.fr\/saintdieinfo\/wp-json\/wp\/v2\/users\/46"}],"replies":[{"embeddable":true,"href":"https:\/\/vosgesinfo.fr\/saintdieinfo\/wp-json\/wp\/v2\/comments?post=72497"}],"version-history":[{"count":3,"href":"https:\/\/vosgesinfo.fr\/saintdieinfo\/wp-json\/wp\/v2\/posts\/72497\/revisions"}],"predecessor-version":[{"id":72507,"href":"https:\/\/vosgesinfo.fr\/saintdieinfo\/wp-json\/wp\/v2\/posts\/72497\/revisions\/72507"}],"wp:featuredmedia":[{"embeddable":true,"href":"https:\/\/vosgesinfo.fr\/saintdieinfo\/wp-json\/wp\/v2\/media\/72501"}],"wp:attachment":[{"href":"https:\/\/vosgesinfo.fr\/saintdieinfo\/wp-json\/wp\/v2\/media?parent=72497"}],"wp:term":[{"taxonomy":"category","embeddable":true,"href":"https:\/\/vosgesinfo.fr\/saintdieinfo\/wp-json\/wp\/v2\/categories?post=72497"},{"taxonomy":"post_tag","embeddable":true,"href":"https:\/\/vosgesinfo.fr\/saintdieinfo\/wp-json\/wp\/v2\/tags?post=72497"}],"curies":[{"name":"wp","href":"https:\/\/api.w.org\/{rel}","templated":true}]}}