{"id":72513,"date":"2025-01-08T12:18:26","date_gmt":"2025-01-08T11:18:26","guid":{"rendered":"https:\/\/vosgesinfo.fr\/saintdieinfo\/?p=72513"},"modified":"2025-01-08T12:08:11","modified_gmt":"2025-01-08T11:08:11","slug":"atelier-decoute-en-foret-avec-lartiste-julien-carpentier","status":"publish","type":"post","link":"https:\/\/vosgesinfo.fr\/saintdieinfo\/2025\/01\/atelier-decoute-en-foret-avec-lartiste-julien-carpentier\/","title":{"rendered":"Atelier d&rsquo;\u00e9coute en for\u00eat avec l&rsquo;artiste Julien Carpentier"},"content":{"rendered":"<h2>Pour son premier temps fort de 2025, l&rsquo;Atelier Faires organise un atelier d&rsquo;\u00e9coute en for\u00eat, qui aura lieu de 10h \u00e0 12h le samedi 25 janvier \u00e0 la vierge de Hennef\u00eate, entre Corcieux et Anould. La marche est facile et tous publics (les enfants doivent \u00eatre accompagn\u00e9s).<\/h2>\n<p><!--more--><\/p>\n<p>\u00ab L&rsquo;atelier d\u2019\u00e9coute en for\u00eat, pour partir \u00e0 la (re)d\u00e9couverte des sons environnants. Nous nous amuserons \u00e0 modeler notre \u00e9coute en utilisant nos voix, nos mains, et notre imagination, et pourrons \u00e9galement nous aider de diff\u00e9rents micros pour capter ceux qui \u00e9chappent \u00e0 nos oreilles\u00a0\u00bb explique l&rsquo;artiste Claire Hannicq, co-fondatrice de l&rsquo;Atelier Faires.<\/p>\n<p>Cet atelier est une premi\u00e8re rencontre, en vue du Carnaval de la For\u00eat qui aura lieu le 22 mars prochain \u00e0 l&rsquo;antenne fraxinienne d&rsquo;Emma\u00fcs 88. Les sons qui seront collect\u00e9s lors de l&rsquo;atelier d&rsquo;\u00e9coute seront utilis\u00e9s lors de la parade. Ils pourront \u00eatre ainsi mont\u00e9s lors d&rsquo;un second atelier d&rsquo;\u00e9coute et de mixage, qui se tiendra samedi 15 f\u00e9vrier, de 14h \u00e0 16h, \u00e0 Fraize au Conservatoire de musique Olivier-Douchain. Ce second atelier sera ouvert \u00e0 tous, sans n\u00e9cessit\u00e9 d&rsquo;avoir assist\u00e9 au pr\u00e9alable au premier atelier.<\/p>\n<p>L&rsquo;aliter d&rsquo;\u00e9coute du 25 janvier sera encadr\u00e9 par Julien Carpentier, artiste visuel et sonore qui sera en r\u00e9sidence \u00e0 Faires jusqu&rsquo;au Carnaval : <a href=\"https:\/\/juliencarpentier.com\/\">https:\/\/juliencarpentier.com\/<\/a><\/p>\n<p><a href=\"https:\/\/vosgesinfo.fr\/app\/uploads\/sites\/4\/2025\/01\/atelier-ecoute-foret.jpg\"><img decoding=\"async\" class=\"alignnone size-large wp-image-72514\" src=\"https:\/\/vosgesinfo.fr\/app\/uploads\/sites\/4\/2025\/01\/atelier-ecoute-foret-1024x1024.jpg\" alt=\"\" width=\"1024\" height=\"1024\" srcset=\"https:\/\/vosgesinfo.fr\/app\/uploads\/sites\/4\/2025\/01\/atelier-ecoute-foret-1024x1024.jpg 1024w, https:\/\/vosgesinfo.fr\/app\/uploads\/sites\/4\/2025\/01\/atelier-ecoute-foret-300x300.jpg 300w, https:\/\/vosgesinfo.fr\/app\/uploads\/sites\/4\/2025\/01\/atelier-ecoute-foret-150x150.jpg 150w, https:\/\/vosgesinfo.fr\/app\/uploads\/sites\/4\/2025\/01\/atelier-ecoute-foret-768x768.jpg 768w, https:\/\/vosgesinfo.fr\/app\/uploads\/sites\/4\/2025\/01\/atelier-ecoute-foret.jpg 1440w\" sizes=\"(max-width: 1024px) 100vw, 1024px\" \/><\/a><\/p>\n","protected":false},"excerpt":{"rendered":"<p>Pour son premier temps fort de 2025, l&rsquo;Atelier Faires organise un atelier d&rsquo;\u00e9coute en for\u00eat, qui aura lieu de 10h [&hellip;]<\/p>\n","protected":false},"author":46,"featured_media":72514,"comment_status":"open","ping_status":"open","sticky":false,"template":"","format":"standard","meta":{"footnotes":""},"categories":[460,8019,3903,5391,17],"tags":[3927,15721,15718,3938,1824,2927,15719,15720],"class_list":["post-72513","post","type-post","status-publish","format-standard","has-post-thumbnail","hentry","category-a-la-une","category-vie-artistique-art-culture","category-deodatie","category-gerardmer","category-vie-associative","tag-anould","tag-atelier-decoute-en-foret-avec-lartiste-julien-carpentier","tag-atelier-faires","tag-claire-hannicq","tag-corcieux","tag-fraize","tag-julien-carpentier","tag-vierge-de-hennefete"],"acf":[],"yoast_head":"<!-- This site is optimized with the Yoast SEO plugin v22.5 - https:\/\/yoast.com\/wordpress\/plugins\/seo\/ -->\n<title>Atelier d&#039;\u00e9coute en for\u00eat avec l&#039;artiste Julien Carpentier - Saint Die Info<\/title>\n<meta name=\"robots\" content=\"index, follow, max-snippet:-1, max-image-preview:large, max-video-preview:-1\" \/>\n<link rel=\"canonical\" href=\"https:\/\/vosgesinfo.fr\/saintdieinfo\/2025\/01\/atelier-decoute-en-foret-avec-lartiste-julien-carpentier\/\" \/>\n<meta name=\"twitter:card\" content=\"summary_large_image\" \/>\n<meta name=\"twitter:title\" content=\"Atelier d&#039;\u00e9coute en for\u00eat avec l&#039;artiste Julien Carpentier - Saint Die Info\" \/>\n<meta name=\"twitter:description\" content=\"Pour son premier temps fort de 2025, l&rsquo;Atelier Faires organise un atelier d&rsquo;\u00e9coute en for\u00eat, qui aura lieu de 10h [&hellip;]\" \/>\n<meta name=\"twitter:image\" content=\"https:\/\/vosgesinfo.fr\/app\/uploads\/sites\/4\/2025\/01\/atelier-ecoute-foret.jpg\" \/>\n<meta name=\"twitter:creator\" content=\"@VosgesInfo88\" \/>\n<meta name=\"twitter:site\" content=\"@VosgesInfo88\" \/>\n<meta name=\"twitter:label1\" content=\"\u00c9crit par\" \/>\n\t<meta name=\"twitter:data1\" content=\"J.J.\" \/>\n\t<meta name=\"twitter:label2\" content=\"Dur\u00e9e de lecture estim\u00e9e\" \/>\n\t<meta name=\"twitter:data2\" content=\"1 minute\" \/>\n<script type=\"application\/ld+json\" class=\"yoast-schema-graph\">{\"@context\":\"https:\/\/schema.org\",\"@graph\":[{\"@type\":\"Article\",\"@id\":\"https:\/\/vosgesinfo.fr\/saintdieinfo\/2025\/01\/atelier-decoute-en-foret-avec-lartiste-julien-carpentier\/#article\",\"isPartOf\":{\"@id\":\"https:\/\/vosgesinfo.fr\/saintdieinfo\/2025\/01\/atelier-decoute-en-foret-avec-lartiste-julien-carpentier\/\"},\"author\":{\"name\":\"J.J.\",\"@id\":\"https:\/\/vosgesinfo.fr\/saintdieinfo\/#\/schema\/person\/fa73e9f726d67bb88f46d5b7943cb572\"},\"headline\":\"Atelier d&rsquo;\u00e9coute en for\u00eat avec l&rsquo;artiste Julien Carpentier\",\"datePublished\":\"2025-01-08T11:18:26+00:00\",\"dateModified\":\"2025-01-08T11:08:11+00:00\",\"mainEntityOfPage\":{\"@id\":\"https:\/\/vosgesinfo.fr\/saintdieinfo\/2025\/01\/atelier-decoute-en-foret-avec-lartiste-julien-carpentier\/\"},\"wordCount\":238,\"commentCount\":0,\"publisher\":{\"@id\":\"https:\/\/vosgesinfo.fr\/saintdieinfo\/#organization\"},\"image\":{\"@id\":\"https:\/\/vosgesinfo.fr\/saintdieinfo\/2025\/01\/atelier-decoute-en-foret-avec-lartiste-julien-carpentier\/#primaryimage\"},\"thumbnailUrl\":\"https:\/\/vosgesinfo.fr\/app\/uploads\/sites\/4\/2025\/01\/atelier-ecoute-foret.jpg\",\"keywords\":[\"Anould\",\"Atelier d'\u00e9coute en for\u00eat avec l'artiste Julien Carpentier\",\"Atelier Faires\",\"Claire Hannicq\",\"Corcieux\",\"Fraize\",\"Julien Carpentier\",\"Vierge de Hennef\u00eate\"],\"articleSection\":[\"A la Une\",\"Art\",\"D\u00e9odatie\",\"Gerardmer\",\"Vie Associative\"],\"inLanguage\":\"fr-FR\",\"potentialAction\":[{\"@type\":\"CommentAction\",\"name\":\"Comment\",\"target\":[\"https:\/\/vosgesinfo.fr\/saintdieinfo\/2025\/01\/atelier-decoute-en-foret-avec-lartiste-julien-carpentier\/#respond\"]}]},{\"@type\":\"WebPage\",\"@id\":\"https:\/\/vosgesinfo.fr\/saintdieinfo\/2025\/01\/atelier-decoute-en-foret-avec-lartiste-julien-carpentier\/\",\"url\":\"https:\/\/vosgesinfo.fr\/saintdieinfo\/2025\/01\/atelier-decoute-en-foret-avec-lartiste-julien-carpentier\/\",\"name\":\"Atelier d'\u00e9coute en for\u00eat avec l'artiste Julien Carpentier - Saint Die Info\",\"isPartOf\":{\"@id\":\"https:\/\/vosgesinfo.fr\/saintdieinfo\/#website\"},\"primaryImageOfPage\":{\"@id\":\"https:\/\/vosgesinfo.fr\/saintdieinfo\/2025\/01\/atelier-decoute-en-foret-avec-lartiste-julien-carpentier\/#primaryimage\"},\"image\":{\"@id\":\"https:\/\/vosgesinfo.fr\/saintdieinfo\/2025\/01\/atelier-decoute-en-foret-avec-lartiste-julien-carpentier\/#primaryimage\"},\"thumbnailUrl\":\"https:\/\/vosgesinfo.fr\/app\/uploads\/sites\/4\/2025\/01\/atelier-ecoute-foret.jpg\",\"datePublished\":\"2025-01-08T11:18:26+00:00\",\"dateModified\":\"2025-01-08T11:08:11+00:00\",\"breadcrumb\":{\"@id\":\"https:\/\/vosgesinfo.fr\/saintdieinfo\/2025\/01\/atelier-decoute-en-foret-avec-lartiste-julien-carpentier\/#breadcrumb\"},\"inLanguage\":\"fr-FR\",\"potentialAction\":[{\"@type\":\"ReadAction\",\"target\":[\"https:\/\/vosgesinfo.fr\/saintdieinfo\/2025\/01\/atelier-decoute-en-foret-avec-lartiste-julien-carpentier\/\"]}]},{\"@type\":\"ImageObject\",\"inLanguage\":\"fr-FR\",\"@id\":\"https:\/\/vosgesinfo.fr\/saintdieinfo\/2025\/01\/atelier-decoute-en-foret-avec-lartiste-julien-carpentier\/#primaryimage\",\"url\":\"https:\/\/vosgesinfo.fr\/app\/uploads\/sites\/4\/2025\/01\/atelier-ecoute-foret.jpg\",\"contentUrl\":\"https:\/\/vosgesinfo.fr\/app\/uploads\/sites\/4\/2025\/01\/atelier-ecoute-foret.jpg\",\"width\":1440,\"height\":1440},{\"@type\":\"BreadcrumbList\",\"@id\":\"https:\/\/vosgesinfo.fr\/saintdieinfo\/2025\/01\/atelier-decoute-en-foret-avec-lartiste-julien-carpentier\/#breadcrumb\",\"itemListElement\":[{\"@type\":\"ListItem\",\"position\":1,\"name\":\"Home\",\"item\":\"https:\/\/vosgesinfo.fr\/saintdieinfo\/\"},{\"@type\":\"ListItem\",\"position\":2,\"name\":\"Atelier d&rsquo;\u00e9coute en for\u00eat avec l&rsquo;artiste Julien Carpentier\"}]},{\"@type\":\"WebSite\",\"@id\":\"https:\/\/vosgesinfo.fr\/saintdieinfo\/#website\",\"url\":\"https:\/\/vosgesinfo.fr\/saintdieinfo\/\",\"name\":\"Saint Die Info\",\"description\":\"Toute l&#039;actualit\u00e9 de Saint-Di\u00e9-Des-Vosges\",\"publisher\":{\"@id\":\"https:\/\/vosgesinfo.fr\/saintdieinfo\/#organization\"},\"alternateName\":\"Toute l'actualit\u00e9 de Saint-Di\u00e9-Des-Vosges\",\"potentialAction\":[{\"@type\":\"SearchAction\",\"target\":{\"@type\":\"EntryPoint\",\"urlTemplate\":\"https:\/\/vosgesinfo.fr\/saintdieinfo\/?s={search_term_string}\"},\"query-input\":\"required name=search_term_string\"}],\"inLanguage\":\"fr-FR\"},{\"@type\":\"Organization\",\"@id\":\"https:\/\/vosgesinfo.fr\/saintdieinfo\/#organization\",\"name\":\"Saint Die Info\",\"url\":\"https:\/\/vosgesinfo.fr\/saintdieinfo\/\",\"logo\":{\"@type\":\"ImageObject\",\"inLanguage\":\"fr-FR\",\"@id\":\"https:\/\/vosgesinfo.fr\/saintdieinfo\/#\/schema\/logo\/image\/\",\"url\":\"https:\/\/vosgesinfo.fr\/app\/uploads\/sites\/4\/2024\/02\/logo-sdi.jpg\",\"contentUrl\":\"https:\/\/vosgesinfo.fr\/app\/uploads\/sites\/4\/2024\/02\/logo-sdi.jpg\",\"width\":600,\"height\":600,\"caption\":\"Saint Die Info\"},\"image\":{\"@id\":\"https:\/\/vosgesinfo.fr\/saintdieinfo\/#\/schema\/logo\/image\/\"},\"sameAs\":[\"https:\/\/www.facebook.com\/Saintdieinfofr\",\"https:\/\/x.com\/VosgesInfo88\",\"https:\/\/www.youtube.com\/@vosgesinfo\"]},{\"@type\":\"Person\",\"@id\":\"https:\/\/vosgesinfo.fr\/saintdieinfo\/#\/schema\/person\/fa73e9f726d67bb88f46d5b7943cb572\",\"name\":\"J.J.\",\"image\":{\"@type\":\"ImageObject\",\"inLanguage\":\"fr-FR\",\"@id\":\"https:\/\/vosgesinfo.fr\/saintdieinfo\/#\/schema\/person\/image\/\",\"url\":\"https:\/\/secure.gravatar.com\/avatar\/219e749e47ffbcca018a360ae4add7d4cdf1cdaaf8bc7676b27efade3fe65615?s=96&d=mm&r=g\",\"contentUrl\":\"https:\/\/secure.gravatar.com\/avatar\/219e749e47ffbcca018a360ae4add7d4cdf1cdaaf8bc7676b27efade3fe65615?s=96&d=mm&r=g\",\"caption\":\"J.J.\"},\"url\":\"https:\/\/vosgesinfo.fr\/saintdieinfo\/author\/j-j\/\"}]}<\/script>\n<!-- \/ Yoast SEO plugin. -->","yoast_head_json":{"title":"Atelier d'\u00e9coute en for\u00eat avec l'artiste Julien Carpentier - Saint Die Info","robots":{"index":"index","follow":"follow","max-snippet":"max-snippet:-1","max-image-preview":"max-image-preview:large","max-video-preview":"max-video-preview:-1"},"canonical":"https:\/\/vosgesinfo.fr\/saintdieinfo\/2025\/01\/atelier-decoute-en-foret-avec-lartiste-julien-carpentier\/","twitter_card":"summary_large_image","twitter_title":"Atelier d'\u00e9coute en for\u00eat avec l'artiste Julien Carpentier - Saint Die Info","twitter_description":"Pour son premier temps fort de 2025, l&rsquo;Atelier Faires organise un atelier d&rsquo;\u00e9coute en for\u00eat, qui aura lieu de 10h [&hellip;]","twitter_image":"https:\/\/vosgesinfo.fr\/app\/uploads\/sites\/4\/2025\/01\/atelier-ecoute-foret.jpg","twitter_creator":"@VosgesInfo88","twitter_site":"@VosgesInfo88","twitter_misc":{"\u00c9crit par":"J.J.","Dur\u00e9e de lecture estim\u00e9e":"1 minute"},"schema":{"@context":"https:\/\/schema.org","@graph":[{"@type":"Article","@id":"https:\/\/vosgesinfo.fr\/saintdieinfo\/2025\/01\/atelier-decoute-en-foret-avec-lartiste-julien-carpentier\/#article","isPartOf":{"@id":"https:\/\/vosgesinfo.fr\/saintdieinfo\/2025\/01\/atelier-decoute-en-foret-avec-lartiste-julien-carpentier\/"},"author":{"name":"J.J.","@id":"https:\/\/vosgesinfo.fr\/saintdieinfo\/#\/schema\/person\/fa73e9f726d67bb88f46d5b7943cb572"},"headline":"Atelier d&rsquo;\u00e9coute en for\u00eat avec l&rsquo;artiste Julien Carpentier","datePublished":"2025-01-08T11:18:26+00:00","dateModified":"2025-01-08T11:08:11+00:00","mainEntityOfPage":{"@id":"https:\/\/vosgesinfo.fr\/saintdieinfo\/2025\/01\/atelier-decoute-en-foret-avec-lartiste-julien-carpentier\/"},"wordCount":238,"commentCount":0,"publisher":{"@id":"https:\/\/vosgesinfo.fr\/saintdieinfo\/#organization"},"image":{"@id":"https:\/\/vosgesinfo.fr\/saintdieinfo\/2025\/01\/atelier-decoute-en-foret-avec-lartiste-julien-carpentier\/#primaryimage"},"thumbnailUrl":"https:\/\/vosgesinfo.fr\/app\/uploads\/sites\/4\/2025\/01\/atelier-ecoute-foret.jpg","keywords":["Anould","Atelier d'\u00e9coute en for\u00eat avec l'artiste Julien Carpentier","Atelier Faires","Claire Hannicq","Corcieux","Fraize","Julien Carpentier","Vierge de Hennef\u00eate"],"articleSection":["A la Une","Art","D\u00e9odatie","Gerardmer","Vie Associative"],"inLanguage":"fr-FR","potentialAction":[{"@type":"CommentAction","name":"Comment","target":["https:\/\/vosgesinfo.fr\/saintdieinfo\/2025\/01\/atelier-decoute-en-foret-avec-lartiste-julien-carpentier\/#respond"]}]},{"@type":"WebPage","@id":"https:\/\/vosgesinfo.fr\/saintdieinfo\/2025\/01\/atelier-decoute-en-foret-avec-lartiste-julien-carpentier\/","url":"https:\/\/vosgesinfo.fr\/saintdieinfo\/2025\/01\/atelier-decoute-en-foret-avec-lartiste-julien-carpentier\/","name":"Atelier d'\u00e9coute en for\u00eat avec l'artiste Julien Carpentier - Saint Die Info","isPartOf":{"@id":"https:\/\/vosgesinfo.fr\/saintdieinfo\/#website"},"primaryImageOfPage":{"@id":"https:\/\/vosgesinfo.fr\/saintdieinfo\/2025\/01\/atelier-decoute-en-foret-avec-lartiste-julien-carpentier\/#primaryimage"},"image":{"@id":"https:\/\/vosgesinfo.fr\/saintdieinfo\/2025\/01\/atelier-decoute-en-foret-avec-lartiste-julien-carpentier\/#primaryimage"},"thumbnailUrl":"https:\/\/vosgesinfo.fr\/app\/uploads\/sites\/4\/2025\/01\/atelier-ecoute-foret.jpg","datePublished":"2025-01-08T11:18:26+00:00","dateModified":"2025-01-08T11:08:11+00:00","breadcrumb":{"@id":"https:\/\/vosgesinfo.fr\/saintdieinfo\/2025\/01\/atelier-decoute-en-foret-avec-lartiste-julien-carpentier\/#breadcrumb"},"inLanguage":"fr-FR","potentialAction":[{"@type":"ReadAction","target":["https:\/\/vosgesinfo.fr\/saintdieinfo\/2025\/01\/atelier-decoute-en-foret-avec-lartiste-julien-carpentier\/"]}]},{"@type":"ImageObject","inLanguage":"fr-FR","@id":"https:\/\/vosgesinfo.fr\/saintdieinfo\/2025\/01\/atelier-decoute-en-foret-avec-lartiste-julien-carpentier\/#primaryimage","url":"https:\/\/vosgesinfo.fr\/app\/uploads\/sites\/4\/2025\/01\/atelier-ecoute-foret.jpg","contentUrl":"https:\/\/vosgesinfo.fr\/app\/uploads\/sites\/4\/2025\/01\/atelier-ecoute-foret.jpg","width":1440,"height":1440},{"@type":"BreadcrumbList","@id":"https:\/\/vosgesinfo.fr\/saintdieinfo\/2025\/01\/atelier-decoute-en-foret-avec-lartiste-julien-carpentier\/#breadcrumb","itemListElement":[{"@type":"ListItem","position":1,"name":"Home","item":"https:\/\/vosgesinfo.fr\/saintdieinfo\/"},{"@type":"ListItem","position":2,"name":"Atelier d&rsquo;\u00e9coute en for\u00eat avec l&rsquo;artiste Julien Carpentier"}]},{"@type":"WebSite","@id":"https:\/\/vosgesinfo.fr\/saintdieinfo\/#website","url":"https:\/\/vosgesinfo.fr\/saintdieinfo\/","name":"Saint Die Info","description":"Toute l&#039;actualit\u00e9 de Saint-Di\u00e9-Des-Vosges","publisher":{"@id":"https:\/\/vosgesinfo.fr\/saintdieinfo\/#organization"},"alternateName":"Toute l'actualit\u00e9 de Saint-Di\u00e9-Des-Vosges","potentialAction":[{"@type":"SearchAction","target":{"@type":"EntryPoint","urlTemplate":"https:\/\/vosgesinfo.fr\/saintdieinfo\/?s={search_term_string}"},"query-input":"required name=search_term_string"}],"inLanguage":"fr-FR"},{"@type":"Organization","@id":"https:\/\/vosgesinfo.fr\/saintdieinfo\/#organization","name":"Saint Die Info","url":"https:\/\/vosgesinfo.fr\/saintdieinfo\/","logo":{"@type":"ImageObject","inLanguage":"fr-FR","@id":"https:\/\/vosgesinfo.fr\/saintdieinfo\/#\/schema\/logo\/image\/","url":"https:\/\/vosgesinfo.fr\/app\/uploads\/sites\/4\/2024\/02\/logo-sdi.jpg","contentUrl":"https:\/\/vosgesinfo.fr\/app\/uploads\/sites\/4\/2024\/02\/logo-sdi.jpg","width":600,"height":600,"caption":"Saint Die Info"},"image":{"@id":"https:\/\/vosgesinfo.fr\/saintdieinfo\/#\/schema\/logo\/image\/"},"sameAs":["https:\/\/www.facebook.com\/Saintdieinfofr","https:\/\/x.com\/VosgesInfo88","https:\/\/www.youtube.com\/@vosgesinfo"]},{"@type":"Person","@id":"https:\/\/vosgesinfo.fr\/saintdieinfo\/#\/schema\/person\/fa73e9f726d67bb88f46d5b7943cb572","name":"J.J.","image":{"@type":"ImageObject","inLanguage":"fr-FR","@id":"https:\/\/vosgesinfo.fr\/saintdieinfo\/#\/schema\/person\/image\/","url":"https:\/\/secure.gravatar.com\/avatar\/219e749e47ffbcca018a360ae4add7d4cdf1cdaaf8bc7676b27efade3fe65615?s=96&d=mm&r=g","contentUrl":"https:\/\/secure.gravatar.com\/avatar\/219e749e47ffbcca018a360ae4add7d4cdf1cdaaf8bc7676b27efade3fe65615?s=96&d=mm&r=g","caption":"J.J."},"url":"https:\/\/vosgesinfo.fr\/saintdieinfo\/author\/j-j\/"}]}},"_links":{"self":[{"href":"https:\/\/vosgesinfo.fr\/saintdieinfo\/wp-json\/wp\/v2\/posts\/72513","targetHints":{"allow":["GET"]}}],"collection":[{"href":"https:\/\/vosgesinfo.fr\/saintdieinfo\/wp-json\/wp\/v2\/posts"}],"about":[{"href":"https:\/\/vosgesinfo.fr\/saintdieinfo\/wp-json\/wp\/v2\/types\/post"}],"author":[{"embeddable":true,"href":"https:\/\/vosgesinfo.fr\/saintdieinfo\/wp-json\/wp\/v2\/users\/46"}],"replies":[{"embeddable":true,"href":"https:\/\/vosgesinfo.fr\/saintdieinfo\/wp-json\/wp\/v2\/comments?post=72513"}],"version-history":[{"count":1,"href":"https:\/\/vosgesinfo.fr\/saintdieinfo\/wp-json\/wp\/v2\/posts\/72513\/revisions"}],"predecessor-version":[{"id":72515,"href":"https:\/\/vosgesinfo.fr\/saintdieinfo\/wp-json\/wp\/v2\/posts\/72513\/revisions\/72515"}],"wp:featuredmedia":[{"embeddable":true,"href":"https:\/\/vosgesinfo.fr\/saintdieinfo\/wp-json\/wp\/v2\/media\/72514"}],"wp:attachment":[{"href":"https:\/\/vosgesinfo.fr\/saintdieinfo\/wp-json\/wp\/v2\/media?parent=72513"}],"wp:term":[{"taxonomy":"category","embeddable":true,"href":"https:\/\/vosgesinfo.fr\/saintdieinfo\/wp-json\/wp\/v2\/categories?post=72513"},{"taxonomy":"post_tag","embeddable":true,"href":"https:\/\/vosgesinfo.fr\/saintdieinfo\/wp-json\/wp\/v2\/tags?post=72513"}],"curies":[{"name":"wp","href":"https:\/\/api.w.org\/{rel}","templated":true}]}}