{"id":72548,"date":"2025-01-09T10:35:22","date_gmt":"2025-01-09T09:35:22","guid":{"rendered":"https:\/\/vosgesinfo.fr\/saintdieinfo\/?p=72548"},"modified":"2025-01-09T10:25:27","modified_gmt":"2025-01-09T09:25:27","slug":"les-jours-de-collecte-des-encombrants-et-ordures-menageres-en-janvier-fevrier-et-debut-mars","status":"publish","type":"post","link":"https:\/\/vosgesinfo.fr\/saintdieinfo\/2025\/01\/les-jours-de-collecte-des-encombrants-et-ordures-menageres-en-janvier-fevrier-et-debut-mars\/","title":{"rendered":"Les jours de collecte des encombrants et ordures m\u00e9nag\u00e8res en janvier, f\u00e9vrier et d\u00e9but mars"},"content":{"rendered":"<div id=\"attachment_61737\" style=\"width: 536px\" class=\"wp-caption alignnone\"><a href=\"https:\/\/vosgesinfo.fr\/app\/uploads\/sites\/4\/2024\/08\/202301encombrants.jpg\"><img decoding=\"async\" aria-describedby=\"caption-attachment-61737\" class=\"size-full wp-image-61737\" src=\"https:\/\/vosgesinfo.fr\/app\/uploads\/sites\/4\/2024\/08\/202301encombrants.jpg\" alt=\"\" width=\"526\" height=\"259\" srcset=\"https:\/\/vosgesinfo.fr\/app\/uploads\/sites\/4\/2024\/08\/202301encombrants.jpg 526w, https:\/\/vosgesinfo.fr\/app\/uploads\/sites\/4\/2024\/08\/202301encombrants-300x148.jpg 300w\" sizes=\"(max-width: 526px) 100vw, 526px\" \/><\/a><p id=\"caption-attachment-61737\" class=\"wp-caption-text\">(Illustration)<\/p><\/div>\n<h2><span style=\"font-family: Calibri, sans-serif;\">A Saint-Di\u00e9-des-Vosges, la collecte des encombrants a lieu chaque mois sur l\u2019ensemble des quartiers de la ville. Ce service est gratuit. Les gros objets doivent \u00eatre au pr\u00e9alable sortis la veille et d\u00e9pos\u00e9s \u00e0 l\u2019endroit o\u00f9 sont habituellement dispos\u00e9s vos conteneurs.<br \/>\n<\/span><\/h2>\n<p><!--more--><\/p>\n<h3><span style=\"font-family: Calibri, sans-serif;\">Chaque mardi, le ramassage des encombrants a lieu dans un quartier de la ville :<\/span><\/h3>\n<ul>\n<li><span style=\"font-family: Calibri, sans-serif;\">le 14 janvier, le 11 f\u00e9vrier et le 11 mars : Kellermann, l\u2019Orme, <\/span><span style=\"font-family: Calibri, sans-serif;\">Saint-Roch<\/span><\/li>\n<li><span style=\"font-family: Calibri, sans-serif;\">le 21 janvier et le 18 f\u00e9vrier : centre-ville, Hellieule, La Bolle<\/span><\/li>\n<li><span style=\"font-family: Calibri, sans-serif;\">le 28 janvier et le 25 f\u00e9vrier : Foucharupt, Marzelay, Le Vill\u00e9<\/span><\/li>\n<li><span style=\"font-family: Calibri, sans-serif;\">le 4 f\u00e9vrier et le 4 mars : Robache, Vigne-Henri, Pr\u00e9-Fleuri, Behouille, Bois-Basselin, Dijon, Gratin, Vaxenaire<\/span><\/li>\n<\/ul>\n<h3><span style=\"font-family: Calibri, sans-serif;\">Les jours de ramassage des ordures m\u00e9nag\u00e8res :<br \/>\n<\/span><\/h3>\n<ul>\n<li><span style=\"font-family: Calibri, sans-serif;\">Lundi : Marzelay, Saint-Roch, L\u2019Orme, La Vigne-Henri<\/span><\/li>\n<li><span style=\"font-family: Calibri, sans-serif;\">Mardi : Hyper-centre, La Bolle, Les Tiges, ZAC Hellieule 1 et 3<\/span><\/li>\n<li><span style=\"font-family: Calibri, sans-serif;\">Mercredi : Gratin, Dijon<\/span><\/li>\n<li><span style=\"font-family: Calibri, sans-serif;\">Jeudi : ZAC Hellieule 2, Madeleine et Souhait, Foucharupt<\/span><\/li>\n<li><span style=\"font-family: Calibri, sans-serif;\">Vendredi : Hyper-centre<\/span><\/li>\n<\/ul>\n<h3><span style=\"font-family: Calibri, sans-serif;\">Les jours de ramassage des recyclables :<br \/>\n<\/span><\/h3>\n<ul>\n<li><span style=\"font-family: Calibri, sans-serif;\">Lundi : Marzelay, Saint-Roch, L\u2019Orme, La Vigne-Henri<\/span><\/li>\n<li><span style=\"font-family: Calibri, sans-serif;\">Mardi : La Bolle, Les Tiges, ZAC Hellieule 1 et 3<\/span><\/li>\n<li><span style=\"font-family: Calibri, sans-serif;\">Mercredi : Gratin, Dijon<\/span><\/li>\n<li><span style=\"font-family: Calibri, sans-serif;\">Jeudi : ZAC Hellieule 2, Madeleine et Souhait, Foucharupt<\/span><\/li>\n<li><span style=\"font-family: Calibri, sans-serif;\">Vendredi : Hyper-centre<\/span><\/li>\n<\/ul>\n<p><span style=\"font-family: Calibri, sans-serif;\">A noter que les bacs et les sacs jaunes doivent \u00eatre sortis la veille \u00e0 partir de 19 h et remis\u00e9s sur les parties privatives le jour de la collecte.<\/span><\/p>\n","protected":false},"excerpt":{"rendered":"<p>A Saint-Di\u00e9-des-Vosges, la collecte des encombrants a lieu chaque mois sur l\u2019ensemble des quartiers de la ville. Ce service est [&hellip;]<\/p>\n","protected":false},"author":46,"featured_media":61737,"comment_status":"open","ping_status":"open","sticky":false,"template":"","format":"standard","meta":{"footnotes":""},"categories":[3900,167],"tags":[15730],"class_list":["post-72548","post","type-post","status-publish","format-standard","has-post-thumbnail","hentry","category-breves","category-saint-die-des-vosges","tag-les-jours-de-collecte-des-encombrants-et-ordures-menageres-en-janvier-et-fevrier-a-saint-die-des-vosges"],"acf":[],"yoast_head":"<!-- This site is optimized with the Yoast SEO plugin v22.5 - https:\/\/yoast.com\/wordpress\/plugins\/seo\/ -->\n<title>Les jours de collecte des encombrants et ordures m\u00e9nag\u00e8res en janvier, f\u00e9vrier et d\u00e9but mars - Saint Die Info<\/title>\n<meta name=\"robots\" content=\"index, follow, max-snippet:-1, max-image-preview:large, max-video-preview:-1\" \/>\n<link rel=\"canonical\" href=\"https:\/\/vosgesinfo.fr\/saintdieinfo\/2025\/01\/les-jours-de-collecte-des-encombrants-et-ordures-menageres-en-janvier-fevrier-et-debut-mars\/\" \/>\n<meta name=\"twitter:card\" content=\"summary_large_image\" \/>\n<meta name=\"twitter:title\" content=\"Les jours de collecte des encombrants et ordures m\u00e9nag\u00e8res en janvier, f\u00e9vrier et d\u00e9but mars - Saint Die Info\" \/>\n<meta name=\"twitter:description\" content=\"A Saint-Di\u00e9-des-Vosges, la collecte des encombrants a lieu chaque mois sur l\u2019ensemble des quartiers de la ville. Ce service est [&hellip;]\" \/>\n<meta name=\"twitter:image\" content=\"https:\/\/vosgesinfo.fr\/app\/uploads\/sites\/4\/2024\/08\/202301encombrants.jpg\" \/>\n<meta name=\"twitter:creator\" content=\"@VosgesInfo88\" \/>\n<meta name=\"twitter:site\" content=\"@VosgesInfo88\" \/>\n<meta name=\"twitter:label1\" content=\"\u00c9crit par\" \/>\n\t<meta name=\"twitter:data1\" content=\"J.J.\" \/>\n\t<meta name=\"twitter:label2\" content=\"Dur\u00e9e de lecture estim\u00e9e\" \/>\n\t<meta name=\"twitter:data2\" content=\"1 minute\" \/>\n<script type=\"application\/ld+json\" class=\"yoast-schema-graph\">{\"@context\":\"https:\/\/schema.org\",\"@graph\":[{\"@type\":\"Article\",\"@id\":\"https:\/\/vosgesinfo.fr\/saintdieinfo\/2025\/01\/les-jours-de-collecte-des-encombrants-et-ordures-menageres-en-janvier-fevrier-et-debut-mars\/#article\",\"isPartOf\":{\"@id\":\"https:\/\/vosgesinfo.fr\/saintdieinfo\/2025\/01\/les-jours-de-collecte-des-encombrants-et-ordures-menageres-en-janvier-fevrier-et-debut-mars\/\"},\"author\":{\"name\":\"J.J.\",\"@id\":\"https:\/\/vosgesinfo.fr\/saintdieinfo\/#\/schema\/person\/fa73e9f726d67bb88f46d5b7943cb572\"},\"headline\":\"Les jours de collecte des encombrants et ordures m\u00e9nag\u00e8res en janvier, f\u00e9vrier et d\u00e9but mars\",\"datePublished\":\"2025-01-09T09:35:22+00:00\",\"dateModified\":\"2025-01-09T09:25:27+00:00\",\"mainEntityOfPage\":{\"@id\":\"https:\/\/vosgesinfo.fr\/saintdieinfo\/2025\/01\/les-jours-de-collecte-des-encombrants-et-ordures-menageres-en-janvier-fevrier-et-debut-mars\/\"},\"wordCount\":234,\"commentCount\":1,\"publisher\":{\"@id\":\"https:\/\/vosgesinfo.fr\/saintdieinfo\/#organization\"},\"image\":{\"@id\":\"https:\/\/vosgesinfo.fr\/saintdieinfo\/2025\/01\/les-jours-de-collecte-des-encombrants-et-ordures-menageres-en-janvier-fevrier-et-debut-mars\/#primaryimage\"},\"thumbnailUrl\":\"https:\/\/vosgesinfo.fr\/app\/uploads\/sites\/4\/2024\/08\/202301encombrants.jpg\",\"keywords\":[\"Les jours de collecte des encombrants et ordures m\u00e9nag\u00e8res en janvier et f\u00e9vrier \u00e0 Saint-Di\u00e9-des-Vosges\"],\"articleSection\":[\"Br\u00e8ves\",\"Saint-Di\u00e9-des-Vosges\"],\"inLanguage\":\"fr-FR\",\"potentialAction\":[{\"@type\":\"CommentAction\",\"name\":\"Comment\",\"target\":[\"https:\/\/vosgesinfo.fr\/saintdieinfo\/2025\/01\/les-jours-de-collecte-des-encombrants-et-ordures-menageres-en-janvier-fevrier-et-debut-mars\/#respond\"]}]},{\"@type\":\"WebPage\",\"@id\":\"https:\/\/vosgesinfo.fr\/saintdieinfo\/2025\/01\/les-jours-de-collecte-des-encombrants-et-ordures-menageres-en-janvier-fevrier-et-debut-mars\/\",\"url\":\"https:\/\/vosgesinfo.fr\/saintdieinfo\/2025\/01\/les-jours-de-collecte-des-encombrants-et-ordures-menageres-en-janvier-fevrier-et-debut-mars\/\",\"name\":\"Les jours de collecte des encombrants et ordures m\u00e9nag\u00e8res en janvier, f\u00e9vrier et d\u00e9but mars - Saint Die Info\",\"isPartOf\":{\"@id\":\"https:\/\/vosgesinfo.fr\/saintdieinfo\/#website\"},\"primaryImageOfPage\":{\"@id\":\"https:\/\/vosgesinfo.fr\/saintdieinfo\/2025\/01\/les-jours-de-collecte-des-encombrants-et-ordures-menageres-en-janvier-fevrier-et-debut-mars\/#primaryimage\"},\"image\":{\"@id\":\"https:\/\/vosgesinfo.fr\/saintdieinfo\/2025\/01\/les-jours-de-collecte-des-encombrants-et-ordures-menageres-en-janvier-fevrier-et-debut-mars\/#primaryimage\"},\"thumbnailUrl\":\"https:\/\/vosgesinfo.fr\/app\/uploads\/sites\/4\/2024\/08\/202301encombrants.jpg\",\"datePublished\":\"2025-01-09T09:35:22+00:00\",\"dateModified\":\"2025-01-09T09:25:27+00:00\",\"breadcrumb\":{\"@id\":\"https:\/\/vosgesinfo.fr\/saintdieinfo\/2025\/01\/les-jours-de-collecte-des-encombrants-et-ordures-menageres-en-janvier-fevrier-et-debut-mars\/#breadcrumb\"},\"inLanguage\":\"fr-FR\",\"potentialAction\":[{\"@type\":\"ReadAction\",\"target\":[\"https:\/\/vosgesinfo.fr\/saintdieinfo\/2025\/01\/les-jours-de-collecte-des-encombrants-et-ordures-menageres-en-janvier-fevrier-et-debut-mars\/\"]}]},{\"@type\":\"ImageObject\",\"inLanguage\":\"fr-FR\",\"@id\":\"https:\/\/vosgesinfo.fr\/saintdieinfo\/2025\/01\/les-jours-de-collecte-des-encombrants-et-ordures-menageres-en-janvier-fevrier-et-debut-mars\/#primaryimage\",\"url\":\"https:\/\/vosgesinfo.fr\/app\/uploads\/sites\/4\/2024\/08\/202301encombrants.jpg\",\"contentUrl\":\"https:\/\/vosgesinfo.fr\/app\/uploads\/sites\/4\/2024\/08\/202301encombrants.jpg\",\"width\":526,\"height\":259,\"caption\":\"(Illustration)\"},{\"@type\":\"BreadcrumbList\",\"@id\":\"https:\/\/vosgesinfo.fr\/saintdieinfo\/2025\/01\/les-jours-de-collecte-des-encombrants-et-ordures-menageres-en-janvier-fevrier-et-debut-mars\/#breadcrumb\",\"itemListElement\":[{\"@type\":\"ListItem\",\"position\":1,\"name\":\"Home\",\"item\":\"https:\/\/vosgesinfo.fr\/saintdieinfo\/\"},{\"@type\":\"ListItem\",\"position\":2,\"name\":\"Les jours de collecte des encombrants et ordures m\u00e9nag\u00e8res en janvier, f\u00e9vrier et d\u00e9but mars\"}]},{\"@type\":\"WebSite\",\"@id\":\"https:\/\/vosgesinfo.fr\/saintdieinfo\/#website\",\"url\":\"https:\/\/vosgesinfo.fr\/saintdieinfo\/\",\"name\":\"Saint Die Info\",\"description\":\"Toute l&#039;actualit\u00e9 de Saint-Di\u00e9-Des-Vosges\",\"publisher\":{\"@id\":\"https:\/\/vosgesinfo.fr\/saintdieinfo\/#organization\"},\"alternateName\":\"Toute l'actualit\u00e9 de Saint-Di\u00e9-Des-Vosges\",\"potentialAction\":[{\"@type\":\"SearchAction\",\"target\":{\"@type\":\"EntryPoint\",\"urlTemplate\":\"https:\/\/vosgesinfo.fr\/saintdieinfo\/?s={search_term_string}\"},\"query-input\":\"required name=search_term_string\"}],\"inLanguage\":\"fr-FR\"},{\"@type\":\"Organization\",\"@id\":\"https:\/\/vosgesinfo.fr\/saintdieinfo\/#organization\",\"name\":\"Saint Die Info\",\"url\":\"https:\/\/vosgesinfo.fr\/saintdieinfo\/\",\"logo\":{\"@type\":\"ImageObject\",\"inLanguage\":\"fr-FR\",\"@id\":\"https:\/\/vosgesinfo.fr\/saintdieinfo\/#\/schema\/logo\/image\/\",\"url\":\"https:\/\/vosgesinfo.fr\/app\/uploads\/sites\/4\/2024\/02\/logo-sdi.jpg\",\"contentUrl\":\"https:\/\/vosgesinfo.fr\/app\/uploads\/sites\/4\/2024\/02\/logo-sdi.jpg\",\"width\":600,\"height\":600,\"caption\":\"Saint Die Info\"},\"image\":{\"@id\":\"https:\/\/vosgesinfo.fr\/saintdieinfo\/#\/schema\/logo\/image\/\"},\"sameAs\":[\"https:\/\/www.facebook.com\/Saintdieinfofr\",\"https:\/\/x.com\/VosgesInfo88\",\"https:\/\/www.youtube.com\/@vosgesinfo\"]},{\"@type\":\"Person\",\"@id\":\"https:\/\/vosgesinfo.fr\/saintdieinfo\/#\/schema\/person\/fa73e9f726d67bb88f46d5b7943cb572\",\"name\":\"J.J.\",\"image\":{\"@type\":\"ImageObject\",\"inLanguage\":\"fr-FR\",\"@id\":\"https:\/\/vosgesinfo.fr\/saintdieinfo\/#\/schema\/person\/image\/\",\"url\":\"https:\/\/secure.gravatar.com\/avatar\/219e749e47ffbcca018a360ae4add7d4cdf1cdaaf8bc7676b27efade3fe65615?s=96&d=mm&r=g\",\"contentUrl\":\"https:\/\/secure.gravatar.com\/avatar\/219e749e47ffbcca018a360ae4add7d4cdf1cdaaf8bc7676b27efade3fe65615?s=96&d=mm&r=g\",\"caption\":\"J.J.\"},\"url\":\"https:\/\/vosgesinfo.fr\/saintdieinfo\/author\/j-j\/\"}]}<\/script>\n<!-- \/ Yoast SEO plugin. -->","yoast_head_json":{"title":"Les jours de collecte des encombrants et ordures m\u00e9nag\u00e8res en janvier, f\u00e9vrier et d\u00e9but mars - Saint Die Info","robots":{"index":"index","follow":"follow","max-snippet":"max-snippet:-1","max-image-preview":"max-image-preview:large","max-video-preview":"max-video-preview:-1"},"canonical":"https:\/\/vosgesinfo.fr\/saintdieinfo\/2025\/01\/les-jours-de-collecte-des-encombrants-et-ordures-menageres-en-janvier-fevrier-et-debut-mars\/","twitter_card":"summary_large_image","twitter_title":"Les jours de collecte des encombrants et ordures m\u00e9nag\u00e8res en janvier, f\u00e9vrier et d\u00e9but mars - Saint Die Info","twitter_description":"A Saint-Di\u00e9-des-Vosges, la collecte des encombrants a lieu chaque mois sur l\u2019ensemble des quartiers de la ville. Ce service est [&hellip;]","twitter_image":"https:\/\/vosgesinfo.fr\/app\/uploads\/sites\/4\/2024\/08\/202301encombrants.jpg","twitter_creator":"@VosgesInfo88","twitter_site":"@VosgesInfo88","twitter_misc":{"\u00c9crit par":"J.J.","Dur\u00e9e de lecture estim\u00e9e":"1 minute"},"schema":{"@context":"https:\/\/schema.org","@graph":[{"@type":"Article","@id":"https:\/\/vosgesinfo.fr\/saintdieinfo\/2025\/01\/les-jours-de-collecte-des-encombrants-et-ordures-menageres-en-janvier-fevrier-et-debut-mars\/#article","isPartOf":{"@id":"https:\/\/vosgesinfo.fr\/saintdieinfo\/2025\/01\/les-jours-de-collecte-des-encombrants-et-ordures-menageres-en-janvier-fevrier-et-debut-mars\/"},"author":{"name":"J.J.","@id":"https:\/\/vosgesinfo.fr\/saintdieinfo\/#\/schema\/person\/fa73e9f726d67bb88f46d5b7943cb572"},"headline":"Les jours de collecte des encombrants et ordures m\u00e9nag\u00e8res en janvier, f\u00e9vrier et d\u00e9but mars","datePublished":"2025-01-09T09:35:22+00:00","dateModified":"2025-01-09T09:25:27+00:00","mainEntityOfPage":{"@id":"https:\/\/vosgesinfo.fr\/saintdieinfo\/2025\/01\/les-jours-de-collecte-des-encombrants-et-ordures-menageres-en-janvier-fevrier-et-debut-mars\/"},"wordCount":234,"commentCount":1,"publisher":{"@id":"https:\/\/vosgesinfo.fr\/saintdieinfo\/#organization"},"image":{"@id":"https:\/\/vosgesinfo.fr\/saintdieinfo\/2025\/01\/les-jours-de-collecte-des-encombrants-et-ordures-menageres-en-janvier-fevrier-et-debut-mars\/#primaryimage"},"thumbnailUrl":"https:\/\/vosgesinfo.fr\/app\/uploads\/sites\/4\/2024\/08\/202301encombrants.jpg","keywords":["Les jours de collecte des encombrants et ordures m\u00e9nag\u00e8res en janvier et f\u00e9vrier \u00e0 Saint-Di\u00e9-des-Vosges"],"articleSection":["Br\u00e8ves","Saint-Di\u00e9-des-Vosges"],"inLanguage":"fr-FR","potentialAction":[{"@type":"CommentAction","name":"Comment","target":["https:\/\/vosgesinfo.fr\/saintdieinfo\/2025\/01\/les-jours-de-collecte-des-encombrants-et-ordures-menageres-en-janvier-fevrier-et-debut-mars\/#respond"]}]},{"@type":"WebPage","@id":"https:\/\/vosgesinfo.fr\/saintdieinfo\/2025\/01\/les-jours-de-collecte-des-encombrants-et-ordures-menageres-en-janvier-fevrier-et-debut-mars\/","url":"https:\/\/vosgesinfo.fr\/saintdieinfo\/2025\/01\/les-jours-de-collecte-des-encombrants-et-ordures-menageres-en-janvier-fevrier-et-debut-mars\/","name":"Les jours de collecte des encombrants et ordures m\u00e9nag\u00e8res en janvier, f\u00e9vrier et d\u00e9but mars - Saint Die Info","isPartOf":{"@id":"https:\/\/vosgesinfo.fr\/saintdieinfo\/#website"},"primaryImageOfPage":{"@id":"https:\/\/vosgesinfo.fr\/saintdieinfo\/2025\/01\/les-jours-de-collecte-des-encombrants-et-ordures-menageres-en-janvier-fevrier-et-debut-mars\/#primaryimage"},"image":{"@id":"https:\/\/vosgesinfo.fr\/saintdieinfo\/2025\/01\/les-jours-de-collecte-des-encombrants-et-ordures-menageres-en-janvier-fevrier-et-debut-mars\/#primaryimage"},"thumbnailUrl":"https:\/\/vosgesinfo.fr\/app\/uploads\/sites\/4\/2024\/08\/202301encombrants.jpg","datePublished":"2025-01-09T09:35:22+00:00","dateModified":"2025-01-09T09:25:27+00:00","breadcrumb":{"@id":"https:\/\/vosgesinfo.fr\/saintdieinfo\/2025\/01\/les-jours-de-collecte-des-encombrants-et-ordures-menageres-en-janvier-fevrier-et-debut-mars\/#breadcrumb"},"inLanguage":"fr-FR","potentialAction":[{"@type":"ReadAction","target":["https:\/\/vosgesinfo.fr\/saintdieinfo\/2025\/01\/les-jours-de-collecte-des-encombrants-et-ordures-menageres-en-janvier-fevrier-et-debut-mars\/"]}]},{"@type":"ImageObject","inLanguage":"fr-FR","@id":"https:\/\/vosgesinfo.fr\/saintdieinfo\/2025\/01\/les-jours-de-collecte-des-encombrants-et-ordures-menageres-en-janvier-fevrier-et-debut-mars\/#primaryimage","url":"https:\/\/vosgesinfo.fr\/app\/uploads\/sites\/4\/2024\/08\/202301encombrants.jpg","contentUrl":"https:\/\/vosgesinfo.fr\/app\/uploads\/sites\/4\/2024\/08\/202301encombrants.jpg","width":526,"height":259,"caption":"(Illustration)"},{"@type":"BreadcrumbList","@id":"https:\/\/vosgesinfo.fr\/saintdieinfo\/2025\/01\/les-jours-de-collecte-des-encombrants-et-ordures-menageres-en-janvier-fevrier-et-debut-mars\/#breadcrumb","itemListElement":[{"@type":"ListItem","position":1,"name":"Home","item":"https:\/\/vosgesinfo.fr\/saintdieinfo\/"},{"@type":"ListItem","position":2,"name":"Les jours de collecte des encombrants et ordures m\u00e9nag\u00e8res en janvier, f\u00e9vrier et d\u00e9but mars"}]},{"@type":"WebSite","@id":"https:\/\/vosgesinfo.fr\/saintdieinfo\/#website","url":"https:\/\/vosgesinfo.fr\/saintdieinfo\/","name":"Saint Die Info","description":"Toute l&#039;actualit\u00e9 de Saint-Di\u00e9-Des-Vosges","publisher":{"@id":"https:\/\/vosgesinfo.fr\/saintdieinfo\/#organization"},"alternateName":"Toute l'actualit\u00e9 de Saint-Di\u00e9-Des-Vosges","potentialAction":[{"@type":"SearchAction","target":{"@type":"EntryPoint","urlTemplate":"https:\/\/vosgesinfo.fr\/saintdieinfo\/?s={search_term_string}"},"query-input":"required name=search_term_string"}],"inLanguage":"fr-FR"},{"@type":"Organization","@id":"https:\/\/vosgesinfo.fr\/saintdieinfo\/#organization","name":"Saint Die Info","url":"https:\/\/vosgesinfo.fr\/saintdieinfo\/","logo":{"@type":"ImageObject","inLanguage":"fr-FR","@id":"https:\/\/vosgesinfo.fr\/saintdieinfo\/#\/schema\/logo\/image\/","url":"https:\/\/vosgesinfo.fr\/app\/uploads\/sites\/4\/2024\/02\/logo-sdi.jpg","contentUrl":"https:\/\/vosgesinfo.fr\/app\/uploads\/sites\/4\/2024\/02\/logo-sdi.jpg","width":600,"height":600,"caption":"Saint Die Info"},"image":{"@id":"https:\/\/vosgesinfo.fr\/saintdieinfo\/#\/schema\/logo\/image\/"},"sameAs":["https:\/\/www.facebook.com\/Saintdieinfofr","https:\/\/x.com\/VosgesInfo88","https:\/\/www.youtube.com\/@vosgesinfo"]},{"@type":"Person","@id":"https:\/\/vosgesinfo.fr\/saintdieinfo\/#\/schema\/person\/fa73e9f726d67bb88f46d5b7943cb572","name":"J.J.","image":{"@type":"ImageObject","inLanguage":"fr-FR","@id":"https:\/\/vosgesinfo.fr\/saintdieinfo\/#\/schema\/person\/image\/","url":"https:\/\/secure.gravatar.com\/avatar\/219e749e47ffbcca018a360ae4add7d4cdf1cdaaf8bc7676b27efade3fe65615?s=96&d=mm&r=g","contentUrl":"https:\/\/secure.gravatar.com\/avatar\/219e749e47ffbcca018a360ae4add7d4cdf1cdaaf8bc7676b27efade3fe65615?s=96&d=mm&r=g","caption":"J.J."},"url":"https:\/\/vosgesinfo.fr\/saintdieinfo\/author\/j-j\/"}]}},"_links":{"self":[{"href":"https:\/\/vosgesinfo.fr\/saintdieinfo\/wp-json\/wp\/v2\/posts\/72548","targetHints":{"allow":["GET"]}}],"collection":[{"href":"https:\/\/vosgesinfo.fr\/saintdieinfo\/wp-json\/wp\/v2\/posts"}],"about":[{"href":"https:\/\/vosgesinfo.fr\/saintdieinfo\/wp-json\/wp\/v2\/types\/post"}],"author":[{"embeddable":true,"href":"https:\/\/vosgesinfo.fr\/saintdieinfo\/wp-json\/wp\/v2\/users\/46"}],"replies":[{"embeddable":true,"href":"https:\/\/vosgesinfo.fr\/saintdieinfo\/wp-json\/wp\/v2\/comments?post=72548"}],"version-history":[{"count":1,"href":"https:\/\/vosgesinfo.fr\/saintdieinfo\/wp-json\/wp\/v2\/posts\/72548\/revisions"}],"predecessor-version":[{"id":72549,"href":"https:\/\/vosgesinfo.fr\/saintdieinfo\/wp-json\/wp\/v2\/posts\/72548\/revisions\/72549"}],"wp:featuredmedia":[{"embeddable":true,"href":"https:\/\/vosgesinfo.fr\/saintdieinfo\/wp-json\/wp\/v2\/media\/61737"}],"wp:attachment":[{"href":"https:\/\/vosgesinfo.fr\/saintdieinfo\/wp-json\/wp\/v2\/media?parent=72548"}],"wp:term":[{"taxonomy":"category","embeddable":true,"href":"https:\/\/vosgesinfo.fr\/saintdieinfo\/wp-json\/wp\/v2\/categories?post=72548"},{"taxonomy":"post_tag","embeddable":true,"href":"https:\/\/vosgesinfo.fr\/saintdieinfo\/wp-json\/wp\/v2\/tags?post=72548"}],"curies":[{"name":"wp","href":"https:\/\/api.w.org\/{rel}","templated":true}]}}