{"id":72553,"date":"2025-01-09T14:12:03","date_gmt":"2025-01-09T13:12:03","guid":{"rendered":"https:\/\/vosgesinfo.fr\/saintdieinfo\/?p=72553"},"modified":"2025-01-09T14:01:35","modified_gmt":"2025-01-09T13:01:35","slug":"raon-letape-le-forum-un-emploi-pour-tous-est-bientot-de-retour","status":"publish","type":"post","link":"https:\/\/vosgesinfo.fr\/saintdieinfo\/2025\/01\/raon-letape-le-forum-un-emploi-pour-tous-est-bientot-de-retour\/","title":{"rendered":"Raon-l&rsquo;\u00c9tape \u2013 Le forum \u00ab\u00a0Un emploi pour tous\u00a0\u00bb est bient\u00f4t de retour"},"content":{"rendered":"<h2>La Ville de Raon-l&rsquo;\u00c9tape organise, avec la Communaut\u00e9 d&rsquo;Agglom\u00e9ration ainsi que les Communes d&rsquo;Etival-Clairefontaine et Moyenmoutier, le forum de l&#8217;emploi \u00ab\u00a0Un emploi pour tous\u00a0\u00bb \u00e0 la salle Beauregard, jeudi 23 janvier de 14h \u00e0 17h.<\/h2>\n<p><!--more--><\/p>\n<p>Sur place, plus de 30 entreprises seront pr\u00e9sentes pour rencontrer et \u00e9changer directement avec les demandeurs d&#8217;emploi, sans rendez-vous. Lors de l&rsquo;\u00e9dition de 2024, une trentaine de personnes avaient trouv\u00e9 un emploi gr\u00e2ce \u00e0 cet \u00e9v\u00e9nement. Les participants sont invit\u00e9s \u00e0 apporter leur CV. Renseignements compl\u00e9mentaires par t\u00e9l\u00e9phone, au 06-87-50-36-24.<\/p>\n<p><a href=\"https:\/\/vosgesinfo.fr\/app\/uploads\/sites\/4\/2025\/01\/raon-letape-un-emploi-pour-tous.jpg\"><img decoding=\"async\" class=\"alignnone size-large wp-image-72554\" src=\"https:\/\/vosgesinfo.fr\/app\/uploads\/sites\/4\/2025\/01\/raon-letape-un-emploi-pour-tous-724x1024.jpg\" alt=\"\" width=\"724\" height=\"1024\" srcset=\"https:\/\/vosgesinfo.fr\/app\/uploads\/sites\/4\/2025\/01\/raon-letape-un-emploi-pour-tous-724x1024.jpg 724w, https:\/\/vosgesinfo.fr\/app\/uploads\/sites\/4\/2025\/01\/raon-letape-un-emploi-pour-tous-212x300.jpg 212w, https:\/\/vosgesinfo.fr\/app\/uploads\/sites\/4\/2025\/01\/raon-letape-un-emploi-pour-tous-768x1086.jpg 768w, https:\/\/vosgesinfo.fr\/app\/uploads\/sites\/4\/2025\/01\/raon-letape-un-emploi-pour-tous.jpg 950w\" sizes=\"(max-width: 724px) 100vw, 724px\" \/><\/a><\/p>\n","protected":false},"excerpt":{"rendered":"<p>La Ville de Raon-l&rsquo;\u00c9tape organise, avec la Communaut\u00e9 d&rsquo;Agglom\u00e9ration ainsi que les Communes d&rsquo;Etival-Clairefontaine et Moyenmoutier, le forum de l&#8217;emploi [&hellip;]<\/p>\n","protected":false},"author":46,"featured_media":72554,"comment_status":"open","ping_status":"open","sticky":false,"template":"","format":"standard","meta":{"footnotes":""},"categories":[460,3903,5],"tags":[11493,2654,3711,3715],"class_list":["post-72553","post","type-post","status-publish","format-standard","has-post-thumbnail","hentry","category-a-la-une","category-deodatie","category-economie","tag-forum-de-lemploi","tag-raon-letape","tag-salle-beauregard","tag-un-emploi-pour-tous"],"acf":[],"yoast_head":"<!-- This site is optimized with the Yoast SEO plugin v22.5 - https:\/\/yoast.com\/wordpress\/plugins\/seo\/ -->\n<title>Raon-l&#039;\u00c9tape \u2013 Le forum &quot;Un emploi pour tous&quot; est bient\u00f4t de retour - Saint Die Info<\/title>\n<meta name=\"robots\" content=\"index, follow, max-snippet:-1, max-image-preview:large, max-video-preview:-1\" \/>\n<link rel=\"canonical\" href=\"https:\/\/vosgesinfo.fr\/saintdieinfo\/2025\/01\/raon-letape-le-forum-un-emploi-pour-tous-est-bientot-de-retour\/\" \/>\n<meta name=\"twitter:card\" content=\"summary_large_image\" \/>\n<meta name=\"twitter:title\" content=\"Raon-l&#039;\u00c9tape \u2013 Le forum &quot;Un emploi pour tous&quot; est bient\u00f4t de retour - Saint Die Info\" \/>\n<meta name=\"twitter:description\" content=\"La Ville de Raon-l&rsquo;\u00c9tape organise, avec la Communaut\u00e9 d&rsquo;Agglom\u00e9ration ainsi que les Communes d&rsquo;Etival-Clairefontaine et Moyenmoutier, le forum de l&#8217;emploi [&hellip;]\" \/>\n<meta name=\"twitter:image\" content=\"https:\/\/vosgesinfo.fr\/app\/uploads\/sites\/4\/2025\/01\/raon-letape-un-emploi-pour-tous.jpg\" \/>\n<meta name=\"twitter:creator\" content=\"@VosgesInfo88\" \/>\n<meta name=\"twitter:site\" content=\"@VosgesInfo88\" \/>\n<meta name=\"twitter:label1\" content=\"\u00c9crit par\" \/>\n\t<meta name=\"twitter:data1\" content=\"J.J.\" \/>\n<script type=\"application\/ld+json\" class=\"yoast-schema-graph\">{\"@context\":\"https:\/\/schema.org\",\"@graph\":[{\"@type\":\"Article\",\"@id\":\"https:\/\/vosgesinfo.fr\/saintdieinfo\/2025\/01\/raon-letape-le-forum-un-emploi-pour-tous-est-bientot-de-retour\/#article\",\"isPartOf\":{\"@id\":\"https:\/\/vosgesinfo.fr\/saintdieinfo\/2025\/01\/raon-letape-le-forum-un-emploi-pour-tous-est-bientot-de-retour\/\"},\"author\":{\"name\":\"J.J.\",\"@id\":\"https:\/\/vosgesinfo.fr\/saintdieinfo\/#\/schema\/person\/fa73e9f726d67bb88f46d5b7943cb572\"},\"headline\":\"Raon-l&rsquo;\u00c9tape \u2013 Le forum \u00ab\u00a0Un emploi pour tous\u00a0\u00bb est bient\u00f4t de retour\",\"datePublished\":\"2025-01-09T13:12:03+00:00\",\"dateModified\":\"2025-01-09T13:01:35+00:00\",\"mainEntityOfPage\":{\"@id\":\"https:\/\/vosgesinfo.fr\/saintdieinfo\/2025\/01\/raon-letape-le-forum-un-emploi-pour-tous-est-bientot-de-retour\/\"},\"wordCount\":108,\"commentCount\":0,\"publisher\":{\"@id\":\"https:\/\/vosgesinfo.fr\/saintdieinfo\/#organization\"},\"image\":{\"@id\":\"https:\/\/vosgesinfo.fr\/saintdieinfo\/2025\/01\/raon-letape-le-forum-un-emploi-pour-tous-est-bientot-de-retour\/#primaryimage\"},\"thumbnailUrl\":\"https:\/\/vosgesinfo.fr\/app\/uploads\/sites\/4\/2025\/01\/raon-letape-un-emploi-pour-tous.jpg\",\"keywords\":[\"Forum de l'emploi\",\"Raon-l\u2019Etape\",\"Salle Beauregard\",\"Un emploi pour tous !\"],\"articleSection\":[\"A la Une\",\"D\u00e9odatie\",\"\u00c9conomie\"],\"inLanguage\":\"fr-FR\",\"potentialAction\":[{\"@type\":\"CommentAction\",\"name\":\"Comment\",\"target\":[\"https:\/\/vosgesinfo.fr\/saintdieinfo\/2025\/01\/raon-letape-le-forum-un-emploi-pour-tous-est-bientot-de-retour\/#respond\"]}]},{\"@type\":\"WebPage\",\"@id\":\"https:\/\/vosgesinfo.fr\/saintdieinfo\/2025\/01\/raon-letape-le-forum-un-emploi-pour-tous-est-bientot-de-retour\/\",\"url\":\"https:\/\/vosgesinfo.fr\/saintdieinfo\/2025\/01\/raon-letape-le-forum-un-emploi-pour-tous-est-bientot-de-retour\/\",\"name\":\"Raon-l'\u00c9tape \u2013 Le forum \\\"Un emploi pour tous\\\" est bient\u00f4t de retour - Saint Die Info\",\"isPartOf\":{\"@id\":\"https:\/\/vosgesinfo.fr\/saintdieinfo\/#website\"},\"primaryImageOfPage\":{\"@id\":\"https:\/\/vosgesinfo.fr\/saintdieinfo\/2025\/01\/raon-letape-le-forum-un-emploi-pour-tous-est-bientot-de-retour\/#primaryimage\"},\"image\":{\"@id\":\"https:\/\/vosgesinfo.fr\/saintdieinfo\/2025\/01\/raon-letape-le-forum-un-emploi-pour-tous-est-bientot-de-retour\/#primaryimage\"},\"thumbnailUrl\":\"https:\/\/vosgesinfo.fr\/app\/uploads\/sites\/4\/2025\/01\/raon-letape-un-emploi-pour-tous.jpg\",\"datePublished\":\"2025-01-09T13:12:03+00:00\",\"dateModified\":\"2025-01-09T13:01:35+00:00\",\"breadcrumb\":{\"@id\":\"https:\/\/vosgesinfo.fr\/saintdieinfo\/2025\/01\/raon-letape-le-forum-un-emploi-pour-tous-est-bientot-de-retour\/#breadcrumb\"},\"inLanguage\":\"fr-FR\",\"potentialAction\":[{\"@type\":\"ReadAction\",\"target\":[\"https:\/\/vosgesinfo.fr\/saintdieinfo\/2025\/01\/raon-letape-le-forum-un-emploi-pour-tous-est-bientot-de-retour\/\"]}]},{\"@type\":\"ImageObject\",\"inLanguage\":\"fr-FR\",\"@id\":\"https:\/\/vosgesinfo.fr\/saintdieinfo\/2025\/01\/raon-letape-le-forum-un-emploi-pour-tous-est-bientot-de-retour\/#primaryimage\",\"url\":\"https:\/\/vosgesinfo.fr\/app\/uploads\/sites\/4\/2025\/01\/raon-letape-un-emploi-pour-tous.jpg\",\"contentUrl\":\"https:\/\/vosgesinfo.fr\/app\/uploads\/sites\/4\/2025\/01\/raon-letape-un-emploi-pour-tous.jpg\",\"width\":950,\"height\":1343},{\"@type\":\"BreadcrumbList\",\"@id\":\"https:\/\/vosgesinfo.fr\/saintdieinfo\/2025\/01\/raon-letape-le-forum-un-emploi-pour-tous-est-bientot-de-retour\/#breadcrumb\",\"itemListElement\":[{\"@type\":\"ListItem\",\"position\":1,\"name\":\"Home\",\"item\":\"https:\/\/vosgesinfo.fr\/saintdieinfo\/\"},{\"@type\":\"ListItem\",\"position\":2,\"name\":\"Raon-l&rsquo;\u00c9tape \u2013 Le forum \u00ab\u00a0Un emploi pour tous\u00a0\u00bb est bient\u00f4t de retour\"}]},{\"@type\":\"WebSite\",\"@id\":\"https:\/\/vosgesinfo.fr\/saintdieinfo\/#website\",\"url\":\"https:\/\/vosgesinfo.fr\/saintdieinfo\/\",\"name\":\"Saint Die Info\",\"description\":\"Toute l&#039;actualit\u00e9 de Saint-Di\u00e9-Des-Vosges\",\"publisher\":{\"@id\":\"https:\/\/vosgesinfo.fr\/saintdieinfo\/#organization\"},\"alternateName\":\"Toute l'actualit\u00e9 de Saint-Di\u00e9-Des-Vosges\",\"potentialAction\":[{\"@type\":\"SearchAction\",\"target\":{\"@type\":\"EntryPoint\",\"urlTemplate\":\"https:\/\/vosgesinfo.fr\/saintdieinfo\/?s={search_term_string}\"},\"query-input\":\"required name=search_term_string\"}],\"inLanguage\":\"fr-FR\"},{\"@type\":\"Organization\",\"@id\":\"https:\/\/vosgesinfo.fr\/saintdieinfo\/#organization\",\"name\":\"Saint Die Info\",\"url\":\"https:\/\/vosgesinfo.fr\/saintdieinfo\/\",\"logo\":{\"@type\":\"ImageObject\",\"inLanguage\":\"fr-FR\",\"@id\":\"https:\/\/vosgesinfo.fr\/saintdieinfo\/#\/schema\/logo\/image\/\",\"url\":\"https:\/\/vosgesinfo.fr\/app\/uploads\/sites\/4\/2024\/02\/logo-sdi.jpg\",\"contentUrl\":\"https:\/\/vosgesinfo.fr\/app\/uploads\/sites\/4\/2024\/02\/logo-sdi.jpg\",\"width\":600,\"height\":600,\"caption\":\"Saint Die Info\"},\"image\":{\"@id\":\"https:\/\/vosgesinfo.fr\/saintdieinfo\/#\/schema\/logo\/image\/\"},\"sameAs\":[\"https:\/\/www.facebook.com\/Saintdieinfofr\",\"https:\/\/x.com\/VosgesInfo88\",\"https:\/\/www.youtube.com\/@vosgesinfo\"]},{\"@type\":\"Person\",\"@id\":\"https:\/\/vosgesinfo.fr\/saintdieinfo\/#\/schema\/person\/fa73e9f726d67bb88f46d5b7943cb572\",\"name\":\"J.J.\",\"image\":{\"@type\":\"ImageObject\",\"inLanguage\":\"fr-FR\",\"@id\":\"https:\/\/vosgesinfo.fr\/saintdieinfo\/#\/schema\/person\/image\/\",\"url\":\"https:\/\/secure.gravatar.com\/avatar\/219e749e47ffbcca018a360ae4add7d4cdf1cdaaf8bc7676b27efade3fe65615?s=96&d=mm&r=g\",\"contentUrl\":\"https:\/\/secure.gravatar.com\/avatar\/219e749e47ffbcca018a360ae4add7d4cdf1cdaaf8bc7676b27efade3fe65615?s=96&d=mm&r=g\",\"caption\":\"J.J.\"},\"url\":\"https:\/\/vosgesinfo.fr\/saintdieinfo\/author\/j-j\/\"}]}<\/script>\n<!-- \/ Yoast SEO plugin. -->","yoast_head_json":{"title":"Raon-l'\u00c9tape \u2013 Le forum \"Un emploi pour tous\" est bient\u00f4t de retour - Saint Die Info","robots":{"index":"index","follow":"follow","max-snippet":"max-snippet:-1","max-image-preview":"max-image-preview:large","max-video-preview":"max-video-preview:-1"},"canonical":"https:\/\/vosgesinfo.fr\/saintdieinfo\/2025\/01\/raon-letape-le-forum-un-emploi-pour-tous-est-bientot-de-retour\/","twitter_card":"summary_large_image","twitter_title":"Raon-l'\u00c9tape \u2013 Le forum \"Un emploi pour tous\" est bient\u00f4t de retour - Saint Die Info","twitter_description":"La Ville de Raon-l&rsquo;\u00c9tape organise, avec la Communaut\u00e9 d&rsquo;Agglom\u00e9ration ainsi que les Communes d&rsquo;Etival-Clairefontaine et Moyenmoutier, le forum de l&#8217;emploi [&hellip;]","twitter_image":"https:\/\/vosgesinfo.fr\/app\/uploads\/sites\/4\/2025\/01\/raon-letape-un-emploi-pour-tous.jpg","twitter_creator":"@VosgesInfo88","twitter_site":"@VosgesInfo88","twitter_misc":{"\u00c9crit par":"J.J."},"schema":{"@context":"https:\/\/schema.org","@graph":[{"@type":"Article","@id":"https:\/\/vosgesinfo.fr\/saintdieinfo\/2025\/01\/raon-letape-le-forum-un-emploi-pour-tous-est-bientot-de-retour\/#article","isPartOf":{"@id":"https:\/\/vosgesinfo.fr\/saintdieinfo\/2025\/01\/raon-letape-le-forum-un-emploi-pour-tous-est-bientot-de-retour\/"},"author":{"name":"J.J.","@id":"https:\/\/vosgesinfo.fr\/saintdieinfo\/#\/schema\/person\/fa73e9f726d67bb88f46d5b7943cb572"},"headline":"Raon-l&rsquo;\u00c9tape \u2013 Le forum \u00ab\u00a0Un emploi pour tous\u00a0\u00bb est bient\u00f4t de retour","datePublished":"2025-01-09T13:12:03+00:00","dateModified":"2025-01-09T13:01:35+00:00","mainEntityOfPage":{"@id":"https:\/\/vosgesinfo.fr\/saintdieinfo\/2025\/01\/raon-letape-le-forum-un-emploi-pour-tous-est-bientot-de-retour\/"},"wordCount":108,"commentCount":0,"publisher":{"@id":"https:\/\/vosgesinfo.fr\/saintdieinfo\/#organization"},"image":{"@id":"https:\/\/vosgesinfo.fr\/saintdieinfo\/2025\/01\/raon-letape-le-forum-un-emploi-pour-tous-est-bientot-de-retour\/#primaryimage"},"thumbnailUrl":"https:\/\/vosgesinfo.fr\/app\/uploads\/sites\/4\/2025\/01\/raon-letape-un-emploi-pour-tous.jpg","keywords":["Forum de l'emploi","Raon-l\u2019Etape","Salle Beauregard","Un emploi pour tous !"],"articleSection":["A la Une","D\u00e9odatie","\u00c9conomie"],"inLanguage":"fr-FR","potentialAction":[{"@type":"CommentAction","name":"Comment","target":["https:\/\/vosgesinfo.fr\/saintdieinfo\/2025\/01\/raon-letape-le-forum-un-emploi-pour-tous-est-bientot-de-retour\/#respond"]}]},{"@type":"WebPage","@id":"https:\/\/vosgesinfo.fr\/saintdieinfo\/2025\/01\/raon-letape-le-forum-un-emploi-pour-tous-est-bientot-de-retour\/","url":"https:\/\/vosgesinfo.fr\/saintdieinfo\/2025\/01\/raon-letape-le-forum-un-emploi-pour-tous-est-bientot-de-retour\/","name":"Raon-l'\u00c9tape \u2013 Le forum \"Un emploi pour tous\" est bient\u00f4t de retour - Saint Die Info","isPartOf":{"@id":"https:\/\/vosgesinfo.fr\/saintdieinfo\/#website"},"primaryImageOfPage":{"@id":"https:\/\/vosgesinfo.fr\/saintdieinfo\/2025\/01\/raon-letape-le-forum-un-emploi-pour-tous-est-bientot-de-retour\/#primaryimage"},"image":{"@id":"https:\/\/vosgesinfo.fr\/saintdieinfo\/2025\/01\/raon-letape-le-forum-un-emploi-pour-tous-est-bientot-de-retour\/#primaryimage"},"thumbnailUrl":"https:\/\/vosgesinfo.fr\/app\/uploads\/sites\/4\/2025\/01\/raon-letape-un-emploi-pour-tous.jpg","datePublished":"2025-01-09T13:12:03+00:00","dateModified":"2025-01-09T13:01:35+00:00","breadcrumb":{"@id":"https:\/\/vosgesinfo.fr\/saintdieinfo\/2025\/01\/raon-letape-le-forum-un-emploi-pour-tous-est-bientot-de-retour\/#breadcrumb"},"inLanguage":"fr-FR","potentialAction":[{"@type":"ReadAction","target":["https:\/\/vosgesinfo.fr\/saintdieinfo\/2025\/01\/raon-letape-le-forum-un-emploi-pour-tous-est-bientot-de-retour\/"]}]},{"@type":"ImageObject","inLanguage":"fr-FR","@id":"https:\/\/vosgesinfo.fr\/saintdieinfo\/2025\/01\/raon-letape-le-forum-un-emploi-pour-tous-est-bientot-de-retour\/#primaryimage","url":"https:\/\/vosgesinfo.fr\/app\/uploads\/sites\/4\/2025\/01\/raon-letape-un-emploi-pour-tous.jpg","contentUrl":"https:\/\/vosgesinfo.fr\/app\/uploads\/sites\/4\/2025\/01\/raon-letape-un-emploi-pour-tous.jpg","width":950,"height":1343},{"@type":"BreadcrumbList","@id":"https:\/\/vosgesinfo.fr\/saintdieinfo\/2025\/01\/raon-letape-le-forum-un-emploi-pour-tous-est-bientot-de-retour\/#breadcrumb","itemListElement":[{"@type":"ListItem","position":1,"name":"Home","item":"https:\/\/vosgesinfo.fr\/saintdieinfo\/"},{"@type":"ListItem","position":2,"name":"Raon-l&rsquo;\u00c9tape \u2013 Le forum \u00ab\u00a0Un emploi pour tous\u00a0\u00bb est bient\u00f4t de retour"}]},{"@type":"WebSite","@id":"https:\/\/vosgesinfo.fr\/saintdieinfo\/#website","url":"https:\/\/vosgesinfo.fr\/saintdieinfo\/","name":"Saint Die Info","description":"Toute l&#039;actualit\u00e9 de Saint-Di\u00e9-Des-Vosges","publisher":{"@id":"https:\/\/vosgesinfo.fr\/saintdieinfo\/#organization"},"alternateName":"Toute l'actualit\u00e9 de Saint-Di\u00e9-Des-Vosges","potentialAction":[{"@type":"SearchAction","target":{"@type":"EntryPoint","urlTemplate":"https:\/\/vosgesinfo.fr\/saintdieinfo\/?s={search_term_string}"},"query-input":"required name=search_term_string"}],"inLanguage":"fr-FR"},{"@type":"Organization","@id":"https:\/\/vosgesinfo.fr\/saintdieinfo\/#organization","name":"Saint Die Info","url":"https:\/\/vosgesinfo.fr\/saintdieinfo\/","logo":{"@type":"ImageObject","inLanguage":"fr-FR","@id":"https:\/\/vosgesinfo.fr\/saintdieinfo\/#\/schema\/logo\/image\/","url":"https:\/\/vosgesinfo.fr\/app\/uploads\/sites\/4\/2024\/02\/logo-sdi.jpg","contentUrl":"https:\/\/vosgesinfo.fr\/app\/uploads\/sites\/4\/2024\/02\/logo-sdi.jpg","width":600,"height":600,"caption":"Saint Die Info"},"image":{"@id":"https:\/\/vosgesinfo.fr\/saintdieinfo\/#\/schema\/logo\/image\/"},"sameAs":["https:\/\/www.facebook.com\/Saintdieinfofr","https:\/\/x.com\/VosgesInfo88","https:\/\/www.youtube.com\/@vosgesinfo"]},{"@type":"Person","@id":"https:\/\/vosgesinfo.fr\/saintdieinfo\/#\/schema\/person\/fa73e9f726d67bb88f46d5b7943cb572","name":"J.J.","image":{"@type":"ImageObject","inLanguage":"fr-FR","@id":"https:\/\/vosgesinfo.fr\/saintdieinfo\/#\/schema\/person\/image\/","url":"https:\/\/secure.gravatar.com\/avatar\/219e749e47ffbcca018a360ae4add7d4cdf1cdaaf8bc7676b27efade3fe65615?s=96&d=mm&r=g","contentUrl":"https:\/\/secure.gravatar.com\/avatar\/219e749e47ffbcca018a360ae4add7d4cdf1cdaaf8bc7676b27efade3fe65615?s=96&d=mm&r=g","caption":"J.J."},"url":"https:\/\/vosgesinfo.fr\/saintdieinfo\/author\/j-j\/"}]}},"_links":{"self":[{"href":"https:\/\/vosgesinfo.fr\/saintdieinfo\/wp-json\/wp\/v2\/posts\/72553","targetHints":{"allow":["GET"]}}],"collection":[{"href":"https:\/\/vosgesinfo.fr\/saintdieinfo\/wp-json\/wp\/v2\/posts"}],"about":[{"href":"https:\/\/vosgesinfo.fr\/saintdieinfo\/wp-json\/wp\/v2\/types\/post"}],"author":[{"embeddable":true,"href":"https:\/\/vosgesinfo.fr\/saintdieinfo\/wp-json\/wp\/v2\/users\/46"}],"replies":[{"embeddable":true,"href":"https:\/\/vosgesinfo.fr\/saintdieinfo\/wp-json\/wp\/v2\/comments?post=72553"}],"version-history":[{"count":1,"href":"https:\/\/vosgesinfo.fr\/saintdieinfo\/wp-json\/wp\/v2\/posts\/72553\/revisions"}],"predecessor-version":[{"id":72555,"href":"https:\/\/vosgesinfo.fr\/saintdieinfo\/wp-json\/wp\/v2\/posts\/72553\/revisions\/72555"}],"wp:featuredmedia":[{"embeddable":true,"href":"https:\/\/vosgesinfo.fr\/saintdieinfo\/wp-json\/wp\/v2\/media\/72554"}],"wp:attachment":[{"href":"https:\/\/vosgesinfo.fr\/saintdieinfo\/wp-json\/wp\/v2\/media?parent=72553"}],"wp:term":[{"taxonomy":"category","embeddable":true,"href":"https:\/\/vosgesinfo.fr\/saintdieinfo\/wp-json\/wp\/v2\/categories?post=72553"},{"taxonomy":"post_tag","embeddable":true,"href":"https:\/\/vosgesinfo.fr\/saintdieinfo\/wp-json\/wp\/v2\/tags?post=72553"}],"curies":[{"name":"wp","href":"https:\/\/api.w.org\/{rel}","templated":true}]}}