{"id":72557,"date":"2025-01-09T15:30:03","date_gmt":"2025-01-09T14:30:03","guid":{"rendered":"https:\/\/vosgesinfo.fr\/saintdieinfo\/?p=72557"},"modified":"2025-01-09T15:30:03","modified_gmt":"2025-01-09T14:30:03","slug":"retour-de-lemission-intervilles-savez-vous-quepinal-a-participe-a-plusieurs-reprises","status":"publish","type":"post","link":"https:\/\/vosgesinfo.fr\/saintdieinfo\/2025\/01\/retour-de-lemission-intervilles-savez-vous-quepinal-a-participe-a-plusieurs-reprises\/","title":{"rendered":"Retour de l&rsquo;\u00e9mission Intervilles : Savez-vous qu&rsquo;\u00c9pinal a particip\u00e9 \u00e0 plusieurs reprises ?"},"content":{"rendered":"<div id=\"attachment_77224\" style=\"width: 1034px\" class=\"wp-caption aligncenter\"><a href=\"https:\/\/vosgesinfo.fr\/app\/uploads\/sites\/5\/2025\/01\/intervilles-epinal-.png\"><img decoding=\"async\" aria-describedby=\"caption-attachment-77224\" class=\"size-large wp-image-77224\" src=\"https:\/\/vosgesinfo.fr\/app\/uploads\/sites\/5\/2025\/01\/intervilles-epinal--1024x603.png\" alt=\"\" width=\"1024\" height=\"603\" \/><\/a><p id=\"caption-attachment-77224\" class=\"wp-caption-text\">Cr\u00e9dit : Capture d&rsquo;\u00e9cran vid\u00e9o Youtube. Epinal contre Vichy.\u00a0<\/p><\/div>\n<p><strong>Depuis quelques ann\u00e9es d\u00e9j\u00e0, un retour de l&rsquo;\u00e9mission culte Intervilles est en pr\u00e9paration. Le retour de l&rsquo;\u00e9mission lanc\u00e9e en 1962 par Guy Lux semble se confirmer pour l&rsquo;\u00e9t\u00e9 2025, mais savez-vous que la ville d&rsquo;\u00c9pinal a particip\u00e9 \u00e0 plusieurs reprises au jeu t\u00e9l\u00e9vis\u00e9 ? Elle a affront\u00e9 plusieurs communes de France, mais \u00e9galement une ville vosgienne voisine : Saint-Di\u00e9-des-Vosges !\u00a0<\/strong><\/p>\n<h4>Une premi\u00e8re participation en 1990<\/h4>\n<p>La toute premi\u00e8re fois qu&rsquo;\u00c9pinal s&rsquo;est lanc\u00e9e au d\u00e9fi du jeu t\u00e9l\u00e9vis\u00e9 Intervilles, c&rsquo;\u00e9tait contre Ch\u00e2teauroux, le 17 ao\u00fbt 1990. Au cours de l&rsquo;\u00e9mission, pr\u00e9sent\u00e9e par Guy Lux, la cit\u00e9 des images \u00e9tait ressortie victorieuse des \u00e9preuves.<\/p>\n<h4>Une d\u00e9faite en 1991<\/h4>\n<p>Un an apr\u00e8s sa premi\u00e8re participation, la ville a cette fois affront\u00e9 Vichy. Malheureusement, \u00c9pinal n&rsquo;a pas eu la m\u00eame chance et l&rsquo;\u00e9mission s&rsquo;est sold\u00e9e par une victoire de la ville concurrente.<\/p>\n<p><iframe loading=\"lazy\" title=\"Intervilles 91 (extrait)\" width=\"500\" height=\"281\" src=\"https:\/\/www.youtube.com\/embed\/INX49CTMiHA?feature=oembed\" frameborder=\"0\" allow=\"accelerometer; autoplay; clipboard-write; encrypted-media; gyroscope; picture-in-picture; web-share\" referrerpolicy=\"strict-origin-when-cross-origin\" allowfullscreen><\/iframe><\/p>\n<h6 style=\"text-align: center;\">Vid\u00e9o Youtube : @patrickroysiteofficiel &#8211; Archives INA.<\/h6>\n<h4>Jamais deux sans trois !<\/h4>\n<p>Six ans plus tard, le chef-lieu des Vosges a particip\u00e9 de nouveau au c\u00e9l\u00e8bre jeu, mais avec quelques changements notables : c&rsquo;est Jean-Pierre Foucault qui a repris les r\u00eanes de la pr\u00e9sentation de l&rsquo;\u00e9mission, avec des co-animateurs tels qu&rsquo;Olivier Chiabodo, Thierry Roland ou encore Nathalie Simon. Une autre nouveaut\u00e9 ? \u00c9pinal rencontrait une ville toute proche, qui n&rsquo;\u00e9tait autre que Saint-Di\u00e9-des-Vosges !<\/p>\n<p>Alors le retour d&rsquo;une nouvelle saison de l&rsquo;\u00e9mission donnera peut-\u00eatre envie aux spinaliens de se lancer \u00e0 nouveau dans le d\u00e9fi, qui sera a priori pr\u00e9sent\u00e9 par Nagui et&#8230; sans vachettes !<\/p>\n<p>&nbsp;<\/p>\n<p>&nbsp;<\/p>\n","protected":false},"excerpt":{"rendered":"<p>Depuis quelques ann\u00e9es d\u00e9j\u00e0, un retour de l&rsquo;\u00e9mission culte Intervilles est en pr\u00e9paration. Le retour de l&rsquo;\u00e9mission lanc\u00e9e en 1962 [&hellip;]<\/p>\n","protected":false},"author":418,"featured_media":72558,"comment_status":"open","ping_status":"open","sticky":false,"template":"","format":"standard","meta":{"footnotes":""},"categories":[460,5392,5391,5389,4099,4100],"tags":[41,15732,2054],"class_list":["post-72557","post","type-post","status-publish","format-standard","has-post-thumbnail","hentry","category-a-la-une","category-epinal","category-gerardmer","category-la-plaine-des-vosges","category-remiremont","category-saint-die","tag-epinal","tag-intervilles","tag-jeu-televise"],"acf":[],"yoast_head":"<!-- This site is optimized with the Yoast SEO plugin v22.5 - https:\/\/yoast.com\/wordpress\/plugins\/seo\/ -->\n<title>Retour de l&#039;\u00e9mission Intervilles : Savez-vous qu&#039;\u00c9pinal a particip\u00e9 \u00e0 plusieurs reprises ? - Saint Die Info<\/title>\n<meta name=\"robots\" content=\"index, follow, max-snippet:-1, max-image-preview:large, max-video-preview:-1\" \/>\n<link rel=\"canonical\" href=\"https:\/\/vosgesinfo.fr\/saintdieinfo\/2025\/01\/retour-de-lemission-intervilles-savez-vous-quepinal-a-participe-a-plusieurs-reprises\/\" \/>\n<meta name=\"twitter:card\" content=\"summary_large_image\" \/>\n<meta name=\"twitter:title\" content=\"Retour de l&#039;\u00e9mission Intervilles : Savez-vous qu&#039;\u00c9pinal a particip\u00e9 \u00e0 plusieurs reprises ? - Saint Die Info\" \/>\n<meta name=\"twitter:description\" content=\"Depuis quelques ann\u00e9es d\u00e9j\u00e0, un retour de l&rsquo;\u00e9mission culte Intervilles est en pr\u00e9paration. Le retour de l&rsquo;\u00e9mission lanc\u00e9e en 1962 [&hellip;]\" \/>\n<meta name=\"twitter:image\" content=\"https:\/\/vosgesinfo.fr\/app\/uploads\/sites\/4\/2025\/01\/intervilles-epinal-.png\" \/>\n<meta name=\"twitter:creator\" content=\"@VosgesInfo88\" \/>\n<meta name=\"twitter:site\" content=\"@VosgesInfo88\" \/>\n<meta name=\"twitter:label1\" content=\"\u00c9crit par\" \/>\n\t<meta name=\"twitter:data1\" content=\"C.M\" \/>\n\t<meta name=\"twitter:label2\" content=\"Dur\u00e9e de lecture estim\u00e9e\" \/>\n\t<meta name=\"twitter:data2\" content=\"1 minute\" \/>\n<script type=\"application\/ld+json\" class=\"yoast-schema-graph\">{\"@context\":\"https:\/\/schema.org\",\"@graph\":[{\"@type\":\"Article\",\"@id\":\"https:\/\/vosgesinfo.fr\/saintdieinfo\/2025\/01\/retour-de-lemission-intervilles-savez-vous-quepinal-a-participe-a-plusieurs-reprises\/#article\",\"isPartOf\":{\"@id\":\"https:\/\/vosgesinfo.fr\/saintdieinfo\/2025\/01\/retour-de-lemission-intervilles-savez-vous-quepinal-a-participe-a-plusieurs-reprises\/\"},\"author\":{\"name\":\"C.M\",\"@id\":\"https:\/\/vosgesinfo.fr\/saintdieinfo\/#\/schema\/person\/4f38cd3068e342935b7304695c797d08\"},\"headline\":\"Retour de l&rsquo;\u00e9mission Intervilles : Savez-vous qu&rsquo;\u00c9pinal a particip\u00e9 \u00e0 plusieurs reprises ?\",\"datePublished\":\"2025-01-09T14:30:03+00:00\",\"dateModified\":\"2025-01-09T14:30:03+00:00\",\"mainEntityOfPage\":{\"@id\":\"https:\/\/vosgesinfo.fr\/saintdieinfo\/2025\/01\/retour-de-lemission-intervilles-savez-vous-quepinal-a-participe-a-plusieurs-reprises\/\"},\"wordCount\":317,\"commentCount\":0,\"publisher\":{\"@id\":\"https:\/\/vosgesinfo.fr\/saintdieinfo\/#organization\"},\"image\":{\"@id\":\"https:\/\/vosgesinfo.fr\/saintdieinfo\/2025\/01\/retour-de-lemission-intervilles-savez-vous-quepinal-a-participe-a-plusieurs-reprises\/#primaryimage\"},\"thumbnailUrl\":\"https:\/\/vosgesinfo.fr\/app\/uploads\/sites\/4\/2025\/01\/intervilles-epinal-.png\",\"keywords\":[\"Epinal\",\"Intervilles\",\"Jeu t\u00e9l\u00e9vis\u00e9\"],\"articleSection\":[\"A la Une\",\"Epinal\",\"Gerardmer\",\"La plaine des vosges\",\"Remiremont\",\"Saint-di\u00e9\"],\"inLanguage\":\"fr-FR\",\"potentialAction\":[{\"@type\":\"CommentAction\",\"name\":\"Comment\",\"target\":[\"https:\/\/vosgesinfo.fr\/saintdieinfo\/2025\/01\/retour-de-lemission-intervilles-savez-vous-quepinal-a-participe-a-plusieurs-reprises\/#respond\"]}]},{\"@type\":\"WebPage\",\"@id\":\"https:\/\/vosgesinfo.fr\/saintdieinfo\/2025\/01\/retour-de-lemission-intervilles-savez-vous-quepinal-a-participe-a-plusieurs-reprises\/\",\"url\":\"https:\/\/vosgesinfo.fr\/saintdieinfo\/2025\/01\/retour-de-lemission-intervilles-savez-vous-quepinal-a-participe-a-plusieurs-reprises\/\",\"name\":\"Retour de l'\u00e9mission Intervilles : Savez-vous qu'\u00c9pinal a particip\u00e9 \u00e0 plusieurs reprises ? - Saint Die Info\",\"isPartOf\":{\"@id\":\"https:\/\/vosgesinfo.fr\/saintdieinfo\/#website\"},\"primaryImageOfPage\":{\"@id\":\"https:\/\/vosgesinfo.fr\/saintdieinfo\/2025\/01\/retour-de-lemission-intervilles-savez-vous-quepinal-a-participe-a-plusieurs-reprises\/#primaryimage\"},\"image\":{\"@id\":\"https:\/\/vosgesinfo.fr\/saintdieinfo\/2025\/01\/retour-de-lemission-intervilles-savez-vous-quepinal-a-participe-a-plusieurs-reprises\/#primaryimage\"},\"thumbnailUrl\":\"https:\/\/vosgesinfo.fr\/app\/uploads\/sites\/4\/2025\/01\/intervilles-epinal-.png\",\"datePublished\":\"2025-01-09T14:30:03+00:00\",\"dateModified\":\"2025-01-09T14:30:03+00:00\",\"breadcrumb\":{\"@id\":\"https:\/\/vosgesinfo.fr\/saintdieinfo\/2025\/01\/retour-de-lemission-intervilles-savez-vous-quepinal-a-participe-a-plusieurs-reprises\/#breadcrumb\"},\"inLanguage\":\"fr-FR\",\"potentialAction\":[{\"@type\":\"ReadAction\",\"target\":[\"https:\/\/vosgesinfo.fr\/saintdieinfo\/2025\/01\/retour-de-lemission-intervilles-savez-vous-quepinal-a-participe-a-plusieurs-reprises\/\"]}]},{\"@type\":\"ImageObject\",\"inLanguage\":\"fr-FR\",\"@id\":\"https:\/\/vosgesinfo.fr\/saintdieinfo\/2025\/01\/retour-de-lemission-intervilles-savez-vous-quepinal-a-participe-a-plusieurs-reprises\/#primaryimage\",\"url\":\"https:\/\/vosgesinfo.fr\/app\/uploads\/sites\/4\/2025\/01\/intervilles-epinal-.png\",\"contentUrl\":\"https:\/\/vosgesinfo.fr\/app\/uploads\/sites\/4\/2025\/01\/intervilles-epinal-.png\",\"width\":1412,\"height\":832},{\"@type\":\"BreadcrumbList\",\"@id\":\"https:\/\/vosgesinfo.fr\/saintdieinfo\/2025\/01\/retour-de-lemission-intervilles-savez-vous-quepinal-a-participe-a-plusieurs-reprises\/#breadcrumb\",\"itemListElement\":[{\"@type\":\"ListItem\",\"position\":1,\"name\":\"Home\",\"item\":\"https:\/\/vosgesinfo.fr\/saintdieinfo\/\"},{\"@type\":\"ListItem\",\"position\":2,\"name\":\"Retour de l&rsquo;\u00e9mission Intervilles : Savez-vous qu&rsquo;\u00c9pinal a particip\u00e9 \u00e0 plusieurs reprises ?\"}]},{\"@type\":\"WebSite\",\"@id\":\"https:\/\/vosgesinfo.fr\/saintdieinfo\/#website\",\"url\":\"https:\/\/vosgesinfo.fr\/saintdieinfo\/\",\"name\":\"Saint Die Info\",\"description\":\"Toute l&#039;actualit\u00e9 de Saint-Di\u00e9-Des-Vosges\",\"publisher\":{\"@id\":\"https:\/\/vosgesinfo.fr\/saintdieinfo\/#organization\"},\"alternateName\":\"Toute l'actualit\u00e9 de Saint-Di\u00e9-Des-Vosges\",\"potentialAction\":[{\"@type\":\"SearchAction\",\"target\":{\"@type\":\"EntryPoint\",\"urlTemplate\":\"https:\/\/vosgesinfo.fr\/saintdieinfo\/?s={search_term_string}\"},\"query-input\":\"required name=search_term_string\"}],\"inLanguage\":\"fr-FR\"},{\"@type\":\"Organization\",\"@id\":\"https:\/\/vosgesinfo.fr\/saintdieinfo\/#organization\",\"name\":\"Saint Die Info\",\"url\":\"https:\/\/vosgesinfo.fr\/saintdieinfo\/\",\"logo\":{\"@type\":\"ImageObject\",\"inLanguage\":\"fr-FR\",\"@id\":\"https:\/\/vosgesinfo.fr\/saintdieinfo\/#\/schema\/logo\/image\/\",\"url\":\"https:\/\/vosgesinfo.fr\/app\/uploads\/sites\/4\/2024\/02\/logo-sdi.jpg\",\"contentUrl\":\"https:\/\/vosgesinfo.fr\/app\/uploads\/sites\/4\/2024\/02\/logo-sdi.jpg\",\"width\":600,\"height\":600,\"caption\":\"Saint Die Info\"},\"image\":{\"@id\":\"https:\/\/vosgesinfo.fr\/saintdieinfo\/#\/schema\/logo\/image\/\"},\"sameAs\":[\"https:\/\/www.facebook.com\/Saintdieinfofr\",\"https:\/\/x.com\/VosgesInfo88\",\"https:\/\/www.youtube.com\/@vosgesinfo\"]},{\"@type\":\"Person\",\"@id\":\"https:\/\/vosgesinfo.fr\/saintdieinfo\/#\/schema\/person\/4f38cd3068e342935b7304695c797d08\",\"name\":\"C.M\",\"image\":{\"@type\":\"ImageObject\",\"inLanguage\":\"fr-FR\",\"@id\":\"https:\/\/vosgesinfo.fr\/saintdieinfo\/#\/schema\/person\/image\/\",\"url\":\"https:\/\/secure.gravatar.com\/avatar\/fe9daaef0164d920717484172682f3c5c9bcf7d42aa8c7048c76c34f0eb6c8da?s=96&d=mm&r=g\",\"contentUrl\":\"https:\/\/secure.gravatar.com\/avatar\/fe9daaef0164d920717484172682f3c5c9bcf7d42aa8c7048c76c34f0eb6c8da?s=96&d=mm&r=g\",\"caption\":\"C.M\"},\"url\":\"https:\/\/vosgesinfo.fr\/saintdieinfo\/author\/cm88200\/\"}]}<\/script>\n<!-- \/ Yoast SEO plugin. -->","yoast_head_json":{"title":"Retour de l'\u00e9mission Intervilles : Savez-vous qu'\u00c9pinal a particip\u00e9 \u00e0 plusieurs reprises ? - Saint Die Info","robots":{"index":"index","follow":"follow","max-snippet":"max-snippet:-1","max-image-preview":"max-image-preview:large","max-video-preview":"max-video-preview:-1"},"canonical":"https:\/\/vosgesinfo.fr\/saintdieinfo\/2025\/01\/retour-de-lemission-intervilles-savez-vous-quepinal-a-participe-a-plusieurs-reprises\/","twitter_card":"summary_large_image","twitter_title":"Retour de l'\u00e9mission Intervilles : Savez-vous qu'\u00c9pinal a particip\u00e9 \u00e0 plusieurs reprises ? - Saint Die Info","twitter_description":"Depuis quelques ann\u00e9es d\u00e9j\u00e0, un retour de l&rsquo;\u00e9mission culte Intervilles est en pr\u00e9paration. Le retour de l&rsquo;\u00e9mission lanc\u00e9e en 1962 [&hellip;]","twitter_image":"https:\/\/vosgesinfo.fr\/app\/uploads\/sites\/4\/2025\/01\/intervilles-epinal-.png","twitter_creator":"@VosgesInfo88","twitter_site":"@VosgesInfo88","twitter_misc":{"\u00c9crit par":"C.M","Dur\u00e9e de lecture estim\u00e9e":"1 minute"},"schema":{"@context":"https:\/\/schema.org","@graph":[{"@type":"Article","@id":"https:\/\/vosgesinfo.fr\/saintdieinfo\/2025\/01\/retour-de-lemission-intervilles-savez-vous-quepinal-a-participe-a-plusieurs-reprises\/#article","isPartOf":{"@id":"https:\/\/vosgesinfo.fr\/saintdieinfo\/2025\/01\/retour-de-lemission-intervilles-savez-vous-quepinal-a-participe-a-plusieurs-reprises\/"},"author":{"name":"C.M","@id":"https:\/\/vosgesinfo.fr\/saintdieinfo\/#\/schema\/person\/4f38cd3068e342935b7304695c797d08"},"headline":"Retour de l&rsquo;\u00e9mission Intervilles : Savez-vous qu&rsquo;\u00c9pinal a particip\u00e9 \u00e0 plusieurs reprises ?","datePublished":"2025-01-09T14:30:03+00:00","dateModified":"2025-01-09T14:30:03+00:00","mainEntityOfPage":{"@id":"https:\/\/vosgesinfo.fr\/saintdieinfo\/2025\/01\/retour-de-lemission-intervilles-savez-vous-quepinal-a-participe-a-plusieurs-reprises\/"},"wordCount":317,"commentCount":0,"publisher":{"@id":"https:\/\/vosgesinfo.fr\/saintdieinfo\/#organization"},"image":{"@id":"https:\/\/vosgesinfo.fr\/saintdieinfo\/2025\/01\/retour-de-lemission-intervilles-savez-vous-quepinal-a-participe-a-plusieurs-reprises\/#primaryimage"},"thumbnailUrl":"https:\/\/vosgesinfo.fr\/app\/uploads\/sites\/4\/2025\/01\/intervilles-epinal-.png","keywords":["Epinal","Intervilles","Jeu t\u00e9l\u00e9vis\u00e9"],"articleSection":["A la Une","Epinal","Gerardmer","La plaine des vosges","Remiremont","Saint-di\u00e9"],"inLanguage":"fr-FR","potentialAction":[{"@type":"CommentAction","name":"Comment","target":["https:\/\/vosgesinfo.fr\/saintdieinfo\/2025\/01\/retour-de-lemission-intervilles-savez-vous-quepinal-a-participe-a-plusieurs-reprises\/#respond"]}]},{"@type":"WebPage","@id":"https:\/\/vosgesinfo.fr\/saintdieinfo\/2025\/01\/retour-de-lemission-intervilles-savez-vous-quepinal-a-participe-a-plusieurs-reprises\/","url":"https:\/\/vosgesinfo.fr\/saintdieinfo\/2025\/01\/retour-de-lemission-intervilles-savez-vous-quepinal-a-participe-a-plusieurs-reprises\/","name":"Retour de l'\u00e9mission Intervilles : Savez-vous qu'\u00c9pinal a particip\u00e9 \u00e0 plusieurs reprises ? - Saint Die Info","isPartOf":{"@id":"https:\/\/vosgesinfo.fr\/saintdieinfo\/#website"},"primaryImageOfPage":{"@id":"https:\/\/vosgesinfo.fr\/saintdieinfo\/2025\/01\/retour-de-lemission-intervilles-savez-vous-quepinal-a-participe-a-plusieurs-reprises\/#primaryimage"},"image":{"@id":"https:\/\/vosgesinfo.fr\/saintdieinfo\/2025\/01\/retour-de-lemission-intervilles-savez-vous-quepinal-a-participe-a-plusieurs-reprises\/#primaryimage"},"thumbnailUrl":"https:\/\/vosgesinfo.fr\/app\/uploads\/sites\/4\/2025\/01\/intervilles-epinal-.png","datePublished":"2025-01-09T14:30:03+00:00","dateModified":"2025-01-09T14:30:03+00:00","breadcrumb":{"@id":"https:\/\/vosgesinfo.fr\/saintdieinfo\/2025\/01\/retour-de-lemission-intervilles-savez-vous-quepinal-a-participe-a-plusieurs-reprises\/#breadcrumb"},"inLanguage":"fr-FR","potentialAction":[{"@type":"ReadAction","target":["https:\/\/vosgesinfo.fr\/saintdieinfo\/2025\/01\/retour-de-lemission-intervilles-savez-vous-quepinal-a-participe-a-plusieurs-reprises\/"]}]},{"@type":"ImageObject","inLanguage":"fr-FR","@id":"https:\/\/vosgesinfo.fr\/saintdieinfo\/2025\/01\/retour-de-lemission-intervilles-savez-vous-quepinal-a-participe-a-plusieurs-reprises\/#primaryimage","url":"https:\/\/vosgesinfo.fr\/app\/uploads\/sites\/4\/2025\/01\/intervilles-epinal-.png","contentUrl":"https:\/\/vosgesinfo.fr\/app\/uploads\/sites\/4\/2025\/01\/intervilles-epinal-.png","width":1412,"height":832},{"@type":"BreadcrumbList","@id":"https:\/\/vosgesinfo.fr\/saintdieinfo\/2025\/01\/retour-de-lemission-intervilles-savez-vous-quepinal-a-participe-a-plusieurs-reprises\/#breadcrumb","itemListElement":[{"@type":"ListItem","position":1,"name":"Home","item":"https:\/\/vosgesinfo.fr\/saintdieinfo\/"},{"@type":"ListItem","position":2,"name":"Retour de l&rsquo;\u00e9mission Intervilles : Savez-vous qu&rsquo;\u00c9pinal a particip\u00e9 \u00e0 plusieurs reprises ?"}]},{"@type":"WebSite","@id":"https:\/\/vosgesinfo.fr\/saintdieinfo\/#website","url":"https:\/\/vosgesinfo.fr\/saintdieinfo\/","name":"Saint Die Info","description":"Toute l&#039;actualit\u00e9 de Saint-Di\u00e9-Des-Vosges","publisher":{"@id":"https:\/\/vosgesinfo.fr\/saintdieinfo\/#organization"},"alternateName":"Toute l'actualit\u00e9 de Saint-Di\u00e9-Des-Vosges","potentialAction":[{"@type":"SearchAction","target":{"@type":"EntryPoint","urlTemplate":"https:\/\/vosgesinfo.fr\/saintdieinfo\/?s={search_term_string}"},"query-input":"required name=search_term_string"}],"inLanguage":"fr-FR"},{"@type":"Organization","@id":"https:\/\/vosgesinfo.fr\/saintdieinfo\/#organization","name":"Saint Die Info","url":"https:\/\/vosgesinfo.fr\/saintdieinfo\/","logo":{"@type":"ImageObject","inLanguage":"fr-FR","@id":"https:\/\/vosgesinfo.fr\/saintdieinfo\/#\/schema\/logo\/image\/","url":"https:\/\/vosgesinfo.fr\/app\/uploads\/sites\/4\/2024\/02\/logo-sdi.jpg","contentUrl":"https:\/\/vosgesinfo.fr\/app\/uploads\/sites\/4\/2024\/02\/logo-sdi.jpg","width":600,"height":600,"caption":"Saint Die Info"},"image":{"@id":"https:\/\/vosgesinfo.fr\/saintdieinfo\/#\/schema\/logo\/image\/"},"sameAs":["https:\/\/www.facebook.com\/Saintdieinfofr","https:\/\/x.com\/VosgesInfo88","https:\/\/www.youtube.com\/@vosgesinfo"]},{"@type":"Person","@id":"https:\/\/vosgesinfo.fr\/saintdieinfo\/#\/schema\/person\/4f38cd3068e342935b7304695c797d08","name":"C.M","image":{"@type":"ImageObject","inLanguage":"fr-FR","@id":"https:\/\/vosgesinfo.fr\/saintdieinfo\/#\/schema\/person\/image\/","url":"https:\/\/secure.gravatar.com\/avatar\/fe9daaef0164d920717484172682f3c5c9bcf7d42aa8c7048c76c34f0eb6c8da?s=96&d=mm&r=g","contentUrl":"https:\/\/secure.gravatar.com\/avatar\/fe9daaef0164d920717484172682f3c5c9bcf7d42aa8c7048c76c34f0eb6c8da?s=96&d=mm&r=g","caption":"C.M"},"url":"https:\/\/vosgesinfo.fr\/saintdieinfo\/author\/cm88200\/"}]}},"_links":{"self":[{"href":"https:\/\/vosgesinfo.fr\/saintdieinfo\/wp-json\/wp\/v2\/posts\/72557","targetHints":{"allow":["GET"]}}],"collection":[{"href":"https:\/\/vosgesinfo.fr\/saintdieinfo\/wp-json\/wp\/v2\/posts"}],"about":[{"href":"https:\/\/vosgesinfo.fr\/saintdieinfo\/wp-json\/wp\/v2\/types\/post"}],"author":[{"embeddable":true,"href":"https:\/\/vosgesinfo.fr\/saintdieinfo\/wp-json\/wp\/v2\/users\/418"}],"replies":[{"embeddable":true,"href":"https:\/\/vosgesinfo.fr\/saintdieinfo\/wp-json\/wp\/v2\/comments?post=72557"}],"version-history":[{"count":0,"href":"https:\/\/vosgesinfo.fr\/saintdieinfo\/wp-json\/wp\/v2\/posts\/72557\/revisions"}],"wp:featuredmedia":[{"embeddable":true,"href":"https:\/\/vosgesinfo.fr\/saintdieinfo\/wp-json\/wp\/v2\/media\/72558"}],"wp:attachment":[{"href":"https:\/\/vosgesinfo.fr\/saintdieinfo\/wp-json\/wp\/v2\/media?parent=72557"}],"wp:term":[{"taxonomy":"category","embeddable":true,"href":"https:\/\/vosgesinfo.fr\/saintdieinfo\/wp-json\/wp\/v2\/categories?post=72557"},{"taxonomy":"post_tag","embeddable":true,"href":"https:\/\/vosgesinfo.fr\/saintdieinfo\/wp-json\/wp\/v2\/tags?post=72557"}],"curies":[{"name":"wp","href":"https:\/\/api.w.org\/{rel}","templated":true}]}}