{"id":72603,"date":"2025-01-10T15:04:22","date_gmt":"2025-01-10T14:04:22","guid":{"rendered":"https:\/\/vosgesinfo.fr\/saintdieinfo\/?p=72603"},"modified":"2025-01-10T14:53:20","modified_gmt":"2025-01-10T13:53:20","slug":"reunion-publique-de-concertation-sur-la-mise-en-sens-unique-des-rues-de-richardiville-et-de-lhermitage","status":"publish","type":"post","link":"https:\/\/vosgesinfo.fr\/saintdieinfo\/2025\/01\/reunion-publique-de-concertation-sur-la-mise-en-sens-unique-des-rues-de-richardiville-et-de-lhermitage\/","title":{"rendered":"R\u00e9union publique de concertation sur la mise en sens unique des rues de Richardiville et de l&rsquo;Hermitage"},"content":{"rendered":"<div id=\"attachment_72604\" style=\"width: 1034px\" class=\"wp-caption alignnone\"><a href=\"https:\/\/vosgesinfo.fr\/app\/uploads\/sites\/4\/2025\/01\/maison-quartier-foucharupt-scaled.jpg\"><img decoding=\"async\" aria-describedby=\"caption-attachment-72604\" class=\"size-large wp-image-72604\" src=\"https:\/\/vosgesinfo.fr\/app\/uploads\/sites\/4\/2025\/01\/maison-quartier-foucharupt-1024x679.jpg\" alt=\"\" width=\"1024\" height=\"679\" srcset=\"https:\/\/vosgesinfo.fr\/app\/uploads\/sites\/4\/2025\/01\/maison-quartier-foucharupt-1024x679.jpg 1024w, https:\/\/vosgesinfo.fr\/app\/uploads\/sites\/4\/2025\/01\/maison-quartier-foucharupt-300x199.jpg 300w, https:\/\/vosgesinfo.fr\/app\/uploads\/sites\/4\/2025\/01\/maison-quartier-foucharupt-768x510.jpg 768w, https:\/\/vosgesinfo.fr\/app\/uploads\/sites\/4\/2025\/01\/maison-quartier-foucharupt-1536x1019.jpg 1536w, https:\/\/vosgesinfo.fr\/app\/uploads\/sites\/4\/2025\/01\/maison-quartier-foucharupt-2048x1359.jpg 2048w\" sizes=\"(max-width: 1024px) 100vw, 1024px\" \/><\/a><p id=\"caption-attachment-72604\" class=\"wp-caption-text\">(Capture d&rsquo;\u00e9cran Google Maps)<\/p><\/div>\n<h2>Mardi 14 janvier, \u00e0 partir de 19h, une r\u00e9union publique de concertation est organis\u00e9e \u00e0 la maison de quartier de Foucharupt. Cette r\u00e9union sera relative \u00e0 la mise en sens unique des rues de Richardiville et de l&rsquo;Hermitage, entre les rues du Petit-Saint-Di\u00e9 et Hector-Berlioz.<\/h2>\n","protected":false},"excerpt":{"rendered":"<p>Mardi 14 janvier, \u00e0 partir de 19h, une r\u00e9union publique de concertation est organis\u00e9e \u00e0 la maison de quartier de [&hellip;]<\/p>\n","protected":false},"author":46,"featured_media":72604,"comment_status":"open","ping_status":"open","sticky":false,"template":"","format":"standard","meta":{"footnotes":""},"categories":[460,167],"tags":[6019,15749,15748,15750,10736],"class_list":["post-72603","post","type-post","status-publish","format-standard","has-post-thumbnail","hentry","category-a-la-une","category-saint-die-des-vosges","tag-maison-de-quartier-de-foucharupt","tag-reunion-publique-de-concertation","tag-reunion-publique-de-concertation-sur-la-mise-en-sens-unique-des-rues-de-richardiville-et-de-lhermitage","tag-rue-de-lhermitage","tag-rue-de-richardville"],"acf":[],"yoast_head":"<!-- This site is optimized with the Yoast SEO plugin v22.5 - https:\/\/yoast.com\/wordpress\/plugins\/seo\/ -->\n<title>R\u00e9union publique de concertation sur la mise en sens unique des rues de Richardiville et de l&#039;Hermitage - Saint Die Info<\/title>\n<meta name=\"robots\" content=\"index, follow, max-snippet:-1, max-image-preview:large, max-video-preview:-1\" \/>\n<link rel=\"canonical\" href=\"https:\/\/vosgesinfo.fr\/saintdieinfo\/2025\/01\/reunion-publique-de-concertation-sur-la-mise-en-sens-unique-des-rues-de-richardiville-et-de-lhermitage\/\" \/>\n<meta name=\"twitter:card\" content=\"summary_large_image\" \/>\n<meta name=\"twitter:title\" content=\"R\u00e9union publique de concertation sur la mise en sens unique des rues de Richardiville et de l&#039;Hermitage - Saint Die Info\" \/>\n<meta name=\"twitter:description\" content=\"Mardi 14 janvier, \u00e0 partir de 19h, une r\u00e9union publique de concertation est organis\u00e9e \u00e0 la maison de quartier de [&hellip;]\" \/>\n<meta name=\"twitter:image\" content=\"https:\/\/vosgesinfo.fr\/app\/uploads\/sites\/4\/2025\/01\/maison-quartier-foucharupt-scaled.jpg\" \/>\n<meta name=\"twitter:creator\" content=\"@VosgesInfo88\" \/>\n<meta name=\"twitter:site\" content=\"@VosgesInfo88\" \/>\n<meta name=\"twitter:label1\" content=\"\u00c9crit par\" \/>\n\t<meta name=\"twitter:data1\" content=\"J.J.\" \/>\n<script type=\"application\/ld+json\" class=\"yoast-schema-graph\">{\"@context\":\"https:\/\/schema.org\",\"@graph\":[{\"@type\":\"Article\",\"@id\":\"https:\/\/vosgesinfo.fr\/saintdieinfo\/2025\/01\/reunion-publique-de-concertation-sur-la-mise-en-sens-unique-des-rues-de-richardiville-et-de-lhermitage\/#article\",\"isPartOf\":{\"@id\":\"https:\/\/vosgesinfo.fr\/saintdieinfo\/2025\/01\/reunion-publique-de-concertation-sur-la-mise-en-sens-unique-des-rues-de-richardiville-et-de-lhermitage\/\"},\"author\":{\"name\":\"J.J.\",\"@id\":\"https:\/\/vosgesinfo.fr\/saintdieinfo\/#\/schema\/person\/fa73e9f726d67bb88f46d5b7943cb572\"},\"headline\":\"R\u00e9union publique de concertation sur la mise en sens unique des rues de Richardiville et de l&rsquo;Hermitage\",\"datePublished\":\"2025-01-10T14:04:22+00:00\",\"dateModified\":\"2025-01-10T13:53:20+00:00\",\"mainEntityOfPage\":{\"@id\":\"https:\/\/vosgesinfo.fr\/saintdieinfo\/2025\/01\/reunion-publique-de-concertation-sur-la-mise-en-sens-unique-des-rues-de-richardiville-et-de-lhermitage\/\"},\"wordCount\":76,\"commentCount\":2,\"publisher\":{\"@id\":\"https:\/\/vosgesinfo.fr\/saintdieinfo\/#organization\"},\"image\":{\"@id\":\"https:\/\/vosgesinfo.fr\/saintdieinfo\/2025\/01\/reunion-publique-de-concertation-sur-la-mise-en-sens-unique-des-rues-de-richardiville-et-de-lhermitage\/#primaryimage\"},\"thumbnailUrl\":\"https:\/\/vosgesinfo.fr\/app\/uploads\/sites\/4\/2025\/01\/maison-quartier-foucharupt-scaled.jpg\",\"keywords\":[\"Maison de Quartier de Foucharupt\",\"R\u00e9union publique de concertation\",\"R\u00e9union publique de concertation sur la mise en sens unique des rues de Richardiville et de l'Hermitage\",\"Rue de l'Hermitage\",\"Rue de Richardville\"],\"articleSection\":[\"A la Une\",\"Saint-Di\u00e9-des-Vosges\"],\"inLanguage\":\"fr-FR\",\"potentialAction\":[{\"@type\":\"CommentAction\",\"name\":\"Comment\",\"target\":[\"https:\/\/vosgesinfo.fr\/saintdieinfo\/2025\/01\/reunion-publique-de-concertation-sur-la-mise-en-sens-unique-des-rues-de-richardiville-et-de-lhermitage\/#respond\"]}]},{\"@type\":\"WebPage\",\"@id\":\"https:\/\/vosgesinfo.fr\/saintdieinfo\/2025\/01\/reunion-publique-de-concertation-sur-la-mise-en-sens-unique-des-rues-de-richardiville-et-de-lhermitage\/\",\"url\":\"https:\/\/vosgesinfo.fr\/saintdieinfo\/2025\/01\/reunion-publique-de-concertation-sur-la-mise-en-sens-unique-des-rues-de-richardiville-et-de-lhermitage\/\",\"name\":\"R\u00e9union publique de concertation sur la mise en sens unique des rues de Richardiville et de l'Hermitage - Saint Die Info\",\"isPartOf\":{\"@id\":\"https:\/\/vosgesinfo.fr\/saintdieinfo\/#website\"},\"primaryImageOfPage\":{\"@id\":\"https:\/\/vosgesinfo.fr\/saintdieinfo\/2025\/01\/reunion-publique-de-concertation-sur-la-mise-en-sens-unique-des-rues-de-richardiville-et-de-lhermitage\/#primaryimage\"},\"image\":{\"@id\":\"https:\/\/vosgesinfo.fr\/saintdieinfo\/2025\/01\/reunion-publique-de-concertation-sur-la-mise-en-sens-unique-des-rues-de-richardiville-et-de-lhermitage\/#primaryimage\"},\"thumbnailUrl\":\"https:\/\/vosgesinfo.fr\/app\/uploads\/sites\/4\/2025\/01\/maison-quartier-foucharupt-scaled.jpg\",\"datePublished\":\"2025-01-10T14:04:22+00:00\",\"dateModified\":\"2025-01-10T13:53:20+00:00\",\"breadcrumb\":{\"@id\":\"https:\/\/vosgesinfo.fr\/saintdieinfo\/2025\/01\/reunion-publique-de-concertation-sur-la-mise-en-sens-unique-des-rues-de-richardiville-et-de-lhermitage\/#breadcrumb\"},\"inLanguage\":\"fr-FR\",\"potentialAction\":[{\"@type\":\"ReadAction\",\"target\":[\"https:\/\/vosgesinfo.fr\/saintdieinfo\/2025\/01\/reunion-publique-de-concertation-sur-la-mise-en-sens-unique-des-rues-de-richardiville-et-de-lhermitage\/\"]}]},{\"@type\":\"ImageObject\",\"inLanguage\":\"fr-FR\",\"@id\":\"https:\/\/vosgesinfo.fr\/saintdieinfo\/2025\/01\/reunion-publique-de-concertation-sur-la-mise-en-sens-unique-des-rues-de-richardiville-et-de-lhermitage\/#primaryimage\",\"url\":\"https:\/\/vosgesinfo.fr\/app\/uploads\/sites\/4\/2025\/01\/maison-quartier-foucharupt-scaled.jpg\",\"contentUrl\":\"https:\/\/vosgesinfo.fr\/app\/uploads\/sites\/4\/2025\/01\/maison-quartier-foucharupt-scaled.jpg\",\"width\":2560,\"height\":1698,\"caption\":\"(Capture d'\u00e9cran Google Maps)\"},{\"@type\":\"BreadcrumbList\",\"@id\":\"https:\/\/vosgesinfo.fr\/saintdieinfo\/2025\/01\/reunion-publique-de-concertation-sur-la-mise-en-sens-unique-des-rues-de-richardiville-et-de-lhermitage\/#breadcrumb\",\"itemListElement\":[{\"@type\":\"ListItem\",\"position\":1,\"name\":\"Home\",\"item\":\"https:\/\/vosgesinfo.fr\/saintdieinfo\/\"},{\"@type\":\"ListItem\",\"position\":2,\"name\":\"R\u00e9union publique de concertation sur la mise en sens unique des rues de Richardiville et de l&rsquo;Hermitage\"}]},{\"@type\":\"WebSite\",\"@id\":\"https:\/\/vosgesinfo.fr\/saintdieinfo\/#website\",\"url\":\"https:\/\/vosgesinfo.fr\/saintdieinfo\/\",\"name\":\"Saint Die Info\",\"description\":\"Toute l&#039;actualit\u00e9 de Saint-Di\u00e9-Des-Vosges\",\"publisher\":{\"@id\":\"https:\/\/vosgesinfo.fr\/saintdieinfo\/#organization\"},\"alternateName\":\"Toute l'actualit\u00e9 de Saint-Di\u00e9-Des-Vosges\",\"potentialAction\":[{\"@type\":\"SearchAction\",\"target\":{\"@type\":\"EntryPoint\",\"urlTemplate\":\"https:\/\/vosgesinfo.fr\/saintdieinfo\/?s={search_term_string}\"},\"query-input\":\"required name=search_term_string\"}],\"inLanguage\":\"fr-FR\"},{\"@type\":\"Organization\",\"@id\":\"https:\/\/vosgesinfo.fr\/saintdieinfo\/#organization\",\"name\":\"Saint Die Info\",\"url\":\"https:\/\/vosgesinfo.fr\/saintdieinfo\/\",\"logo\":{\"@type\":\"ImageObject\",\"inLanguage\":\"fr-FR\",\"@id\":\"https:\/\/vosgesinfo.fr\/saintdieinfo\/#\/schema\/logo\/image\/\",\"url\":\"https:\/\/vosgesinfo.fr\/app\/uploads\/sites\/4\/2024\/02\/logo-sdi.jpg\",\"contentUrl\":\"https:\/\/vosgesinfo.fr\/app\/uploads\/sites\/4\/2024\/02\/logo-sdi.jpg\",\"width\":600,\"height\":600,\"caption\":\"Saint Die Info\"},\"image\":{\"@id\":\"https:\/\/vosgesinfo.fr\/saintdieinfo\/#\/schema\/logo\/image\/\"},\"sameAs\":[\"https:\/\/www.facebook.com\/Saintdieinfofr\",\"https:\/\/x.com\/VosgesInfo88\",\"https:\/\/www.youtube.com\/@vosgesinfo\"]},{\"@type\":\"Person\",\"@id\":\"https:\/\/vosgesinfo.fr\/saintdieinfo\/#\/schema\/person\/fa73e9f726d67bb88f46d5b7943cb572\",\"name\":\"J.J.\",\"image\":{\"@type\":\"ImageObject\",\"inLanguage\":\"fr-FR\",\"@id\":\"https:\/\/vosgesinfo.fr\/saintdieinfo\/#\/schema\/person\/image\/\",\"url\":\"https:\/\/secure.gravatar.com\/avatar\/219e749e47ffbcca018a360ae4add7d4cdf1cdaaf8bc7676b27efade3fe65615?s=96&d=mm&r=g\",\"contentUrl\":\"https:\/\/secure.gravatar.com\/avatar\/219e749e47ffbcca018a360ae4add7d4cdf1cdaaf8bc7676b27efade3fe65615?s=96&d=mm&r=g\",\"caption\":\"J.J.\"},\"url\":\"https:\/\/vosgesinfo.fr\/saintdieinfo\/author\/j-j\/\"}]}<\/script>\n<!-- \/ Yoast SEO plugin. -->","yoast_head_json":{"title":"R\u00e9union publique de concertation sur la mise en sens unique des rues de Richardiville et de l'Hermitage - Saint Die Info","robots":{"index":"index","follow":"follow","max-snippet":"max-snippet:-1","max-image-preview":"max-image-preview:large","max-video-preview":"max-video-preview:-1"},"canonical":"https:\/\/vosgesinfo.fr\/saintdieinfo\/2025\/01\/reunion-publique-de-concertation-sur-la-mise-en-sens-unique-des-rues-de-richardiville-et-de-lhermitage\/","twitter_card":"summary_large_image","twitter_title":"R\u00e9union publique de concertation sur la mise en sens unique des rues de Richardiville et de l'Hermitage - Saint Die Info","twitter_description":"Mardi 14 janvier, \u00e0 partir de 19h, une r\u00e9union publique de concertation est organis\u00e9e \u00e0 la maison de quartier de [&hellip;]","twitter_image":"https:\/\/vosgesinfo.fr\/app\/uploads\/sites\/4\/2025\/01\/maison-quartier-foucharupt-scaled.jpg","twitter_creator":"@VosgesInfo88","twitter_site":"@VosgesInfo88","twitter_misc":{"\u00c9crit par":"J.J."},"schema":{"@context":"https:\/\/schema.org","@graph":[{"@type":"Article","@id":"https:\/\/vosgesinfo.fr\/saintdieinfo\/2025\/01\/reunion-publique-de-concertation-sur-la-mise-en-sens-unique-des-rues-de-richardiville-et-de-lhermitage\/#article","isPartOf":{"@id":"https:\/\/vosgesinfo.fr\/saintdieinfo\/2025\/01\/reunion-publique-de-concertation-sur-la-mise-en-sens-unique-des-rues-de-richardiville-et-de-lhermitage\/"},"author":{"name":"J.J.","@id":"https:\/\/vosgesinfo.fr\/saintdieinfo\/#\/schema\/person\/fa73e9f726d67bb88f46d5b7943cb572"},"headline":"R\u00e9union publique de concertation sur la mise en sens unique des rues de Richardiville et de l&rsquo;Hermitage","datePublished":"2025-01-10T14:04:22+00:00","dateModified":"2025-01-10T13:53:20+00:00","mainEntityOfPage":{"@id":"https:\/\/vosgesinfo.fr\/saintdieinfo\/2025\/01\/reunion-publique-de-concertation-sur-la-mise-en-sens-unique-des-rues-de-richardiville-et-de-lhermitage\/"},"wordCount":76,"commentCount":2,"publisher":{"@id":"https:\/\/vosgesinfo.fr\/saintdieinfo\/#organization"},"image":{"@id":"https:\/\/vosgesinfo.fr\/saintdieinfo\/2025\/01\/reunion-publique-de-concertation-sur-la-mise-en-sens-unique-des-rues-de-richardiville-et-de-lhermitage\/#primaryimage"},"thumbnailUrl":"https:\/\/vosgesinfo.fr\/app\/uploads\/sites\/4\/2025\/01\/maison-quartier-foucharupt-scaled.jpg","keywords":["Maison de Quartier de Foucharupt","R\u00e9union publique de concertation","R\u00e9union publique de concertation sur la mise en sens unique des rues de Richardiville et de l'Hermitage","Rue de l'Hermitage","Rue de Richardville"],"articleSection":["A la Une","Saint-Di\u00e9-des-Vosges"],"inLanguage":"fr-FR","potentialAction":[{"@type":"CommentAction","name":"Comment","target":["https:\/\/vosgesinfo.fr\/saintdieinfo\/2025\/01\/reunion-publique-de-concertation-sur-la-mise-en-sens-unique-des-rues-de-richardiville-et-de-lhermitage\/#respond"]}]},{"@type":"WebPage","@id":"https:\/\/vosgesinfo.fr\/saintdieinfo\/2025\/01\/reunion-publique-de-concertation-sur-la-mise-en-sens-unique-des-rues-de-richardiville-et-de-lhermitage\/","url":"https:\/\/vosgesinfo.fr\/saintdieinfo\/2025\/01\/reunion-publique-de-concertation-sur-la-mise-en-sens-unique-des-rues-de-richardiville-et-de-lhermitage\/","name":"R\u00e9union publique de concertation sur la mise en sens unique des rues de Richardiville et de l'Hermitage - Saint Die Info","isPartOf":{"@id":"https:\/\/vosgesinfo.fr\/saintdieinfo\/#website"},"primaryImageOfPage":{"@id":"https:\/\/vosgesinfo.fr\/saintdieinfo\/2025\/01\/reunion-publique-de-concertation-sur-la-mise-en-sens-unique-des-rues-de-richardiville-et-de-lhermitage\/#primaryimage"},"image":{"@id":"https:\/\/vosgesinfo.fr\/saintdieinfo\/2025\/01\/reunion-publique-de-concertation-sur-la-mise-en-sens-unique-des-rues-de-richardiville-et-de-lhermitage\/#primaryimage"},"thumbnailUrl":"https:\/\/vosgesinfo.fr\/app\/uploads\/sites\/4\/2025\/01\/maison-quartier-foucharupt-scaled.jpg","datePublished":"2025-01-10T14:04:22+00:00","dateModified":"2025-01-10T13:53:20+00:00","breadcrumb":{"@id":"https:\/\/vosgesinfo.fr\/saintdieinfo\/2025\/01\/reunion-publique-de-concertation-sur-la-mise-en-sens-unique-des-rues-de-richardiville-et-de-lhermitage\/#breadcrumb"},"inLanguage":"fr-FR","potentialAction":[{"@type":"ReadAction","target":["https:\/\/vosgesinfo.fr\/saintdieinfo\/2025\/01\/reunion-publique-de-concertation-sur-la-mise-en-sens-unique-des-rues-de-richardiville-et-de-lhermitage\/"]}]},{"@type":"ImageObject","inLanguage":"fr-FR","@id":"https:\/\/vosgesinfo.fr\/saintdieinfo\/2025\/01\/reunion-publique-de-concertation-sur-la-mise-en-sens-unique-des-rues-de-richardiville-et-de-lhermitage\/#primaryimage","url":"https:\/\/vosgesinfo.fr\/app\/uploads\/sites\/4\/2025\/01\/maison-quartier-foucharupt-scaled.jpg","contentUrl":"https:\/\/vosgesinfo.fr\/app\/uploads\/sites\/4\/2025\/01\/maison-quartier-foucharupt-scaled.jpg","width":2560,"height":1698,"caption":"(Capture d'\u00e9cran Google Maps)"},{"@type":"BreadcrumbList","@id":"https:\/\/vosgesinfo.fr\/saintdieinfo\/2025\/01\/reunion-publique-de-concertation-sur-la-mise-en-sens-unique-des-rues-de-richardiville-et-de-lhermitage\/#breadcrumb","itemListElement":[{"@type":"ListItem","position":1,"name":"Home","item":"https:\/\/vosgesinfo.fr\/saintdieinfo\/"},{"@type":"ListItem","position":2,"name":"R\u00e9union publique de concertation sur la mise en sens unique des rues de Richardiville et de l&rsquo;Hermitage"}]},{"@type":"WebSite","@id":"https:\/\/vosgesinfo.fr\/saintdieinfo\/#website","url":"https:\/\/vosgesinfo.fr\/saintdieinfo\/","name":"Saint Die Info","description":"Toute l&#039;actualit\u00e9 de Saint-Di\u00e9-Des-Vosges","publisher":{"@id":"https:\/\/vosgesinfo.fr\/saintdieinfo\/#organization"},"alternateName":"Toute l'actualit\u00e9 de Saint-Di\u00e9-Des-Vosges","potentialAction":[{"@type":"SearchAction","target":{"@type":"EntryPoint","urlTemplate":"https:\/\/vosgesinfo.fr\/saintdieinfo\/?s={search_term_string}"},"query-input":"required name=search_term_string"}],"inLanguage":"fr-FR"},{"@type":"Organization","@id":"https:\/\/vosgesinfo.fr\/saintdieinfo\/#organization","name":"Saint Die Info","url":"https:\/\/vosgesinfo.fr\/saintdieinfo\/","logo":{"@type":"ImageObject","inLanguage":"fr-FR","@id":"https:\/\/vosgesinfo.fr\/saintdieinfo\/#\/schema\/logo\/image\/","url":"https:\/\/vosgesinfo.fr\/app\/uploads\/sites\/4\/2024\/02\/logo-sdi.jpg","contentUrl":"https:\/\/vosgesinfo.fr\/app\/uploads\/sites\/4\/2024\/02\/logo-sdi.jpg","width":600,"height":600,"caption":"Saint Die Info"},"image":{"@id":"https:\/\/vosgesinfo.fr\/saintdieinfo\/#\/schema\/logo\/image\/"},"sameAs":["https:\/\/www.facebook.com\/Saintdieinfofr","https:\/\/x.com\/VosgesInfo88","https:\/\/www.youtube.com\/@vosgesinfo"]},{"@type":"Person","@id":"https:\/\/vosgesinfo.fr\/saintdieinfo\/#\/schema\/person\/fa73e9f726d67bb88f46d5b7943cb572","name":"J.J.","image":{"@type":"ImageObject","inLanguage":"fr-FR","@id":"https:\/\/vosgesinfo.fr\/saintdieinfo\/#\/schema\/person\/image\/","url":"https:\/\/secure.gravatar.com\/avatar\/219e749e47ffbcca018a360ae4add7d4cdf1cdaaf8bc7676b27efade3fe65615?s=96&d=mm&r=g","contentUrl":"https:\/\/secure.gravatar.com\/avatar\/219e749e47ffbcca018a360ae4add7d4cdf1cdaaf8bc7676b27efade3fe65615?s=96&d=mm&r=g","caption":"J.J."},"url":"https:\/\/vosgesinfo.fr\/saintdieinfo\/author\/j-j\/"}]}},"_links":{"self":[{"href":"https:\/\/vosgesinfo.fr\/saintdieinfo\/wp-json\/wp\/v2\/posts\/72603","targetHints":{"allow":["GET"]}}],"collection":[{"href":"https:\/\/vosgesinfo.fr\/saintdieinfo\/wp-json\/wp\/v2\/posts"}],"about":[{"href":"https:\/\/vosgesinfo.fr\/saintdieinfo\/wp-json\/wp\/v2\/types\/post"}],"author":[{"embeddable":true,"href":"https:\/\/vosgesinfo.fr\/saintdieinfo\/wp-json\/wp\/v2\/users\/46"}],"replies":[{"embeddable":true,"href":"https:\/\/vosgesinfo.fr\/saintdieinfo\/wp-json\/wp\/v2\/comments?post=72603"}],"version-history":[{"count":1,"href":"https:\/\/vosgesinfo.fr\/saintdieinfo\/wp-json\/wp\/v2\/posts\/72603\/revisions"}],"predecessor-version":[{"id":72605,"href":"https:\/\/vosgesinfo.fr\/saintdieinfo\/wp-json\/wp\/v2\/posts\/72603\/revisions\/72605"}],"wp:featuredmedia":[{"embeddable":true,"href":"https:\/\/vosgesinfo.fr\/saintdieinfo\/wp-json\/wp\/v2\/media\/72604"}],"wp:attachment":[{"href":"https:\/\/vosgesinfo.fr\/saintdieinfo\/wp-json\/wp\/v2\/media?parent=72603"}],"wp:term":[{"taxonomy":"category","embeddable":true,"href":"https:\/\/vosgesinfo.fr\/saintdieinfo\/wp-json\/wp\/v2\/categories?post=72603"},{"taxonomy":"post_tag","embeddable":true,"href":"https:\/\/vosgesinfo.fr\/saintdieinfo\/wp-json\/wp\/v2\/tags?post=72603"}],"curies":[{"name":"wp","href":"https:\/\/api.w.org\/{rel}","templated":true}]}}