{"id":72653,"date":"2025-01-11T19:00:51","date_gmt":"2025-01-11T18:00:51","guid":{"rendered":"https:\/\/vosgesinfo.fr\/saintdieinfo\/?p=72653"},"modified":"2025-01-11T19:13:52","modified_gmt":"2025-01-11T18:13:52","slug":"en-image-salon-saint-die-mariage-un-week-end-pour-preparer-le-grand-jour-dans-ses-moindres-details","status":"publish","type":"post","link":"https:\/\/vosgesinfo.fr\/saintdieinfo\/2025\/01\/en-image-salon-saint-die-mariage-un-week-end-pour-preparer-le-grand-jour-dans-ses-moindres-details\/","title":{"rendered":"En image \u2013 Salon Saint-Di\u00e9 Mariage, un week-end pour pr\u00e9parer le grand jour dans ses moindres d\u00e9tails\u00a0!"},"content":{"rendered":"<p><a href=\"https:\/\/vosgesinfo.fr\/app\/uploads\/sites\/4\/2025\/01\/inauguration-salon-saint-die-mariage-16-scaled.jpg\"><img decoding=\"async\" class=\"alignnone size-large wp-image-72647\" src=\"https:\/\/vosgesinfo.fr\/app\/uploads\/sites\/4\/2025\/01\/inauguration-salon-saint-die-mariage-16-1024x771.jpg\" alt=\"\" width=\"1024\" height=\"771\" srcset=\"https:\/\/vosgesinfo.fr\/app\/uploads\/sites\/4\/2025\/01\/inauguration-salon-saint-die-mariage-16-1024x771.jpg 1024w, https:\/\/vosgesinfo.fr\/app\/uploads\/sites\/4\/2025\/01\/inauguration-salon-saint-die-mariage-16-300x226.jpg 300w, https:\/\/vosgesinfo.fr\/app\/uploads\/sites\/4\/2025\/01\/inauguration-salon-saint-die-mariage-16-768x578.jpg 768w, https:\/\/vosgesinfo.fr\/app\/uploads\/sites\/4\/2025\/01\/inauguration-salon-saint-die-mariage-16-1536x1157.jpg 1536w, https:\/\/vosgesinfo.fr\/app\/uploads\/sites\/4\/2025\/01\/inauguration-salon-saint-die-mariage-16-2048x1542.jpg 2048w\" sizes=\"(max-width: 1024px) 100vw, 1024px\" \/><\/a><\/p>\n<h2>Apr\u00e8s de nombreuses ann\u00e9es d&rsquo;absence, l&rsquo;agence \u00e9v\u00e9nementielle PrestaTech-Ev\u00e9nements signe le retour du salon du mariage \u00e0 Saint-Di\u00e9-des-Vosges. Inaugur\u00e9 ce samedi en fin de matin\u00e9e, en pr\u00e9sence du maire Bruno Toussaint, de l&rsquo;adjointe Dominique Chobaut et des conseill\u00e8res municipales Myriam Paquet et Catherine Viry, le Salon Saint-Di\u00e9 Mariage se d\u00e9roule tout au long du week-end \u00e0 l&rsquo;Espace Fran\u00e7ois-Mitterrand.<\/h2>\n<p><!--more--><\/p>\n<p>Jusqu&rsquo;\u00e0 18h ce samedi et de 10h \u00e0 18h dimanche, ce sont pr\u00e8s de 20 professionnels, essentiellement originaires de la D\u00e9odatie, qui sont pr\u00e9sents sur le salon autour du th\u00e8me \u00ab\u00a0Le Romantisme de la Nature\u00a0\u00bb. Cr\u00e9ateur de robe de mari\u00e9es, bijoutier, fleuriste, traiteur, photographe, sp\u00e9cialiste de l&rsquo;\u00e9v\u00e9nementiel&#8230; ces experts du mariage sont l\u00e0 pour renseigner les futurs mari\u00e9s, qui pourront d\u00e9couvrir les tendances 2025 et m\u00eame r\u00e9server directement des prestataires et prestations.<\/p>\n<p>Pour donner de l&rsquo;inspiration aux couples d&rsquo;amoureux, des mini-d\u00e9fil\u00e9s, des \u00ab flashmodes \u00bb, rythment les 2 journ\u00e9es du salon. Ce samedi, apr\u00e8s celui de 14h, un second d\u00e9fil\u00e9 aura lieu \u00e0 16h, puis \u00e0 11h, 15h et 17h demain dimanche. Ces \u00ab flashmodes \u00bb seront entrecoup\u00e9s de s\u00e9quences dansantes de l&rsquo;association margaritaine Mag&rsquo;Danse. Un bar et de la restauration compl\u00e8tent le tableau du Salon Saint-Di\u00e9 Mariage, qui rassemble en un seul et m\u00eame lieu tous les \u00e9l\u00e9ments afin de pr\u00e9parer au mieux ce grand \u00e9v\u00e9nement dans une vie qu&rsquo;est le mariage.<\/p>\n<p>A noter enfin que l&rsquo;entr\u00e9e au salon est de 5\u20ac, en sachant que des invitations sont distribu\u00e9es aupr\u00e8s des exposants et dans les commerces de Saint-Di\u00e9-des-Vosges. Pour suivre en direct les actualit\u00e9s du Salon Saint-Di\u00e9 Mariage, <a href=\"https:\/\/www.facebook.com\/profile.php?id=61553031274325\" target=\"_blank\" rel=\"noopener\">rendez-vous sur la page Facebook Salons Vosges Mariage.<\/a><\/p>\n<p>J.J.<\/p>\n\n\t\t<style type=\"text\/css\">\n\t\t\t#gallery-1 {\n\t\t\t\tmargin: auto;\n\t\t\t}\n\t\t\t#gallery-1 .gallery-item {\n\t\t\t\tfloat: left;\n\t\t\t\tmargin-top: 10px;\n\t\t\t\ttext-align: center;\n\t\t\t\twidth: 33%;\n\t\t\t}\n\t\t\t#gallery-1 img {\n\t\t\t\tborder: 2px solid #cfcfcf;\n\t\t\t}\n\t\t\t#gallery-1 .gallery-caption {\n\t\t\t\tmargin-left: 0;\n\t\t\t}\n\t\t\t\/* see gallery_shortcode() in wp-includes\/media.php *\/\n\t\t<\/style>\n\t\t<div id='gallery-1' class='gallery galleryid-72653 gallery-columns-3 gallery-size-thumbnail'><dl class='gallery-item'>\n\t\t\t<dt class='gallery-icon landscape'>\n\t\t\t\t<a href='https:\/\/vosgesinfo.fr\/app\/uploads\/sites\/4\/2025\/01\/inauguration-salon-saint-die-mariage-1-scaled.jpg'><img decoding=\"async\" width=\"150\" height=\"150\" src=\"https:\/\/vosgesinfo.fr\/app\/uploads\/sites\/4\/2025\/01\/inauguration-salon-saint-die-mariage-1-150x150.jpg\" class=\"attachment-thumbnail size-thumbnail\" alt=\"\" \/><\/a>\n\t\t\t<\/dt><\/dl><dl class='gallery-item'>\n\t\t\t<dt class='gallery-icon landscape'>\n\t\t\t\t<a href='https:\/\/vosgesinfo.fr\/app\/uploads\/sites\/4\/2025\/01\/inauguration-salon-saint-die-mariage-2-scaled.jpg'><img decoding=\"async\" width=\"150\" height=\"150\" src=\"https:\/\/vosgesinfo.fr\/app\/uploads\/sites\/4\/2025\/01\/inauguration-salon-saint-die-mariage-2-150x150.jpg\" class=\"attachment-thumbnail size-thumbnail\" alt=\"\" \/><\/a>\n\t\t\t<\/dt><\/dl><dl class='gallery-item'>\n\t\t\t<dt class='gallery-icon landscape'>\n\t\t\t\t<a href='https:\/\/vosgesinfo.fr\/app\/uploads\/sites\/4\/2025\/01\/inauguration-salon-saint-die-mariage-3-scaled.jpg'><img decoding=\"async\" width=\"150\" height=\"150\" src=\"https:\/\/vosgesinfo.fr\/app\/uploads\/sites\/4\/2025\/01\/inauguration-salon-saint-die-mariage-3-150x150.jpg\" class=\"attachment-thumbnail size-thumbnail\" alt=\"\" \/><\/a>\n\t\t\t<\/dt><\/dl><br style=\"clear: both\" \/><dl class='gallery-item'>\n\t\t\t<dt class='gallery-icon landscape'>\n\t\t\t\t<a href='https:\/\/vosgesinfo.fr\/app\/uploads\/sites\/4\/2025\/01\/inauguration-salon-saint-die-mariage-4-scaled.jpg'><img decoding=\"async\" width=\"150\" height=\"150\" src=\"https:\/\/vosgesinfo.fr\/app\/uploads\/sites\/4\/2025\/01\/inauguration-salon-saint-die-mariage-4-150x150.jpg\" class=\"attachment-thumbnail size-thumbnail\" alt=\"\" \/><\/a>\n\t\t\t<\/dt><\/dl><dl class='gallery-item'>\n\t\t\t<dt class='gallery-icon portrait'>\n\t\t\t\t<a href='https:\/\/vosgesinfo.fr\/app\/uploads\/sites\/4\/2025\/01\/inauguration-salon-saint-die-mariage-5-scaled.jpg'><img decoding=\"async\" width=\"150\" height=\"150\" src=\"https:\/\/vosgesinfo.fr\/app\/uploads\/sites\/4\/2025\/01\/inauguration-salon-saint-die-mariage-5-150x150.jpg\" class=\"attachment-thumbnail size-thumbnail\" alt=\"\" \/><\/a>\n\t\t\t<\/dt><\/dl><dl class='gallery-item'>\n\t\t\t<dt class='gallery-icon landscape'>\n\t\t\t\t<a href='https:\/\/vosgesinfo.fr\/app\/uploads\/sites\/4\/2025\/01\/inauguration-salon-saint-die-mariage-6-scaled.jpg'><img decoding=\"async\" width=\"150\" height=\"150\" src=\"https:\/\/vosgesinfo.fr\/app\/uploads\/sites\/4\/2025\/01\/inauguration-salon-saint-die-mariage-6-150x150.jpg\" class=\"attachment-thumbnail size-thumbnail\" alt=\"\" \/><\/a>\n\t\t\t<\/dt><\/dl><br style=\"clear: both\" \/><dl class='gallery-item'>\n\t\t\t<dt class='gallery-icon landscape'>\n\t\t\t\t<a href='https:\/\/vosgesinfo.fr\/app\/uploads\/sites\/4\/2025\/01\/inauguration-salon-saint-die-mariage-7-scaled.jpg'><img decoding=\"async\" width=\"150\" height=\"150\" src=\"https:\/\/vosgesinfo.fr\/app\/uploads\/sites\/4\/2025\/01\/inauguration-salon-saint-die-mariage-7-150x150.jpg\" class=\"attachment-thumbnail size-thumbnail\" alt=\"\" \/><\/a>\n\t\t\t<\/dt><\/dl><dl class='gallery-item'>\n\t\t\t<dt class='gallery-icon landscape'>\n\t\t\t\t<a href='https:\/\/vosgesinfo.fr\/app\/uploads\/sites\/4\/2025\/01\/inauguration-salon-saint-die-mariage-8-scaled.jpg'><img decoding=\"async\" width=\"150\" height=\"150\" src=\"https:\/\/vosgesinfo.fr\/app\/uploads\/sites\/4\/2025\/01\/inauguration-salon-saint-die-mariage-8-150x150.jpg\" class=\"attachment-thumbnail size-thumbnail\" alt=\"\" \/><\/a>\n\t\t\t<\/dt><\/dl><dl class='gallery-item'>\n\t\t\t<dt class='gallery-icon landscape'>\n\t\t\t\t<a href='https:\/\/vosgesinfo.fr\/app\/uploads\/sites\/4\/2025\/01\/inauguration-salon-saint-die-mariage-9-scaled.jpg'><img decoding=\"async\" width=\"150\" height=\"150\" src=\"https:\/\/vosgesinfo.fr\/app\/uploads\/sites\/4\/2025\/01\/inauguration-salon-saint-die-mariage-9-150x150.jpg\" class=\"attachment-thumbnail size-thumbnail\" alt=\"\" \/><\/a>\n\t\t\t<\/dt><\/dl><br style=\"clear: both\" \/><dl class='gallery-item'>\n\t\t\t<dt class='gallery-icon landscape'>\n\t\t\t\t<a href='https:\/\/vosgesinfo.fr\/app\/uploads\/sites\/4\/2025\/01\/inauguration-salon-saint-die-mariage-10-scaled.jpg'><img decoding=\"async\" width=\"150\" height=\"150\" src=\"https:\/\/vosgesinfo.fr\/app\/uploads\/sites\/4\/2025\/01\/inauguration-salon-saint-die-mariage-10-150x150.jpg\" class=\"attachment-thumbnail size-thumbnail\" alt=\"\" \/><\/a>\n\t\t\t<\/dt><\/dl><dl class='gallery-item'>\n\t\t\t<dt class='gallery-icon landscape'>\n\t\t\t\t<a href='https:\/\/vosgesinfo.fr\/app\/uploads\/sites\/4\/2025\/01\/inauguration-salon-saint-die-mariage-11-scaled.jpg'><img decoding=\"async\" width=\"150\" height=\"150\" src=\"https:\/\/vosgesinfo.fr\/app\/uploads\/sites\/4\/2025\/01\/inauguration-salon-saint-die-mariage-11-150x150.jpg\" class=\"attachment-thumbnail size-thumbnail\" alt=\"\" \/><\/a>\n\t\t\t<\/dt><\/dl><dl class='gallery-item'>\n\t\t\t<dt class='gallery-icon landscape'>\n\t\t\t\t<a href='https:\/\/vosgesinfo.fr\/app\/uploads\/sites\/4\/2025\/01\/inauguration-salon-saint-die-mariage-12-scaled.jpg'><img decoding=\"async\" width=\"150\" height=\"150\" src=\"https:\/\/vosgesinfo.fr\/app\/uploads\/sites\/4\/2025\/01\/inauguration-salon-saint-die-mariage-12-150x150.jpg\" class=\"attachment-thumbnail size-thumbnail\" alt=\"\" \/><\/a>\n\t\t\t<\/dt><\/dl><br style=\"clear: both\" \/><dl class='gallery-item'>\n\t\t\t<dt class='gallery-icon landscape'>\n\t\t\t\t<a href='https:\/\/vosgesinfo.fr\/app\/uploads\/sites\/4\/2025\/01\/inauguration-salon-saint-die-mariage-13-scaled.jpg'><img decoding=\"async\" width=\"150\" height=\"150\" src=\"https:\/\/vosgesinfo.fr\/app\/uploads\/sites\/4\/2025\/01\/inauguration-salon-saint-die-mariage-13-150x150.jpg\" class=\"attachment-thumbnail size-thumbnail\" alt=\"\" \/><\/a>\n\t\t\t<\/dt><\/dl><dl class='gallery-item'>\n\t\t\t<dt class='gallery-icon landscape'>\n\t\t\t\t<a href='https:\/\/vosgesinfo.fr\/app\/uploads\/sites\/4\/2025\/01\/inauguration-salon-saint-die-mariage-14-scaled.jpg'><img decoding=\"async\" width=\"150\" height=\"150\" src=\"https:\/\/vosgesinfo.fr\/app\/uploads\/sites\/4\/2025\/01\/inauguration-salon-saint-die-mariage-14-150x150.jpg\" class=\"attachment-thumbnail size-thumbnail\" alt=\"\" \/><\/a>\n\t\t\t<\/dt><\/dl><dl class='gallery-item'>\n\t\t\t<dt class='gallery-icon landscape'>\n\t\t\t\t<a href='https:\/\/vosgesinfo.fr\/app\/uploads\/sites\/4\/2025\/01\/inauguration-salon-saint-die-mariage-17-scaled.jpg'><img decoding=\"async\" width=\"150\" height=\"150\" src=\"https:\/\/vosgesinfo.fr\/app\/uploads\/sites\/4\/2025\/01\/inauguration-salon-saint-die-mariage-17-150x150.jpg\" class=\"attachment-thumbnail size-thumbnail\" alt=\"\" \/><\/a>\n\t\t\t<\/dt><\/dl><br style=\"clear: both\" \/><dl class='gallery-item'>\n\t\t\t<dt class='gallery-icon landscape'>\n\t\t\t\t<a href='https:\/\/vosgesinfo.fr\/app\/uploads\/sites\/4\/2025\/01\/inauguration-salon-saint-die-mariage-18-scaled.jpg'><img decoding=\"async\" width=\"150\" height=\"150\" src=\"https:\/\/vosgesinfo.fr\/app\/uploads\/sites\/4\/2025\/01\/inauguration-salon-saint-die-mariage-18-150x150.jpg\" class=\"attachment-thumbnail size-thumbnail\" alt=\"\" \/><\/a>\n\t\t\t<\/dt><\/dl><dl class='gallery-item'>\n\t\t\t<dt class='gallery-icon landscape'>\n\t\t\t\t<a href='https:\/\/vosgesinfo.fr\/app\/uploads\/sites\/4\/2025\/01\/inauguration-salon-saint-die-mariage-19-scaled.jpg'><img decoding=\"async\" width=\"150\" height=\"150\" src=\"https:\/\/vosgesinfo.fr\/app\/uploads\/sites\/4\/2025\/01\/inauguration-salon-saint-die-mariage-19-150x150.jpg\" class=\"attachment-thumbnail size-thumbnail\" alt=\"\" \/><\/a>\n\t\t\t<\/dt><\/dl><dl class='gallery-item'>\n\t\t\t<dt class='gallery-icon landscape'>\n\t\t\t\t<a href='https:\/\/vosgesinfo.fr\/app\/uploads\/sites\/4\/2025\/01\/inauguration-salon-saint-die-mariage-15-scaled.jpg'><img decoding=\"async\" width=\"150\" height=\"150\" src=\"https:\/\/vosgesinfo.fr\/app\/uploads\/sites\/4\/2025\/01\/inauguration-salon-saint-die-mariage-15-150x150.jpg\" class=\"attachment-thumbnail size-thumbnail\" alt=\"\" \/><\/a>\n\t\t\t<\/dt><\/dl><br style=\"clear: both\" \/><dl class='gallery-item'>\n\t\t\t<dt class='gallery-icon landscape'>\n\t\t\t\t<a href='https:\/\/vosgesinfo.fr\/app\/uploads\/sites\/4\/2025\/01\/inauguration-salon-saint-die-mariage-20-scaled.jpg'><img decoding=\"async\" width=\"150\" height=\"150\" src=\"https:\/\/vosgesinfo.fr\/app\/uploads\/sites\/4\/2025\/01\/inauguration-salon-saint-die-mariage-20-150x150.jpg\" class=\"attachment-thumbnail size-thumbnail\" alt=\"\" \/><\/a>\n\t\t\t<\/dt><\/dl>\n\t\t\t<br style='clear: both' \/>\n\t\t<\/div>\n\n","protected":false},"excerpt":{"rendered":"<p>Apr\u00e8s de nombreuses ann\u00e9es d&rsquo;absence, l&rsquo;agence \u00e9v\u00e9nementielle PrestaTech-Ev\u00e9nements signe le retour du salon du mariage \u00e0 Saint-Di\u00e9-des-Vosges. Inaugur\u00e9 ce samedi [&hellip;]<\/p>\n","protected":false},"author":46,"featured_media":72647,"comment_status":"open","ping_status":"open","sticky":false,"template":"","format":"standard","meta":{"footnotes":""},"categories":[460,5392,5391,5389,4099,18],"tags":[3089,15557,15556,15558],"class_list":["post-72653","post","type-post","status-publish","format-standard","has-post-thumbnail","hentry","category-a-la-une","category-epinal","category-gerardmer","category-la-plaine-des-vosges","category-remiremont","category-vosges","tag-espace-francois-mitterrand","tag-prestatech-evenements","tag-salon-du-mariage-de-saint-die-des-vosges","tag-salon-saint-die-mariage"],"acf":[],"yoast_head":"<!-- This site is optimized with the Yoast SEO plugin v22.5 - https:\/\/yoast.com\/wordpress\/plugins\/seo\/ -->\n<title>En image \u2013 Salon Saint-Di\u00e9 Mariage, un week-end pour pr\u00e9parer le grand jour dans ses moindres d\u00e9tails\u00a0! - Saint Die Info<\/title>\n<meta name=\"robots\" content=\"index, follow, max-snippet:-1, max-image-preview:large, max-video-preview:-1\" \/>\n<link rel=\"canonical\" href=\"https:\/\/vosgesinfo.fr\/saintdieinfo\/2025\/01\/en-image-salon-saint-die-mariage-un-week-end-pour-preparer-le-grand-jour-dans-ses-moindres-details\/\" \/>\n<meta name=\"twitter:card\" content=\"summary_large_image\" \/>\n<meta name=\"twitter:title\" content=\"En image \u2013 Salon Saint-Di\u00e9 Mariage, un week-end pour pr\u00e9parer le grand jour dans ses moindres d\u00e9tails\u00a0! - Saint Die Info\" \/>\n<meta name=\"twitter:description\" content=\"Apr\u00e8s de nombreuses ann\u00e9es d&rsquo;absence, l&rsquo;agence \u00e9v\u00e9nementielle PrestaTech-Ev\u00e9nements signe le retour du salon du mariage \u00e0 Saint-Di\u00e9-des-Vosges. Inaugur\u00e9 ce samedi [&hellip;]\" \/>\n<meta name=\"twitter:image\" content=\"https:\/\/vosgesinfo.fr\/app\/uploads\/sites\/4\/2025\/01\/inauguration-salon-saint-die-mariage-16-scaled.jpg\" \/>\n<meta name=\"twitter:creator\" content=\"@VosgesInfo88\" \/>\n<meta name=\"twitter:site\" content=\"@VosgesInfo88\" \/>\n<meta name=\"twitter:label1\" content=\"\u00c9crit par\" \/>\n\t<meta name=\"twitter:data1\" content=\"J.J.\" \/>\n\t<meta name=\"twitter:label2\" content=\"Dur\u00e9e de lecture estim\u00e9e\" \/>\n\t<meta name=\"twitter:data2\" content=\"2 minutes\" \/>\n<script type=\"application\/ld+json\" class=\"yoast-schema-graph\">{\"@context\":\"https:\/\/schema.org\",\"@graph\":[{\"@type\":\"Article\",\"@id\":\"https:\/\/vosgesinfo.fr\/saintdieinfo\/2025\/01\/en-image-salon-saint-die-mariage-un-week-end-pour-preparer-le-grand-jour-dans-ses-moindres-details\/#article\",\"isPartOf\":{\"@id\":\"https:\/\/vosgesinfo.fr\/saintdieinfo\/2025\/01\/en-image-salon-saint-die-mariage-un-week-end-pour-preparer-le-grand-jour-dans-ses-moindres-details\/\"},\"author\":{\"name\":\"J.J.\",\"@id\":\"https:\/\/vosgesinfo.fr\/saintdieinfo\/#\/schema\/person\/fa73e9f726d67bb88f46d5b7943cb572\"},\"headline\":\"En image \u2013 Salon Saint-Di\u00e9 Mariage, un week-end pour pr\u00e9parer le grand jour dans ses moindres d\u00e9tails\u00a0!\",\"datePublished\":\"2025-01-11T18:00:51+00:00\",\"dateModified\":\"2025-01-11T18:13:52+00:00\",\"mainEntityOfPage\":{\"@id\":\"https:\/\/vosgesinfo.fr\/saintdieinfo\/2025\/01\/en-image-salon-saint-die-mariage-un-week-end-pour-preparer-le-grand-jour-dans-ses-moindres-details\/\"},\"wordCount\":325,\"commentCount\":2,\"publisher\":{\"@id\":\"https:\/\/vosgesinfo.fr\/saintdieinfo\/#organization\"},\"image\":{\"@id\":\"https:\/\/vosgesinfo.fr\/saintdieinfo\/2025\/01\/en-image-salon-saint-die-mariage-un-week-end-pour-preparer-le-grand-jour-dans-ses-moindres-details\/#primaryimage\"},\"thumbnailUrl\":\"https:\/\/vosgesinfo.fr\/app\/uploads\/sites\/4\/2025\/01\/inauguration-salon-saint-die-mariage-16-scaled.jpg\",\"keywords\":[\"Espace Fran\u00e7ois-Mitterrand\",\"Prestatech Ev\u00e9nements\",\"Salon du mariage de Saint-Di\u00e9-des-Vosges\",\"Salon Saint-Di\u00e9 Mariage\"],\"articleSection\":[\"A la Une\",\"Epinal\",\"Gerardmer\",\"La plaine des vosges\",\"Remiremont\",\"Vosges\"],\"inLanguage\":\"fr-FR\",\"potentialAction\":[{\"@type\":\"CommentAction\",\"name\":\"Comment\",\"target\":[\"https:\/\/vosgesinfo.fr\/saintdieinfo\/2025\/01\/en-image-salon-saint-die-mariage-un-week-end-pour-preparer-le-grand-jour-dans-ses-moindres-details\/#respond\"]}]},{\"@type\":\"WebPage\",\"@id\":\"https:\/\/vosgesinfo.fr\/saintdieinfo\/2025\/01\/en-image-salon-saint-die-mariage-un-week-end-pour-preparer-le-grand-jour-dans-ses-moindres-details\/\",\"url\":\"https:\/\/vosgesinfo.fr\/saintdieinfo\/2025\/01\/en-image-salon-saint-die-mariage-un-week-end-pour-preparer-le-grand-jour-dans-ses-moindres-details\/\",\"name\":\"En image \u2013 Salon Saint-Di\u00e9 Mariage, un week-end pour pr\u00e9parer le grand jour dans ses moindres d\u00e9tails\u00a0! - Saint Die Info\",\"isPartOf\":{\"@id\":\"https:\/\/vosgesinfo.fr\/saintdieinfo\/#website\"},\"primaryImageOfPage\":{\"@id\":\"https:\/\/vosgesinfo.fr\/saintdieinfo\/2025\/01\/en-image-salon-saint-die-mariage-un-week-end-pour-preparer-le-grand-jour-dans-ses-moindres-details\/#primaryimage\"},\"image\":{\"@id\":\"https:\/\/vosgesinfo.fr\/saintdieinfo\/2025\/01\/en-image-salon-saint-die-mariage-un-week-end-pour-preparer-le-grand-jour-dans-ses-moindres-details\/#primaryimage\"},\"thumbnailUrl\":\"https:\/\/vosgesinfo.fr\/app\/uploads\/sites\/4\/2025\/01\/inauguration-salon-saint-die-mariage-16-scaled.jpg\",\"datePublished\":\"2025-01-11T18:00:51+00:00\",\"dateModified\":\"2025-01-11T18:13:52+00:00\",\"breadcrumb\":{\"@id\":\"https:\/\/vosgesinfo.fr\/saintdieinfo\/2025\/01\/en-image-salon-saint-die-mariage-un-week-end-pour-preparer-le-grand-jour-dans-ses-moindres-details\/#breadcrumb\"},\"inLanguage\":\"fr-FR\",\"potentialAction\":[{\"@type\":\"ReadAction\",\"target\":[\"https:\/\/vosgesinfo.fr\/saintdieinfo\/2025\/01\/en-image-salon-saint-die-mariage-un-week-end-pour-preparer-le-grand-jour-dans-ses-moindres-details\/\"]}]},{\"@type\":\"ImageObject\",\"inLanguage\":\"fr-FR\",\"@id\":\"https:\/\/vosgesinfo.fr\/saintdieinfo\/2025\/01\/en-image-salon-saint-die-mariage-un-week-end-pour-preparer-le-grand-jour-dans-ses-moindres-details\/#primaryimage\",\"url\":\"https:\/\/vosgesinfo.fr\/app\/uploads\/sites\/4\/2025\/01\/inauguration-salon-saint-die-mariage-16-scaled.jpg\",\"contentUrl\":\"https:\/\/vosgesinfo.fr\/app\/uploads\/sites\/4\/2025\/01\/inauguration-salon-saint-die-mariage-16-scaled.jpg\",\"width\":2560,\"height\":1928},{\"@type\":\"BreadcrumbList\",\"@id\":\"https:\/\/vosgesinfo.fr\/saintdieinfo\/2025\/01\/en-image-salon-saint-die-mariage-un-week-end-pour-preparer-le-grand-jour-dans-ses-moindres-details\/#breadcrumb\",\"itemListElement\":[{\"@type\":\"ListItem\",\"position\":1,\"name\":\"Home\",\"item\":\"https:\/\/vosgesinfo.fr\/saintdieinfo\/\"},{\"@type\":\"ListItem\",\"position\":2,\"name\":\"En image \u2013 Salon Saint-Di\u00e9 Mariage, un week-end pour pr\u00e9parer le grand jour dans ses moindres d\u00e9tails\u00a0!\"}]},{\"@type\":\"WebSite\",\"@id\":\"https:\/\/vosgesinfo.fr\/saintdieinfo\/#website\",\"url\":\"https:\/\/vosgesinfo.fr\/saintdieinfo\/\",\"name\":\"Saint Die Info\",\"description\":\"Toute l&#039;actualit\u00e9 de Saint-Di\u00e9-Des-Vosges\",\"publisher\":{\"@id\":\"https:\/\/vosgesinfo.fr\/saintdieinfo\/#organization\"},\"alternateName\":\"Toute l'actualit\u00e9 de Saint-Di\u00e9-Des-Vosges\",\"potentialAction\":[{\"@type\":\"SearchAction\",\"target\":{\"@type\":\"EntryPoint\",\"urlTemplate\":\"https:\/\/vosgesinfo.fr\/saintdieinfo\/?s={search_term_string}\"},\"query-input\":\"required name=search_term_string\"}],\"inLanguage\":\"fr-FR\"},{\"@type\":\"Organization\",\"@id\":\"https:\/\/vosgesinfo.fr\/saintdieinfo\/#organization\",\"name\":\"Saint Die Info\",\"url\":\"https:\/\/vosgesinfo.fr\/saintdieinfo\/\",\"logo\":{\"@type\":\"ImageObject\",\"inLanguage\":\"fr-FR\",\"@id\":\"https:\/\/vosgesinfo.fr\/saintdieinfo\/#\/schema\/logo\/image\/\",\"url\":\"https:\/\/vosgesinfo.fr\/app\/uploads\/sites\/4\/2024\/02\/logo-sdi.jpg\",\"contentUrl\":\"https:\/\/vosgesinfo.fr\/app\/uploads\/sites\/4\/2024\/02\/logo-sdi.jpg\",\"width\":600,\"height\":600,\"caption\":\"Saint Die Info\"},\"image\":{\"@id\":\"https:\/\/vosgesinfo.fr\/saintdieinfo\/#\/schema\/logo\/image\/\"},\"sameAs\":[\"https:\/\/www.facebook.com\/Saintdieinfofr\",\"https:\/\/x.com\/VosgesInfo88\",\"https:\/\/www.youtube.com\/@vosgesinfo\"]},{\"@type\":\"Person\",\"@id\":\"https:\/\/vosgesinfo.fr\/saintdieinfo\/#\/schema\/person\/fa73e9f726d67bb88f46d5b7943cb572\",\"name\":\"J.J.\",\"image\":{\"@type\":\"ImageObject\",\"inLanguage\":\"fr-FR\",\"@id\":\"https:\/\/vosgesinfo.fr\/saintdieinfo\/#\/schema\/person\/image\/\",\"url\":\"https:\/\/secure.gravatar.com\/avatar\/219e749e47ffbcca018a360ae4add7d4cdf1cdaaf8bc7676b27efade3fe65615?s=96&d=mm&r=g\",\"contentUrl\":\"https:\/\/secure.gravatar.com\/avatar\/219e749e47ffbcca018a360ae4add7d4cdf1cdaaf8bc7676b27efade3fe65615?s=96&d=mm&r=g\",\"caption\":\"J.J.\"},\"url\":\"https:\/\/vosgesinfo.fr\/saintdieinfo\/author\/j-j\/\"}]}<\/script>\n<!-- \/ Yoast SEO plugin. -->","yoast_head_json":{"title":"En image \u2013 Salon Saint-Di\u00e9 Mariage, un week-end pour pr\u00e9parer le grand jour dans ses moindres d\u00e9tails\u00a0! - Saint Die Info","robots":{"index":"index","follow":"follow","max-snippet":"max-snippet:-1","max-image-preview":"max-image-preview:large","max-video-preview":"max-video-preview:-1"},"canonical":"https:\/\/vosgesinfo.fr\/saintdieinfo\/2025\/01\/en-image-salon-saint-die-mariage-un-week-end-pour-preparer-le-grand-jour-dans-ses-moindres-details\/","twitter_card":"summary_large_image","twitter_title":"En image \u2013 Salon Saint-Di\u00e9 Mariage, un week-end pour pr\u00e9parer le grand jour dans ses moindres d\u00e9tails\u00a0! - Saint Die Info","twitter_description":"Apr\u00e8s de nombreuses ann\u00e9es d&rsquo;absence, l&rsquo;agence \u00e9v\u00e9nementielle PrestaTech-Ev\u00e9nements signe le retour du salon du mariage \u00e0 Saint-Di\u00e9-des-Vosges. Inaugur\u00e9 ce samedi [&hellip;]","twitter_image":"https:\/\/vosgesinfo.fr\/app\/uploads\/sites\/4\/2025\/01\/inauguration-salon-saint-die-mariage-16-scaled.jpg","twitter_creator":"@VosgesInfo88","twitter_site":"@VosgesInfo88","twitter_misc":{"\u00c9crit par":"J.J.","Dur\u00e9e de lecture estim\u00e9e":"2 minutes"},"schema":{"@context":"https:\/\/schema.org","@graph":[{"@type":"Article","@id":"https:\/\/vosgesinfo.fr\/saintdieinfo\/2025\/01\/en-image-salon-saint-die-mariage-un-week-end-pour-preparer-le-grand-jour-dans-ses-moindres-details\/#article","isPartOf":{"@id":"https:\/\/vosgesinfo.fr\/saintdieinfo\/2025\/01\/en-image-salon-saint-die-mariage-un-week-end-pour-preparer-le-grand-jour-dans-ses-moindres-details\/"},"author":{"name":"J.J.","@id":"https:\/\/vosgesinfo.fr\/saintdieinfo\/#\/schema\/person\/fa73e9f726d67bb88f46d5b7943cb572"},"headline":"En image \u2013 Salon Saint-Di\u00e9 Mariage, un week-end pour pr\u00e9parer le grand jour dans ses moindres d\u00e9tails\u00a0!","datePublished":"2025-01-11T18:00:51+00:00","dateModified":"2025-01-11T18:13:52+00:00","mainEntityOfPage":{"@id":"https:\/\/vosgesinfo.fr\/saintdieinfo\/2025\/01\/en-image-salon-saint-die-mariage-un-week-end-pour-preparer-le-grand-jour-dans-ses-moindres-details\/"},"wordCount":325,"commentCount":2,"publisher":{"@id":"https:\/\/vosgesinfo.fr\/saintdieinfo\/#organization"},"image":{"@id":"https:\/\/vosgesinfo.fr\/saintdieinfo\/2025\/01\/en-image-salon-saint-die-mariage-un-week-end-pour-preparer-le-grand-jour-dans-ses-moindres-details\/#primaryimage"},"thumbnailUrl":"https:\/\/vosgesinfo.fr\/app\/uploads\/sites\/4\/2025\/01\/inauguration-salon-saint-die-mariage-16-scaled.jpg","keywords":["Espace Fran\u00e7ois-Mitterrand","Prestatech Ev\u00e9nements","Salon du mariage de Saint-Di\u00e9-des-Vosges","Salon Saint-Di\u00e9 Mariage"],"articleSection":["A la Une","Epinal","Gerardmer","La plaine des vosges","Remiremont","Vosges"],"inLanguage":"fr-FR","potentialAction":[{"@type":"CommentAction","name":"Comment","target":["https:\/\/vosgesinfo.fr\/saintdieinfo\/2025\/01\/en-image-salon-saint-die-mariage-un-week-end-pour-preparer-le-grand-jour-dans-ses-moindres-details\/#respond"]}]},{"@type":"WebPage","@id":"https:\/\/vosgesinfo.fr\/saintdieinfo\/2025\/01\/en-image-salon-saint-die-mariage-un-week-end-pour-preparer-le-grand-jour-dans-ses-moindres-details\/","url":"https:\/\/vosgesinfo.fr\/saintdieinfo\/2025\/01\/en-image-salon-saint-die-mariage-un-week-end-pour-preparer-le-grand-jour-dans-ses-moindres-details\/","name":"En image \u2013 Salon Saint-Di\u00e9 Mariage, un week-end pour pr\u00e9parer le grand jour dans ses moindres d\u00e9tails\u00a0! - Saint Die Info","isPartOf":{"@id":"https:\/\/vosgesinfo.fr\/saintdieinfo\/#website"},"primaryImageOfPage":{"@id":"https:\/\/vosgesinfo.fr\/saintdieinfo\/2025\/01\/en-image-salon-saint-die-mariage-un-week-end-pour-preparer-le-grand-jour-dans-ses-moindres-details\/#primaryimage"},"image":{"@id":"https:\/\/vosgesinfo.fr\/saintdieinfo\/2025\/01\/en-image-salon-saint-die-mariage-un-week-end-pour-preparer-le-grand-jour-dans-ses-moindres-details\/#primaryimage"},"thumbnailUrl":"https:\/\/vosgesinfo.fr\/app\/uploads\/sites\/4\/2025\/01\/inauguration-salon-saint-die-mariage-16-scaled.jpg","datePublished":"2025-01-11T18:00:51+00:00","dateModified":"2025-01-11T18:13:52+00:00","breadcrumb":{"@id":"https:\/\/vosgesinfo.fr\/saintdieinfo\/2025\/01\/en-image-salon-saint-die-mariage-un-week-end-pour-preparer-le-grand-jour-dans-ses-moindres-details\/#breadcrumb"},"inLanguage":"fr-FR","potentialAction":[{"@type":"ReadAction","target":["https:\/\/vosgesinfo.fr\/saintdieinfo\/2025\/01\/en-image-salon-saint-die-mariage-un-week-end-pour-preparer-le-grand-jour-dans-ses-moindres-details\/"]}]},{"@type":"ImageObject","inLanguage":"fr-FR","@id":"https:\/\/vosgesinfo.fr\/saintdieinfo\/2025\/01\/en-image-salon-saint-die-mariage-un-week-end-pour-preparer-le-grand-jour-dans-ses-moindres-details\/#primaryimage","url":"https:\/\/vosgesinfo.fr\/app\/uploads\/sites\/4\/2025\/01\/inauguration-salon-saint-die-mariage-16-scaled.jpg","contentUrl":"https:\/\/vosgesinfo.fr\/app\/uploads\/sites\/4\/2025\/01\/inauguration-salon-saint-die-mariage-16-scaled.jpg","width":2560,"height":1928},{"@type":"BreadcrumbList","@id":"https:\/\/vosgesinfo.fr\/saintdieinfo\/2025\/01\/en-image-salon-saint-die-mariage-un-week-end-pour-preparer-le-grand-jour-dans-ses-moindres-details\/#breadcrumb","itemListElement":[{"@type":"ListItem","position":1,"name":"Home","item":"https:\/\/vosgesinfo.fr\/saintdieinfo\/"},{"@type":"ListItem","position":2,"name":"En image \u2013 Salon Saint-Di\u00e9 Mariage, un week-end pour pr\u00e9parer le grand jour dans ses moindres d\u00e9tails\u00a0!"}]},{"@type":"WebSite","@id":"https:\/\/vosgesinfo.fr\/saintdieinfo\/#website","url":"https:\/\/vosgesinfo.fr\/saintdieinfo\/","name":"Saint Die Info","description":"Toute l&#039;actualit\u00e9 de Saint-Di\u00e9-Des-Vosges","publisher":{"@id":"https:\/\/vosgesinfo.fr\/saintdieinfo\/#organization"},"alternateName":"Toute l'actualit\u00e9 de Saint-Di\u00e9-Des-Vosges","potentialAction":[{"@type":"SearchAction","target":{"@type":"EntryPoint","urlTemplate":"https:\/\/vosgesinfo.fr\/saintdieinfo\/?s={search_term_string}"},"query-input":"required name=search_term_string"}],"inLanguage":"fr-FR"},{"@type":"Organization","@id":"https:\/\/vosgesinfo.fr\/saintdieinfo\/#organization","name":"Saint Die Info","url":"https:\/\/vosgesinfo.fr\/saintdieinfo\/","logo":{"@type":"ImageObject","inLanguage":"fr-FR","@id":"https:\/\/vosgesinfo.fr\/saintdieinfo\/#\/schema\/logo\/image\/","url":"https:\/\/vosgesinfo.fr\/app\/uploads\/sites\/4\/2024\/02\/logo-sdi.jpg","contentUrl":"https:\/\/vosgesinfo.fr\/app\/uploads\/sites\/4\/2024\/02\/logo-sdi.jpg","width":600,"height":600,"caption":"Saint Die Info"},"image":{"@id":"https:\/\/vosgesinfo.fr\/saintdieinfo\/#\/schema\/logo\/image\/"},"sameAs":["https:\/\/www.facebook.com\/Saintdieinfofr","https:\/\/x.com\/VosgesInfo88","https:\/\/www.youtube.com\/@vosgesinfo"]},{"@type":"Person","@id":"https:\/\/vosgesinfo.fr\/saintdieinfo\/#\/schema\/person\/fa73e9f726d67bb88f46d5b7943cb572","name":"J.J.","image":{"@type":"ImageObject","inLanguage":"fr-FR","@id":"https:\/\/vosgesinfo.fr\/saintdieinfo\/#\/schema\/person\/image\/","url":"https:\/\/secure.gravatar.com\/avatar\/219e749e47ffbcca018a360ae4add7d4cdf1cdaaf8bc7676b27efade3fe65615?s=96&d=mm&r=g","contentUrl":"https:\/\/secure.gravatar.com\/avatar\/219e749e47ffbcca018a360ae4add7d4cdf1cdaaf8bc7676b27efade3fe65615?s=96&d=mm&r=g","caption":"J.J."},"url":"https:\/\/vosgesinfo.fr\/saintdieinfo\/author\/j-j\/"}]}},"_links":{"self":[{"href":"https:\/\/vosgesinfo.fr\/saintdieinfo\/wp-json\/wp\/v2\/posts\/72653","targetHints":{"allow":["GET"]}}],"collection":[{"href":"https:\/\/vosgesinfo.fr\/saintdieinfo\/wp-json\/wp\/v2\/posts"}],"about":[{"href":"https:\/\/vosgesinfo.fr\/saintdieinfo\/wp-json\/wp\/v2\/types\/post"}],"author":[{"embeddable":true,"href":"https:\/\/vosgesinfo.fr\/saintdieinfo\/wp-json\/wp\/v2\/users\/46"}],"replies":[{"embeddable":true,"href":"https:\/\/vosgesinfo.fr\/saintdieinfo\/wp-json\/wp\/v2\/comments?post=72653"}],"version-history":[{"count":2,"href":"https:\/\/vosgesinfo.fr\/saintdieinfo\/wp-json\/wp\/v2\/posts\/72653\/revisions"}],"predecessor-version":[{"id":72683,"href":"https:\/\/vosgesinfo.fr\/saintdieinfo\/wp-json\/wp\/v2\/posts\/72653\/revisions\/72683"}],"wp:featuredmedia":[{"embeddable":true,"href":"https:\/\/vosgesinfo.fr\/saintdieinfo\/wp-json\/wp\/v2\/media\/72647"}],"wp:attachment":[{"href":"https:\/\/vosgesinfo.fr\/saintdieinfo\/wp-json\/wp\/v2\/media?parent=72653"}],"wp:term":[{"taxonomy":"category","embeddable":true,"href":"https:\/\/vosgesinfo.fr\/saintdieinfo\/wp-json\/wp\/v2\/categories?post=72653"},{"taxonomy":"post_tag","embeddable":true,"href":"https:\/\/vosgesinfo.fr\/saintdieinfo\/wp-json\/wp\/v2\/tags?post=72653"}],"curies":[{"name":"wp","href":"https:\/\/api.w.org\/{rel}","templated":true}]}}