{"id":72986,"date":"2025-01-18T07:00:37","date_gmt":"2025-01-18T06:00:37","guid":{"rendered":"https:\/\/vosgesinfo.fr\/saintdieinfo\/?p=72986"},"modified":"2025-01-18T00:02:43","modified_gmt":"2025-01-17T23:02:43","slug":"commerce-local-ludac-garde-le-cap","status":"publish","type":"post","link":"https:\/\/vosgesinfo.fr\/saintdieinfo\/2025\/01\/commerce-local-ludac-garde-le-cap\/","title":{"rendered":"Commerce local : l&rsquo;UDAC garde le cap"},"content":{"rendered":"<p><a href=\"https:\/\/vosgesinfo.fr\/app\/uploads\/sites\/4\/2025\/01\/ag-udac-2025-1-scaled.jpg\"><img decoding=\"async\" class=\"alignnone size-large wp-image-72987\" src=\"https:\/\/vosgesinfo.fr\/app\/uploads\/sites\/4\/2025\/01\/ag-udac-2025-1-1024x771.jpg\" alt=\"\" width=\"1024\" height=\"771\" srcset=\"https:\/\/vosgesinfo.fr\/app\/uploads\/sites\/4\/2025\/01\/ag-udac-2025-1-1024x771.jpg 1024w, https:\/\/vosgesinfo.fr\/app\/uploads\/sites\/4\/2025\/01\/ag-udac-2025-1-300x226.jpg 300w, https:\/\/vosgesinfo.fr\/app\/uploads\/sites\/4\/2025\/01\/ag-udac-2025-1-768x578.jpg 768w, https:\/\/vosgesinfo.fr\/app\/uploads\/sites\/4\/2025\/01\/ag-udac-2025-1-1536x1157.jpg 1536w, https:\/\/vosgesinfo.fr\/app\/uploads\/sites\/4\/2025\/01\/ag-udac-2025-1-2048x1542.jpg 2048w\" sizes=\"(max-width: 1024px) 100vw, 1024px\" \/><\/a><\/p>\n<h2>L&rsquo;Union D\u00e9odatienne des Artisans et Commercants \u2013 UDAC \u2013 tenait, ce vendredi soir, son assembl\u00e9e g\u00e9n\u00e9rale annuelle \u00e0 la salle Carbonnar, en pr\u00e9sence du maire Bruno Toussaint et de l&rsquo;adjointe au Commerce Dominique Chobaut.<\/h2>\n<p><!--more--><\/p>\n<p><a href=\"https:\/\/vosgesinfo.fr\/saintdieinfo\/2024\/02\/du-changement-a-ludac\/\" target=\"_blank\" rel=\"noopener\">Apr\u00e8s le renouvellement de son Bureau et un changement de pr\u00e9sident l&rsquo;an dernier, Eric Antoine succ\u00e9dant \u00e0 Etienne Humbert<\/a>, la principale association de commer\u00e7ants de la ville poursuit sa redynamisation. <a href=\"https:\/\/vosgesinfo.fr\/saintdieinfo\/2024\/11\/prix-des-unions-de-commercants-des-vosges-le-gagnant-est\/\" target=\"_blank\" rel=\"noopener\">Preuve de cette dynamique, l&rsquo;UDAC a obtenu le 3e prix des Unions de Commer\u00e7ante des 2024, organis\u00e9 par la Chambre de Commerce et d&rsquo;Industrie \u2013 CCI \u2013 des Vosges.<\/a><\/p>\n<p>En 2025, l&rsquo;UDAC organisera \u00e0 nouveau des jeux et animations \u00e0 l&rsquo;occasion de la Saint-Valentin, de P\u00e2ques, de la F\u00eate des M\u00e8res et des f\u00eates de fin d&rsquo;ann\u00e9e, tout en organisant toujours ses repas-concerts de l&rsquo;\u00e9t\u00e9, les vendredis soirs sur la place du G\u00e9n\u00e9ral-de-Gaulle. Sans oublier la participation active \u00e0 \u00ab Un jardin dans ma ville \u00bb, le troisi\u00e8me week-end de mai, notamment via un stand de vente de tabliers. <a href=\"https:\/\/vosgesinfo.fr\/saintdieinfo\/2024\/03\/lunion-deodatienne-des-artisans-et-commercants-lance-sa-gazette\/\" target=\"_blank\" rel=\"noopener\">Quant \u00e0 la Gazette de l&rsquo;UDAC, initi\u00e9e en 2024, elle sera de retour cette ann\u00e9e.<\/a><\/p>\n<p>Au titre des nouveaut\u00e9s, Eric Antoine a annonc\u00e9 hier soir que l&rsquo;association refera un grand d\u00e9ballage pour le d\u00e9but des soldes d&rsquo;\u00e9t\u00e9, comme il y a 2 ans mais cette fois-ci sur un week-end complet. Il s&rsquo;agira des samedi 28 et dimanche 29 juin. \u00ab\u00a0La rue Thiers sera pi\u00e9tonne au moins le dimanche\u00a0\u00bb pr\u00e9cise le pr\u00e9sident de l&rsquo;UDAC, annon\u00e7ant \u00e9galement que l&rsquo;association sera pr\u00e9sente \u00ab\u00a0au maximum\u00a0\u00bb pour le 36e Festival International de G\u00e9ographie. \u00ab\u00a0Il est vrai que nous n&rsquo;avons pas \u00e9t\u00e9 pr\u00e9sents jusqu&rsquo;\u00e0 maintenant, mais nous allons faire en sorte de l&rsquo;\u00eatre cette ann\u00e9e.\u00a0\u00bb<\/p>\n<p>Lors de l&rsquo;assembl\u00e9e g\u00e9n\u00e9rale, Eric Antoine a insist\u00e9 \u00e0 plusieurs reprises sur le besoin d&rsquo;une meilleure communication en interne. C&rsquo;est dans ce sens qu&rsquo;une journ\u00e9e d&rsquo;initiation au golf sera organis\u00e9e \u00ab au retour des beaux jours \u00bb, et qu&rsquo;une r\u00e9flexion est en cours pour am\u00e9liorer les \u00ab 19\/20 \u00bb, en stabilisant davantage leurs dates voire en relan\u00e7ant l&rsquo;id\u00e9e de parrainages. Les \u00ab 19\/20 \u00bb \u00e9tant les rendez-vous organis\u00e9s tout au long de l&rsquo;ann\u00e9e entre adh\u00e9rents, le soir de 19h \u00e0 20h.<\/p>\n<p>D\u00e9missionnaires du Bureau, Fabrice Iung et Fabien Heuillet, respectivement secr\u00e9taire et tr\u00e9sorier, n&rsquo;ont pas encore trouv\u00e9 de successeurs. Personne ne s&rsquo;\u00e9tant port\u00e9 volontaire hier soir.<\/p>\n<p>Enfin, on retiendra de ces assises annuelles que le nombre d&rsquo;adh\u00e9rents de l&rsquo;UDAC est relativement stable, avec 109 adh\u00e9rents en 2024 contre 118 en 2023.<\/p>\n<p>J.J.<\/p>\n\n\t\t<style type=\"text\/css\">\n\t\t\t#gallery-1 {\n\t\t\t\tmargin: auto;\n\t\t\t}\n\t\t\t#gallery-1 .gallery-item {\n\t\t\t\tfloat: left;\n\t\t\t\tmargin-top: 10px;\n\t\t\t\ttext-align: center;\n\t\t\t\twidth: 50%;\n\t\t\t}\n\t\t\t#gallery-1 img {\n\t\t\t\tborder: 2px solid #cfcfcf;\n\t\t\t}\n\t\t\t#gallery-1 .gallery-caption {\n\t\t\t\tmargin-left: 0;\n\t\t\t}\n\t\t\t\/* see gallery_shortcode() in wp-includes\/media.php *\/\n\t\t<\/style>\n\t\t<div id='gallery-1' class='gallery galleryid-72986 gallery-columns-2 gallery-size-thumbnail'><dl class='gallery-item'>\n\t\t\t<dt class='gallery-icon landscape'>\n\t\t\t\t<a href='https:\/\/vosgesinfo.fr\/saintdieinfo\/2025\/01\/commerce-local-ludac-garde-le-cap\/ag_udac_2025-3\/'><img decoding=\"async\" width=\"150\" height=\"150\" src=\"https:\/\/vosgesinfo.fr\/app\/uploads\/sites\/4\/2025\/01\/ag-udac-2025-3-150x150.jpg\" class=\"attachment-thumbnail size-thumbnail\" alt=\"\" \/><\/a>\n\t\t\t<\/dt><\/dl><dl class='gallery-item'>\n\t\t\t<dt class='gallery-icon landscape'>\n\t\t\t\t<a href='https:\/\/vosgesinfo.fr\/saintdieinfo\/2025\/01\/commerce-local-ludac-garde-le-cap\/ag_udac_2025-2\/'><img decoding=\"async\" width=\"150\" height=\"150\" src=\"https:\/\/vosgesinfo.fr\/app\/uploads\/sites\/4\/2025\/01\/ag-udac-2025-2-150x150.jpg\" class=\"attachment-thumbnail size-thumbnail\" alt=\"\" \/><\/a>\n\t\t\t<\/dt><\/dl><br style=\"clear: both\" \/>\n\t\t<\/div>\n\n","protected":false},"excerpt":{"rendered":"<p>L&rsquo;Union D\u00e9odatienne des Artisans et Commercants \u2013 UDAC \u2013 tenait, ce vendredi soir, son assembl\u00e9e g\u00e9n\u00e9rale annuelle \u00e0 la salle [&hellip;]<\/p>\n","protected":false},"author":46,"featured_media":72987,"comment_status":"open","ping_status":"open","sticky":false,"template":"","format":"standard","meta":{"footnotes":""},"categories":[460,5,167,17],"tags":[676,15853,3571,2934,3267],"class_list":["post-72986","post","type-post","status-publish","format-standard","has-post-thumbnail","hentry","category-a-la-une","category-economie","category-saint-die-des-vosges","category-vie-associative","tag-assemblee-generale","tag-assemblee-generale-de-ludac","tag-salle-carbonnar","tag-udac","tag-union-deodatienne-des-artisans-et-commercants"],"acf":[],"yoast_head":"<!-- This site is optimized with the Yoast SEO plugin v22.5 - https:\/\/yoast.com\/wordpress\/plugins\/seo\/ -->\n<title>Commerce local : l&#039;UDAC garde le cap - Saint Die Info<\/title>\n<meta name=\"robots\" content=\"index, follow, max-snippet:-1, max-image-preview:large, max-video-preview:-1\" \/>\n<link rel=\"canonical\" href=\"https:\/\/vosgesinfo.fr\/saintdieinfo\/2025\/01\/commerce-local-ludac-garde-le-cap\/\" \/>\n<meta name=\"twitter:card\" content=\"summary_large_image\" \/>\n<meta name=\"twitter:title\" content=\"Commerce local : l&#039;UDAC garde le cap - Saint Die Info\" \/>\n<meta name=\"twitter:description\" content=\"L&rsquo;Union D\u00e9odatienne des Artisans et Commercants \u2013 UDAC \u2013 tenait, ce vendredi soir, son assembl\u00e9e g\u00e9n\u00e9rale annuelle \u00e0 la salle [&hellip;]\" \/>\n<meta name=\"twitter:image\" content=\"https:\/\/vosgesinfo.fr\/app\/uploads\/sites\/4\/2025\/01\/ag-udac-2025-1-scaled.jpg\" \/>\n<meta name=\"twitter:creator\" content=\"@VosgesInfo88\" \/>\n<meta name=\"twitter:site\" content=\"@VosgesInfo88\" \/>\n<meta name=\"twitter:label1\" content=\"\u00c9crit par\" \/>\n\t<meta name=\"twitter:data1\" content=\"J.J.\" \/>\n\t<meta name=\"twitter:label2\" content=\"Dur\u00e9e de lecture estim\u00e9e\" \/>\n\t<meta name=\"twitter:data2\" content=\"3 minutes\" \/>\n<script type=\"application\/ld+json\" class=\"yoast-schema-graph\">{\"@context\":\"https:\/\/schema.org\",\"@graph\":[{\"@type\":\"Article\",\"@id\":\"https:\/\/vosgesinfo.fr\/saintdieinfo\/2025\/01\/commerce-local-ludac-garde-le-cap\/#article\",\"isPartOf\":{\"@id\":\"https:\/\/vosgesinfo.fr\/saintdieinfo\/2025\/01\/commerce-local-ludac-garde-le-cap\/\"},\"author\":{\"name\":\"J.J.\",\"@id\":\"https:\/\/vosgesinfo.fr\/saintdieinfo\/#\/schema\/person\/fa73e9f726d67bb88f46d5b7943cb572\"},\"headline\":\"Commerce local : l&rsquo;UDAC garde le cap\",\"datePublished\":\"2025-01-18T06:00:37+00:00\",\"dateModified\":\"2025-01-17T23:02:43+00:00\",\"mainEntityOfPage\":{\"@id\":\"https:\/\/vosgesinfo.fr\/saintdieinfo\/2025\/01\/commerce-local-ludac-garde-le-cap\/\"},\"wordCount\":460,\"commentCount\":0,\"publisher\":{\"@id\":\"https:\/\/vosgesinfo.fr\/saintdieinfo\/#organization\"},\"image\":{\"@id\":\"https:\/\/vosgesinfo.fr\/saintdieinfo\/2025\/01\/commerce-local-ludac-garde-le-cap\/#primaryimage\"},\"thumbnailUrl\":\"https:\/\/vosgesinfo.fr\/app\/uploads\/sites\/4\/2025\/01\/ag-udac-2025-1-scaled.jpg\",\"keywords\":[\"assembl\u00e9e g\u00e9n\u00e9rale\",\"Assembl\u00e9e g\u00e9n\u00e9rale de l'UDAC\",\"Salle Carbonnar\",\"UDAC\",\"Union D\u00e9odatienne des Artisans et Commer\u00e7ants\"],\"articleSection\":[\"A la Une\",\"\u00c9conomie\",\"Saint-Di\u00e9-des-Vosges\",\"Vie Associative\"],\"inLanguage\":\"fr-FR\",\"potentialAction\":[{\"@type\":\"CommentAction\",\"name\":\"Comment\",\"target\":[\"https:\/\/vosgesinfo.fr\/saintdieinfo\/2025\/01\/commerce-local-ludac-garde-le-cap\/#respond\"]}]},{\"@type\":\"WebPage\",\"@id\":\"https:\/\/vosgesinfo.fr\/saintdieinfo\/2025\/01\/commerce-local-ludac-garde-le-cap\/\",\"url\":\"https:\/\/vosgesinfo.fr\/saintdieinfo\/2025\/01\/commerce-local-ludac-garde-le-cap\/\",\"name\":\"Commerce local : l'UDAC garde le cap - Saint Die Info\",\"isPartOf\":{\"@id\":\"https:\/\/vosgesinfo.fr\/saintdieinfo\/#website\"},\"primaryImageOfPage\":{\"@id\":\"https:\/\/vosgesinfo.fr\/saintdieinfo\/2025\/01\/commerce-local-ludac-garde-le-cap\/#primaryimage\"},\"image\":{\"@id\":\"https:\/\/vosgesinfo.fr\/saintdieinfo\/2025\/01\/commerce-local-ludac-garde-le-cap\/#primaryimage\"},\"thumbnailUrl\":\"https:\/\/vosgesinfo.fr\/app\/uploads\/sites\/4\/2025\/01\/ag-udac-2025-1-scaled.jpg\",\"datePublished\":\"2025-01-18T06:00:37+00:00\",\"dateModified\":\"2025-01-17T23:02:43+00:00\",\"breadcrumb\":{\"@id\":\"https:\/\/vosgesinfo.fr\/saintdieinfo\/2025\/01\/commerce-local-ludac-garde-le-cap\/#breadcrumb\"},\"inLanguage\":\"fr-FR\",\"potentialAction\":[{\"@type\":\"ReadAction\",\"target\":[\"https:\/\/vosgesinfo.fr\/saintdieinfo\/2025\/01\/commerce-local-ludac-garde-le-cap\/\"]}]},{\"@type\":\"ImageObject\",\"inLanguage\":\"fr-FR\",\"@id\":\"https:\/\/vosgesinfo.fr\/saintdieinfo\/2025\/01\/commerce-local-ludac-garde-le-cap\/#primaryimage\",\"url\":\"https:\/\/vosgesinfo.fr\/app\/uploads\/sites\/4\/2025\/01\/ag-udac-2025-1-scaled.jpg\",\"contentUrl\":\"https:\/\/vosgesinfo.fr\/app\/uploads\/sites\/4\/2025\/01\/ag-udac-2025-1-scaled.jpg\",\"width\":2560,\"height\":1928},{\"@type\":\"BreadcrumbList\",\"@id\":\"https:\/\/vosgesinfo.fr\/saintdieinfo\/2025\/01\/commerce-local-ludac-garde-le-cap\/#breadcrumb\",\"itemListElement\":[{\"@type\":\"ListItem\",\"position\":1,\"name\":\"Home\",\"item\":\"https:\/\/vosgesinfo.fr\/saintdieinfo\/\"},{\"@type\":\"ListItem\",\"position\":2,\"name\":\"Commerce local : l&rsquo;UDAC garde le cap\"}]},{\"@type\":\"WebSite\",\"@id\":\"https:\/\/vosgesinfo.fr\/saintdieinfo\/#website\",\"url\":\"https:\/\/vosgesinfo.fr\/saintdieinfo\/\",\"name\":\"Saint Die Info\",\"description\":\"Toute l&#039;actualit\u00e9 de Saint-Di\u00e9-Des-Vosges\",\"publisher\":{\"@id\":\"https:\/\/vosgesinfo.fr\/saintdieinfo\/#organization\"},\"alternateName\":\"Toute l'actualit\u00e9 de Saint-Di\u00e9-Des-Vosges\",\"potentialAction\":[{\"@type\":\"SearchAction\",\"target\":{\"@type\":\"EntryPoint\",\"urlTemplate\":\"https:\/\/vosgesinfo.fr\/saintdieinfo\/?s={search_term_string}\"},\"query-input\":\"required name=search_term_string\"}],\"inLanguage\":\"fr-FR\"},{\"@type\":\"Organization\",\"@id\":\"https:\/\/vosgesinfo.fr\/saintdieinfo\/#organization\",\"name\":\"Saint Die Info\",\"url\":\"https:\/\/vosgesinfo.fr\/saintdieinfo\/\",\"logo\":{\"@type\":\"ImageObject\",\"inLanguage\":\"fr-FR\",\"@id\":\"https:\/\/vosgesinfo.fr\/saintdieinfo\/#\/schema\/logo\/image\/\",\"url\":\"https:\/\/vosgesinfo.fr\/app\/uploads\/sites\/4\/2024\/02\/logo-sdi.jpg\",\"contentUrl\":\"https:\/\/vosgesinfo.fr\/app\/uploads\/sites\/4\/2024\/02\/logo-sdi.jpg\",\"width\":600,\"height\":600,\"caption\":\"Saint Die Info\"},\"image\":{\"@id\":\"https:\/\/vosgesinfo.fr\/saintdieinfo\/#\/schema\/logo\/image\/\"},\"sameAs\":[\"https:\/\/www.facebook.com\/Saintdieinfofr\",\"https:\/\/x.com\/VosgesInfo88\",\"https:\/\/www.youtube.com\/@vosgesinfo\"]},{\"@type\":\"Person\",\"@id\":\"https:\/\/vosgesinfo.fr\/saintdieinfo\/#\/schema\/person\/fa73e9f726d67bb88f46d5b7943cb572\",\"name\":\"J.J.\",\"image\":{\"@type\":\"ImageObject\",\"inLanguage\":\"fr-FR\",\"@id\":\"https:\/\/vosgesinfo.fr\/saintdieinfo\/#\/schema\/person\/image\/\",\"url\":\"https:\/\/secure.gravatar.com\/avatar\/219e749e47ffbcca018a360ae4add7d4cdf1cdaaf8bc7676b27efade3fe65615?s=96&d=mm&r=g\",\"contentUrl\":\"https:\/\/secure.gravatar.com\/avatar\/219e749e47ffbcca018a360ae4add7d4cdf1cdaaf8bc7676b27efade3fe65615?s=96&d=mm&r=g\",\"caption\":\"J.J.\"},\"url\":\"https:\/\/vosgesinfo.fr\/saintdieinfo\/author\/j-j\/\"}]}<\/script>\n<!-- \/ Yoast SEO plugin. -->","yoast_head_json":{"title":"Commerce local : l'UDAC garde le cap - Saint Die Info","robots":{"index":"index","follow":"follow","max-snippet":"max-snippet:-1","max-image-preview":"max-image-preview:large","max-video-preview":"max-video-preview:-1"},"canonical":"https:\/\/vosgesinfo.fr\/saintdieinfo\/2025\/01\/commerce-local-ludac-garde-le-cap\/","twitter_card":"summary_large_image","twitter_title":"Commerce local : l'UDAC garde le cap - Saint Die Info","twitter_description":"L&rsquo;Union D\u00e9odatienne des Artisans et Commercants \u2013 UDAC \u2013 tenait, ce vendredi soir, son assembl\u00e9e g\u00e9n\u00e9rale annuelle \u00e0 la salle [&hellip;]","twitter_image":"https:\/\/vosgesinfo.fr\/app\/uploads\/sites\/4\/2025\/01\/ag-udac-2025-1-scaled.jpg","twitter_creator":"@VosgesInfo88","twitter_site":"@VosgesInfo88","twitter_misc":{"\u00c9crit par":"J.J.","Dur\u00e9e de lecture estim\u00e9e":"3 minutes"},"schema":{"@context":"https:\/\/schema.org","@graph":[{"@type":"Article","@id":"https:\/\/vosgesinfo.fr\/saintdieinfo\/2025\/01\/commerce-local-ludac-garde-le-cap\/#article","isPartOf":{"@id":"https:\/\/vosgesinfo.fr\/saintdieinfo\/2025\/01\/commerce-local-ludac-garde-le-cap\/"},"author":{"name":"J.J.","@id":"https:\/\/vosgesinfo.fr\/saintdieinfo\/#\/schema\/person\/fa73e9f726d67bb88f46d5b7943cb572"},"headline":"Commerce local : l&rsquo;UDAC garde le cap","datePublished":"2025-01-18T06:00:37+00:00","dateModified":"2025-01-17T23:02:43+00:00","mainEntityOfPage":{"@id":"https:\/\/vosgesinfo.fr\/saintdieinfo\/2025\/01\/commerce-local-ludac-garde-le-cap\/"},"wordCount":460,"commentCount":0,"publisher":{"@id":"https:\/\/vosgesinfo.fr\/saintdieinfo\/#organization"},"image":{"@id":"https:\/\/vosgesinfo.fr\/saintdieinfo\/2025\/01\/commerce-local-ludac-garde-le-cap\/#primaryimage"},"thumbnailUrl":"https:\/\/vosgesinfo.fr\/app\/uploads\/sites\/4\/2025\/01\/ag-udac-2025-1-scaled.jpg","keywords":["assembl\u00e9e g\u00e9n\u00e9rale","Assembl\u00e9e g\u00e9n\u00e9rale de l'UDAC","Salle Carbonnar","UDAC","Union D\u00e9odatienne des Artisans et Commer\u00e7ants"],"articleSection":["A la Une","\u00c9conomie","Saint-Di\u00e9-des-Vosges","Vie Associative"],"inLanguage":"fr-FR","potentialAction":[{"@type":"CommentAction","name":"Comment","target":["https:\/\/vosgesinfo.fr\/saintdieinfo\/2025\/01\/commerce-local-ludac-garde-le-cap\/#respond"]}]},{"@type":"WebPage","@id":"https:\/\/vosgesinfo.fr\/saintdieinfo\/2025\/01\/commerce-local-ludac-garde-le-cap\/","url":"https:\/\/vosgesinfo.fr\/saintdieinfo\/2025\/01\/commerce-local-ludac-garde-le-cap\/","name":"Commerce local : l'UDAC garde le cap - Saint Die Info","isPartOf":{"@id":"https:\/\/vosgesinfo.fr\/saintdieinfo\/#website"},"primaryImageOfPage":{"@id":"https:\/\/vosgesinfo.fr\/saintdieinfo\/2025\/01\/commerce-local-ludac-garde-le-cap\/#primaryimage"},"image":{"@id":"https:\/\/vosgesinfo.fr\/saintdieinfo\/2025\/01\/commerce-local-ludac-garde-le-cap\/#primaryimage"},"thumbnailUrl":"https:\/\/vosgesinfo.fr\/app\/uploads\/sites\/4\/2025\/01\/ag-udac-2025-1-scaled.jpg","datePublished":"2025-01-18T06:00:37+00:00","dateModified":"2025-01-17T23:02:43+00:00","breadcrumb":{"@id":"https:\/\/vosgesinfo.fr\/saintdieinfo\/2025\/01\/commerce-local-ludac-garde-le-cap\/#breadcrumb"},"inLanguage":"fr-FR","potentialAction":[{"@type":"ReadAction","target":["https:\/\/vosgesinfo.fr\/saintdieinfo\/2025\/01\/commerce-local-ludac-garde-le-cap\/"]}]},{"@type":"ImageObject","inLanguage":"fr-FR","@id":"https:\/\/vosgesinfo.fr\/saintdieinfo\/2025\/01\/commerce-local-ludac-garde-le-cap\/#primaryimage","url":"https:\/\/vosgesinfo.fr\/app\/uploads\/sites\/4\/2025\/01\/ag-udac-2025-1-scaled.jpg","contentUrl":"https:\/\/vosgesinfo.fr\/app\/uploads\/sites\/4\/2025\/01\/ag-udac-2025-1-scaled.jpg","width":2560,"height":1928},{"@type":"BreadcrumbList","@id":"https:\/\/vosgesinfo.fr\/saintdieinfo\/2025\/01\/commerce-local-ludac-garde-le-cap\/#breadcrumb","itemListElement":[{"@type":"ListItem","position":1,"name":"Home","item":"https:\/\/vosgesinfo.fr\/saintdieinfo\/"},{"@type":"ListItem","position":2,"name":"Commerce local : l&rsquo;UDAC garde le cap"}]},{"@type":"WebSite","@id":"https:\/\/vosgesinfo.fr\/saintdieinfo\/#website","url":"https:\/\/vosgesinfo.fr\/saintdieinfo\/","name":"Saint Die Info","description":"Toute l&#039;actualit\u00e9 de Saint-Di\u00e9-Des-Vosges","publisher":{"@id":"https:\/\/vosgesinfo.fr\/saintdieinfo\/#organization"},"alternateName":"Toute l'actualit\u00e9 de Saint-Di\u00e9-Des-Vosges","potentialAction":[{"@type":"SearchAction","target":{"@type":"EntryPoint","urlTemplate":"https:\/\/vosgesinfo.fr\/saintdieinfo\/?s={search_term_string}"},"query-input":"required name=search_term_string"}],"inLanguage":"fr-FR"},{"@type":"Organization","@id":"https:\/\/vosgesinfo.fr\/saintdieinfo\/#organization","name":"Saint Die Info","url":"https:\/\/vosgesinfo.fr\/saintdieinfo\/","logo":{"@type":"ImageObject","inLanguage":"fr-FR","@id":"https:\/\/vosgesinfo.fr\/saintdieinfo\/#\/schema\/logo\/image\/","url":"https:\/\/vosgesinfo.fr\/app\/uploads\/sites\/4\/2024\/02\/logo-sdi.jpg","contentUrl":"https:\/\/vosgesinfo.fr\/app\/uploads\/sites\/4\/2024\/02\/logo-sdi.jpg","width":600,"height":600,"caption":"Saint Die Info"},"image":{"@id":"https:\/\/vosgesinfo.fr\/saintdieinfo\/#\/schema\/logo\/image\/"},"sameAs":["https:\/\/www.facebook.com\/Saintdieinfofr","https:\/\/x.com\/VosgesInfo88","https:\/\/www.youtube.com\/@vosgesinfo"]},{"@type":"Person","@id":"https:\/\/vosgesinfo.fr\/saintdieinfo\/#\/schema\/person\/fa73e9f726d67bb88f46d5b7943cb572","name":"J.J.","image":{"@type":"ImageObject","inLanguage":"fr-FR","@id":"https:\/\/vosgesinfo.fr\/saintdieinfo\/#\/schema\/person\/image\/","url":"https:\/\/secure.gravatar.com\/avatar\/219e749e47ffbcca018a360ae4add7d4cdf1cdaaf8bc7676b27efade3fe65615?s=96&d=mm&r=g","contentUrl":"https:\/\/secure.gravatar.com\/avatar\/219e749e47ffbcca018a360ae4add7d4cdf1cdaaf8bc7676b27efade3fe65615?s=96&d=mm&r=g","caption":"J.J."},"url":"https:\/\/vosgesinfo.fr\/saintdieinfo\/author\/j-j\/"}]}},"_links":{"self":[{"href":"https:\/\/vosgesinfo.fr\/saintdieinfo\/wp-json\/wp\/v2\/posts\/72986","targetHints":{"allow":["GET"]}}],"collection":[{"href":"https:\/\/vosgesinfo.fr\/saintdieinfo\/wp-json\/wp\/v2\/posts"}],"about":[{"href":"https:\/\/vosgesinfo.fr\/saintdieinfo\/wp-json\/wp\/v2\/types\/post"}],"author":[{"embeddable":true,"href":"https:\/\/vosgesinfo.fr\/saintdieinfo\/wp-json\/wp\/v2\/users\/46"}],"replies":[{"embeddable":true,"href":"https:\/\/vosgesinfo.fr\/saintdieinfo\/wp-json\/wp\/v2\/comments?post=72986"}],"version-history":[{"count":4,"href":"https:\/\/vosgesinfo.fr\/saintdieinfo\/wp-json\/wp\/v2\/posts\/72986\/revisions"}],"predecessor-version":[{"id":72993,"href":"https:\/\/vosgesinfo.fr\/saintdieinfo\/wp-json\/wp\/v2\/posts\/72986\/revisions\/72993"}],"wp:featuredmedia":[{"embeddable":true,"href":"https:\/\/vosgesinfo.fr\/saintdieinfo\/wp-json\/wp\/v2\/media\/72987"}],"wp:attachment":[{"href":"https:\/\/vosgesinfo.fr\/saintdieinfo\/wp-json\/wp\/v2\/media?parent=72986"}],"wp:term":[{"taxonomy":"category","embeddable":true,"href":"https:\/\/vosgesinfo.fr\/saintdieinfo\/wp-json\/wp\/v2\/categories?post=72986"},{"taxonomy":"post_tag","embeddable":true,"href":"https:\/\/vosgesinfo.fr\/saintdieinfo\/wp-json\/wp\/v2\/tags?post=72986"}],"curies":[{"name":"wp","href":"https:\/\/api.w.org\/{rel}","templated":true}]}}