{"id":73012,"date":"2025-01-20T08:43:18","date_gmt":"2025-01-20T07:43:18","guid":{"rendered":"https:\/\/vosgesinfo.fr\/saintdieinfo\/?p=73012"},"modified":"2025-01-20T08:32:52","modified_gmt":"2025-01-20T07:32:52","slug":"un-jeune-conducteur-controle-a-plus-de-120km-h-a-saint-die-des-vosges","status":"publish","type":"post","link":"https:\/\/vosgesinfo.fr\/saintdieinfo\/2025\/01\/un-jeune-conducteur-controle-a-plus-de-120km-h-a-saint-die-des-vosges\/","title":{"rendered":"Un jeune conducteur contr\u00f4l\u00e9 \u00e0 plus de 120km\/h \u00e0 Saint-Di\u00e9-des-Vosges"},"content":{"rendered":"<div id=\"attachment_33367\" style=\"width: 1034px\" class=\"wp-caption alignnone\"><a href=\"https:\/\/vosgesinfo.fr\/app\/uploads\/sites\/4\/2024\/05\/police-municipale.jpg\"><img decoding=\"async\" aria-describedby=\"caption-attachment-33367\" class=\"size-large wp-image-33367\" src=\"https:\/\/vosgesinfo.fr\/app\/uploads\/sites\/4\/2024\/05\/police-municipale-1024x727.jpg\" alt=\"\" width=\"1024\" height=\"727\" srcset=\"https:\/\/vosgesinfo.fr\/app\/uploads\/sites\/4\/2024\/05\/police-municipale-1024x727.jpg 1024w, https:\/\/vosgesinfo.fr\/app\/uploads\/sites\/4\/2024\/05\/police-municipale-300x213.jpg 300w, https:\/\/vosgesinfo.fr\/app\/uploads\/sites\/4\/2024\/05\/police-municipale-768x545.jpg 768w, https:\/\/vosgesinfo.fr\/app\/uploads\/sites\/4\/2024\/05\/police-municipale-1536x1090.jpg 1536w, https:\/\/vosgesinfo.fr\/app\/uploads\/sites\/4\/2024\/05\/police-municipale-2048x1453.jpg 2048w\" sizes=\"(max-width: 1024px) 100vw, 1024px\" \/><\/a><p id=\"caption-attachment-33367\" class=\"wp-caption-text\">(Illustration)<\/p><\/div>\n<h2>Samedi apr\u00e8s-midi, 4 importants exc\u00e8s de vitesse ont \u00e9t\u00e9 contr\u00f4l\u00e9s par la Police Municipale de Saint-Di\u00e9-des-Vosges&#8230; en moins d&rsquo;une heure.<\/h2>\n<p><!--more--><\/p>\n<p>L&rsquo;exc\u00e8s de vitesse le plus \u00e9lev\u00e9 a \u00e9t\u00e9 effectu\u00e9 par un jeune conducteur, qui circulait \u00e0 grande vitesse sur une route limit\u00e9e \u00e0 50km\/h puisqu&rsquo;il a \u00e9t\u00e9 contr\u00f4l\u00e9 \u00e0 126km\/h. Les 3 autres exc\u00e8s de vitesse relev\u00e9s par les policiers municipaux sont de respectivement 86,87km\/h et 2 fois 89km\/h&#8230; toujours sur des routes limit\u00e9es \u00e0 50km\/h.<\/p>\n<p>Des vitesses excessives qu&rsquo;a d\u00e9plor\u00e9 le maire Bruno Toussaint. \u00ab\u00a0Chaque jour, je suis sollicit\u00e9 par de nombreux riverains de tous les quartiers pour agir contre les incivilit\u00e9s de la route. Cette semaine encore, en l\u2019espace de 48 heures, nous avons verbalis\u00e9 38 automobilistes pour uniquement trois types d\u2019infractions : non-port de ceinture, franchissement de ligne, non respect de l\u2019arr\u00eat \u00e0 un stop.<br \/>\nJ\u2019ai demand\u00e9 \u00e0 la police municipale d\u2019intensifier les contr\u00f4les routiers dans les prochaines semaines de mani\u00e8re \u00e0 r\u00e9pondre \u00e0 la demande des habitants, et agir pour la s\u00e9curit\u00e9 de tous.\u00a0\u00bb<\/p>\n<p>J.J.<\/p>\n<p><iframe loading=\"lazy\" style=\"border: none; overflow: hidden;\" src=\"https:\/\/www.facebook.com\/plugins\/post.php?href=https%3A%2F%2Fwww.facebook.com%2Fbruno.toussaint.35%2Fposts%2Fpfbid0HyvC4JqaETW9kPtj6CVZWDyU6b69JeYbkbaRyTcsdWTtQVmescghpeU1SArwcEwpl&amp;show_text=true&amp;width=500\" width=\"500\" height=\"580\" frameborder=\"0\" scrolling=\"no\" allowfullscreen=\"allowfullscreen\"><\/iframe><\/p>\n","protected":false},"excerpt":{"rendered":"<p>Samedi apr\u00e8s-midi, 4 importants exc\u00e8s de vitesse ont \u00e9t\u00e9 contr\u00f4l\u00e9s par la Police Municipale de Saint-Di\u00e9-des-Vosges&#8230; en moins d&rsquo;une heure.<\/p>\n","protected":false},"author":46,"featured_media":33367,"comment_status":"open","ping_status":"open","sticky":false,"template":"","format":"standard","meta":{"footnotes":""},"categories":[460,5392,2924,5391,5389,4099,167,18],"tags":[15860,3890,15859],"class_list":["post-73012","post","type-post","status-publish","format-standard","has-post-thumbnail","hentry","category-a-la-une","category-epinal","category-fait-divers","category-gerardmer","category-la-plaine-des-vosges","category-remiremont","category-saint-die-des-vosges","category-vosges","tag-grands-exces-de-vitesse","tag-police-municipale-de-saint-die-des-vosges","tag-vitesse-excessive-a-saint-die-des-vosges"],"acf":[],"yoast_head":"<!-- This site is optimized with the Yoast SEO plugin v22.5 - https:\/\/yoast.com\/wordpress\/plugins\/seo\/ -->\n<title>Un jeune conducteur contr\u00f4l\u00e9 \u00e0 plus de 120km\/h \u00e0 Saint-Di\u00e9-des-Vosges - Saint Die Info<\/title>\n<meta name=\"robots\" content=\"index, follow, max-snippet:-1, max-image-preview:large, max-video-preview:-1\" \/>\n<link rel=\"canonical\" href=\"https:\/\/vosgesinfo.fr\/saintdieinfo\/2025\/01\/un-jeune-conducteur-controle-a-plus-de-120km-h-a-saint-die-des-vosges\/\" \/>\n<meta name=\"twitter:card\" content=\"summary_large_image\" \/>\n<meta name=\"twitter:title\" content=\"Un jeune conducteur contr\u00f4l\u00e9 \u00e0 plus de 120km\/h \u00e0 Saint-Di\u00e9-des-Vosges - Saint Die Info\" \/>\n<meta name=\"twitter:description\" content=\"Samedi apr\u00e8s-midi, 4 importants exc\u00e8s de vitesse ont \u00e9t\u00e9 contr\u00f4l\u00e9s par la Police Municipale de Saint-Di\u00e9-des-Vosges&#8230; en moins d&rsquo;une heure.\" \/>\n<meta name=\"twitter:image\" content=\"https:\/\/vosgesinfo.fr\/app\/uploads\/sites\/4\/2024\/05\/police-municipale.jpg\" \/>\n<meta name=\"twitter:creator\" content=\"@VosgesInfo88\" \/>\n<meta name=\"twitter:site\" content=\"@VosgesInfo88\" \/>\n<meta name=\"twitter:label1\" content=\"\u00c9crit par\" \/>\n\t<meta name=\"twitter:data1\" content=\"J.J.\" \/>\n\t<meta name=\"twitter:label2\" content=\"Dur\u00e9e de lecture estim\u00e9e\" \/>\n\t<meta name=\"twitter:data2\" content=\"2 minutes\" \/>\n<script type=\"application\/ld+json\" class=\"yoast-schema-graph\">{\"@context\":\"https:\/\/schema.org\",\"@graph\":[{\"@type\":\"Article\",\"@id\":\"https:\/\/vosgesinfo.fr\/saintdieinfo\/2025\/01\/un-jeune-conducteur-controle-a-plus-de-120km-h-a-saint-die-des-vosges\/#article\",\"isPartOf\":{\"@id\":\"https:\/\/vosgesinfo.fr\/saintdieinfo\/2025\/01\/un-jeune-conducteur-controle-a-plus-de-120km-h-a-saint-die-des-vosges\/\"},\"author\":{\"name\":\"J.J.\",\"@id\":\"https:\/\/vosgesinfo.fr\/saintdieinfo\/#\/schema\/person\/fa73e9f726d67bb88f46d5b7943cb572\"},\"headline\":\"Un jeune conducteur contr\u00f4l\u00e9 \u00e0 plus de 120km\/h \u00e0 Saint-Di\u00e9-des-Vosges\",\"datePublished\":\"2025-01-20T07:43:18+00:00\",\"dateModified\":\"2025-01-20T07:32:52+00:00\",\"mainEntityOfPage\":{\"@id\":\"https:\/\/vosgesinfo.fr\/saintdieinfo\/2025\/01\/un-jeune-conducteur-controle-a-plus-de-120km-h-a-saint-die-des-vosges\/\"},\"wordCount\":207,\"commentCount\":1,\"publisher\":{\"@id\":\"https:\/\/vosgesinfo.fr\/saintdieinfo\/#organization\"},\"image\":{\"@id\":\"https:\/\/vosgesinfo.fr\/saintdieinfo\/2025\/01\/un-jeune-conducteur-controle-a-plus-de-120km-h-a-saint-die-des-vosges\/#primaryimage\"},\"thumbnailUrl\":\"https:\/\/vosgesinfo.fr\/app\/uploads\/sites\/4\/2024\/05\/police-municipale.jpg\",\"keywords\":[\"Grands exc\u00e8s de vitesse\",\"Police Municipale de Saint-Di\u00e9-des-Vosges\",\"Vitesse excessive \u00e0 Saint-Di\u00e9-des-Vosges\"],\"articleSection\":[\"A la Une\",\"Epinal\",\"Fait Divers\",\"Gerardmer\",\"La plaine des vosges\",\"Remiremont\",\"Saint-Di\u00e9-des-Vosges\",\"Vosges\"],\"inLanguage\":\"fr-FR\",\"potentialAction\":[{\"@type\":\"CommentAction\",\"name\":\"Comment\",\"target\":[\"https:\/\/vosgesinfo.fr\/saintdieinfo\/2025\/01\/un-jeune-conducteur-controle-a-plus-de-120km-h-a-saint-die-des-vosges\/#respond\"]}]},{\"@type\":\"WebPage\",\"@id\":\"https:\/\/vosgesinfo.fr\/saintdieinfo\/2025\/01\/un-jeune-conducteur-controle-a-plus-de-120km-h-a-saint-die-des-vosges\/\",\"url\":\"https:\/\/vosgesinfo.fr\/saintdieinfo\/2025\/01\/un-jeune-conducteur-controle-a-plus-de-120km-h-a-saint-die-des-vosges\/\",\"name\":\"Un jeune conducteur contr\u00f4l\u00e9 \u00e0 plus de 120km\/h \u00e0 Saint-Di\u00e9-des-Vosges - Saint Die Info\",\"isPartOf\":{\"@id\":\"https:\/\/vosgesinfo.fr\/saintdieinfo\/#website\"},\"primaryImageOfPage\":{\"@id\":\"https:\/\/vosgesinfo.fr\/saintdieinfo\/2025\/01\/un-jeune-conducteur-controle-a-plus-de-120km-h-a-saint-die-des-vosges\/#primaryimage\"},\"image\":{\"@id\":\"https:\/\/vosgesinfo.fr\/saintdieinfo\/2025\/01\/un-jeune-conducteur-controle-a-plus-de-120km-h-a-saint-die-des-vosges\/#primaryimage\"},\"thumbnailUrl\":\"https:\/\/vosgesinfo.fr\/app\/uploads\/sites\/4\/2024\/05\/police-municipale.jpg\",\"datePublished\":\"2025-01-20T07:43:18+00:00\",\"dateModified\":\"2025-01-20T07:32:52+00:00\",\"breadcrumb\":{\"@id\":\"https:\/\/vosgesinfo.fr\/saintdieinfo\/2025\/01\/un-jeune-conducteur-controle-a-plus-de-120km-h-a-saint-die-des-vosges\/#breadcrumb\"},\"inLanguage\":\"fr-FR\",\"potentialAction\":[{\"@type\":\"ReadAction\",\"target\":[\"https:\/\/vosgesinfo.fr\/saintdieinfo\/2025\/01\/un-jeune-conducteur-controle-a-plus-de-120km-h-a-saint-die-des-vosges\/\"]}]},{\"@type\":\"ImageObject\",\"inLanguage\":\"fr-FR\",\"@id\":\"https:\/\/vosgesinfo.fr\/saintdieinfo\/2025\/01\/un-jeune-conducteur-controle-a-plus-de-120km-h-a-saint-die-des-vosges\/#primaryimage\",\"url\":\"https:\/\/vosgesinfo.fr\/app\/uploads\/sites\/4\/2024\/05\/police-municipale.jpg\",\"contentUrl\":\"https:\/\/vosgesinfo.fr\/app\/uploads\/sites\/4\/2024\/05\/police-municipale.jpg\",\"width\":2480,\"height\":1760,\"caption\":\"(Illustration)\"},{\"@type\":\"BreadcrumbList\",\"@id\":\"https:\/\/vosgesinfo.fr\/saintdieinfo\/2025\/01\/un-jeune-conducteur-controle-a-plus-de-120km-h-a-saint-die-des-vosges\/#breadcrumb\",\"itemListElement\":[{\"@type\":\"ListItem\",\"position\":1,\"name\":\"Home\",\"item\":\"https:\/\/vosgesinfo.fr\/saintdieinfo\/\"},{\"@type\":\"ListItem\",\"position\":2,\"name\":\"Un jeune conducteur contr\u00f4l\u00e9 \u00e0 plus de 120km\/h \u00e0 Saint-Di\u00e9-des-Vosges\"}]},{\"@type\":\"WebSite\",\"@id\":\"https:\/\/vosgesinfo.fr\/saintdieinfo\/#website\",\"url\":\"https:\/\/vosgesinfo.fr\/saintdieinfo\/\",\"name\":\"Saint Die Info\",\"description\":\"Toute l&#039;actualit\u00e9 de Saint-Di\u00e9-Des-Vosges\",\"publisher\":{\"@id\":\"https:\/\/vosgesinfo.fr\/saintdieinfo\/#organization\"},\"alternateName\":\"Toute l'actualit\u00e9 de Saint-Di\u00e9-Des-Vosges\",\"potentialAction\":[{\"@type\":\"SearchAction\",\"target\":{\"@type\":\"EntryPoint\",\"urlTemplate\":\"https:\/\/vosgesinfo.fr\/saintdieinfo\/?s={search_term_string}\"},\"query-input\":\"required name=search_term_string\"}],\"inLanguage\":\"fr-FR\"},{\"@type\":\"Organization\",\"@id\":\"https:\/\/vosgesinfo.fr\/saintdieinfo\/#organization\",\"name\":\"Saint Die Info\",\"url\":\"https:\/\/vosgesinfo.fr\/saintdieinfo\/\",\"logo\":{\"@type\":\"ImageObject\",\"inLanguage\":\"fr-FR\",\"@id\":\"https:\/\/vosgesinfo.fr\/saintdieinfo\/#\/schema\/logo\/image\/\",\"url\":\"https:\/\/vosgesinfo.fr\/app\/uploads\/sites\/4\/2024\/02\/logo-sdi.jpg\",\"contentUrl\":\"https:\/\/vosgesinfo.fr\/app\/uploads\/sites\/4\/2024\/02\/logo-sdi.jpg\",\"width\":600,\"height\":600,\"caption\":\"Saint Die Info\"},\"image\":{\"@id\":\"https:\/\/vosgesinfo.fr\/saintdieinfo\/#\/schema\/logo\/image\/\"},\"sameAs\":[\"https:\/\/www.facebook.com\/Saintdieinfofr\",\"https:\/\/x.com\/VosgesInfo88\",\"https:\/\/www.youtube.com\/@vosgesinfo\"]},{\"@type\":\"Person\",\"@id\":\"https:\/\/vosgesinfo.fr\/saintdieinfo\/#\/schema\/person\/fa73e9f726d67bb88f46d5b7943cb572\",\"name\":\"J.J.\",\"image\":{\"@type\":\"ImageObject\",\"inLanguage\":\"fr-FR\",\"@id\":\"https:\/\/vosgesinfo.fr\/saintdieinfo\/#\/schema\/person\/image\/\",\"url\":\"https:\/\/secure.gravatar.com\/avatar\/219e749e47ffbcca018a360ae4add7d4cdf1cdaaf8bc7676b27efade3fe65615?s=96&d=mm&r=g\",\"contentUrl\":\"https:\/\/secure.gravatar.com\/avatar\/219e749e47ffbcca018a360ae4add7d4cdf1cdaaf8bc7676b27efade3fe65615?s=96&d=mm&r=g\",\"caption\":\"J.J.\"},\"url\":\"https:\/\/vosgesinfo.fr\/saintdieinfo\/author\/j-j\/\"}]}<\/script>\n<!-- \/ Yoast SEO plugin. -->","yoast_head_json":{"title":"Un jeune conducteur contr\u00f4l\u00e9 \u00e0 plus de 120km\/h \u00e0 Saint-Di\u00e9-des-Vosges - Saint Die Info","robots":{"index":"index","follow":"follow","max-snippet":"max-snippet:-1","max-image-preview":"max-image-preview:large","max-video-preview":"max-video-preview:-1"},"canonical":"https:\/\/vosgesinfo.fr\/saintdieinfo\/2025\/01\/un-jeune-conducteur-controle-a-plus-de-120km-h-a-saint-die-des-vosges\/","twitter_card":"summary_large_image","twitter_title":"Un jeune conducteur contr\u00f4l\u00e9 \u00e0 plus de 120km\/h \u00e0 Saint-Di\u00e9-des-Vosges - Saint Die Info","twitter_description":"Samedi apr\u00e8s-midi, 4 importants exc\u00e8s de vitesse ont \u00e9t\u00e9 contr\u00f4l\u00e9s par la Police Municipale de Saint-Di\u00e9-des-Vosges&#8230; en moins d&rsquo;une heure.","twitter_image":"https:\/\/vosgesinfo.fr\/app\/uploads\/sites\/4\/2024\/05\/police-municipale.jpg","twitter_creator":"@VosgesInfo88","twitter_site":"@VosgesInfo88","twitter_misc":{"\u00c9crit par":"J.J.","Dur\u00e9e de lecture estim\u00e9e":"2 minutes"},"schema":{"@context":"https:\/\/schema.org","@graph":[{"@type":"Article","@id":"https:\/\/vosgesinfo.fr\/saintdieinfo\/2025\/01\/un-jeune-conducteur-controle-a-plus-de-120km-h-a-saint-die-des-vosges\/#article","isPartOf":{"@id":"https:\/\/vosgesinfo.fr\/saintdieinfo\/2025\/01\/un-jeune-conducteur-controle-a-plus-de-120km-h-a-saint-die-des-vosges\/"},"author":{"name":"J.J.","@id":"https:\/\/vosgesinfo.fr\/saintdieinfo\/#\/schema\/person\/fa73e9f726d67bb88f46d5b7943cb572"},"headline":"Un jeune conducteur contr\u00f4l\u00e9 \u00e0 plus de 120km\/h \u00e0 Saint-Di\u00e9-des-Vosges","datePublished":"2025-01-20T07:43:18+00:00","dateModified":"2025-01-20T07:32:52+00:00","mainEntityOfPage":{"@id":"https:\/\/vosgesinfo.fr\/saintdieinfo\/2025\/01\/un-jeune-conducteur-controle-a-plus-de-120km-h-a-saint-die-des-vosges\/"},"wordCount":207,"commentCount":1,"publisher":{"@id":"https:\/\/vosgesinfo.fr\/saintdieinfo\/#organization"},"image":{"@id":"https:\/\/vosgesinfo.fr\/saintdieinfo\/2025\/01\/un-jeune-conducteur-controle-a-plus-de-120km-h-a-saint-die-des-vosges\/#primaryimage"},"thumbnailUrl":"https:\/\/vosgesinfo.fr\/app\/uploads\/sites\/4\/2024\/05\/police-municipale.jpg","keywords":["Grands exc\u00e8s de vitesse","Police Municipale de Saint-Di\u00e9-des-Vosges","Vitesse excessive \u00e0 Saint-Di\u00e9-des-Vosges"],"articleSection":["A la Une","Epinal","Fait Divers","Gerardmer","La plaine des vosges","Remiremont","Saint-Di\u00e9-des-Vosges","Vosges"],"inLanguage":"fr-FR","potentialAction":[{"@type":"CommentAction","name":"Comment","target":["https:\/\/vosgesinfo.fr\/saintdieinfo\/2025\/01\/un-jeune-conducteur-controle-a-plus-de-120km-h-a-saint-die-des-vosges\/#respond"]}]},{"@type":"WebPage","@id":"https:\/\/vosgesinfo.fr\/saintdieinfo\/2025\/01\/un-jeune-conducteur-controle-a-plus-de-120km-h-a-saint-die-des-vosges\/","url":"https:\/\/vosgesinfo.fr\/saintdieinfo\/2025\/01\/un-jeune-conducteur-controle-a-plus-de-120km-h-a-saint-die-des-vosges\/","name":"Un jeune conducteur contr\u00f4l\u00e9 \u00e0 plus de 120km\/h \u00e0 Saint-Di\u00e9-des-Vosges - Saint Die Info","isPartOf":{"@id":"https:\/\/vosgesinfo.fr\/saintdieinfo\/#website"},"primaryImageOfPage":{"@id":"https:\/\/vosgesinfo.fr\/saintdieinfo\/2025\/01\/un-jeune-conducteur-controle-a-plus-de-120km-h-a-saint-die-des-vosges\/#primaryimage"},"image":{"@id":"https:\/\/vosgesinfo.fr\/saintdieinfo\/2025\/01\/un-jeune-conducteur-controle-a-plus-de-120km-h-a-saint-die-des-vosges\/#primaryimage"},"thumbnailUrl":"https:\/\/vosgesinfo.fr\/app\/uploads\/sites\/4\/2024\/05\/police-municipale.jpg","datePublished":"2025-01-20T07:43:18+00:00","dateModified":"2025-01-20T07:32:52+00:00","breadcrumb":{"@id":"https:\/\/vosgesinfo.fr\/saintdieinfo\/2025\/01\/un-jeune-conducteur-controle-a-plus-de-120km-h-a-saint-die-des-vosges\/#breadcrumb"},"inLanguage":"fr-FR","potentialAction":[{"@type":"ReadAction","target":["https:\/\/vosgesinfo.fr\/saintdieinfo\/2025\/01\/un-jeune-conducteur-controle-a-plus-de-120km-h-a-saint-die-des-vosges\/"]}]},{"@type":"ImageObject","inLanguage":"fr-FR","@id":"https:\/\/vosgesinfo.fr\/saintdieinfo\/2025\/01\/un-jeune-conducteur-controle-a-plus-de-120km-h-a-saint-die-des-vosges\/#primaryimage","url":"https:\/\/vosgesinfo.fr\/app\/uploads\/sites\/4\/2024\/05\/police-municipale.jpg","contentUrl":"https:\/\/vosgesinfo.fr\/app\/uploads\/sites\/4\/2024\/05\/police-municipale.jpg","width":2480,"height":1760,"caption":"(Illustration)"},{"@type":"BreadcrumbList","@id":"https:\/\/vosgesinfo.fr\/saintdieinfo\/2025\/01\/un-jeune-conducteur-controle-a-plus-de-120km-h-a-saint-die-des-vosges\/#breadcrumb","itemListElement":[{"@type":"ListItem","position":1,"name":"Home","item":"https:\/\/vosgesinfo.fr\/saintdieinfo\/"},{"@type":"ListItem","position":2,"name":"Un jeune conducteur contr\u00f4l\u00e9 \u00e0 plus de 120km\/h \u00e0 Saint-Di\u00e9-des-Vosges"}]},{"@type":"WebSite","@id":"https:\/\/vosgesinfo.fr\/saintdieinfo\/#website","url":"https:\/\/vosgesinfo.fr\/saintdieinfo\/","name":"Saint Die Info","description":"Toute l&#039;actualit\u00e9 de Saint-Di\u00e9-Des-Vosges","publisher":{"@id":"https:\/\/vosgesinfo.fr\/saintdieinfo\/#organization"},"alternateName":"Toute l'actualit\u00e9 de Saint-Di\u00e9-Des-Vosges","potentialAction":[{"@type":"SearchAction","target":{"@type":"EntryPoint","urlTemplate":"https:\/\/vosgesinfo.fr\/saintdieinfo\/?s={search_term_string}"},"query-input":"required name=search_term_string"}],"inLanguage":"fr-FR"},{"@type":"Organization","@id":"https:\/\/vosgesinfo.fr\/saintdieinfo\/#organization","name":"Saint Die Info","url":"https:\/\/vosgesinfo.fr\/saintdieinfo\/","logo":{"@type":"ImageObject","inLanguage":"fr-FR","@id":"https:\/\/vosgesinfo.fr\/saintdieinfo\/#\/schema\/logo\/image\/","url":"https:\/\/vosgesinfo.fr\/app\/uploads\/sites\/4\/2024\/02\/logo-sdi.jpg","contentUrl":"https:\/\/vosgesinfo.fr\/app\/uploads\/sites\/4\/2024\/02\/logo-sdi.jpg","width":600,"height":600,"caption":"Saint Die Info"},"image":{"@id":"https:\/\/vosgesinfo.fr\/saintdieinfo\/#\/schema\/logo\/image\/"},"sameAs":["https:\/\/www.facebook.com\/Saintdieinfofr","https:\/\/x.com\/VosgesInfo88","https:\/\/www.youtube.com\/@vosgesinfo"]},{"@type":"Person","@id":"https:\/\/vosgesinfo.fr\/saintdieinfo\/#\/schema\/person\/fa73e9f726d67bb88f46d5b7943cb572","name":"J.J.","image":{"@type":"ImageObject","inLanguage":"fr-FR","@id":"https:\/\/vosgesinfo.fr\/saintdieinfo\/#\/schema\/person\/image\/","url":"https:\/\/secure.gravatar.com\/avatar\/219e749e47ffbcca018a360ae4add7d4cdf1cdaaf8bc7676b27efade3fe65615?s=96&d=mm&r=g","contentUrl":"https:\/\/secure.gravatar.com\/avatar\/219e749e47ffbcca018a360ae4add7d4cdf1cdaaf8bc7676b27efade3fe65615?s=96&d=mm&r=g","caption":"J.J."},"url":"https:\/\/vosgesinfo.fr\/saintdieinfo\/author\/j-j\/"}]}},"_links":{"self":[{"href":"https:\/\/vosgesinfo.fr\/saintdieinfo\/wp-json\/wp\/v2\/posts\/73012","targetHints":{"allow":["GET"]}}],"collection":[{"href":"https:\/\/vosgesinfo.fr\/saintdieinfo\/wp-json\/wp\/v2\/posts"}],"about":[{"href":"https:\/\/vosgesinfo.fr\/saintdieinfo\/wp-json\/wp\/v2\/types\/post"}],"author":[{"embeddable":true,"href":"https:\/\/vosgesinfo.fr\/saintdieinfo\/wp-json\/wp\/v2\/users\/46"}],"replies":[{"embeddable":true,"href":"https:\/\/vosgesinfo.fr\/saintdieinfo\/wp-json\/wp\/v2\/comments?post=73012"}],"version-history":[{"count":1,"href":"https:\/\/vosgesinfo.fr\/saintdieinfo\/wp-json\/wp\/v2\/posts\/73012\/revisions"}],"predecessor-version":[{"id":73013,"href":"https:\/\/vosgesinfo.fr\/saintdieinfo\/wp-json\/wp\/v2\/posts\/73012\/revisions\/73013"}],"wp:featuredmedia":[{"embeddable":true,"href":"https:\/\/vosgesinfo.fr\/saintdieinfo\/wp-json\/wp\/v2\/media\/33367"}],"wp:attachment":[{"href":"https:\/\/vosgesinfo.fr\/saintdieinfo\/wp-json\/wp\/v2\/media?parent=73012"}],"wp:term":[{"taxonomy":"category","embeddable":true,"href":"https:\/\/vosgesinfo.fr\/saintdieinfo\/wp-json\/wp\/v2\/categories?post=73012"},{"taxonomy":"post_tag","embeddable":true,"href":"https:\/\/vosgesinfo.fr\/saintdieinfo\/wp-json\/wp\/v2\/tags?post=73012"}],"curies":[{"name":"wp","href":"https:\/\/api.w.org\/{rel}","templated":true}]}}