{"id":73014,"date":"2025-01-20T09:04:00","date_gmt":"2025-01-20T08:04:00","guid":{"rendered":"https:\/\/vosgesinfo.fr\/saintdieinfo\/?p=73014"},"modified":"2025-01-20T08:53:27","modified_gmt":"2025-01-20T07:53:27","slug":"musique-esperance-saint-die-presente-epopee-un-voyage-pour-quatuor-de-violoncelles-et-oud","status":"publish","type":"post","link":"https:\/\/vosgesinfo.fr\/saintdieinfo\/2025\/01\/musique-esperance-saint-die-presente-epopee-un-voyage-pour-quatuor-de-violoncelles-et-oud\/","title":{"rendered":"Musique Esp\u00e9rance Saint-Di\u00e9 pr\u00e9sente \u00ab\u00a0Epop\u00e9e\u00a0\u00bb, un voyage pour quatuor de violoncelles et oud"},"content":{"rendered":"<div id=\"attachment_73016\" style=\"width: 1034px\" class=\"wp-caption alignnone\"><a href=\"https:\/\/vosgesinfo.fr\/app\/uploads\/sites\/4\/2025\/01\/epopee-musique-esperance-credit-photo-pierre-thouvenot.jpg\"><img decoding=\"async\" aria-describedby=\"caption-attachment-73016\" class=\"size-large wp-image-73016\" src=\"https:\/\/vosgesinfo.fr\/app\/uploads\/sites\/4\/2025\/01\/epopee-musique-esperance-credit-photo-pierre-thouvenot-1024x624.jpg\" alt=\"\" width=\"1024\" height=\"624\" srcset=\"https:\/\/vosgesinfo.fr\/app\/uploads\/sites\/4\/2025\/01\/epopee-musique-esperance-credit-photo-pierre-thouvenot-1024x624.jpg 1024w, https:\/\/vosgesinfo.fr\/app\/uploads\/sites\/4\/2025\/01\/epopee-musique-esperance-credit-photo-pierre-thouvenot-300x183.jpg 300w, https:\/\/vosgesinfo.fr\/app\/uploads\/sites\/4\/2025\/01\/epopee-musique-esperance-credit-photo-pierre-thouvenot-768x468.jpg 768w, https:\/\/vosgesinfo.fr\/app\/uploads\/sites\/4\/2025\/01\/epopee-musique-esperance-credit-photo-pierre-thouvenot-1536x937.jpg 1536w\" sizes=\"(max-width: 1024px) 100vw, 1024px\" \/><\/a><p id=\"caption-attachment-73016\" class=\"wp-caption-text\">(Photographie Pierre Thouvenot)<\/p><\/div>\n<h2>\u00a0Musique Espe\u0301rance propose un concert exceptionnel a\u0300 l&rsquo;Espace Georges-Sadoul pre\u0301sente\u0301 par le violoncelliste Stann Duguet originaire des Hautes-Vosges (Le Tholy) et l\u2019Ensemble Nemesis avec la complicite\u0301 de la de\u0301odatienne Marie-Anne Bacquet (sce\u0301nographie) qui a l\u2019art de \u00ab faire de l\u2019espace le medium qui re\u0301concilie les yeux et les oreilles &#8230; \u00bb.<\/h2>\n<p><!--more-->Ce spectacle musical met en sce\u0300ne cinq musiciens talentueux, re\u0301unis autour de leurs instruments a\u0300 cordes pour offrir une expe\u0301rience sonore unique.<br \/>\nE\u0301pope\u0301e, commence par une histoire d\u2019amitie\u0301 entre des musiciens, issus des quatre coins du monde (Tunisie, Espagne, Bre\u0301sil et France), de\u0301sireux d\u2019ouvrir un espace de lien vivant avec le public en composant leur propre musique, un me\u0301tissage sonore donnant corps a\u0300 une multitude de paysages et de sensations.<\/p>\n<p>C\u2019est une aventure musicale ou\u0300 la lumie\u0300re, l\u2019e\u0301crit et l\u2019improvise\u0301 se mettent en re\u0301sonance et font entendre un parcours initiatique, un air du temps. Le re\u0301cit se de\u0301ploie en sept tableaux comme la musique d\u2019un monde a\u0300 part, une i\u0302le sonore au carrefour des influences. Conside\u0301rant le son comme une matie\u0300re a\u0300 modeler, les musiciens prome\u0300nent leurs esprits hors des sentiers battus a\u0300 la recherche de l\u2019e\u0301motion ine\u0301dite, sans oublier de rendre hommage a\u0300 leurs pairs et aux origines pluri-centenaires de leurs instruments.<\/p>\n<p>Un mariage de cordes entre Orient et Occident qui invite a\u0300 un intrigant et passionnant voyage&#8230;Une soire\u0301e magique et pleine d\u2019e\u0301motions vous attend !<\/p>\n<h3><strong>EPOP\u00c9E\u00a0<\/strong><\/h3>\n<p><strong>Ensemble Nemesis<\/strong><br \/>\nVoyage pour Quatuor de Violoncelles et Oud<\/p>\n<p>Dimanche 2 f\u00e9vrier 2025 \u00e0 16h \u00e0 l&rsquo;Espace Georges-Sadoul \u00e0 Saint-Di\u00e9-des-Vosges<\/p>\n<p>Avec<\/p>\n<ul>\n<li>Stann Duguet, Diego Cardosso, Erwan Le Guen et Elvira Serrano-Rivas &#8211; Violoncelles<\/li>\n<li>Akram Ben Romdhane \u2013 Oud<\/li>\n<li>Sc\u00e9nographie\u00a0: Marie-Anne Bacquet ( Marigold Art &amp; sc\u00e9no)<\/li>\n<\/ul>\n<h3>Billetterie :<\/h3>\n<p>En ligne : <a href=\"https:\/\/billetterie.vosges-portes-alsace.fr\/billetterie-spectacle-concerts\" target=\"_blank\" rel=\"noopener\">https:\/\/billetterie.vosges-portes-alsace.fr\/billetterie-spectacle-concerts<\/a> ; Mail : <a href=\"mailto:billetterie@ca-saintdie.fr\" target=\"_blank\" rel=\"noopener\">billetterie@ca-saintdie.fr<\/a><\/p>\n<p>Place 20 \u20ac &#8211; Adhe\u0301rent 17 \u20ac &#8211; Solidaire (RSA-E\u0301tudiant) 7 \u20ac &#8211; Enfant 5 \u20ac (moins de 14 ans Gratuit)<\/p>\n<p><strong>MUSIQUE ESPERANCE SAINT-DIE\u00a0<a href=\"http:\/\/www.musiquesperance-stdie.fr\/\" target=\"_blank\" rel=\"noopener\">www.musiquesperance-stdie.fr<\/a><\/strong><\/p>\n<p><a href=\"https:\/\/vosgesinfo.fr\/app\/uploads\/sites\/4\/2025\/01\/epopee-musique-esperance-scaled.jpg\"><img decoding=\"async\" class=\"alignnone size-large wp-image-73015\" src=\"https:\/\/vosgesinfo.fr\/app\/uploads\/sites\/4\/2025\/01\/epopee-musique-esperance-740x1024.jpg\" alt=\"\" width=\"740\" height=\"1024\" srcset=\"https:\/\/vosgesinfo.fr\/app\/uploads\/sites\/4\/2025\/01\/epopee-musique-esperance-740x1024.jpg 740w, https:\/\/vosgesinfo.fr\/app\/uploads\/sites\/4\/2025\/01\/epopee-musique-esperance-217x300.jpg 217w, https:\/\/vosgesinfo.fr\/app\/uploads\/sites\/4\/2025\/01\/epopee-musique-esperance-768x1063.jpg 768w, https:\/\/vosgesinfo.fr\/app\/uploads\/sites\/4\/2025\/01\/epopee-musique-esperance-1110x1536.jpg 1110w, https:\/\/vosgesinfo.fr\/app\/uploads\/sites\/4\/2025\/01\/epopee-musique-esperance-1480x2048.jpg 1480w, https:\/\/vosgesinfo.fr\/app\/uploads\/sites\/4\/2025\/01\/epopee-musique-esperance-scaled.jpg 1850w\" sizes=\"(max-width: 740px) 100vw, 740px\" \/><\/a><\/p>\n","protected":false},"excerpt":{"rendered":"<p>\u00a0Musique Espe\u0301rance propose un concert exceptionnel a\u0300 l&rsquo;Espace Georges-Sadoul pre\u0301sente\u0301 par le violoncelliste Stann Duguet originaire des Hautes-Vosges (Le Tholy) [&hellip;]<\/p>\n","protected":false},"author":46,"featured_media":73016,"comment_status":"open","ping_status":"open","sticky":false,"template":"","format":"standard","meta":{"footnotes":""},"categories":[460,8003,2915,17],"tags":[15862,15861,3868],"class_list":["post-73014","post","type-post","status-publish","format-standard","has-post-thumbnail","hentry","category-a-la-une","category-concert-culture","category-saint-die-son-canton","category-vie-associative","tag-epopee","tag-espace-geogres-sadoul","tag-musique-esperance-saint-die"],"acf":[],"yoast_head":"<!-- This site is optimized with the Yoast SEO plugin v22.5 - https:\/\/yoast.com\/wordpress\/plugins\/seo\/ -->\n<title>Musique Esp\u00e9rance Saint-Di\u00e9 pr\u00e9sente &quot;Epop\u00e9e&quot;, un voyage pour quatuor de violoncelles et oud - Saint Die Info<\/title>\n<meta name=\"robots\" content=\"index, follow, max-snippet:-1, max-image-preview:large, max-video-preview:-1\" \/>\n<link rel=\"canonical\" href=\"https:\/\/vosgesinfo.fr\/saintdieinfo\/2025\/01\/musique-esperance-saint-die-presente-epopee-un-voyage-pour-quatuor-de-violoncelles-et-oud\/\" \/>\n<meta name=\"twitter:card\" content=\"summary_large_image\" \/>\n<meta name=\"twitter:title\" content=\"Musique Esp\u00e9rance Saint-Di\u00e9 pr\u00e9sente &quot;Epop\u00e9e&quot;, un voyage pour quatuor de violoncelles et oud - Saint Die Info\" \/>\n<meta name=\"twitter:description\" content=\"\u00a0Musique Espe\u0301rance propose un concert exceptionnel a\u0300 l&rsquo;Espace Georges-Sadoul pre\u0301sente\u0301 par le violoncelliste Stann Duguet originaire des Hautes-Vosges (Le Tholy) [&hellip;]\" \/>\n<meta name=\"twitter:image\" content=\"https:\/\/vosgesinfo.fr\/app\/uploads\/sites\/4\/2025\/01\/epopee-musique-esperance-credit-photo-pierre-thouvenot.jpg\" \/>\n<meta name=\"twitter:creator\" content=\"@VosgesInfo88\" \/>\n<meta name=\"twitter:site\" content=\"@VosgesInfo88\" \/>\n<meta name=\"twitter:label1\" content=\"\u00c9crit par\" \/>\n\t<meta name=\"twitter:data1\" content=\"J.J.\" \/>\n\t<meta name=\"twitter:label2\" content=\"Dur\u00e9e de lecture estim\u00e9e\" \/>\n\t<meta name=\"twitter:data2\" content=\"2 minutes\" \/>\n<script type=\"application\/ld+json\" class=\"yoast-schema-graph\">{\"@context\":\"https:\/\/schema.org\",\"@graph\":[{\"@type\":\"Article\",\"@id\":\"https:\/\/vosgesinfo.fr\/saintdieinfo\/2025\/01\/musique-esperance-saint-die-presente-epopee-un-voyage-pour-quatuor-de-violoncelles-et-oud\/#article\",\"isPartOf\":{\"@id\":\"https:\/\/vosgesinfo.fr\/saintdieinfo\/2025\/01\/musique-esperance-saint-die-presente-epopee-un-voyage-pour-quatuor-de-violoncelles-et-oud\/\"},\"author\":{\"name\":\"J.J.\",\"@id\":\"https:\/\/vosgesinfo.fr\/saintdieinfo\/#\/schema\/person\/fa73e9f726d67bb88f46d5b7943cb572\"},\"headline\":\"Musique Esp\u00e9rance Saint-Di\u00e9 pr\u00e9sente \u00ab\u00a0Epop\u00e9e\u00a0\u00bb, un voyage pour quatuor de violoncelles et oud\",\"datePublished\":\"2025-01-20T08:04:00+00:00\",\"dateModified\":\"2025-01-20T07:53:27+00:00\",\"mainEntityOfPage\":{\"@id\":\"https:\/\/vosgesinfo.fr\/saintdieinfo\/2025\/01\/musique-esperance-saint-die-presente-epopee-un-voyage-pour-quatuor-de-violoncelles-et-oud\/\"},\"wordCount\":367,\"commentCount\":0,\"publisher\":{\"@id\":\"https:\/\/vosgesinfo.fr\/saintdieinfo\/#organization\"},\"image\":{\"@id\":\"https:\/\/vosgesinfo.fr\/saintdieinfo\/2025\/01\/musique-esperance-saint-die-presente-epopee-un-voyage-pour-quatuor-de-violoncelles-et-oud\/#primaryimage\"},\"thumbnailUrl\":\"https:\/\/vosgesinfo.fr\/app\/uploads\/sites\/4\/2025\/01\/epopee-musique-esperance-credit-photo-pierre-thouvenot.jpg\",\"keywords\":[\"Epop\u00e9e\",\"Espace Geogres-Sadoul\",\"Musique Esp\u00e9rance Saint-Di\u00e9\"],\"articleSection\":[\"A la Une\",\"Concert\",\"Saint-Di\u00e9-des-Vosges et son Agglom\u00e9ration\",\"Vie Associative\"],\"inLanguage\":\"fr-FR\",\"potentialAction\":[{\"@type\":\"CommentAction\",\"name\":\"Comment\",\"target\":[\"https:\/\/vosgesinfo.fr\/saintdieinfo\/2025\/01\/musique-esperance-saint-die-presente-epopee-un-voyage-pour-quatuor-de-violoncelles-et-oud\/#respond\"]}]},{\"@type\":\"WebPage\",\"@id\":\"https:\/\/vosgesinfo.fr\/saintdieinfo\/2025\/01\/musique-esperance-saint-die-presente-epopee-un-voyage-pour-quatuor-de-violoncelles-et-oud\/\",\"url\":\"https:\/\/vosgesinfo.fr\/saintdieinfo\/2025\/01\/musique-esperance-saint-die-presente-epopee-un-voyage-pour-quatuor-de-violoncelles-et-oud\/\",\"name\":\"Musique Esp\u00e9rance Saint-Di\u00e9 pr\u00e9sente \\\"Epop\u00e9e\\\", un voyage pour quatuor de violoncelles et oud - Saint Die Info\",\"isPartOf\":{\"@id\":\"https:\/\/vosgesinfo.fr\/saintdieinfo\/#website\"},\"primaryImageOfPage\":{\"@id\":\"https:\/\/vosgesinfo.fr\/saintdieinfo\/2025\/01\/musique-esperance-saint-die-presente-epopee-un-voyage-pour-quatuor-de-violoncelles-et-oud\/#primaryimage\"},\"image\":{\"@id\":\"https:\/\/vosgesinfo.fr\/saintdieinfo\/2025\/01\/musique-esperance-saint-die-presente-epopee-un-voyage-pour-quatuor-de-violoncelles-et-oud\/#primaryimage\"},\"thumbnailUrl\":\"https:\/\/vosgesinfo.fr\/app\/uploads\/sites\/4\/2025\/01\/epopee-musique-esperance-credit-photo-pierre-thouvenot.jpg\",\"datePublished\":\"2025-01-20T08:04:00+00:00\",\"dateModified\":\"2025-01-20T07:53:27+00:00\",\"breadcrumb\":{\"@id\":\"https:\/\/vosgesinfo.fr\/saintdieinfo\/2025\/01\/musique-esperance-saint-die-presente-epopee-un-voyage-pour-quatuor-de-violoncelles-et-oud\/#breadcrumb\"},\"inLanguage\":\"fr-FR\",\"potentialAction\":[{\"@type\":\"ReadAction\",\"target\":[\"https:\/\/vosgesinfo.fr\/saintdieinfo\/2025\/01\/musique-esperance-saint-die-presente-epopee-un-voyage-pour-quatuor-de-violoncelles-et-oud\/\"]}]},{\"@type\":\"ImageObject\",\"inLanguage\":\"fr-FR\",\"@id\":\"https:\/\/vosgesinfo.fr\/saintdieinfo\/2025\/01\/musique-esperance-saint-die-presente-epopee-un-voyage-pour-quatuor-de-violoncelles-et-oud\/#primaryimage\",\"url\":\"https:\/\/vosgesinfo.fr\/app\/uploads\/sites\/4\/2025\/01\/epopee-musique-esperance-credit-photo-pierre-thouvenot.jpg\",\"contentUrl\":\"https:\/\/vosgesinfo.fr\/app\/uploads\/sites\/4\/2025\/01\/epopee-musique-esperance-credit-photo-pierre-thouvenot.jpg\",\"width\":7715,\"height\":4704,\"caption\":\"(Photographie Pierre Thouvenot)\"},{\"@type\":\"BreadcrumbList\",\"@id\":\"https:\/\/vosgesinfo.fr\/saintdieinfo\/2025\/01\/musique-esperance-saint-die-presente-epopee-un-voyage-pour-quatuor-de-violoncelles-et-oud\/#breadcrumb\",\"itemListElement\":[{\"@type\":\"ListItem\",\"position\":1,\"name\":\"Home\",\"item\":\"https:\/\/vosgesinfo.fr\/saintdieinfo\/\"},{\"@type\":\"ListItem\",\"position\":2,\"name\":\"Musique Esp\u00e9rance Saint-Di\u00e9 pr\u00e9sente \u00ab\u00a0Epop\u00e9e\u00a0\u00bb, un voyage pour quatuor de violoncelles et oud\"}]},{\"@type\":\"WebSite\",\"@id\":\"https:\/\/vosgesinfo.fr\/saintdieinfo\/#website\",\"url\":\"https:\/\/vosgesinfo.fr\/saintdieinfo\/\",\"name\":\"Saint Die Info\",\"description\":\"Toute l&#039;actualit\u00e9 de Saint-Di\u00e9-Des-Vosges\",\"publisher\":{\"@id\":\"https:\/\/vosgesinfo.fr\/saintdieinfo\/#organization\"},\"alternateName\":\"Toute l'actualit\u00e9 de Saint-Di\u00e9-Des-Vosges\",\"potentialAction\":[{\"@type\":\"SearchAction\",\"target\":{\"@type\":\"EntryPoint\",\"urlTemplate\":\"https:\/\/vosgesinfo.fr\/saintdieinfo\/?s={search_term_string}\"},\"query-input\":\"required name=search_term_string\"}],\"inLanguage\":\"fr-FR\"},{\"@type\":\"Organization\",\"@id\":\"https:\/\/vosgesinfo.fr\/saintdieinfo\/#organization\",\"name\":\"Saint Die Info\",\"url\":\"https:\/\/vosgesinfo.fr\/saintdieinfo\/\",\"logo\":{\"@type\":\"ImageObject\",\"inLanguage\":\"fr-FR\",\"@id\":\"https:\/\/vosgesinfo.fr\/saintdieinfo\/#\/schema\/logo\/image\/\",\"url\":\"https:\/\/vosgesinfo.fr\/app\/uploads\/sites\/4\/2024\/02\/logo-sdi.jpg\",\"contentUrl\":\"https:\/\/vosgesinfo.fr\/app\/uploads\/sites\/4\/2024\/02\/logo-sdi.jpg\",\"width\":600,\"height\":600,\"caption\":\"Saint Die Info\"},\"image\":{\"@id\":\"https:\/\/vosgesinfo.fr\/saintdieinfo\/#\/schema\/logo\/image\/\"},\"sameAs\":[\"https:\/\/www.facebook.com\/Saintdieinfofr\",\"https:\/\/x.com\/VosgesInfo88\",\"https:\/\/www.youtube.com\/@vosgesinfo\"]},{\"@type\":\"Person\",\"@id\":\"https:\/\/vosgesinfo.fr\/saintdieinfo\/#\/schema\/person\/fa73e9f726d67bb88f46d5b7943cb572\",\"name\":\"J.J.\",\"image\":{\"@type\":\"ImageObject\",\"inLanguage\":\"fr-FR\",\"@id\":\"https:\/\/vosgesinfo.fr\/saintdieinfo\/#\/schema\/person\/image\/\",\"url\":\"https:\/\/secure.gravatar.com\/avatar\/219e749e47ffbcca018a360ae4add7d4cdf1cdaaf8bc7676b27efade3fe65615?s=96&d=mm&r=g\",\"contentUrl\":\"https:\/\/secure.gravatar.com\/avatar\/219e749e47ffbcca018a360ae4add7d4cdf1cdaaf8bc7676b27efade3fe65615?s=96&d=mm&r=g\",\"caption\":\"J.J.\"},\"url\":\"https:\/\/vosgesinfo.fr\/saintdieinfo\/author\/j-j\/\"}]}<\/script>\n<!-- \/ Yoast SEO plugin. -->","yoast_head_json":{"title":"Musique Esp\u00e9rance Saint-Di\u00e9 pr\u00e9sente \"Epop\u00e9e\", un voyage pour quatuor de violoncelles et oud - Saint Die Info","robots":{"index":"index","follow":"follow","max-snippet":"max-snippet:-1","max-image-preview":"max-image-preview:large","max-video-preview":"max-video-preview:-1"},"canonical":"https:\/\/vosgesinfo.fr\/saintdieinfo\/2025\/01\/musique-esperance-saint-die-presente-epopee-un-voyage-pour-quatuor-de-violoncelles-et-oud\/","twitter_card":"summary_large_image","twitter_title":"Musique Esp\u00e9rance Saint-Di\u00e9 pr\u00e9sente \"Epop\u00e9e\", un voyage pour quatuor de violoncelles et oud - Saint Die Info","twitter_description":"\u00a0Musique Espe\u0301rance propose un concert exceptionnel a\u0300 l&rsquo;Espace Georges-Sadoul pre\u0301sente\u0301 par le violoncelliste Stann Duguet originaire des Hautes-Vosges (Le Tholy) [&hellip;]","twitter_image":"https:\/\/vosgesinfo.fr\/app\/uploads\/sites\/4\/2025\/01\/epopee-musique-esperance-credit-photo-pierre-thouvenot.jpg","twitter_creator":"@VosgesInfo88","twitter_site":"@VosgesInfo88","twitter_misc":{"\u00c9crit par":"J.J.","Dur\u00e9e de lecture estim\u00e9e":"2 minutes"},"schema":{"@context":"https:\/\/schema.org","@graph":[{"@type":"Article","@id":"https:\/\/vosgesinfo.fr\/saintdieinfo\/2025\/01\/musique-esperance-saint-die-presente-epopee-un-voyage-pour-quatuor-de-violoncelles-et-oud\/#article","isPartOf":{"@id":"https:\/\/vosgesinfo.fr\/saintdieinfo\/2025\/01\/musique-esperance-saint-die-presente-epopee-un-voyage-pour-quatuor-de-violoncelles-et-oud\/"},"author":{"name":"J.J.","@id":"https:\/\/vosgesinfo.fr\/saintdieinfo\/#\/schema\/person\/fa73e9f726d67bb88f46d5b7943cb572"},"headline":"Musique Esp\u00e9rance Saint-Di\u00e9 pr\u00e9sente \u00ab\u00a0Epop\u00e9e\u00a0\u00bb, un voyage pour quatuor de violoncelles et oud","datePublished":"2025-01-20T08:04:00+00:00","dateModified":"2025-01-20T07:53:27+00:00","mainEntityOfPage":{"@id":"https:\/\/vosgesinfo.fr\/saintdieinfo\/2025\/01\/musique-esperance-saint-die-presente-epopee-un-voyage-pour-quatuor-de-violoncelles-et-oud\/"},"wordCount":367,"commentCount":0,"publisher":{"@id":"https:\/\/vosgesinfo.fr\/saintdieinfo\/#organization"},"image":{"@id":"https:\/\/vosgesinfo.fr\/saintdieinfo\/2025\/01\/musique-esperance-saint-die-presente-epopee-un-voyage-pour-quatuor-de-violoncelles-et-oud\/#primaryimage"},"thumbnailUrl":"https:\/\/vosgesinfo.fr\/app\/uploads\/sites\/4\/2025\/01\/epopee-musique-esperance-credit-photo-pierre-thouvenot.jpg","keywords":["Epop\u00e9e","Espace Geogres-Sadoul","Musique Esp\u00e9rance Saint-Di\u00e9"],"articleSection":["A la Une","Concert","Saint-Di\u00e9-des-Vosges et son Agglom\u00e9ration","Vie Associative"],"inLanguage":"fr-FR","potentialAction":[{"@type":"CommentAction","name":"Comment","target":["https:\/\/vosgesinfo.fr\/saintdieinfo\/2025\/01\/musique-esperance-saint-die-presente-epopee-un-voyage-pour-quatuor-de-violoncelles-et-oud\/#respond"]}]},{"@type":"WebPage","@id":"https:\/\/vosgesinfo.fr\/saintdieinfo\/2025\/01\/musique-esperance-saint-die-presente-epopee-un-voyage-pour-quatuor-de-violoncelles-et-oud\/","url":"https:\/\/vosgesinfo.fr\/saintdieinfo\/2025\/01\/musique-esperance-saint-die-presente-epopee-un-voyage-pour-quatuor-de-violoncelles-et-oud\/","name":"Musique Esp\u00e9rance Saint-Di\u00e9 pr\u00e9sente \"Epop\u00e9e\", un voyage pour quatuor de violoncelles et oud - Saint Die Info","isPartOf":{"@id":"https:\/\/vosgesinfo.fr\/saintdieinfo\/#website"},"primaryImageOfPage":{"@id":"https:\/\/vosgesinfo.fr\/saintdieinfo\/2025\/01\/musique-esperance-saint-die-presente-epopee-un-voyage-pour-quatuor-de-violoncelles-et-oud\/#primaryimage"},"image":{"@id":"https:\/\/vosgesinfo.fr\/saintdieinfo\/2025\/01\/musique-esperance-saint-die-presente-epopee-un-voyage-pour-quatuor-de-violoncelles-et-oud\/#primaryimage"},"thumbnailUrl":"https:\/\/vosgesinfo.fr\/app\/uploads\/sites\/4\/2025\/01\/epopee-musique-esperance-credit-photo-pierre-thouvenot.jpg","datePublished":"2025-01-20T08:04:00+00:00","dateModified":"2025-01-20T07:53:27+00:00","breadcrumb":{"@id":"https:\/\/vosgesinfo.fr\/saintdieinfo\/2025\/01\/musique-esperance-saint-die-presente-epopee-un-voyage-pour-quatuor-de-violoncelles-et-oud\/#breadcrumb"},"inLanguage":"fr-FR","potentialAction":[{"@type":"ReadAction","target":["https:\/\/vosgesinfo.fr\/saintdieinfo\/2025\/01\/musique-esperance-saint-die-presente-epopee-un-voyage-pour-quatuor-de-violoncelles-et-oud\/"]}]},{"@type":"ImageObject","inLanguage":"fr-FR","@id":"https:\/\/vosgesinfo.fr\/saintdieinfo\/2025\/01\/musique-esperance-saint-die-presente-epopee-un-voyage-pour-quatuor-de-violoncelles-et-oud\/#primaryimage","url":"https:\/\/vosgesinfo.fr\/app\/uploads\/sites\/4\/2025\/01\/epopee-musique-esperance-credit-photo-pierre-thouvenot.jpg","contentUrl":"https:\/\/vosgesinfo.fr\/app\/uploads\/sites\/4\/2025\/01\/epopee-musique-esperance-credit-photo-pierre-thouvenot.jpg","width":7715,"height":4704,"caption":"(Photographie Pierre Thouvenot)"},{"@type":"BreadcrumbList","@id":"https:\/\/vosgesinfo.fr\/saintdieinfo\/2025\/01\/musique-esperance-saint-die-presente-epopee-un-voyage-pour-quatuor-de-violoncelles-et-oud\/#breadcrumb","itemListElement":[{"@type":"ListItem","position":1,"name":"Home","item":"https:\/\/vosgesinfo.fr\/saintdieinfo\/"},{"@type":"ListItem","position":2,"name":"Musique Esp\u00e9rance Saint-Di\u00e9 pr\u00e9sente \u00ab\u00a0Epop\u00e9e\u00a0\u00bb, un voyage pour quatuor de violoncelles et oud"}]},{"@type":"WebSite","@id":"https:\/\/vosgesinfo.fr\/saintdieinfo\/#website","url":"https:\/\/vosgesinfo.fr\/saintdieinfo\/","name":"Saint Die Info","description":"Toute l&#039;actualit\u00e9 de Saint-Di\u00e9-Des-Vosges","publisher":{"@id":"https:\/\/vosgesinfo.fr\/saintdieinfo\/#organization"},"alternateName":"Toute l'actualit\u00e9 de Saint-Di\u00e9-Des-Vosges","potentialAction":[{"@type":"SearchAction","target":{"@type":"EntryPoint","urlTemplate":"https:\/\/vosgesinfo.fr\/saintdieinfo\/?s={search_term_string}"},"query-input":"required name=search_term_string"}],"inLanguage":"fr-FR"},{"@type":"Organization","@id":"https:\/\/vosgesinfo.fr\/saintdieinfo\/#organization","name":"Saint Die Info","url":"https:\/\/vosgesinfo.fr\/saintdieinfo\/","logo":{"@type":"ImageObject","inLanguage":"fr-FR","@id":"https:\/\/vosgesinfo.fr\/saintdieinfo\/#\/schema\/logo\/image\/","url":"https:\/\/vosgesinfo.fr\/app\/uploads\/sites\/4\/2024\/02\/logo-sdi.jpg","contentUrl":"https:\/\/vosgesinfo.fr\/app\/uploads\/sites\/4\/2024\/02\/logo-sdi.jpg","width":600,"height":600,"caption":"Saint Die Info"},"image":{"@id":"https:\/\/vosgesinfo.fr\/saintdieinfo\/#\/schema\/logo\/image\/"},"sameAs":["https:\/\/www.facebook.com\/Saintdieinfofr","https:\/\/x.com\/VosgesInfo88","https:\/\/www.youtube.com\/@vosgesinfo"]},{"@type":"Person","@id":"https:\/\/vosgesinfo.fr\/saintdieinfo\/#\/schema\/person\/fa73e9f726d67bb88f46d5b7943cb572","name":"J.J.","image":{"@type":"ImageObject","inLanguage":"fr-FR","@id":"https:\/\/vosgesinfo.fr\/saintdieinfo\/#\/schema\/person\/image\/","url":"https:\/\/secure.gravatar.com\/avatar\/219e749e47ffbcca018a360ae4add7d4cdf1cdaaf8bc7676b27efade3fe65615?s=96&d=mm&r=g","contentUrl":"https:\/\/secure.gravatar.com\/avatar\/219e749e47ffbcca018a360ae4add7d4cdf1cdaaf8bc7676b27efade3fe65615?s=96&d=mm&r=g","caption":"J.J."},"url":"https:\/\/vosgesinfo.fr\/saintdieinfo\/author\/j-j\/"}]}},"_links":{"self":[{"href":"https:\/\/vosgesinfo.fr\/saintdieinfo\/wp-json\/wp\/v2\/posts\/73014","targetHints":{"allow":["GET"]}}],"collection":[{"href":"https:\/\/vosgesinfo.fr\/saintdieinfo\/wp-json\/wp\/v2\/posts"}],"about":[{"href":"https:\/\/vosgesinfo.fr\/saintdieinfo\/wp-json\/wp\/v2\/types\/post"}],"author":[{"embeddable":true,"href":"https:\/\/vosgesinfo.fr\/saintdieinfo\/wp-json\/wp\/v2\/users\/46"}],"replies":[{"embeddable":true,"href":"https:\/\/vosgesinfo.fr\/saintdieinfo\/wp-json\/wp\/v2\/comments?post=73014"}],"version-history":[{"count":1,"href":"https:\/\/vosgesinfo.fr\/saintdieinfo\/wp-json\/wp\/v2\/posts\/73014\/revisions"}],"predecessor-version":[{"id":73017,"href":"https:\/\/vosgesinfo.fr\/saintdieinfo\/wp-json\/wp\/v2\/posts\/73014\/revisions\/73017"}],"wp:featuredmedia":[{"embeddable":true,"href":"https:\/\/vosgesinfo.fr\/saintdieinfo\/wp-json\/wp\/v2\/media\/73016"}],"wp:attachment":[{"href":"https:\/\/vosgesinfo.fr\/saintdieinfo\/wp-json\/wp\/v2\/media?parent=73014"}],"wp:term":[{"taxonomy":"category","embeddable":true,"href":"https:\/\/vosgesinfo.fr\/saintdieinfo\/wp-json\/wp\/v2\/categories?post=73014"},{"taxonomy":"post_tag","embeddable":true,"href":"https:\/\/vosgesinfo.fr\/saintdieinfo\/wp-json\/wp\/v2\/tags?post=73014"}],"curies":[{"name":"wp","href":"https:\/\/api.w.org\/{rel}","templated":true}]}}