{"id":73085,"date":"2025-01-21T13:05:47","date_gmt":"2025-01-21T12:05:47","guid":{"rendered":"https:\/\/vosgesinfo.fr\/saintdieinfo\/?p=73085"},"modified":"2025-01-21T17:22:59","modified_gmt":"2025-01-21T16:22:59","slug":"saint-die-des-vosges-fait-ses-puces-des-couturieres","status":"publish","type":"post","link":"https:\/\/vosgesinfo.fr\/saintdieinfo\/2025\/01\/saint-die-des-vosges-fait-ses-puces-des-couturieres\/","title":{"rendered":"Saint-Di\u00e9-des-Vosges fait ses puces des couturi\u00e8res"},"content":{"rendered":"<p><a href=\"https:\/\/vosgesinfo.fr\/app\/uploads\/sites\/4\/2025\/01\/presentation-puces-couturieres-club-aux-bons-points-1-scaled.jpg\"><img decoding=\"async\" class=\"alignnone size-large wp-image-73088\" src=\"https:\/\/vosgesinfo.fr\/app\/uploads\/sites\/4\/2025\/01\/presentation-puces-couturieres-club-aux-bons-points-1-1024x771.jpg\" alt=\"\" width=\"1024\" height=\"771\" srcset=\"https:\/\/vosgesinfo.fr\/app\/uploads\/sites\/4\/2025\/01\/presentation-puces-couturieres-club-aux-bons-points-1-1024x771.jpg 1024w, https:\/\/vosgesinfo.fr\/app\/uploads\/sites\/4\/2025\/01\/presentation-puces-couturieres-club-aux-bons-points-1-300x226.jpg 300w, https:\/\/vosgesinfo.fr\/app\/uploads\/sites\/4\/2025\/01\/presentation-puces-couturieres-club-aux-bons-points-1-768x578.jpg 768w, https:\/\/vosgesinfo.fr\/app\/uploads\/sites\/4\/2025\/01\/presentation-puces-couturieres-club-aux-bons-points-1-1536x1157.jpg 1536w, https:\/\/vosgesinfo.fr\/app\/uploads\/sites\/4\/2025\/01\/presentation-puces-couturieres-club-aux-bons-points-1-2048x1542.jpg 2048w\" sizes=\"(max-width: 1024px) 100vw, 1024px\" \/><\/a><\/p>\n<h2>Le club Aux Bons Points de Saint-Di\u00e9-des-Vosges, qui organise chaque automne <a href=\"https:\/\/vosgesinfo.fr\/saintdieinfo\/2024\/11\/en-images-le-7e-salon-des-loisirs-creatifs-de-saint-die-des-vosges-est-ouvert\/\" target=\"_blank\" rel=\"noopener\">le Salon des Loisirs Cr\u00e9atifs<\/a>, vient d&rsquo;ajouter une corde \u00e0 son arc avec une nouvelle manifestation : des puces des couturi\u00e8res, qui se tiendront le samedi 26 avril prochain \u00e0 la salle Carbonnar.<\/h2>\n<p><!--more--><\/p>\n<p>Une id\u00e9e qui trottait dans la t\u00eate de certaines des membres du club, et qui s&rsquo;est concr\u00e9tis\u00e9e suite \u00e0 la demande de plusieurs personnes ext\u00e9rieures \u00e0 l&rsquo;association. Cette premi\u00e8re \u00e9dition \u2013 et coup d&rsquo;essai \u2013 se d\u00e9roulera de 10h \u00e0 18h, avec une cinquantaine d&rsquo;exposants attendus. Ces derniers proposeront toutes sortes de petit mat\u00e9riel de couture, \u00e9galement des tissus, divers kits et du mat\u00e9riel \u00e9lectrique, qui sera test\u00e9 avant d&rsquo;\u00eatre ou non accept\u00e9.<\/p>\n<p>Le tarif pour participer \u00e0 ces premi\u00e8res puces des couturi\u00e8res est de 3\u20ac la table, sachant que chaque exposant peut disposer au maximum de 2 tables. Pour les visiteurs l&rsquo;entr\u00e9e est gratuite, comme pour le Salon des Loisirs Cr\u00e9atifs. Et si le succ\u00e8s est au rendez-vous, du c\u00f4t\u00e9 des exposants comme des visiteurs, ces puces d\u00e9odatiennes pourraient \u00eatre de retour en 2027 puis \u00eatre organis\u00e9es tous les 2 ans.<\/p>\n<p>Pour s&rsquo;inscrire, il suffit de remplir le bon ci-dessous et de le renvoyer, une fois dument rempli et avant le 1er avril, par courrier \u00e0 Corinne Gerardin (5, route de Denipaire 88210 Hurbache) ou par courriel \u00e0 Catherine Viry (via <a href=\"mailto:clubauxbonspoints@gmail.com\">clubauxbonspoints@gmail.com<\/a>). Pour tous renseignements compl\u00e9mentaires\u00a0: <a href=\"mailto:clubauxbonspoints@gmail.com\">clubauxbonspoints@gmail.com<\/a>.<\/p>\n<p>J.J.<\/p>\n<p><a href=\"https:\/\/vosgesinfo.fr\/app\/uploads\/sites\/4\/2025\/01\/presentation-puces-couturieres-club-aux-bons-points-3-scaled.jpg\"><img decoding=\"async\" class=\"alignnone size-large wp-image-73090\" src=\"https:\/\/vosgesinfo.fr\/app\/uploads\/sites\/4\/2025\/01\/presentation-puces-couturieres-club-aux-bons-points-3-724x1024.jpg\" alt=\"\" width=\"724\" height=\"1024\" srcset=\"https:\/\/vosgesinfo.fr\/app\/uploads\/sites\/4\/2025\/01\/presentation-puces-couturieres-club-aux-bons-points-3-724x1024.jpg 724w, https:\/\/vosgesinfo.fr\/app\/uploads\/sites\/4\/2025\/01\/presentation-puces-couturieres-club-aux-bons-points-3-212x300.jpg 212w, https:\/\/vosgesinfo.fr\/app\/uploads\/sites\/4\/2025\/01\/presentation-puces-couturieres-club-aux-bons-points-3-768x1086.jpg 768w, https:\/\/vosgesinfo.fr\/app\/uploads\/sites\/4\/2025\/01\/presentation-puces-couturieres-club-aux-bons-points-3-1086x1536.jpg 1086w, https:\/\/vosgesinfo.fr\/app\/uploads\/sites\/4\/2025\/01\/presentation-puces-couturieres-club-aux-bons-points-3-1448x2048.jpg 1448w, https:\/\/vosgesinfo.fr\/app\/uploads\/sites\/4\/2025\/01\/presentation-puces-couturieres-club-aux-bons-points-3-scaled.jpg 1810w\" sizes=\"(max-width: 724px) 100vw, 724px\" \/><\/a><a href=\"https:\/\/vosgesinfo.fr\/app\/uploads\/sites\/4\/2025\/01\/presentation-puces-couturieres-club-aux-bons-points-4-scaled.jpg\"><img decoding=\"async\" class=\"alignnone size-large wp-image-73091\" src=\"https:\/\/vosgesinfo.fr\/app\/uploads\/sites\/4\/2025\/01\/presentation-puces-couturieres-club-aux-bons-points-4-724x1024.jpg\" alt=\"\" width=\"724\" height=\"1024\" srcset=\"https:\/\/vosgesinfo.fr\/app\/uploads\/sites\/4\/2025\/01\/presentation-puces-couturieres-club-aux-bons-points-4-724x1024.jpg 724w, https:\/\/vosgesinfo.fr\/app\/uploads\/sites\/4\/2025\/01\/presentation-puces-couturieres-club-aux-bons-points-4-212x300.jpg 212w, https:\/\/vosgesinfo.fr\/app\/uploads\/sites\/4\/2025\/01\/presentation-puces-couturieres-club-aux-bons-points-4-768x1086.jpg 768w, https:\/\/vosgesinfo.fr\/app\/uploads\/sites\/4\/2025\/01\/presentation-puces-couturieres-club-aux-bons-points-4-1086x1536.jpg 1086w, https:\/\/vosgesinfo.fr\/app\/uploads\/sites\/4\/2025\/01\/presentation-puces-couturieres-club-aux-bons-points-4-1448x2048.jpg 1448w, https:\/\/vosgesinfo.fr\/app\/uploads\/sites\/4\/2025\/01\/presentation-puces-couturieres-club-aux-bons-points-4-scaled.jpg 1810w\" sizes=\"(max-width: 724px) 100vw, 724px\" \/><\/a><\/p>\n","protected":false},"excerpt":{"rendered":"<p>Le club Aux Bons Points de Saint-Di\u00e9-des-Vosges, qui organise chaque automne le Salon des Loisirs Cr\u00e9atifs, vient d&rsquo;ajouter une corde [&hellip;]<\/p>\n","protected":false},"author":46,"featured_media":73088,"comment_status":"open","ping_status":"open","sticky":false,"template":"","format":"standard","meta":{"footnotes":""},"categories":[460,20,167,17,18],"tags":[4725,15897,15896,3571],"class_list":["post-73085","post","type-post","status-publish","format-standard","has-post-thumbnail","hentry","category-a-la-une","category-loisirs","category-saint-die-des-vosges","category-vie-associative","category-vosges","tag-club-aux-bons-points","tag-puces-des-coutieres-de-saint-die-des-vosges","tag-puces-des-couturieres","tag-salle-carbonnar"],"acf":[],"yoast_head":"<!-- This site is optimized with the Yoast SEO plugin v22.5 - https:\/\/yoast.com\/wordpress\/plugins\/seo\/ -->\n<title>Saint-Di\u00e9-des-Vosges fait ses puces des couturi\u00e8res - Saint Die Info<\/title>\n<meta name=\"robots\" content=\"index, follow, max-snippet:-1, max-image-preview:large, max-video-preview:-1\" \/>\n<link rel=\"canonical\" href=\"https:\/\/vosgesinfo.fr\/saintdieinfo\/2025\/01\/saint-die-des-vosges-fait-ses-puces-des-couturieres\/\" \/>\n<meta name=\"twitter:card\" content=\"summary_large_image\" \/>\n<meta name=\"twitter:title\" content=\"Saint-Di\u00e9-des-Vosges fait ses puces des couturi\u00e8res - Saint Die Info\" \/>\n<meta name=\"twitter:description\" content=\"Le club Aux Bons Points de Saint-Di\u00e9-des-Vosges, qui organise chaque automne le Salon des Loisirs Cr\u00e9atifs, vient d&rsquo;ajouter une corde [&hellip;]\" \/>\n<meta name=\"twitter:image\" content=\"https:\/\/vosgesinfo.fr\/app\/uploads\/sites\/4\/2025\/01\/presentation-puces-couturieres-club-aux-bons-points-1-scaled.jpg\" \/>\n<meta name=\"twitter:creator\" content=\"@VosgesInfo88\" \/>\n<meta name=\"twitter:site\" content=\"@VosgesInfo88\" \/>\n<meta name=\"twitter:label1\" content=\"\u00c9crit par\" \/>\n\t<meta name=\"twitter:data1\" content=\"J.J.\" \/>\n\t<meta name=\"twitter:label2\" content=\"Dur\u00e9e de lecture estim\u00e9e\" \/>\n\t<meta name=\"twitter:data2\" content=\"2 minutes\" \/>\n<script type=\"application\/ld+json\" class=\"yoast-schema-graph\">{\"@context\":\"https:\/\/schema.org\",\"@graph\":[{\"@type\":\"Article\",\"@id\":\"https:\/\/vosgesinfo.fr\/saintdieinfo\/2025\/01\/saint-die-des-vosges-fait-ses-puces-des-couturieres\/#article\",\"isPartOf\":{\"@id\":\"https:\/\/vosgesinfo.fr\/saintdieinfo\/2025\/01\/saint-die-des-vosges-fait-ses-puces-des-couturieres\/\"},\"author\":{\"name\":\"J.J.\",\"@id\":\"https:\/\/vosgesinfo.fr\/saintdieinfo\/#\/schema\/person\/fa73e9f726d67bb88f46d5b7943cb572\"},\"headline\":\"Saint-Di\u00e9-des-Vosges fait ses puces des couturi\u00e8res\",\"datePublished\":\"2025-01-21T12:05:47+00:00\",\"dateModified\":\"2025-01-21T16:22:59+00:00\",\"mainEntityOfPage\":{\"@id\":\"https:\/\/vosgesinfo.fr\/saintdieinfo\/2025\/01\/saint-die-des-vosges-fait-ses-puces-des-couturieres\/\"},\"wordCount\":257,\"commentCount\":0,\"publisher\":{\"@id\":\"https:\/\/vosgesinfo.fr\/saintdieinfo\/#organization\"},\"image\":{\"@id\":\"https:\/\/vosgesinfo.fr\/saintdieinfo\/2025\/01\/saint-die-des-vosges-fait-ses-puces-des-couturieres\/#primaryimage\"},\"thumbnailUrl\":\"https:\/\/vosgesinfo.fr\/app\/uploads\/sites\/4\/2025\/01\/presentation-puces-couturieres-club-aux-bons-points-1-scaled.jpg\",\"keywords\":[\"Club Aux bons points\",\"Puces des couti\u00e8res de Saint-Di\u00e9-des-Vosges\",\"Puces des couturi\u00e8res\",\"Salle Carbonnar\"],\"articleSection\":[\"A la Une\",\"Loisirs\",\"Saint-Di\u00e9-des-Vosges\",\"Vie Associative\",\"Vosges\"],\"inLanguage\":\"fr-FR\",\"potentialAction\":[{\"@type\":\"CommentAction\",\"name\":\"Comment\",\"target\":[\"https:\/\/vosgesinfo.fr\/saintdieinfo\/2025\/01\/saint-die-des-vosges-fait-ses-puces-des-couturieres\/#respond\"]}]},{\"@type\":\"WebPage\",\"@id\":\"https:\/\/vosgesinfo.fr\/saintdieinfo\/2025\/01\/saint-die-des-vosges-fait-ses-puces-des-couturieres\/\",\"url\":\"https:\/\/vosgesinfo.fr\/saintdieinfo\/2025\/01\/saint-die-des-vosges-fait-ses-puces-des-couturieres\/\",\"name\":\"Saint-Di\u00e9-des-Vosges fait ses puces des couturi\u00e8res - Saint Die Info\",\"isPartOf\":{\"@id\":\"https:\/\/vosgesinfo.fr\/saintdieinfo\/#website\"},\"primaryImageOfPage\":{\"@id\":\"https:\/\/vosgesinfo.fr\/saintdieinfo\/2025\/01\/saint-die-des-vosges-fait-ses-puces-des-couturieres\/#primaryimage\"},\"image\":{\"@id\":\"https:\/\/vosgesinfo.fr\/saintdieinfo\/2025\/01\/saint-die-des-vosges-fait-ses-puces-des-couturieres\/#primaryimage\"},\"thumbnailUrl\":\"https:\/\/vosgesinfo.fr\/app\/uploads\/sites\/4\/2025\/01\/presentation-puces-couturieres-club-aux-bons-points-1-scaled.jpg\",\"datePublished\":\"2025-01-21T12:05:47+00:00\",\"dateModified\":\"2025-01-21T16:22:59+00:00\",\"breadcrumb\":{\"@id\":\"https:\/\/vosgesinfo.fr\/saintdieinfo\/2025\/01\/saint-die-des-vosges-fait-ses-puces-des-couturieres\/#breadcrumb\"},\"inLanguage\":\"fr-FR\",\"potentialAction\":[{\"@type\":\"ReadAction\",\"target\":[\"https:\/\/vosgesinfo.fr\/saintdieinfo\/2025\/01\/saint-die-des-vosges-fait-ses-puces-des-couturieres\/\"]}]},{\"@type\":\"ImageObject\",\"inLanguage\":\"fr-FR\",\"@id\":\"https:\/\/vosgesinfo.fr\/saintdieinfo\/2025\/01\/saint-die-des-vosges-fait-ses-puces-des-couturieres\/#primaryimage\",\"url\":\"https:\/\/vosgesinfo.fr\/app\/uploads\/sites\/4\/2025\/01\/presentation-puces-couturieres-club-aux-bons-points-1-scaled.jpg\",\"contentUrl\":\"https:\/\/vosgesinfo.fr\/app\/uploads\/sites\/4\/2025\/01\/presentation-puces-couturieres-club-aux-bons-points-1-scaled.jpg\",\"width\":2560,\"height\":1928},{\"@type\":\"BreadcrumbList\",\"@id\":\"https:\/\/vosgesinfo.fr\/saintdieinfo\/2025\/01\/saint-die-des-vosges-fait-ses-puces-des-couturieres\/#breadcrumb\",\"itemListElement\":[{\"@type\":\"ListItem\",\"position\":1,\"name\":\"Home\",\"item\":\"https:\/\/vosgesinfo.fr\/saintdieinfo\/\"},{\"@type\":\"ListItem\",\"position\":2,\"name\":\"Saint-Di\u00e9-des-Vosges fait ses puces des couturi\u00e8res\"}]},{\"@type\":\"WebSite\",\"@id\":\"https:\/\/vosgesinfo.fr\/saintdieinfo\/#website\",\"url\":\"https:\/\/vosgesinfo.fr\/saintdieinfo\/\",\"name\":\"Saint Die Info\",\"description\":\"Toute l&#039;actualit\u00e9 de Saint-Di\u00e9-Des-Vosges\",\"publisher\":{\"@id\":\"https:\/\/vosgesinfo.fr\/saintdieinfo\/#organization\"},\"alternateName\":\"Toute l'actualit\u00e9 de Saint-Di\u00e9-Des-Vosges\",\"potentialAction\":[{\"@type\":\"SearchAction\",\"target\":{\"@type\":\"EntryPoint\",\"urlTemplate\":\"https:\/\/vosgesinfo.fr\/saintdieinfo\/?s={search_term_string}\"},\"query-input\":\"required name=search_term_string\"}],\"inLanguage\":\"fr-FR\"},{\"@type\":\"Organization\",\"@id\":\"https:\/\/vosgesinfo.fr\/saintdieinfo\/#organization\",\"name\":\"Saint Die Info\",\"url\":\"https:\/\/vosgesinfo.fr\/saintdieinfo\/\",\"logo\":{\"@type\":\"ImageObject\",\"inLanguage\":\"fr-FR\",\"@id\":\"https:\/\/vosgesinfo.fr\/saintdieinfo\/#\/schema\/logo\/image\/\",\"url\":\"https:\/\/vosgesinfo.fr\/app\/uploads\/sites\/4\/2024\/02\/logo-sdi.jpg\",\"contentUrl\":\"https:\/\/vosgesinfo.fr\/app\/uploads\/sites\/4\/2024\/02\/logo-sdi.jpg\",\"width\":600,\"height\":600,\"caption\":\"Saint Die Info\"},\"image\":{\"@id\":\"https:\/\/vosgesinfo.fr\/saintdieinfo\/#\/schema\/logo\/image\/\"},\"sameAs\":[\"https:\/\/www.facebook.com\/Saintdieinfofr\",\"https:\/\/x.com\/VosgesInfo88\",\"https:\/\/www.youtube.com\/@vosgesinfo\"]},{\"@type\":\"Person\",\"@id\":\"https:\/\/vosgesinfo.fr\/saintdieinfo\/#\/schema\/person\/fa73e9f726d67bb88f46d5b7943cb572\",\"name\":\"J.J.\",\"image\":{\"@type\":\"ImageObject\",\"inLanguage\":\"fr-FR\",\"@id\":\"https:\/\/vosgesinfo.fr\/saintdieinfo\/#\/schema\/person\/image\/\",\"url\":\"https:\/\/secure.gravatar.com\/avatar\/219e749e47ffbcca018a360ae4add7d4cdf1cdaaf8bc7676b27efade3fe65615?s=96&d=mm&r=g\",\"contentUrl\":\"https:\/\/secure.gravatar.com\/avatar\/219e749e47ffbcca018a360ae4add7d4cdf1cdaaf8bc7676b27efade3fe65615?s=96&d=mm&r=g\",\"caption\":\"J.J.\"},\"url\":\"https:\/\/vosgesinfo.fr\/saintdieinfo\/author\/j-j\/\"}]}<\/script>\n<!-- \/ Yoast SEO plugin. -->","yoast_head_json":{"title":"Saint-Di\u00e9-des-Vosges fait ses puces des couturi\u00e8res - Saint Die Info","robots":{"index":"index","follow":"follow","max-snippet":"max-snippet:-1","max-image-preview":"max-image-preview:large","max-video-preview":"max-video-preview:-1"},"canonical":"https:\/\/vosgesinfo.fr\/saintdieinfo\/2025\/01\/saint-die-des-vosges-fait-ses-puces-des-couturieres\/","twitter_card":"summary_large_image","twitter_title":"Saint-Di\u00e9-des-Vosges fait ses puces des couturi\u00e8res - Saint Die Info","twitter_description":"Le club Aux Bons Points de Saint-Di\u00e9-des-Vosges, qui organise chaque automne le Salon des Loisirs Cr\u00e9atifs, vient d&rsquo;ajouter une corde [&hellip;]","twitter_image":"https:\/\/vosgesinfo.fr\/app\/uploads\/sites\/4\/2025\/01\/presentation-puces-couturieres-club-aux-bons-points-1-scaled.jpg","twitter_creator":"@VosgesInfo88","twitter_site":"@VosgesInfo88","twitter_misc":{"\u00c9crit par":"J.J.","Dur\u00e9e de lecture estim\u00e9e":"2 minutes"},"schema":{"@context":"https:\/\/schema.org","@graph":[{"@type":"Article","@id":"https:\/\/vosgesinfo.fr\/saintdieinfo\/2025\/01\/saint-die-des-vosges-fait-ses-puces-des-couturieres\/#article","isPartOf":{"@id":"https:\/\/vosgesinfo.fr\/saintdieinfo\/2025\/01\/saint-die-des-vosges-fait-ses-puces-des-couturieres\/"},"author":{"name":"J.J.","@id":"https:\/\/vosgesinfo.fr\/saintdieinfo\/#\/schema\/person\/fa73e9f726d67bb88f46d5b7943cb572"},"headline":"Saint-Di\u00e9-des-Vosges fait ses puces des couturi\u00e8res","datePublished":"2025-01-21T12:05:47+00:00","dateModified":"2025-01-21T16:22:59+00:00","mainEntityOfPage":{"@id":"https:\/\/vosgesinfo.fr\/saintdieinfo\/2025\/01\/saint-die-des-vosges-fait-ses-puces-des-couturieres\/"},"wordCount":257,"commentCount":0,"publisher":{"@id":"https:\/\/vosgesinfo.fr\/saintdieinfo\/#organization"},"image":{"@id":"https:\/\/vosgesinfo.fr\/saintdieinfo\/2025\/01\/saint-die-des-vosges-fait-ses-puces-des-couturieres\/#primaryimage"},"thumbnailUrl":"https:\/\/vosgesinfo.fr\/app\/uploads\/sites\/4\/2025\/01\/presentation-puces-couturieres-club-aux-bons-points-1-scaled.jpg","keywords":["Club Aux bons points","Puces des couti\u00e8res de Saint-Di\u00e9-des-Vosges","Puces des couturi\u00e8res","Salle Carbonnar"],"articleSection":["A la Une","Loisirs","Saint-Di\u00e9-des-Vosges","Vie Associative","Vosges"],"inLanguage":"fr-FR","potentialAction":[{"@type":"CommentAction","name":"Comment","target":["https:\/\/vosgesinfo.fr\/saintdieinfo\/2025\/01\/saint-die-des-vosges-fait-ses-puces-des-couturieres\/#respond"]}]},{"@type":"WebPage","@id":"https:\/\/vosgesinfo.fr\/saintdieinfo\/2025\/01\/saint-die-des-vosges-fait-ses-puces-des-couturieres\/","url":"https:\/\/vosgesinfo.fr\/saintdieinfo\/2025\/01\/saint-die-des-vosges-fait-ses-puces-des-couturieres\/","name":"Saint-Di\u00e9-des-Vosges fait ses puces des couturi\u00e8res - Saint Die Info","isPartOf":{"@id":"https:\/\/vosgesinfo.fr\/saintdieinfo\/#website"},"primaryImageOfPage":{"@id":"https:\/\/vosgesinfo.fr\/saintdieinfo\/2025\/01\/saint-die-des-vosges-fait-ses-puces-des-couturieres\/#primaryimage"},"image":{"@id":"https:\/\/vosgesinfo.fr\/saintdieinfo\/2025\/01\/saint-die-des-vosges-fait-ses-puces-des-couturieres\/#primaryimage"},"thumbnailUrl":"https:\/\/vosgesinfo.fr\/app\/uploads\/sites\/4\/2025\/01\/presentation-puces-couturieres-club-aux-bons-points-1-scaled.jpg","datePublished":"2025-01-21T12:05:47+00:00","dateModified":"2025-01-21T16:22:59+00:00","breadcrumb":{"@id":"https:\/\/vosgesinfo.fr\/saintdieinfo\/2025\/01\/saint-die-des-vosges-fait-ses-puces-des-couturieres\/#breadcrumb"},"inLanguage":"fr-FR","potentialAction":[{"@type":"ReadAction","target":["https:\/\/vosgesinfo.fr\/saintdieinfo\/2025\/01\/saint-die-des-vosges-fait-ses-puces-des-couturieres\/"]}]},{"@type":"ImageObject","inLanguage":"fr-FR","@id":"https:\/\/vosgesinfo.fr\/saintdieinfo\/2025\/01\/saint-die-des-vosges-fait-ses-puces-des-couturieres\/#primaryimage","url":"https:\/\/vosgesinfo.fr\/app\/uploads\/sites\/4\/2025\/01\/presentation-puces-couturieres-club-aux-bons-points-1-scaled.jpg","contentUrl":"https:\/\/vosgesinfo.fr\/app\/uploads\/sites\/4\/2025\/01\/presentation-puces-couturieres-club-aux-bons-points-1-scaled.jpg","width":2560,"height":1928},{"@type":"BreadcrumbList","@id":"https:\/\/vosgesinfo.fr\/saintdieinfo\/2025\/01\/saint-die-des-vosges-fait-ses-puces-des-couturieres\/#breadcrumb","itemListElement":[{"@type":"ListItem","position":1,"name":"Home","item":"https:\/\/vosgesinfo.fr\/saintdieinfo\/"},{"@type":"ListItem","position":2,"name":"Saint-Di\u00e9-des-Vosges fait ses puces des couturi\u00e8res"}]},{"@type":"WebSite","@id":"https:\/\/vosgesinfo.fr\/saintdieinfo\/#website","url":"https:\/\/vosgesinfo.fr\/saintdieinfo\/","name":"Saint Die Info","description":"Toute l&#039;actualit\u00e9 de Saint-Di\u00e9-Des-Vosges","publisher":{"@id":"https:\/\/vosgesinfo.fr\/saintdieinfo\/#organization"},"alternateName":"Toute l'actualit\u00e9 de Saint-Di\u00e9-Des-Vosges","potentialAction":[{"@type":"SearchAction","target":{"@type":"EntryPoint","urlTemplate":"https:\/\/vosgesinfo.fr\/saintdieinfo\/?s={search_term_string}"},"query-input":"required name=search_term_string"}],"inLanguage":"fr-FR"},{"@type":"Organization","@id":"https:\/\/vosgesinfo.fr\/saintdieinfo\/#organization","name":"Saint Die Info","url":"https:\/\/vosgesinfo.fr\/saintdieinfo\/","logo":{"@type":"ImageObject","inLanguage":"fr-FR","@id":"https:\/\/vosgesinfo.fr\/saintdieinfo\/#\/schema\/logo\/image\/","url":"https:\/\/vosgesinfo.fr\/app\/uploads\/sites\/4\/2024\/02\/logo-sdi.jpg","contentUrl":"https:\/\/vosgesinfo.fr\/app\/uploads\/sites\/4\/2024\/02\/logo-sdi.jpg","width":600,"height":600,"caption":"Saint Die Info"},"image":{"@id":"https:\/\/vosgesinfo.fr\/saintdieinfo\/#\/schema\/logo\/image\/"},"sameAs":["https:\/\/www.facebook.com\/Saintdieinfofr","https:\/\/x.com\/VosgesInfo88","https:\/\/www.youtube.com\/@vosgesinfo"]},{"@type":"Person","@id":"https:\/\/vosgesinfo.fr\/saintdieinfo\/#\/schema\/person\/fa73e9f726d67bb88f46d5b7943cb572","name":"J.J.","image":{"@type":"ImageObject","inLanguage":"fr-FR","@id":"https:\/\/vosgesinfo.fr\/saintdieinfo\/#\/schema\/person\/image\/","url":"https:\/\/secure.gravatar.com\/avatar\/219e749e47ffbcca018a360ae4add7d4cdf1cdaaf8bc7676b27efade3fe65615?s=96&d=mm&r=g","contentUrl":"https:\/\/secure.gravatar.com\/avatar\/219e749e47ffbcca018a360ae4add7d4cdf1cdaaf8bc7676b27efade3fe65615?s=96&d=mm&r=g","caption":"J.J."},"url":"https:\/\/vosgesinfo.fr\/saintdieinfo\/author\/j-j\/"}]}},"_links":{"self":[{"href":"https:\/\/vosgesinfo.fr\/saintdieinfo\/wp-json\/wp\/v2\/posts\/73085","targetHints":{"allow":["GET"]}}],"collection":[{"href":"https:\/\/vosgesinfo.fr\/saintdieinfo\/wp-json\/wp\/v2\/posts"}],"about":[{"href":"https:\/\/vosgesinfo.fr\/saintdieinfo\/wp-json\/wp\/v2\/types\/post"}],"author":[{"embeddable":true,"href":"https:\/\/vosgesinfo.fr\/saintdieinfo\/wp-json\/wp\/v2\/users\/46"}],"replies":[{"embeddable":true,"href":"https:\/\/vosgesinfo.fr\/saintdieinfo\/wp-json\/wp\/v2\/comments?post=73085"}],"version-history":[{"count":3,"href":"https:\/\/vosgesinfo.fr\/saintdieinfo\/wp-json\/wp\/v2\/posts\/73085\/revisions"}],"predecessor-version":[{"id":73109,"href":"https:\/\/vosgesinfo.fr\/saintdieinfo\/wp-json\/wp\/v2\/posts\/73085\/revisions\/73109"}],"wp:featuredmedia":[{"embeddable":true,"href":"https:\/\/vosgesinfo.fr\/saintdieinfo\/wp-json\/wp\/v2\/media\/73088"}],"wp:attachment":[{"href":"https:\/\/vosgesinfo.fr\/saintdieinfo\/wp-json\/wp\/v2\/media?parent=73085"}],"wp:term":[{"taxonomy":"category","embeddable":true,"href":"https:\/\/vosgesinfo.fr\/saintdieinfo\/wp-json\/wp\/v2\/categories?post=73085"},{"taxonomy":"post_tag","embeddable":true,"href":"https:\/\/vosgesinfo.fr\/saintdieinfo\/wp-json\/wp\/v2\/tags?post=73085"}],"curies":[{"name":"wp","href":"https:\/\/api.w.org\/{rel}","templated":true}]}}