{"id":73151,"date":"2025-01-23T10:35:36","date_gmt":"2025-01-23T09:35:36","guid":{"rendered":"https:\/\/vosgesinfo.fr\/saintdieinfo\/?p=73151"},"modified":"2025-01-23T10:24:57","modified_gmt":"2025-01-23T09:24:57","slug":"35-agents-et-24-retraites-du-centre-hospitalier-de-saint-die-des-vosges-mis-a-lhonneur","status":"publish","type":"post","link":"https:\/\/vosgesinfo.fr\/saintdieinfo\/2025\/01\/35-agents-et-24-retraites-du-centre-hospitalier-de-saint-die-des-vosges-mis-a-lhonneur\/","title":{"rendered":"35 agents et 24 retrait\u00e9s du Centre Hospitalier de Saint-Di\u00e9-des-Vosges mis \u00e0 l&rsquo;honneur"},"content":{"rendered":"<p><a href=\"https:\/\/vosgesinfo.fr\/app\/uploads\/sites\/4\/2025\/01\/ceremonie-medailles-travailretraites-ch-sddv-2-scaled.jpg\"><img decoding=\"async\" class=\"alignnone size-large wp-image-73155\" src=\"https:\/\/vosgesinfo.fr\/app\/uploads\/sites\/4\/2025\/01\/ceremonie-medailles-travailretraites-ch-sddv-2-1024x771.jpg\" alt=\"\" width=\"1024\" height=\"771\" srcset=\"https:\/\/vosgesinfo.fr\/app\/uploads\/sites\/4\/2025\/01\/ceremonie-medailles-travailretraites-ch-sddv-2-1024x771.jpg 1024w, https:\/\/vosgesinfo.fr\/app\/uploads\/sites\/4\/2025\/01\/ceremonie-medailles-travailretraites-ch-sddv-2-300x226.jpg 300w, https:\/\/vosgesinfo.fr\/app\/uploads\/sites\/4\/2025\/01\/ceremonie-medailles-travailretraites-ch-sddv-2-768x578.jpg 768w, https:\/\/vosgesinfo.fr\/app\/uploads\/sites\/4\/2025\/01\/ceremonie-medailles-travailretraites-ch-sddv-2-1536x1157.jpg 1536w, https:\/\/vosgesinfo.fr\/app\/uploads\/sites\/4\/2025\/01\/ceremonie-medailles-travailretraites-ch-sddv-2-2048x1542.jpg 2048w\" sizes=\"(max-width: 1024px) 100vw, 1024px\" \/><\/a><\/p>\n<h2><a href=\"https:\/\/vosgesinfo.fr\/saintdieinfo\/2025\/01\/en-2025-les-hopitaux-du-massif-des-vosges-devront-relever-de-nombreux-defis\/\" target=\"_blank\" rel=\"noopener\">En marge des v\u0153ux 2025 des H\u00f4pitaux du Massif des Vosges \u2013 HMV- qui se sont d\u00e9roul\u00e9s ce mercredi soir au restaurant du personnel du Centre Hospitalier de Saint-Di\u00e9-des-Vosges<\/a>, 35 agents de l&rsquo;h\u00f4pital d\u00e9odatien ont \u00e9t\u00e9 mis \u00e0 l&rsquo;honneur, ainsi que 24 jeunes retrait\u00e9s partis en 2023 et 2024. 23 des agents m\u00e9daill\u00e9s ont re\u00e7u la m\u00e9daille d&rsquo;Argent, 7 la m\u00e9daille de Vermeil et 5 la m\u00e9daille d&rsquo;Or, respectivement \u00e9quivalentes \u00e0 20, 30 et 35 ann\u00e9es de service.<\/h2>\n<p><!--more--><\/p>\n\n\t\t<style type=\"text\/css\">\n\t\t\t#gallery-1 {\n\t\t\t\tmargin: auto;\n\t\t\t}\n\t\t\t#gallery-1 .gallery-item {\n\t\t\t\tfloat: left;\n\t\t\t\tmargin-top: 10px;\n\t\t\t\ttext-align: center;\n\t\t\t\twidth: 50%;\n\t\t\t}\n\t\t\t#gallery-1 img {\n\t\t\t\tborder: 2px solid #cfcfcf;\n\t\t\t}\n\t\t\t#gallery-1 .gallery-caption {\n\t\t\t\tmargin-left: 0;\n\t\t\t}\n\t\t\t\/* see gallery_shortcode() in wp-includes\/media.php *\/\n\t\t<\/style>\n\t\t<div id='gallery-1' class='gallery galleryid-73151 gallery-columns-2 gallery-size-thumbnail'><dl class='gallery-item'>\n\t\t\t<dt class='gallery-icon landscape'>\n\t\t\t\t<a href='https:\/\/vosgesinfo.fr\/app\/uploads\/sites\/4\/2025\/01\/ceremonie-medailles-travailretraites-ch-sddv-3-scaled.jpg'><img decoding=\"async\" width=\"150\" height=\"150\" src=\"https:\/\/vosgesinfo.fr\/app\/uploads\/sites\/4\/2025\/01\/ceremonie-medailles-travailretraites-ch-sddv-3-150x150.jpg\" class=\"attachment-thumbnail size-thumbnail\" alt=\"\" \/><\/a>\n\t\t\t<\/dt><\/dl><dl class='gallery-item'>\n\t\t\t<dt class='gallery-icon landscape'>\n\t\t\t\t<a href='https:\/\/vosgesinfo.fr\/app\/uploads\/sites\/4\/2025\/01\/ceremonie-medailles-travailretraites-ch-sddv-1-scaled.jpg'><img decoding=\"async\" width=\"150\" height=\"150\" src=\"https:\/\/vosgesinfo.fr\/app\/uploads\/sites\/4\/2025\/01\/ceremonie-medailles-travailretraites-ch-sddv-1-150x150.jpg\" class=\"attachment-thumbnail size-thumbnail\" alt=\"\" \/><\/a>\n\t\t\t<\/dt><\/dl><br style=\"clear: both\" \/><dl class='gallery-item'>\n\t\t\t<dt class='gallery-icon landscape'>\n\t\t\t\t<a href='https:\/\/vosgesinfo.fr\/app\/uploads\/sites\/4\/2025\/01\/ceremonie-medailles-travailretraites-ch-sddv-4-scaled.jpg'><img decoding=\"async\" width=\"150\" height=\"150\" src=\"https:\/\/vosgesinfo.fr\/app\/uploads\/sites\/4\/2025\/01\/ceremonie-medailles-travailretraites-ch-sddv-4-150x150.jpg\" class=\"attachment-thumbnail size-thumbnail\" alt=\"\" \/><\/a>\n\t\t\t<\/dt><\/dl><dl class='gallery-item'>\n\t\t\t<dt class='gallery-icon landscape'>\n\t\t\t\t<a href='https:\/\/vosgesinfo.fr\/app\/uploads\/sites\/4\/2025\/01\/ceremonie-medailles-travailretraites-ch-sddv-5-scaled.jpg'><img decoding=\"async\" width=\"150\" height=\"150\" src=\"https:\/\/vosgesinfo.fr\/app\/uploads\/sites\/4\/2025\/01\/ceremonie-medailles-travailretraites-ch-sddv-5-150x150.jpg\" class=\"attachment-thumbnail size-thumbnail\" alt=\"\" \/><\/a>\n\t\t\t<\/dt><\/dl><br style=\"clear: both\" \/>\n\t\t<\/div>\n\n<h3>M\u00e9dailles du travail<\/h3>\n<h4>Argent<\/h4>\n<ul>\n<li>Fabienne Bernard \u2013 Agent des services hospitaliers au service bionettoyage<\/li>\n<li>Laurence Bertrand \u2013 Aide-soignante en m\u00e9decine B<\/li>\n<li>Naoul Choukri \u2013 Cuisini\u00e8re au service restauration<\/li>\n<li>Nathalie Crosnier \u2013 Aide-soignante en service de st\u00e9rilisation<\/li>\n<li>Alix cuny \u2013 Infirmi\u00e8re anesth\u00e9siste au service anesth\u00e9sie<\/li>\n<li>Val\u00e9rie Filbert \u2013 Di\u00e9t\u00e9ticienne<\/li>\n<li>Bruno Foucal \u2013 Plombier<\/li>\n<li>Vanessa Giandinoto \u2013 Infirmi\u00e8re aux urgences et au SMUR<\/li>\n<li>S\u00e9verine Juppont \u2013 Responsable des Affaires M\u00e9dicales<\/li>\n<li>Catherine Leidinger \u2013 Assistante sociale<\/li>\n<li>S\u00e9lim Mammeri \u2013 Chauffeur-conducteur du GCS du Kemberg<\/li>\n<li>Franck Marchal \u2013 Infirmier en service d&rsquo;h\u00e9pato-gastro-ent\u00e9rologie<\/li>\n<li>Laurence Morio \u2013 Infirmi\u00e8re au bloc op\u00e9ratoire<\/li>\n<li>Marianne Patenotte \u2013 Aide-soignante en m\u00e9decine B, retrait\u00e9e<\/li>\n<li>Karine Plewa \u2013 Pu\u00e9ricultrice en service de p\u00e9diatrie<\/li>\n<li>Nad\u00e8ge Protois \u2013 Technicienne de laboratoire<\/li>\n<li>Catherine Rodrigues \u2013 Auxiliaire de pu\u00e9ricultrice en chirurgie<\/li>\n<li>Sandrine Ruer \u2013 Secr\u00e9taire m\u00e9dicale au p\u00f4le m\u00e9decine<\/li>\n<li>Thierry Sibille \u2013 Archiviste<\/li>\n<li>S\u00e9bastien Simon \u2013 Chauffeur-conducteur au GCS du Kemberg<\/li>\n<li>Rachel Thiebaut \u2013 Aide-soignante en service d&rsquo;unit\u00e9 de surveillance continue<\/li>\n<li>Yohan Trocm\u00e9 \u2013 Electricien<\/li>\n<li>Edith Vanier \u2013 Cadre de sant\u00e9 en m\u00e9decine A<\/li>\n<\/ul>\n<h4>Vermeil<\/h4>\n<ul>\n<li>Isabelle Ancel \u2013 Infirmi\u00e8re aux consultations d&rsquo;ophtalmologie<\/li>\n<li>R\u00e9gine Christler \u2013 Infirmi\u00e8re aux consultations d&rsquo;ophtalmologie<\/li>\n<li>Nadia Gullaud \u2013 Infirmi\u00e8re en m\u00e9decine A<\/li>\n<li>Marie-Th\u00e9r\u00e8se Job \u2013 Infirmi\u00e8re au service de chirurgie<\/li>\n<li>Sophie Lepage \u2013 Cadre de sant\u00e9 \u00e0 l&rsquo;IFSI<\/li>\n<li>Ang\u00e9lique Toussaint \u2013 Infirmi\u00e8re en service de p\u00e9diatrie<\/li>\n<li>Nathalie Tuaillon \u2013 Infirmi\u00e8re au pool de remplacement<\/li>\n<\/ul>\n<h4>Or<\/h4>\n<ul>\n<li>Muriel Annicchiarico \u2013 Secr\u00e9taire m\u00e9dicale au service d&rsquo;imagerie m\u00e9dicale<\/li>\n<li>Ghislaine Bedel \u2013 Infirmi\u00e8re au service de cardiologie<\/li>\n<li>Chantal Marcillat \u2013 Secr\u00e9taire m\u00e9dicale au p\u00f4le chirurgie<\/li>\n<li>R\u00e9becca Ruyer \u2013 Responsable administrative de maintenance des travaux de l&rsquo;\u00e9quipe de bionettoyage, de la lingerie et logistique<\/li>\n<li>Nathalie Vinot \u2013 Ing\u00e9nieur biom\u00e9dical<\/li>\n<\/ul>\n<h4>Retrait\u00e9s<\/h4>\n<ul>\n<li>Jean-Yves Bejot \u2013 Infirmier Cs ORL<\/li>\n<li>R\u00e9gine Biri \u2013 Secr\u00e9taire m\u00e9dicale au P\u00f4le chirurgie<\/li>\n<li>Christiane Brice \u2013 Aide-soignante en imagerie m\u00e9dicale<\/li>\n<li>Isabelle Chretien \u2013 Infirmi\u00e8re en SSR<\/li>\n<li>Mireille Claude \u2013 ASHQ au service bionettoyage<\/li>\n<li>Francesca D&rsquo;Abramo \u2013 ASHQ au service bionettoyage<\/li>\n<li>Marie-H\u00e9l-ne Dondolini \u2013 ASHQ en service de bionettoyage<\/li>\n<li>Annick Doridant \u2013 IBODE au bloc op\u00e9ratoire<\/li>\n<li>Didier Doridant \u2013 Electricien<\/li>\n<li>Annick Durand \u2013 Aide-soignante en chirurgie<\/li>\n<li>Veronique Foucal \u2013 Aide-soignante en SSR<\/li>\n<li>B\u00e9atrice Grandadam \u2013 ASHQ en service de bionettoyage<\/li>\n<li>Brigitte Godey \u2013 Ling\u00e8re<\/li>\n<li>Laurence Gromer \u2013 Aide-soignante en imagerie m\u00e9dicale<\/li>\n<li>Lubisa Idoux \u2013 Aide-soignante en SSR<\/li>\n<li>Herv\u00e9 Jacquot \u2013 Agent de service restauration<\/li>\n<li>Claire Laheurte \u2013 Infirmi\u00e8re en SSR<\/li>\n<li>Yolande Martin \u2013 Infirmi\u00e8re aux consultations externes<\/li>\n<li>Fadila Melaab \u2013 Aide-soignante en chirurgie<\/li>\n<li>Catherine Pascal \u2013 Technicien de laboratoire<\/li>\n<li>Marianne Patenotte \u2013 Aide-soignante en m\u00e9decine B<\/li>\n<li>B\u00e9atrice Sanchez \u2013 Infirmi\u00e8re au service gyn\u00e9cologie<\/li>\n<li>Danielle Traut \u2013 Infirmi\u00e8re en cardiologie<\/li>\n<li>Fatima Vonderscher \u2013 ASHQ au service de bionettoyage<\/li>\n<\/ul>\n<p>J.J.<\/p>\n<p><a href=\"https:\/\/vosgesinfo.fr\/app\/uploads\/sites\/4\/2025\/01\/ceremonie-medailles-travailretraites-ch-sddv-6-scaled.jpg\"><img decoding=\"async\" class=\"alignnone size-large wp-image-73159\" src=\"https:\/\/vosgesinfo.fr\/app\/uploads\/sites\/4\/2025\/01\/ceremonie-medailles-travailretraites-ch-sddv-6-1024x771.jpg\" alt=\"\" width=\"1024\" height=\"771\" srcset=\"https:\/\/vosgesinfo.fr\/app\/uploads\/sites\/4\/2025\/01\/ceremonie-medailles-travailretraites-ch-sddv-6-1024x771.jpg 1024w, https:\/\/vosgesinfo.fr\/app\/uploads\/sites\/4\/2025\/01\/ceremonie-medailles-travailretraites-ch-sddv-6-300x226.jpg 300w, https:\/\/vosgesinfo.fr\/app\/uploads\/sites\/4\/2025\/01\/ceremonie-medailles-travailretraites-ch-sddv-6-768x578.jpg 768w, https:\/\/vosgesinfo.fr\/app\/uploads\/sites\/4\/2025\/01\/ceremonie-medailles-travailretraites-ch-sddv-6-1536x1157.jpg 1536w, https:\/\/vosgesinfo.fr\/app\/uploads\/sites\/4\/2025\/01\/ceremonie-medailles-travailretraites-ch-sddv-6-2048x1542.jpg 2048w\" sizes=\"(max-width: 1024px) 100vw, 1024px\" \/><\/a><\/p>\n","protected":false},"excerpt":{"rendered":"<p>En marge des v\u0153ux 2025 des H\u00f4pitaux du Massif des Vosges \u2013 HMV- qui se sont d\u00e9roul\u00e9s ce mercredi soir [&hellip;]<\/p>\n","protected":false},"author":46,"featured_media":73155,"comment_status":"open","ping_status":"open","sticky":false,"template":"","format":"standard","meta":{"footnotes":""},"categories":[460,167,4152],"tags":[15922,3056,15923,15921],"class_list":["post-73151","post","type-post","status-publish","format-standard","has-post-thumbnail","hentry","category-a-la-une","category-saint-die-des-vosges","category-sante","tag-35-agents-et-24-retraites-du-centre-hospitalier-de-saint-die-des-vosges-mis-a-lhonneur","tag-centre-hospitalier-de-saint-die-des-vosges","tag-ceremonie-de-remise-de-medailles-du-travail","tag-voeux-2025-des-hopitaux-du-massif-des-vosges"],"acf":[],"yoast_head":"<!-- This site is optimized with the Yoast SEO plugin v22.5 - https:\/\/yoast.com\/wordpress\/plugins\/seo\/ -->\n<title>35 agents et 24 retrait\u00e9s du Centre Hospitalier de Saint-Di\u00e9-des-Vosges mis \u00e0 l&#039;honneur - Saint Die Info<\/title>\n<meta name=\"robots\" content=\"index, follow, max-snippet:-1, max-image-preview:large, max-video-preview:-1\" \/>\n<link rel=\"canonical\" href=\"https:\/\/vosgesinfo.fr\/saintdieinfo\/2025\/01\/35-agents-et-24-retraites-du-centre-hospitalier-de-saint-die-des-vosges-mis-a-lhonneur\/\" \/>\n<meta name=\"twitter:card\" content=\"summary_large_image\" \/>\n<meta name=\"twitter:title\" content=\"35 agents et 24 retrait\u00e9s du Centre Hospitalier de Saint-Di\u00e9-des-Vosges mis \u00e0 l&#039;honneur - Saint Die Info\" \/>\n<meta name=\"twitter:description\" content=\"En marge des v\u0153ux 2025 des H\u00f4pitaux du Massif des Vosges \u2013 HMV- qui se sont d\u00e9roul\u00e9s ce mercredi soir [&hellip;]\" \/>\n<meta name=\"twitter:image\" content=\"https:\/\/vosgesinfo.fr\/app\/uploads\/sites\/4\/2025\/01\/ceremonie-medailles-travailretraites-ch-sddv-2-scaled.jpg\" \/>\n<meta name=\"twitter:creator\" content=\"@VosgesInfo88\" \/>\n<meta name=\"twitter:site\" content=\"@VosgesInfo88\" \/>\n<meta name=\"twitter:label1\" content=\"\u00c9crit par\" \/>\n\t<meta name=\"twitter:data1\" content=\"J.J.\" \/>\n\t<meta name=\"twitter:label2\" content=\"Dur\u00e9e de lecture estim\u00e9e\" \/>\n\t<meta name=\"twitter:data2\" content=\"3 minutes\" \/>\n<script type=\"application\/ld+json\" class=\"yoast-schema-graph\">{\"@context\":\"https:\/\/schema.org\",\"@graph\":[{\"@type\":\"Article\",\"@id\":\"https:\/\/vosgesinfo.fr\/saintdieinfo\/2025\/01\/35-agents-et-24-retraites-du-centre-hospitalier-de-saint-die-des-vosges-mis-a-lhonneur\/#article\",\"isPartOf\":{\"@id\":\"https:\/\/vosgesinfo.fr\/saintdieinfo\/2025\/01\/35-agents-et-24-retraites-du-centre-hospitalier-de-saint-die-des-vosges-mis-a-lhonneur\/\"},\"author\":{\"name\":\"J.J.\",\"@id\":\"https:\/\/vosgesinfo.fr\/saintdieinfo\/#\/schema\/person\/fa73e9f726d67bb88f46d5b7943cb572\"},\"headline\":\"35 agents et 24 retrait\u00e9s du Centre Hospitalier de Saint-Di\u00e9-des-Vosges mis \u00e0 l&rsquo;honneur\",\"datePublished\":\"2025-01-23T09:35:36+00:00\",\"dateModified\":\"2025-01-23T09:24:57+00:00\",\"mainEntityOfPage\":{\"@id\":\"https:\/\/vosgesinfo.fr\/saintdieinfo\/2025\/01\/35-agents-et-24-retraites-du-centre-hospitalier-de-saint-die-des-vosges-mis-a-lhonneur\/\"},\"wordCount\":551,\"commentCount\":0,\"publisher\":{\"@id\":\"https:\/\/vosgesinfo.fr\/saintdieinfo\/#organization\"},\"image\":{\"@id\":\"https:\/\/vosgesinfo.fr\/saintdieinfo\/2025\/01\/35-agents-et-24-retraites-du-centre-hospitalier-de-saint-die-des-vosges-mis-a-lhonneur\/#primaryimage\"},\"thumbnailUrl\":\"https:\/\/vosgesinfo.fr\/app\/uploads\/sites\/4\/2025\/01\/ceremonie-medailles-travailretraites-ch-sddv-2-scaled.jpg\",\"keywords\":[\"35 agents et 24 retrait\u00e9s du Centre Hospitalier de Saint-Di\u00e9-des-Vosges mis \u00e0 l'honneur\",\"Centre Hospitalier de Saint-Di\u00e9-des-Vosges\",\"C\u00e9r\u00e9monie de remise de m\u00e9dailles du travail\",\"Voeux 2025 des H\u00f4pitaux du Massif des Vosges\"],\"articleSection\":[\"A la Une\",\"Saint-Di\u00e9-des-Vosges\",\"Sant\u00e9\"],\"inLanguage\":\"fr-FR\",\"potentialAction\":[{\"@type\":\"CommentAction\",\"name\":\"Comment\",\"target\":[\"https:\/\/vosgesinfo.fr\/saintdieinfo\/2025\/01\/35-agents-et-24-retraites-du-centre-hospitalier-de-saint-die-des-vosges-mis-a-lhonneur\/#respond\"]}]},{\"@type\":\"WebPage\",\"@id\":\"https:\/\/vosgesinfo.fr\/saintdieinfo\/2025\/01\/35-agents-et-24-retraites-du-centre-hospitalier-de-saint-die-des-vosges-mis-a-lhonneur\/\",\"url\":\"https:\/\/vosgesinfo.fr\/saintdieinfo\/2025\/01\/35-agents-et-24-retraites-du-centre-hospitalier-de-saint-die-des-vosges-mis-a-lhonneur\/\",\"name\":\"35 agents et 24 retrait\u00e9s du Centre Hospitalier de Saint-Di\u00e9-des-Vosges mis \u00e0 l'honneur - Saint Die Info\",\"isPartOf\":{\"@id\":\"https:\/\/vosgesinfo.fr\/saintdieinfo\/#website\"},\"primaryImageOfPage\":{\"@id\":\"https:\/\/vosgesinfo.fr\/saintdieinfo\/2025\/01\/35-agents-et-24-retraites-du-centre-hospitalier-de-saint-die-des-vosges-mis-a-lhonneur\/#primaryimage\"},\"image\":{\"@id\":\"https:\/\/vosgesinfo.fr\/saintdieinfo\/2025\/01\/35-agents-et-24-retraites-du-centre-hospitalier-de-saint-die-des-vosges-mis-a-lhonneur\/#primaryimage\"},\"thumbnailUrl\":\"https:\/\/vosgesinfo.fr\/app\/uploads\/sites\/4\/2025\/01\/ceremonie-medailles-travailretraites-ch-sddv-2-scaled.jpg\",\"datePublished\":\"2025-01-23T09:35:36+00:00\",\"dateModified\":\"2025-01-23T09:24:57+00:00\",\"breadcrumb\":{\"@id\":\"https:\/\/vosgesinfo.fr\/saintdieinfo\/2025\/01\/35-agents-et-24-retraites-du-centre-hospitalier-de-saint-die-des-vosges-mis-a-lhonneur\/#breadcrumb\"},\"inLanguage\":\"fr-FR\",\"potentialAction\":[{\"@type\":\"ReadAction\",\"target\":[\"https:\/\/vosgesinfo.fr\/saintdieinfo\/2025\/01\/35-agents-et-24-retraites-du-centre-hospitalier-de-saint-die-des-vosges-mis-a-lhonneur\/\"]}]},{\"@type\":\"ImageObject\",\"inLanguage\":\"fr-FR\",\"@id\":\"https:\/\/vosgesinfo.fr\/saintdieinfo\/2025\/01\/35-agents-et-24-retraites-du-centre-hospitalier-de-saint-die-des-vosges-mis-a-lhonneur\/#primaryimage\",\"url\":\"https:\/\/vosgesinfo.fr\/app\/uploads\/sites\/4\/2025\/01\/ceremonie-medailles-travailretraites-ch-sddv-2-scaled.jpg\",\"contentUrl\":\"https:\/\/vosgesinfo.fr\/app\/uploads\/sites\/4\/2025\/01\/ceremonie-medailles-travailretraites-ch-sddv-2-scaled.jpg\",\"width\":2560,\"height\":1928},{\"@type\":\"BreadcrumbList\",\"@id\":\"https:\/\/vosgesinfo.fr\/saintdieinfo\/2025\/01\/35-agents-et-24-retraites-du-centre-hospitalier-de-saint-die-des-vosges-mis-a-lhonneur\/#breadcrumb\",\"itemListElement\":[{\"@type\":\"ListItem\",\"position\":1,\"name\":\"Home\",\"item\":\"https:\/\/vosgesinfo.fr\/saintdieinfo\/\"},{\"@type\":\"ListItem\",\"position\":2,\"name\":\"35 agents et 24 retrait\u00e9s du Centre Hospitalier de Saint-Di\u00e9-des-Vosges mis \u00e0 l&rsquo;honneur\"}]},{\"@type\":\"WebSite\",\"@id\":\"https:\/\/vosgesinfo.fr\/saintdieinfo\/#website\",\"url\":\"https:\/\/vosgesinfo.fr\/saintdieinfo\/\",\"name\":\"Saint Die Info\",\"description\":\"Toute l&#039;actualit\u00e9 de Saint-Di\u00e9-Des-Vosges\",\"publisher\":{\"@id\":\"https:\/\/vosgesinfo.fr\/saintdieinfo\/#organization\"},\"alternateName\":\"Toute l'actualit\u00e9 de Saint-Di\u00e9-Des-Vosges\",\"potentialAction\":[{\"@type\":\"SearchAction\",\"target\":{\"@type\":\"EntryPoint\",\"urlTemplate\":\"https:\/\/vosgesinfo.fr\/saintdieinfo\/?s={search_term_string}\"},\"query-input\":\"required name=search_term_string\"}],\"inLanguage\":\"fr-FR\"},{\"@type\":\"Organization\",\"@id\":\"https:\/\/vosgesinfo.fr\/saintdieinfo\/#organization\",\"name\":\"Saint Die Info\",\"url\":\"https:\/\/vosgesinfo.fr\/saintdieinfo\/\",\"logo\":{\"@type\":\"ImageObject\",\"inLanguage\":\"fr-FR\",\"@id\":\"https:\/\/vosgesinfo.fr\/saintdieinfo\/#\/schema\/logo\/image\/\",\"url\":\"https:\/\/vosgesinfo.fr\/app\/uploads\/sites\/4\/2024\/02\/logo-sdi.jpg\",\"contentUrl\":\"https:\/\/vosgesinfo.fr\/app\/uploads\/sites\/4\/2024\/02\/logo-sdi.jpg\",\"width\":600,\"height\":600,\"caption\":\"Saint Die Info\"},\"image\":{\"@id\":\"https:\/\/vosgesinfo.fr\/saintdieinfo\/#\/schema\/logo\/image\/\"},\"sameAs\":[\"https:\/\/www.facebook.com\/Saintdieinfofr\",\"https:\/\/x.com\/VosgesInfo88\",\"https:\/\/www.youtube.com\/@vosgesinfo\"]},{\"@type\":\"Person\",\"@id\":\"https:\/\/vosgesinfo.fr\/saintdieinfo\/#\/schema\/person\/fa73e9f726d67bb88f46d5b7943cb572\",\"name\":\"J.J.\",\"image\":{\"@type\":\"ImageObject\",\"inLanguage\":\"fr-FR\",\"@id\":\"https:\/\/vosgesinfo.fr\/saintdieinfo\/#\/schema\/person\/image\/\",\"url\":\"https:\/\/secure.gravatar.com\/avatar\/219e749e47ffbcca018a360ae4add7d4cdf1cdaaf8bc7676b27efade3fe65615?s=96&d=mm&r=g\",\"contentUrl\":\"https:\/\/secure.gravatar.com\/avatar\/219e749e47ffbcca018a360ae4add7d4cdf1cdaaf8bc7676b27efade3fe65615?s=96&d=mm&r=g\",\"caption\":\"J.J.\"},\"url\":\"https:\/\/vosgesinfo.fr\/saintdieinfo\/author\/j-j\/\"}]}<\/script>\n<!-- \/ Yoast SEO plugin. -->","yoast_head_json":{"title":"35 agents et 24 retrait\u00e9s du Centre Hospitalier de Saint-Di\u00e9-des-Vosges mis \u00e0 l'honneur - Saint Die Info","robots":{"index":"index","follow":"follow","max-snippet":"max-snippet:-1","max-image-preview":"max-image-preview:large","max-video-preview":"max-video-preview:-1"},"canonical":"https:\/\/vosgesinfo.fr\/saintdieinfo\/2025\/01\/35-agents-et-24-retraites-du-centre-hospitalier-de-saint-die-des-vosges-mis-a-lhonneur\/","twitter_card":"summary_large_image","twitter_title":"35 agents et 24 retrait\u00e9s du Centre Hospitalier de Saint-Di\u00e9-des-Vosges mis \u00e0 l'honneur - Saint Die Info","twitter_description":"En marge des v\u0153ux 2025 des H\u00f4pitaux du Massif des Vosges \u2013 HMV- qui se sont d\u00e9roul\u00e9s ce mercredi soir [&hellip;]","twitter_image":"https:\/\/vosgesinfo.fr\/app\/uploads\/sites\/4\/2025\/01\/ceremonie-medailles-travailretraites-ch-sddv-2-scaled.jpg","twitter_creator":"@VosgesInfo88","twitter_site":"@VosgesInfo88","twitter_misc":{"\u00c9crit par":"J.J.","Dur\u00e9e de lecture estim\u00e9e":"3 minutes"},"schema":{"@context":"https:\/\/schema.org","@graph":[{"@type":"Article","@id":"https:\/\/vosgesinfo.fr\/saintdieinfo\/2025\/01\/35-agents-et-24-retraites-du-centre-hospitalier-de-saint-die-des-vosges-mis-a-lhonneur\/#article","isPartOf":{"@id":"https:\/\/vosgesinfo.fr\/saintdieinfo\/2025\/01\/35-agents-et-24-retraites-du-centre-hospitalier-de-saint-die-des-vosges-mis-a-lhonneur\/"},"author":{"name":"J.J.","@id":"https:\/\/vosgesinfo.fr\/saintdieinfo\/#\/schema\/person\/fa73e9f726d67bb88f46d5b7943cb572"},"headline":"35 agents et 24 retrait\u00e9s du Centre Hospitalier de Saint-Di\u00e9-des-Vosges mis \u00e0 l&rsquo;honneur","datePublished":"2025-01-23T09:35:36+00:00","dateModified":"2025-01-23T09:24:57+00:00","mainEntityOfPage":{"@id":"https:\/\/vosgesinfo.fr\/saintdieinfo\/2025\/01\/35-agents-et-24-retraites-du-centre-hospitalier-de-saint-die-des-vosges-mis-a-lhonneur\/"},"wordCount":551,"commentCount":0,"publisher":{"@id":"https:\/\/vosgesinfo.fr\/saintdieinfo\/#organization"},"image":{"@id":"https:\/\/vosgesinfo.fr\/saintdieinfo\/2025\/01\/35-agents-et-24-retraites-du-centre-hospitalier-de-saint-die-des-vosges-mis-a-lhonneur\/#primaryimage"},"thumbnailUrl":"https:\/\/vosgesinfo.fr\/app\/uploads\/sites\/4\/2025\/01\/ceremonie-medailles-travailretraites-ch-sddv-2-scaled.jpg","keywords":["35 agents et 24 retrait\u00e9s du Centre Hospitalier de Saint-Di\u00e9-des-Vosges mis \u00e0 l'honneur","Centre Hospitalier de Saint-Di\u00e9-des-Vosges","C\u00e9r\u00e9monie de remise de m\u00e9dailles du travail","Voeux 2025 des H\u00f4pitaux du Massif des Vosges"],"articleSection":["A la Une","Saint-Di\u00e9-des-Vosges","Sant\u00e9"],"inLanguage":"fr-FR","potentialAction":[{"@type":"CommentAction","name":"Comment","target":["https:\/\/vosgesinfo.fr\/saintdieinfo\/2025\/01\/35-agents-et-24-retraites-du-centre-hospitalier-de-saint-die-des-vosges-mis-a-lhonneur\/#respond"]}]},{"@type":"WebPage","@id":"https:\/\/vosgesinfo.fr\/saintdieinfo\/2025\/01\/35-agents-et-24-retraites-du-centre-hospitalier-de-saint-die-des-vosges-mis-a-lhonneur\/","url":"https:\/\/vosgesinfo.fr\/saintdieinfo\/2025\/01\/35-agents-et-24-retraites-du-centre-hospitalier-de-saint-die-des-vosges-mis-a-lhonneur\/","name":"35 agents et 24 retrait\u00e9s du Centre Hospitalier de Saint-Di\u00e9-des-Vosges mis \u00e0 l'honneur - Saint Die Info","isPartOf":{"@id":"https:\/\/vosgesinfo.fr\/saintdieinfo\/#website"},"primaryImageOfPage":{"@id":"https:\/\/vosgesinfo.fr\/saintdieinfo\/2025\/01\/35-agents-et-24-retraites-du-centre-hospitalier-de-saint-die-des-vosges-mis-a-lhonneur\/#primaryimage"},"image":{"@id":"https:\/\/vosgesinfo.fr\/saintdieinfo\/2025\/01\/35-agents-et-24-retraites-du-centre-hospitalier-de-saint-die-des-vosges-mis-a-lhonneur\/#primaryimage"},"thumbnailUrl":"https:\/\/vosgesinfo.fr\/app\/uploads\/sites\/4\/2025\/01\/ceremonie-medailles-travailretraites-ch-sddv-2-scaled.jpg","datePublished":"2025-01-23T09:35:36+00:00","dateModified":"2025-01-23T09:24:57+00:00","breadcrumb":{"@id":"https:\/\/vosgesinfo.fr\/saintdieinfo\/2025\/01\/35-agents-et-24-retraites-du-centre-hospitalier-de-saint-die-des-vosges-mis-a-lhonneur\/#breadcrumb"},"inLanguage":"fr-FR","potentialAction":[{"@type":"ReadAction","target":["https:\/\/vosgesinfo.fr\/saintdieinfo\/2025\/01\/35-agents-et-24-retraites-du-centre-hospitalier-de-saint-die-des-vosges-mis-a-lhonneur\/"]}]},{"@type":"ImageObject","inLanguage":"fr-FR","@id":"https:\/\/vosgesinfo.fr\/saintdieinfo\/2025\/01\/35-agents-et-24-retraites-du-centre-hospitalier-de-saint-die-des-vosges-mis-a-lhonneur\/#primaryimage","url":"https:\/\/vosgesinfo.fr\/app\/uploads\/sites\/4\/2025\/01\/ceremonie-medailles-travailretraites-ch-sddv-2-scaled.jpg","contentUrl":"https:\/\/vosgesinfo.fr\/app\/uploads\/sites\/4\/2025\/01\/ceremonie-medailles-travailretraites-ch-sddv-2-scaled.jpg","width":2560,"height":1928},{"@type":"BreadcrumbList","@id":"https:\/\/vosgesinfo.fr\/saintdieinfo\/2025\/01\/35-agents-et-24-retraites-du-centre-hospitalier-de-saint-die-des-vosges-mis-a-lhonneur\/#breadcrumb","itemListElement":[{"@type":"ListItem","position":1,"name":"Home","item":"https:\/\/vosgesinfo.fr\/saintdieinfo\/"},{"@type":"ListItem","position":2,"name":"35 agents et 24 retrait\u00e9s du Centre Hospitalier de Saint-Di\u00e9-des-Vosges mis \u00e0 l&rsquo;honneur"}]},{"@type":"WebSite","@id":"https:\/\/vosgesinfo.fr\/saintdieinfo\/#website","url":"https:\/\/vosgesinfo.fr\/saintdieinfo\/","name":"Saint Die Info","description":"Toute l&#039;actualit\u00e9 de Saint-Di\u00e9-Des-Vosges","publisher":{"@id":"https:\/\/vosgesinfo.fr\/saintdieinfo\/#organization"},"alternateName":"Toute l'actualit\u00e9 de Saint-Di\u00e9-Des-Vosges","potentialAction":[{"@type":"SearchAction","target":{"@type":"EntryPoint","urlTemplate":"https:\/\/vosgesinfo.fr\/saintdieinfo\/?s={search_term_string}"},"query-input":"required name=search_term_string"}],"inLanguage":"fr-FR"},{"@type":"Organization","@id":"https:\/\/vosgesinfo.fr\/saintdieinfo\/#organization","name":"Saint Die Info","url":"https:\/\/vosgesinfo.fr\/saintdieinfo\/","logo":{"@type":"ImageObject","inLanguage":"fr-FR","@id":"https:\/\/vosgesinfo.fr\/saintdieinfo\/#\/schema\/logo\/image\/","url":"https:\/\/vosgesinfo.fr\/app\/uploads\/sites\/4\/2024\/02\/logo-sdi.jpg","contentUrl":"https:\/\/vosgesinfo.fr\/app\/uploads\/sites\/4\/2024\/02\/logo-sdi.jpg","width":600,"height":600,"caption":"Saint Die Info"},"image":{"@id":"https:\/\/vosgesinfo.fr\/saintdieinfo\/#\/schema\/logo\/image\/"},"sameAs":["https:\/\/www.facebook.com\/Saintdieinfofr","https:\/\/x.com\/VosgesInfo88","https:\/\/www.youtube.com\/@vosgesinfo"]},{"@type":"Person","@id":"https:\/\/vosgesinfo.fr\/saintdieinfo\/#\/schema\/person\/fa73e9f726d67bb88f46d5b7943cb572","name":"J.J.","image":{"@type":"ImageObject","inLanguage":"fr-FR","@id":"https:\/\/vosgesinfo.fr\/saintdieinfo\/#\/schema\/person\/image\/","url":"https:\/\/secure.gravatar.com\/avatar\/219e749e47ffbcca018a360ae4add7d4cdf1cdaaf8bc7676b27efade3fe65615?s=96&d=mm&r=g","contentUrl":"https:\/\/secure.gravatar.com\/avatar\/219e749e47ffbcca018a360ae4add7d4cdf1cdaaf8bc7676b27efade3fe65615?s=96&d=mm&r=g","caption":"J.J."},"url":"https:\/\/vosgesinfo.fr\/saintdieinfo\/author\/j-j\/"}]}},"_links":{"self":[{"href":"https:\/\/vosgesinfo.fr\/saintdieinfo\/wp-json\/wp\/v2\/posts\/73151","targetHints":{"allow":["GET"]}}],"collection":[{"href":"https:\/\/vosgesinfo.fr\/saintdieinfo\/wp-json\/wp\/v2\/posts"}],"about":[{"href":"https:\/\/vosgesinfo.fr\/saintdieinfo\/wp-json\/wp\/v2\/types\/post"}],"author":[{"embeddable":true,"href":"https:\/\/vosgesinfo.fr\/saintdieinfo\/wp-json\/wp\/v2\/users\/46"}],"replies":[{"embeddable":true,"href":"https:\/\/vosgesinfo.fr\/saintdieinfo\/wp-json\/wp\/v2\/comments?post=73151"}],"version-history":[{"count":5,"href":"https:\/\/vosgesinfo.fr\/saintdieinfo\/wp-json\/wp\/v2\/posts\/73151\/revisions"}],"predecessor-version":[{"id":73163,"href":"https:\/\/vosgesinfo.fr\/saintdieinfo\/wp-json\/wp\/v2\/posts\/73151\/revisions\/73163"}],"wp:featuredmedia":[{"embeddable":true,"href":"https:\/\/vosgesinfo.fr\/saintdieinfo\/wp-json\/wp\/v2\/media\/73155"}],"wp:attachment":[{"href":"https:\/\/vosgesinfo.fr\/saintdieinfo\/wp-json\/wp\/v2\/media?parent=73151"}],"wp:term":[{"taxonomy":"category","embeddable":true,"href":"https:\/\/vosgesinfo.fr\/saintdieinfo\/wp-json\/wp\/v2\/categories?post=73151"},{"taxonomy":"post_tag","embeddable":true,"href":"https:\/\/vosgesinfo.fr\/saintdieinfo\/wp-json\/wp\/v2\/tags?post=73151"}],"curies":[{"name":"wp","href":"https:\/\/api.w.org\/{rel}","templated":true}]}}