{"id":73167,"date":"2025-01-23T11:00:15","date_gmt":"2025-01-23T10:00:15","guid":{"rendered":"https:\/\/vosgesinfo.fr\/saintdieinfo\/?p=73167"},"modified":"2025-01-23T11:00:15","modified_gmt":"2025-01-23T10:00:15","slug":"le-concours-dogni-objets-glissants-non-identifies-est-de-retour-au-ballon-dalsace","status":"publish","type":"post","link":"https:\/\/vosgesinfo.fr\/saintdieinfo\/2025\/01\/le-concours-dogni-objets-glissants-non-identifies-est-de-retour-au-ballon-dalsace\/","title":{"rendered":"Le concours d&rsquo;OGNI (objets glissants non identifi\u00e9s) est de retour au Ballon d&rsquo;Alsace"},"content":{"rendered":"<div id=\"attachment_77692\" style=\"width: 1034px\" class=\"wp-caption aligncenter\"><a href=\"https:\/\/vosgesinfo.fr\/app\/uploads\/sites\/5\/2025\/01\/ogni.jpg\"><img decoding=\"async\" aria-describedby=\"caption-attachment-77692\" class=\"size-large wp-image-77692\" src=\"https:\/\/vosgesinfo.fr\/app\/uploads\/sites\/5\/2025\/01\/ogni-1024x683.jpg\" alt=\"\" width=\"1024\" height=\"683\" \/><\/a><p id=\"caption-attachment-77692\" class=\"wp-caption-text\">Photographie : Ballon d&rsquo;Alsace.<\/p><\/div>\n<p style=\"font-weight: 400;\"><strong>Amateurs de glisse en folie, ce message est pour vous\u00a0!<\/strong><\/p>\n<p style=\"font-weight: 400;\"><strong>Le 14 f\u00e9vrier 2025, notre mythique concours intergalactique d\u2019OGNI (entendez\u00a0: Objets Glissants Non Identifi\u00e9s) sera de retour au Ballon d\u2019Alsace sur le Th\u00e8me\u00a0: OGNI Mon Amour.<\/strong><\/p>\n<p style=\"font-weight: 400;\">Venez enflammer nos pistes avec votre cr\u00e9ativit\u00e9, votre bonne humeur, et pourquoi pas d\u00e9clarer votre Flamme.<\/p>\n<p style=\"font-weight: 400;\">Il est donc temps de r\u00e9investir votre atelier, afin de pr\u00e9parer l\u2019engin de vos (nos) r\u00eaves\u00a0!<\/p>\n<p style=\"font-weight: 400;\">\n<p style=\"font-weight: 400;\">Au programme de la soir\u00e9e :<\/p>\n<p style=\"font-weight: 400;\">Concours d\u2019OGNI<\/p>\n<p style=\"font-weight: 400;\">Concert avec La Friche et le Chauve (chanson festive)<\/p>\n<p style=\"font-weight: 400;\">Descente aux flambeaux<\/p>\n<p style=\"font-weight: 400;\">March\u00e9 artisanal<\/p>\n<p style=\"font-weight: 400;\">Course de SNOOC (Girouette moderne)<\/p>\n<p style=\"font-weight: 400;\">Buvette et petite restauration<\/p>\n<p style=\"font-weight: 400;\">\n<p style=\"font-weight: 400;\"><strong>Participation<\/strong><\/p>\n<p style=\"font-weight: 400;\">Pour toute participation, t\u00e9l\u00e9charger le r\u00e8glement de l\u2019\u00e9v\u00e9nement et le bulletin d\u2019inscription. (en bas de cet article)<\/p>\n<p style=\"font-weight: 400;\">\n<p style=\"font-weight: 400;\"><strong>L\u2019\u00e9v\u00e9nement en vid\u00e9o\u00a0:<\/strong><\/p>\n<p style=\"font-weight: 400;\"><a href=\"https:\/\/www.facebook.com\/reel\/1110632827410541\">https:\/\/www.facebook.com\/reel\/111063282741054<\/a><\/p>\n<p>&nbsp;<\/p>\n\n\t\t<style type=\"text\/css\">\n\t\t\t#gallery-1 {\n\t\t\t\tmargin: auto;\n\t\t\t}\n\t\t\t#gallery-1 .gallery-item {\n\t\t\t\tfloat: left;\n\t\t\t\tmargin-top: 10px;\n\t\t\t\ttext-align: center;\n\t\t\t\twidth: 33%;\n\t\t\t}\n\t\t\t#gallery-1 img {\n\t\t\t\tborder: 2px solid #cfcfcf;\n\t\t\t}\n\t\t\t#gallery-1 .gallery-caption {\n\t\t\t\tmargin-left: 0;\n\t\t\t}\n\t\t\t\/* see gallery_shortcode() in wp-includes\/media.php *\/\n\t\t<\/style>\n\t\t<div id='gallery-1' class='gallery galleryid-73167 gallery-columns-3 gallery-size-thumbnail'><dl class='gallery-item'>\n\t\t\t<dt class='gallery-icon portrait'>\n\t\t\t\t<a href='https:\/\/vosgesinfo.fr\/app\/uploads\/sites\/4\/2025\/01\/affiche-ogni-2025-2.png'><img decoding=\"async\" width=\"150\" height=\"150\" src=\"https:\/\/vosgesinfo.fr\/app\/uploads\/sites\/4\/2025\/01\/affiche-ogni-2025-2-150x150.png\" class=\"attachment-thumbnail size-thumbnail\" alt=\"\" \/><\/a>\n\t\t\t<\/dt><\/dl><dl class='gallery-item'>\n\t\t\t<dt class='gallery-icon portrait'>\n\t\t\t\t<a href='https:\/\/vosgesinfo.fr\/app\/uploads\/sites\/4\/2025\/01\/reglement-et-bulletin-dinscription-ogni-2025-page-0001.jpg'><img decoding=\"async\" width=\"150\" height=\"150\" src=\"https:\/\/vosgesinfo.fr\/app\/uploads\/sites\/4\/2025\/01\/reglement-et-bulletin-dinscription-ogni-2025-page-0001-150x150.jpg\" class=\"attachment-thumbnail size-thumbnail\" alt=\"\" \/><\/a>\n\t\t\t<\/dt><\/dl><dl class='gallery-item'>\n\t\t\t<dt class='gallery-icon portrait'>\n\t\t\t\t<a href='https:\/\/vosgesinfo.fr\/app\/uploads\/sites\/4\/2025\/01\/reglement-et-bulletin-dinscription-ogni-2025-page-0002.jpg'><img decoding=\"async\" width=\"150\" height=\"150\" src=\"https:\/\/vosgesinfo.fr\/app\/uploads\/sites\/4\/2025\/01\/reglement-et-bulletin-dinscription-ogni-2025-page-0002-150x150.jpg\" class=\"attachment-thumbnail size-thumbnail\" alt=\"\" \/><\/a>\n\t\t\t<\/dt><\/dl><br style=\"clear: both\" \/>\n\t\t<\/div>\n\n","protected":false},"excerpt":{"rendered":"<p>Amateurs de glisse en folie, ce message est pour vous\u00a0! Le 14 f\u00e9vrier 2025, notre mythique concours intergalactique d\u2019OGNI (entendez\u00a0: [&hellip;]<\/p>\n","protected":false},"author":391,"featured_media":73168,"comment_status":"open","ping_status":"open","sticky":false,"template":"","format":"standard","meta":{"footnotes":""},"categories":[460,5392,5391,5389,4099,4100],"tags":[4850,15924],"class_list":["post-73167","post","type-post","status-publish","format-standard","has-post-thumbnail","hentry","category-a-la-une","category-epinal","category-gerardmer","category-la-plaine-des-vosges","category-remiremont","category-saint-die","tag-ballon-dalsace","tag-ogni"],"acf":[],"yoast_head":"<!-- This site is optimized with the Yoast SEO plugin v22.5 - https:\/\/yoast.com\/wordpress\/plugins\/seo\/ -->\n<title>Le concours d&#039;OGNI (objets glissants non identifi\u00e9s) est de retour au Ballon d&#039;Alsace - Saint Die Info<\/title>\n<meta name=\"robots\" content=\"index, follow, max-snippet:-1, max-image-preview:large, max-video-preview:-1\" \/>\n<link rel=\"canonical\" href=\"https:\/\/vosgesinfo.fr\/saintdieinfo\/2025\/01\/le-concours-dogni-objets-glissants-non-identifies-est-de-retour-au-ballon-dalsace\/\" \/>\n<meta name=\"twitter:card\" content=\"summary_large_image\" \/>\n<meta name=\"twitter:title\" content=\"Le concours d&#039;OGNI (objets glissants non identifi\u00e9s) est de retour au Ballon d&#039;Alsace - Saint Die Info\" \/>\n<meta name=\"twitter:description\" content=\"Amateurs de glisse en folie, ce message est pour vous\u00a0! Le 14 f\u00e9vrier 2025, notre mythique concours intergalactique d\u2019OGNI (entendez\u00a0: [&hellip;]\" \/>\n<meta name=\"twitter:image\" content=\"https:\/\/vosgesinfo.fr\/app\/uploads\/sites\/4\/2025\/01\/ogni.jpg\" \/>\n<meta name=\"twitter:creator\" content=\"@VosgesInfo88\" \/>\n<meta name=\"twitter:site\" content=\"@VosgesInfo88\" \/>\n<meta name=\"twitter:label1\" content=\"\u00c9crit par\" \/>\n\t<meta name=\"twitter:data1\" content=\"La redaction\" \/>\n\t<meta name=\"twitter:label2\" content=\"Dur\u00e9e de lecture estim\u00e9e\" \/>\n\t<meta name=\"twitter:data2\" content=\"1 minute\" \/>\n<script type=\"application\/ld+json\" class=\"yoast-schema-graph\">{\"@context\":\"https:\/\/schema.org\",\"@graph\":[{\"@type\":\"Article\",\"@id\":\"https:\/\/vosgesinfo.fr\/saintdieinfo\/2025\/01\/le-concours-dogni-objets-glissants-non-identifies-est-de-retour-au-ballon-dalsace\/#article\",\"isPartOf\":{\"@id\":\"https:\/\/vosgesinfo.fr\/saintdieinfo\/2025\/01\/le-concours-dogni-objets-glissants-non-identifies-est-de-retour-au-ballon-dalsace\/\"},\"author\":{\"name\":\"La redaction\",\"@id\":\"https:\/\/vosgesinfo.fr\/saintdieinfo\/#\/schema\/person\/27a3695b06db98895b354c0765cdfc31\"},\"headline\":\"Le concours d&rsquo;OGNI (objets glissants non identifi\u00e9s) est de retour au Ballon d&rsquo;Alsace\",\"datePublished\":\"2025-01-23T10:00:15+00:00\",\"dateModified\":\"2025-01-23T10:00:15+00:00\",\"mainEntityOfPage\":{\"@id\":\"https:\/\/vosgesinfo.fr\/saintdieinfo\/2025\/01\/le-concours-dogni-objets-glissants-non-identifies-est-de-retour-au-ballon-dalsace\/\"},\"wordCount\":176,\"commentCount\":0,\"publisher\":{\"@id\":\"https:\/\/vosgesinfo.fr\/saintdieinfo\/#organization\"},\"image\":{\"@id\":\"https:\/\/vosgesinfo.fr\/saintdieinfo\/2025\/01\/le-concours-dogni-objets-glissants-non-identifies-est-de-retour-au-ballon-dalsace\/#primaryimage\"},\"thumbnailUrl\":\"https:\/\/vosgesinfo.fr\/app\/uploads\/sites\/4\/2025\/01\/ogni.jpg\",\"keywords\":[\"Ballon d'Alsace\",\"OGNI\"],\"articleSection\":[\"A la Une\",\"Epinal\",\"Gerardmer\",\"La plaine des vosges\",\"Remiremont\",\"Saint-di\u00e9\"],\"inLanguage\":\"fr-FR\",\"potentialAction\":[{\"@type\":\"CommentAction\",\"name\":\"Comment\",\"target\":[\"https:\/\/vosgesinfo.fr\/saintdieinfo\/2025\/01\/le-concours-dogni-objets-glissants-non-identifies-est-de-retour-au-ballon-dalsace\/#respond\"]}]},{\"@type\":\"WebPage\",\"@id\":\"https:\/\/vosgesinfo.fr\/saintdieinfo\/2025\/01\/le-concours-dogni-objets-glissants-non-identifies-est-de-retour-au-ballon-dalsace\/\",\"url\":\"https:\/\/vosgesinfo.fr\/saintdieinfo\/2025\/01\/le-concours-dogni-objets-glissants-non-identifies-est-de-retour-au-ballon-dalsace\/\",\"name\":\"Le concours d'OGNI (objets glissants non identifi\u00e9s) est de retour au Ballon d'Alsace - Saint Die Info\",\"isPartOf\":{\"@id\":\"https:\/\/vosgesinfo.fr\/saintdieinfo\/#website\"},\"primaryImageOfPage\":{\"@id\":\"https:\/\/vosgesinfo.fr\/saintdieinfo\/2025\/01\/le-concours-dogni-objets-glissants-non-identifies-est-de-retour-au-ballon-dalsace\/#primaryimage\"},\"image\":{\"@id\":\"https:\/\/vosgesinfo.fr\/saintdieinfo\/2025\/01\/le-concours-dogni-objets-glissants-non-identifies-est-de-retour-au-ballon-dalsace\/#primaryimage\"},\"thumbnailUrl\":\"https:\/\/vosgesinfo.fr\/app\/uploads\/sites\/4\/2025\/01\/ogni.jpg\",\"datePublished\":\"2025-01-23T10:00:15+00:00\",\"dateModified\":\"2025-01-23T10:00:15+00:00\",\"breadcrumb\":{\"@id\":\"https:\/\/vosgesinfo.fr\/saintdieinfo\/2025\/01\/le-concours-dogni-objets-glissants-non-identifies-est-de-retour-au-ballon-dalsace\/#breadcrumb\"},\"inLanguage\":\"fr-FR\",\"potentialAction\":[{\"@type\":\"ReadAction\",\"target\":[\"https:\/\/vosgesinfo.fr\/saintdieinfo\/2025\/01\/le-concours-dogni-objets-glissants-non-identifies-est-de-retour-au-ballon-dalsace\/\"]}]},{\"@type\":\"ImageObject\",\"inLanguage\":\"fr-FR\",\"@id\":\"https:\/\/vosgesinfo.fr\/saintdieinfo\/2025\/01\/le-concours-dogni-objets-glissants-non-identifies-est-de-retour-au-ballon-dalsace\/#primaryimage\",\"url\":\"https:\/\/vosgesinfo.fr\/app\/uploads\/sites\/4\/2025\/01\/ogni.jpg\",\"contentUrl\":\"https:\/\/vosgesinfo.fr\/app\/uploads\/sites\/4\/2025\/01\/ogni.jpg\",\"width\":2048,\"height\":1365},{\"@type\":\"BreadcrumbList\",\"@id\":\"https:\/\/vosgesinfo.fr\/saintdieinfo\/2025\/01\/le-concours-dogni-objets-glissants-non-identifies-est-de-retour-au-ballon-dalsace\/#breadcrumb\",\"itemListElement\":[{\"@type\":\"ListItem\",\"position\":1,\"name\":\"Home\",\"item\":\"https:\/\/vosgesinfo.fr\/saintdieinfo\/\"},{\"@type\":\"ListItem\",\"position\":2,\"name\":\"Le concours d&rsquo;OGNI (objets glissants non identifi\u00e9s) est de retour au Ballon d&rsquo;Alsace\"}]},{\"@type\":\"WebSite\",\"@id\":\"https:\/\/vosgesinfo.fr\/saintdieinfo\/#website\",\"url\":\"https:\/\/vosgesinfo.fr\/saintdieinfo\/\",\"name\":\"Saint Die Info\",\"description\":\"Toute l&#039;actualit\u00e9 de Saint-Di\u00e9-Des-Vosges\",\"publisher\":{\"@id\":\"https:\/\/vosgesinfo.fr\/saintdieinfo\/#organization\"},\"alternateName\":\"Toute l'actualit\u00e9 de Saint-Di\u00e9-Des-Vosges\",\"potentialAction\":[{\"@type\":\"SearchAction\",\"target\":{\"@type\":\"EntryPoint\",\"urlTemplate\":\"https:\/\/vosgesinfo.fr\/saintdieinfo\/?s={search_term_string}\"},\"query-input\":\"required name=search_term_string\"}],\"inLanguage\":\"fr-FR\"},{\"@type\":\"Organization\",\"@id\":\"https:\/\/vosgesinfo.fr\/saintdieinfo\/#organization\",\"name\":\"Saint Die Info\",\"url\":\"https:\/\/vosgesinfo.fr\/saintdieinfo\/\",\"logo\":{\"@type\":\"ImageObject\",\"inLanguage\":\"fr-FR\",\"@id\":\"https:\/\/vosgesinfo.fr\/saintdieinfo\/#\/schema\/logo\/image\/\",\"url\":\"https:\/\/vosgesinfo.fr\/app\/uploads\/sites\/4\/2024\/02\/logo-sdi.jpg\",\"contentUrl\":\"https:\/\/vosgesinfo.fr\/app\/uploads\/sites\/4\/2024\/02\/logo-sdi.jpg\",\"width\":600,\"height\":600,\"caption\":\"Saint Die Info\"},\"image\":{\"@id\":\"https:\/\/vosgesinfo.fr\/saintdieinfo\/#\/schema\/logo\/image\/\"},\"sameAs\":[\"https:\/\/www.facebook.com\/Saintdieinfofr\",\"https:\/\/x.com\/VosgesInfo88\",\"https:\/\/www.youtube.com\/@vosgesinfo\"]},{\"@type\":\"Person\",\"@id\":\"https:\/\/vosgesinfo.fr\/saintdieinfo\/#\/schema\/person\/27a3695b06db98895b354c0765cdfc31\",\"name\":\"La redaction\",\"image\":{\"@type\":\"ImageObject\",\"inLanguage\":\"fr-FR\",\"@id\":\"https:\/\/vosgesinfo.fr\/saintdieinfo\/#\/schema\/person\/image\/\",\"url\":\"https:\/\/secure.gravatar.com\/avatar\/64c76a78e501cedee55736f43f332df901e1896ae9cd8fad269ae2236dd0e8b6?s=96&d=mm&r=g\",\"contentUrl\":\"https:\/\/secure.gravatar.com\/avatar\/64c76a78e501cedee55736f43f332df901e1896ae9cd8fad269ae2236dd0e8b6?s=96&d=mm&r=g\",\"caption\":\"La redaction\"},\"url\":\"https:\/\/vosgesinfo.fr\/saintdieinfo\/author\/la-redaction\/\"}]}<\/script>\n<!-- \/ Yoast SEO plugin. -->","yoast_head_json":{"title":"Le concours d'OGNI (objets glissants non identifi\u00e9s) est de retour au Ballon d'Alsace - Saint Die Info","robots":{"index":"index","follow":"follow","max-snippet":"max-snippet:-1","max-image-preview":"max-image-preview:large","max-video-preview":"max-video-preview:-1"},"canonical":"https:\/\/vosgesinfo.fr\/saintdieinfo\/2025\/01\/le-concours-dogni-objets-glissants-non-identifies-est-de-retour-au-ballon-dalsace\/","twitter_card":"summary_large_image","twitter_title":"Le concours d'OGNI (objets glissants non identifi\u00e9s) est de retour au Ballon d'Alsace - Saint Die Info","twitter_description":"Amateurs de glisse en folie, ce message est pour vous\u00a0! Le 14 f\u00e9vrier 2025, notre mythique concours intergalactique d\u2019OGNI (entendez\u00a0: [&hellip;]","twitter_image":"https:\/\/vosgesinfo.fr\/app\/uploads\/sites\/4\/2025\/01\/ogni.jpg","twitter_creator":"@VosgesInfo88","twitter_site":"@VosgesInfo88","twitter_misc":{"\u00c9crit par":"La redaction","Dur\u00e9e de lecture estim\u00e9e":"1 minute"},"schema":{"@context":"https:\/\/schema.org","@graph":[{"@type":"Article","@id":"https:\/\/vosgesinfo.fr\/saintdieinfo\/2025\/01\/le-concours-dogni-objets-glissants-non-identifies-est-de-retour-au-ballon-dalsace\/#article","isPartOf":{"@id":"https:\/\/vosgesinfo.fr\/saintdieinfo\/2025\/01\/le-concours-dogni-objets-glissants-non-identifies-est-de-retour-au-ballon-dalsace\/"},"author":{"name":"La redaction","@id":"https:\/\/vosgesinfo.fr\/saintdieinfo\/#\/schema\/person\/27a3695b06db98895b354c0765cdfc31"},"headline":"Le concours d&rsquo;OGNI (objets glissants non identifi\u00e9s) est de retour au Ballon d&rsquo;Alsace","datePublished":"2025-01-23T10:00:15+00:00","dateModified":"2025-01-23T10:00:15+00:00","mainEntityOfPage":{"@id":"https:\/\/vosgesinfo.fr\/saintdieinfo\/2025\/01\/le-concours-dogni-objets-glissants-non-identifies-est-de-retour-au-ballon-dalsace\/"},"wordCount":176,"commentCount":0,"publisher":{"@id":"https:\/\/vosgesinfo.fr\/saintdieinfo\/#organization"},"image":{"@id":"https:\/\/vosgesinfo.fr\/saintdieinfo\/2025\/01\/le-concours-dogni-objets-glissants-non-identifies-est-de-retour-au-ballon-dalsace\/#primaryimage"},"thumbnailUrl":"https:\/\/vosgesinfo.fr\/app\/uploads\/sites\/4\/2025\/01\/ogni.jpg","keywords":["Ballon d'Alsace","OGNI"],"articleSection":["A la Une","Epinal","Gerardmer","La plaine des vosges","Remiremont","Saint-di\u00e9"],"inLanguage":"fr-FR","potentialAction":[{"@type":"CommentAction","name":"Comment","target":["https:\/\/vosgesinfo.fr\/saintdieinfo\/2025\/01\/le-concours-dogni-objets-glissants-non-identifies-est-de-retour-au-ballon-dalsace\/#respond"]}]},{"@type":"WebPage","@id":"https:\/\/vosgesinfo.fr\/saintdieinfo\/2025\/01\/le-concours-dogni-objets-glissants-non-identifies-est-de-retour-au-ballon-dalsace\/","url":"https:\/\/vosgesinfo.fr\/saintdieinfo\/2025\/01\/le-concours-dogni-objets-glissants-non-identifies-est-de-retour-au-ballon-dalsace\/","name":"Le concours d'OGNI (objets glissants non identifi\u00e9s) est de retour au Ballon d'Alsace - Saint Die Info","isPartOf":{"@id":"https:\/\/vosgesinfo.fr\/saintdieinfo\/#website"},"primaryImageOfPage":{"@id":"https:\/\/vosgesinfo.fr\/saintdieinfo\/2025\/01\/le-concours-dogni-objets-glissants-non-identifies-est-de-retour-au-ballon-dalsace\/#primaryimage"},"image":{"@id":"https:\/\/vosgesinfo.fr\/saintdieinfo\/2025\/01\/le-concours-dogni-objets-glissants-non-identifies-est-de-retour-au-ballon-dalsace\/#primaryimage"},"thumbnailUrl":"https:\/\/vosgesinfo.fr\/app\/uploads\/sites\/4\/2025\/01\/ogni.jpg","datePublished":"2025-01-23T10:00:15+00:00","dateModified":"2025-01-23T10:00:15+00:00","breadcrumb":{"@id":"https:\/\/vosgesinfo.fr\/saintdieinfo\/2025\/01\/le-concours-dogni-objets-glissants-non-identifies-est-de-retour-au-ballon-dalsace\/#breadcrumb"},"inLanguage":"fr-FR","potentialAction":[{"@type":"ReadAction","target":["https:\/\/vosgesinfo.fr\/saintdieinfo\/2025\/01\/le-concours-dogni-objets-glissants-non-identifies-est-de-retour-au-ballon-dalsace\/"]}]},{"@type":"ImageObject","inLanguage":"fr-FR","@id":"https:\/\/vosgesinfo.fr\/saintdieinfo\/2025\/01\/le-concours-dogni-objets-glissants-non-identifies-est-de-retour-au-ballon-dalsace\/#primaryimage","url":"https:\/\/vosgesinfo.fr\/app\/uploads\/sites\/4\/2025\/01\/ogni.jpg","contentUrl":"https:\/\/vosgesinfo.fr\/app\/uploads\/sites\/4\/2025\/01\/ogni.jpg","width":2048,"height":1365},{"@type":"BreadcrumbList","@id":"https:\/\/vosgesinfo.fr\/saintdieinfo\/2025\/01\/le-concours-dogni-objets-glissants-non-identifies-est-de-retour-au-ballon-dalsace\/#breadcrumb","itemListElement":[{"@type":"ListItem","position":1,"name":"Home","item":"https:\/\/vosgesinfo.fr\/saintdieinfo\/"},{"@type":"ListItem","position":2,"name":"Le concours d&rsquo;OGNI (objets glissants non identifi\u00e9s) est de retour au Ballon d&rsquo;Alsace"}]},{"@type":"WebSite","@id":"https:\/\/vosgesinfo.fr\/saintdieinfo\/#website","url":"https:\/\/vosgesinfo.fr\/saintdieinfo\/","name":"Saint Die Info","description":"Toute l&#039;actualit\u00e9 de Saint-Di\u00e9-Des-Vosges","publisher":{"@id":"https:\/\/vosgesinfo.fr\/saintdieinfo\/#organization"},"alternateName":"Toute l'actualit\u00e9 de Saint-Di\u00e9-Des-Vosges","potentialAction":[{"@type":"SearchAction","target":{"@type":"EntryPoint","urlTemplate":"https:\/\/vosgesinfo.fr\/saintdieinfo\/?s={search_term_string}"},"query-input":"required name=search_term_string"}],"inLanguage":"fr-FR"},{"@type":"Organization","@id":"https:\/\/vosgesinfo.fr\/saintdieinfo\/#organization","name":"Saint Die Info","url":"https:\/\/vosgesinfo.fr\/saintdieinfo\/","logo":{"@type":"ImageObject","inLanguage":"fr-FR","@id":"https:\/\/vosgesinfo.fr\/saintdieinfo\/#\/schema\/logo\/image\/","url":"https:\/\/vosgesinfo.fr\/app\/uploads\/sites\/4\/2024\/02\/logo-sdi.jpg","contentUrl":"https:\/\/vosgesinfo.fr\/app\/uploads\/sites\/4\/2024\/02\/logo-sdi.jpg","width":600,"height":600,"caption":"Saint Die Info"},"image":{"@id":"https:\/\/vosgesinfo.fr\/saintdieinfo\/#\/schema\/logo\/image\/"},"sameAs":["https:\/\/www.facebook.com\/Saintdieinfofr","https:\/\/x.com\/VosgesInfo88","https:\/\/www.youtube.com\/@vosgesinfo"]},{"@type":"Person","@id":"https:\/\/vosgesinfo.fr\/saintdieinfo\/#\/schema\/person\/27a3695b06db98895b354c0765cdfc31","name":"La redaction","image":{"@type":"ImageObject","inLanguage":"fr-FR","@id":"https:\/\/vosgesinfo.fr\/saintdieinfo\/#\/schema\/person\/image\/","url":"https:\/\/secure.gravatar.com\/avatar\/64c76a78e501cedee55736f43f332df901e1896ae9cd8fad269ae2236dd0e8b6?s=96&d=mm&r=g","contentUrl":"https:\/\/secure.gravatar.com\/avatar\/64c76a78e501cedee55736f43f332df901e1896ae9cd8fad269ae2236dd0e8b6?s=96&d=mm&r=g","caption":"La redaction"},"url":"https:\/\/vosgesinfo.fr\/saintdieinfo\/author\/la-redaction\/"}]}},"_links":{"self":[{"href":"https:\/\/vosgesinfo.fr\/saintdieinfo\/wp-json\/wp\/v2\/posts\/73167","targetHints":{"allow":["GET"]}}],"collection":[{"href":"https:\/\/vosgesinfo.fr\/saintdieinfo\/wp-json\/wp\/v2\/posts"}],"about":[{"href":"https:\/\/vosgesinfo.fr\/saintdieinfo\/wp-json\/wp\/v2\/types\/post"}],"author":[{"embeddable":true,"href":"https:\/\/vosgesinfo.fr\/saintdieinfo\/wp-json\/wp\/v2\/users\/391"}],"replies":[{"embeddable":true,"href":"https:\/\/vosgesinfo.fr\/saintdieinfo\/wp-json\/wp\/v2\/comments?post=73167"}],"version-history":[{"count":0,"href":"https:\/\/vosgesinfo.fr\/saintdieinfo\/wp-json\/wp\/v2\/posts\/73167\/revisions"}],"wp:featuredmedia":[{"embeddable":true,"href":"https:\/\/vosgesinfo.fr\/saintdieinfo\/wp-json\/wp\/v2\/media\/73168"}],"wp:attachment":[{"href":"https:\/\/vosgesinfo.fr\/saintdieinfo\/wp-json\/wp\/v2\/media?parent=73167"}],"wp:term":[{"taxonomy":"category","embeddable":true,"href":"https:\/\/vosgesinfo.fr\/saintdieinfo\/wp-json\/wp\/v2\/categories?post=73167"},{"taxonomy":"post_tag","embeddable":true,"href":"https:\/\/vosgesinfo.fr\/saintdieinfo\/wp-json\/wp\/v2\/tags?post=73167"}],"curies":[{"name":"wp","href":"https:\/\/api.w.org\/{rel}","templated":true}]}}