{"id":73300,"date":"2025-01-27T11:15:50","date_gmt":"2025-01-27T10:15:50","guid":{"rendered":"https:\/\/vosgesinfo.fr\/saintdieinfo\/?p=73300"},"modified":"2025-01-27T11:06:09","modified_gmt":"2025-01-27T10:06:09","slug":"les-amis-de-la-nature-de-saint-die-ont-souffle-leur-90e-bougie","status":"publish","type":"post","link":"https:\/\/vosgesinfo.fr\/saintdieinfo\/2025\/01\/les-amis-de-la-nature-de-saint-die-ont-souffle-leur-90e-bougie\/","title":{"rendered":"Les Amis de la Nature de Saint-Di\u00e9 ont souffl\u00e9 leur 90e bougie"},"content":{"rendered":"<div id=\"attachment_73303\" style=\"width: 1034px\" class=\"wp-caption alignnone\"><a href=\"https:\/\/vosgesinfo.fr\/app\/uploads\/sites\/4\/2025\/01\/ag-amis-de-la-nature-2025-3.jpg\"><img decoding=\"async\" aria-describedby=\"caption-attachment-73303\" class=\"size-large wp-image-73303\" src=\"https:\/\/vosgesinfo.fr\/app\/uploads\/sites\/4\/2025\/01\/ag-amis-de-la-nature-2025-3-1024x683.jpg\" alt=\"\" width=\"1024\" height=\"683\" srcset=\"https:\/\/vosgesinfo.fr\/app\/uploads\/sites\/4\/2025\/01\/ag-amis-de-la-nature-2025-3-1024x683.jpg 1024w, https:\/\/vosgesinfo.fr\/app\/uploads\/sites\/4\/2025\/01\/ag-amis-de-la-nature-2025-3-300x200.jpg 300w, https:\/\/vosgesinfo.fr\/app\/uploads\/sites\/4\/2025\/01\/ag-amis-de-la-nature-2025-3-768x512.jpg 768w, https:\/\/vosgesinfo.fr\/app\/uploads\/sites\/4\/2025\/01\/ag-amis-de-la-nature-2025-3.jpg 1200w\" sizes=\"(max-width: 1024px) 100vw, 1024px\" \/><\/a><p id=\"caption-attachment-73303\" class=\"wp-caption-text\">(Photographies Marc Fourniquet)<\/p><\/div>\n<h2>Les Amis de la Nature de Saint-Di\u00e9 ont tenu leur assembl\u00e9e g\u00e9n\u00e9rale annuelle hier dimanche, en milieu de matin\u00e9e \u00e0 la salle Carbonnar. Pour rappel, l&rsquo;association a pour vocation de d\u00e9fendre les activit\u00e9s touristiques et de loisirs qui respectent l&rsquo;environnement, la biodiversit\u00e9 et la protection du patrimoine naturel.<\/h2>\n<p><!--more-->De ces assises annuelles, on en retiendra notamment que l&rsquo;association a souffl\u00e9 ses 90 bougies en 2024, et qu&rsquo;elle compte dans ses rangs plus de 25 nouveaux adh\u00e9rents. On retiendra \u00e9galement que les Amis de la Nature de Saint-Di\u00e9 organise des randonn\u00e9es, marches nordiques, sorties raquettes et v\u00e9lo, des s\u00e9jours, des repas, des apr\u00e8s-midis loisirs, des conf\u00e9rences&#8230; sans oublier les sorties \u00e0 th\u00e8mes et les sorties photos, qui sont d\u00e9sormais propos\u00e9es par Fran\u00e7oise Lejaille. Cette derni\u00e8re succ\u00e8dant \u00e0 Andr\u00e9 Antoine.<\/p>\n<p>Outre ses activit\u00e9s propres, l&rsquo;association participe au nettoyage de printemps XXL de Saint-Di\u00e9-des-Vosges, \u00e0 la F\u00eate du Sport et des Associations, \u00e0 Octobre Rose, \u00e0 l&rsquo;Et\u00e9 en Grand ainsi qu&rsquo;\u00e0 la grande collecte alimentaire solidaire. A propos de solidarit\u00e9, les Amis de la Nature de Saint-Di\u00e9 ont remis un ch\u00e8que de 400\u20ac \u00e0 l&rsquo;antenne locale des Restos du Coeur. Une somme r\u00e9colt\u00e9e gr\u00e2ce aux 2 s\u00e9ances de projection de diaporamas de Andr\u00e9 Antoine, en f\u00e9vrier 2024.<\/p>\n<p>On retiendra enfin de l&rsquo;assembl\u00e9e g\u00e9n\u00e9rale que l&rsquo;association, qui g\u00e8re le refuge du Hangochet \u00e0 Plainfaing, demande \u00e0 ses adh\u00e9rentes de participer aux journ\u00e9es de nettoyage et l&rsquo;entretien des ext\u00e9rieurs. Et ce suite aux d\u00e9parts prochains de G\u00e9rard Lhote et Micheline Combeau. \u00ab Il devient donc urgent de trouver une personne int\u00e9ress\u00e9e par la gestion du chalet. Et m\u00eame plusieurs personnes pour assurer les r\u00e9servations, les \u00e9tats des lieux, et travers divers. On envisage, apr\u00e8s cette assembl\u00e9e, une r\u00e9union au refuge avec les personnes int\u00e9ress\u00e9es par son fonctionnement \u00bb a soulign\u00e9 la pr\u00e9sidente Claudine Ca\u00ebl dans son rapport moral.<\/p>\n<p>J.J.<\/p>\n\n\t\t<style type=\"text\/css\">\n\t\t\t#gallery-1 {\n\t\t\t\tmargin: auto;\n\t\t\t}\n\t\t\t#gallery-1 .gallery-item {\n\t\t\t\tfloat: left;\n\t\t\t\tmargin-top: 10px;\n\t\t\t\ttext-align: center;\n\t\t\t\twidth: 50%;\n\t\t\t}\n\t\t\t#gallery-1 img {\n\t\t\t\tborder: 2px solid #cfcfcf;\n\t\t\t}\n\t\t\t#gallery-1 .gallery-caption {\n\t\t\t\tmargin-left: 0;\n\t\t\t}\n\t\t\t\/* see gallery_shortcode() in wp-includes\/media.php *\/\n\t\t<\/style>\n\t\t<div id='gallery-1' class='gallery galleryid-73300 gallery-columns-2 gallery-size-thumbnail'><dl class='gallery-item'>\n\t\t\t<dt class='gallery-icon landscape'>\n\t\t\t\t<a href='https:\/\/vosgesinfo.fr\/saintdieinfo\/2025\/01\/les-amis-de-la-nature-de-saint-die-ont-souffle-leur-90e-bougie\/ag_amis_de_la_nature_2025-1\/'><img decoding=\"async\" width=\"150\" height=\"150\" src=\"https:\/\/vosgesinfo.fr\/app\/uploads\/sites\/4\/2025\/01\/ag-amis-de-la-nature-2025-1-150x150.jpg\" class=\"attachment-thumbnail size-thumbnail\" alt=\"\" \/><\/a>\n\t\t\t<\/dt><\/dl><dl class='gallery-item'>\n\t\t\t<dt class='gallery-icon landscape'>\n\t\t\t\t<a href='https:\/\/vosgesinfo.fr\/saintdieinfo\/2025\/01\/les-amis-de-la-nature-de-saint-die-ont-souffle-leur-90e-bougie\/ag_amis_de_la_nature_2025-2\/'><img decoding=\"async\" width=\"150\" height=\"150\" src=\"https:\/\/vosgesinfo.fr\/app\/uploads\/sites\/4\/2025\/01\/ag-amis-de-la-nature-2025-2-150x150.jpg\" class=\"attachment-thumbnail size-thumbnail\" alt=\"\" \/><\/a>\n\t\t\t<\/dt><\/dl><br style=\"clear: both\" \/>\n\t\t<\/div>\n\n","protected":false},"excerpt":{"rendered":"<p>Les Amis de la Nature de Saint-Di\u00e9 ont tenu leur assembl\u00e9e g\u00e9n\u00e9rale annuelle hier dimanche, en milieu de matin\u00e9e \u00e0 [&hellip;]<\/p>\n","protected":false},"author":46,"featured_media":73303,"comment_status":"open","ping_status":"open","sticky":false,"template":"","format":"standard","meta":{"footnotes":""},"categories":[460,5391,2915,17],"tags":[15964,676,15965,3571],"class_list":["post-73300","post","type-post","status-publish","format-standard","has-post-thumbnail","hentry","category-a-la-une","category-gerardmer","category-saint-die-son-canton","category-vie-associative","tag-amis-de-la-nature-de-saint-die","tag-assemblee-generale","tag-assemblee-generale-des-amis-de-la-nature-de-saint-die","tag-salle-carbonnar"],"acf":[],"yoast_head":"<!-- This site is optimized with the Yoast SEO plugin v22.5 - https:\/\/yoast.com\/wordpress\/plugins\/seo\/ -->\n<title>Les Amis de la Nature de Saint-Di\u00e9 ont souffl\u00e9 leur 90e bougie - Saint Die Info<\/title>\n<meta name=\"robots\" content=\"index, follow, max-snippet:-1, max-image-preview:large, max-video-preview:-1\" \/>\n<link rel=\"canonical\" href=\"https:\/\/vosgesinfo.fr\/saintdieinfo\/2025\/01\/les-amis-de-la-nature-de-saint-die-ont-souffle-leur-90e-bougie\/\" \/>\n<meta name=\"twitter:card\" content=\"summary_large_image\" \/>\n<meta name=\"twitter:title\" content=\"Les Amis de la Nature de Saint-Di\u00e9 ont souffl\u00e9 leur 90e bougie - Saint Die Info\" \/>\n<meta name=\"twitter:description\" content=\"Les Amis de la Nature de Saint-Di\u00e9 ont tenu leur assembl\u00e9e g\u00e9n\u00e9rale annuelle hier dimanche, en milieu de matin\u00e9e \u00e0 [&hellip;]\" \/>\n<meta name=\"twitter:image\" content=\"https:\/\/vosgesinfo.fr\/app\/uploads\/sites\/4\/2025\/01\/ag-amis-de-la-nature-2025-3.jpg\" \/>\n<meta name=\"twitter:creator\" content=\"@VosgesInfo88\" \/>\n<meta name=\"twitter:site\" content=\"@VosgesInfo88\" \/>\n<meta name=\"twitter:label1\" content=\"\u00c9crit par\" \/>\n\t<meta name=\"twitter:data1\" content=\"J.J.\" \/>\n\t<meta name=\"twitter:label2\" content=\"Dur\u00e9e de lecture estim\u00e9e\" \/>\n\t<meta name=\"twitter:data2\" content=\"2 minutes\" \/>\n<script type=\"application\/ld+json\" class=\"yoast-schema-graph\">{\"@context\":\"https:\/\/schema.org\",\"@graph\":[{\"@type\":\"Article\",\"@id\":\"https:\/\/vosgesinfo.fr\/saintdieinfo\/2025\/01\/les-amis-de-la-nature-de-saint-die-ont-souffle-leur-90e-bougie\/#article\",\"isPartOf\":{\"@id\":\"https:\/\/vosgesinfo.fr\/saintdieinfo\/2025\/01\/les-amis-de-la-nature-de-saint-die-ont-souffle-leur-90e-bougie\/\"},\"author\":{\"name\":\"J.J.\",\"@id\":\"https:\/\/vosgesinfo.fr\/saintdieinfo\/#\/schema\/person\/fa73e9f726d67bb88f46d5b7943cb572\"},\"headline\":\"Les Amis de la Nature de Saint-Di\u00e9 ont souffl\u00e9 leur 90e bougie\",\"datePublished\":\"2025-01-27T10:15:50+00:00\",\"dateModified\":\"2025-01-27T10:06:09+00:00\",\"mainEntityOfPage\":{\"@id\":\"https:\/\/vosgesinfo.fr\/saintdieinfo\/2025\/01\/les-amis-de-la-nature-de-saint-die-ont-souffle-leur-90e-bougie\/\"},\"wordCount\":370,\"commentCount\":0,\"publisher\":{\"@id\":\"https:\/\/vosgesinfo.fr\/saintdieinfo\/#organization\"},\"image\":{\"@id\":\"https:\/\/vosgesinfo.fr\/saintdieinfo\/2025\/01\/les-amis-de-la-nature-de-saint-die-ont-souffle-leur-90e-bougie\/#primaryimage\"},\"thumbnailUrl\":\"https:\/\/vosgesinfo.fr\/app\/uploads\/sites\/4\/2025\/01\/ag-amis-de-la-nature-2025-3.jpg\",\"keywords\":[\"Amis de la Nature de Saint-Di\u00e9\",\"assembl\u00e9e g\u00e9n\u00e9rale\",\"Assembl\u00e9e g\u00e9n\u00e9rale des Amis de la Nature de Saint-Di\u00e9\",\"Salle Carbonnar\"],\"articleSection\":[\"A la Une\",\"Gerardmer\",\"Saint-Di\u00e9-des-Vosges et son Agglom\u00e9ration\",\"Vie Associative\"],\"inLanguage\":\"fr-FR\",\"potentialAction\":[{\"@type\":\"CommentAction\",\"name\":\"Comment\",\"target\":[\"https:\/\/vosgesinfo.fr\/saintdieinfo\/2025\/01\/les-amis-de-la-nature-de-saint-die-ont-souffle-leur-90e-bougie\/#respond\"]}]},{\"@type\":\"WebPage\",\"@id\":\"https:\/\/vosgesinfo.fr\/saintdieinfo\/2025\/01\/les-amis-de-la-nature-de-saint-die-ont-souffle-leur-90e-bougie\/\",\"url\":\"https:\/\/vosgesinfo.fr\/saintdieinfo\/2025\/01\/les-amis-de-la-nature-de-saint-die-ont-souffle-leur-90e-bougie\/\",\"name\":\"Les Amis de la Nature de Saint-Di\u00e9 ont souffl\u00e9 leur 90e bougie - Saint Die Info\",\"isPartOf\":{\"@id\":\"https:\/\/vosgesinfo.fr\/saintdieinfo\/#website\"},\"primaryImageOfPage\":{\"@id\":\"https:\/\/vosgesinfo.fr\/saintdieinfo\/2025\/01\/les-amis-de-la-nature-de-saint-die-ont-souffle-leur-90e-bougie\/#primaryimage\"},\"image\":{\"@id\":\"https:\/\/vosgesinfo.fr\/saintdieinfo\/2025\/01\/les-amis-de-la-nature-de-saint-die-ont-souffle-leur-90e-bougie\/#primaryimage\"},\"thumbnailUrl\":\"https:\/\/vosgesinfo.fr\/app\/uploads\/sites\/4\/2025\/01\/ag-amis-de-la-nature-2025-3.jpg\",\"datePublished\":\"2025-01-27T10:15:50+00:00\",\"dateModified\":\"2025-01-27T10:06:09+00:00\",\"breadcrumb\":{\"@id\":\"https:\/\/vosgesinfo.fr\/saintdieinfo\/2025\/01\/les-amis-de-la-nature-de-saint-die-ont-souffle-leur-90e-bougie\/#breadcrumb\"},\"inLanguage\":\"fr-FR\",\"potentialAction\":[{\"@type\":\"ReadAction\",\"target\":[\"https:\/\/vosgesinfo.fr\/saintdieinfo\/2025\/01\/les-amis-de-la-nature-de-saint-die-ont-souffle-leur-90e-bougie\/\"]}]},{\"@type\":\"ImageObject\",\"inLanguage\":\"fr-FR\",\"@id\":\"https:\/\/vosgesinfo.fr\/saintdieinfo\/2025\/01\/les-amis-de-la-nature-de-saint-die-ont-souffle-leur-90e-bougie\/#primaryimage\",\"url\":\"https:\/\/vosgesinfo.fr\/app\/uploads\/sites\/4\/2025\/01\/ag-amis-de-la-nature-2025-3.jpg\",\"contentUrl\":\"https:\/\/vosgesinfo.fr\/app\/uploads\/sites\/4\/2025\/01\/ag-amis-de-la-nature-2025-3.jpg\",\"width\":1200,\"height\":800,\"caption\":\"(Photographies Marc Fourniquet)\"},{\"@type\":\"BreadcrumbList\",\"@id\":\"https:\/\/vosgesinfo.fr\/saintdieinfo\/2025\/01\/les-amis-de-la-nature-de-saint-die-ont-souffle-leur-90e-bougie\/#breadcrumb\",\"itemListElement\":[{\"@type\":\"ListItem\",\"position\":1,\"name\":\"Home\",\"item\":\"https:\/\/vosgesinfo.fr\/saintdieinfo\/\"},{\"@type\":\"ListItem\",\"position\":2,\"name\":\"Les Amis de la Nature de Saint-Di\u00e9 ont souffl\u00e9 leur 90e bougie\"}]},{\"@type\":\"WebSite\",\"@id\":\"https:\/\/vosgesinfo.fr\/saintdieinfo\/#website\",\"url\":\"https:\/\/vosgesinfo.fr\/saintdieinfo\/\",\"name\":\"Saint Die Info\",\"description\":\"Toute l&#039;actualit\u00e9 de Saint-Di\u00e9-Des-Vosges\",\"publisher\":{\"@id\":\"https:\/\/vosgesinfo.fr\/saintdieinfo\/#organization\"},\"alternateName\":\"Toute l'actualit\u00e9 de Saint-Di\u00e9-Des-Vosges\",\"potentialAction\":[{\"@type\":\"SearchAction\",\"target\":{\"@type\":\"EntryPoint\",\"urlTemplate\":\"https:\/\/vosgesinfo.fr\/saintdieinfo\/?s={search_term_string}\"},\"query-input\":\"required name=search_term_string\"}],\"inLanguage\":\"fr-FR\"},{\"@type\":\"Organization\",\"@id\":\"https:\/\/vosgesinfo.fr\/saintdieinfo\/#organization\",\"name\":\"Saint Die Info\",\"url\":\"https:\/\/vosgesinfo.fr\/saintdieinfo\/\",\"logo\":{\"@type\":\"ImageObject\",\"inLanguage\":\"fr-FR\",\"@id\":\"https:\/\/vosgesinfo.fr\/saintdieinfo\/#\/schema\/logo\/image\/\",\"url\":\"https:\/\/vosgesinfo.fr\/app\/uploads\/sites\/4\/2024\/02\/logo-sdi.jpg\",\"contentUrl\":\"https:\/\/vosgesinfo.fr\/app\/uploads\/sites\/4\/2024\/02\/logo-sdi.jpg\",\"width\":600,\"height\":600,\"caption\":\"Saint Die Info\"},\"image\":{\"@id\":\"https:\/\/vosgesinfo.fr\/saintdieinfo\/#\/schema\/logo\/image\/\"},\"sameAs\":[\"https:\/\/www.facebook.com\/Saintdieinfofr\",\"https:\/\/x.com\/VosgesInfo88\",\"https:\/\/www.youtube.com\/@vosgesinfo\"]},{\"@type\":\"Person\",\"@id\":\"https:\/\/vosgesinfo.fr\/saintdieinfo\/#\/schema\/person\/fa73e9f726d67bb88f46d5b7943cb572\",\"name\":\"J.J.\",\"image\":{\"@type\":\"ImageObject\",\"inLanguage\":\"fr-FR\",\"@id\":\"https:\/\/vosgesinfo.fr\/saintdieinfo\/#\/schema\/person\/image\/\",\"url\":\"https:\/\/secure.gravatar.com\/avatar\/219e749e47ffbcca018a360ae4add7d4cdf1cdaaf8bc7676b27efade3fe65615?s=96&d=mm&r=g\",\"contentUrl\":\"https:\/\/secure.gravatar.com\/avatar\/219e749e47ffbcca018a360ae4add7d4cdf1cdaaf8bc7676b27efade3fe65615?s=96&d=mm&r=g\",\"caption\":\"J.J.\"},\"url\":\"https:\/\/vosgesinfo.fr\/saintdieinfo\/author\/j-j\/\"}]}<\/script>\n<!-- \/ Yoast SEO plugin. -->","yoast_head_json":{"title":"Les Amis de la Nature de Saint-Di\u00e9 ont souffl\u00e9 leur 90e bougie - Saint Die Info","robots":{"index":"index","follow":"follow","max-snippet":"max-snippet:-1","max-image-preview":"max-image-preview:large","max-video-preview":"max-video-preview:-1"},"canonical":"https:\/\/vosgesinfo.fr\/saintdieinfo\/2025\/01\/les-amis-de-la-nature-de-saint-die-ont-souffle-leur-90e-bougie\/","twitter_card":"summary_large_image","twitter_title":"Les Amis de la Nature de Saint-Di\u00e9 ont souffl\u00e9 leur 90e bougie - Saint Die Info","twitter_description":"Les Amis de la Nature de Saint-Di\u00e9 ont tenu leur assembl\u00e9e g\u00e9n\u00e9rale annuelle hier dimanche, en milieu de matin\u00e9e \u00e0 [&hellip;]","twitter_image":"https:\/\/vosgesinfo.fr\/app\/uploads\/sites\/4\/2025\/01\/ag-amis-de-la-nature-2025-3.jpg","twitter_creator":"@VosgesInfo88","twitter_site":"@VosgesInfo88","twitter_misc":{"\u00c9crit par":"J.J.","Dur\u00e9e de lecture estim\u00e9e":"2 minutes"},"schema":{"@context":"https:\/\/schema.org","@graph":[{"@type":"Article","@id":"https:\/\/vosgesinfo.fr\/saintdieinfo\/2025\/01\/les-amis-de-la-nature-de-saint-die-ont-souffle-leur-90e-bougie\/#article","isPartOf":{"@id":"https:\/\/vosgesinfo.fr\/saintdieinfo\/2025\/01\/les-amis-de-la-nature-de-saint-die-ont-souffle-leur-90e-bougie\/"},"author":{"name":"J.J.","@id":"https:\/\/vosgesinfo.fr\/saintdieinfo\/#\/schema\/person\/fa73e9f726d67bb88f46d5b7943cb572"},"headline":"Les Amis de la Nature de Saint-Di\u00e9 ont souffl\u00e9 leur 90e bougie","datePublished":"2025-01-27T10:15:50+00:00","dateModified":"2025-01-27T10:06:09+00:00","mainEntityOfPage":{"@id":"https:\/\/vosgesinfo.fr\/saintdieinfo\/2025\/01\/les-amis-de-la-nature-de-saint-die-ont-souffle-leur-90e-bougie\/"},"wordCount":370,"commentCount":0,"publisher":{"@id":"https:\/\/vosgesinfo.fr\/saintdieinfo\/#organization"},"image":{"@id":"https:\/\/vosgesinfo.fr\/saintdieinfo\/2025\/01\/les-amis-de-la-nature-de-saint-die-ont-souffle-leur-90e-bougie\/#primaryimage"},"thumbnailUrl":"https:\/\/vosgesinfo.fr\/app\/uploads\/sites\/4\/2025\/01\/ag-amis-de-la-nature-2025-3.jpg","keywords":["Amis de la Nature de Saint-Di\u00e9","assembl\u00e9e g\u00e9n\u00e9rale","Assembl\u00e9e g\u00e9n\u00e9rale des Amis de la Nature de Saint-Di\u00e9","Salle Carbonnar"],"articleSection":["A la Une","Gerardmer","Saint-Di\u00e9-des-Vosges et son Agglom\u00e9ration","Vie Associative"],"inLanguage":"fr-FR","potentialAction":[{"@type":"CommentAction","name":"Comment","target":["https:\/\/vosgesinfo.fr\/saintdieinfo\/2025\/01\/les-amis-de-la-nature-de-saint-die-ont-souffle-leur-90e-bougie\/#respond"]}]},{"@type":"WebPage","@id":"https:\/\/vosgesinfo.fr\/saintdieinfo\/2025\/01\/les-amis-de-la-nature-de-saint-die-ont-souffle-leur-90e-bougie\/","url":"https:\/\/vosgesinfo.fr\/saintdieinfo\/2025\/01\/les-amis-de-la-nature-de-saint-die-ont-souffle-leur-90e-bougie\/","name":"Les Amis de la Nature de Saint-Di\u00e9 ont souffl\u00e9 leur 90e bougie - Saint Die Info","isPartOf":{"@id":"https:\/\/vosgesinfo.fr\/saintdieinfo\/#website"},"primaryImageOfPage":{"@id":"https:\/\/vosgesinfo.fr\/saintdieinfo\/2025\/01\/les-amis-de-la-nature-de-saint-die-ont-souffle-leur-90e-bougie\/#primaryimage"},"image":{"@id":"https:\/\/vosgesinfo.fr\/saintdieinfo\/2025\/01\/les-amis-de-la-nature-de-saint-die-ont-souffle-leur-90e-bougie\/#primaryimage"},"thumbnailUrl":"https:\/\/vosgesinfo.fr\/app\/uploads\/sites\/4\/2025\/01\/ag-amis-de-la-nature-2025-3.jpg","datePublished":"2025-01-27T10:15:50+00:00","dateModified":"2025-01-27T10:06:09+00:00","breadcrumb":{"@id":"https:\/\/vosgesinfo.fr\/saintdieinfo\/2025\/01\/les-amis-de-la-nature-de-saint-die-ont-souffle-leur-90e-bougie\/#breadcrumb"},"inLanguage":"fr-FR","potentialAction":[{"@type":"ReadAction","target":["https:\/\/vosgesinfo.fr\/saintdieinfo\/2025\/01\/les-amis-de-la-nature-de-saint-die-ont-souffle-leur-90e-bougie\/"]}]},{"@type":"ImageObject","inLanguage":"fr-FR","@id":"https:\/\/vosgesinfo.fr\/saintdieinfo\/2025\/01\/les-amis-de-la-nature-de-saint-die-ont-souffle-leur-90e-bougie\/#primaryimage","url":"https:\/\/vosgesinfo.fr\/app\/uploads\/sites\/4\/2025\/01\/ag-amis-de-la-nature-2025-3.jpg","contentUrl":"https:\/\/vosgesinfo.fr\/app\/uploads\/sites\/4\/2025\/01\/ag-amis-de-la-nature-2025-3.jpg","width":1200,"height":800,"caption":"(Photographies Marc Fourniquet)"},{"@type":"BreadcrumbList","@id":"https:\/\/vosgesinfo.fr\/saintdieinfo\/2025\/01\/les-amis-de-la-nature-de-saint-die-ont-souffle-leur-90e-bougie\/#breadcrumb","itemListElement":[{"@type":"ListItem","position":1,"name":"Home","item":"https:\/\/vosgesinfo.fr\/saintdieinfo\/"},{"@type":"ListItem","position":2,"name":"Les Amis de la Nature de Saint-Di\u00e9 ont souffl\u00e9 leur 90e bougie"}]},{"@type":"WebSite","@id":"https:\/\/vosgesinfo.fr\/saintdieinfo\/#website","url":"https:\/\/vosgesinfo.fr\/saintdieinfo\/","name":"Saint Die Info","description":"Toute l&#039;actualit\u00e9 de Saint-Di\u00e9-Des-Vosges","publisher":{"@id":"https:\/\/vosgesinfo.fr\/saintdieinfo\/#organization"},"alternateName":"Toute l'actualit\u00e9 de Saint-Di\u00e9-Des-Vosges","potentialAction":[{"@type":"SearchAction","target":{"@type":"EntryPoint","urlTemplate":"https:\/\/vosgesinfo.fr\/saintdieinfo\/?s={search_term_string}"},"query-input":"required name=search_term_string"}],"inLanguage":"fr-FR"},{"@type":"Organization","@id":"https:\/\/vosgesinfo.fr\/saintdieinfo\/#organization","name":"Saint Die Info","url":"https:\/\/vosgesinfo.fr\/saintdieinfo\/","logo":{"@type":"ImageObject","inLanguage":"fr-FR","@id":"https:\/\/vosgesinfo.fr\/saintdieinfo\/#\/schema\/logo\/image\/","url":"https:\/\/vosgesinfo.fr\/app\/uploads\/sites\/4\/2024\/02\/logo-sdi.jpg","contentUrl":"https:\/\/vosgesinfo.fr\/app\/uploads\/sites\/4\/2024\/02\/logo-sdi.jpg","width":600,"height":600,"caption":"Saint Die Info"},"image":{"@id":"https:\/\/vosgesinfo.fr\/saintdieinfo\/#\/schema\/logo\/image\/"},"sameAs":["https:\/\/www.facebook.com\/Saintdieinfofr","https:\/\/x.com\/VosgesInfo88","https:\/\/www.youtube.com\/@vosgesinfo"]},{"@type":"Person","@id":"https:\/\/vosgesinfo.fr\/saintdieinfo\/#\/schema\/person\/fa73e9f726d67bb88f46d5b7943cb572","name":"J.J.","image":{"@type":"ImageObject","inLanguage":"fr-FR","@id":"https:\/\/vosgesinfo.fr\/saintdieinfo\/#\/schema\/person\/image\/","url":"https:\/\/secure.gravatar.com\/avatar\/219e749e47ffbcca018a360ae4add7d4cdf1cdaaf8bc7676b27efade3fe65615?s=96&d=mm&r=g","contentUrl":"https:\/\/secure.gravatar.com\/avatar\/219e749e47ffbcca018a360ae4add7d4cdf1cdaaf8bc7676b27efade3fe65615?s=96&d=mm&r=g","caption":"J.J."},"url":"https:\/\/vosgesinfo.fr\/saintdieinfo\/author\/j-j\/"}]}},"_links":{"self":[{"href":"https:\/\/vosgesinfo.fr\/saintdieinfo\/wp-json\/wp\/v2\/posts\/73300","targetHints":{"allow":["GET"]}}],"collection":[{"href":"https:\/\/vosgesinfo.fr\/saintdieinfo\/wp-json\/wp\/v2\/posts"}],"about":[{"href":"https:\/\/vosgesinfo.fr\/saintdieinfo\/wp-json\/wp\/v2\/types\/post"}],"author":[{"embeddable":true,"href":"https:\/\/vosgesinfo.fr\/saintdieinfo\/wp-json\/wp\/v2\/users\/46"}],"replies":[{"embeddable":true,"href":"https:\/\/vosgesinfo.fr\/saintdieinfo\/wp-json\/wp\/v2\/comments?post=73300"}],"version-history":[{"count":1,"href":"https:\/\/vosgesinfo.fr\/saintdieinfo\/wp-json\/wp\/v2\/posts\/73300\/revisions"}],"predecessor-version":[{"id":73314,"href":"https:\/\/vosgesinfo.fr\/saintdieinfo\/wp-json\/wp\/v2\/posts\/73300\/revisions\/73314"}],"wp:featuredmedia":[{"embeddable":true,"href":"https:\/\/vosgesinfo.fr\/saintdieinfo\/wp-json\/wp\/v2\/media\/73303"}],"wp:attachment":[{"href":"https:\/\/vosgesinfo.fr\/saintdieinfo\/wp-json\/wp\/v2\/media?parent=73300"}],"wp:term":[{"taxonomy":"category","embeddable":true,"href":"https:\/\/vosgesinfo.fr\/saintdieinfo\/wp-json\/wp\/v2\/categories?post=73300"},{"taxonomy":"post_tag","embeddable":true,"href":"https:\/\/vosgesinfo.fr\/saintdieinfo\/wp-json\/wp\/v2\/tags?post=73300"}],"curies":[{"name":"wp","href":"https:\/\/api.w.org\/{rel}","templated":true}]}}