{"id":73312,"date":"2025-01-27T10:46:35","date_gmt":"2025-01-27T09:46:35","guid":{"rendered":"https:\/\/vosgesinfo.fr\/saintdieinfo\/2025\/01\/theodore-huon-laurent-a-brille-au-concours-on-a-tous-du-talent\/"},"modified":"2025-01-27T10:46:35","modified_gmt":"2025-01-27T09:46:35","slug":"theodore-huon-laurent-a-brille-au-concours-on-a-tous-du-talent","status":"publish","type":"post","link":"https:\/\/vosgesinfo.fr\/saintdieinfo\/2025\/01\/theodore-huon-laurent-a-brille-au-concours-on-a-tous-du-talent\/","title":{"rendered":"Th\u00e9odore Huon-Laurent a brill\u00e9 au concours \u00ab\u00a0On a tous du talent\u00a0\u00bb"},"content":{"rendered":"<p><strong><a href=\"https:\/\/vosgesinfo.fr\/app\/uploads\/sites\/3\/2025\/01\/thumbnail-474773096-1320370459305678-8633949307628290884-n.jpg\"><img decoding=\"async\" class=\"aligncenter size-large wp-image-127711\" src=\"https:\/\/vosgesinfo.fr\/app\/uploads\/sites\/3\/2025\/01\/thumbnail-474773096-1320370459305678-8633949307628290884-n-576x1024.jpg\" alt=\"\" width=\"576\" height=\"1024\" \/><\/a>Samedi 25 janvier, \u00e0 Raon-l&rsquo;\u00c9tape, Th\u00e9odore Huon-Laurent a brill\u00e9 au concours \u00ab\u00a0On a tous du talent\u00a0\u00bb, saison 10. Gr\u00e2ce \u00e0 son talent exceptionnel, son \u00e9nergie et sa cr\u00e9ativit\u00e9, il a d\u00e9croch\u00e9 la seconde marche du podium.<\/strong><\/p>\n<p>Apr\u00e8s des mois d\u2019entra\u00eenement intensif, Th\u00e9odore a r\u00e9alis\u00e9 une chor\u00e9graphie de hip-hop percutante sur le th\u00e8me du <strong>cauchemar<\/strong>. Alliant technique, \u00e9motion et originalit\u00e9, il a su captiver le public et impressionner le jury.<\/p>\n<p>Son engagement et sa passion pour la danse font de lui une v\u00e9ritable inspiration pour ses pairs et pour toute l\u2019\u00e9quipe des <strong>ALL DANCES<\/strong>, qui le f\u00e9licite chaleureusement pour cette performance m\u00e9morable. Bravo, Th\u00e9odore !<\/p>\n","protected":false},"excerpt":{"rendered":"<p>Samedi 25 janvier, \u00e0 Raon-l&rsquo;\u00c9tape, Th\u00e9odore Huon-Laurent a brill\u00e9 au concours \u00ab\u00a0On a tous du talent\u00a0\u00bb, saison 10. Gr\u00e2ce \u00e0 [&hellip;]<\/p>\n","protected":false},"author":52,"featured_media":73313,"comment_status":"open","ping_status":"open","sticky":false,"template":"","format":"standard","meta":{"footnotes":""},"categories":[460,5392,4100],"tags":[15962,2654,15963,43],"class_list":["post-73312","post","type-post","status-publish","format-standard","has-post-thumbnail","hentry","category-a-la-une","category-epinal","category-saint-die","tag-concours-on-a-tous-du-talent","tag-raon-letape","tag-theodore-huon-laurent","tag-vosges"],"acf":[],"yoast_head":"<!-- This site is optimized with the Yoast SEO plugin v22.5 - https:\/\/yoast.com\/wordpress\/plugins\/seo\/ -->\n<title>Th\u00e9odore Huon-Laurent a brill\u00e9 au concours &quot;On a tous du talent&quot; - Saint Die Info<\/title>\n<meta name=\"robots\" content=\"index, follow, max-snippet:-1, max-image-preview:large, max-video-preview:-1\" \/>\n<link rel=\"canonical\" href=\"https:\/\/vosgesinfo.fr\/saintdieinfo\/2025\/01\/theodore-huon-laurent-a-brille-au-concours-on-a-tous-du-talent\/\" \/>\n<meta name=\"twitter:card\" content=\"summary_large_image\" \/>\n<meta name=\"twitter:title\" content=\"Th\u00e9odore Huon-Laurent a brill\u00e9 au concours &quot;On a tous du talent&quot; - Saint Die Info\" \/>\n<meta name=\"twitter:description\" content=\"Samedi 25 janvier, \u00e0 Raon-l&rsquo;\u00c9tape, Th\u00e9odore Huon-Laurent a brill\u00e9 au concours \u00ab\u00a0On a tous du talent\u00a0\u00bb, saison 10. Gr\u00e2ce \u00e0 [&hellip;]\" \/>\n<meta name=\"twitter:image\" content=\"https:\/\/vosgesinfo.fr\/app\/uploads\/sites\/4\/2025\/01\/thumbnail-474773096-1320370459305678-8633949307628290884-n.jpg\" \/>\n<meta name=\"twitter:creator\" content=\"@VosgesInfo88\" \/>\n<meta name=\"twitter:site\" content=\"@VosgesInfo88\" \/>\n<meta name=\"twitter:label1\" content=\"\u00c9crit par\" \/>\n\t<meta name=\"twitter:data1\" content=\"C.K.\" \/>\n\t<meta name=\"twitter:label2\" content=\"Dur\u00e9e de lecture estim\u00e9e\" \/>\n\t<meta name=\"twitter:data2\" content=\"1 minute\" \/>\n<script type=\"application\/ld+json\" class=\"yoast-schema-graph\">{\"@context\":\"https:\/\/schema.org\",\"@graph\":[{\"@type\":\"Article\",\"@id\":\"https:\/\/vosgesinfo.fr\/saintdieinfo\/2025\/01\/theodore-huon-laurent-a-brille-au-concours-on-a-tous-du-talent\/#article\",\"isPartOf\":{\"@id\":\"https:\/\/vosgesinfo.fr\/saintdieinfo\/2025\/01\/theodore-huon-laurent-a-brille-au-concours-on-a-tous-du-talent\/\"},\"author\":{\"name\":\"C.K.\",\"@id\":\"https:\/\/vosgesinfo.fr\/saintdieinfo\/#\/schema\/person\/6f9a650eeea99d969b6c4ab78fccbe81\"},\"headline\":\"Th\u00e9odore Huon-Laurent a brill\u00e9 au concours \u00ab\u00a0On a tous du talent\u00a0\u00bb\",\"datePublished\":\"2025-01-27T09:46:35+00:00\",\"dateModified\":\"2025-01-27T09:46:35+00:00\",\"mainEntityOfPage\":{\"@id\":\"https:\/\/vosgesinfo.fr\/saintdieinfo\/2025\/01\/theodore-huon-laurent-a-brille-au-concours-on-a-tous-du-talent\/\"},\"wordCount\":128,\"commentCount\":0,\"publisher\":{\"@id\":\"https:\/\/vosgesinfo.fr\/saintdieinfo\/#organization\"},\"image\":{\"@id\":\"https:\/\/vosgesinfo.fr\/saintdieinfo\/2025\/01\/theodore-huon-laurent-a-brille-au-concours-on-a-tous-du-talent\/#primaryimage\"},\"thumbnailUrl\":\"https:\/\/vosgesinfo.fr\/app\/uploads\/sites\/4\/2025\/01\/thumbnail-474773096-1320370459305678-8633949307628290884-n.jpg\",\"keywords\":[\"concours \\\"On a tous du talent\\\"\",\"Raon-l\u2019Etape\",\"Th\u00e9odore Huon-Laurent\",\"vosges\"],\"articleSection\":[\"A la Une\",\"Epinal\",\"Saint-di\u00e9\"],\"inLanguage\":\"fr-FR\",\"potentialAction\":[{\"@type\":\"CommentAction\",\"name\":\"Comment\",\"target\":[\"https:\/\/vosgesinfo.fr\/saintdieinfo\/2025\/01\/theodore-huon-laurent-a-brille-au-concours-on-a-tous-du-talent\/#respond\"]}]},{\"@type\":\"WebPage\",\"@id\":\"https:\/\/vosgesinfo.fr\/saintdieinfo\/2025\/01\/theodore-huon-laurent-a-brille-au-concours-on-a-tous-du-talent\/\",\"url\":\"https:\/\/vosgesinfo.fr\/saintdieinfo\/2025\/01\/theodore-huon-laurent-a-brille-au-concours-on-a-tous-du-talent\/\",\"name\":\"Th\u00e9odore Huon-Laurent a brill\u00e9 au concours \\\"On a tous du talent\\\" - Saint Die Info\",\"isPartOf\":{\"@id\":\"https:\/\/vosgesinfo.fr\/saintdieinfo\/#website\"},\"primaryImageOfPage\":{\"@id\":\"https:\/\/vosgesinfo.fr\/saintdieinfo\/2025\/01\/theodore-huon-laurent-a-brille-au-concours-on-a-tous-du-talent\/#primaryimage\"},\"image\":{\"@id\":\"https:\/\/vosgesinfo.fr\/saintdieinfo\/2025\/01\/theodore-huon-laurent-a-brille-au-concours-on-a-tous-du-talent\/#primaryimage\"},\"thumbnailUrl\":\"https:\/\/vosgesinfo.fr\/app\/uploads\/sites\/4\/2025\/01\/thumbnail-474773096-1320370459305678-8633949307628290884-n.jpg\",\"datePublished\":\"2025-01-27T09:46:35+00:00\",\"dateModified\":\"2025-01-27T09:46:35+00:00\",\"breadcrumb\":{\"@id\":\"https:\/\/vosgesinfo.fr\/saintdieinfo\/2025\/01\/theodore-huon-laurent-a-brille-au-concours-on-a-tous-du-talent\/#breadcrumb\"},\"inLanguage\":\"fr-FR\",\"potentialAction\":[{\"@type\":\"ReadAction\",\"target\":[\"https:\/\/vosgesinfo.fr\/saintdieinfo\/2025\/01\/theodore-huon-laurent-a-brille-au-concours-on-a-tous-du-talent\/\"]}]},{\"@type\":\"ImageObject\",\"inLanguage\":\"fr-FR\",\"@id\":\"https:\/\/vosgesinfo.fr\/saintdieinfo\/2025\/01\/theodore-huon-laurent-a-brille-au-concours-on-a-tous-du-talent\/#primaryimage\",\"url\":\"https:\/\/vosgesinfo.fr\/app\/uploads\/sites\/4\/2025\/01\/thumbnail-474773096-1320370459305678-8633949307628290884-n.jpg\",\"contentUrl\":\"https:\/\/vosgesinfo.fr\/app\/uploads\/sites\/4\/2025\/01\/thumbnail-474773096-1320370459305678-8633949307628290884-n.jpg\",\"width\":1152,\"height\":2048},{\"@type\":\"BreadcrumbList\",\"@id\":\"https:\/\/vosgesinfo.fr\/saintdieinfo\/2025\/01\/theodore-huon-laurent-a-brille-au-concours-on-a-tous-du-talent\/#breadcrumb\",\"itemListElement\":[{\"@type\":\"ListItem\",\"position\":1,\"name\":\"Home\",\"item\":\"https:\/\/vosgesinfo.fr\/saintdieinfo\/\"},{\"@type\":\"ListItem\",\"position\":2,\"name\":\"Th\u00e9odore Huon-Laurent a brill\u00e9 au concours \u00ab\u00a0On a tous du talent\u00a0\u00bb\"}]},{\"@type\":\"WebSite\",\"@id\":\"https:\/\/vosgesinfo.fr\/saintdieinfo\/#website\",\"url\":\"https:\/\/vosgesinfo.fr\/saintdieinfo\/\",\"name\":\"Saint Die Info\",\"description\":\"Toute l&#039;actualit\u00e9 de Saint-Di\u00e9-Des-Vosges\",\"publisher\":{\"@id\":\"https:\/\/vosgesinfo.fr\/saintdieinfo\/#organization\"},\"alternateName\":\"Toute l'actualit\u00e9 de Saint-Di\u00e9-Des-Vosges\",\"potentialAction\":[{\"@type\":\"SearchAction\",\"target\":{\"@type\":\"EntryPoint\",\"urlTemplate\":\"https:\/\/vosgesinfo.fr\/saintdieinfo\/?s={search_term_string}\"},\"query-input\":\"required name=search_term_string\"}],\"inLanguage\":\"fr-FR\"},{\"@type\":\"Organization\",\"@id\":\"https:\/\/vosgesinfo.fr\/saintdieinfo\/#organization\",\"name\":\"Saint Die Info\",\"url\":\"https:\/\/vosgesinfo.fr\/saintdieinfo\/\",\"logo\":{\"@type\":\"ImageObject\",\"inLanguage\":\"fr-FR\",\"@id\":\"https:\/\/vosgesinfo.fr\/saintdieinfo\/#\/schema\/logo\/image\/\",\"url\":\"https:\/\/vosgesinfo.fr\/app\/uploads\/sites\/4\/2024\/02\/logo-sdi.jpg\",\"contentUrl\":\"https:\/\/vosgesinfo.fr\/app\/uploads\/sites\/4\/2024\/02\/logo-sdi.jpg\",\"width\":600,\"height\":600,\"caption\":\"Saint Die Info\"},\"image\":{\"@id\":\"https:\/\/vosgesinfo.fr\/saintdieinfo\/#\/schema\/logo\/image\/\"},\"sameAs\":[\"https:\/\/www.facebook.com\/Saintdieinfofr\",\"https:\/\/x.com\/VosgesInfo88\",\"https:\/\/www.youtube.com\/@vosgesinfo\"]},{\"@type\":\"Person\",\"@id\":\"https:\/\/vosgesinfo.fr\/saintdieinfo\/#\/schema\/person\/6f9a650eeea99d969b6c4ab78fccbe81\",\"name\":\"C.K.\",\"image\":{\"@type\":\"ImageObject\",\"inLanguage\":\"fr-FR\",\"@id\":\"https:\/\/vosgesinfo.fr\/saintdieinfo\/#\/schema\/person\/image\/\",\"url\":\"https:\/\/secure.gravatar.com\/avatar\/48e3fc7f8421ba8942be6b74a2b7f014ca39bc00dece156b7a8e098ae7dc87bf?s=96&d=mm&r=g\",\"contentUrl\":\"https:\/\/secure.gravatar.com\/avatar\/48e3fc7f8421ba8942be6b74a2b7f014ca39bc00dece156b7a8e098ae7dc87bf?s=96&d=mm&r=g\",\"caption\":\"C.K.\"},\"url\":\"https:\/\/vosgesinfo.fr\/saintdieinfo\/author\/celia-k-n\/\"}]}<\/script>\n<!-- \/ Yoast SEO plugin. -->","yoast_head_json":{"title":"Th\u00e9odore Huon-Laurent a brill\u00e9 au concours \"On a tous du talent\" - Saint Die Info","robots":{"index":"index","follow":"follow","max-snippet":"max-snippet:-1","max-image-preview":"max-image-preview:large","max-video-preview":"max-video-preview:-1"},"canonical":"https:\/\/vosgesinfo.fr\/saintdieinfo\/2025\/01\/theodore-huon-laurent-a-brille-au-concours-on-a-tous-du-talent\/","twitter_card":"summary_large_image","twitter_title":"Th\u00e9odore Huon-Laurent a brill\u00e9 au concours \"On a tous du talent\" - Saint Die Info","twitter_description":"Samedi 25 janvier, \u00e0 Raon-l&rsquo;\u00c9tape, Th\u00e9odore Huon-Laurent a brill\u00e9 au concours \u00ab\u00a0On a tous du talent\u00a0\u00bb, saison 10. Gr\u00e2ce \u00e0 [&hellip;]","twitter_image":"https:\/\/vosgesinfo.fr\/app\/uploads\/sites\/4\/2025\/01\/thumbnail-474773096-1320370459305678-8633949307628290884-n.jpg","twitter_creator":"@VosgesInfo88","twitter_site":"@VosgesInfo88","twitter_misc":{"\u00c9crit par":"C.K.","Dur\u00e9e de lecture estim\u00e9e":"1 minute"},"schema":{"@context":"https:\/\/schema.org","@graph":[{"@type":"Article","@id":"https:\/\/vosgesinfo.fr\/saintdieinfo\/2025\/01\/theodore-huon-laurent-a-brille-au-concours-on-a-tous-du-talent\/#article","isPartOf":{"@id":"https:\/\/vosgesinfo.fr\/saintdieinfo\/2025\/01\/theodore-huon-laurent-a-brille-au-concours-on-a-tous-du-talent\/"},"author":{"name":"C.K.","@id":"https:\/\/vosgesinfo.fr\/saintdieinfo\/#\/schema\/person\/6f9a650eeea99d969b6c4ab78fccbe81"},"headline":"Th\u00e9odore Huon-Laurent a brill\u00e9 au concours \u00ab\u00a0On a tous du talent\u00a0\u00bb","datePublished":"2025-01-27T09:46:35+00:00","dateModified":"2025-01-27T09:46:35+00:00","mainEntityOfPage":{"@id":"https:\/\/vosgesinfo.fr\/saintdieinfo\/2025\/01\/theodore-huon-laurent-a-brille-au-concours-on-a-tous-du-talent\/"},"wordCount":128,"commentCount":0,"publisher":{"@id":"https:\/\/vosgesinfo.fr\/saintdieinfo\/#organization"},"image":{"@id":"https:\/\/vosgesinfo.fr\/saintdieinfo\/2025\/01\/theodore-huon-laurent-a-brille-au-concours-on-a-tous-du-talent\/#primaryimage"},"thumbnailUrl":"https:\/\/vosgesinfo.fr\/app\/uploads\/sites\/4\/2025\/01\/thumbnail-474773096-1320370459305678-8633949307628290884-n.jpg","keywords":["concours \"On a tous du talent\"","Raon-l\u2019Etape","Th\u00e9odore Huon-Laurent","vosges"],"articleSection":["A la Une","Epinal","Saint-di\u00e9"],"inLanguage":"fr-FR","potentialAction":[{"@type":"CommentAction","name":"Comment","target":["https:\/\/vosgesinfo.fr\/saintdieinfo\/2025\/01\/theodore-huon-laurent-a-brille-au-concours-on-a-tous-du-talent\/#respond"]}]},{"@type":"WebPage","@id":"https:\/\/vosgesinfo.fr\/saintdieinfo\/2025\/01\/theodore-huon-laurent-a-brille-au-concours-on-a-tous-du-talent\/","url":"https:\/\/vosgesinfo.fr\/saintdieinfo\/2025\/01\/theodore-huon-laurent-a-brille-au-concours-on-a-tous-du-talent\/","name":"Th\u00e9odore Huon-Laurent a brill\u00e9 au concours \"On a tous du talent\" - Saint Die Info","isPartOf":{"@id":"https:\/\/vosgesinfo.fr\/saintdieinfo\/#website"},"primaryImageOfPage":{"@id":"https:\/\/vosgesinfo.fr\/saintdieinfo\/2025\/01\/theodore-huon-laurent-a-brille-au-concours-on-a-tous-du-talent\/#primaryimage"},"image":{"@id":"https:\/\/vosgesinfo.fr\/saintdieinfo\/2025\/01\/theodore-huon-laurent-a-brille-au-concours-on-a-tous-du-talent\/#primaryimage"},"thumbnailUrl":"https:\/\/vosgesinfo.fr\/app\/uploads\/sites\/4\/2025\/01\/thumbnail-474773096-1320370459305678-8633949307628290884-n.jpg","datePublished":"2025-01-27T09:46:35+00:00","dateModified":"2025-01-27T09:46:35+00:00","breadcrumb":{"@id":"https:\/\/vosgesinfo.fr\/saintdieinfo\/2025\/01\/theodore-huon-laurent-a-brille-au-concours-on-a-tous-du-talent\/#breadcrumb"},"inLanguage":"fr-FR","potentialAction":[{"@type":"ReadAction","target":["https:\/\/vosgesinfo.fr\/saintdieinfo\/2025\/01\/theodore-huon-laurent-a-brille-au-concours-on-a-tous-du-talent\/"]}]},{"@type":"ImageObject","inLanguage":"fr-FR","@id":"https:\/\/vosgesinfo.fr\/saintdieinfo\/2025\/01\/theodore-huon-laurent-a-brille-au-concours-on-a-tous-du-talent\/#primaryimage","url":"https:\/\/vosgesinfo.fr\/app\/uploads\/sites\/4\/2025\/01\/thumbnail-474773096-1320370459305678-8633949307628290884-n.jpg","contentUrl":"https:\/\/vosgesinfo.fr\/app\/uploads\/sites\/4\/2025\/01\/thumbnail-474773096-1320370459305678-8633949307628290884-n.jpg","width":1152,"height":2048},{"@type":"BreadcrumbList","@id":"https:\/\/vosgesinfo.fr\/saintdieinfo\/2025\/01\/theodore-huon-laurent-a-brille-au-concours-on-a-tous-du-talent\/#breadcrumb","itemListElement":[{"@type":"ListItem","position":1,"name":"Home","item":"https:\/\/vosgesinfo.fr\/saintdieinfo\/"},{"@type":"ListItem","position":2,"name":"Th\u00e9odore Huon-Laurent a brill\u00e9 au concours \u00ab\u00a0On a tous du talent\u00a0\u00bb"}]},{"@type":"WebSite","@id":"https:\/\/vosgesinfo.fr\/saintdieinfo\/#website","url":"https:\/\/vosgesinfo.fr\/saintdieinfo\/","name":"Saint Die Info","description":"Toute l&#039;actualit\u00e9 de Saint-Di\u00e9-Des-Vosges","publisher":{"@id":"https:\/\/vosgesinfo.fr\/saintdieinfo\/#organization"},"alternateName":"Toute l'actualit\u00e9 de Saint-Di\u00e9-Des-Vosges","potentialAction":[{"@type":"SearchAction","target":{"@type":"EntryPoint","urlTemplate":"https:\/\/vosgesinfo.fr\/saintdieinfo\/?s={search_term_string}"},"query-input":"required name=search_term_string"}],"inLanguage":"fr-FR"},{"@type":"Organization","@id":"https:\/\/vosgesinfo.fr\/saintdieinfo\/#organization","name":"Saint Die Info","url":"https:\/\/vosgesinfo.fr\/saintdieinfo\/","logo":{"@type":"ImageObject","inLanguage":"fr-FR","@id":"https:\/\/vosgesinfo.fr\/saintdieinfo\/#\/schema\/logo\/image\/","url":"https:\/\/vosgesinfo.fr\/app\/uploads\/sites\/4\/2024\/02\/logo-sdi.jpg","contentUrl":"https:\/\/vosgesinfo.fr\/app\/uploads\/sites\/4\/2024\/02\/logo-sdi.jpg","width":600,"height":600,"caption":"Saint Die Info"},"image":{"@id":"https:\/\/vosgesinfo.fr\/saintdieinfo\/#\/schema\/logo\/image\/"},"sameAs":["https:\/\/www.facebook.com\/Saintdieinfofr","https:\/\/x.com\/VosgesInfo88","https:\/\/www.youtube.com\/@vosgesinfo"]},{"@type":"Person","@id":"https:\/\/vosgesinfo.fr\/saintdieinfo\/#\/schema\/person\/6f9a650eeea99d969b6c4ab78fccbe81","name":"C.K.","image":{"@type":"ImageObject","inLanguage":"fr-FR","@id":"https:\/\/vosgesinfo.fr\/saintdieinfo\/#\/schema\/person\/image\/","url":"https:\/\/secure.gravatar.com\/avatar\/48e3fc7f8421ba8942be6b74a2b7f014ca39bc00dece156b7a8e098ae7dc87bf?s=96&d=mm&r=g","contentUrl":"https:\/\/secure.gravatar.com\/avatar\/48e3fc7f8421ba8942be6b74a2b7f014ca39bc00dece156b7a8e098ae7dc87bf?s=96&d=mm&r=g","caption":"C.K."},"url":"https:\/\/vosgesinfo.fr\/saintdieinfo\/author\/celia-k-n\/"}]}},"_links":{"self":[{"href":"https:\/\/vosgesinfo.fr\/saintdieinfo\/wp-json\/wp\/v2\/posts\/73312","targetHints":{"allow":["GET"]}}],"collection":[{"href":"https:\/\/vosgesinfo.fr\/saintdieinfo\/wp-json\/wp\/v2\/posts"}],"about":[{"href":"https:\/\/vosgesinfo.fr\/saintdieinfo\/wp-json\/wp\/v2\/types\/post"}],"author":[{"embeddable":true,"href":"https:\/\/vosgesinfo.fr\/saintdieinfo\/wp-json\/wp\/v2\/users\/52"}],"replies":[{"embeddable":true,"href":"https:\/\/vosgesinfo.fr\/saintdieinfo\/wp-json\/wp\/v2\/comments?post=73312"}],"version-history":[{"count":0,"href":"https:\/\/vosgesinfo.fr\/saintdieinfo\/wp-json\/wp\/v2\/posts\/73312\/revisions"}],"wp:featuredmedia":[{"embeddable":true,"href":"https:\/\/vosgesinfo.fr\/saintdieinfo\/wp-json\/wp\/v2\/media\/73313"}],"wp:attachment":[{"href":"https:\/\/vosgesinfo.fr\/saintdieinfo\/wp-json\/wp\/v2\/media?parent=73312"}],"wp:term":[{"taxonomy":"category","embeddable":true,"href":"https:\/\/vosgesinfo.fr\/saintdieinfo\/wp-json\/wp\/v2\/categories?post=73312"},{"taxonomy":"post_tag","embeddable":true,"href":"https:\/\/vosgesinfo.fr\/saintdieinfo\/wp-json\/wp\/v2\/tags?post=73312"}],"curies":[{"name":"wp","href":"https:\/\/api.w.org\/{rel}","templated":true}]}}