{"id":73490,"date":"2025-01-31T09:50:16","date_gmt":"2025-01-31T08:50:16","guid":{"rendered":"https:\/\/vosgesinfo.fr\/saintdieinfo\/?p=73490"},"modified":"2025-01-31T09:38:19","modified_gmt":"2025-01-31T08:38:19","slug":"le-parc-naturel-regional-des-ballons-des-vosges-lance-une-enquete-sur-les-zones-de-quietude-du-massif","status":"publish","type":"post","link":"https:\/\/vosgesinfo.fr\/saintdieinfo\/2025\/01\/le-parc-naturel-regional-des-ballons-des-vosges-lance-une-enquete-sur-les-zones-de-quietude-du-massif\/","title":{"rendered":"Le Parc Naturel R\u00e9gional des Ballons des Vosges lance une enqu\u00eate sur les zones de qui\u00e9tude du massif"},"content":{"rendered":"<div id=\"attachment_73491\" style=\"width: 810px\" class=\"wp-caption alignnone\"><a href=\"https:\/\/vosgesinfo.fr\/app\/uploads\/sites\/4\/2025\/01\/enquete-zones-quietude.jpg\"><img decoding=\"async\" aria-describedby=\"caption-attachment-73491\" class=\"wp-image-73491 size-full\" src=\"https:\/\/vosgesinfo.fr\/app\/uploads\/sites\/4\/2025\/01\/enquete-zones-quietude.jpg\" alt=\"\" width=\"800\" height=\"397\" srcset=\"https:\/\/vosgesinfo.fr\/app\/uploads\/sites\/4\/2025\/01\/enquete-zones-quietude.jpg 800w, https:\/\/vosgesinfo.fr\/app\/uploads\/sites\/4\/2025\/01\/enquete-zones-quietude-300x149.jpg 300w, https:\/\/vosgesinfo.fr\/app\/uploads\/sites\/4\/2025\/01\/enquete-zones-quietude-768x381.jpg 768w\" sizes=\"(max-width: 800px) 100vw, 800px\" \/><\/a><p id=\"caption-attachment-73491\" class=\"wp-caption-text\">(Photographie Parc Naturel R\u00e9gional des Ballons des Vosges)<\/p><\/div>\n<h2>Dans le cadre du programme r\u00e9gional <strong>LIFE Biodiv&rsquo;Est<\/strong>, le <strong>Parc Naturel R\u00e9gional des Ballons des Vosges<\/strong> lance une enqu\u00eate publique sur <strong>l&rsquo;acceptabilit\u00e9 et l&rsquo;efficacit\u00e9 des zones de qui\u00e9tude<\/strong> instaur\u00e9es dans le <strong>massif des Vosges<\/strong>. L&rsquo;enqu\u00eate a pour objectif de mieux comprendre <strong>l&rsquo;impact de ces espaces prot\u00e9g\u00e9s sur la faune sauvage.<\/strong><\/h2>\n<p><!--more--><\/p>\n<h3><strong>Un appel \u00e0 la participation du public<\/strong><\/h3>\n<p>Le <strong><b>Parc<\/b><\/strong><b> Natural R\u00e9gional des Vosges<\/b> invite toutes les personnes concern\u00e9es par <strong>la montagne et les activit\u00e9s de plein air<\/strong> \u00e0 donner leur avis. <strong>L&rsquo;enqu\u00eate est ouverte jusqu&rsquo;au 28 f\u00e9vrier 2025<\/strong> et s&rsquo;adresse tant aux <strong>acteurs socio-professionnels<\/strong> qu&rsquo;aux amateurs de <strong>randonn\u00e9e, v\u00e9lo, ski<\/strong> ou toute autre <strong>activit\u00e9 de nature<\/strong>.<\/p>\n<ul>\n<li>Vous \u00eates un acteur socio-professionnel de la montagne ? Participez ici : <a href=\"https:\/\/lnkd.in\/e7-waQ6e\">Lien vers l&rsquo;enqu\u00eate<\/a><\/li>\n<li>Vous pratiquez des activit\u00e9s de plein air ? Donnez votre avis ici : <a href=\"https:\/\/lnkd.in\/ebsfvTEx\">Lien vers l&rsquo;enqu\u00eate<\/a><\/li>\n<li>Plus d&rsquo;informations sur le projet : <a href=\"https:\/\/lnkd.in\/ex5qCQqd\">Lien d&rsquo;information<\/a><\/li>\n<\/ul>\n<h3><strong>Une d\u00e9marche pour la pr\u00e9servation de la biodiversit\u00e9<\/strong><\/h3>\n<p>Les <strong>zones de qui\u00e9tude<\/strong> ont \u00e9t\u00e9 mises en place afin de r\u00e9duire <strong>les d\u00e9rangements caus\u00e9s par la pr\u00e9sence humaine<\/strong> et ainsi garantir <strong>un habitat serein \u00e0 la faune locale<\/strong>. Cette \u00e9tude permettra d&rsquo;\u00e9valuer <strong>leur impact r\u00e9el sur les esp\u00e8ces animales<\/strong> tout en maintenant <strong>un acc\u00e8s raisonn\u00e9 aux espaces naturels<\/strong> pour les visiteurs.<\/p>\n","protected":false},"excerpt":{"rendered":"<p>Dans le cadre du programme r\u00e9gional LIFE Biodiv&rsquo;Est, le Parc Naturel R\u00e9gional des Ballons des Vosges lance une enqu\u00eate publique [&hellip;]<\/p>\n","protected":false},"author":46,"featured_media":73491,"comment_status":"open","ping_status":"open","sticky":false,"template":"","format":"standard","meta":{"footnotes":""},"categories":[460,7,5392,5391,5389,4099,18],"tags":[16014,1867,4262,16013],"class_list":["post-73490","post","type-post","status-publish","format-standard","has-post-thumbnail","hentry","category-a-la-une","category-environnement","category-epinal","category-gerardmer","category-la-plaine-des-vosges","category-remiremont","category-vosges","tag-enquete-publique-sur-les-zones-de-quietude-du-massif-des-vosges","tag-massif-des-vosges","tag-parc-naturel-regional-des-ballons-des-vosges","tag-zones-de-quietudes"],"acf":[],"yoast_head":"<!-- This site is optimized with the Yoast SEO plugin v22.5 - https:\/\/yoast.com\/wordpress\/plugins\/seo\/ -->\n<title>Le Parc Naturel R\u00e9gional des Ballons des Vosges lance une enqu\u00eate sur les zones de qui\u00e9tude du massif - Saint Die Info<\/title>\n<meta name=\"robots\" content=\"index, follow, max-snippet:-1, max-image-preview:large, max-video-preview:-1\" \/>\n<link rel=\"canonical\" href=\"https:\/\/vosgesinfo.fr\/saintdieinfo\/2025\/01\/le-parc-naturel-regional-des-ballons-des-vosges-lance-une-enquete-sur-les-zones-de-quietude-du-massif\/\" \/>\n<meta name=\"twitter:card\" content=\"summary_large_image\" \/>\n<meta name=\"twitter:title\" content=\"Le Parc Naturel R\u00e9gional des Ballons des Vosges lance une enqu\u00eate sur les zones de qui\u00e9tude du massif - Saint Die Info\" \/>\n<meta name=\"twitter:description\" content=\"Dans le cadre du programme r\u00e9gional LIFE Biodiv&rsquo;Est, le Parc Naturel R\u00e9gional des Ballons des Vosges lance une enqu\u00eate publique [&hellip;]\" \/>\n<meta name=\"twitter:image\" content=\"https:\/\/vosgesinfo.fr\/app\/uploads\/sites\/4\/2025\/01\/enquete-zones-quietude.jpg\" \/>\n<meta name=\"twitter:creator\" content=\"@VosgesInfo88\" \/>\n<meta name=\"twitter:site\" content=\"@VosgesInfo88\" \/>\n<meta name=\"twitter:label1\" content=\"\u00c9crit par\" \/>\n\t<meta name=\"twitter:data1\" content=\"J.J.\" \/>\n\t<meta name=\"twitter:label2\" content=\"Dur\u00e9e de lecture estim\u00e9e\" \/>\n\t<meta name=\"twitter:data2\" content=\"1 minute\" \/>\n<script type=\"application\/ld+json\" class=\"yoast-schema-graph\">{\"@context\":\"https:\/\/schema.org\",\"@graph\":[{\"@type\":\"Article\",\"@id\":\"https:\/\/vosgesinfo.fr\/saintdieinfo\/2025\/01\/le-parc-naturel-regional-des-ballons-des-vosges-lance-une-enquete-sur-les-zones-de-quietude-du-massif\/#article\",\"isPartOf\":{\"@id\":\"https:\/\/vosgesinfo.fr\/saintdieinfo\/2025\/01\/le-parc-naturel-regional-des-ballons-des-vosges-lance-une-enquete-sur-les-zones-de-quietude-du-massif\/\"},\"author\":{\"name\":\"J.J.\",\"@id\":\"https:\/\/vosgesinfo.fr\/saintdieinfo\/#\/schema\/person\/fa73e9f726d67bb88f46d5b7943cb572\"},\"headline\":\"Le Parc Naturel R\u00e9gional des Ballons des Vosges lance une enqu\u00eate sur les zones de qui\u00e9tude du massif\",\"datePublished\":\"2025-01-31T08:50:16+00:00\",\"dateModified\":\"2025-01-31T08:38:19+00:00\",\"mainEntityOfPage\":{\"@id\":\"https:\/\/vosgesinfo.fr\/saintdieinfo\/2025\/01\/le-parc-naturel-regional-des-ballons-des-vosges-lance-une-enquete-sur-les-zones-de-quietude-du-massif\/\"},\"wordCount\":274,\"commentCount\":1,\"publisher\":{\"@id\":\"https:\/\/vosgesinfo.fr\/saintdieinfo\/#organization\"},\"image\":{\"@id\":\"https:\/\/vosgesinfo.fr\/saintdieinfo\/2025\/01\/le-parc-naturel-regional-des-ballons-des-vosges-lance-une-enquete-sur-les-zones-de-quietude-du-massif\/#primaryimage\"},\"thumbnailUrl\":\"https:\/\/vosgesinfo.fr\/app\/uploads\/sites\/4\/2025\/01\/enquete-zones-quietude.jpg\",\"keywords\":[\"Enqu\u00eate publique sur les zones de qui\u00e9tude du massif des Vosges\",\"massif des vosges\",\"Parc naturel r\u00e9gional des Ballons des Vosges\",\"Zones de qui\u00e9tudes\"],\"articleSection\":[\"A la Une\",\"Environnement\",\"Epinal\",\"Gerardmer\",\"La plaine des vosges\",\"Remiremont\",\"Vosges\"],\"inLanguage\":\"fr-FR\",\"potentialAction\":[{\"@type\":\"CommentAction\",\"name\":\"Comment\",\"target\":[\"https:\/\/vosgesinfo.fr\/saintdieinfo\/2025\/01\/le-parc-naturel-regional-des-ballons-des-vosges-lance-une-enquete-sur-les-zones-de-quietude-du-massif\/#respond\"]}]},{\"@type\":\"WebPage\",\"@id\":\"https:\/\/vosgesinfo.fr\/saintdieinfo\/2025\/01\/le-parc-naturel-regional-des-ballons-des-vosges-lance-une-enquete-sur-les-zones-de-quietude-du-massif\/\",\"url\":\"https:\/\/vosgesinfo.fr\/saintdieinfo\/2025\/01\/le-parc-naturel-regional-des-ballons-des-vosges-lance-une-enquete-sur-les-zones-de-quietude-du-massif\/\",\"name\":\"Le Parc Naturel R\u00e9gional des Ballons des Vosges lance une enqu\u00eate sur les zones de qui\u00e9tude du massif - Saint Die Info\",\"isPartOf\":{\"@id\":\"https:\/\/vosgesinfo.fr\/saintdieinfo\/#website\"},\"primaryImageOfPage\":{\"@id\":\"https:\/\/vosgesinfo.fr\/saintdieinfo\/2025\/01\/le-parc-naturel-regional-des-ballons-des-vosges-lance-une-enquete-sur-les-zones-de-quietude-du-massif\/#primaryimage\"},\"image\":{\"@id\":\"https:\/\/vosgesinfo.fr\/saintdieinfo\/2025\/01\/le-parc-naturel-regional-des-ballons-des-vosges-lance-une-enquete-sur-les-zones-de-quietude-du-massif\/#primaryimage\"},\"thumbnailUrl\":\"https:\/\/vosgesinfo.fr\/app\/uploads\/sites\/4\/2025\/01\/enquete-zones-quietude.jpg\",\"datePublished\":\"2025-01-31T08:50:16+00:00\",\"dateModified\":\"2025-01-31T08:38:19+00:00\",\"breadcrumb\":{\"@id\":\"https:\/\/vosgesinfo.fr\/saintdieinfo\/2025\/01\/le-parc-naturel-regional-des-ballons-des-vosges-lance-une-enquete-sur-les-zones-de-quietude-du-massif\/#breadcrumb\"},\"inLanguage\":\"fr-FR\",\"potentialAction\":[{\"@type\":\"ReadAction\",\"target\":[\"https:\/\/vosgesinfo.fr\/saintdieinfo\/2025\/01\/le-parc-naturel-regional-des-ballons-des-vosges-lance-une-enquete-sur-les-zones-de-quietude-du-massif\/\"]}]},{\"@type\":\"ImageObject\",\"inLanguage\":\"fr-FR\",\"@id\":\"https:\/\/vosgesinfo.fr\/saintdieinfo\/2025\/01\/le-parc-naturel-regional-des-ballons-des-vosges-lance-une-enquete-sur-les-zones-de-quietude-du-massif\/#primaryimage\",\"url\":\"https:\/\/vosgesinfo.fr\/app\/uploads\/sites\/4\/2025\/01\/enquete-zones-quietude.jpg\",\"contentUrl\":\"https:\/\/vosgesinfo.fr\/app\/uploads\/sites\/4\/2025\/01\/enquete-zones-quietude.jpg\",\"width\":800,\"height\":397},{\"@type\":\"BreadcrumbList\",\"@id\":\"https:\/\/vosgesinfo.fr\/saintdieinfo\/2025\/01\/le-parc-naturel-regional-des-ballons-des-vosges-lance-une-enquete-sur-les-zones-de-quietude-du-massif\/#breadcrumb\",\"itemListElement\":[{\"@type\":\"ListItem\",\"position\":1,\"name\":\"Home\",\"item\":\"https:\/\/vosgesinfo.fr\/saintdieinfo\/\"},{\"@type\":\"ListItem\",\"position\":2,\"name\":\"Le Parc Naturel R\u00e9gional des Ballons des Vosges lance une enqu\u00eate sur les zones de qui\u00e9tude du massif\"}]},{\"@type\":\"WebSite\",\"@id\":\"https:\/\/vosgesinfo.fr\/saintdieinfo\/#website\",\"url\":\"https:\/\/vosgesinfo.fr\/saintdieinfo\/\",\"name\":\"Saint Die Info\",\"description\":\"Toute l&#039;actualit\u00e9 de Saint-Di\u00e9-Des-Vosges\",\"publisher\":{\"@id\":\"https:\/\/vosgesinfo.fr\/saintdieinfo\/#organization\"},\"alternateName\":\"Toute l'actualit\u00e9 de Saint-Di\u00e9-Des-Vosges\",\"potentialAction\":[{\"@type\":\"SearchAction\",\"target\":{\"@type\":\"EntryPoint\",\"urlTemplate\":\"https:\/\/vosgesinfo.fr\/saintdieinfo\/?s={search_term_string}\"},\"query-input\":\"required name=search_term_string\"}],\"inLanguage\":\"fr-FR\"},{\"@type\":\"Organization\",\"@id\":\"https:\/\/vosgesinfo.fr\/saintdieinfo\/#organization\",\"name\":\"Saint Die Info\",\"url\":\"https:\/\/vosgesinfo.fr\/saintdieinfo\/\",\"logo\":{\"@type\":\"ImageObject\",\"inLanguage\":\"fr-FR\",\"@id\":\"https:\/\/vosgesinfo.fr\/saintdieinfo\/#\/schema\/logo\/image\/\",\"url\":\"https:\/\/vosgesinfo.fr\/app\/uploads\/sites\/4\/2024\/02\/logo-sdi.jpg\",\"contentUrl\":\"https:\/\/vosgesinfo.fr\/app\/uploads\/sites\/4\/2024\/02\/logo-sdi.jpg\",\"width\":600,\"height\":600,\"caption\":\"Saint Die Info\"},\"image\":{\"@id\":\"https:\/\/vosgesinfo.fr\/saintdieinfo\/#\/schema\/logo\/image\/\"},\"sameAs\":[\"https:\/\/www.facebook.com\/Saintdieinfofr\",\"https:\/\/x.com\/VosgesInfo88\",\"https:\/\/www.youtube.com\/@vosgesinfo\"]},{\"@type\":\"Person\",\"@id\":\"https:\/\/vosgesinfo.fr\/saintdieinfo\/#\/schema\/person\/fa73e9f726d67bb88f46d5b7943cb572\",\"name\":\"J.J.\",\"image\":{\"@type\":\"ImageObject\",\"inLanguage\":\"fr-FR\",\"@id\":\"https:\/\/vosgesinfo.fr\/saintdieinfo\/#\/schema\/person\/image\/\",\"url\":\"https:\/\/secure.gravatar.com\/avatar\/219e749e47ffbcca018a360ae4add7d4cdf1cdaaf8bc7676b27efade3fe65615?s=96&d=mm&r=g\",\"contentUrl\":\"https:\/\/secure.gravatar.com\/avatar\/219e749e47ffbcca018a360ae4add7d4cdf1cdaaf8bc7676b27efade3fe65615?s=96&d=mm&r=g\",\"caption\":\"J.J.\"},\"url\":\"https:\/\/vosgesinfo.fr\/saintdieinfo\/author\/j-j\/\"}]}<\/script>\n<!-- \/ Yoast SEO plugin. -->","yoast_head_json":{"title":"Le Parc Naturel R\u00e9gional des Ballons des Vosges lance une enqu\u00eate sur les zones de qui\u00e9tude du massif - Saint Die Info","robots":{"index":"index","follow":"follow","max-snippet":"max-snippet:-1","max-image-preview":"max-image-preview:large","max-video-preview":"max-video-preview:-1"},"canonical":"https:\/\/vosgesinfo.fr\/saintdieinfo\/2025\/01\/le-parc-naturel-regional-des-ballons-des-vosges-lance-une-enquete-sur-les-zones-de-quietude-du-massif\/","twitter_card":"summary_large_image","twitter_title":"Le Parc Naturel R\u00e9gional des Ballons des Vosges lance une enqu\u00eate sur les zones de qui\u00e9tude du massif - Saint Die Info","twitter_description":"Dans le cadre du programme r\u00e9gional LIFE Biodiv&rsquo;Est, le Parc Naturel R\u00e9gional des Ballons des Vosges lance une enqu\u00eate publique [&hellip;]","twitter_image":"https:\/\/vosgesinfo.fr\/app\/uploads\/sites\/4\/2025\/01\/enquete-zones-quietude.jpg","twitter_creator":"@VosgesInfo88","twitter_site":"@VosgesInfo88","twitter_misc":{"\u00c9crit par":"J.J.","Dur\u00e9e de lecture estim\u00e9e":"1 minute"},"schema":{"@context":"https:\/\/schema.org","@graph":[{"@type":"Article","@id":"https:\/\/vosgesinfo.fr\/saintdieinfo\/2025\/01\/le-parc-naturel-regional-des-ballons-des-vosges-lance-une-enquete-sur-les-zones-de-quietude-du-massif\/#article","isPartOf":{"@id":"https:\/\/vosgesinfo.fr\/saintdieinfo\/2025\/01\/le-parc-naturel-regional-des-ballons-des-vosges-lance-une-enquete-sur-les-zones-de-quietude-du-massif\/"},"author":{"name":"J.J.","@id":"https:\/\/vosgesinfo.fr\/saintdieinfo\/#\/schema\/person\/fa73e9f726d67bb88f46d5b7943cb572"},"headline":"Le Parc Naturel R\u00e9gional des Ballons des Vosges lance une enqu\u00eate sur les zones de qui\u00e9tude du massif","datePublished":"2025-01-31T08:50:16+00:00","dateModified":"2025-01-31T08:38:19+00:00","mainEntityOfPage":{"@id":"https:\/\/vosgesinfo.fr\/saintdieinfo\/2025\/01\/le-parc-naturel-regional-des-ballons-des-vosges-lance-une-enquete-sur-les-zones-de-quietude-du-massif\/"},"wordCount":274,"commentCount":1,"publisher":{"@id":"https:\/\/vosgesinfo.fr\/saintdieinfo\/#organization"},"image":{"@id":"https:\/\/vosgesinfo.fr\/saintdieinfo\/2025\/01\/le-parc-naturel-regional-des-ballons-des-vosges-lance-une-enquete-sur-les-zones-de-quietude-du-massif\/#primaryimage"},"thumbnailUrl":"https:\/\/vosgesinfo.fr\/app\/uploads\/sites\/4\/2025\/01\/enquete-zones-quietude.jpg","keywords":["Enqu\u00eate publique sur les zones de qui\u00e9tude du massif des Vosges","massif des vosges","Parc naturel r\u00e9gional des Ballons des Vosges","Zones de qui\u00e9tudes"],"articleSection":["A la Une","Environnement","Epinal","Gerardmer","La plaine des vosges","Remiremont","Vosges"],"inLanguage":"fr-FR","potentialAction":[{"@type":"CommentAction","name":"Comment","target":["https:\/\/vosgesinfo.fr\/saintdieinfo\/2025\/01\/le-parc-naturel-regional-des-ballons-des-vosges-lance-une-enquete-sur-les-zones-de-quietude-du-massif\/#respond"]}]},{"@type":"WebPage","@id":"https:\/\/vosgesinfo.fr\/saintdieinfo\/2025\/01\/le-parc-naturel-regional-des-ballons-des-vosges-lance-une-enquete-sur-les-zones-de-quietude-du-massif\/","url":"https:\/\/vosgesinfo.fr\/saintdieinfo\/2025\/01\/le-parc-naturel-regional-des-ballons-des-vosges-lance-une-enquete-sur-les-zones-de-quietude-du-massif\/","name":"Le Parc Naturel R\u00e9gional des Ballons des Vosges lance une enqu\u00eate sur les zones de qui\u00e9tude du massif - Saint Die Info","isPartOf":{"@id":"https:\/\/vosgesinfo.fr\/saintdieinfo\/#website"},"primaryImageOfPage":{"@id":"https:\/\/vosgesinfo.fr\/saintdieinfo\/2025\/01\/le-parc-naturel-regional-des-ballons-des-vosges-lance-une-enquete-sur-les-zones-de-quietude-du-massif\/#primaryimage"},"image":{"@id":"https:\/\/vosgesinfo.fr\/saintdieinfo\/2025\/01\/le-parc-naturel-regional-des-ballons-des-vosges-lance-une-enquete-sur-les-zones-de-quietude-du-massif\/#primaryimage"},"thumbnailUrl":"https:\/\/vosgesinfo.fr\/app\/uploads\/sites\/4\/2025\/01\/enquete-zones-quietude.jpg","datePublished":"2025-01-31T08:50:16+00:00","dateModified":"2025-01-31T08:38:19+00:00","breadcrumb":{"@id":"https:\/\/vosgesinfo.fr\/saintdieinfo\/2025\/01\/le-parc-naturel-regional-des-ballons-des-vosges-lance-une-enquete-sur-les-zones-de-quietude-du-massif\/#breadcrumb"},"inLanguage":"fr-FR","potentialAction":[{"@type":"ReadAction","target":["https:\/\/vosgesinfo.fr\/saintdieinfo\/2025\/01\/le-parc-naturel-regional-des-ballons-des-vosges-lance-une-enquete-sur-les-zones-de-quietude-du-massif\/"]}]},{"@type":"ImageObject","inLanguage":"fr-FR","@id":"https:\/\/vosgesinfo.fr\/saintdieinfo\/2025\/01\/le-parc-naturel-regional-des-ballons-des-vosges-lance-une-enquete-sur-les-zones-de-quietude-du-massif\/#primaryimage","url":"https:\/\/vosgesinfo.fr\/app\/uploads\/sites\/4\/2025\/01\/enquete-zones-quietude.jpg","contentUrl":"https:\/\/vosgesinfo.fr\/app\/uploads\/sites\/4\/2025\/01\/enquete-zones-quietude.jpg","width":800,"height":397},{"@type":"BreadcrumbList","@id":"https:\/\/vosgesinfo.fr\/saintdieinfo\/2025\/01\/le-parc-naturel-regional-des-ballons-des-vosges-lance-une-enquete-sur-les-zones-de-quietude-du-massif\/#breadcrumb","itemListElement":[{"@type":"ListItem","position":1,"name":"Home","item":"https:\/\/vosgesinfo.fr\/saintdieinfo\/"},{"@type":"ListItem","position":2,"name":"Le Parc Naturel R\u00e9gional des Ballons des Vosges lance une enqu\u00eate sur les zones de qui\u00e9tude du massif"}]},{"@type":"WebSite","@id":"https:\/\/vosgesinfo.fr\/saintdieinfo\/#website","url":"https:\/\/vosgesinfo.fr\/saintdieinfo\/","name":"Saint Die Info","description":"Toute l&#039;actualit\u00e9 de Saint-Di\u00e9-Des-Vosges","publisher":{"@id":"https:\/\/vosgesinfo.fr\/saintdieinfo\/#organization"},"alternateName":"Toute l'actualit\u00e9 de Saint-Di\u00e9-Des-Vosges","potentialAction":[{"@type":"SearchAction","target":{"@type":"EntryPoint","urlTemplate":"https:\/\/vosgesinfo.fr\/saintdieinfo\/?s={search_term_string}"},"query-input":"required name=search_term_string"}],"inLanguage":"fr-FR"},{"@type":"Organization","@id":"https:\/\/vosgesinfo.fr\/saintdieinfo\/#organization","name":"Saint Die Info","url":"https:\/\/vosgesinfo.fr\/saintdieinfo\/","logo":{"@type":"ImageObject","inLanguage":"fr-FR","@id":"https:\/\/vosgesinfo.fr\/saintdieinfo\/#\/schema\/logo\/image\/","url":"https:\/\/vosgesinfo.fr\/app\/uploads\/sites\/4\/2024\/02\/logo-sdi.jpg","contentUrl":"https:\/\/vosgesinfo.fr\/app\/uploads\/sites\/4\/2024\/02\/logo-sdi.jpg","width":600,"height":600,"caption":"Saint Die Info"},"image":{"@id":"https:\/\/vosgesinfo.fr\/saintdieinfo\/#\/schema\/logo\/image\/"},"sameAs":["https:\/\/www.facebook.com\/Saintdieinfofr","https:\/\/x.com\/VosgesInfo88","https:\/\/www.youtube.com\/@vosgesinfo"]},{"@type":"Person","@id":"https:\/\/vosgesinfo.fr\/saintdieinfo\/#\/schema\/person\/fa73e9f726d67bb88f46d5b7943cb572","name":"J.J.","image":{"@type":"ImageObject","inLanguage":"fr-FR","@id":"https:\/\/vosgesinfo.fr\/saintdieinfo\/#\/schema\/person\/image\/","url":"https:\/\/secure.gravatar.com\/avatar\/219e749e47ffbcca018a360ae4add7d4cdf1cdaaf8bc7676b27efade3fe65615?s=96&d=mm&r=g","contentUrl":"https:\/\/secure.gravatar.com\/avatar\/219e749e47ffbcca018a360ae4add7d4cdf1cdaaf8bc7676b27efade3fe65615?s=96&d=mm&r=g","caption":"J.J."},"url":"https:\/\/vosgesinfo.fr\/saintdieinfo\/author\/j-j\/"}]}},"_links":{"self":[{"href":"https:\/\/vosgesinfo.fr\/saintdieinfo\/wp-json\/wp\/v2\/posts\/73490","targetHints":{"allow":["GET"]}}],"collection":[{"href":"https:\/\/vosgesinfo.fr\/saintdieinfo\/wp-json\/wp\/v2\/posts"}],"about":[{"href":"https:\/\/vosgesinfo.fr\/saintdieinfo\/wp-json\/wp\/v2\/types\/post"}],"author":[{"embeddable":true,"href":"https:\/\/vosgesinfo.fr\/saintdieinfo\/wp-json\/wp\/v2\/users\/46"}],"replies":[{"embeddable":true,"href":"https:\/\/vosgesinfo.fr\/saintdieinfo\/wp-json\/wp\/v2\/comments?post=73490"}],"version-history":[{"count":1,"href":"https:\/\/vosgesinfo.fr\/saintdieinfo\/wp-json\/wp\/v2\/posts\/73490\/revisions"}],"predecessor-version":[{"id":73492,"href":"https:\/\/vosgesinfo.fr\/saintdieinfo\/wp-json\/wp\/v2\/posts\/73490\/revisions\/73492"}],"wp:featuredmedia":[{"embeddable":true,"href":"https:\/\/vosgesinfo.fr\/saintdieinfo\/wp-json\/wp\/v2\/media\/73491"}],"wp:attachment":[{"href":"https:\/\/vosgesinfo.fr\/saintdieinfo\/wp-json\/wp\/v2\/media?parent=73490"}],"wp:term":[{"taxonomy":"category","embeddable":true,"href":"https:\/\/vosgesinfo.fr\/saintdieinfo\/wp-json\/wp\/v2\/categories?post=73490"},{"taxonomy":"post_tag","embeddable":true,"href":"https:\/\/vosgesinfo.fr\/saintdieinfo\/wp-json\/wp\/v2\/tags?post=73490"}],"curies":[{"name":"wp","href":"https:\/\/api.w.org\/{rel}","templated":true}]}}