{"id":73494,"date":"2025-01-31T11:36:06","date_gmt":"2025-01-31T10:36:06","guid":{"rendered":"https:\/\/vosgesinfo.fr\/saintdieinfo\/?p=73494"},"modified":"2025-01-31T11:25:35","modified_gmt":"2025-01-31T10:25:35","slug":"vol-par-effraction-dans-un-commerce-de-la-rue-dalsace","status":"publish","type":"post","link":"https:\/\/vosgesinfo.fr\/saintdieinfo\/2025\/01\/vol-par-effraction-dans-un-commerce-de-la-rue-dalsace\/","title":{"rendered":"Vol par effraction dans un commerce de la rue d&rsquo;Alsace"},"content":{"rendered":"<div id=\"attachment_73495\" style=\"width: 1034px\" class=\"wp-caption alignnone\"><a href=\"https:\/\/vosgesinfo.fr\/app\/uploads\/sites\/4\/2025\/01\/vosges-market-rue-dalsace.jpg\"><img decoding=\"async\" aria-describedby=\"caption-attachment-73495\" class=\"size-large wp-image-73495\" src=\"https:\/\/vosgesinfo.fr\/app\/uploads\/sites\/4\/2025\/01\/vosges-market-rue-dalsace-1024x660.jpg\" alt=\"\" width=\"1024\" height=\"660\" srcset=\"https:\/\/vosgesinfo.fr\/app\/uploads\/sites\/4\/2025\/01\/vosges-market-rue-dalsace-1024x660.jpg 1024w, https:\/\/vosgesinfo.fr\/app\/uploads\/sites\/4\/2025\/01\/vosges-market-rue-dalsace-300x193.jpg 300w, https:\/\/vosgesinfo.fr\/app\/uploads\/sites\/4\/2025\/01\/vosges-market-rue-dalsace-768x495.jpg 768w, https:\/\/vosgesinfo.fr\/app\/uploads\/sites\/4\/2025\/01\/vosges-market-rue-dalsace-1536x990.jpg 1536w, https:\/\/vosgesinfo.fr\/app\/uploads\/sites\/4\/2025\/01\/vosges-market-rue-dalsace-2048x1320.jpg 2048w\" sizes=\"(max-width: 1024px) 100vw, 1024px\" \/><\/a><p id=\"caption-attachment-73495\" class=\"wp-caption-text\">(Capture d&rsquo;\u00e9cran Google Maps)<\/p><\/div>\n<h2>Le <strong>lundi 27 janvier<\/strong> dernier, aux alentours de <strong>22h45<\/strong>, un homme s&rsquo;est introduit <strong>par effraction<\/strong> dans le magasin d&rsquo;alimentation <strong>\u00ab Vosges Market \u00bb<\/strong> situ\u00e9 <strong>rue d&rsquo;Alsace<\/strong>. \u00c0 l&rsquo;int\u00e9rieur du commerce, l&rsquo;individu a tent\u00e9 de <strong>forcer la caisse<\/strong>, mais n&rsquo;a obtenu qu&rsquo;un <strong>maigre butin&#8230; <\/strong>n&rsquo;y parvenant que partiellement.<\/h2>\n<p><!--more--><\/p>\n<p>Rapidement <strong>identifi\u00e9 par la Police nationale<\/strong>, ce <strong>D\u00e9odatien \u00e2g\u00e9 de 35 ans<\/strong> est d\u00e9j\u00e0 <strong>bien connu des services de police<\/strong>. Il a \u00e9t\u00e9 <strong>interpell\u00e9 hier jeudi<\/strong>, apr\u00e8s son <strong>identification formelle<\/strong> gr\u00e2ce aux <strong>relev\u00e9s d&#8217;empreintes<\/strong> et au <strong>visionnage des cam\u00e9ras de vid\u00e9oprotection<\/strong>. L&rsquo;homme a <strong>reconnu les faits<\/strong>. Il est actuellement <strong>pr\u00e9sent\u00e9 devant le tribunal d&rsquo;\u00c9pinal<\/strong>. Sous le coup d&rsquo;un <strong>sursis probatoire<\/strong>, ce <strong>vol par effraction<\/strong> devrait le <strong>conduire en prison<\/strong>.<\/p>\n<p>J.J.<\/p>\n","protected":false},"excerpt":{"rendered":"<p>Le lundi 27 janvier dernier, aux alentours de 22h45, un homme s&rsquo;est introduit par effraction dans le magasin d&rsquo;alimentation \u00ab [&hellip;]<\/p>\n","protected":false},"author":46,"featured_media":73495,"comment_status":"open","ping_status":"open","sticky":false,"template":"","format":"standard","meta":{"footnotes":""},"categories":[460,2924,167],"tags":[4860,4898,16015,16016,12788],"class_list":["post-73494","post","type-post","status-publish","format-standard","has-post-thumbnail","hentry","category-a-la-une","category-fait-divers","category-saint-die-des-vosges","tag-police-nationale","tag-rue-dalsace","tag-vol-par-effraction-dans-le-magasin-vosges-market","tag-vol-par-effraction-dans-un-magasin-de-la-rue-dalsace","tag-vosges-market"],"acf":[],"yoast_head":"<!-- This site is optimized with the Yoast SEO plugin v22.5 - https:\/\/yoast.com\/wordpress\/plugins\/seo\/ -->\n<title>Vol par effraction dans un commerce de la rue d&#039;Alsace - Saint Die Info<\/title>\n<meta name=\"robots\" content=\"index, follow, max-snippet:-1, max-image-preview:large, max-video-preview:-1\" \/>\n<link rel=\"canonical\" href=\"https:\/\/vosgesinfo.fr\/saintdieinfo\/2025\/01\/vol-par-effraction-dans-un-commerce-de-la-rue-dalsace\/\" \/>\n<meta name=\"twitter:card\" content=\"summary_large_image\" \/>\n<meta name=\"twitter:title\" content=\"Vol par effraction dans un commerce de la rue d&#039;Alsace - Saint Die Info\" \/>\n<meta name=\"twitter:description\" content=\"Le lundi 27 janvier dernier, aux alentours de 22h45, un homme s&rsquo;est introduit par effraction dans le magasin d&rsquo;alimentation \u00ab [&hellip;]\" \/>\n<meta name=\"twitter:image\" content=\"https:\/\/vosgesinfo.fr\/app\/uploads\/sites\/4\/2025\/01\/vosges-market-rue-dalsace.jpg\" \/>\n<meta name=\"twitter:creator\" content=\"@VosgesInfo88\" \/>\n<meta name=\"twitter:site\" content=\"@VosgesInfo88\" \/>\n<meta name=\"twitter:label1\" content=\"\u00c9crit par\" \/>\n\t<meta name=\"twitter:data1\" content=\"J.J.\" \/>\n\t<meta name=\"twitter:label2\" content=\"Dur\u00e9e de lecture estim\u00e9e\" \/>\n\t<meta name=\"twitter:data2\" content=\"1 minute\" \/>\n<script type=\"application\/ld+json\" class=\"yoast-schema-graph\">{\"@context\":\"https:\/\/schema.org\",\"@graph\":[{\"@type\":\"Article\",\"@id\":\"https:\/\/vosgesinfo.fr\/saintdieinfo\/2025\/01\/vol-par-effraction-dans-un-commerce-de-la-rue-dalsace\/#article\",\"isPartOf\":{\"@id\":\"https:\/\/vosgesinfo.fr\/saintdieinfo\/2025\/01\/vol-par-effraction-dans-un-commerce-de-la-rue-dalsace\/\"},\"author\":{\"name\":\"J.J.\",\"@id\":\"https:\/\/vosgesinfo.fr\/saintdieinfo\/#\/schema\/person\/fa73e9f726d67bb88f46d5b7943cb572\"},\"headline\":\"Vol par effraction dans un commerce de la rue d&rsquo;Alsace\",\"datePublished\":\"2025-01-31T10:36:06+00:00\",\"dateModified\":\"2025-01-31T10:25:35+00:00\",\"mainEntityOfPage\":{\"@id\":\"https:\/\/vosgesinfo.fr\/saintdieinfo\/2025\/01\/vol-par-effraction-dans-un-commerce-de-la-rue-dalsace\/\"},\"wordCount\":157,\"commentCount\":2,\"publisher\":{\"@id\":\"https:\/\/vosgesinfo.fr\/saintdieinfo\/#organization\"},\"image\":{\"@id\":\"https:\/\/vosgesinfo.fr\/saintdieinfo\/2025\/01\/vol-par-effraction-dans-un-commerce-de-la-rue-dalsace\/#primaryimage\"},\"thumbnailUrl\":\"https:\/\/vosgesinfo.fr\/app\/uploads\/sites\/4\/2025\/01\/vosges-market-rue-dalsace.jpg\",\"keywords\":[\"Police Nationale\",\"Rue d'Alsace\",\"Vol par effraction dans le magasin Vosges Market\",\"Vol par effraction dans un magasin de la rue d'Alsace\",\"Vosges Market\"],\"articleSection\":[\"A la Une\",\"Fait Divers\",\"Saint-Di\u00e9-des-Vosges\"],\"inLanguage\":\"fr-FR\",\"potentialAction\":[{\"@type\":\"CommentAction\",\"name\":\"Comment\",\"target\":[\"https:\/\/vosgesinfo.fr\/saintdieinfo\/2025\/01\/vol-par-effraction-dans-un-commerce-de-la-rue-dalsace\/#respond\"]}]},{\"@type\":\"WebPage\",\"@id\":\"https:\/\/vosgesinfo.fr\/saintdieinfo\/2025\/01\/vol-par-effraction-dans-un-commerce-de-la-rue-dalsace\/\",\"url\":\"https:\/\/vosgesinfo.fr\/saintdieinfo\/2025\/01\/vol-par-effraction-dans-un-commerce-de-la-rue-dalsace\/\",\"name\":\"Vol par effraction dans un commerce de la rue d'Alsace - Saint Die Info\",\"isPartOf\":{\"@id\":\"https:\/\/vosgesinfo.fr\/saintdieinfo\/#website\"},\"primaryImageOfPage\":{\"@id\":\"https:\/\/vosgesinfo.fr\/saintdieinfo\/2025\/01\/vol-par-effraction-dans-un-commerce-de-la-rue-dalsace\/#primaryimage\"},\"image\":{\"@id\":\"https:\/\/vosgesinfo.fr\/saintdieinfo\/2025\/01\/vol-par-effraction-dans-un-commerce-de-la-rue-dalsace\/#primaryimage\"},\"thumbnailUrl\":\"https:\/\/vosgesinfo.fr\/app\/uploads\/sites\/4\/2025\/01\/vosges-market-rue-dalsace.jpg\",\"datePublished\":\"2025-01-31T10:36:06+00:00\",\"dateModified\":\"2025-01-31T10:25:35+00:00\",\"breadcrumb\":{\"@id\":\"https:\/\/vosgesinfo.fr\/saintdieinfo\/2025\/01\/vol-par-effraction-dans-un-commerce-de-la-rue-dalsace\/#breadcrumb\"},\"inLanguage\":\"fr-FR\",\"potentialAction\":[{\"@type\":\"ReadAction\",\"target\":[\"https:\/\/vosgesinfo.fr\/saintdieinfo\/2025\/01\/vol-par-effraction-dans-un-commerce-de-la-rue-dalsace\/\"]}]},{\"@type\":\"ImageObject\",\"inLanguage\":\"fr-FR\",\"@id\":\"https:\/\/vosgesinfo.fr\/saintdieinfo\/2025\/01\/vol-par-effraction-dans-un-commerce-de-la-rue-dalsace\/#primaryimage\",\"url\":\"https:\/\/vosgesinfo.fr\/app\/uploads\/sites\/4\/2025\/01\/vosges-market-rue-dalsace.jpg\",\"contentUrl\":\"https:\/\/vosgesinfo.fr\/app\/uploads\/sites\/4\/2025\/01\/vosges-market-rue-dalsace.jpg\",\"width\":2172,\"height\":1400,\"caption\":\"(Capture d'\u00e9cran Google Maps)\"},{\"@type\":\"BreadcrumbList\",\"@id\":\"https:\/\/vosgesinfo.fr\/saintdieinfo\/2025\/01\/vol-par-effraction-dans-un-commerce-de-la-rue-dalsace\/#breadcrumb\",\"itemListElement\":[{\"@type\":\"ListItem\",\"position\":1,\"name\":\"Home\",\"item\":\"https:\/\/vosgesinfo.fr\/saintdieinfo\/\"},{\"@type\":\"ListItem\",\"position\":2,\"name\":\"Vol par effraction dans un commerce de la rue d&rsquo;Alsace\"}]},{\"@type\":\"WebSite\",\"@id\":\"https:\/\/vosgesinfo.fr\/saintdieinfo\/#website\",\"url\":\"https:\/\/vosgesinfo.fr\/saintdieinfo\/\",\"name\":\"Saint Die Info\",\"description\":\"Toute l&#039;actualit\u00e9 de Saint-Di\u00e9-Des-Vosges\",\"publisher\":{\"@id\":\"https:\/\/vosgesinfo.fr\/saintdieinfo\/#organization\"},\"alternateName\":\"Toute l'actualit\u00e9 de Saint-Di\u00e9-Des-Vosges\",\"potentialAction\":[{\"@type\":\"SearchAction\",\"target\":{\"@type\":\"EntryPoint\",\"urlTemplate\":\"https:\/\/vosgesinfo.fr\/saintdieinfo\/?s={search_term_string}\"},\"query-input\":\"required name=search_term_string\"}],\"inLanguage\":\"fr-FR\"},{\"@type\":\"Organization\",\"@id\":\"https:\/\/vosgesinfo.fr\/saintdieinfo\/#organization\",\"name\":\"Saint Die Info\",\"url\":\"https:\/\/vosgesinfo.fr\/saintdieinfo\/\",\"logo\":{\"@type\":\"ImageObject\",\"inLanguage\":\"fr-FR\",\"@id\":\"https:\/\/vosgesinfo.fr\/saintdieinfo\/#\/schema\/logo\/image\/\",\"url\":\"https:\/\/vosgesinfo.fr\/app\/uploads\/sites\/4\/2024\/02\/logo-sdi.jpg\",\"contentUrl\":\"https:\/\/vosgesinfo.fr\/app\/uploads\/sites\/4\/2024\/02\/logo-sdi.jpg\",\"width\":600,\"height\":600,\"caption\":\"Saint Die Info\"},\"image\":{\"@id\":\"https:\/\/vosgesinfo.fr\/saintdieinfo\/#\/schema\/logo\/image\/\"},\"sameAs\":[\"https:\/\/www.facebook.com\/Saintdieinfofr\",\"https:\/\/x.com\/VosgesInfo88\",\"https:\/\/www.youtube.com\/@vosgesinfo\"]},{\"@type\":\"Person\",\"@id\":\"https:\/\/vosgesinfo.fr\/saintdieinfo\/#\/schema\/person\/fa73e9f726d67bb88f46d5b7943cb572\",\"name\":\"J.J.\",\"image\":{\"@type\":\"ImageObject\",\"inLanguage\":\"fr-FR\",\"@id\":\"https:\/\/vosgesinfo.fr\/saintdieinfo\/#\/schema\/person\/image\/\",\"url\":\"https:\/\/secure.gravatar.com\/avatar\/219e749e47ffbcca018a360ae4add7d4cdf1cdaaf8bc7676b27efade3fe65615?s=96&d=mm&r=g\",\"contentUrl\":\"https:\/\/secure.gravatar.com\/avatar\/219e749e47ffbcca018a360ae4add7d4cdf1cdaaf8bc7676b27efade3fe65615?s=96&d=mm&r=g\",\"caption\":\"J.J.\"},\"url\":\"https:\/\/vosgesinfo.fr\/saintdieinfo\/author\/j-j\/\"}]}<\/script>\n<!-- \/ Yoast SEO plugin. -->","yoast_head_json":{"title":"Vol par effraction dans un commerce de la rue d'Alsace - Saint Die Info","robots":{"index":"index","follow":"follow","max-snippet":"max-snippet:-1","max-image-preview":"max-image-preview:large","max-video-preview":"max-video-preview:-1"},"canonical":"https:\/\/vosgesinfo.fr\/saintdieinfo\/2025\/01\/vol-par-effraction-dans-un-commerce-de-la-rue-dalsace\/","twitter_card":"summary_large_image","twitter_title":"Vol par effraction dans un commerce de la rue d'Alsace - Saint Die Info","twitter_description":"Le lundi 27 janvier dernier, aux alentours de 22h45, un homme s&rsquo;est introduit par effraction dans le magasin d&rsquo;alimentation \u00ab [&hellip;]","twitter_image":"https:\/\/vosgesinfo.fr\/app\/uploads\/sites\/4\/2025\/01\/vosges-market-rue-dalsace.jpg","twitter_creator":"@VosgesInfo88","twitter_site":"@VosgesInfo88","twitter_misc":{"\u00c9crit par":"J.J.","Dur\u00e9e de lecture estim\u00e9e":"1 minute"},"schema":{"@context":"https:\/\/schema.org","@graph":[{"@type":"Article","@id":"https:\/\/vosgesinfo.fr\/saintdieinfo\/2025\/01\/vol-par-effraction-dans-un-commerce-de-la-rue-dalsace\/#article","isPartOf":{"@id":"https:\/\/vosgesinfo.fr\/saintdieinfo\/2025\/01\/vol-par-effraction-dans-un-commerce-de-la-rue-dalsace\/"},"author":{"name":"J.J.","@id":"https:\/\/vosgesinfo.fr\/saintdieinfo\/#\/schema\/person\/fa73e9f726d67bb88f46d5b7943cb572"},"headline":"Vol par effraction dans un commerce de la rue d&rsquo;Alsace","datePublished":"2025-01-31T10:36:06+00:00","dateModified":"2025-01-31T10:25:35+00:00","mainEntityOfPage":{"@id":"https:\/\/vosgesinfo.fr\/saintdieinfo\/2025\/01\/vol-par-effraction-dans-un-commerce-de-la-rue-dalsace\/"},"wordCount":157,"commentCount":2,"publisher":{"@id":"https:\/\/vosgesinfo.fr\/saintdieinfo\/#organization"},"image":{"@id":"https:\/\/vosgesinfo.fr\/saintdieinfo\/2025\/01\/vol-par-effraction-dans-un-commerce-de-la-rue-dalsace\/#primaryimage"},"thumbnailUrl":"https:\/\/vosgesinfo.fr\/app\/uploads\/sites\/4\/2025\/01\/vosges-market-rue-dalsace.jpg","keywords":["Police Nationale","Rue d'Alsace","Vol par effraction dans le magasin Vosges Market","Vol par effraction dans un magasin de la rue d'Alsace","Vosges Market"],"articleSection":["A la Une","Fait Divers","Saint-Di\u00e9-des-Vosges"],"inLanguage":"fr-FR","potentialAction":[{"@type":"CommentAction","name":"Comment","target":["https:\/\/vosgesinfo.fr\/saintdieinfo\/2025\/01\/vol-par-effraction-dans-un-commerce-de-la-rue-dalsace\/#respond"]}]},{"@type":"WebPage","@id":"https:\/\/vosgesinfo.fr\/saintdieinfo\/2025\/01\/vol-par-effraction-dans-un-commerce-de-la-rue-dalsace\/","url":"https:\/\/vosgesinfo.fr\/saintdieinfo\/2025\/01\/vol-par-effraction-dans-un-commerce-de-la-rue-dalsace\/","name":"Vol par effraction dans un commerce de la rue d'Alsace - Saint Die Info","isPartOf":{"@id":"https:\/\/vosgesinfo.fr\/saintdieinfo\/#website"},"primaryImageOfPage":{"@id":"https:\/\/vosgesinfo.fr\/saintdieinfo\/2025\/01\/vol-par-effraction-dans-un-commerce-de-la-rue-dalsace\/#primaryimage"},"image":{"@id":"https:\/\/vosgesinfo.fr\/saintdieinfo\/2025\/01\/vol-par-effraction-dans-un-commerce-de-la-rue-dalsace\/#primaryimage"},"thumbnailUrl":"https:\/\/vosgesinfo.fr\/app\/uploads\/sites\/4\/2025\/01\/vosges-market-rue-dalsace.jpg","datePublished":"2025-01-31T10:36:06+00:00","dateModified":"2025-01-31T10:25:35+00:00","breadcrumb":{"@id":"https:\/\/vosgesinfo.fr\/saintdieinfo\/2025\/01\/vol-par-effraction-dans-un-commerce-de-la-rue-dalsace\/#breadcrumb"},"inLanguage":"fr-FR","potentialAction":[{"@type":"ReadAction","target":["https:\/\/vosgesinfo.fr\/saintdieinfo\/2025\/01\/vol-par-effraction-dans-un-commerce-de-la-rue-dalsace\/"]}]},{"@type":"ImageObject","inLanguage":"fr-FR","@id":"https:\/\/vosgesinfo.fr\/saintdieinfo\/2025\/01\/vol-par-effraction-dans-un-commerce-de-la-rue-dalsace\/#primaryimage","url":"https:\/\/vosgesinfo.fr\/app\/uploads\/sites\/4\/2025\/01\/vosges-market-rue-dalsace.jpg","contentUrl":"https:\/\/vosgesinfo.fr\/app\/uploads\/sites\/4\/2025\/01\/vosges-market-rue-dalsace.jpg","width":2172,"height":1400,"caption":"(Capture d'\u00e9cran Google Maps)"},{"@type":"BreadcrumbList","@id":"https:\/\/vosgesinfo.fr\/saintdieinfo\/2025\/01\/vol-par-effraction-dans-un-commerce-de-la-rue-dalsace\/#breadcrumb","itemListElement":[{"@type":"ListItem","position":1,"name":"Home","item":"https:\/\/vosgesinfo.fr\/saintdieinfo\/"},{"@type":"ListItem","position":2,"name":"Vol par effraction dans un commerce de la rue d&rsquo;Alsace"}]},{"@type":"WebSite","@id":"https:\/\/vosgesinfo.fr\/saintdieinfo\/#website","url":"https:\/\/vosgesinfo.fr\/saintdieinfo\/","name":"Saint Die Info","description":"Toute l&#039;actualit\u00e9 de Saint-Di\u00e9-Des-Vosges","publisher":{"@id":"https:\/\/vosgesinfo.fr\/saintdieinfo\/#organization"},"alternateName":"Toute l'actualit\u00e9 de Saint-Di\u00e9-Des-Vosges","potentialAction":[{"@type":"SearchAction","target":{"@type":"EntryPoint","urlTemplate":"https:\/\/vosgesinfo.fr\/saintdieinfo\/?s={search_term_string}"},"query-input":"required name=search_term_string"}],"inLanguage":"fr-FR"},{"@type":"Organization","@id":"https:\/\/vosgesinfo.fr\/saintdieinfo\/#organization","name":"Saint Die Info","url":"https:\/\/vosgesinfo.fr\/saintdieinfo\/","logo":{"@type":"ImageObject","inLanguage":"fr-FR","@id":"https:\/\/vosgesinfo.fr\/saintdieinfo\/#\/schema\/logo\/image\/","url":"https:\/\/vosgesinfo.fr\/app\/uploads\/sites\/4\/2024\/02\/logo-sdi.jpg","contentUrl":"https:\/\/vosgesinfo.fr\/app\/uploads\/sites\/4\/2024\/02\/logo-sdi.jpg","width":600,"height":600,"caption":"Saint Die Info"},"image":{"@id":"https:\/\/vosgesinfo.fr\/saintdieinfo\/#\/schema\/logo\/image\/"},"sameAs":["https:\/\/www.facebook.com\/Saintdieinfofr","https:\/\/x.com\/VosgesInfo88","https:\/\/www.youtube.com\/@vosgesinfo"]},{"@type":"Person","@id":"https:\/\/vosgesinfo.fr\/saintdieinfo\/#\/schema\/person\/fa73e9f726d67bb88f46d5b7943cb572","name":"J.J.","image":{"@type":"ImageObject","inLanguage":"fr-FR","@id":"https:\/\/vosgesinfo.fr\/saintdieinfo\/#\/schema\/person\/image\/","url":"https:\/\/secure.gravatar.com\/avatar\/219e749e47ffbcca018a360ae4add7d4cdf1cdaaf8bc7676b27efade3fe65615?s=96&d=mm&r=g","contentUrl":"https:\/\/secure.gravatar.com\/avatar\/219e749e47ffbcca018a360ae4add7d4cdf1cdaaf8bc7676b27efade3fe65615?s=96&d=mm&r=g","caption":"J.J."},"url":"https:\/\/vosgesinfo.fr\/saintdieinfo\/author\/j-j\/"}]}},"_links":{"self":[{"href":"https:\/\/vosgesinfo.fr\/saintdieinfo\/wp-json\/wp\/v2\/posts\/73494","targetHints":{"allow":["GET"]}}],"collection":[{"href":"https:\/\/vosgesinfo.fr\/saintdieinfo\/wp-json\/wp\/v2\/posts"}],"about":[{"href":"https:\/\/vosgesinfo.fr\/saintdieinfo\/wp-json\/wp\/v2\/types\/post"}],"author":[{"embeddable":true,"href":"https:\/\/vosgesinfo.fr\/saintdieinfo\/wp-json\/wp\/v2\/users\/46"}],"replies":[{"embeddable":true,"href":"https:\/\/vosgesinfo.fr\/saintdieinfo\/wp-json\/wp\/v2\/comments?post=73494"}],"version-history":[{"count":1,"href":"https:\/\/vosgesinfo.fr\/saintdieinfo\/wp-json\/wp\/v2\/posts\/73494\/revisions"}],"predecessor-version":[{"id":73496,"href":"https:\/\/vosgesinfo.fr\/saintdieinfo\/wp-json\/wp\/v2\/posts\/73494\/revisions\/73496"}],"wp:featuredmedia":[{"embeddable":true,"href":"https:\/\/vosgesinfo.fr\/saintdieinfo\/wp-json\/wp\/v2\/media\/73495"}],"wp:attachment":[{"href":"https:\/\/vosgesinfo.fr\/saintdieinfo\/wp-json\/wp\/v2\/media?parent=73494"}],"wp:term":[{"taxonomy":"category","embeddable":true,"href":"https:\/\/vosgesinfo.fr\/saintdieinfo\/wp-json\/wp\/v2\/categories?post=73494"},{"taxonomy":"post_tag","embeddable":true,"href":"https:\/\/vosgesinfo.fr\/saintdieinfo\/wp-json\/wp\/v2\/tags?post=73494"}],"curies":[{"name":"wp","href":"https:\/\/api.w.org\/{rel}","templated":true}]}}