{"id":73612,"date":"2025-02-03T15:16:07","date_gmt":"2025-02-03T14:16:07","guid":{"rendered":"https:\/\/vosgesinfo.fr\/saintdieinfo\/?p=73612"},"modified":"2025-02-03T15:06:56","modified_gmt":"2025-02-03T14:06:56","slug":"plusieurs-chantiers-dinstallation-de-crapaudromes-en-fevrier","status":"publish","type":"post","link":"https:\/\/vosgesinfo.fr\/saintdieinfo\/2025\/02\/plusieurs-chantiers-dinstallation-de-crapaudromes-en-fevrier\/","title":{"rendered":"Plusieurs chantiers d&rsquo;installation de crapaudromes en f\u00e9vrier"},"content":{"rendered":"<div id=\"attachment_73615\" style=\"width: 1034px\" class=\"wp-caption alignnone\"><a href=\"https:\/\/vosgesinfo.fr\/app\/uploads\/sites\/4\/2025\/02\/crapaud-commun.jpg\"><img decoding=\"async\" aria-describedby=\"caption-attachment-73615\" class=\"size-full wp-image-73615\" src=\"https:\/\/vosgesinfo.fr\/app\/uploads\/sites\/4\/2025\/02\/crapaud-commun.jpg\" alt=\"\" width=\"1024\" height=\"871\" srcset=\"https:\/\/vosgesinfo.fr\/app\/uploads\/sites\/4\/2025\/02\/crapaud-commun.jpg 1024w, https:\/\/vosgesinfo.fr\/app\/uploads\/sites\/4\/2025\/02\/crapaud-commun-300x255.jpg 300w, https:\/\/vosgesinfo.fr\/app\/uploads\/sites\/4\/2025\/02\/crapaud-commun-768x653.jpg 768w\" sizes=\"(max-width: 1024px) 100vw, 1024px\" \/><\/a><p id=\"caption-attachment-73615\" class=\"wp-caption-text\">Un crapaud commun (Illustration. Photographie Wikipedia.org)<\/p><\/div>\n<h2>Chaque ann\u00e9e, la <b>migration saisonni\u00e8re des amphibiens<\/b>, qui se profile en ce d\u00e9but f\u00e9vrier, entra\u00eene son lot <b>d&rsquo;\u00e9crasements sur les routes<\/b>. C&rsquo;est pour en sauver le maximum que la <b>Communaut\u00e9 d&rsquo;Agglom\u00e9ration de Saint-Di\u00e9-des-Vosges<\/b> et la <b>Communaut\u00e9 de Communes de Bruy\u00e8res<\/b> organisent, en partenariat avec l&rsquo;association <b>ETC&#8230; Terra<\/b>, des <b>chantiers d&rsquo;installation de crapaudromes.<\/b><\/h2>\n<p><!--more--><\/p>\n<h3>Le crapaudrome, un dispositif de protection des amphibiens<\/h3>\n<p>Pour rappel, un <strong>crapaudrome<\/strong> est un dispositif de protection compos\u00e9 de <strong>filets install\u00e9s le long des routes<\/strong> identifi\u00e9es comme particuli\u00e8rement dangereuses pour les amphibiens. Ces filets dirigent les grenouilles, crapauds et tritons vers des <strong>seaux<\/strong> dans lesquels ils tombent, avant d&rsquo;\u00eatre r\u00e9cup\u00e9r\u00e9s par des b\u00e9n\u00e9voles. Ces derniers les aident ensuite \u00e0 traverser la route en toute s\u00e9curit\u00e9.<\/p>\n<h3>Trois chantiers d&rsquo;installation de crapaudromes sont organis\u00e9s en f\u00e9vrier\u00a0:<\/h3>\n<ul>\n<li><strong>Mercredi 19 f\u00e9vrier<\/strong>, \u00e0 9h \u00e0 Pierrepont-sur-l&rsquo;Arent\u00e8le, toute la matin\u00e9e et une partie de l&rsquo;apr\u00e8s-midi (organis\u00e9 par la Communaut\u00e9 de Communes de Bruy\u00e8res Vallons des Vosges et la commune de Pierrepont-sur-l&rsquo;Arent\u00e8le);<\/li>\n<li><strong>Samedi 22 f\u00e9vrier<\/strong>, \u00e0 13h30 \u00e0 Xamontarupt, pour l&rsquo;apr\u00e8s-midi (organis\u00e9 par la Communaut\u00e9 de Communes de Bruy\u00e8res Vallons des Vosges et la commune de Xamontarupt);<\/li>\n<li><strong>Dimanche 23 f\u00e9vrier<\/strong>, \u00e0 9h \u00e0 Pierre-Perc\u00e9e, pr\u00e8s de Celles-sur-Plaine, le matin (organis\u00e9 par la Communaut\u00e9 d&rsquo;Agglom\u00e9ration de Saint-Di\u00e9-des-Vosges et la commune de Pierre-Perc\u00e9e);<\/li>\n<\/ul>\n<h3>Inscriptions par courriel<\/h3>\n<p>Les b\u00e9n\u00e9voles peuvent choisir de participer \u00e0 <strong>une demi-journ\u00e9e<\/strong> ou \u00e0 l&rsquo;int\u00e9gralit\u00e9 des <strong>4 cr\u00e9neaux propos\u00e9s<\/strong>. Les personnes int\u00e9ress\u00e9es doivent s\u2019inscrire uniquement par courriel, <strong>aupr\u00e8s de <\/strong><strong>Fr\u00e9d\u00e9ric Blanc<\/strong><strong> via<a href=\"mailto:contact@etcterra.fr\" target=\"_blank\" rel=\"noopener\">contact@etcterra.fr<\/a>. <\/strong>Lors de l&rsquo;inscription, il est demand\u00e9 d\u2019indiquer le <strong>nombre de personnes pr\u00e9sentes, les cr\u00e9neaux choisis ainsi qu\u2019un num\u00e9ro de t\u00e9l\u00e9phone portable pour \u00eatre contact\u00e9<\/strong>. Les personnes inscrites recevront ensuite toutes les informations pratiques\u00a0: <strong>lieux de rendez-vous, \u00e9quipement, mat\u00e9riel, etc.<\/strong><\/p>\n","protected":false},"excerpt":{"rendered":"<p>Chaque ann\u00e9e, la migration saisonni\u00e8re des amphibiens, qui se profile en ce d\u00e9but f\u00e9vrier, entra\u00eene son lot d&rsquo;\u00e9crasements sur les [&hellip;]<\/p>\n","protected":false},"author":46,"featured_media":73615,"comment_status":"open","ping_status":"open","sticky":false,"template":"","format":"standard","meta":{"footnotes":""},"categories":[460,7,2915,18],"tags":[3282,6472,16058,10655,3029],"class_list":["post-73612","post","type-post","status-publish","format-standard","has-post-thumbnail","hentry","category-a-la-une","category-environnement","category-saint-die-son-canton","category-vosges","tag-communaute-dagglomeration-de-saint-die-des-vosges","tag-communaute-de-communes-de-bruyeres","tag-crapaud","tag-crapaudrome","tag-etc-terra"],"acf":[],"yoast_head":"<!-- This site is optimized with the Yoast SEO plugin v22.5 - https:\/\/yoast.com\/wordpress\/plugins\/seo\/ -->\n<title>Plusieurs chantiers d&#039;installation de crapaudromes en f\u00e9vrier - Saint Die Info<\/title>\n<meta name=\"robots\" content=\"index, follow, max-snippet:-1, max-image-preview:large, max-video-preview:-1\" \/>\n<link rel=\"canonical\" href=\"https:\/\/vosgesinfo.fr\/saintdieinfo\/2025\/02\/plusieurs-chantiers-dinstallation-de-crapaudromes-en-fevrier\/\" \/>\n<meta name=\"twitter:card\" content=\"summary_large_image\" \/>\n<meta name=\"twitter:title\" content=\"Plusieurs chantiers d&#039;installation de crapaudromes en f\u00e9vrier - Saint Die Info\" \/>\n<meta name=\"twitter:description\" content=\"Chaque ann\u00e9e, la migration saisonni\u00e8re des amphibiens, qui se profile en ce d\u00e9but f\u00e9vrier, entra\u00eene son lot d&rsquo;\u00e9crasements sur les [&hellip;]\" \/>\n<meta name=\"twitter:image\" content=\"https:\/\/vosgesinfo.fr\/app\/uploads\/sites\/4\/2025\/02\/crapaud-commun.jpg\" \/>\n<meta name=\"twitter:creator\" content=\"@VosgesInfo88\" \/>\n<meta name=\"twitter:site\" content=\"@VosgesInfo88\" \/>\n<meta name=\"twitter:label1\" content=\"\u00c9crit par\" \/>\n\t<meta name=\"twitter:data1\" content=\"J.J.\" \/>\n\t<meta name=\"twitter:label2\" content=\"Dur\u00e9e de lecture estim\u00e9e\" \/>\n\t<meta name=\"twitter:data2\" content=\"2 minutes\" \/>\n<script type=\"application\/ld+json\" class=\"yoast-schema-graph\">{\"@context\":\"https:\/\/schema.org\",\"@graph\":[{\"@type\":\"Article\",\"@id\":\"https:\/\/vosgesinfo.fr\/saintdieinfo\/2025\/02\/plusieurs-chantiers-dinstallation-de-crapaudromes-en-fevrier\/#article\",\"isPartOf\":{\"@id\":\"https:\/\/vosgesinfo.fr\/saintdieinfo\/2025\/02\/plusieurs-chantiers-dinstallation-de-crapaudromes-en-fevrier\/\"},\"author\":{\"name\":\"J.J.\",\"@id\":\"https:\/\/vosgesinfo.fr\/saintdieinfo\/#\/schema\/person\/fa73e9f726d67bb88f46d5b7943cb572\"},\"headline\":\"Plusieurs chantiers d&rsquo;installation de crapaudromes en f\u00e9vrier\",\"datePublished\":\"2025-02-03T14:16:07+00:00\",\"dateModified\":\"2025-02-03T14:06:56+00:00\",\"mainEntityOfPage\":{\"@id\":\"https:\/\/vosgesinfo.fr\/saintdieinfo\/2025\/02\/plusieurs-chantiers-dinstallation-de-crapaudromes-en-fevrier\/\"},\"wordCount\":357,\"commentCount\":0,\"publisher\":{\"@id\":\"https:\/\/vosgesinfo.fr\/saintdieinfo\/#organization\"},\"image\":{\"@id\":\"https:\/\/vosgesinfo.fr\/saintdieinfo\/2025\/02\/plusieurs-chantiers-dinstallation-de-crapaudromes-en-fevrier\/#primaryimage\"},\"thumbnailUrl\":\"https:\/\/vosgesinfo.fr\/app\/uploads\/sites\/4\/2025\/02\/crapaud-commun.jpg\",\"keywords\":[\"Communaut\u00e9 d'Agglom\u00e9ration de Saint-Di\u00e9-des-Vosges\",\"Communaut\u00e9 de Communes de Bruy\u00e8res\",\"Crapaud\",\"Crapaudrome\",\"ETC... Terra\"],\"articleSection\":[\"A la Une\",\"Environnement\",\"Saint-Di\u00e9-des-Vosges et son Agglom\u00e9ration\",\"Vosges\"],\"inLanguage\":\"fr-FR\",\"potentialAction\":[{\"@type\":\"CommentAction\",\"name\":\"Comment\",\"target\":[\"https:\/\/vosgesinfo.fr\/saintdieinfo\/2025\/02\/plusieurs-chantiers-dinstallation-de-crapaudromes-en-fevrier\/#respond\"]}]},{\"@type\":\"WebPage\",\"@id\":\"https:\/\/vosgesinfo.fr\/saintdieinfo\/2025\/02\/plusieurs-chantiers-dinstallation-de-crapaudromes-en-fevrier\/\",\"url\":\"https:\/\/vosgesinfo.fr\/saintdieinfo\/2025\/02\/plusieurs-chantiers-dinstallation-de-crapaudromes-en-fevrier\/\",\"name\":\"Plusieurs chantiers d'installation de crapaudromes en f\u00e9vrier - Saint Die Info\",\"isPartOf\":{\"@id\":\"https:\/\/vosgesinfo.fr\/saintdieinfo\/#website\"},\"primaryImageOfPage\":{\"@id\":\"https:\/\/vosgesinfo.fr\/saintdieinfo\/2025\/02\/plusieurs-chantiers-dinstallation-de-crapaudromes-en-fevrier\/#primaryimage\"},\"image\":{\"@id\":\"https:\/\/vosgesinfo.fr\/saintdieinfo\/2025\/02\/plusieurs-chantiers-dinstallation-de-crapaudromes-en-fevrier\/#primaryimage\"},\"thumbnailUrl\":\"https:\/\/vosgesinfo.fr\/app\/uploads\/sites\/4\/2025\/02\/crapaud-commun.jpg\",\"datePublished\":\"2025-02-03T14:16:07+00:00\",\"dateModified\":\"2025-02-03T14:06:56+00:00\",\"breadcrumb\":{\"@id\":\"https:\/\/vosgesinfo.fr\/saintdieinfo\/2025\/02\/plusieurs-chantiers-dinstallation-de-crapaudromes-en-fevrier\/#breadcrumb\"},\"inLanguage\":\"fr-FR\",\"potentialAction\":[{\"@type\":\"ReadAction\",\"target\":[\"https:\/\/vosgesinfo.fr\/saintdieinfo\/2025\/02\/plusieurs-chantiers-dinstallation-de-crapaudromes-en-fevrier\/\"]}]},{\"@type\":\"ImageObject\",\"inLanguage\":\"fr-FR\",\"@id\":\"https:\/\/vosgesinfo.fr\/saintdieinfo\/2025\/02\/plusieurs-chantiers-dinstallation-de-crapaudromes-en-fevrier\/#primaryimage\",\"url\":\"https:\/\/vosgesinfo.fr\/app\/uploads\/sites\/4\/2025\/02\/crapaud-commun.jpg\",\"contentUrl\":\"https:\/\/vosgesinfo.fr\/app\/uploads\/sites\/4\/2025\/02\/crapaud-commun.jpg\",\"width\":1024,\"height\":871,\"caption\":\"Un crapaud commun (Illustration. Photographie Wikipedia.org)\"},{\"@type\":\"BreadcrumbList\",\"@id\":\"https:\/\/vosgesinfo.fr\/saintdieinfo\/2025\/02\/plusieurs-chantiers-dinstallation-de-crapaudromes-en-fevrier\/#breadcrumb\",\"itemListElement\":[{\"@type\":\"ListItem\",\"position\":1,\"name\":\"Home\",\"item\":\"https:\/\/vosgesinfo.fr\/saintdieinfo\/\"},{\"@type\":\"ListItem\",\"position\":2,\"name\":\"Plusieurs chantiers d&rsquo;installation de crapaudromes en f\u00e9vrier\"}]},{\"@type\":\"WebSite\",\"@id\":\"https:\/\/vosgesinfo.fr\/saintdieinfo\/#website\",\"url\":\"https:\/\/vosgesinfo.fr\/saintdieinfo\/\",\"name\":\"Saint Die Info\",\"description\":\"Toute l&#039;actualit\u00e9 de Saint-Di\u00e9-Des-Vosges\",\"publisher\":{\"@id\":\"https:\/\/vosgesinfo.fr\/saintdieinfo\/#organization\"},\"alternateName\":\"Toute l'actualit\u00e9 de Saint-Di\u00e9-Des-Vosges\",\"potentialAction\":[{\"@type\":\"SearchAction\",\"target\":{\"@type\":\"EntryPoint\",\"urlTemplate\":\"https:\/\/vosgesinfo.fr\/saintdieinfo\/?s={search_term_string}\"},\"query-input\":\"required name=search_term_string\"}],\"inLanguage\":\"fr-FR\"},{\"@type\":\"Organization\",\"@id\":\"https:\/\/vosgesinfo.fr\/saintdieinfo\/#organization\",\"name\":\"Saint Die Info\",\"url\":\"https:\/\/vosgesinfo.fr\/saintdieinfo\/\",\"logo\":{\"@type\":\"ImageObject\",\"inLanguage\":\"fr-FR\",\"@id\":\"https:\/\/vosgesinfo.fr\/saintdieinfo\/#\/schema\/logo\/image\/\",\"url\":\"https:\/\/vosgesinfo.fr\/app\/uploads\/sites\/4\/2024\/02\/logo-sdi.jpg\",\"contentUrl\":\"https:\/\/vosgesinfo.fr\/app\/uploads\/sites\/4\/2024\/02\/logo-sdi.jpg\",\"width\":600,\"height\":600,\"caption\":\"Saint Die Info\"},\"image\":{\"@id\":\"https:\/\/vosgesinfo.fr\/saintdieinfo\/#\/schema\/logo\/image\/\"},\"sameAs\":[\"https:\/\/www.facebook.com\/Saintdieinfofr\",\"https:\/\/x.com\/VosgesInfo88\",\"https:\/\/www.youtube.com\/@vosgesinfo\"]},{\"@type\":\"Person\",\"@id\":\"https:\/\/vosgesinfo.fr\/saintdieinfo\/#\/schema\/person\/fa73e9f726d67bb88f46d5b7943cb572\",\"name\":\"J.J.\",\"image\":{\"@type\":\"ImageObject\",\"inLanguage\":\"fr-FR\",\"@id\":\"https:\/\/vosgesinfo.fr\/saintdieinfo\/#\/schema\/person\/image\/\",\"url\":\"https:\/\/secure.gravatar.com\/avatar\/219e749e47ffbcca018a360ae4add7d4cdf1cdaaf8bc7676b27efade3fe65615?s=96&d=mm&r=g\",\"contentUrl\":\"https:\/\/secure.gravatar.com\/avatar\/219e749e47ffbcca018a360ae4add7d4cdf1cdaaf8bc7676b27efade3fe65615?s=96&d=mm&r=g\",\"caption\":\"J.J.\"},\"url\":\"https:\/\/vosgesinfo.fr\/saintdieinfo\/author\/j-j\/\"}]}<\/script>\n<!-- \/ Yoast SEO plugin. -->","yoast_head_json":{"title":"Plusieurs chantiers d'installation de crapaudromes en f\u00e9vrier - Saint Die Info","robots":{"index":"index","follow":"follow","max-snippet":"max-snippet:-1","max-image-preview":"max-image-preview:large","max-video-preview":"max-video-preview:-1"},"canonical":"https:\/\/vosgesinfo.fr\/saintdieinfo\/2025\/02\/plusieurs-chantiers-dinstallation-de-crapaudromes-en-fevrier\/","twitter_card":"summary_large_image","twitter_title":"Plusieurs chantiers d'installation de crapaudromes en f\u00e9vrier - Saint Die Info","twitter_description":"Chaque ann\u00e9e, la migration saisonni\u00e8re des amphibiens, qui se profile en ce d\u00e9but f\u00e9vrier, entra\u00eene son lot d&rsquo;\u00e9crasements sur les [&hellip;]","twitter_image":"https:\/\/vosgesinfo.fr\/app\/uploads\/sites\/4\/2025\/02\/crapaud-commun.jpg","twitter_creator":"@VosgesInfo88","twitter_site":"@VosgesInfo88","twitter_misc":{"\u00c9crit par":"J.J.","Dur\u00e9e de lecture estim\u00e9e":"2 minutes"},"schema":{"@context":"https:\/\/schema.org","@graph":[{"@type":"Article","@id":"https:\/\/vosgesinfo.fr\/saintdieinfo\/2025\/02\/plusieurs-chantiers-dinstallation-de-crapaudromes-en-fevrier\/#article","isPartOf":{"@id":"https:\/\/vosgesinfo.fr\/saintdieinfo\/2025\/02\/plusieurs-chantiers-dinstallation-de-crapaudromes-en-fevrier\/"},"author":{"name":"J.J.","@id":"https:\/\/vosgesinfo.fr\/saintdieinfo\/#\/schema\/person\/fa73e9f726d67bb88f46d5b7943cb572"},"headline":"Plusieurs chantiers d&rsquo;installation de crapaudromes en f\u00e9vrier","datePublished":"2025-02-03T14:16:07+00:00","dateModified":"2025-02-03T14:06:56+00:00","mainEntityOfPage":{"@id":"https:\/\/vosgesinfo.fr\/saintdieinfo\/2025\/02\/plusieurs-chantiers-dinstallation-de-crapaudromes-en-fevrier\/"},"wordCount":357,"commentCount":0,"publisher":{"@id":"https:\/\/vosgesinfo.fr\/saintdieinfo\/#organization"},"image":{"@id":"https:\/\/vosgesinfo.fr\/saintdieinfo\/2025\/02\/plusieurs-chantiers-dinstallation-de-crapaudromes-en-fevrier\/#primaryimage"},"thumbnailUrl":"https:\/\/vosgesinfo.fr\/app\/uploads\/sites\/4\/2025\/02\/crapaud-commun.jpg","keywords":["Communaut\u00e9 d'Agglom\u00e9ration de Saint-Di\u00e9-des-Vosges","Communaut\u00e9 de Communes de Bruy\u00e8res","Crapaud","Crapaudrome","ETC... Terra"],"articleSection":["A la Une","Environnement","Saint-Di\u00e9-des-Vosges et son Agglom\u00e9ration","Vosges"],"inLanguage":"fr-FR","potentialAction":[{"@type":"CommentAction","name":"Comment","target":["https:\/\/vosgesinfo.fr\/saintdieinfo\/2025\/02\/plusieurs-chantiers-dinstallation-de-crapaudromes-en-fevrier\/#respond"]}]},{"@type":"WebPage","@id":"https:\/\/vosgesinfo.fr\/saintdieinfo\/2025\/02\/plusieurs-chantiers-dinstallation-de-crapaudromes-en-fevrier\/","url":"https:\/\/vosgesinfo.fr\/saintdieinfo\/2025\/02\/plusieurs-chantiers-dinstallation-de-crapaudromes-en-fevrier\/","name":"Plusieurs chantiers d'installation de crapaudromes en f\u00e9vrier - Saint Die Info","isPartOf":{"@id":"https:\/\/vosgesinfo.fr\/saintdieinfo\/#website"},"primaryImageOfPage":{"@id":"https:\/\/vosgesinfo.fr\/saintdieinfo\/2025\/02\/plusieurs-chantiers-dinstallation-de-crapaudromes-en-fevrier\/#primaryimage"},"image":{"@id":"https:\/\/vosgesinfo.fr\/saintdieinfo\/2025\/02\/plusieurs-chantiers-dinstallation-de-crapaudromes-en-fevrier\/#primaryimage"},"thumbnailUrl":"https:\/\/vosgesinfo.fr\/app\/uploads\/sites\/4\/2025\/02\/crapaud-commun.jpg","datePublished":"2025-02-03T14:16:07+00:00","dateModified":"2025-02-03T14:06:56+00:00","breadcrumb":{"@id":"https:\/\/vosgesinfo.fr\/saintdieinfo\/2025\/02\/plusieurs-chantiers-dinstallation-de-crapaudromes-en-fevrier\/#breadcrumb"},"inLanguage":"fr-FR","potentialAction":[{"@type":"ReadAction","target":["https:\/\/vosgesinfo.fr\/saintdieinfo\/2025\/02\/plusieurs-chantiers-dinstallation-de-crapaudromes-en-fevrier\/"]}]},{"@type":"ImageObject","inLanguage":"fr-FR","@id":"https:\/\/vosgesinfo.fr\/saintdieinfo\/2025\/02\/plusieurs-chantiers-dinstallation-de-crapaudromes-en-fevrier\/#primaryimage","url":"https:\/\/vosgesinfo.fr\/app\/uploads\/sites\/4\/2025\/02\/crapaud-commun.jpg","contentUrl":"https:\/\/vosgesinfo.fr\/app\/uploads\/sites\/4\/2025\/02\/crapaud-commun.jpg","width":1024,"height":871,"caption":"Un crapaud commun (Illustration. Photographie Wikipedia.org)"},{"@type":"BreadcrumbList","@id":"https:\/\/vosgesinfo.fr\/saintdieinfo\/2025\/02\/plusieurs-chantiers-dinstallation-de-crapaudromes-en-fevrier\/#breadcrumb","itemListElement":[{"@type":"ListItem","position":1,"name":"Home","item":"https:\/\/vosgesinfo.fr\/saintdieinfo\/"},{"@type":"ListItem","position":2,"name":"Plusieurs chantiers d&rsquo;installation de crapaudromes en f\u00e9vrier"}]},{"@type":"WebSite","@id":"https:\/\/vosgesinfo.fr\/saintdieinfo\/#website","url":"https:\/\/vosgesinfo.fr\/saintdieinfo\/","name":"Saint Die Info","description":"Toute l&#039;actualit\u00e9 de Saint-Di\u00e9-Des-Vosges","publisher":{"@id":"https:\/\/vosgesinfo.fr\/saintdieinfo\/#organization"},"alternateName":"Toute l'actualit\u00e9 de Saint-Di\u00e9-Des-Vosges","potentialAction":[{"@type":"SearchAction","target":{"@type":"EntryPoint","urlTemplate":"https:\/\/vosgesinfo.fr\/saintdieinfo\/?s={search_term_string}"},"query-input":"required name=search_term_string"}],"inLanguage":"fr-FR"},{"@type":"Organization","@id":"https:\/\/vosgesinfo.fr\/saintdieinfo\/#organization","name":"Saint Die Info","url":"https:\/\/vosgesinfo.fr\/saintdieinfo\/","logo":{"@type":"ImageObject","inLanguage":"fr-FR","@id":"https:\/\/vosgesinfo.fr\/saintdieinfo\/#\/schema\/logo\/image\/","url":"https:\/\/vosgesinfo.fr\/app\/uploads\/sites\/4\/2024\/02\/logo-sdi.jpg","contentUrl":"https:\/\/vosgesinfo.fr\/app\/uploads\/sites\/4\/2024\/02\/logo-sdi.jpg","width":600,"height":600,"caption":"Saint Die Info"},"image":{"@id":"https:\/\/vosgesinfo.fr\/saintdieinfo\/#\/schema\/logo\/image\/"},"sameAs":["https:\/\/www.facebook.com\/Saintdieinfofr","https:\/\/x.com\/VosgesInfo88","https:\/\/www.youtube.com\/@vosgesinfo"]},{"@type":"Person","@id":"https:\/\/vosgesinfo.fr\/saintdieinfo\/#\/schema\/person\/fa73e9f726d67bb88f46d5b7943cb572","name":"J.J.","image":{"@type":"ImageObject","inLanguage":"fr-FR","@id":"https:\/\/vosgesinfo.fr\/saintdieinfo\/#\/schema\/person\/image\/","url":"https:\/\/secure.gravatar.com\/avatar\/219e749e47ffbcca018a360ae4add7d4cdf1cdaaf8bc7676b27efade3fe65615?s=96&d=mm&r=g","contentUrl":"https:\/\/secure.gravatar.com\/avatar\/219e749e47ffbcca018a360ae4add7d4cdf1cdaaf8bc7676b27efade3fe65615?s=96&d=mm&r=g","caption":"J.J."},"url":"https:\/\/vosgesinfo.fr\/saintdieinfo\/author\/j-j\/"}]}},"_links":{"self":[{"href":"https:\/\/vosgesinfo.fr\/saintdieinfo\/wp-json\/wp\/v2\/posts\/73612","targetHints":{"allow":["GET"]}}],"collection":[{"href":"https:\/\/vosgesinfo.fr\/saintdieinfo\/wp-json\/wp\/v2\/posts"}],"about":[{"href":"https:\/\/vosgesinfo.fr\/saintdieinfo\/wp-json\/wp\/v2\/types\/post"}],"author":[{"embeddable":true,"href":"https:\/\/vosgesinfo.fr\/saintdieinfo\/wp-json\/wp\/v2\/users\/46"}],"replies":[{"embeddable":true,"href":"https:\/\/vosgesinfo.fr\/saintdieinfo\/wp-json\/wp\/v2\/comments?post=73612"}],"version-history":[{"count":2,"href":"https:\/\/vosgesinfo.fr\/saintdieinfo\/wp-json\/wp\/v2\/posts\/73612\/revisions"}],"predecessor-version":[{"id":73619,"href":"https:\/\/vosgesinfo.fr\/saintdieinfo\/wp-json\/wp\/v2\/posts\/73612\/revisions\/73619"}],"wp:featuredmedia":[{"embeddable":true,"href":"https:\/\/vosgesinfo.fr\/saintdieinfo\/wp-json\/wp\/v2\/media\/73615"}],"wp:attachment":[{"href":"https:\/\/vosgesinfo.fr\/saintdieinfo\/wp-json\/wp\/v2\/media?parent=73612"}],"wp:term":[{"taxonomy":"category","embeddable":true,"href":"https:\/\/vosgesinfo.fr\/saintdieinfo\/wp-json\/wp\/v2\/categories?post=73612"},{"taxonomy":"post_tag","embeddable":true,"href":"https:\/\/vosgesinfo.fr\/saintdieinfo\/wp-json\/wp\/v2\/tags?post=73612"}],"curies":[{"name":"wp","href":"https:\/\/api.w.org\/{rel}","templated":true}]}}