{"id":73650,"date":"2025-02-04T14:20:22","date_gmt":"2025-02-04T13:20:22","guid":{"rendered":"https:\/\/vosgesinfo.fr\/saintdieinfo\/2025\/02\/rentree-2025-dans-lacademie-de-nancy-metz-baisse-des-effectifs-maintien-des-moyens-et-nouvelles-formations\/"},"modified":"2025-02-04T14:20:22","modified_gmt":"2025-02-04T13:20:22","slug":"rentree-2025-dans-lacademie-de-nancy-metz-baisse-des-effectifs-maintien-des-moyens-et-nouvelles-formations","status":"publish","type":"post","link":"https:\/\/vosgesinfo.fr\/saintdieinfo\/2025\/02\/rentree-2025-dans-lacademie-de-nancy-metz-baisse-des-effectifs-maintien-des-moyens-et-nouvelles-formations\/","title":{"rendered":"Rentr\u00e9e 2025 dans l&rsquo;acad\u00e9mie de Nancy-Metz : baisse des effectifs, maintien des moyens et nouvelles formations"},"content":{"rendered":"<p><a href=\"https:\/\/vosgesinfo.fr\/app\/uploads\/sites\/5\/2024\/09\/202201ecole-salle-de-classe1-3.jpg\"><img decoding=\"async\" class=\"aligncenter size-full wp-image-70587\" src=\"https:\/\/vosgesinfo.fr\/app\/uploads\/sites\/5\/2024\/09\/202201ecole-salle-de-classe1-3.jpg\" alt=\"\" width=\"800\" height=\"572\" \/><\/a><\/p>\n<p><strong>Le comit\u00e9 social d\u2019administration (CSA) de l\u2019acad\u00e9mie de Nancy-Metz a pr\u00e9sent\u00e9 les moyens pour la rentr\u00e9e 2025. Malgr\u00e9 une baisse des effectifs scolaires (-4 591 \u00e9l\u00e8ves en primaire et -978 dans le secondaire), les moyens d\u2019enseignement sont maintenus pour garantir un bon encadrement.<\/strong><\/p>\n<div id=\"attachment_78103\" style=\"width: 440px\" class=\"wp-caption aligncenter\"><a href=\"https:\/\/vosgesinfo.fr\/app\/uploads\/sites\/5\/2025\/02\/0nkrdt06nstq8iov.png\"><img decoding=\"async\" aria-describedby=\"caption-attachment-78103\" class=\"size-full wp-image-78103\" src=\"https:\/\/vosgesinfo.fr\/app\/uploads\/sites\/5\/2025\/02\/0nkrdt06nstq8iov.png\" alt=\"\" width=\"430\" height=\"279\" \/><\/a><p id=\"caption-attachment-78103\" class=\"wp-caption-text\">Image : Acad\u00e9mie Nancy-Metz.<\/p><\/div>\n<p><strong>Priorit\u00e9s \u00e9ducatives<\/strong><\/p>\n<p><strong>Premier degr\u00e9 :<\/strong><\/p>\n<ul>\n<li><strong>D\u00e9doublement des classes<\/strong> en \u00e9ducation prioritaire et <strong>plafonnement \u00e0 24 \u00e9l\u00e8ves<\/strong> en GS, CP et CE1.<\/li>\n<li><strong>Renforcement de l&rsquo;inclusion<\/strong> avec le d\u00e9veloppement des ULIS et aux mesures du plan autisme.<\/li>\n<li><strong>Maintien des moyens en milieu rural<\/strong> et ouverture de <strong>classes TPS<\/strong> en quartiers prioritaires.<\/li>\n<\/ul>\n<p><strong>Second degr\u00e9 :<\/strong><\/p>\n<ul>\n<li><strong>10 ETP suppl\u00e9mentaires<\/strong> pour l\u2019\u00e9cole inclusive (ULIS, UPE2A).<\/li>\n<li><strong>18 ETP\u00a0<\/strong><b>suppl\u00e9mentaires<\/b>\u00a0pour mieux accompagner les \u00e9l\u00e8ves de <strong>4\u1d49 et 3\u1d49<\/strong>.<\/li>\n<li><strong>Hausse du taux d\u2019encadrement en lyc\u00e9e professionnel<\/strong> (+4,85%).<\/li>\n<\/ul>\n<p><a href=\"https:\/\/vosgesinfo.fr\/app\/uploads\/sites\/5\/2025\/02\/mxitpvvpqtk16jsi.png\"><img decoding=\"async\" class=\"aligncenter size-full wp-image-78104\" src=\"https:\/\/vosgesinfo.fr\/app\/uploads\/sites\/5\/2025\/02\/mxitpvvpqtk16jsi.png\" alt=\"\" width=\"337\" height=\"107\" \/><\/a><\/p>\n<p>&nbsp;<\/p>\n<p><strong>Nouvelles formations pour 2025<\/strong><\/p>\n<p>L\u2019acad\u00e9mie adapte son offre en lien avec la <strong>R\u00e9gion Grand Est<\/strong> :<\/p>\n<ul>\n<li><span style=\"font-family: marianne; font-size: small;\"><b>CAP<\/b> \u00ab Intervention en maintenance technique des b\u00e2timents \u00bb (Lyc\u00e9e Louis Casimir Teyssier, Bitche)<\/span><\/li>\n<li><span style=\"font-family: marianne; font-size: small;\"><b>CAP 1 an<\/b> \u00ab R\u00e9alisation industrielle en chaudronnerie ou soudage \u00bb (options au Lyc\u00e9e Jean Prouv\u00e9, Nancy, et Lyc\u00e9e Eug\u00e8ne Freyssinet, Verdun)<\/span><\/li>\n<li><span style=\"font-family: marianne; font-size: small;\"><b>CAP<\/b> \u00ab Conducteur, Agent d&rsquo;accueil en autobus et autocar \u00bb (Lyc\u00e9e Pierre Gilles de Gennes, G\u00e9rardmer)<\/span><\/li>\n<li><span style=\"font-family: marianne; font-size: small;\"><b>Baccalaur\u00e9at professionnel<\/b> \u00ab Logistique \u00bb (Lyc\u00e9e Jean Marc Reiser, Longlaville)<\/span>\n<p style=\"font-weight: 400;\"><strong><u>Transformations de sp\u00e9cialit\u00e9s<\/u> :<\/strong><\/p>\n<ul style=\"font-weight: 400;\">\n<li>Baccalaur\u00e9at professionnel \u00ab M\u00e9tiers de l&rsquo;a\u00e9ronautique \u00bb : fermeture de l&rsquo;option \u00ab avionique \u00bb et renforcement de l&rsquo;option \u00ab syst\u00e8mes \u00bb.<\/li>\n<li>CAP et DMA \u00ab Lutherie \u00bb transform\u00e9s en DNMADE \u00ab Mention Instrument \u2013 Lutherie de quatuor \u00bb (Lyc\u00e9e Jean-Baptiste Vuillaume, Mirecourt).<\/li>\n<\/ul>\n<\/li>\n<\/ul>\n","protected":false},"excerpt":{"rendered":"<p>Le comit\u00e9 social d\u2019administration (CSA) de l\u2019acad\u00e9mie de Nancy-Metz a pr\u00e9sent\u00e9 les moyens pour la rentr\u00e9e 2025. Malgr\u00e9 une baisse [&hellip;]<\/p>\n","protected":false},"author":418,"featured_media":73651,"comment_status":"open","ping_status":"open","sticky":false,"template":"","format":"standard","meta":{"footnotes":""},"categories":[460,6,5392,5391,5389,4099,4100],"tags":[151],"class_list":["post-73650","post","type-post","status-publish","format-standard","has-post-thumbnail","hentry","category-a-la-une","category-education","category-epinal","category-gerardmer","category-la-plaine-des-vosges","category-remiremont","category-saint-die","tag-academie-nancy-metz"],"acf":[],"yoast_head":"<!-- This site is optimized with the Yoast SEO plugin v22.5 - https:\/\/yoast.com\/wordpress\/plugins\/seo\/ -->\n<title>Rentr\u00e9e 2025 dans l&#039;acad\u00e9mie de Nancy-Metz : baisse des effectifs, maintien des moyens et nouvelles formations - Saint Die Info<\/title>\n<meta name=\"robots\" content=\"index, follow, max-snippet:-1, max-image-preview:large, max-video-preview:-1\" \/>\n<link rel=\"canonical\" href=\"https:\/\/vosgesinfo.fr\/saintdieinfo\/2025\/02\/rentree-2025-dans-lacademie-de-nancy-metz-baisse-des-effectifs-maintien-des-moyens-et-nouvelles-formations\/\" \/>\n<meta name=\"twitter:card\" content=\"summary_large_image\" \/>\n<meta name=\"twitter:title\" content=\"Rentr\u00e9e 2025 dans l&#039;acad\u00e9mie de Nancy-Metz : baisse des effectifs, maintien des moyens et nouvelles formations - Saint Die Info\" \/>\n<meta name=\"twitter:description\" content=\"Le comit\u00e9 social d\u2019administration (CSA) de l\u2019acad\u00e9mie de Nancy-Metz a pr\u00e9sent\u00e9 les moyens pour la rentr\u00e9e 2025. Malgr\u00e9 une baisse [&hellip;]\" \/>\n<meta name=\"twitter:image\" content=\"https:\/\/vosgesinfo.fr\/app\/uploads\/sites\/4\/2025\/02\/202203ecole-salle-de-classe-1.jpg\" \/>\n<meta name=\"twitter:creator\" content=\"@VosgesInfo88\" \/>\n<meta name=\"twitter:site\" content=\"@VosgesInfo88\" \/>\n<meta name=\"twitter:label1\" content=\"\u00c9crit par\" \/>\n\t<meta name=\"twitter:data1\" content=\"C.M\" \/>\n\t<meta name=\"twitter:label2\" content=\"Dur\u00e9e de lecture estim\u00e9e\" \/>\n\t<meta name=\"twitter:data2\" content=\"1 minute\" \/>\n<script type=\"application\/ld+json\" class=\"yoast-schema-graph\">{\"@context\":\"https:\/\/schema.org\",\"@graph\":[{\"@type\":\"Article\",\"@id\":\"https:\/\/vosgesinfo.fr\/saintdieinfo\/2025\/02\/rentree-2025-dans-lacademie-de-nancy-metz-baisse-des-effectifs-maintien-des-moyens-et-nouvelles-formations\/#article\",\"isPartOf\":{\"@id\":\"https:\/\/vosgesinfo.fr\/saintdieinfo\/2025\/02\/rentree-2025-dans-lacademie-de-nancy-metz-baisse-des-effectifs-maintien-des-moyens-et-nouvelles-formations\/\"},\"author\":{\"name\":\"C.M\",\"@id\":\"https:\/\/vosgesinfo.fr\/saintdieinfo\/#\/schema\/person\/4f38cd3068e342935b7304695c797d08\"},\"headline\":\"Rentr\u00e9e 2025 dans l&rsquo;acad\u00e9mie de Nancy-Metz : baisse des effectifs, maintien des moyens et nouvelles formations\",\"datePublished\":\"2025-02-04T13:20:22+00:00\",\"dateModified\":\"2025-02-04T13:20:22+00:00\",\"mainEntityOfPage\":{\"@id\":\"https:\/\/vosgesinfo.fr\/saintdieinfo\/2025\/02\/rentree-2025-dans-lacademie-de-nancy-metz-baisse-des-effectifs-maintien-des-moyens-et-nouvelles-formations\/\"},\"wordCount\":285,\"commentCount\":0,\"publisher\":{\"@id\":\"https:\/\/vosgesinfo.fr\/saintdieinfo\/#organization\"},\"image\":{\"@id\":\"https:\/\/vosgesinfo.fr\/saintdieinfo\/2025\/02\/rentree-2025-dans-lacademie-de-nancy-metz-baisse-des-effectifs-maintien-des-moyens-et-nouvelles-formations\/#primaryimage\"},\"thumbnailUrl\":\"https:\/\/vosgesinfo.fr\/app\/uploads\/sites\/4\/2025\/02\/202203ecole-salle-de-classe-1.jpg\",\"keywords\":[\"Acad\u00e9mie Nancy-Metz\"],\"articleSection\":[\"A la Une\",\"\u00c9ducation\",\"Epinal\",\"Gerardmer\",\"La plaine des vosges\",\"Remiremont\",\"Saint-di\u00e9\"],\"inLanguage\":\"fr-FR\",\"potentialAction\":[{\"@type\":\"CommentAction\",\"name\":\"Comment\",\"target\":[\"https:\/\/vosgesinfo.fr\/saintdieinfo\/2025\/02\/rentree-2025-dans-lacademie-de-nancy-metz-baisse-des-effectifs-maintien-des-moyens-et-nouvelles-formations\/#respond\"]}]},{\"@type\":\"WebPage\",\"@id\":\"https:\/\/vosgesinfo.fr\/saintdieinfo\/2025\/02\/rentree-2025-dans-lacademie-de-nancy-metz-baisse-des-effectifs-maintien-des-moyens-et-nouvelles-formations\/\",\"url\":\"https:\/\/vosgesinfo.fr\/saintdieinfo\/2025\/02\/rentree-2025-dans-lacademie-de-nancy-metz-baisse-des-effectifs-maintien-des-moyens-et-nouvelles-formations\/\",\"name\":\"Rentr\u00e9e 2025 dans l'acad\u00e9mie de Nancy-Metz : baisse des effectifs, maintien des moyens et nouvelles formations - Saint Die Info\",\"isPartOf\":{\"@id\":\"https:\/\/vosgesinfo.fr\/saintdieinfo\/#website\"},\"primaryImageOfPage\":{\"@id\":\"https:\/\/vosgesinfo.fr\/saintdieinfo\/2025\/02\/rentree-2025-dans-lacademie-de-nancy-metz-baisse-des-effectifs-maintien-des-moyens-et-nouvelles-formations\/#primaryimage\"},\"image\":{\"@id\":\"https:\/\/vosgesinfo.fr\/saintdieinfo\/2025\/02\/rentree-2025-dans-lacademie-de-nancy-metz-baisse-des-effectifs-maintien-des-moyens-et-nouvelles-formations\/#primaryimage\"},\"thumbnailUrl\":\"https:\/\/vosgesinfo.fr\/app\/uploads\/sites\/4\/2025\/02\/202203ecole-salle-de-classe-1.jpg\",\"datePublished\":\"2025-02-04T13:20:22+00:00\",\"dateModified\":\"2025-02-04T13:20:22+00:00\",\"breadcrumb\":{\"@id\":\"https:\/\/vosgesinfo.fr\/saintdieinfo\/2025\/02\/rentree-2025-dans-lacademie-de-nancy-metz-baisse-des-effectifs-maintien-des-moyens-et-nouvelles-formations\/#breadcrumb\"},\"inLanguage\":\"fr-FR\",\"potentialAction\":[{\"@type\":\"ReadAction\",\"target\":[\"https:\/\/vosgesinfo.fr\/saintdieinfo\/2025\/02\/rentree-2025-dans-lacademie-de-nancy-metz-baisse-des-effectifs-maintien-des-moyens-et-nouvelles-formations\/\"]}]},{\"@type\":\"ImageObject\",\"inLanguage\":\"fr-FR\",\"@id\":\"https:\/\/vosgesinfo.fr\/saintdieinfo\/2025\/02\/rentree-2025-dans-lacademie-de-nancy-metz-baisse-des-effectifs-maintien-des-moyens-et-nouvelles-formations\/#primaryimage\",\"url\":\"https:\/\/vosgesinfo.fr\/app\/uploads\/sites\/4\/2025\/02\/202203ecole-salle-de-classe-1.jpg\",\"contentUrl\":\"https:\/\/vosgesinfo.fr\/app\/uploads\/sites\/4\/2025\/02\/202203ecole-salle-de-classe-1.jpg\",\"width\":800,\"height\":572,\"caption\":\"(Illustration)\"},{\"@type\":\"BreadcrumbList\",\"@id\":\"https:\/\/vosgesinfo.fr\/saintdieinfo\/2025\/02\/rentree-2025-dans-lacademie-de-nancy-metz-baisse-des-effectifs-maintien-des-moyens-et-nouvelles-formations\/#breadcrumb\",\"itemListElement\":[{\"@type\":\"ListItem\",\"position\":1,\"name\":\"Home\",\"item\":\"https:\/\/vosgesinfo.fr\/saintdieinfo\/\"},{\"@type\":\"ListItem\",\"position\":2,\"name\":\"Rentr\u00e9e 2025 dans l&rsquo;acad\u00e9mie de Nancy-Metz : baisse des effectifs, maintien des moyens et nouvelles formations\"}]},{\"@type\":\"WebSite\",\"@id\":\"https:\/\/vosgesinfo.fr\/saintdieinfo\/#website\",\"url\":\"https:\/\/vosgesinfo.fr\/saintdieinfo\/\",\"name\":\"Saint Die Info\",\"description\":\"Toute l&#039;actualit\u00e9 de Saint-Di\u00e9-Des-Vosges\",\"publisher\":{\"@id\":\"https:\/\/vosgesinfo.fr\/saintdieinfo\/#organization\"},\"alternateName\":\"Toute l'actualit\u00e9 de Saint-Di\u00e9-Des-Vosges\",\"potentialAction\":[{\"@type\":\"SearchAction\",\"target\":{\"@type\":\"EntryPoint\",\"urlTemplate\":\"https:\/\/vosgesinfo.fr\/saintdieinfo\/?s={search_term_string}\"},\"query-input\":\"required name=search_term_string\"}],\"inLanguage\":\"fr-FR\"},{\"@type\":\"Organization\",\"@id\":\"https:\/\/vosgesinfo.fr\/saintdieinfo\/#organization\",\"name\":\"Saint Die Info\",\"url\":\"https:\/\/vosgesinfo.fr\/saintdieinfo\/\",\"logo\":{\"@type\":\"ImageObject\",\"inLanguage\":\"fr-FR\",\"@id\":\"https:\/\/vosgesinfo.fr\/saintdieinfo\/#\/schema\/logo\/image\/\",\"url\":\"https:\/\/vosgesinfo.fr\/app\/uploads\/sites\/4\/2024\/02\/logo-sdi.jpg\",\"contentUrl\":\"https:\/\/vosgesinfo.fr\/app\/uploads\/sites\/4\/2024\/02\/logo-sdi.jpg\",\"width\":600,\"height\":600,\"caption\":\"Saint Die Info\"},\"image\":{\"@id\":\"https:\/\/vosgesinfo.fr\/saintdieinfo\/#\/schema\/logo\/image\/\"},\"sameAs\":[\"https:\/\/www.facebook.com\/Saintdieinfofr\",\"https:\/\/x.com\/VosgesInfo88\",\"https:\/\/www.youtube.com\/@vosgesinfo\"]},{\"@type\":\"Person\",\"@id\":\"https:\/\/vosgesinfo.fr\/saintdieinfo\/#\/schema\/person\/4f38cd3068e342935b7304695c797d08\",\"name\":\"C.M\",\"image\":{\"@type\":\"ImageObject\",\"inLanguage\":\"fr-FR\",\"@id\":\"https:\/\/vosgesinfo.fr\/saintdieinfo\/#\/schema\/person\/image\/\",\"url\":\"https:\/\/secure.gravatar.com\/avatar\/fe9daaef0164d920717484172682f3c5c9bcf7d42aa8c7048c76c34f0eb6c8da?s=96&d=mm&r=g\",\"contentUrl\":\"https:\/\/secure.gravatar.com\/avatar\/fe9daaef0164d920717484172682f3c5c9bcf7d42aa8c7048c76c34f0eb6c8da?s=96&d=mm&r=g\",\"caption\":\"C.M\"},\"url\":\"https:\/\/vosgesinfo.fr\/saintdieinfo\/author\/cm88200\/\"}]}<\/script>\n<!-- \/ Yoast SEO plugin. -->","yoast_head_json":{"title":"Rentr\u00e9e 2025 dans l'acad\u00e9mie de Nancy-Metz : baisse des effectifs, maintien des moyens et nouvelles formations - Saint Die Info","robots":{"index":"index","follow":"follow","max-snippet":"max-snippet:-1","max-image-preview":"max-image-preview:large","max-video-preview":"max-video-preview:-1"},"canonical":"https:\/\/vosgesinfo.fr\/saintdieinfo\/2025\/02\/rentree-2025-dans-lacademie-de-nancy-metz-baisse-des-effectifs-maintien-des-moyens-et-nouvelles-formations\/","twitter_card":"summary_large_image","twitter_title":"Rentr\u00e9e 2025 dans l'acad\u00e9mie de Nancy-Metz : baisse des effectifs, maintien des moyens et nouvelles formations - Saint Die Info","twitter_description":"Le comit\u00e9 social d\u2019administration (CSA) de l\u2019acad\u00e9mie de Nancy-Metz a pr\u00e9sent\u00e9 les moyens pour la rentr\u00e9e 2025. Malgr\u00e9 une baisse [&hellip;]","twitter_image":"https:\/\/vosgesinfo.fr\/app\/uploads\/sites\/4\/2025\/02\/202203ecole-salle-de-classe-1.jpg","twitter_creator":"@VosgesInfo88","twitter_site":"@VosgesInfo88","twitter_misc":{"\u00c9crit par":"C.M","Dur\u00e9e de lecture estim\u00e9e":"1 minute"},"schema":{"@context":"https:\/\/schema.org","@graph":[{"@type":"Article","@id":"https:\/\/vosgesinfo.fr\/saintdieinfo\/2025\/02\/rentree-2025-dans-lacademie-de-nancy-metz-baisse-des-effectifs-maintien-des-moyens-et-nouvelles-formations\/#article","isPartOf":{"@id":"https:\/\/vosgesinfo.fr\/saintdieinfo\/2025\/02\/rentree-2025-dans-lacademie-de-nancy-metz-baisse-des-effectifs-maintien-des-moyens-et-nouvelles-formations\/"},"author":{"name":"C.M","@id":"https:\/\/vosgesinfo.fr\/saintdieinfo\/#\/schema\/person\/4f38cd3068e342935b7304695c797d08"},"headline":"Rentr\u00e9e 2025 dans l&rsquo;acad\u00e9mie de Nancy-Metz : baisse des effectifs, maintien des moyens et nouvelles formations","datePublished":"2025-02-04T13:20:22+00:00","dateModified":"2025-02-04T13:20:22+00:00","mainEntityOfPage":{"@id":"https:\/\/vosgesinfo.fr\/saintdieinfo\/2025\/02\/rentree-2025-dans-lacademie-de-nancy-metz-baisse-des-effectifs-maintien-des-moyens-et-nouvelles-formations\/"},"wordCount":285,"commentCount":0,"publisher":{"@id":"https:\/\/vosgesinfo.fr\/saintdieinfo\/#organization"},"image":{"@id":"https:\/\/vosgesinfo.fr\/saintdieinfo\/2025\/02\/rentree-2025-dans-lacademie-de-nancy-metz-baisse-des-effectifs-maintien-des-moyens-et-nouvelles-formations\/#primaryimage"},"thumbnailUrl":"https:\/\/vosgesinfo.fr\/app\/uploads\/sites\/4\/2025\/02\/202203ecole-salle-de-classe-1.jpg","keywords":["Acad\u00e9mie Nancy-Metz"],"articleSection":["A la Une","\u00c9ducation","Epinal","Gerardmer","La plaine des vosges","Remiremont","Saint-di\u00e9"],"inLanguage":"fr-FR","potentialAction":[{"@type":"CommentAction","name":"Comment","target":["https:\/\/vosgesinfo.fr\/saintdieinfo\/2025\/02\/rentree-2025-dans-lacademie-de-nancy-metz-baisse-des-effectifs-maintien-des-moyens-et-nouvelles-formations\/#respond"]}]},{"@type":"WebPage","@id":"https:\/\/vosgesinfo.fr\/saintdieinfo\/2025\/02\/rentree-2025-dans-lacademie-de-nancy-metz-baisse-des-effectifs-maintien-des-moyens-et-nouvelles-formations\/","url":"https:\/\/vosgesinfo.fr\/saintdieinfo\/2025\/02\/rentree-2025-dans-lacademie-de-nancy-metz-baisse-des-effectifs-maintien-des-moyens-et-nouvelles-formations\/","name":"Rentr\u00e9e 2025 dans l'acad\u00e9mie de Nancy-Metz : baisse des effectifs, maintien des moyens et nouvelles formations - Saint Die Info","isPartOf":{"@id":"https:\/\/vosgesinfo.fr\/saintdieinfo\/#website"},"primaryImageOfPage":{"@id":"https:\/\/vosgesinfo.fr\/saintdieinfo\/2025\/02\/rentree-2025-dans-lacademie-de-nancy-metz-baisse-des-effectifs-maintien-des-moyens-et-nouvelles-formations\/#primaryimage"},"image":{"@id":"https:\/\/vosgesinfo.fr\/saintdieinfo\/2025\/02\/rentree-2025-dans-lacademie-de-nancy-metz-baisse-des-effectifs-maintien-des-moyens-et-nouvelles-formations\/#primaryimage"},"thumbnailUrl":"https:\/\/vosgesinfo.fr\/app\/uploads\/sites\/4\/2025\/02\/202203ecole-salle-de-classe-1.jpg","datePublished":"2025-02-04T13:20:22+00:00","dateModified":"2025-02-04T13:20:22+00:00","breadcrumb":{"@id":"https:\/\/vosgesinfo.fr\/saintdieinfo\/2025\/02\/rentree-2025-dans-lacademie-de-nancy-metz-baisse-des-effectifs-maintien-des-moyens-et-nouvelles-formations\/#breadcrumb"},"inLanguage":"fr-FR","potentialAction":[{"@type":"ReadAction","target":["https:\/\/vosgesinfo.fr\/saintdieinfo\/2025\/02\/rentree-2025-dans-lacademie-de-nancy-metz-baisse-des-effectifs-maintien-des-moyens-et-nouvelles-formations\/"]}]},{"@type":"ImageObject","inLanguage":"fr-FR","@id":"https:\/\/vosgesinfo.fr\/saintdieinfo\/2025\/02\/rentree-2025-dans-lacademie-de-nancy-metz-baisse-des-effectifs-maintien-des-moyens-et-nouvelles-formations\/#primaryimage","url":"https:\/\/vosgesinfo.fr\/app\/uploads\/sites\/4\/2025\/02\/202203ecole-salle-de-classe-1.jpg","contentUrl":"https:\/\/vosgesinfo.fr\/app\/uploads\/sites\/4\/2025\/02\/202203ecole-salle-de-classe-1.jpg","width":800,"height":572,"caption":"(Illustration)"},{"@type":"BreadcrumbList","@id":"https:\/\/vosgesinfo.fr\/saintdieinfo\/2025\/02\/rentree-2025-dans-lacademie-de-nancy-metz-baisse-des-effectifs-maintien-des-moyens-et-nouvelles-formations\/#breadcrumb","itemListElement":[{"@type":"ListItem","position":1,"name":"Home","item":"https:\/\/vosgesinfo.fr\/saintdieinfo\/"},{"@type":"ListItem","position":2,"name":"Rentr\u00e9e 2025 dans l&rsquo;acad\u00e9mie de Nancy-Metz : baisse des effectifs, maintien des moyens et nouvelles formations"}]},{"@type":"WebSite","@id":"https:\/\/vosgesinfo.fr\/saintdieinfo\/#website","url":"https:\/\/vosgesinfo.fr\/saintdieinfo\/","name":"Saint Die Info","description":"Toute l&#039;actualit\u00e9 de Saint-Di\u00e9-Des-Vosges","publisher":{"@id":"https:\/\/vosgesinfo.fr\/saintdieinfo\/#organization"},"alternateName":"Toute l'actualit\u00e9 de Saint-Di\u00e9-Des-Vosges","potentialAction":[{"@type":"SearchAction","target":{"@type":"EntryPoint","urlTemplate":"https:\/\/vosgesinfo.fr\/saintdieinfo\/?s={search_term_string}"},"query-input":"required name=search_term_string"}],"inLanguage":"fr-FR"},{"@type":"Organization","@id":"https:\/\/vosgesinfo.fr\/saintdieinfo\/#organization","name":"Saint Die Info","url":"https:\/\/vosgesinfo.fr\/saintdieinfo\/","logo":{"@type":"ImageObject","inLanguage":"fr-FR","@id":"https:\/\/vosgesinfo.fr\/saintdieinfo\/#\/schema\/logo\/image\/","url":"https:\/\/vosgesinfo.fr\/app\/uploads\/sites\/4\/2024\/02\/logo-sdi.jpg","contentUrl":"https:\/\/vosgesinfo.fr\/app\/uploads\/sites\/4\/2024\/02\/logo-sdi.jpg","width":600,"height":600,"caption":"Saint Die Info"},"image":{"@id":"https:\/\/vosgesinfo.fr\/saintdieinfo\/#\/schema\/logo\/image\/"},"sameAs":["https:\/\/www.facebook.com\/Saintdieinfofr","https:\/\/x.com\/VosgesInfo88","https:\/\/www.youtube.com\/@vosgesinfo"]},{"@type":"Person","@id":"https:\/\/vosgesinfo.fr\/saintdieinfo\/#\/schema\/person\/4f38cd3068e342935b7304695c797d08","name":"C.M","image":{"@type":"ImageObject","inLanguage":"fr-FR","@id":"https:\/\/vosgesinfo.fr\/saintdieinfo\/#\/schema\/person\/image\/","url":"https:\/\/secure.gravatar.com\/avatar\/fe9daaef0164d920717484172682f3c5c9bcf7d42aa8c7048c76c34f0eb6c8da?s=96&d=mm&r=g","contentUrl":"https:\/\/secure.gravatar.com\/avatar\/fe9daaef0164d920717484172682f3c5c9bcf7d42aa8c7048c76c34f0eb6c8da?s=96&d=mm&r=g","caption":"C.M"},"url":"https:\/\/vosgesinfo.fr\/saintdieinfo\/author\/cm88200\/"}]}},"_links":{"self":[{"href":"https:\/\/vosgesinfo.fr\/saintdieinfo\/wp-json\/wp\/v2\/posts\/73650","targetHints":{"allow":["GET"]}}],"collection":[{"href":"https:\/\/vosgesinfo.fr\/saintdieinfo\/wp-json\/wp\/v2\/posts"}],"about":[{"href":"https:\/\/vosgesinfo.fr\/saintdieinfo\/wp-json\/wp\/v2\/types\/post"}],"author":[{"embeddable":true,"href":"https:\/\/vosgesinfo.fr\/saintdieinfo\/wp-json\/wp\/v2\/users\/418"}],"replies":[{"embeddable":true,"href":"https:\/\/vosgesinfo.fr\/saintdieinfo\/wp-json\/wp\/v2\/comments?post=73650"}],"version-history":[{"count":0,"href":"https:\/\/vosgesinfo.fr\/saintdieinfo\/wp-json\/wp\/v2\/posts\/73650\/revisions"}],"wp:featuredmedia":[{"embeddable":true,"href":"https:\/\/vosgesinfo.fr\/saintdieinfo\/wp-json\/wp\/v2\/media\/73651"}],"wp:attachment":[{"href":"https:\/\/vosgesinfo.fr\/saintdieinfo\/wp-json\/wp\/v2\/media?parent=73650"}],"wp:term":[{"taxonomy":"category","embeddable":true,"href":"https:\/\/vosgesinfo.fr\/saintdieinfo\/wp-json\/wp\/v2\/categories?post=73650"},{"taxonomy":"post_tag","embeddable":true,"href":"https:\/\/vosgesinfo.fr\/saintdieinfo\/wp-json\/wp\/v2\/tags?post=73650"}],"curies":[{"name":"wp","href":"https:\/\/api.w.org\/{rel}","templated":true}]}}