{"id":73682,"date":"2025-02-05T12:15:06","date_gmt":"2025-02-05T11:15:06","guid":{"rendered":"https:\/\/vosgesinfo.fr\/saintdieinfo\/?p=73682"},"modified":"2025-02-05T12:04:55","modified_gmt":"2025-02-05T11:04:55","slug":"la-stivalienne-felicia-vogelweith-prete-main-forte-a-mayotte","status":"publish","type":"post","link":"https:\/\/vosgesinfo.fr\/saintdieinfo\/2025\/02\/la-stivalienne-felicia-vogelweith-prete-main-forte-a-mayotte\/","title":{"rendered":"La Stivalienne F\u00e9licia Vogelweith pr\u00eate main forte \u00e0 Mayotte"},"content":{"rendered":"<p><a href=\"https:\/\/vosgesinfo.fr\/app\/uploads\/sites\/4\/2025\/02\/felicia-vogelweith-mayotte-4.jpeg\"><img decoding=\"async\" class=\"alignnone size-large wp-image-73686\" src=\"https:\/\/vosgesinfo.fr\/app\/uploads\/sites\/4\/2025\/02\/felicia-vogelweith-mayotte-4-768x1024.jpeg\" alt=\"\" width=\"768\" height=\"1024\" srcset=\"https:\/\/vosgesinfo.fr\/app\/uploads\/sites\/4\/2025\/02\/felicia-vogelweith-mayotte-4-768x1024.jpeg 768w, https:\/\/vosgesinfo.fr\/app\/uploads\/sites\/4\/2025\/02\/felicia-vogelweith-mayotte-4-225x300.jpeg 225w, https:\/\/vosgesinfo.fr\/app\/uploads\/sites\/4\/2025\/02\/felicia-vogelweith-mayotte-4-1152x1536.jpeg 1152w, https:\/\/vosgesinfo.fr\/app\/uploads\/sites\/4\/2025\/02\/felicia-vogelweith-mayotte-4.jpeg 1200w\" sizes=\"(max-width: 768px) 100vw, 768px\" \/><\/a><\/p>\n<h2>Le <strong>cyclone Chido<\/strong> a d\u00e9vast\u00e9 <strong>Mayotte<\/strong> le <strong>14 d\u00e9cembre 2024<\/strong>. Pour aider les populations locales, qui se retrouvent dans des <strong>ruines<\/strong> apr\u00e8s le passage du cyclone, des b\u00e9n\u00e9voles volontaires de la <strong>Protection Civile<\/strong> se rendent sur place pour pr\u00eater main-forte.<\/h2>\n<p><!--more--><\/p>\n<p><strong>F\u00e9licia Vogelweith<\/strong> est l&rsquo;une de ces b\u00e9n\u00e9voles. La <strong>Stivalienne<\/strong> est partie \u00e0 <strong>Mayotte<\/strong> le <strong>22 janvier dernier<\/strong>, pour une mission d&rsquo;un mois. <strong>Ce mardi<\/strong>, apr\u00e8s 2 semaines sur place, elle nous a envoy\u00e9 quelques photos et livr\u00e9 ses impressions. \u00ab Tout se passe tr\u00e8s bien, mais il fait tr\u00e8s chaud. Je suis tr\u00e8s heureuse de faire cette exp\u00e9rience. Je partage mon temps entre <strong>missions m\u00e9dico-bus<\/strong>, <strong>tron\u00e7onnage<\/strong>, <strong>maraudes \u00e0 Kangani et Kawani<\/strong>, <strong>aides aux dispensaires d&rsquo;Acoua et Koungou<\/strong>, etc. \u00bb<\/p>\n<p>F\u00e9licia Vogelweith sera <strong>de retour en D\u00e9odatie<\/strong> le <strong>mardi 18 f\u00e9vrier prochain<\/strong>.<\/p>\n<p>J.J.<\/p>\n\n\t\t<style type=\"text\/css\">\n\t\t\t#gallery-1 {\n\t\t\t\tmargin: auto;\n\t\t\t}\n\t\t\t#gallery-1 .gallery-item {\n\t\t\t\tfloat: left;\n\t\t\t\tmargin-top: 10px;\n\t\t\t\ttext-align: center;\n\t\t\t\twidth: 33%;\n\t\t\t}\n\t\t\t#gallery-1 img {\n\t\t\t\tborder: 2px solid #cfcfcf;\n\t\t\t}\n\t\t\t#gallery-1 .gallery-caption {\n\t\t\t\tmargin-left: 0;\n\t\t\t}\n\t\t\t\/* see gallery_shortcode() in wp-includes\/media.php *\/\n\t\t<\/style>\n\t\t<div id='gallery-1' class='gallery galleryid-73682 gallery-columns-3 gallery-size-thumbnail'><dl class='gallery-item'>\n\t\t\t<dt class='gallery-icon landscape'>\n\t\t\t\t<a href='https:\/\/vosgesinfo.fr\/app\/uploads\/sites\/4\/2025\/02\/felicia-vogelweith-mayotte-1.jpeg'><img decoding=\"async\" width=\"150\" height=\"150\" src=\"https:\/\/vosgesinfo.fr\/app\/uploads\/sites\/4\/2025\/02\/felicia-vogelweith-mayotte-1-150x150.jpeg\" class=\"attachment-thumbnail size-thumbnail\" alt=\"\" \/><\/a>\n\t\t\t<\/dt><\/dl><dl class='gallery-item'>\n\t\t\t<dt class='gallery-icon portrait'>\n\t\t\t\t<a href='https:\/\/vosgesinfo.fr\/app\/uploads\/sites\/4\/2025\/02\/felicia-vogelweith-mayotte-3.jpeg'><img decoding=\"async\" width=\"150\" height=\"150\" src=\"https:\/\/vosgesinfo.fr\/app\/uploads\/sites\/4\/2025\/02\/felicia-vogelweith-mayotte-3-150x150.jpeg\" class=\"attachment-thumbnail size-thumbnail\" alt=\"\" \/><\/a>\n\t\t\t<\/dt><\/dl><dl class='gallery-item'>\n\t\t\t<dt class='gallery-icon portrait'>\n\t\t\t\t<a href='https:\/\/vosgesinfo.fr\/app\/uploads\/sites\/4\/2025\/02\/felicia-vogelweith-mayotte-2.jpeg'><img decoding=\"async\" width=\"150\" height=\"150\" src=\"https:\/\/vosgesinfo.fr\/app\/uploads\/sites\/4\/2025\/02\/felicia-vogelweith-mayotte-2-150x150.jpeg\" class=\"attachment-thumbnail size-thumbnail\" alt=\"\" \/><\/a>\n\t\t\t<\/dt><\/dl><br style=\"clear: both\" \/>\n\t\t<\/div>\n\n","protected":false},"excerpt":{"rendered":"<p>Le cyclone Chido a d\u00e9vast\u00e9 Mayotte le 14 d\u00e9cembre 2024. Pour aider les populations locales, qui se retrouvent dans des [&hellip;]<\/p>\n","protected":false},"author":46,"featured_media":73689,"comment_status":"open","ping_status":"open","sticky":false,"template":"","format":"standard","meta":{"footnotes":""},"categories":[460,3903,29,18],"tags":[15629,3250,6805,16087,15628,6806],"class_list":["post-73682","post","type-post","status-publish","format-standard","has-post-thumbnail","hentry","category-a-la-une","category-deodatie","category-solidarite","category-vosges","tag-cyclone-chido","tag-etival-clairefontaine","tag-felicia-vogelweith","tag-la-stivalienne-felicia-vogelweith-prete-main-forte-a-mayotte","tag-mayotte","tag-protection-civile-des-vosges"],"acf":[],"yoast_head":"<!-- This site is optimized with the Yoast SEO plugin v22.5 - https:\/\/yoast.com\/wordpress\/plugins\/seo\/ -->\n<title>La Stivalienne F\u00e9licia Vogelweith pr\u00eate main forte \u00e0 Mayotte - Saint Die Info<\/title>\n<meta name=\"robots\" content=\"index, follow, max-snippet:-1, max-image-preview:large, max-video-preview:-1\" \/>\n<link rel=\"canonical\" href=\"https:\/\/vosgesinfo.fr\/saintdieinfo\/2025\/02\/la-stivalienne-felicia-vogelweith-prete-main-forte-a-mayotte\/\" \/>\n<meta name=\"twitter:card\" content=\"summary_large_image\" \/>\n<meta name=\"twitter:title\" content=\"La Stivalienne F\u00e9licia Vogelweith pr\u00eate main forte \u00e0 Mayotte - Saint Die Info\" \/>\n<meta name=\"twitter:description\" content=\"Le cyclone Chido a d\u00e9vast\u00e9 Mayotte le 14 d\u00e9cembre 2024. Pour aider les populations locales, qui se retrouvent dans des [&hellip;]\" \/>\n<meta name=\"twitter:image\" content=\"https:\/\/vosgesinfo.fr\/app\/uploads\/sites\/4\/2025\/02\/felicia-vogelweith-mayotte-6.jpg\" \/>\n<meta name=\"twitter:creator\" content=\"@VosgesInfo88\" \/>\n<meta name=\"twitter:site\" content=\"@VosgesInfo88\" \/>\n<meta name=\"twitter:label1\" content=\"\u00c9crit par\" \/>\n\t<meta name=\"twitter:data1\" content=\"J.J.\" \/>\n\t<meta name=\"twitter:label2\" content=\"Dur\u00e9e de lecture estim\u00e9e\" \/>\n\t<meta name=\"twitter:data2\" content=\"1 minute\" \/>\n<script type=\"application\/ld+json\" class=\"yoast-schema-graph\">{\"@context\":\"https:\/\/schema.org\",\"@graph\":[{\"@type\":\"Article\",\"@id\":\"https:\/\/vosgesinfo.fr\/saintdieinfo\/2025\/02\/la-stivalienne-felicia-vogelweith-prete-main-forte-a-mayotte\/#article\",\"isPartOf\":{\"@id\":\"https:\/\/vosgesinfo.fr\/saintdieinfo\/2025\/02\/la-stivalienne-felicia-vogelweith-prete-main-forte-a-mayotte\/\"},\"author\":{\"name\":\"J.J.\",\"@id\":\"https:\/\/vosgesinfo.fr\/saintdieinfo\/#\/schema\/person\/fa73e9f726d67bb88f46d5b7943cb572\"},\"headline\":\"La Stivalienne F\u00e9licia Vogelweith pr\u00eate main forte \u00e0 Mayotte\",\"datePublished\":\"2025-02-05T11:15:06+00:00\",\"dateModified\":\"2025-02-05T11:04:55+00:00\",\"mainEntityOfPage\":{\"@id\":\"https:\/\/vosgesinfo.fr\/saintdieinfo\/2025\/02\/la-stivalienne-felicia-vogelweith-prete-main-forte-a-mayotte\/\"},\"wordCount\":160,\"commentCount\":0,\"publisher\":{\"@id\":\"https:\/\/vosgesinfo.fr\/saintdieinfo\/#organization\"},\"image\":{\"@id\":\"https:\/\/vosgesinfo.fr\/saintdieinfo\/2025\/02\/la-stivalienne-felicia-vogelweith-prete-main-forte-a-mayotte\/#primaryimage\"},\"thumbnailUrl\":\"https:\/\/vosgesinfo.fr\/app\/uploads\/sites\/4\/2025\/02\/felicia-vogelweith-mayotte-6.jpg\",\"keywords\":[\"Cyclone Chido\",\"etival-clairefontaine\",\"F\u00e9licia Vogelweith\",\"La Stivalienne F\u00e9licia Vogelweith pr\u00eate main forte \u00e0 Mayotte\",\"Mayotte\",\"Protection Civile des Vosges\"],\"articleSection\":[\"A la Une\",\"D\u00e9odatie\",\"Solidarit\u00e9\",\"Vosges\"],\"inLanguage\":\"fr-FR\",\"potentialAction\":[{\"@type\":\"CommentAction\",\"name\":\"Comment\",\"target\":[\"https:\/\/vosgesinfo.fr\/saintdieinfo\/2025\/02\/la-stivalienne-felicia-vogelweith-prete-main-forte-a-mayotte\/#respond\"]}]},{\"@type\":\"WebPage\",\"@id\":\"https:\/\/vosgesinfo.fr\/saintdieinfo\/2025\/02\/la-stivalienne-felicia-vogelweith-prete-main-forte-a-mayotte\/\",\"url\":\"https:\/\/vosgesinfo.fr\/saintdieinfo\/2025\/02\/la-stivalienne-felicia-vogelweith-prete-main-forte-a-mayotte\/\",\"name\":\"La Stivalienne F\u00e9licia Vogelweith pr\u00eate main forte \u00e0 Mayotte - Saint Die Info\",\"isPartOf\":{\"@id\":\"https:\/\/vosgesinfo.fr\/saintdieinfo\/#website\"},\"primaryImageOfPage\":{\"@id\":\"https:\/\/vosgesinfo.fr\/saintdieinfo\/2025\/02\/la-stivalienne-felicia-vogelweith-prete-main-forte-a-mayotte\/#primaryimage\"},\"image\":{\"@id\":\"https:\/\/vosgesinfo.fr\/saintdieinfo\/2025\/02\/la-stivalienne-felicia-vogelweith-prete-main-forte-a-mayotte\/#primaryimage\"},\"thumbnailUrl\":\"https:\/\/vosgesinfo.fr\/app\/uploads\/sites\/4\/2025\/02\/felicia-vogelweith-mayotte-6.jpg\",\"datePublished\":\"2025-02-05T11:15:06+00:00\",\"dateModified\":\"2025-02-05T11:04:55+00:00\",\"breadcrumb\":{\"@id\":\"https:\/\/vosgesinfo.fr\/saintdieinfo\/2025\/02\/la-stivalienne-felicia-vogelweith-prete-main-forte-a-mayotte\/#breadcrumb\"},\"inLanguage\":\"fr-FR\",\"potentialAction\":[{\"@type\":\"ReadAction\",\"target\":[\"https:\/\/vosgesinfo.fr\/saintdieinfo\/2025\/02\/la-stivalienne-felicia-vogelweith-prete-main-forte-a-mayotte\/\"]}]},{\"@type\":\"ImageObject\",\"inLanguage\":\"fr-FR\",\"@id\":\"https:\/\/vosgesinfo.fr\/saintdieinfo\/2025\/02\/la-stivalienne-felicia-vogelweith-prete-main-forte-a-mayotte\/#primaryimage\",\"url\":\"https:\/\/vosgesinfo.fr\/app\/uploads\/sites\/4\/2025\/02\/felicia-vogelweith-mayotte-6.jpg\",\"contentUrl\":\"https:\/\/vosgesinfo.fr\/app\/uploads\/sites\/4\/2025\/02\/felicia-vogelweith-mayotte-6.jpg\",\"width\":1200,\"height\":994},{\"@type\":\"BreadcrumbList\",\"@id\":\"https:\/\/vosgesinfo.fr\/saintdieinfo\/2025\/02\/la-stivalienne-felicia-vogelweith-prete-main-forte-a-mayotte\/#breadcrumb\",\"itemListElement\":[{\"@type\":\"ListItem\",\"position\":1,\"name\":\"Home\",\"item\":\"https:\/\/vosgesinfo.fr\/saintdieinfo\/\"},{\"@type\":\"ListItem\",\"position\":2,\"name\":\"La Stivalienne F\u00e9licia Vogelweith pr\u00eate main forte \u00e0 Mayotte\"}]},{\"@type\":\"WebSite\",\"@id\":\"https:\/\/vosgesinfo.fr\/saintdieinfo\/#website\",\"url\":\"https:\/\/vosgesinfo.fr\/saintdieinfo\/\",\"name\":\"Saint Die Info\",\"description\":\"Toute l&#039;actualit\u00e9 de Saint-Di\u00e9-Des-Vosges\",\"publisher\":{\"@id\":\"https:\/\/vosgesinfo.fr\/saintdieinfo\/#organization\"},\"alternateName\":\"Toute l'actualit\u00e9 de Saint-Di\u00e9-Des-Vosges\",\"potentialAction\":[{\"@type\":\"SearchAction\",\"target\":{\"@type\":\"EntryPoint\",\"urlTemplate\":\"https:\/\/vosgesinfo.fr\/saintdieinfo\/?s={search_term_string}\"},\"query-input\":\"required name=search_term_string\"}],\"inLanguage\":\"fr-FR\"},{\"@type\":\"Organization\",\"@id\":\"https:\/\/vosgesinfo.fr\/saintdieinfo\/#organization\",\"name\":\"Saint Die Info\",\"url\":\"https:\/\/vosgesinfo.fr\/saintdieinfo\/\",\"logo\":{\"@type\":\"ImageObject\",\"inLanguage\":\"fr-FR\",\"@id\":\"https:\/\/vosgesinfo.fr\/saintdieinfo\/#\/schema\/logo\/image\/\",\"url\":\"https:\/\/vosgesinfo.fr\/app\/uploads\/sites\/4\/2024\/02\/logo-sdi.jpg\",\"contentUrl\":\"https:\/\/vosgesinfo.fr\/app\/uploads\/sites\/4\/2024\/02\/logo-sdi.jpg\",\"width\":600,\"height\":600,\"caption\":\"Saint Die Info\"},\"image\":{\"@id\":\"https:\/\/vosgesinfo.fr\/saintdieinfo\/#\/schema\/logo\/image\/\"},\"sameAs\":[\"https:\/\/www.facebook.com\/Saintdieinfofr\",\"https:\/\/x.com\/VosgesInfo88\",\"https:\/\/www.youtube.com\/@vosgesinfo\"]},{\"@type\":\"Person\",\"@id\":\"https:\/\/vosgesinfo.fr\/saintdieinfo\/#\/schema\/person\/fa73e9f726d67bb88f46d5b7943cb572\",\"name\":\"J.J.\",\"image\":{\"@type\":\"ImageObject\",\"inLanguage\":\"fr-FR\",\"@id\":\"https:\/\/vosgesinfo.fr\/saintdieinfo\/#\/schema\/person\/image\/\",\"url\":\"https:\/\/secure.gravatar.com\/avatar\/219e749e47ffbcca018a360ae4add7d4cdf1cdaaf8bc7676b27efade3fe65615?s=96&d=mm&r=g\",\"contentUrl\":\"https:\/\/secure.gravatar.com\/avatar\/219e749e47ffbcca018a360ae4add7d4cdf1cdaaf8bc7676b27efade3fe65615?s=96&d=mm&r=g\",\"caption\":\"J.J.\"},\"url\":\"https:\/\/vosgesinfo.fr\/saintdieinfo\/author\/j-j\/\"}]}<\/script>\n<!-- \/ Yoast SEO plugin. -->","yoast_head_json":{"title":"La Stivalienne F\u00e9licia Vogelweith pr\u00eate main forte \u00e0 Mayotte - Saint Die Info","robots":{"index":"index","follow":"follow","max-snippet":"max-snippet:-1","max-image-preview":"max-image-preview:large","max-video-preview":"max-video-preview:-1"},"canonical":"https:\/\/vosgesinfo.fr\/saintdieinfo\/2025\/02\/la-stivalienne-felicia-vogelweith-prete-main-forte-a-mayotte\/","twitter_card":"summary_large_image","twitter_title":"La Stivalienne F\u00e9licia Vogelweith pr\u00eate main forte \u00e0 Mayotte - Saint Die Info","twitter_description":"Le cyclone Chido a d\u00e9vast\u00e9 Mayotte le 14 d\u00e9cembre 2024. Pour aider les populations locales, qui se retrouvent dans des [&hellip;]","twitter_image":"https:\/\/vosgesinfo.fr\/app\/uploads\/sites\/4\/2025\/02\/felicia-vogelweith-mayotte-6.jpg","twitter_creator":"@VosgesInfo88","twitter_site":"@VosgesInfo88","twitter_misc":{"\u00c9crit par":"J.J.","Dur\u00e9e de lecture estim\u00e9e":"1 minute"},"schema":{"@context":"https:\/\/schema.org","@graph":[{"@type":"Article","@id":"https:\/\/vosgesinfo.fr\/saintdieinfo\/2025\/02\/la-stivalienne-felicia-vogelweith-prete-main-forte-a-mayotte\/#article","isPartOf":{"@id":"https:\/\/vosgesinfo.fr\/saintdieinfo\/2025\/02\/la-stivalienne-felicia-vogelweith-prete-main-forte-a-mayotte\/"},"author":{"name":"J.J.","@id":"https:\/\/vosgesinfo.fr\/saintdieinfo\/#\/schema\/person\/fa73e9f726d67bb88f46d5b7943cb572"},"headline":"La Stivalienne F\u00e9licia Vogelweith pr\u00eate main forte \u00e0 Mayotte","datePublished":"2025-02-05T11:15:06+00:00","dateModified":"2025-02-05T11:04:55+00:00","mainEntityOfPage":{"@id":"https:\/\/vosgesinfo.fr\/saintdieinfo\/2025\/02\/la-stivalienne-felicia-vogelweith-prete-main-forte-a-mayotte\/"},"wordCount":160,"commentCount":0,"publisher":{"@id":"https:\/\/vosgesinfo.fr\/saintdieinfo\/#organization"},"image":{"@id":"https:\/\/vosgesinfo.fr\/saintdieinfo\/2025\/02\/la-stivalienne-felicia-vogelweith-prete-main-forte-a-mayotte\/#primaryimage"},"thumbnailUrl":"https:\/\/vosgesinfo.fr\/app\/uploads\/sites\/4\/2025\/02\/felicia-vogelweith-mayotte-6.jpg","keywords":["Cyclone Chido","etival-clairefontaine","F\u00e9licia Vogelweith","La Stivalienne F\u00e9licia Vogelweith pr\u00eate main forte \u00e0 Mayotte","Mayotte","Protection Civile des Vosges"],"articleSection":["A la Une","D\u00e9odatie","Solidarit\u00e9","Vosges"],"inLanguage":"fr-FR","potentialAction":[{"@type":"CommentAction","name":"Comment","target":["https:\/\/vosgesinfo.fr\/saintdieinfo\/2025\/02\/la-stivalienne-felicia-vogelweith-prete-main-forte-a-mayotte\/#respond"]}]},{"@type":"WebPage","@id":"https:\/\/vosgesinfo.fr\/saintdieinfo\/2025\/02\/la-stivalienne-felicia-vogelweith-prete-main-forte-a-mayotte\/","url":"https:\/\/vosgesinfo.fr\/saintdieinfo\/2025\/02\/la-stivalienne-felicia-vogelweith-prete-main-forte-a-mayotte\/","name":"La Stivalienne F\u00e9licia Vogelweith pr\u00eate main forte \u00e0 Mayotte - Saint Die Info","isPartOf":{"@id":"https:\/\/vosgesinfo.fr\/saintdieinfo\/#website"},"primaryImageOfPage":{"@id":"https:\/\/vosgesinfo.fr\/saintdieinfo\/2025\/02\/la-stivalienne-felicia-vogelweith-prete-main-forte-a-mayotte\/#primaryimage"},"image":{"@id":"https:\/\/vosgesinfo.fr\/saintdieinfo\/2025\/02\/la-stivalienne-felicia-vogelweith-prete-main-forte-a-mayotte\/#primaryimage"},"thumbnailUrl":"https:\/\/vosgesinfo.fr\/app\/uploads\/sites\/4\/2025\/02\/felicia-vogelweith-mayotte-6.jpg","datePublished":"2025-02-05T11:15:06+00:00","dateModified":"2025-02-05T11:04:55+00:00","breadcrumb":{"@id":"https:\/\/vosgesinfo.fr\/saintdieinfo\/2025\/02\/la-stivalienne-felicia-vogelweith-prete-main-forte-a-mayotte\/#breadcrumb"},"inLanguage":"fr-FR","potentialAction":[{"@type":"ReadAction","target":["https:\/\/vosgesinfo.fr\/saintdieinfo\/2025\/02\/la-stivalienne-felicia-vogelweith-prete-main-forte-a-mayotte\/"]}]},{"@type":"ImageObject","inLanguage":"fr-FR","@id":"https:\/\/vosgesinfo.fr\/saintdieinfo\/2025\/02\/la-stivalienne-felicia-vogelweith-prete-main-forte-a-mayotte\/#primaryimage","url":"https:\/\/vosgesinfo.fr\/app\/uploads\/sites\/4\/2025\/02\/felicia-vogelweith-mayotte-6.jpg","contentUrl":"https:\/\/vosgesinfo.fr\/app\/uploads\/sites\/4\/2025\/02\/felicia-vogelweith-mayotte-6.jpg","width":1200,"height":994},{"@type":"BreadcrumbList","@id":"https:\/\/vosgesinfo.fr\/saintdieinfo\/2025\/02\/la-stivalienne-felicia-vogelweith-prete-main-forte-a-mayotte\/#breadcrumb","itemListElement":[{"@type":"ListItem","position":1,"name":"Home","item":"https:\/\/vosgesinfo.fr\/saintdieinfo\/"},{"@type":"ListItem","position":2,"name":"La Stivalienne F\u00e9licia Vogelweith pr\u00eate main forte \u00e0 Mayotte"}]},{"@type":"WebSite","@id":"https:\/\/vosgesinfo.fr\/saintdieinfo\/#website","url":"https:\/\/vosgesinfo.fr\/saintdieinfo\/","name":"Saint Die Info","description":"Toute l&#039;actualit\u00e9 de Saint-Di\u00e9-Des-Vosges","publisher":{"@id":"https:\/\/vosgesinfo.fr\/saintdieinfo\/#organization"},"alternateName":"Toute l'actualit\u00e9 de Saint-Di\u00e9-Des-Vosges","potentialAction":[{"@type":"SearchAction","target":{"@type":"EntryPoint","urlTemplate":"https:\/\/vosgesinfo.fr\/saintdieinfo\/?s={search_term_string}"},"query-input":"required name=search_term_string"}],"inLanguage":"fr-FR"},{"@type":"Organization","@id":"https:\/\/vosgesinfo.fr\/saintdieinfo\/#organization","name":"Saint Die Info","url":"https:\/\/vosgesinfo.fr\/saintdieinfo\/","logo":{"@type":"ImageObject","inLanguage":"fr-FR","@id":"https:\/\/vosgesinfo.fr\/saintdieinfo\/#\/schema\/logo\/image\/","url":"https:\/\/vosgesinfo.fr\/app\/uploads\/sites\/4\/2024\/02\/logo-sdi.jpg","contentUrl":"https:\/\/vosgesinfo.fr\/app\/uploads\/sites\/4\/2024\/02\/logo-sdi.jpg","width":600,"height":600,"caption":"Saint Die Info"},"image":{"@id":"https:\/\/vosgesinfo.fr\/saintdieinfo\/#\/schema\/logo\/image\/"},"sameAs":["https:\/\/www.facebook.com\/Saintdieinfofr","https:\/\/x.com\/VosgesInfo88","https:\/\/www.youtube.com\/@vosgesinfo"]},{"@type":"Person","@id":"https:\/\/vosgesinfo.fr\/saintdieinfo\/#\/schema\/person\/fa73e9f726d67bb88f46d5b7943cb572","name":"J.J.","image":{"@type":"ImageObject","inLanguage":"fr-FR","@id":"https:\/\/vosgesinfo.fr\/saintdieinfo\/#\/schema\/person\/image\/","url":"https:\/\/secure.gravatar.com\/avatar\/219e749e47ffbcca018a360ae4add7d4cdf1cdaaf8bc7676b27efade3fe65615?s=96&d=mm&r=g","contentUrl":"https:\/\/secure.gravatar.com\/avatar\/219e749e47ffbcca018a360ae4add7d4cdf1cdaaf8bc7676b27efade3fe65615?s=96&d=mm&r=g","caption":"J.J."},"url":"https:\/\/vosgesinfo.fr\/saintdieinfo\/author\/j-j\/"}]}},"_links":{"self":[{"href":"https:\/\/vosgesinfo.fr\/saintdieinfo\/wp-json\/wp\/v2\/posts\/73682","targetHints":{"allow":["GET"]}}],"collection":[{"href":"https:\/\/vosgesinfo.fr\/saintdieinfo\/wp-json\/wp\/v2\/posts"}],"about":[{"href":"https:\/\/vosgesinfo.fr\/saintdieinfo\/wp-json\/wp\/v2\/types\/post"}],"author":[{"embeddable":true,"href":"https:\/\/vosgesinfo.fr\/saintdieinfo\/wp-json\/wp\/v2\/users\/46"}],"replies":[{"embeddable":true,"href":"https:\/\/vosgesinfo.fr\/saintdieinfo\/wp-json\/wp\/v2\/comments?post=73682"}],"version-history":[{"count":1,"href":"https:\/\/vosgesinfo.fr\/saintdieinfo\/wp-json\/wp\/v2\/posts\/73682\/revisions"}],"predecessor-version":[{"id":73690,"href":"https:\/\/vosgesinfo.fr\/saintdieinfo\/wp-json\/wp\/v2\/posts\/73682\/revisions\/73690"}],"wp:featuredmedia":[{"embeddable":true,"href":"https:\/\/vosgesinfo.fr\/saintdieinfo\/wp-json\/wp\/v2\/media\/73689"}],"wp:attachment":[{"href":"https:\/\/vosgesinfo.fr\/saintdieinfo\/wp-json\/wp\/v2\/media?parent=73682"}],"wp:term":[{"taxonomy":"category","embeddable":true,"href":"https:\/\/vosgesinfo.fr\/saintdieinfo\/wp-json\/wp\/v2\/categories?post=73682"},{"taxonomy":"post_tag","embeddable":true,"href":"https:\/\/vosgesinfo.fr\/saintdieinfo\/wp-json\/wp\/v2\/tags?post=73682"}],"curies":[{"name":"wp","href":"https:\/\/api.w.org\/{rel}","templated":true}]}}