{"id":73763,"date":"2025-02-07T13:05:38","date_gmt":"2025-02-07T12:05:38","guid":{"rendered":"https:\/\/vosgesinfo.fr\/saintdieinfo\/?p=73763"},"modified":"2025-02-07T12:54:08","modified_gmt":"2025-02-07T11:54:08","slug":"rallye-du-sang-quel-etablissement-deodatien-remportera-la-deuxieme-edition","status":"publish","type":"post","link":"https:\/\/vosgesinfo.fr\/saintdieinfo\/2025\/02\/rallye-du-sang-quel-etablissement-deodatien-remportera-la-deuxieme-edition\/","title":{"rendered":"Rallye du Sang : quel \u00e9tablissement d\u00e9odatien remportera la deuxi\u00e8me \u00e9dition ?"},"content":{"rendered":"<div id=\"attachment_33494\" style=\"width: 1034px\" class=\"wp-caption alignnone\"><a href=\"https:\/\/vosgesinfo.fr\/app\/uploads\/sites\/4\/2024\/05\/remise-prix-rallye-du-sang-3-scaled.jpg\"><img decoding=\"async\" aria-describedby=\"caption-attachment-33494\" class=\"wp-image-33494 size-large\" src=\"https:\/\/vosgesinfo.fr\/app\/uploads\/sites\/4\/2024\/05\/remise-prix-rallye-du-sang-3-1024x771.jpg\" alt=\"\" width=\"1024\" height=\"771\" srcset=\"https:\/\/vosgesinfo.fr\/app\/uploads\/sites\/4\/2024\/05\/remise-prix-rallye-du-sang-3-1024x771.jpg 1024w, https:\/\/vosgesinfo.fr\/app\/uploads\/sites\/4\/2024\/05\/remise-prix-rallye-du-sang-3-300x226.jpg 300w, https:\/\/vosgesinfo.fr\/app\/uploads\/sites\/4\/2024\/05\/remise-prix-rallye-du-sang-3-768x578.jpg 768w, https:\/\/vosgesinfo.fr\/app\/uploads\/sites\/4\/2024\/05\/remise-prix-rallye-du-sang-3-1536x1157.jpg 1536w, https:\/\/vosgesinfo.fr\/app\/uploads\/sites\/4\/2024\/05\/remise-prix-rallye-du-sang-3-2048x1542.jpg 2048w\" sizes=\"(max-width: 1024px) 100vw, 1024px\" \/><\/a><p id=\"caption-attachment-33494\" class=\"wp-caption-text\">La remise des troph\u00e9es du premier Rallye du Sang. (Archive)<\/p><\/div>\n<h2>Durant les <strong>collectes mobiles de sang<\/strong> des mois de <strong>f\u00e9vrier, mars et avril<\/strong> \u00e0 <strong>Saint-Di\u00e9-des-Vosges<\/strong>, les <strong>\u00e9tudiants<\/strong> de la ville sont invit\u00e9s \u00e0 se mobiliser lors de la <strong>deuxi\u00e8me \u00e9dition du Rallye du Sang<\/strong>.<\/h2>\n<p><!--more--><\/p>\n<h3><strong>Un challenge inter-\u00e9tablissements<\/strong><\/h3>\n<p>Cette action, \u00e0 l&rsquo;initiative de l&rsquo;<strong>\u00c9tablissement Fran\u00e7ais du Sang (EFS) \u2013 Grand Est<\/strong>, men\u00e9e en partenariat avec l&rsquo;<strong>amicale locale des Donneurs de Sang b\u00e9n\u00e9voles<\/strong>, est un <strong>challenge inter-\u00e9tablissements<\/strong>. L&rsquo;objectif est de <strong>mobiliser un maximum de donneurs<\/strong>, avec, au terme des <strong>trois collectes<\/strong>, un <strong>troph\u00e9e pour l&rsquo;\u00e9cole gagnante<\/strong>. En <strong>2024<\/strong>, c&rsquo;est l&rsquo;\u00e9tablissement <strong>Beau-Jardin\/La Providence<\/strong> qui avait remport\u00e9 le <strong>Rallye du Sang<\/strong>.<\/p>\n<h3><strong>Dates et lieux des collectes<\/strong><\/h3>\n<p>Les <strong>collectes concern\u00e9es<\/strong> sont celles du <strong>lundi 10 f\u00e9vrier<\/strong> \u00e0 l&rsquo;<strong>Espace Fran\u00e7ois-Mitterrand<\/strong>, ainsi que des <strong>mardis 4 mars et 1er avril<\/strong> \u00e0 la <strong>salle Carbonnar<\/strong>. Dans les trois cas, les horaires des collectes sont de <strong>9 h \u00e0 13 h<\/strong>, puis de <strong>15 h 30 \u00e0 19 h 30<\/strong>.<\/p>\n<h3><strong>Prendre rendez-vous<\/strong><\/h3>\n<p>Pour <strong>prendre rendez-vous<\/strong>, non obligatoire mais recommand\u00e9 : <strong><a href=\"https:\/\/dondesang.efs.sante.fr\/trouver-une-collecte?ville=ST%20DIE%20DES%20VOSGES\" target=\"_blank\" rel=\"noopener\">dondesang.efs.sante.fr<\/a><\/strong> ou l&rsquo;appli <strong>\u00ab Don de sang \u00bb<\/strong>.<\/p>\n<p>J.J.<\/p>\n","protected":false},"excerpt":{"rendered":"<p>Durant les collectes mobiles de sang des mois de f\u00e9vrier, mars et avril \u00e0 Saint-Di\u00e9-des-Vosges, les \u00e9tudiants de la ville [&hellip;]<\/p>\n","protected":false},"author":46,"featured_media":33494,"comment_status":"open","ping_status":"open","sticky":false,"template":"","format":"standard","meta":{"footnotes":""},"categories":[460,6,2915,4152,29,17],"tags":[3195,16109,3196],"class_list":["post-73763","post","type-post","status-publish","format-standard","has-post-thumbnail","hentry","category-a-la-une","category-education","category-saint-die-son-canton","category-sante","category-solidarite","category-vie-associative","tag-amicale-des-donneurs-de-sang-benevoles-de-saint-die-des-vosges","tag-deuxieme-rallye-du-sang","tag-efs-grand-est"],"acf":[],"yoast_head":"<!-- This site is optimized with the Yoast SEO plugin v22.5 - https:\/\/yoast.com\/wordpress\/plugins\/seo\/ -->\n<title>Rallye du Sang : quel \u00e9tablissement d\u00e9odatien remportera la deuxi\u00e8me \u00e9dition ? - Saint Die Info<\/title>\n<meta name=\"robots\" content=\"index, follow, max-snippet:-1, max-image-preview:large, max-video-preview:-1\" \/>\n<link rel=\"canonical\" href=\"https:\/\/vosgesinfo.fr\/saintdieinfo\/2025\/02\/rallye-du-sang-quel-etablissement-deodatien-remportera-la-deuxieme-edition\/\" \/>\n<meta name=\"twitter:card\" content=\"summary_large_image\" \/>\n<meta name=\"twitter:title\" content=\"Rallye du Sang : quel \u00e9tablissement d\u00e9odatien remportera la deuxi\u00e8me \u00e9dition ? - Saint Die Info\" \/>\n<meta name=\"twitter:description\" content=\"Durant les collectes mobiles de sang des mois de f\u00e9vrier, mars et avril \u00e0 Saint-Di\u00e9-des-Vosges, les \u00e9tudiants de la ville [&hellip;]\" \/>\n<meta name=\"twitter:image\" content=\"https:\/\/vosgesinfo.fr\/app\/uploads\/sites\/4\/2024\/05\/remise-prix-rallye-du-sang-3-scaled.jpg\" \/>\n<meta name=\"twitter:creator\" content=\"@VosgesInfo88\" \/>\n<meta name=\"twitter:site\" content=\"@VosgesInfo88\" \/>\n<meta name=\"twitter:label1\" content=\"\u00c9crit par\" \/>\n\t<meta name=\"twitter:data1\" content=\"J.J.\" \/>\n\t<meta name=\"twitter:label2\" content=\"Dur\u00e9e de lecture estim\u00e9e\" \/>\n\t<meta name=\"twitter:data2\" content=\"1 minute\" \/>\n<script type=\"application\/ld+json\" class=\"yoast-schema-graph\">{\"@context\":\"https:\/\/schema.org\",\"@graph\":[{\"@type\":\"Article\",\"@id\":\"https:\/\/vosgesinfo.fr\/saintdieinfo\/2025\/02\/rallye-du-sang-quel-etablissement-deodatien-remportera-la-deuxieme-edition\/#article\",\"isPartOf\":{\"@id\":\"https:\/\/vosgesinfo.fr\/saintdieinfo\/2025\/02\/rallye-du-sang-quel-etablissement-deodatien-remportera-la-deuxieme-edition\/\"},\"author\":{\"name\":\"J.J.\",\"@id\":\"https:\/\/vosgesinfo.fr\/saintdieinfo\/#\/schema\/person\/fa73e9f726d67bb88f46d5b7943cb572\"},\"headline\":\"Rallye du Sang : quel \u00e9tablissement d\u00e9odatien remportera la deuxi\u00e8me \u00e9dition ?\",\"datePublished\":\"2025-02-07T12:05:38+00:00\",\"dateModified\":\"2025-02-07T11:54:08+00:00\",\"mainEntityOfPage\":{\"@id\":\"https:\/\/vosgesinfo.fr\/saintdieinfo\/2025\/02\/rallye-du-sang-quel-etablissement-deodatien-remportera-la-deuxieme-edition\/\"},\"wordCount\":208,\"commentCount\":0,\"publisher\":{\"@id\":\"https:\/\/vosgesinfo.fr\/saintdieinfo\/#organization\"},\"image\":{\"@id\":\"https:\/\/vosgesinfo.fr\/saintdieinfo\/2025\/02\/rallye-du-sang-quel-etablissement-deodatien-remportera-la-deuxieme-edition\/#primaryimage\"},\"thumbnailUrl\":\"https:\/\/vosgesinfo.fr\/app\/uploads\/sites\/4\/2024\/05\/remise-prix-rallye-du-sang-3-scaled.jpg\",\"keywords\":[\"Amicale des Donneurs de Sang b\u00e9n\u00e9voles de Saint-Di\u00e9-des-Vosges\",\"Deuxi\u00e8me Rallye du Sang\",\"EFS Grand Est\"],\"articleSection\":[\"A la Une\",\"\u00c9ducation\",\"Saint-Di\u00e9-des-Vosges et son Agglom\u00e9ration\",\"Sant\u00e9\",\"Solidarit\u00e9\",\"Vie Associative\"],\"inLanguage\":\"fr-FR\",\"potentialAction\":[{\"@type\":\"CommentAction\",\"name\":\"Comment\",\"target\":[\"https:\/\/vosgesinfo.fr\/saintdieinfo\/2025\/02\/rallye-du-sang-quel-etablissement-deodatien-remportera-la-deuxieme-edition\/#respond\"]}]},{\"@type\":\"WebPage\",\"@id\":\"https:\/\/vosgesinfo.fr\/saintdieinfo\/2025\/02\/rallye-du-sang-quel-etablissement-deodatien-remportera-la-deuxieme-edition\/\",\"url\":\"https:\/\/vosgesinfo.fr\/saintdieinfo\/2025\/02\/rallye-du-sang-quel-etablissement-deodatien-remportera-la-deuxieme-edition\/\",\"name\":\"Rallye du Sang : quel \u00e9tablissement d\u00e9odatien remportera la deuxi\u00e8me \u00e9dition ? - Saint Die Info\",\"isPartOf\":{\"@id\":\"https:\/\/vosgesinfo.fr\/saintdieinfo\/#website\"},\"primaryImageOfPage\":{\"@id\":\"https:\/\/vosgesinfo.fr\/saintdieinfo\/2025\/02\/rallye-du-sang-quel-etablissement-deodatien-remportera-la-deuxieme-edition\/#primaryimage\"},\"image\":{\"@id\":\"https:\/\/vosgesinfo.fr\/saintdieinfo\/2025\/02\/rallye-du-sang-quel-etablissement-deodatien-remportera-la-deuxieme-edition\/#primaryimage\"},\"thumbnailUrl\":\"https:\/\/vosgesinfo.fr\/app\/uploads\/sites\/4\/2024\/05\/remise-prix-rallye-du-sang-3-scaled.jpg\",\"datePublished\":\"2025-02-07T12:05:38+00:00\",\"dateModified\":\"2025-02-07T11:54:08+00:00\",\"breadcrumb\":{\"@id\":\"https:\/\/vosgesinfo.fr\/saintdieinfo\/2025\/02\/rallye-du-sang-quel-etablissement-deodatien-remportera-la-deuxieme-edition\/#breadcrumb\"},\"inLanguage\":\"fr-FR\",\"potentialAction\":[{\"@type\":\"ReadAction\",\"target\":[\"https:\/\/vosgesinfo.fr\/saintdieinfo\/2025\/02\/rallye-du-sang-quel-etablissement-deodatien-remportera-la-deuxieme-edition\/\"]}]},{\"@type\":\"ImageObject\",\"inLanguage\":\"fr-FR\",\"@id\":\"https:\/\/vosgesinfo.fr\/saintdieinfo\/2025\/02\/rallye-du-sang-quel-etablissement-deodatien-remportera-la-deuxieme-edition\/#primaryimage\",\"url\":\"https:\/\/vosgesinfo.fr\/app\/uploads\/sites\/4\/2024\/05\/remise-prix-rallye-du-sang-3-scaled.jpg\",\"contentUrl\":\"https:\/\/vosgesinfo.fr\/app\/uploads\/sites\/4\/2024\/05\/remise-prix-rallye-du-sang-3-scaled.jpg\",\"width\":2560,\"height\":1928},{\"@type\":\"BreadcrumbList\",\"@id\":\"https:\/\/vosgesinfo.fr\/saintdieinfo\/2025\/02\/rallye-du-sang-quel-etablissement-deodatien-remportera-la-deuxieme-edition\/#breadcrumb\",\"itemListElement\":[{\"@type\":\"ListItem\",\"position\":1,\"name\":\"Home\",\"item\":\"https:\/\/vosgesinfo.fr\/saintdieinfo\/\"},{\"@type\":\"ListItem\",\"position\":2,\"name\":\"Rallye du Sang : quel \u00e9tablissement d\u00e9odatien remportera la deuxi\u00e8me \u00e9dition ?\"}]},{\"@type\":\"WebSite\",\"@id\":\"https:\/\/vosgesinfo.fr\/saintdieinfo\/#website\",\"url\":\"https:\/\/vosgesinfo.fr\/saintdieinfo\/\",\"name\":\"Saint Die Info\",\"description\":\"Toute l&#039;actualit\u00e9 de Saint-Di\u00e9-Des-Vosges\",\"publisher\":{\"@id\":\"https:\/\/vosgesinfo.fr\/saintdieinfo\/#organization\"},\"alternateName\":\"Toute l'actualit\u00e9 de Saint-Di\u00e9-Des-Vosges\",\"potentialAction\":[{\"@type\":\"SearchAction\",\"target\":{\"@type\":\"EntryPoint\",\"urlTemplate\":\"https:\/\/vosgesinfo.fr\/saintdieinfo\/?s={search_term_string}\"},\"query-input\":\"required name=search_term_string\"}],\"inLanguage\":\"fr-FR\"},{\"@type\":\"Organization\",\"@id\":\"https:\/\/vosgesinfo.fr\/saintdieinfo\/#organization\",\"name\":\"Saint Die Info\",\"url\":\"https:\/\/vosgesinfo.fr\/saintdieinfo\/\",\"logo\":{\"@type\":\"ImageObject\",\"inLanguage\":\"fr-FR\",\"@id\":\"https:\/\/vosgesinfo.fr\/saintdieinfo\/#\/schema\/logo\/image\/\",\"url\":\"https:\/\/vosgesinfo.fr\/app\/uploads\/sites\/4\/2024\/02\/logo-sdi.jpg\",\"contentUrl\":\"https:\/\/vosgesinfo.fr\/app\/uploads\/sites\/4\/2024\/02\/logo-sdi.jpg\",\"width\":600,\"height\":600,\"caption\":\"Saint Die Info\"},\"image\":{\"@id\":\"https:\/\/vosgesinfo.fr\/saintdieinfo\/#\/schema\/logo\/image\/\"},\"sameAs\":[\"https:\/\/www.facebook.com\/Saintdieinfofr\",\"https:\/\/x.com\/VosgesInfo88\",\"https:\/\/www.youtube.com\/@vosgesinfo\"]},{\"@type\":\"Person\",\"@id\":\"https:\/\/vosgesinfo.fr\/saintdieinfo\/#\/schema\/person\/fa73e9f726d67bb88f46d5b7943cb572\",\"name\":\"J.J.\",\"image\":{\"@type\":\"ImageObject\",\"inLanguage\":\"fr-FR\",\"@id\":\"https:\/\/vosgesinfo.fr\/saintdieinfo\/#\/schema\/person\/image\/\",\"url\":\"https:\/\/secure.gravatar.com\/avatar\/219e749e47ffbcca018a360ae4add7d4cdf1cdaaf8bc7676b27efade3fe65615?s=96&d=mm&r=g\",\"contentUrl\":\"https:\/\/secure.gravatar.com\/avatar\/219e749e47ffbcca018a360ae4add7d4cdf1cdaaf8bc7676b27efade3fe65615?s=96&d=mm&r=g\",\"caption\":\"J.J.\"},\"url\":\"https:\/\/vosgesinfo.fr\/saintdieinfo\/author\/j-j\/\"}]}<\/script>\n<!-- \/ Yoast SEO plugin. -->","yoast_head_json":{"title":"Rallye du Sang : quel \u00e9tablissement d\u00e9odatien remportera la deuxi\u00e8me \u00e9dition ? - Saint Die Info","robots":{"index":"index","follow":"follow","max-snippet":"max-snippet:-1","max-image-preview":"max-image-preview:large","max-video-preview":"max-video-preview:-1"},"canonical":"https:\/\/vosgesinfo.fr\/saintdieinfo\/2025\/02\/rallye-du-sang-quel-etablissement-deodatien-remportera-la-deuxieme-edition\/","twitter_card":"summary_large_image","twitter_title":"Rallye du Sang : quel \u00e9tablissement d\u00e9odatien remportera la deuxi\u00e8me \u00e9dition ? - Saint Die Info","twitter_description":"Durant les collectes mobiles de sang des mois de f\u00e9vrier, mars et avril \u00e0 Saint-Di\u00e9-des-Vosges, les \u00e9tudiants de la ville [&hellip;]","twitter_image":"https:\/\/vosgesinfo.fr\/app\/uploads\/sites\/4\/2024\/05\/remise-prix-rallye-du-sang-3-scaled.jpg","twitter_creator":"@VosgesInfo88","twitter_site":"@VosgesInfo88","twitter_misc":{"\u00c9crit par":"J.J.","Dur\u00e9e de lecture estim\u00e9e":"1 minute"},"schema":{"@context":"https:\/\/schema.org","@graph":[{"@type":"Article","@id":"https:\/\/vosgesinfo.fr\/saintdieinfo\/2025\/02\/rallye-du-sang-quel-etablissement-deodatien-remportera-la-deuxieme-edition\/#article","isPartOf":{"@id":"https:\/\/vosgesinfo.fr\/saintdieinfo\/2025\/02\/rallye-du-sang-quel-etablissement-deodatien-remportera-la-deuxieme-edition\/"},"author":{"name":"J.J.","@id":"https:\/\/vosgesinfo.fr\/saintdieinfo\/#\/schema\/person\/fa73e9f726d67bb88f46d5b7943cb572"},"headline":"Rallye du Sang : quel \u00e9tablissement d\u00e9odatien remportera la deuxi\u00e8me \u00e9dition ?","datePublished":"2025-02-07T12:05:38+00:00","dateModified":"2025-02-07T11:54:08+00:00","mainEntityOfPage":{"@id":"https:\/\/vosgesinfo.fr\/saintdieinfo\/2025\/02\/rallye-du-sang-quel-etablissement-deodatien-remportera-la-deuxieme-edition\/"},"wordCount":208,"commentCount":0,"publisher":{"@id":"https:\/\/vosgesinfo.fr\/saintdieinfo\/#organization"},"image":{"@id":"https:\/\/vosgesinfo.fr\/saintdieinfo\/2025\/02\/rallye-du-sang-quel-etablissement-deodatien-remportera-la-deuxieme-edition\/#primaryimage"},"thumbnailUrl":"https:\/\/vosgesinfo.fr\/app\/uploads\/sites\/4\/2024\/05\/remise-prix-rallye-du-sang-3-scaled.jpg","keywords":["Amicale des Donneurs de Sang b\u00e9n\u00e9voles de Saint-Di\u00e9-des-Vosges","Deuxi\u00e8me Rallye du Sang","EFS Grand Est"],"articleSection":["A la Une","\u00c9ducation","Saint-Di\u00e9-des-Vosges et son Agglom\u00e9ration","Sant\u00e9","Solidarit\u00e9","Vie Associative"],"inLanguage":"fr-FR","potentialAction":[{"@type":"CommentAction","name":"Comment","target":["https:\/\/vosgesinfo.fr\/saintdieinfo\/2025\/02\/rallye-du-sang-quel-etablissement-deodatien-remportera-la-deuxieme-edition\/#respond"]}]},{"@type":"WebPage","@id":"https:\/\/vosgesinfo.fr\/saintdieinfo\/2025\/02\/rallye-du-sang-quel-etablissement-deodatien-remportera-la-deuxieme-edition\/","url":"https:\/\/vosgesinfo.fr\/saintdieinfo\/2025\/02\/rallye-du-sang-quel-etablissement-deodatien-remportera-la-deuxieme-edition\/","name":"Rallye du Sang : quel \u00e9tablissement d\u00e9odatien remportera la deuxi\u00e8me \u00e9dition ? - Saint Die Info","isPartOf":{"@id":"https:\/\/vosgesinfo.fr\/saintdieinfo\/#website"},"primaryImageOfPage":{"@id":"https:\/\/vosgesinfo.fr\/saintdieinfo\/2025\/02\/rallye-du-sang-quel-etablissement-deodatien-remportera-la-deuxieme-edition\/#primaryimage"},"image":{"@id":"https:\/\/vosgesinfo.fr\/saintdieinfo\/2025\/02\/rallye-du-sang-quel-etablissement-deodatien-remportera-la-deuxieme-edition\/#primaryimage"},"thumbnailUrl":"https:\/\/vosgesinfo.fr\/app\/uploads\/sites\/4\/2024\/05\/remise-prix-rallye-du-sang-3-scaled.jpg","datePublished":"2025-02-07T12:05:38+00:00","dateModified":"2025-02-07T11:54:08+00:00","breadcrumb":{"@id":"https:\/\/vosgesinfo.fr\/saintdieinfo\/2025\/02\/rallye-du-sang-quel-etablissement-deodatien-remportera-la-deuxieme-edition\/#breadcrumb"},"inLanguage":"fr-FR","potentialAction":[{"@type":"ReadAction","target":["https:\/\/vosgesinfo.fr\/saintdieinfo\/2025\/02\/rallye-du-sang-quel-etablissement-deodatien-remportera-la-deuxieme-edition\/"]}]},{"@type":"ImageObject","inLanguage":"fr-FR","@id":"https:\/\/vosgesinfo.fr\/saintdieinfo\/2025\/02\/rallye-du-sang-quel-etablissement-deodatien-remportera-la-deuxieme-edition\/#primaryimage","url":"https:\/\/vosgesinfo.fr\/app\/uploads\/sites\/4\/2024\/05\/remise-prix-rallye-du-sang-3-scaled.jpg","contentUrl":"https:\/\/vosgesinfo.fr\/app\/uploads\/sites\/4\/2024\/05\/remise-prix-rallye-du-sang-3-scaled.jpg","width":2560,"height":1928},{"@type":"BreadcrumbList","@id":"https:\/\/vosgesinfo.fr\/saintdieinfo\/2025\/02\/rallye-du-sang-quel-etablissement-deodatien-remportera-la-deuxieme-edition\/#breadcrumb","itemListElement":[{"@type":"ListItem","position":1,"name":"Home","item":"https:\/\/vosgesinfo.fr\/saintdieinfo\/"},{"@type":"ListItem","position":2,"name":"Rallye du Sang : quel \u00e9tablissement d\u00e9odatien remportera la deuxi\u00e8me \u00e9dition ?"}]},{"@type":"WebSite","@id":"https:\/\/vosgesinfo.fr\/saintdieinfo\/#website","url":"https:\/\/vosgesinfo.fr\/saintdieinfo\/","name":"Saint Die Info","description":"Toute l&#039;actualit\u00e9 de Saint-Di\u00e9-Des-Vosges","publisher":{"@id":"https:\/\/vosgesinfo.fr\/saintdieinfo\/#organization"},"alternateName":"Toute l'actualit\u00e9 de Saint-Di\u00e9-Des-Vosges","potentialAction":[{"@type":"SearchAction","target":{"@type":"EntryPoint","urlTemplate":"https:\/\/vosgesinfo.fr\/saintdieinfo\/?s={search_term_string}"},"query-input":"required name=search_term_string"}],"inLanguage":"fr-FR"},{"@type":"Organization","@id":"https:\/\/vosgesinfo.fr\/saintdieinfo\/#organization","name":"Saint Die Info","url":"https:\/\/vosgesinfo.fr\/saintdieinfo\/","logo":{"@type":"ImageObject","inLanguage":"fr-FR","@id":"https:\/\/vosgesinfo.fr\/saintdieinfo\/#\/schema\/logo\/image\/","url":"https:\/\/vosgesinfo.fr\/app\/uploads\/sites\/4\/2024\/02\/logo-sdi.jpg","contentUrl":"https:\/\/vosgesinfo.fr\/app\/uploads\/sites\/4\/2024\/02\/logo-sdi.jpg","width":600,"height":600,"caption":"Saint Die Info"},"image":{"@id":"https:\/\/vosgesinfo.fr\/saintdieinfo\/#\/schema\/logo\/image\/"},"sameAs":["https:\/\/www.facebook.com\/Saintdieinfofr","https:\/\/x.com\/VosgesInfo88","https:\/\/www.youtube.com\/@vosgesinfo"]},{"@type":"Person","@id":"https:\/\/vosgesinfo.fr\/saintdieinfo\/#\/schema\/person\/fa73e9f726d67bb88f46d5b7943cb572","name":"J.J.","image":{"@type":"ImageObject","inLanguage":"fr-FR","@id":"https:\/\/vosgesinfo.fr\/saintdieinfo\/#\/schema\/person\/image\/","url":"https:\/\/secure.gravatar.com\/avatar\/219e749e47ffbcca018a360ae4add7d4cdf1cdaaf8bc7676b27efade3fe65615?s=96&d=mm&r=g","contentUrl":"https:\/\/secure.gravatar.com\/avatar\/219e749e47ffbcca018a360ae4add7d4cdf1cdaaf8bc7676b27efade3fe65615?s=96&d=mm&r=g","caption":"J.J."},"url":"https:\/\/vosgesinfo.fr\/saintdieinfo\/author\/j-j\/"}]}},"_links":{"self":[{"href":"https:\/\/vosgesinfo.fr\/saintdieinfo\/wp-json\/wp\/v2\/posts\/73763","targetHints":{"allow":["GET"]}}],"collection":[{"href":"https:\/\/vosgesinfo.fr\/saintdieinfo\/wp-json\/wp\/v2\/posts"}],"about":[{"href":"https:\/\/vosgesinfo.fr\/saintdieinfo\/wp-json\/wp\/v2\/types\/post"}],"author":[{"embeddable":true,"href":"https:\/\/vosgesinfo.fr\/saintdieinfo\/wp-json\/wp\/v2\/users\/46"}],"replies":[{"embeddable":true,"href":"https:\/\/vosgesinfo.fr\/saintdieinfo\/wp-json\/wp\/v2\/comments?post=73763"}],"version-history":[{"count":2,"href":"https:\/\/vosgesinfo.fr\/saintdieinfo\/wp-json\/wp\/v2\/posts\/73763\/revisions"}],"predecessor-version":[{"id":73765,"href":"https:\/\/vosgesinfo.fr\/saintdieinfo\/wp-json\/wp\/v2\/posts\/73763\/revisions\/73765"}],"wp:featuredmedia":[{"embeddable":true,"href":"https:\/\/vosgesinfo.fr\/saintdieinfo\/wp-json\/wp\/v2\/media\/33494"}],"wp:attachment":[{"href":"https:\/\/vosgesinfo.fr\/saintdieinfo\/wp-json\/wp\/v2\/media?parent=73763"}],"wp:term":[{"taxonomy":"category","embeddable":true,"href":"https:\/\/vosgesinfo.fr\/saintdieinfo\/wp-json\/wp\/v2\/categories?post=73763"},{"taxonomy":"post_tag","embeddable":true,"href":"https:\/\/vosgesinfo.fr\/saintdieinfo\/wp-json\/wp\/v2\/tags?post=73763"}],"curies":[{"name":"wp","href":"https:\/\/api.w.org\/{rel}","templated":true}]}}